{"id":37710,"date":"2024-04-16T11:37:47","date_gmt":"2024-04-16T10:37:47","guid":{"rendered":"https:\/\/algarve7.pt\/?p=37710"},"modified":"2024-04-16T11:37:48","modified_gmt":"2024-04-16T10:37:48","slug":"martim-longo-vai-ter-rede-de-abastecimento-de-agua-renovada","status":"publish","type":"post","link":"https:\/\/algarve7.pt\/index.php\/2024\/04\/martim-longo-vai-ter-rede-de-abastecimento-de-agua-renovada\/atualidade\/11\/37\/","title":{"rendered":"Martim Longo vai ter rede de abastecimento de \u00e1gua renovada"},"content":{"rendered":"\n<p>A Rede de Abastecimento de \u00c1gua de Martim Longo vai ser sujeita a obras de renova\u00e7\u00e3o parcial financiadas no \u00e2mbito do Plano de Recupera\u00e7\u00e3o e Resili\u00eancia (PRR). Com um investimento eleg\u00edvel de 1.043.187,79 euros e uma taxa de financiamento de cem por cento, a opera\u00e7\u00e3o foi aprovada em 6 de mar\u00e7o de 2024 e o termo de aceita\u00e7\u00e3o foi assinado ontem, 15 de abril de 2024, prevendo-se a sua conclus\u00e3o at\u00e9 31 de dezembro de 2025.<\/p>\n\n\n\n<p>A obra visa a renova\u00e7\u00e3o e reabilita\u00e7\u00e3o de infraestruturas degradadas ou tecnicamente deficientes da rede de abastecimento de \u00e1gua de Martim Longo, nomeadamente condutas de distribui\u00e7\u00e3o e respetivos acess\u00f3rios. Trata-se de uma \u00e1rea de rede potencialmente problem\u00e1tica em termos de perdas de \u00e1gua, em fibrocimento e com mais de 40 anos, a necessitar de interven\u00e7\u00e3o priorit\u00e1ria. Nesta interven\u00e7\u00e3o ser\u00e1 executada a renova\u00e7\u00e3o de parte da rede de abastecimento de \u00e1gua \u00e0 aldeia de Martim Longo, com a constru\u00e7\u00e3o da rede de abastecimento de \u00e1gua, ser\u00e1 implantada com distribui\u00e7\u00e3o malhada, de modo a garantir uma maior fiabilidade do sistema, numa extens\u00e3o de 6300 metros. Com a concretiza\u00e7\u00e3o do investimento vamos ter uma redu\u00e7\u00e3o com perdas de \u00e1gua superior a 20.000m3\/ano.<\/p>\n\n\n\n<p>A opera\u00e7\u00e3o tem enquadramento no Plano de Recupera\u00e7\u00e3o e Resili\u00eancia, no investimento \u2013 RE \u2013 C09 \u2013 i01 \u2013 Plano Regional de Efici\u00eancia H\u00eddrica do Algarve, na medida SM1 \u2013 Reduzir Perdas de \u00c1gua no Setor Urbano, apoiado pelo fundo da Next Generation EU.<\/p>\n","protected":false},"excerpt":{"rendered":"<p>A Rede de Abastecimento de \u00c1gua de Martim Longo vai ser sujeita a obras de renova\u00e7\u00e3o parcial financiadas no \u00e2mbito<\/p>\n","protected":false},"author":1,"featured_media":37711,"comment_status":"closed","ping_status":"open","sticky":false,"template":"","format":"standard","meta":{"colormag_page_container_layout":"default_layout","colormag_page_sidebar_layout":"default_layout","_monsterinsights_skip_tracking":false,"_monsterinsights_sitenote_active":false,"_monsterinsights_sitenote_note":"","_monsterinsights_sitenote_category":0,"jetpack_post_was_ever_published":false,"_jetpack_newsletter_access":"","_jetpack_dont_email_post_to_subs":false,"_jetpack_newsletter_tier_id":0,"_jetpack_memberships_contains_paywalled_content":false,"_jetpack_memberships_contains_paid_content":false,"footnotes":"","jetpack_publicize_message":"","jetpack_publicize_feature_enabled":true,"jetpack_social_post_already_shared":false,"jetpack_social_options":{"image_generator_settings":{"template":"highway","default_image_id":0,"font":"","enabled":false},"version":2}},"categories":[11],"tags":[79,36,62,291],"class_list":["post-37710","post","type-post","status-publish","format-standard","has-post-thumbnail","hentry","category-atualidade","tag-alcoutim","tag-algarve","tag-atualidade","tag-martim-longo"],"yoast_head":"<!-- This site is optimized with the Yoast SEO plugin v27.4 - https:\/\/yoast.com\/product\/yoast-seo-wordpress\/ -->\n<title>Martim Longo vai ter rede de abastecimento de \u00e1gua renovada - Algarve 7<\/title>\n<meta name=\"description\" content=\"Martim Longo vai ter rede de abastecimento de \u00e1gua renovada Atualidade\" \/>\n<meta name=\"robots\" content=\"index, follow, max-snippet:-1, max-image-preview:large, max-video-preview:-1\" \/>\n<link rel=\"canonical\" href=\"https:\/\/algarve7.pt\/index.php\/2024\/04\/martim-longo-vai-ter-rede-de-abastecimento-de-agua-renovada\/atualidade\/11\/37\/\" \/>\n<meta property=\"og:locale\" content=\"pt_PT\" \/>\n<meta property=\"og:type\" content=\"article\" \/>\n<meta property=\"og:title\" content=\"Martim Longo vai ter rede de abastecimento de \u00e1gua renovada - Algarve 7\" \/>\n<meta property=\"og:description\" content=\"Martim Longo vai ter rede de abastecimento de \u00e1gua renovada Atualidade\" \/>\n<meta property=\"og:url\" content=\"https:\/\/algarve7.pt\/index.php\/2024\/04\/martim-longo-vai-ter-rede-de-abastecimento-de-agua-renovada\/atualidade\/11\/37\/\" \/>\n<meta property=\"og:site_name\" content=\"Algarve 7\" \/>\n<meta property=\"article:publisher\" content=\"https:\/\/www.facebook.com\/algarve7\" \/>\n<meta property=\"article:author\" content=\"https:\/\/www.facebook.com\/algarve7\" \/>\n<meta property=\"article:published_time\" content=\"2024-04-16T10:37:47+00:00\" \/>\n<meta property=\"article:modified_time\" content=\"2024-04-16T10:37:48+00:00\" \/>\n<meta property=\"og:image\" content=\"https:\/\/algarve7.pt\/wp-content\/uploads\/2024\/04\/Martinlongo.jpg\" \/>\n\t<meta property=\"og:image:width\" content=\"800\" \/>\n\t<meta property=\"og:image:height\" content=\"450\" \/>\n\t<meta property=\"og:image:type\" content=\"image\/jpeg\" \/>\n<meta name=\"author\" content=\"Algarve 7\" \/>\n<meta name=\"twitter:card\" content=\"summary_large_image\" \/>\n<meta name=\"twitter:creator\" content=\"@Algarvesete\" \/>\n<meta name=\"twitter:site\" content=\"@Algarvesete\" \/>\n<meta name=\"twitter:label1\" content=\"Escrito por\" \/>\n\t<meta name=\"twitter:data1\" content=\"Algarve 7\" \/>\n\t<meta name=\"twitter:label2\" content=\"Tempo estimado de leitura\" \/>\n\t<meta name=\"twitter:data2\" content=\"2 minutos\" \/>\n<script type=\"application\/ld+json\" class=\"yoast-schema-graph\">{\"@context\":\"https:\\\/\\\/schema.org\",\"@graph\":[{\"@type\":\"Article\",\"@id\":\"https:\\\/\\\/algarve7.pt\\\/index.php\\\/2024\\\/04\\\/martim-longo-vai-ter-rede-de-abastecimento-de-agua-renovada\\\/atualidade\\\/11\\\/37\\\/#article\",\"isPartOf\":{\"@id\":\"https:\\\/\\\/algarve7.pt\\\/index.php\\\/2024\\\/04\\\/martim-longo-vai-ter-rede-de-abastecimento-de-agua-renovada\\\/atualidade\\\/11\\\/37\\\/\"},\"author\":{\"name\":\"Algarve 7\",\"@id\":\"https:\\\/\\\/algarve7.pt\\\/#\\\/schema\\\/person\\\/23fa70681308e7b319a3204bcea45e0c\"},\"headline\":\"Martim Longo vai ter rede de abastecimento de \u00e1gua renovada\",\"datePublished\":\"2024-04-16T10:37:47+00:00\",\"dateModified\":\"2024-04-16T10:37:48+00:00\",\"mainEntityOfPage\":{\"@id\":\"https:\\\/\\\/algarve7.pt\\\/index.php\\\/2024\\\/04\\\/martim-longo-vai-ter-rede-de-abastecimento-de-agua-renovada\\\/atualidade\\\/11\\\/37\\\/\"},\"wordCount\":262,\"publisher\":{\"@id\":\"https:\\\/\\\/algarve7.pt\\\/#organization\"},\"image\":{\"@id\":\"https:\\\/\\\/algarve7.pt\\\/index.php\\\/2024\\\/04\\\/martim-longo-vai-ter-rede-de-abastecimento-de-agua-renovada\\\/atualidade\\\/11\\\/37\\\/#primaryimage\"},\"thumbnailUrl\":\"https:\\\/\\\/algarve7.pt\\\/wp-content\\\/uploads\\\/2024\\\/04\\\/Martinlongo.jpg\",\"keywords\":[\"Alcoutim\",\"Algarve\",\"Atualidade\",\"Martim Longo\"],\"articleSection\":[\"Atualidade\"],\"inLanguage\":\"pt-PT\"},{\"@type\":\"WebPage\",\"@id\":\"https:\\\/\\\/algarve7.pt\\\/index.php\\\/2024\\\/04\\\/martim-longo-vai-ter-rede-de-abastecimento-de-agua-renovada\\\/atualidade\\\/11\\\/37\\\/\",\"url\":\"https:\\\/\\\/algarve7.pt\\\/index.php\\\/2024\\\/04\\\/martim-longo-vai-ter-rede-de-abastecimento-de-agua-renovada\\\/atualidade\\\/11\\\/37\\\/\",\"name\":\"Martim Longo vai ter rede de abastecimento de \u00e1gua renovada - Algarve 7\",\"isPartOf\":{\"@id\":\"https:\\\/\\\/algarve7.pt\\\/#website\"},\"primaryImageOfPage\":{\"@id\":\"https:\\\/\\\/algarve7.pt\\\/index.php\\\/2024\\\/04\\\/martim-longo-vai-ter-rede-de-abastecimento-de-agua-renovada\\\/atualidade\\\/11\\\/37\\\/#primaryimage\"},\"image\":{\"@id\":\"https:\\\/\\\/algarve7.pt\\\/index.php\\\/2024\\\/04\\\/martim-longo-vai-ter-rede-de-abastecimento-de-agua-renovada\\\/atualidade\\\/11\\\/37\\\/#primaryimage\"},\"thumbnailUrl\":\"https:\\\/\\\/algarve7.pt\\\/wp-content\\\/uploads\\\/2024\\\/04\\\/Martinlongo.jpg\",\"datePublished\":\"2024-04-16T10:37:47+00:00\",\"dateModified\":\"2024-04-16T10:37:48+00:00\",\"description\":\"Martim Longo vai ter rede de abastecimento de \u00e1gua renovada Atualidade\",\"breadcrumb\":{\"@id\":\"https:\\\/\\\/algarve7.pt\\\/index.php\\\/2024\\\/04\\\/martim-longo-vai-ter-rede-de-abastecimento-de-agua-renovada\\\/atualidade\\\/11\\\/37\\\/#breadcrumb\"},\"inLanguage\":\"pt-PT\",\"potentialAction\":[{\"@type\":\"ReadAction\",\"target\":[\"https:\\\/\\\/algarve7.pt\\\/index.php\\\/2024\\\/04\\\/martim-longo-vai-ter-rede-de-abastecimento-de-agua-renovada\\\/atualidade\\\/11\\\/37\\\/\"]}]},{\"@type\":\"ImageObject\",\"inLanguage\":\"pt-PT\",\"@id\":\"https:\\\/\\\/algarve7.pt\\\/index.php\\\/2024\\\/04\\\/martim-longo-vai-ter-rede-de-abastecimento-de-agua-renovada\\\/atualidade\\\/11\\\/37\\\/#primaryimage\",\"url\":\"https:\\\/\\\/algarve7.pt\\\/wp-content\\\/uploads\\\/2024\\\/04\\\/Martinlongo.jpg\",\"contentUrl\":\"https:\\\/\\\/algarve7.pt\\\/wp-content\\\/uploads\\\/2024\\\/04\\\/Martinlongo.jpg\",\"width\":800,\"height\":450},{\"@type\":\"BreadcrumbList\",\"@id\":\"https:\\\/\\\/algarve7.pt\\\/index.php\\\/2024\\\/04\\\/martim-longo-vai-ter-rede-de-abastecimento-de-agua-renovada\\\/atualidade\\\/11\\\/37\\\/#breadcrumb\",\"itemListElement\":[{\"@type\":\"ListItem\",\"position\":1,\"name\":\"In\u00edcio\",\"item\":\"https:\\\/\\\/algarve7.pt\\\/\"},{\"@type\":\"ListItem\",\"position\":2,\"name\":\"Martim Longo vai ter rede de abastecimento de \u00e1gua renovada\"}]},{\"@type\":\"WebSite\",\"@id\":\"https:\\\/\\\/algarve7.pt\\\/#website\",\"url\":\"https:\\\/\\\/algarve7.pt\\\/\",\"name\":\"Algarve 7\",\"description\":\"Informa\u00e7\u00e3o sobre o Algarve\",\"publisher\":{\"@id\":\"https:\\\/\\\/algarve7.pt\\\/#organization\"},\"potentialAction\":[{\"@type\":\"SearchAction\",\"target\":{\"@type\":\"EntryPoint\",\"urlTemplate\":\"https:\\\/\\\/algarve7.pt\\\/?s={search_term_string}\"},\"query-input\":{\"@type\":\"PropertyValueSpecification\",\"valueRequired\":true,\"valueName\":\"search_term_string\"}}],\"inLanguage\":\"pt-PT\"},{\"@type\":\"Organization\",\"@id\":\"https:\\\/\\\/algarve7.pt\\\/#organization\",\"name\":\"Algarve 7\",\"url\":\"https:\\\/\\\/algarve7.pt\\\/\",\"logo\":{\"@type\":\"ImageObject\",\"inLanguage\":\"pt-PT\",\"@id\":\"https:\\\/\\\/algarve7.pt\\\/#\\\/schema\\\/logo\\\/image\\\/\",\"url\":\"https:\\\/\\\/algarve7.pt\\\/wp-content\\\/uploads\\\/2020\\\/10\\\/Logo-8.jpg\",\"contentUrl\":\"https:\\\/\\\/algarve7.pt\\\/wp-content\\\/uploads\\\/2020\\\/10\\\/Logo-8.jpg\",\"width\":1680,\"height\":1186,\"caption\":\"Algarve 7\"},\"image\":{\"@id\":\"https:\\\/\\\/algarve7.pt\\\/#\\\/schema\\\/logo\\\/image\\\/\"},\"sameAs\":[\"https:\\\/\\\/www.facebook.com\\\/algarve7\",\"https:\\\/\\\/x.com\\\/Algarvesete\",\"https:\\\/\\\/www.instagram.com\\\/jornalalgarve7\\\/\",\"https:\\\/\\\/www.linkedin.com\\\/company\\\/algarve7\",\"https:\\\/\\\/www.pinterest.pt\\\/geral0939\\\/_created\\\/\"]},{\"@type\":\"Person\",\"@id\":\"https:\\\/\\\/algarve7.pt\\\/#\\\/schema\\\/person\\\/23fa70681308e7b319a3204bcea45e0c\",\"name\":\"Algarve 7\",\"sameAs\":[\"https:\\\/\\\/algarve7.pt\",\"https:\\\/\\\/www.facebook.com\\\/algarve7\"],\"url\":\"https:\\\/\\\/algarve7.pt\\\/index.php\\\/author\\\/geralalgarve7-pt\\\/\"}]}<\/script>\n<!-- \/ Yoast SEO plugin. -->","yoast_head_json":{"title":"Martim Longo vai ter rede de abastecimento de \u00e1gua renovada - Algarve 7","description":"Martim Longo vai ter rede de abastecimento de \u00e1gua renovada Atualidade","robots":{"index":"index","follow":"follow","max-snippet":"max-snippet:-1","max-image-preview":"max-image-preview:large","max-video-preview":"max-video-preview:-1"},"canonical":"https:\/\/algarve7.pt\/index.php\/2024\/04\/martim-longo-vai-ter-rede-de-abastecimento-de-agua-renovada\/atualidade\/11\/37\/","og_locale":"pt_PT","og_type":"article","og_title":"Martim Longo vai ter rede de abastecimento de \u00e1gua renovada - Algarve 7","og_description":"Martim Longo vai ter rede de abastecimento de \u00e1gua renovada Atualidade","og_url":"https:\/\/algarve7.pt\/index.php\/2024\/04\/martim-longo-vai-ter-rede-de-abastecimento-de-agua-renovada\/atualidade\/11\/37\/","og_site_name":"Algarve 7","article_publisher":"https:\/\/www.facebook.com\/algarve7","article_author":"https:\/\/www.facebook.com\/algarve7","article_published_time":"2024-04-16T10:37:47+00:00","article_modified_time":"2024-04-16T10:37:48+00:00","og_image":[{"width":800,"height":450,"url":"https:\/\/algarve7.pt\/wp-content\/uploads\/2024\/04\/Martinlongo.jpg","type":"image\/jpeg"}],"author":"Algarve 7","twitter_card":"summary_large_image","twitter_creator":"@Algarvesete","twitter_site":"@Algarvesete","twitter_misc":{"Escrito por":"Algarve 7","Tempo estimado de leitura":"2 minutos"},"schema":{"@context":"https:\/\/schema.org","@graph":[{"@type":"Article","@id":"https:\/\/algarve7.pt\/index.php\/2024\/04\/martim-longo-vai-ter-rede-de-abastecimento-de-agua-renovada\/atualidade\/11\/37\/#article","isPartOf":{"@id":"https:\/\/algarve7.pt\/index.php\/2024\/04\/martim-longo-vai-ter-rede-de-abastecimento-de-agua-renovada\/atualidade\/11\/37\/"},"author":{"name":"Algarve 7","@id":"https:\/\/algarve7.pt\/#\/schema\/person\/23fa70681308e7b319a3204bcea45e0c"},"headline":"Martim Longo vai ter rede de abastecimento de \u00e1gua renovada","datePublished":"2024-04-16T10:37:47+00:00","dateModified":"2024-04-16T10:37:48+00:00","mainEntityOfPage":{"@id":"https:\/\/algarve7.pt\/index.php\/2024\/04\/martim-longo-vai-ter-rede-de-abastecimento-de-agua-renovada\/atualidade\/11\/37\/"},"wordCount":262,"publisher":{"@id":"https:\/\/algarve7.pt\/#organization"},"image":{"@id":"https:\/\/algarve7.pt\/index.php\/2024\/04\/martim-longo-vai-ter-rede-de-abastecimento-de-agua-renovada\/atualidade\/11\/37\/#primaryimage"},"thumbnailUrl":"https:\/\/algarve7.pt\/wp-content\/uploads\/2024\/04\/Martinlongo.jpg","keywords":["Alcoutim","Algarve","Atualidade","Martim Longo"],"articleSection":["Atualidade"],"inLanguage":"pt-PT"},{"@type":"WebPage","@id":"https:\/\/algarve7.pt\/index.php\/2024\/04\/martim-longo-vai-ter-rede-de-abastecimento-de-agua-renovada\/atualidade\/11\/37\/","url":"https:\/\/algarve7.pt\/index.php\/2024\/04\/martim-longo-vai-ter-rede-de-abastecimento-de-agua-renovada\/atualidade\/11\/37\/","name":"Martim Longo vai ter rede de abastecimento de \u00e1gua renovada - Algarve 7","isPartOf":{"@id":"https:\/\/algarve7.pt\/#website"},"primaryImageOfPage":{"@id":"https:\/\/algarve7.pt\/index.php\/2024\/04\/martim-longo-vai-ter-rede-de-abastecimento-de-agua-renovada\/atualidade\/11\/37\/#primaryimage"},"image":{"@id":"https:\/\/algarve7.pt\/index.php\/2024\/04\/martim-longo-vai-ter-rede-de-abastecimento-de-agua-renovada\/atualidade\/11\/37\/#primaryimage"},"thumbnailUrl":"https:\/\/algarve7.pt\/wp-content\/uploads\/2024\/04\/Martinlongo.jpg","datePublished":"2024-04-16T10:37:47+00:00","dateModified":"2024-04-16T10:37:48+00:00","description":"Martim Longo vai ter rede de abastecimento de \u00e1gua renovada Atualidade","breadcrumb":{"@id":"https:\/\/algarve7.pt\/index.php\/2024\/04\/martim-longo-vai-ter-rede-de-abastecimento-de-agua-renovada\/atualidade\/11\/37\/#breadcrumb"},"inLanguage":"pt-PT","potentialAction":[{"@type":"ReadAction","target":["https:\/\/algarve7.pt\/index.php\/2024\/04\/martim-longo-vai-ter-rede-de-abastecimento-de-agua-renovada\/atualidade\/11\/37\/"]}]},{"@type":"ImageObject","inLanguage":"pt-PT","@id":"https:\/\/algarve7.pt\/index.php\/2024\/04\/martim-longo-vai-ter-rede-de-abastecimento-de-agua-renovada\/atualidade\/11\/37\/#primaryimage","url":"https:\/\/algarve7.pt\/wp-content\/uploads\/2024\/04\/Martinlongo.jpg","contentUrl":"https:\/\/algarve7.pt\/wp-content\/uploads\/2024\/04\/Martinlongo.jpg","width":800,"height":450},{"@type":"BreadcrumbList","@id":"https:\/\/algarve7.pt\/index.php\/2024\/04\/martim-longo-vai-ter-rede-de-abastecimento-de-agua-renovada\/atualidade\/11\/37\/#breadcrumb","itemListElement":[{"@type":"ListItem","position":1,"name":"In\u00edcio","item":"https:\/\/algarve7.pt\/"},{"@type":"ListItem","position":2,"name":"Martim Longo vai ter rede de abastecimento de \u00e1gua renovada"}]},{"@type":"WebSite","@id":"https:\/\/algarve7.pt\/#website","url":"https:\/\/algarve7.pt\/","name":"Algarve 7","description":"Informa\u00e7\u00e3o sobre o Algarve","publisher":{"@id":"https:\/\/algarve7.pt\/#organization"},"potentialAction":[{"@type":"SearchAction","target":{"@type":"EntryPoint","urlTemplate":"https:\/\/algarve7.pt\/?s={search_term_string}"},"query-input":{"@type":"PropertyValueSpecification","valueRequired":true,"valueName":"search_term_string"}}],"inLanguage":"pt-PT"},{"@type":"Organization","@id":"https:\/\/algarve7.pt\/#organization","name":"Algarve 7","url":"https:\/\/algarve7.pt\/","logo":{"@type":"ImageObject","inLanguage":"pt-PT","@id":"https:\/\/algarve7.pt\/#\/schema\/logo\/image\/","url":"https:\/\/algarve7.pt\/wp-content\/uploads\/2020\/10\/Logo-8.jpg","contentUrl":"https:\/\/algarve7.pt\/wp-content\/uploads\/2020\/10\/Logo-8.jpg","width":1680,"height":1186,"caption":"Algarve 7"},"image":{"@id":"https:\/\/algarve7.pt\/#\/schema\/logo\/image\/"},"sameAs":["https:\/\/www.facebook.com\/algarve7","https:\/\/x.com\/Algarvesete","https:\/\/www.instagram.com\/jornalalgarve7\/","https:\/\/www.linkedin.com\/company\/algarve7","https:\/\/www.pinterest.pt\/geral0939\/_created\/"]},{"@type":"Person","@id":"https:\/\/algarve7.pt\/#\/schema\/person\/23fa70681308e7b319a3204bcea45e0c","name":"Algarve 7","sameAs":["https:\/\/algarve7.pt","https:\/\/www.facebook.com\/algarve7"],"url":"https:\/\/algarve7.pt\/index.php\/author\/geralalgarve7-pt\/"}]}},"jetpack_publicize_connections":[],"jetpack_featured_media_url":"https:\/\/algarve7.pt\/wp-content\/uploads\/2024\/04\/Martinlongo.jpg","jetpack_shortlink":"https:\/\/wp.me\/pcezmW-9Oe","jetpack_sharing_enabled":true,"_links":{"self":[{"href":"https:\/\/algarve7.pt\/index.php\/wp-json\/wp\/v2\/posts\/37710","targetHints":{"allow":["GET"]}}],"collection":[{"href":"https:\/\/algarve7.pt\/index.php\/wp-json\/wp\/v2\/posts"}],"about":[{"href":"https:\/\/algarve7.pt\/index.php\/wp-json\/wp\/v2\/types\/post"}],"author":[{"embeddable":true,"href":"https:\/\/algarve7.pt\/index.php\/wp-json\/wp\/v2\/users\/1"}],"replies":[{"embeddable":true,"href":"https:\/\/algarve7.pt\/index.php\/wp-json\/wp\/v2\/comments?post=37710"}],"version-history":[{"count":0,"href":"https:\/\/algarve7.pt\/index.php\/wp-json\/wp\/v2\/posts\/37710\/revisions"}],"wp:featuredmedia":[{"embeddable":true,"href":"https:\/\/algarve7.pt\/index.php\/wp-json\/wp\/v2\/media\/37711"}],"wp:attachment":[{"href":"https:\/\/algarve7.pt\/index.php\/wp-json\/wp\/v2\/media?parent=37710"}],"wp:term":[{"taxonomy":"category","embeddable":true,"href":"https:\/\/algarve7.pt\/index.php\/wp-json\/wp\/v2\/categories?post=37710"},{"taxonomy":"post_tag","embeddable":true,"href":"https:\/\/algarve7.pt\/index.php\/wp-json\/wp\/v2\/tags?post=37710"}],"curies":[{"name":"wp","href":"https:\/\/api.w.org\/{rel}","templated":true}]}}