{"id":37707,"date":"2024-04-16T11:20:01","date_gmt":"2024-04-16T10:20:01","guid":{"rendered":"https:\/\/algarve7.pt\/?p=37707"},"modified":"2024-04-16T11:20:03","modified_gmt":"2024-04-16T10:20:03","slug":"municipio-de-faro-apresentou-projetos-vencedores-da-quarta-edicao-do-orcamento-participativo","status":"publish","type":"post","link":"https:\/\/algarve7.pt\/index.php\/2024\/04\/municipio-de-faro-apresentou-projetos-vencedores-da-quarta-edicao-do-orcamento-participativo\/atualidade\/11\/20\/","title":{"rendered":"Munic\u00edpio de faro apresentou projetos vencedores da quarta edi\u00e7\u00e3o do or\u00e7amento participativo"},"content":{"rendered":"\n<p>Proposta \u201cBairro Pintado\u201d, que visa desenvolver projeto art\u00edstico para escadaria de acesso \u00e0 escola prim\u00e1ria de Vale de Carneiros e implementa\u00e7\u00e3o de rampas de acesso, foi o mais votado entre os sete projetos vencedores nas quatro freguesias\/ uni\u00e3o de freguesias<\/p>\n\n\n\n<p>O Munic\u00edpio de Faro apresentou, na passada sexta-feira, os sete projetos vencedores da quarta edi\u00e7\u00e3o do Or\u00e7amento Participativo de Faro, que contou com a maior verba de sempre (265.955 euros).<\/p>\n\n\n\n<p>De um conjunto de 37 propostas iniciais apresentadas, acabaram por ir a vota\u00e7\u00e3o, ap\u00f3s an\u00e1lise t\u00e9cnica, um total de 16 candidaturas, tendo o projeto mais votado sido a candidatura \u201cBairro Pintado\u201d, apresentada por Filipe Alves, em representa\u00e7\u00e3o da associa\u00e7\u00e3o Cat\u00e1lise Global, com um total de 336 votos. Este projeto, or\u00e7ado em 17.220 euros, visa desenvolver um projeto art\u00edstico para a escadaria de acesso \u00e0 escola prim\u00e1ria de Vale de Carneiros e de implementa\u00e7\u00e3o de rampas de acesso ao parque da Penha, na mesma zona.<\/p>\n\n\n\n<p>O segundo projeto mais votado, com 289 votos, foi a candidatura \u201cCultura em Monte\u201d, com um or\u00e7amento de 38.375 euros, que visa a concretiza\u00e7\u00e3o de um programa cultural para a freguesia de Montenegro em 2024 e 2025. O projeto, iniciativa do proponente Rui Guerreiro, prev\u00ea a realiza\u00e7\u00e3o de um encontro de marchas populares, a 22 de junho, um encontro de folclore e cante alentejano, a 6 de julho, uma festa da juventude, com participa\u00e7\u00e3o de jovens artistas, no dia 14 de setembro, um encontro de charolas com participa\u00e7\u00e3o de quatro grupos locais, no dia 7 de janeiro, e a Festa da Liberdade, com participa\u00e7\u00e3o de tr\u00eas bandas locais, nos dias 24 e 25 de abril.<\/p>\n\n\n\n<p>O terceiro projeto mais votado, com 212 votos, da autoria de Jos\u00e9 Manuel Sequeira Costa, \u00e9 a cria\u00e7\u00e3o de um campo de basquete 3&#215;3, na zona do Bom Jo\u00e3o, que permita aliar a pr\u00e1tica desportiva e a arte urbana, criando um local atrativo e melhorando o ambiente urbano, num investimento or\u00e7ado em 40 mil euros.<\/p>\n\n\n\n<p>Tamb\u00e9m vencedores foram os projetos de cria\u00e7\u00e3o de tr\u00eas percursos pedestres, na zona de Montenegro e Gambelas, com cerca de 10 quil\u00f3metros cada, na freguesia de Montenegro (proposta de Eduardo Peyroteo, que recolheu 134 votos); o melhoramento do campo de basquete&nbsp; da Rua da Amendoeira, em Faro (proposta de Bertina Santos, 90 votos); a recupera\u00e7\u00e3o de antigos po\u00e7os p\u00fablicos e lavadouros dos Gorj\u00f5es e Colmeal com cria\u00e7\u00e3o de zonas de descanso e lazer junto a percursos pedestres na freguesia de Santa B\u00e1rbara de Nexe (proposta de Osvaldo Serro, 83 votos) e ainda a recupera\u00e7\u00e3o da casa pres\u00e9pio do jardim p\u00fablico do Pal\u00e1cio de Estoi (proposta de Jos\u00e9 Paula Brito que recolheu 63 votos), todos or\u00e7ados em 40 mil euros.&nbsp;&nbsp;<\/p>\n\n\n\n<p>Ao todo, os 16 projetos a vota\u00e7\u00e3o no \u00e2mbito do Or\u00e7amento Participativo recolheram 1556 votos (1.306 online e 250 online assistidos) de um total de 1.297 pessoas. Dessas, 1.083 votaram apenas num projeto, enquanto 259 votaram em dois projetos distintos. Recorde-se, que neste \u00e2mbito, cada freguesia ou uni\u00e3o de freguesias conta sempre com, pelo menos, um projeto vencedor.<\/p>\n\n\n\n<p>O Or\u00e7amento Participativo nas Escolas do concelho premiou tamb\u00e9m nove candidaturas de alunos do 3.\u00ba ciclo e do ensino secund\u00e1rio, num investimento previsto de 9.781 euros.<br>No \u00e2mbito desta sess\u00e3o, foi ainda feito um balan\u00e7o das tr\u00eas edi\u00e7\u00f5es anteriores do Or\u00e7amento Participativo, que j\u00e1 contam com oito projetos conclu\u00eddos e outros nove em fase de desenvolvimento ou prepara\u00e7\u00e3o, representando um investimento global superior a 555 mil euros.<\/p>\n\n\n\n<p>No final da cerim\u00f3nia, o Presidente da Autarquia, Rog\u00e9rio Bacalhau, manifestou-se \u201cmuito satisfeito com mais uma edi\u00e7\u00e3o do Or\u00e7amento Participativo, onde existiram 37 ideias que acabaram por resultar em 16 projetos a vota\u00e7\u00e3o, uma vez que, por vezes, h\u00e1 ideias que acabam por n\u00e3o ser vi\u00e1veis ou que, no \u00e2mbito dos encontros participativos, acabam por se juntar entre si em projetos comuns\u201d.<\/p>\n\n\n\n<p>Para o autarca, \u201ceste \u00e9 um projeto que permite que as pessoas pensem o espa\u00e7o p\u00fablico e a envolvente onde vivem ou trabalham e transmitam essas ideias sobre as necessidades que sentem \u00e0 sua volta, envolvendo-se tamb\u00e9m depois nos projetos e dando vida aos novos espa\u00e7os\u201d.<\/p>\n\n\n\n<p>\u201cNesse sentido, nesta edi\u00e7\u00e3o do Or\u00e7amento Participativo aument\u00e1mos ligeiramente o valor que t\u00ednhamos previsto [250 mil + 10 mil no OP escolas], de forma a permitir ter mais um projeto premiado\u201d, concluiu o autarca Rog\u00e9rio Bacalhau, adiantando que, j\u00e1 em outubro de 2024, ter\u00e1 in\u00edcio a 5\u00aa edi\u00e7\u00e3o do Or\u00e7amento Participativo de Faro.<\/p>\n","protected":false},"excerpt":{"rendered":"<p>Proposta \u201cBairro Pintado\u201d, que visa desenvolver projeto art\u00edstico para escadaria de acesso \u00e0 escola prim\u00e1ria de Vale de Carneiros e<\/p>\n","protected":false},"author":1,"featured_media":37708,"comment_status":"closed","ping_status":"open","sticky":false,"template":"","format":"standard","meta":{"colormag_page_container_layout":"default_layout","colormag_page_sidebar_layout":"default_layout","_monsterinsights_skip_tracking":false,"_monsterinsights_sitenote_active":false,"_monsterinsights_sitenote_note":"","_monsterinsights_sitenote_category":0,"jetpack_post_was_ever_published":false,"_jetpack_newsletter_access":"","_jetpack_dont_email_post_to_subs":false,"_jetpack_newsletter_tier_id":0,"_jetpack_memberships_contains_paywalled_content":false,"_jetpack_memberships_contains_paid_content":false,"footnotes":"","jetpack_publicize_message":"","jetpack_publicize_feature_enabled":true,"jetpack_social_post_already_shared":false,"jetpack_social_options":{"image_generator_settings":{"template":"highway","default_image_id":0,"font":"","enabled":false},"version":2}},"categories":[11],"tags":[36,62,57,325],"class_list":["post-37707","post","type-post","status-publish","format-standard","has-post-thumbnail","hentry","category-atualidade","tag-algarve","tag-atualidade","tag-faro","tag-orcamento-participativo"],"yoast_head":"<!-- This site is optimized with the Yoast SEO plugin v27.4 - https:\/\/yoast.com\/product\/yoast-seo-wordpress\/ -->\n<title>Munic\u00edpio de faro apresentou projetos vencedores da quarta edi\u00e7\u00e3o do or\u00e7amento participativo - Algarve 7<\/title>\n<meta name=\"description\" content=\"Munic\u00edpio de faro apresentou projetos vencedores da quarta edi\u00e7\u00e3o do or\u00e7amento participativo Atualidade\" \/>\n<meta name=\"robots\" content=\"index, follow, max-snippet:-1, max-image-preview:large, max-video-preview:-1\" \/>\n<link rel=\"canonical\" href=\"https:\/\/algarve7.pt\/index.php\/2024\/04\/municipio-de-faro-apresentou-projetos-vencedores-da-quarta-edicao-do-orcamento-participativo\/atualidade\/11\/20\/\" \/>\n<meta property=\"og:locale\" content=\"pt_PT\" \/>\n<meta property=\"og:type\" content=\"article\" \/>\n<meta property=\"og:title\" content=\"Munic\u00edpio de faro apresentou projetos vencedores da quarta edi\u00e7\u00e3o do or\u00e7amento participativo - Algarve 7\" \/>\n<meta property=\"og:description\" content=\"Munic\u00edpio de faro apresentou projetos vencedores da quarta edi\u00e7\u00e3o do or\u00e7amento participativo Atualidade\" \/>\n<meta property=\"og:url\" content=\"https:\/\/algarve7.pt\/index.php\/2024\/04\/municipio-de-faro-apresentou-projetos-vencedores-da-quarta-edicao-do-orcamento-participativo\/atualidade\/11\/20\/\" \/>\n<meta property=\"og:site_name\" content=\"Algarve 7\" \/>\n<meta property=\"article:publisher\" content=\"https:\/\/www.facebook.com\/algarve7\" \/>\n<meta property=\"article:author\" content=\"https:\/\/www.facebook.com\/algarve7\" \/>\n<meta property=\"article:published_time\" content=\"2024-04-16T10:20:01+00:00\" \/>\n<meta property=\"article:modified_time\" content=\"2024-04-16T10:20:03+00:00\" \/>\n<meta property=\"og:image\" content=\"https:\/\/algarve7.pt\/wp-content\/uploads\/2024\/04\/4a-OP-Faro-1.jpg\" \/>\n\t<meta property=\"og:image:width\" content=\"800\" \/>\n\t<meta property=\"og:image:height\" content=\"450\" \/>\n\t<meta property=\"og:image:type\" content=\"image\/jpeg\" \/>\n<meta name=\"author\" content=\"Algarve 7\" \/>\n<meta name=\"twitter:card\" content=\"summary_large_image\" \/>\n<meta name=\"twitter:creator\" content=\"@Algarvesete\" \/>\n<meta name=\"twitter:site\" content=\"@Algarvesete\" \/>\n<meta name=\"twitter:label1\" content=\"Escrito por\" \/>\n\t<meta name=\"twitter:data1\" content=\"Algarve 7\" \/>\n\t<meta name=\"twitter:label2\" content=\"Tempo estimado de leitura\" \/>\n\t<meta name=\"twitter:data2\" content=\"5 minutos\" \/>\n<script type=\"application\/ld+json\" class=\"yoast-schema-graph\">{\"@context\":\"https:\\\/\\\/schema.org\",\"@graph\":[{\"@type\":\"Article\",\"@id\":\"https:\\\/\\\/algarve7.pt\\\/index.php\\\/2024\\\/04\\\/municipio-de-faro-apresentou-projetos-vencedores-da-quarta-edicao-do-orcamento-participativo\\\/atualidade\\\/11\\\/20\\\/#article\",\"isPartOf\":{\"@id\":\"https:\\\/\\\/algarve7.pt\\\/index.php\\\/2024\\\/04\\\/municipio-de-faro-apresentou-projetos-vencedores-da-quarta-edicao-do-orcamento-participativo\\\/atualidade\\\/11\\\/20\\\/\"},\"author\":{\"name\":\"Algarve 7\",\"@id\":\"https:\\\/\\\/algarve7.pt\\\/#\\\/schema\\\/person\\\/23fa70681308e7b319a3204bcea45e0c\"},\"headline\":\"Munic\u00edpio de faro apresentou projetos vencedores da quarta edi\u00e7\u00e3o do or\u00e7amento participativo\",\"datePublished\":\"2024-04-16T10:20:01+00:00\",\"dateModified\":\"2024-04-16T10:20:03+00:00\",\"mainEntityOfPage\":{\"@id\":\"https:\\\/\\\/algarve7.pt\\\/index.php\\\/2024\\\/04\\\/municipio-de-faro-apresentou-projetos-vencedores-da-quarta-edicao-do-orcamento-participativo\\\/atualidade\\\/11\\\/20\\\/\"},\"wordCount\":778,\"publisher\":{\"@id\":\"https:\\\/\\\/algarve7.pt\\\/#organization\"},\"image\":{\"@id\":\"https:\\\/\\\/algarve7.pt\\\/index.php\\\/2024\\\/04\\\/municipio-de-faro-apresentou-projetos-vencedores-da-quarta-edicao-do-orcamento-participativo\\\/atualidade\\\/11\\\/20\\\/#primaryimage\"},\"thumbnailUrl\":\"https:\\\/\\\/algarve7.pt\\\/wp-content\\\/uploads\\\/2024\\\/04\\\/4a-OP-Faro-1.jpg\",\"keywords\":[\"Algarve\",\"Atualidade\",\"Faro\",\"Or\u00e7amento Participativo\"],\"articleSection\":[\"Atualidade\"],\"inLanguage\":\"pt-PT\"},{\"@type\":\"WebPage\",\"@id\":\"https:\\\/\\\/algarve7.pt\\\/index.php\\\/2024\\\/04\\\/municipio-de-faro-apresentou-projetos-vencedores-da-quarta-edicao-do-orcamento-participativo\\\/atualidade\\\/11\\\/20\\\/\",\"url\":\"https:\\\/\\\/algarve7.pt\\\/index.php\\\/2024\\\/04\\\/municipio-de-faro-apresentou-projetos-vencedores-da-quarta-edicao-do-orcamento-participativo\\\/atualidade\\\/11\\\/20\\\/\",\"name\":\"Munic\u00edpio de faro apresentou projetos vencedores da quarta edi\u00e7\u00e3o do or\u00e7amento participativo - Algarve 7\",\"isPartOf\":{\"@id\":\"https:\\\/\\\/algarve7.pt\\\/#website\"},\"primaryImageOfPage\":{\"@id\":\"https:\\\/\\\/algarve7.pt\\\/index.php\\\/2024\\\/04\\\/municipio-de-faro-apresentou-projetos-vencedores-da-quarta-edicao-do-orcamento-participativo\\\/atualidade\\\/11\\\/20\\\/#primaryimage\"},\"image\":{\"@id\":\"https:\\\/\\\/algarve7.pt\\\/index.php\\\/2024\\\/04\\\/municipio-de-faro-apresentou-projetos-vencedores-da-quarta-edicao-do-orcamento-participativo\\\/atualidade\\\/11\\\/20\\\/#primaryimage\"},\"thumbnailUrl\":\"https:\\\/\\\/algarve7.pt\\\/wp-content\\\/uploads\\\/2024\\\/04\\\/4a-OP-Faro-1.jpg\",\"datePublished\":\"2024-04-16T10:20:01+00:00\",\"dateModified\":\"2024-04-16T10:20:03+00:00\",\"description\":\"Munic\u00edpio de faro apresentou projetos vencedores da quarta edi\u00e7\u00e3o do or\u00e7amento participativo Atualidade\",\"breadcrumb\":{\"@id\":\"https:\\\/\\\/algarve7.pt\\\/index.php\\\/2024\\\/04\\\/municipio-de-faro-apresentou-projetos-vencedores-da-quarta-edicao-do-orcamento-participativo\\\/atualidade\\\/11\\\/20\\\/#breadcrumb\"},\"inLanguage\":\"pt-PT\",\"potentialAction\":[{\"@type\":\"ReadAction\",\"target\":[\"https:\\\/\\\/algarve7.pt\\\/index.php\\\/2024\\\/04\\\/municipio-de-faro-apresentou-projetos-vencedores-da-quarta-edicao-do-orcamento-participativo\\\/atualidade\\\/11\\\/20\\\/\"]}]},{\"@type\":\"ImageObject\",\"inLanguage\":\"pt-PT\",\"@id\":\"https:\\\/\\\/algarve7.pt\\\/index.php\\\/2024\\\/04\\\/municipio-de-faro-apresentou-projetos-vencedores-da-quarta-edicao-do-orcamento-participativo\\\/atualidade\\\/11\\\/20\\\/#primaryimage\",\"url\":\"https:\\\/\\\/algarve7.pt\\\/wp-content\\\/uploads\\\/2024\\\/04\\\/4a-OP-Faro-1.jpg\",\"contentUrl\":\"https:\\\/\\\/algarve7.pt\\\/wp-content\\\/uploads\\\/2024\\\/04\\\/4a-OP-Faro-1.jpg\",\"width\":800,\"height\":450},{\"@type\":\"BreadcrumbList\",\"@id\":\"https:\\\/\\\/algarve7.pt\\\/index.php\\\/2024\\\/04\\\/municipio-de-faro-apresentou-projetos-vencedores-da-quarta-edicao-do-orcamento-participativo\\\/atualidade\\\/11\\\/20\\\/#breadcrumb\",\"itemListElement\":[{\"@type\":\"ListItem\",\"position\":1,\"name\":\"In\u00edcio\",\"item\":\"https:\\\/\\\/algarve7.pt\\\/\"},{\"@type\":\"ListItem\",\"position\":2,\"name\":\"Munic\u00edpio de faro apresentou projetos vencedores da quarta edi\u00e7\u00e3o do or\u00e7amento participativo\"}]},{\"@type\":\"WebSite\",\"@id\":\"https:\\\/\\\/algarve7.pt\\\/#website\",\"url\":\"https:\\\/\\\/algarve7.pt\\\/\",\"name\":\"Algarve 7\",\"description\":\"Informa\u00e7\u00e3o sobre o Algarve\",\"publisher\":{\"@id\":\"https:\\\/\\\/algarve7.pt\\\/#organization\"},\"potentialAction\":[{\"@type\":\"SearchAction\",\"target\":{\"@type\":\"EntryPoint\",\"urlTemplate\":\"https:\\\/\\\/algarve7.pt\\\/?s={search_term_string}\"},\"query-input\":{\"@type\":\"PropertyValueSpecification\",\"valueRequired\":true,\"valueName\":\"search_term_string\"}}],\"inLanguage\":\"pt-PT\"},{\"@type\":\"Organization\",\"@id\":\"https:\\\/\\\/algarve7.pt\\\/#organization\",\"name\":\"Algarve 7\",\"url\":\"https:\\\/\\\/algarve7.pt\\\/\",\"logo\":{\"@type\":\"ImageObject\",\"inLanguage\":\"pt-PT\",\"@id\":\"https:\\\/\\\/algarve7.pt\\\/#\\\/schema\\\/logo\\\/image\\\/\",\"url\":\"https:\\\/\\\/algarve7.pt\\\/wp-content\\\/uploads\\\/2020\\\/10\\\/Logo-8.jpg\",\"contentUrl\":\"https:\\\/\\\/algarve7.pt\\\/wp-content\\\/uploads\\\/2020\\\/10\\\/Logo-8.jpg\",\"width\":1680,\"height\":1186,\"caption\":\"Algarve 7\"},\"image\":{\"@id\":\"https:\\\/\\\/algarve7.pt\\\/#\\\/schema\\\/logo\\\/image\\\/\"},\"sameAs\":[\"https:\\\/\\\/www.facebook.com\\\/algarve7\",\"https:\\\/\\\/x.com\\\/Algarvesete\",\"https:\\\/\\\/www.instagram.com\\\/jornalalgarve7\\\/\",\"https:\\\/\\\/www.linkedin.com\\\/company\\\/algarve7\",\"https:\\\/\\\/www.pinterest.pt\\\/geral0939\\\/_created\\\/\"]},{\"@type\":\"Person\",\"@id\":\"https:\\\/\\\/algarve7.pt\\\/#\\\/schema\\\/person\\\/23fa70681308e7b319a3204bcea45e0c\",\"name\":\"Algarve 7\",\"sameAs\":[\"https:\\\/\\\/algarve7.pt\",\"https:\\\/\\\/www.facebook.com\\\/algarve7\"],\"url\":\"https:\\\/\\\/algarve7.pt\\\/index.php\\\/author\\\/geralalgarve7-pt\\\/\"}]}<\/script>\n<!-- \/ Yoast SEO plugin. -->","yoast_head_json":{"title":"Munic\u00edpio de faro apresentou projetos vencedores da quarta edi\u00e7\u00e3o do or\u00e7amento participativo - Algarve 7","description":"Munic\u00edpio de faro apresentou projetos vencedores da quarta edi\u00e7\u00e3o do or\u00e7amento participativo Atualidade","robots":{"index":"index","follow":"follow","max-snippet":"max-snippet:-1","max-image-preview":"max-image-preview:large","max-video-preview":"max-video-preview:-1"},"canonical":"https:\/\/algarve7.pt\/index.php\/2024\/04\/municipio-de-faro-apresentou-projetos-vencedores-da-quarta-edicao-do-orcamento-participativo\/atualidade\/11\/20\/","og_locale":"pt_PT","og_type":"article","og_title":"Munic\u00edpio de faro apresentou projetos vencedores da quarta edi\u00e7\u00e3o do or\u00e7amento participativo - Algarve 7","og_description":"Munic\u00edpio de faro apresentou projetos vencedores da quarta edi\u00e7\u00e3o do or\u00e7amento participativo Atualidade","og_url":"https:\/\/algarve7.pt\/index.php\/2024\/04\/municipio-de-faro-apresentou-projetos-vencedores-da-quarta-edicao-do-orcamento-participativo\/atualidade\/11\/20\/","og_site_name":"Algarve 7","article_publisher":"https:\/\/www.facebook.com\/algarve7","article_author":"https:\/\/www.facebook.com\/algarve7","article_published_time":"2024-04-16T10:20:01+00:00","article_modified_time":"2024-04-16T10:20:03+00:00","og_image":[{"width":800,"height":450,"url":"https:\/\/algarve7.pt\/wp-content\/uploads\/2024\/04\/4a-OP-Faro-1.jpg","type":"image\/jpeg"}],"author":"Algarve 7","twitter_card":"summary_large_image","twitter_creator":"@Algarvesete","twitter_site":"@Algarvesete","twitter_misc":{"Escrito por":"Algarve 7","Tempo estimado de leitura":"5 minutos"},"schema":{"@context":"https:\/\/schema.org","@graph":[{"@type":"Article","@id":"https:\/\/algarve7.pt\/index.php\/2024\/04\/municipio-de-faro-apresentou-projetos-vencedores-da-quarta-edicao-do-orcamento-participativo\/atualidade\/11\/20\/#article","isPartOf":{"@id":"https:\/\/algarve7.pt\/index.php\/2024\/04\/municipio-de-faro-apresentou-projetos-vencedores-da-quarta-edicao-do-orcamento-participativo\/atualidade\/11\/20\/"},"author":{"name":"Algarve 7","@id":"https:\/\/algarve7.pt\/#\/schema\/person\/23fa70681308e7b319a3204bcea45e0c"},"headline":"Munic\u00edpio de faro apresentou projetos vencedores da quarta edi\u00e7\u00e3o do or\u00e7amento participativo","datePublished":"2024-04-16T10:20:01+00:00","dateModified":"2024-04-16T10:20:03+00:00","mainEntityOfPage":{"@id":"https:\/\/algarve7.pt\/index.php\/2024\/04\/municipio-de-faro-apresentou-projetos-vencedores-da-quarta-edicao-do-orcamento-participativo\/atualidade\/11\/20\/"},"wordCount":778,"publisher":{"@id":"https:\/\/algarve7.pt\/#organization"},"image":{"@id":"https:\/\/algarve7.pt\/index.php\/2024\/04\/municipio-de-faro-apresentou-projetos-vencedores-da-quarta-edicao-do-orcamento-participativo\/atualidade\/11\/20\/#primaryimage"},"thumbnailUrl":"https:\/\/algarve7.pt\/wp-content\/uploads\/2024\/04\/4a-OP-Faro-1.jpg","keywords":["Algarve","Atualidade","Faro","Or\u00e7amento Participativo"],"articleSection":["Atualidade"],"inLanguage":"pt-PT"},{"@type":"WebPage","@id":"https:\/\/algarve7.pt\/index.php\/2024\/04\/municipio-de-faro-apresentou-projetos-vencedores-da-quarta-edicao-do-orcamento-participativo\/atualidade\/11\/20\/","url":"https:\/\/algarve7.pt\/index.php\/2024\/04\/municipio-de-faro-apresentou-projetos-vencedores-da-quarta-edicao-do-orcamento-participativo\/atualidade\/11\/20\/","name":"Munic\u00edpio de faro apresentou projetos vencedores da quarta edi\u00e7\u00e3o do or\u00e7amento participativo - Algarve 7","isPartOf":{"@id":"https:\/\/algarve7.pt\/#website"},"primaryImageOfPage":{"@id":"https:\/\/algarve7.pt\/index.php\/2024\/04\/municipio-de-faro-apresentou-projetos-vencedores-da-quarta-edicao-do-orcamento-participativo\/atualidade\/11\/20\/#primaryimage"},"image":{"@id":"https:\/\/algarve7.pt\/index.php\/2024\/04\/municipio-de-faro-apresentou-projetos-vencedores-da-quarta-edicao-do-orcamento-participativo\/atualidade\/11\/20\/#primaryimage"},"thumbnailUrl":"https:\/\/algarve7.pt\/wp-content\/uploads\/2024\/04\/4a-OP-Faro-1.jpg","datePublished":"2024-04-16T10:20:01+00:00","dateModified":"2024-04-16T10:20:03+00:00","description":"Munic\u00edpio de faro apresentou projetos vencedores da quarta edi\u00e7\u00e3o do or\u00e7amento participativo Atualidade","breadcrumb":{"@id":"https:\/\/algarve7.pt\/index.php\/2024\/04\/municipio-de-faro-apresentou-projetos-vencedores-da-quarta-edicao-do-orcamento-participativo\/atualidade\/11\/20\/#breadcrumb"},"inLanguage":"pt-PT","potentialAction":[{"@type":"ReadAction","target":["https:\/\/algarve7.pt\/index.php\/2024\/04\/municipio-de-faro-apresentou-projetos-vencedores-da-quarta-edicao-do-orcamento-participativo\/atualidade\/11\/20\/"]}]},{"@type":"ImageObject","inLanguage":"pt-PT","@id":"https:\/\/algarve7.pt\/index.php\/2024\/04\/municipio-de-faro-apresentou-projetos-vencedores-da-quarta-edicao-do-orcamento-participativo\/atualidade\/11\/20\/#primaryimage","url":"https:\/\/algarve7.pt\/wp-content\/uploads\/2024\/04\/4a-OP-Faro-1.jpg","contentUrl":"https:\/\/algarve7.pt\/wp-content\/uploads\/2024\/04\/4a-OP-Faro-1.jpg","width":800,"height":450},{"@type":"BreadcrumbList","@id":"https:\/\/algarve7.pt\/index.php\/2024\/04\/municipio-de-faro-apresentou-projetos-vencedores-da-quarta-edicao-do-orcamento-participativo\/atualidade\/11\/20\/#breadcrumb","itemListElement":[{"@type":"ListItem","position":1,"name":"In\u00edcio","item":"https:\/\/algarve7.pt\/"},{"@type":"ListItem","position":2,"name":"Munic\u00edpio de faro apresentou projetos vencedores da quarta edi\u00e7\u00e3o do or\u00e7amento participativo"}]},{"@type":"WebSite","@id":"https:\/\/algarve7.pt\/#website","url":"https:\/\/algarve7.pt\/","name":"Algarve 7","description":"Informa\u00e7\u00e3o sobre o Algarve","publisher":{"@id":"https:\/\/algarve7.pt\/#organization"},"potentialAction":[{"@type":"SearchAction","target":{"@type":"EntryPoint","urlTemplate":"https:\/\/algarve7.pt\/?s={search_term_string}"},"query-input":{"@type":"PropertyValueSpecification","valueRequired":true,"valueName":"search_term_string"}}],"inLanguage":"pt-PT"},{"@type":"Organization","@id":"https:\/\/algarve7.pt\/#organization","name":"Algarve 7","url":"https:\/\/algarve7.pt\/","logo":{"@type":"ImageObject","inLanguage":"pt-PT","@id":"https:\/\/algarve7.pt\/#\/schema\/logo\/image\/","url":"https:\/\/algarve7.pt\/wp-content\/uploads\/2020\/10\/Logo-8.jpg","contentUrl":"https:\/\/algarve7.pt\/wp-content\/uploads\/2020\/10\/Logo-8.jpg","width":1680,"height":1186,"caption":"Algarve 7"},"image":{"@id":"https:\/\/algarve7.pt\/#\/schema\/logo\/image\/"},"sameAs":["https:\/\/www.facebook.com\/algarve7","https:\/\/x.com\/Algarvesete","https:\/\/www.instagram.com\/jornalalgarve7\/","https:\/\/www.linkedin.com\/company\/algarve7","https:\/\/www.pinterest.pt\/geral0939\/_created\/"]},{"@type":"Person","@id":"https:\/\/algarve7.pt\/#\/schema\/person\/23fa70681308e7b319a3204bcea45e0c","name":"Algarve 7","sameAs":["https:\/\/algarve7.pt","https:\/\/www.facebook.com\/algarve7"],"url":"https:\/\/algarve7.pt\/index.php\/author\/geralalgarve7-pt\/"}]}},"jetpack_publicize_connections":[],"jetpack_featured_media_url":"https:\/\/algarve7.pt\/wp-content\/uploads\/2024\/04\/4a-OP-Faro-1.jpg","jetpack_shortlink":"https:\/\/wp.me\/pcezmW-9Ob","jetpack_sharing_enabled":true,"_links":{"self":[{"href":"https:\/\/algarve7.pt\/index.php\/wp-json\/wp\/v2\/posts\/37707","targetHints":{"allow":["GET"]}}],"collection":[{"href":"https:\/\/algarve7.pt\/index.php\/wp-json\/wp\/v2\/posts"}],"about":[{"href":"https:\/\/algarve7.pt\/index.php\/wp-json\/wp\/v2\/types\/post"}],"author":[{"embeddable":true,"href":"https:\/\/algarve7.pt\/index.php\/wp-json\/wp\/v2\/users\/1"}],"replies":[{"embeddable":true,"href":"https:\/\/algarve7.pt\/index.php\/wp-json\/wp\/v2\/comments?post=37707"}],"version-history":[{"count":0,"href":"https:\/\/algarve7.pt\/index.php\/wp-json\/wp\/v2\/posts\/37707\/revisions"}],"wp:featuredmedia":[{"embeddable":true,"href":"https:\/\/algarve7.pt\/index.php\/wp-json\/wp\/v2\/media\/37708"}],"wp:attachment":[{"href":"https:\/\/algarve7.pt\/index.php\/wp-json\/wp\/v2\/media?parent=37707"}],"wp:term":[{"taxonomy":"category","embeddable":true,"href":"https:\/\/algarve7.pt\/index.php\/wp-json\/wp\/v2\/categories?post=37707"},{"taxonomy":"post_tag","embeddable":true,"href":"https:\/\/algarve7.pt\/index.php\/wp-json\/wp\/v2\/tags?post=37707"}],"curies":[{"name":"wp","href":"https:\/\/api.w.org\/{rel}","templated":true}]}}