{"id":37665,"date":"2024-04-15T14:15:08","date_gmt":"2024-04-15T13:15:08","guid":{"rendered":"https:\/\/algarve7.pt\/?p=37665"},"modified":"2024-04-15T14:15:10","modified_gmt":"2024-04-15T13:15:10","slug":"praia-da-rocha-volta-a-ser-galardoada-com-o-premio-cinco-estrelas-regioes","status":"publish","type":"post","link":"https:\/\/algarve7.pt\/index.php\/2024\/04\/praia-da-rocha-volta-a-ser-galardoada-com-o-premio-cinco-estrelas-regioes\/turismo\/14\/15\/","title":{"rendered":"Praia da Rocha volta a ser galardoada com o Pr\u00e9mio Cinco Estrelas Regi\u00f5es"},"content":{"rendered":"\n<p>\u00c0 semelhan\u00e7a do que tem sucedido desde 2018, a Praia da Rocha volta este ano a ser galardoada com o Pr\u00e9mio Cinco Estrelas Regi\u00f5es, sistema de avalia\u00e7\u00e3o que reconhece o que de melhor existe e se faz em Portugal.<\/p>\n\n\n\n<p>Desta forma, a Praia da Rocha revalida o destaque alcan\u00e7ado em todas as edi\u00e7\u00f5es desta distin\u00e7\u00e3o de alcance nacional, tendo sido novamente considerada o principal \u00edcone algarvio da sua categoria.<\/p>\n\n\n\n<p>Com um vasto e espa\u00e7oso areal que se expande por cerca de dois quil\u00f3metros, a principal est\u00e2ncia balnear do concelho de Portim\u00e3o, e uma das mais afamadas do pa\u00eds, possui no seu areal um largo passadi\u00e7o de madeira, ao longo do qual existem lumin\u00e1rias LED com cinco metros de altura, na sequ\u00eancia de um investimento municipal superior a um milh\u00e3o de euros, sendo servida por diversos restaurantes e outras infraestruturas de apoio, al\u00e9m de um parque infantil.<\/p>\n\n\n\n<p>Dispondo de uma \u00c1rea Desportiva modelar e de um parque vocacionado para as atividades f\u00edsicas informais, a Praia da Rocha \u00e9 procurada com regularidade para a realiza\u00e7\u00e3o de competi\u00e7\u00f5es nacionais e internacionais, em modalidades como o surf, o&nbsp;beachvolley, o futebol de praia, o&nbsp;beach tennis&nbsp;ou o futev\u00f3lei, entre outras, sendo igualmente bastante frequentada por pessoas de todas as idades, que desejam experimentar de forma descontra\u00edda uma das muitas atividades f\u00edsicas dispon\u00edveis.<\/p>\n\n\n\n<p>Criado em 2018, o Pr\u00e9mio Cinco Estrelas Regi\u00f5es mede o grau de satisfa\u00e7\u00e3o que os produtos, servi\u00e7os ou marcas conferem aos seus utilizadores, e reconhece o que h\u00e1 de melhor de norte a sul de Portugal, premiando \u00edcones como praias, aldeias e vilas, monumentos ou cozinha tradicional, al\u00e9m de valorizar as marcas regionais e distinguir aquelas que se distinguem pela sua qualidade.<\/p>\n\n\n\n<p>Para chegar \u00e0s marcas vencedoras estiveram envolvidos cerca de 454.000 consumidores, que avaliaram 1.036 marcas, das quais apenas 128 conseguiram provar a sua excel\u00eancia e conquistar o pr\u00e9mio.<\/p>\n","protected":false},"excerpt":{"rendered":"<p>\u00c0 semelhan\u00e7a do que tem sucedido desde 2018, a Praia da Rocha volta este ano a ser galardoada com o<\/p>\n","protected":false},"author":1,"featured_media":37666,"comment_status":"closed","ping_status":"open","sticky":false,"template":"","format":"standard","meta":{"colormag_page_container_layout":"default_layout","colormag_page_sidebar_layout":"default_layout","_monsterinsights_skip_tracking":false,"_monsterinsights_sitenote_active":false,"_monsterinsights_sitenote_note":"","_monsterinsights_sitenote_category":0,"jetpack_post_was_ever_published":false,"_jetpack_newsletter_access":"","_jetpack_dont_email_post_to_subs":false,"_jetpack_newsletter_tier_id":0,"_jetpack_memberships_contains_paywalled_content":false,"_jetpack_memberships_contains_paid_content":false,"footnotes":"","jetpack_publicize_message":"","jetpack_publicize_feature_enabled":true,"jetpack_social_post_already_shared":false,"jetpack_social_options":{"image_generator_settings":{"template":"highway","default_image_id":0,"font":"","enabled":false},"version":2}},"categories":[17],"tags":[36,72,45],"class_list":["post-37665","post","type-post","status-publish","format-standard","has-post-thumbnail","hentry","category-turismo","tag-algarve","tag-portimao","tag-turismo"],"yoast_head":"<!-- This site is optimized with the Yoast SEO plugin v27.5 - https:\/\/yoast.com\/product\/yoast-seo-wordpress\/ -->\n<title>Praia da Rocha volta a ser galardoada com o Pr\u00e9mio Cinco Estrelas Regi\u00f5es - Algarve 7<\/title>\n<meta name=\"description\" content=\"Praia da Rocha volta a ser galardoada com o Pr\u00e9mio Cinco Estrelas Regi\u00f5es Turismo\" \/>\n<meta name=\"robots\" content=\"index, follow, max-snippet:-1, max-image-preview:large, max-video-preview:-1\" \/>\n<link rel=\"canonical\" href=\"https:\/\/algarve7.pt\/index.php\/2024\/04\/praia-da-rocha-volta-a-ser-galardoada-com-o-premio-cinco-estrelas-regioes\/turismo\/14\/15\/\" \/>\n<meta property=\"og:locale\" content=\"pt_PT\" \/>\n<meta property=\"og:type\" content=\"article\" \/>\n<meta property=\"og:title\" content=\"Praia da Rocha volta a ser galardoada com o Pr\u00e9mio Cinco Estrelas Regi\u00f5es - Algarve 7\" \/>\n<meta property=\"og:description\" content=\"Praia da Rocha volta a ser galardoada com o Pr\u00e9mio Cinco Estrelas Regi\u00f5es Turismo\" \/>\n<meta property=\"og:url\" content=\"https:\/\/algarve7.pt\/index.php\/2024\/04\/praia-da-rocha-volta-a-ser-galardoada-com-o-premio-cinco-estrelas-regioes\/turismo\/14\/15\/\" \/>\n<meta property=\"og:site_name\" content=\"Algarve 7\" \/>\n<meta property=\"article:publisher\" content=\"https:\/\/www.facebook.com\/algarve7\" \/>\n<meta property=\"article:author\" content=\"https:\/\/www.facebook.com\/algarve7\" \/>\n<meta property=\"article:published_time\" content=\"2024-04-15T13:15:08+00:00\" \/>\n<meta property=\"article:modified_time\" content=\"2024-04-15T13:15:10+00:00\" \/>\n<meta property=\"og:image\" content=\"https:\/\/algarve7.pt\/wp-content\/uploads\/2024\/04\/Praia-da-Rocha-1.jpg\" \/>\n\t<meta property=\"og:image:width\" content=\"1000\" \/>\n\t<meta property=\"og:image:height\" content=\"667\" \/>\n\t<meta property=\"og:image:type\" content=\"image\/jpeg\" \/>\n<meta name=\"author\" content=\"Algarve 7\" \/>\n<meta name=\"twitter:card\" content=\"summary_large_image\" \/>\n<meta name=\"twitter:creator\" content=\"@Algarvesete\" \/>\n<meta name=\"twitter:site\" content=\"@Algarvesete\" \/>\n<meta name=\"twitter:label1\" content=\"Escrito por\" \/>\n\t<meta name=\"twitter:data1\" content=\"Algarve 7\" \/>\n\t<meta name=\"twitter:label2\" content=\"Tempo estimado de leitura\" \/>\n\t<meta name=\"twitter:data2\" content=\"2 minutos\" \/>\n<script type=\"application\/ld+json\" class=\"yoast-schema-graph\">{\"@context\":\"https:\\\/\\\/schema.org\",\"@graph\":[{\"@type\":\"Article\",\"@id\":\"https:\\\/\\\/algarve7.pt\\\/index.php\\\/2024\\\/04\\\/praia-da-rocha-volta-a-ser-galardoada-com-o-premio-cinco-estrelas-regioes\\\/turismo\\\/14\\\/15\\\/#article\",\"isPartOf\":{\"@id\":\"https:\\\/\\\/algarve7.pt\\\/index.php\\\/2024\\\/04\\\/praia-da-rocha-volta-a-ser-galardoada-com-o-premio-cinco-estrelas-regioes\\\/turismo\\\/14\\\/15\\\/\"},\"author\":{\"name\":\"Algarve 7\",\"@id\":\"https:\\\/\\\/algarve7.pt\\\/#\\\/schema\\\/person\\\/23fa70681308e7b319a3204bcea45e0c\"},\"headline\":\"Praia da Rocha volta a ser galardoada com o Pr\u00e9mio Cinco Estrelas Regi\u00f5es\",\"datePublished\":\"2024-04-15T13:15:08+00:00\",\"dateModified\":\"2024-04-15T13:15:10+00:00\",\"mainEntityOfPage\":{\"@id\":\"https:\\\/\\\/algarve7.pt\\\/index.php\\\/2024\\\/04\\\/praia-da-rocha-volta-a-ser-galardoada-com-o-premio-cinco-estrelas-regioes\\\/turismo\\\/14\\\/15\\\/\"},\"wordCount\":351,\"publisher\":{\"@id\":\"https:\\\/\\\/algarve7.pt\\\/#organization\"},\"image\":{\"@id\":\"https:\\\/\\\/algarve7.pt\\\/index.php\\\/2024\\\/04\\\/praia-da-rocha-volta-a-ser-galardoada-com-o-premio-cinco-estrelas-regioes\\\/turismo\\\/14\\\/15\\\/#primaryimage\"},\"thumbnailUrl\":\"https:\\\/\\\/algarve7.pt\\\/wp-content\\\/uploads\\\/2024\\\/04\\\/Praia-da-Rocha-1.jpg\",\"keywords\":[\"Algarve\",\"Portim\u00e3o\",\"Turismo\"],\"articleSection\":[\"Turismo\"],\"inLanguage\":\"pt-PT\"},{\"@type\":\"WebPage\",\"@id\":\"https:\\\/\\\/algarve7.pt\\\/index.php\\\/2024\\\/04\\\/praia-da-rocha-volta-a-ser-galardoada-com-o-premio-cinco-estrelas-regioes\\\/turismo\\\/14\\\/15\\\/\",\"url\":\"https:\\\/\\\/algarve7.pt\\\/index.php\\\/2024\\\/04\\\/praia-da-rocha-volta-a-ser-galardoada-com-o-premio-cinco-estrelas-regioes\\\/turismo\\\/14\\\/15\\\/\",\"name\":\"Praia da Rocha volta a ser galardoada com o Pr\u00e9mio Cinco Estrelas Regi\u00f5es - Algarve 7\",\"isPartOf\":{\"@id\":\"https:\\\/\\\/algarve7.pt\\\/#website\"},\"primaryImageOfPage\":{\"@id\":\"https:\\\/\\\/algarve7.pt\\\/index.php\\\/2024\\\/04\\\/praia-da-rocha-volta-a-ser-galardoada-com-o-premio-cinco-estrelas-regioes\\\/turismo\\\/14\\\/15\\\/#primaryimage\"},\"image\":{\"@id\":\"https:\\\/\\\/algarve7.pt\\\/index.php\\\/2024\\\/04\\\/praia-da-rocha-volta-a-ser-galardoada-com-o-premio-cinco-estrelas-regioes\\\/turismo\\\/14\\\/15\\\/#primaryimage\"},\"thumbnailUrl\":\"https:\\\/\\\/algarve7.pt\\\/wp-content\\\/uploads\\\/2024\\\/04\\\/Praia-da-Rocha-1.jpg\",\"datePublished\":\"2024-04-15T13:15:08+00:00\",\"dateModified\":\"2024-04-15T13:15:10+00:00\",\"description\":\"Praia da Rocha volta a ser galardoada com o Pr\u00e9mio Cinco Estrelas Regi\u00f5es Turismo\",\"breadcrumb\":{\"@id\":\"https:\\\/\\\/algarve7.pt\\\/index.php\\\/2024\\\/04\\\/praia-da-rocha-volta-a-ser-galardoada-com-o-premio-cinco-estrelas-regioes\\\/turismo\\\/14\\\/15\\\/#breadcrumb\"},\"inLanguage\":\"pt-PT\",\"potentialAction\":[{\"@type\":\"ReadAction\",\"target\":[\"https:\\\/\\\/algarve7.pt\\\/index.php\\\/2024\\\/04\\\/praia-da-rocha-volta-a-ser-galardoada-com-o-premio-cinco-estrelas-regioes\\\/turismo\\\/14\\\/15\\\/\"]}]},{\"@type\":\"ImageObject\",\"inLanguage\":\"pt-PT\",\"@id\":\"https:\\\/\\\/algarve7.pt\\\/index.php\\\/2024\\\/04\\\/praia-da-rocha-volta-a-ser-galardoada-com-o-premio-cinco-estrelas-regioes\\\/turismo\\\/14\\\/15\\\/#primaryimage\",\"url\":\"https:\\\/\\\/algarve7.pt\\\/wp-content\\\/uploads\\\/2024\\\/04\\\/Praia-da-Rocha-1.jpg\",\"contentUrl\":\"https:\\\/\\\/algarve7.pt\\\/wp-content\\\/uploads\\\/2024\\\/04\\\/Praia-da-Rocha-1.jpg\",\"width\":1000,\"height\":667},{\"@type\":\"BreadcrumbList\",\"@id\":\"https:\\\/\\\/algarve7.pt\\\/index.php\\\/2024\\\/04\\\/praia-da-rocha-volta-a-ser-galardoada-com-o-premio-cinco-estrelas-regioes\\\/turismo\\\/14\\\/15\\\/#breadcrumb\",\"itemListElement\":[{\"@type\":\"ListItem\",\"position\":1,\"name\":\"In\u00edcio\",\"item\":\"https:\\\/\\\/algarve7.pt\\\/\"},{\"@type\":\"ListItem\",\"position\":2,\"name\":\"Praia da Rocha volta a ser galardoada com o Pr\u00e9mio Cinco Estrelas Regi\u00f5es\"}]},{\"@type\":\"WebSite\",\"@id\":\"https:\\\/\\\/algarve7.pt\\\/#website\",\"url\":\"https:\\\/\\\/algarve7.pt\\\/\",\"name\":\"Algarve 7\",\"description\":\"Informa\u00e7\u00e3o sobre o Algarve\",\"publisher\":{\"@id\":\"https:\\\/\\\/algarve7.pt\\\/#organization\"},\"potentialAction\":[{\"@type\":\"SearchAction\",\"target\":{\"@type\":\"EntryPoint\",\"urlTemplate\":\"https:\\\/\\\/algarve7.pt\\\/?s={search_term_string}\"},\"query-input\":{\"@type\":\"PropertyValueSpecification\",\"valueRequired\":true,\"valueName\":\"search_term_string\"}}],\"inLanguage\":\"pt-PT\"},{\"@type\":\"Organization\",\"@id\":\"https:\\\/\\\/algarve7.pt\\\/#organization\",\"name\":\"Algarve 7\",\"url\":\"https:\\\/\\\/algarve7.pt\\\/\",\"logo\":{\"@type\":\"ImageObject\",\"inLanguage\":\"pt-PT\",\"@id\":\"https:\\\/\\\/algarve7.pt\\\/#\\\/schema\\\/logo\\\/image\\\/\",\"url\":\"https:\\\/\\\/algarve7.pt\\\/wp-content\\\/uploads\\\/2020\\\/10\\\/Logo-8.jpg\",\"contentUrl\":\"https:\\\/\\\/algarve7.pt\\\/wp-content\\\/uploads\\\/2020\\\/10\\\/Logo-8.jpg\",\"width\":1680,\"height\":1186,\"caption\":\"Algarve 7\"},\"image\":{\"@id\":\"https:\\\/\\\/algarve7.pt\\\/#\\\/schema\\\/logo\\\/image\\\/\"},\"sameAs\":[\"https:\\\/\\\/www.facebook.com\\\/algarve7\",\"https:\\\/\\\/x.com\\\/Algarvesete\",\"https:\\\/\\\/www.instagram.com\\\/jornalalgarve7\\\/\",\"https:\\\/\\\/www.linkedin.com\\\/company\\\/algarve7\",\"https:\\\/\\\/www.pinterest.pt\\\/geral0939\\\/_created\\\/\"]},{\"@type\":\"Person\",\"@id\":\"https:\\\/\\\/algarve7.pt\\\/#\\\/schema\\\/person\\\/23fa70681308e7b319a3204bcea45e0c\",\"name\":\"Algarve 7\",\"sameAs\":[\"https:\\\/\\\/algarve7.pt\",\"https:\\\/\\\/www.facebook.com\\\/algarve7\"],\"url\":\"https:\\\/\\\/algarve7.pt\\\/index.php\\\/author\\\/geralalgarve7-pt\\\/\"}]}<\/script>\n<!-- \/ Yoast SEO plugin. -->","yoast_head_json":{"title":"Praia da Rocha volta a ser galardoada com o Pr\u00e9mio Cinco Estrelas Regi\u00f5es - Algarve 7","description":"Praia da Rocha volta a ser galardoada com o Pr\u00e9mio Cinco Estrelas Regi\u00f5es Turismo","robots":{"index":"index","follow":"follow","max-snippet":"max-snippet:-1","max-image-preview":"max-image-preview:large","max-video-preview":"max-video-preview:-1"},"canonical":"https:\/\/algarve7.pt\/index.php\/2024\/04\/praia-da-rocha-volta-a-ser-galardoada-com-o-premio-cinco-estrelas-regioes\/turismo\/14\/15\/","og_locale":"pt_PT","og_type":"article","og_title":"Praia da Rocha volta a ser galardoada com o Pr\u00e9mio Cinco Estrelas Regi\u00f5es - Algarve 7","og_description":"Praia da Rocha volta a ser galardoada com o Pr\u00e9mio Cinco Estrelas Regi\u00f5es Turismo","og_url":"https:\/\/algarve7.pt\/index.php\/2024\/04\/praia-da-rocha-volta-a-ser-galardoada-com-o-premio-cinco-estrelas-regioes\/turismo\/14\/15\/","og_site_name":"Algarve 7","article_publisher":"https:\/\/www.facebook.com\/algarve7","article_author":"https:\/\/www.facebook.com\/algarve7","article_published_time":"2024-04-15T13:15:08+00:00","article_modified_time":"2024-04-15T13:15:10+00:00","og_image":[{"width":1000,"height":667,"url":"https:\/\/algarve7.pt\/wp-content\/uploads\/2024\/04\/Praia-da-Rocha-1.jpg","type":"image\/jpeg"}],"author":"Algarve 7","twitter_card":"summary_large_image","twitter_creator":"@Algarvesete","twitter_site":"@Algarvesete","twitter_misc":{"Escrito por":"Algarve 7","Tempo estimado de leitura":"2 minutos"},"schema":{"@context":"https:\/\/schema.org","@graph":[{"@type":"Article","@id":"https:\/\/algarve7.pt\/index.php\/2024\/04\/praia-da-rocha-volta-a-ser-galardoada-com-o-premio-cinco-estrelas-regioes\/turismo\/14\/15\/#article","isPartOf":{"@id":"https:\/\/algarve7.pt\/index.php\/2024\/04\/praia-da-rocha-volta-a-ser-galardoada-com-o-premio-cinco-estrelas-regioes\/turismo\/14\/15\/"},"author":{"name":"Algarve 7","@id":"https:\/\/algarve7.pt\/#\/schema\/person\/23fa70681308e7b319a3204bcea45e0c"},"headline":"Praia da Rocha volta a ser galardoada com o Pr\u00e9mio Cinco Estrelas Regi\u00f5es","datePublished":"2024-04-15T13:15:08+00:00","dateModified":"2024-04-15T13:15:10+00:00","mainEntityOfPage":{"@id":"https:\/\/algarve7.pt\/index.php\/2024\/04\/praia-da-rocha-volta-a-ser-galardoada-com-o-premio-cinco-estrelas-regioes\/turismo\/14\/15\/"},"wordCount":351,"publisher":{"@id":"https:\/\/algarve7.pt\/#organization"},"image":{"@id":"https:\/\/algarve7.pt\/index.php\/2024\/04\/praia-da-rocha-volta-a-ser-galardoada-com-o-premio-cinco-estrelas-regioes\/turismo\/14\/15\/#primaryimage"},"thumbnailUrl":"https:\/\/algarve7.pt\/wp-content\/uploads\/2024\/04\/Praia-da-Rocha-1.jpg","keywords":["Algarve","Portim\u00e3o","Turismo"],"articleSection":["Turismo"],"inLanguage":"pt-PT"},{"@type":"WebPage","@id":"https:\/\/algarve7.pt\/index.php\/2024\/04\/praia-da-rocha-volta-a-ser-galardoada-com-o-premio-cinco-estrelas-regioes\/turismo\/14\/15\/","url":"https:\/\/algarve7.pt\/index.php\/2024\/04\/praia-da-rocha-volta-a-ser-galardoada-com-o-premio-cinco-estrelas-regioes\/turismo\/14\/15\/","name":"Praia da Rocha volta a ser galardoada com o Pr\u00e9mio Cinco Estrelas Regi\u00f5es - Algarve 7","isPartOf":{"@id":"https:\/\/algarve7.pt\/#website"},"primaryImageOfPage":{"@id":"https:\/\/algarve7.pt\/index.php\/2024\/04\/praia-da-rocha-volta-a-ser-galardoada-com-o-premio-cinco-estrelas-regioes\/turismo\/14\/15\/#primaryimage"},"image":{"@id":"https:\/\/algarve7.pt\/index.php\/2024\/04\/praia-da-rocha-volta-a-ser-galardoada-com-o-premio-cinco-estrelas-regioes\/turismo\/14\/15\/#primaryimage"},"thumbnailUrl":"https:\/\/algarve7.pt\/wp-content\/uploads\/2024\/04\/Praia-da-Rocha-1.jpg","datePublished":"2024-04-15T13:15:08+00:00","dateModified":"2024-04-15T13:15:10+00:00","description":"Praia da Rocha volta a ser galardoada com o Pr\u00e9mio Cinco Estrelas Regi\u00f5es Turismo","breadcrumb":{"@id":"https:\/\/algarve7.pt\/index.php\/2024\/04\/praia-da-rocha-volta-a-ser-galardoada-com-o-premio-cinco-estrelas-regioes\/turismo\/14\/15\/#breadcrumb"},"inLanguage":"pt-PT","potentialAction":[{"@type":"ReadAction","target":["https:\/\/algarve7.pt\/index.php\/2024\/04\/praia-da-rocha-volta-a-ser-galardoada-com-o-premio-cinco-estrelas-regioes\/turismo\/14\/15\/"]}]},{"@type":"ImageObject","inLanguage":"pt-PT","@id":"https:\/\/algarve7.pt\/index.php\/2024\/04\/praia-da-rocha-volta-a-ser-galardoada-com-o-premio-cinco-estrelas-regioes\/turismo\/14\/15\/#primaryimage","url":"https:\/\/algarve7.pt\/wp-content\/uploads\/2024\/04\/Praia-da-Rocha-1.jpg","contentUrl":"https:\/\/algarve7.pt\/wp-content\/uploads\/2024\/04\/Praia-da-Rocha-1.jpg","width":1000,"height":667},{"@type":"BreadcrumbList","@id":"https:\/\/algarve7.pt\/index.php\/2024\/04\/praia-da-rocha-volta-a-ser-galardoada-com-o-premio-cinco-estrelas-regioes\/turismo\/14\/15\/#breadcrumb","itemListElement":[{"@type":"ListItem","position":1,"name":"In\u00edcio","item":"https:\/\/algarve7.pt\/"},{"@type":"ListItem","position":2,"name":"Praia da Rocha volta a ser galardoada com o Pr\u00e9mio Cinco Estrelas Regi\u00f5es"}]},{"@type":"WebSite","@id":"https:\/\/algarve7.pt\/#website","url":"https:\/\/algarve7.pt\/","name":"Algarve 7","description":"Informa\u00e7\u00e3o sobre o Algarve","publisher":{"@id":"https:\/\/algarve7.pt\/#organization"},"potentialAction":[{"@type":"SearchAction","target":{"@type":"EntryPoint","urlTemplate":"https:\/\/algarve7.pt\/?s={search_term_string}"},"query-input":{"@type":"PropertyValueSpecification","valueRequired":true,"valueName":"search_term_string"}}],"inLanguage":"pt-PT"},{"@type":"Organization","@id":"https:\/\/algarve7.pt\/#organization","name":"Algarve 7","url":"https:\/\/algarve7.pt\/","logo":{"@type":"ImageObject","inLanguage":"pt-PT","@id":"https:\/\/algarve7.pt\/#\/schema\/logo\/image\/","url":"https:\/\/algarve7.pt\/wp-content\/uploads\/2020\/10\/Logo-8.jpg","contentUrl":"https:\/\/algarve7.pt\/wp-content\/uploads\/2020\/10\/Logo-8.jpg","width":1680,"height":1186,"caption":"Algarve 7"},"image":{"@id":"https:\/\/algarve7.pt\/#\/schema\/logo\/image\/"},"sameAs":["https:\/\/www.facebook.com\/algarve7","https:\/\/x.com\/Algarvesete","https:\/\/www.instagram.com\/jornalalgarve7\/","https:\/\/www.linkedin.com\/company\/algarve7","https:\/\/www.pinterest.pt\/geral0939\/_created\/"]},{"@type":"Person","@id":"https:\/\/algarve7.pt\/#\/schema\/person\/23fa70681308e7b319a3204bcea45e0c","name":"Algarve 7","sameAs":["https:\/\/algarve7.pt","https:\/\/www.facebook.com\/algarve7"],"url":"https:\/\/algarve7.pt\/index.php\/author\/geralalgarve7-pt\/"}]}},"jetpack_publicize_connections":[],"jetpack_featured_media_url":"https:\/\/algarve7.pt\/wp-content\/uploads\/2024\/04\/Praia-da-Rocha-1.jpg","jetpack_shortlink":"https:\/\/wp.me\/pcezmW-9Nv","jetpack_sharing_enabled":true,"_links":{"self":[{"href":"https:\/\/algarve7.pt\/index.php\/wp-json\/wp\/v2\/posts\/37665","targetHints":{"allow":["GET"]}}],"collection":[{"href":"https:\/\/algarve7.pt\/index.php\/wp-json\/wp\/v2\/posts"}],"about":[{"href":"https:\/\/algarve7.pt\/index.php\/wp-json\/wp\/v2\/types\/post"}],"author":[{"embeddable":true,"href":"https:\/\/algarve7.pt\/index.php\/wp-json\/wp\/v2\/users\/1"}],"replies":[{"embeddable":true,"href":"https:\/\/algarve7.pt\/index.php\/wp-json\/wp\/v2\/comments?post=37665"}],"version-history":[{"count":0,"href":"https:\/\/algarve7.pt\/index.php\/wp-json\/wp\/v2\/posts\/37665\/revisions"}],"wp:featuredmedia":[{"embeddable":true,"href":"https:\/\/algarve7.pt\/index.php\/wp-json\/wp\/v2\/media\/37666"}],"wp:attachment":[{"href":"https:\/\/algarve7.pt\/index.php\/wp-json\/wp\/v2\/media?parent=37665"}],"wp:term":[{"taxonomy":"category","embeddable":true,"href":"https:\/\/algarve7.pt\/index.php\/wp-json\/wp\/v2\/categories?post=37665"},{"taxonomy":"post_tag","embeddable":true,"href":"https:\/\/algarve7.pt\/index.php\/wp-json\/wp\/v2\/tags?post=37665"}],"curies":[{"name":"wp","href":"https:\/\/api.w.org\/{rel}","templated":true}]}}