{"id":37659,"date":"2024-04-15T12:38:53","date_gmt":"2024-04-15T11:38:53","guid":{"rendered":"https:\/\/algarve7.pt\/?p=37659"},"modified":"2024-04-15T12:38:55","modified_gmt":"2024-04-15T11:38:55","slug":"bernardo-pinheiro-vence-em-barcelona-o-piloto-algarvio-assina-feito-inedito-na-historia-do-elms","status":"publish","type":"post","link":"https:\/\/algarve7.pt\/index.php\/2024\/04\/bernardo-pinheiro-vence-em-barcelona-o-piloto-algarvio-assina-feito-inedito-na-historia-do-elms\/desporto\/12\/38\/","title":{"rendered":"Bernardo Pinheiro vence em Barcelona o piloto algarvio assina\u00a0feito in\u00e9dito na hist\u00f3ria do ELMS"},"content":{"rendered":"\n<p>Poucos s\u00e3o os pilotos que contam no seu palmar\u00e9s uma vit\u00f3ria na sua corrida de estreia e ap\u00f3s ter vencido ontem em Barcelona no arranque do&nbsp;<strong>European Le Mans Series<\/strong>&nbsp;2024&nbsp;<strong>Bernardo Pinheiro<\/strong>faz parte dessa restrita lista&nbsp; num dia em que n\u00e3o apenas venceu entre os LMP3 mas ajudou de forma decisiva \u00e0 vit\u00f3ria e primeiro p\u00f3dio do&nbsp;<strong>Team Virage<\/strong>&nbsp;na categoria.<\/p>\n\n\n\n<p>Dividindo o volante do Ligier com o n\u00famero 8 com&nbsp;<strong>Gillian Henrion<\/strong>e&nbsp;<strong>Julien Gerbi&nbsp;<\/strong>o&nbsp;piloto de&nbsp;<strong>Portim\u00e3o<\/strong>&nbsp;iniciou a corrida na segunda posi\u00e7\u00e3o mas depois de um fant\u00e1stico trabalho de equipa foi na primeira posi\u00e7\u00e3o que cruzou a linha de meta ap\u00f3s quatro horas de corrida onde o trio de pilotos&nbsp;realizou um total de 131 voltas e fechou o duelo catal\u00e3o com oito segundos de vantagem para os segundos classificados<\/p>\n\n\n\n<p>Respons\u00e1vel pelo segundo turno de condu\u00e7\u00e3o o mais jovem do trio &#8211; 20 anos cumpridos no passado m\u00eas &#8211;&nbsp;mostrou a excel\u00eancia da sua pilotagem ao assumir o volante do 8 com um segundo de vantagem, que transformou em 27 segundos de margem para os advers\u00e1rios quando deixou o \u2018cockpit\u2019, uma diferen\u00e7a&nbsp;que se revelou decisiva para a obten\u00e7\u00e3o da vit\u00f3ria.<\/p>\n\n\n\n<p>\u2018Fizemos uma corrida perfeita\u2026sem erros, sem exageros e onde par\u00e1mos apenas para as tr\u00eas paragens que t\u00ednhamos previsto. Foi um dia fant\u00e1stico e se me dissessem a meio da semana que podiamos deixar Barcelona na frente do campeonato e vencer a abrir a \u00e9poca acho que me teria rido\u2026mas a realidade \u00e9 que vencemos\u2026que dia este!\u2019 Comenta o jovem algarvio que aos 20&nbsp;anos de idade continua a espalhar magia e maturidade no paddock do ELMS!<\/p>\n\n\n\n<p>Com esta vit\u00f3ria o&nbsp;<strong>Team Virage<\/strong>&nbsp;assume o comando do campeonato que prossegue no pr\u00f3ximo dia 5 de Maio no tra\u00e7ado gaul\u00eas de Le Castellet e onde o objectivo ser\u00e1 naturalmente vencer de novo pois \u2018\u2026agora tudo muda\u2026podemos e sabemos vencer\u2026refor\u00e7a o piloto do Aut\u00f3dromo Internacional do Algarve que a 19 de Outubro acolhe a derradeira ronda do campeonato.<\/p>\n","protected":false},"excerpt":{"rendered":"<p>Poucos s\u00e3o os pilotos que contam no seu palmar\u00e9s uma vit\u00f3ria na sua corrida de estreia e ap\u00f3s ter vencido<\/p>\n","protected":false},"author":1,"featured_media":37660,"comment_status":"closed","ping_status":"open","sticky":false,"template":"","format":"standard","meta":{"colormag_page_container_layout":"default_layout","colormag_page_sidebar_layout":"default_layout","_monsterinsights_skip_tracking":false,"_monsterinsights_sitenote_active":false,"_monsterinsights_sitenote_note":"","_monsterinsights_sitenote_category":0,"jetpack_post_was_ever_published":false,"_jetpack_newsletter_access":"","_jetpack_dont_email_post_to_subs":false,"_jetpack_newsletter_tier_id":0,"_jetpack_memberships_contains_paywalled_content":false,"_jetpack_memberships_contains_paid_content":false,"footnotes":"","jetpack_publicize_message":"","jetpack_publicize_feature_enabled":true,"jetpack_social_post_already_shared":false,"jetpack_social_options":{"image_generator_settings":{"template":"highway","default_image_id":0,"font":"","enabled":false},"version":2}},"categories":[15],"tags":[36,40,1103],"class_list":["post-37659","post","type-post","status-publish","format-standard","has-post-thumbnail","hentry","category-desporto","tag-algarve","tag-desporto","tag-elms-2024"],"yoast_head":"<!-- This site is optimized with the Yoast SEO plugin v27.5 - https:\/\/yoast.com\/product\/yoast-seo-wordpress\/ -->\n<title>Bernardo Pinheiro vence em Barcelona o piloto algarvio assina\u00a0feito in\u00e9dito na hist\u00f3ria do ELMS - Algarve 7<\/title>\n<meta name=\"description\" content=\"Bernardo Pinheiro vence em Barcelona o piloto algarvio assina\u00a0feito in\u00e9dito na hist\u00f3ria do ELMS Desporto\" \/>\n<meta name=\"robots\" content=\"index, follow, max-snippet:-1, max-image-preview:large, max-video-preview:-1\" \/>\n<link rel=\"canonical\" href=\"https:\/\/algarve7.pt\/index.php\/2024\/04\/bernardo-pinheiro-vence-em-barcelona-o-piloto-algarvio-assina-feito-inedito-na-historia-do-elms\/desporto\/12\/38\/\" \/>\n<meta property=\"og:locale\" content=\"pt_PT\" \/>\n<meta property=\"og:type\" content=\"article\" \/>\n<meta property=\"og:title\" content=\"Bernardo Pinheiro vence em Barcelona o piloto algarvio assina\u00a0feito in\u00e9dito na hist\u00f3ria do ELMS - Algarve 7\" \/>\n<meta property=\"og:description\" content=\"Bernardo Pinheiro vence em Barcelona o piloto algarvio assina\u00a0feito in\u00e9dito na hist\u00f3ria do ELMS Desporto\" \/>\n<meta property=\"og:url\" content=\"https:\/\/algarve7.pt\/index.php\/2024\/04\/bernardo-pinheiro-vence-em-barcelona-o-piloto-algarvio-assina-feito-inedito-na-historia-do-elms\/desporto\/12\/38\/\" \/>\n<meta property=\"og:site_name\" content=\"Algarve 7\" \/>\n<meta property=\"article:publisher\" content=\"https:\/\/www.facebook.com\/algarve7\" \/>\n<meta property=\"article:author\" content=\"https:\/\/www.facebook.com\/algarve7\" \/>\n<meta property=\"article:published_time\" content=\"2024-04-15T11:38:53+00:00\" \/>\n<meta property=\"article:modified_time\" content=\"2024-04-15T11:38:55+00:00\" \/>\n<meta property=\"og:image\" content=\"https:\/\/algarve7.pt\/wp-content\/uploads\/2024\/04\/Captura-de-ecra-2024-04-15-as-12.36.13.png\" \/>\n\t<meta property=\"og:image:width\" content=\"1000\" \/>\n\t<meta property=\"og:image:height\" content=\"570\" \/>\n\t<meta property=\"og:image:type\" content=\"image\/png\" \/>\n<meta name=\"author\" content=\"Algarve 7\" \/>\n<meta name=\"twitter:card\" content=\"summary_large_image\" \/>\n<meta name=\"twitter:creator\" content=\"@Algarvesete\" \/>\n<meta name=\"twitter:site\" content=\"@Algarvesete\" \/>\n<meta name=\"twitter:label1\" content=\"Escrito por\" \/>\n\t<meta name=\"twitter:data1\" content=\"Algarve 7\" \/>\n\t<meta name=\"twitter:label2\" content=\"Tempo estimado de leitura\" \/>\n\t<meta name=\"twitter:data2\" content=\"3 minutos\" \/>\n<script type=\"application\/ld+json\" class=\"yoast-schema-graph\">{\"@context\":\"https:\\\/\\\/schema.org\",\"@graph\":[{\"@type\":\"Article\",\"@id\":\"https:\\\/\\\/algarve7.pt\\\/index.php\\\/2024\\\/04\\\/bernardo-pinheiro-vence-em-barcelona-o-piloto-algarvio-assina-feito-inedito-na-historia-do-elms\\\/desporto\\\/12\\\/38\\\/#article\",\"isPartOf\":{\"@id\":\"https:\\\/\\\/algarve7.pt\\\/index.php\\\/2024\\\/04\\\/bernardo-pinheiro-vence-em-barcelona-o-piloto-algarvio-assina-feito-inedito-na-historia-do-elms\\\/desporto\\\/12\\\/38\\\/\"},\"author\":{\"name\":\"Algarve 7\",\"@id\":\"https:\\\/\\\/algarve7.pt\\\/#\\\/schema\\\/person\\\/23fa70681308e7b319a3204bcea45e0c\"},\"headline\":\"Bernardo Pinheiro vence em Barcelona o piloto algarvio assina\u00a0feito in\u00e9dito na hist\u00f3ria do ELMS\",\"datePublished\":\"2024-04-15T11:38:53+00:00\",\"dateModified\":\"2024-04-15T11:38:55+00:00\",\"mainEntityOfPage\":{\"@id\":\"https:\\\/\\\/algarve7.pt\\\/index.php\\\/2024\\\/04\\\/bernardo-pinheiro-vence-em-barcelona-o-piloto-algarvio-assina-feito-inedito-na-historia-do-elms\\\/desporto\\\/12\\\/38\\\/\"},\"wordCount\":391,\"publisher\":{\"@id\":\"https:\\\/\\\/algarve7.pt\\\/#organization\"},\"image\":{\"@id\":\"https:\\\/\\\/algarve7.pt\\\/index.php\\\/2024\\\/04\\\/bernardo-pinheiro-vence-em-barcelona-o-piloto-algarvio-assina-feito-inedito-na-historia-do-elms\\\/desporto\\\/12\\\/38\\\/#primaryimage\"},\"thumbnailUrl\":\"https:\\\/\\\/algarve7.pt\\\/wp-content\\\/uploads\\\/2024\\\/04\\\/Captura-de-ecra-2024-04-15-as-12.36.13.png\",\"keywords\":[\"Algarve\",\"Desporto\",\"ELMS 2024\"],\"articleSection\":[\"Desporto\"],\"inLanguage\":\"pt-PT\"},{\"@type\":\"WebPage\",\"@id\":\"https:\\\/\\\/algarve7.pt\\\/index.php\\\/2024\\\/04\\\/bernardo-pinheiro-vence-em-barcelona-o-piloto-algarvio-assina-feito-inedito-na-historia-do-elms\\\/desporto\\\/12\\\/38\\\/\",\"url\":\"https:\\\/\\\/algarve7.pt\\\/index.php\\\/2024\\\/04\\\/bernardo-pinheiro-vence-em-barcelona-o-piloto-algarvio-assina-feito-inedito-na-historia-do-elms\\\/desporto\\\/12\\\/38\\\/\",\"name\":\"Bernardo Pinheiro vence em Barcelona o piloto algarvio assina\u00a0feito in\u00e9dito na hist\u00f3ria do ELMS - Algarve 7\",\"isPartOf\":{\"@id\":\"https:\\\/\\\/algarve7.pt\\\/#website\"},\"primaryImageOfPage\":{\"@id\":\"https:\\\/\\\/algarve7.pt\\\/index.php\\\/2024\\\/04\\\/bernardo-pinheiro-vence-em-barcelona-o-piloto-algarvio-assina-feito-inedito-na-historia-do-elms\\\/desporto\\\/12\\\/38\\\/#primaryimage\"},\"image\":{\"@id\":\"https:\\\/\\\/algarve7.pt\\\/index.php\\\/2024\\\/04\\\/bernardo-pinheiro-vence-em-barcelona-o-piloto-algarvio-assina-feito-inedito-na-historia-do-elms\\\/desporto\\\/12\\\/38\\\/#primaryimage\"},\"thumbnailUrl\":\"https:\\\/\\\/algarve7.pt\\\/wp-content\\\/uploads\\\/2024\\\/04\\\/Captura-de-ecra-2024-04-15-as-12.36.13.png\",\"datePublished\":\"2024-04-15T11:38:53+00:00\",\"dateModified\":\"2024-04-15T11:38:55+00:00\",\"description\":\"Bernardo Pinheiro vence em Barcelona o piloto algarvio assina\u00a0feito in\u00e9dito na hist\u00f3ria do ELMS Desporto\",\"breadcrumb\":{\"@id\":\"https:\\\/\\\/algarve7.pt\\\/index.php\\\/2024\\\/04\\\/bernardo-pinheiro-vence-em-barcelona-o-piloto-algarvio-assina-feito-inedito-na-historia-do-elms\\\/desporto\\\/12\\\/38\\\/#breadcrumb\"},\"inLanguage\":\"pt-PT\",\"potentialAction\":[{\"@type\":\"ReadAction\",\"target\":[\"https:\\\/\\\/algarve7.pt\\\/index.php\\\/2024\\\/04\\\/bernardo-pinheiro-vence-em-barcelona-o-piloto-algarvio-assina-feito-inedito-na-historia-do-elms\\\/desporto\\\/12\\\/38\\\/\"]}]},{\"@type\":\"ImageObject\",\"inLanguage\":\"pt-PT\",\"@id\":\"https:\\\/\\\/algarve7.pt\\\/index.php\\\/2024\\\/04\\\/bernardo-pinheiro-vence-em-barcelona-o-piloto-algarvio-assina-feito-inedito-na-historia-do-elms\\\/desporto\\\/12\\\/38\\\/#primaryimage\",\"url\":\"https:\\\/\\\/algarve7.pt\\\/wp-content\\\/uploads\\\/2024\\\/04\\\/Captura-de-ecra-2024-04-15-as-12.36.13.png\",\"contentUrl\":\"https:\\\/\\\/algarve7.pt\\\/wp-content\\\/uploads\\\/2024\\\/04\\\/Captura-de-ecra-2024-04-15-as-12.36.13.png\",\"width\":1000,\"height\":570},{\"@type\":\"BreadcrumbList\",\"@id\":\"https:\\\/\\\/algarve7.pt\\\/index.php\\\/2024\\\/04\\\/bernardo-pinheiro-vence-em-barcelona-o-piloto-algarvio-assina-feito-inedito-na-historia-do-elms\\\/desporto\\\/12\\\/38\\\/#breadcrumb\",\"itemListElement\":[{\"@type\":\"ListItem\",\"position\":1,\"name\":\"In\u00edcio\",\"item\":\"https:\\\/\\\/algarve7.pt\\\/\"},{\"@type\":\"ListItem\",\"position\":2,\"name\":\"Bernardo Pinheiro vence em Barcelona o piloto algarvio assina\u00a0feito in\u00e9dito na hist\u00f3ria do ELMS\"}]},{\"@type\":\"WebSite\",\"@id\":\"https:\\\/\\\/algarve7.pt\\\/#website\",\"url\":\"https:\\\/\\\/algarve7.pt\\\/\",\"name\":\"Algarve 7\",\"description\":\"Informa\u00e7\u00e3o sobre o Algarve\",\"publisher\":{\"@id\":\"https:\\\/\\\/algarve7.pt\\\/#organization\"},\"potentialAction\":[{\"@type\":\"SearchAction\",\"target\":{\"@type\":\"EntryPoint\",\"urlTemplate\":\"https:\\\/\\\/algarve7.pt\\\/?s={search_term_string}\"},\"query-input\":{\"@type\":\"PropertyValueSpecification\",\"valueRequired\":true,\"valueName\":\"search_term_string\"}}],\"inLanguage\":\"pt-PT\"},{\"@type\":\"Organization\",\"@id\":\"https:\\\/\\\/algarve7.pt\\\/#organization\",\"name\":\"Algarve 7\",\"url\":\"https:\\\/\\\/algarve7.pt\\\/\",\"logo\":{\"@type\":\"ImageObject\",\"inLanguage\":\"pt-PT\",\"@id\":\"https:\\\/\\\/algarve7.pt\\\/#\\\/schema\\\/logo\\\/image\\\/\",\"url\":\"https:\\\/\\\/algarve7.pt\\\/wp-content\\\/uploads\\\/2020\\\/10\\\/Logo-8.jpg\",\"contentUrl\":\"https:\\\/\\\/algarve7.pt\\\/wp-content\\\/uploads\\\/2020\\\/10\\\/Logo-8.jpg\",\"width\":1680,\"height\":1186,\"caption\":\"Algarve 7\"},\"image\":{\"@id\":\"https:\\\/\\\/algarve7.pt\\\/#\\\/schema\\\/logo\\\/image\\\/\"},\"sameAs\":[\"https:\\\/\\\/www.facebook.com\\\/algarve7\",\"https:\\\/\\\/x.com\\\/Algarvesete\",\"https:\\\/\\\/www.instagram.com\\\/jornalalgarve7\\\/\",\"https:\\\/\\\/www.linkedin.com\\\/company\\\/algarve7\",\"https:\\\/\\\/www.pinterest.pt\\\/geral0939\\\/_created\\\/\"]},{\"@type\":\"Person\",\"@id\":\"https:\\\/\\\/algarve7.pt\\\/#\\\/schema\\\/person\\\/23fa70681308e7b319a3204bcea45e0c\",\"name\":\"Algarve 7\",\"sameAs\":[\"https:\\\/\\\/algarve7.pt\",\"https:\\\/\\\/www.facebook.com\\\/algarve7\"],\"url\":\"https:\\\/\\\/algarve7.pt\\\/index.php\\\/author\\\/geralalgarve7-pt\\\/\"}]}<\/script>\n<!-- \/ Yoast SEO plugin. -->","yoast_head_json":{"title":"Bernardo Pinheiro vence em Barcelona o piloto algarvio assina\u00a0feito in\u00e9dito na hist\u00f3ria do ELMS - Algarve 7","description":"Bernardo Pinheiro vence em Barcelona o piloto algarvio assina\u00a0feito in\u00e9dito na hist\u00f3ria do ELMS Desporto","robots":{"index":"index","follow":"follow","max-snippet":"max-snippet:-1","max-image-preview":"max-image-preview:large","max-video-preview":"max-video-preview:-1"},"canonical":"https:\/\/algarve7.pt\/index.php\/2024\/04\/bernardo-pinheiro-vence-em-barcelona-o-piloto-algarvio-assina-feito-inedito-na-historia-do-elms\/desporto\/12\/38\/","og_locale":"pt_PT","og_type":"article","og_title":"Bernardo Pinheiro vence em Barcelona o piloto algarvio assina\u00a0feito in\u00e9dito na hist\u00f3ria do ELMS - Algarve 7","og_description":"Bernardo Pinheiro vence em Barcelona o piloto algarvio assina\u00a0feito in\u00e9dito na hist\u00f3ria do ELMS Desporto","og_url":"https:\/\/algarve7.pt\/index.php\/2024\/04\/bernardo-pinheiro-vence-em-barcelona-o-piloto-algarvio-assina-feito-inedito-na-historia-do-elms\/desporto\/12\/38\/","og_site_name":"Algarve 7","article_publisher":"https:\/\/www.facebook.com\/algarve7","article_author":"https:\/\/www.facebook.com\/algarve7","article_published_time":"2024-04-15T11:38:53+00:00","article_modified_time":"2024-04-15T11:38:55+00:00","og_image":[{"width":1000,"height":570,"url":"https:\/\/algarve7.pt\/wp-content\/uploads\/2024\/04\/Captura-de-ecra-2024-04-15-as-12.36.13.png","type":"image\/png"}],"author":"Algarve 7","twitter_card":"summary_large_image","twitter_creator":"@Algarvesete","twitter_site":"@Algarvesete","twitter_misc":{"Escrito por":"Algarve 7","Tempo estimado de leitura":"3 minutos"},"schema":{"@context":"https:\/\/schema.org","@graph":[{"@type":"Article","@id":"https:\/\/algarve7.pt\/index.php\/2024\/04\/bernardo-pinheiro-vence-em-barcelona-o-piloto-algarvio-assina-feito-inedito-na-historia-do-elms\/desporto\/12\/38\/#article","isPartOf":{"@id":"https:\/\/algarve7.pt\/index.php\/2024\/04\/bernardo-pinheiro-vence-em-barcelona-o-piloto-algarvio-assina-feito-inedito-na-historia-do-elms\/desporto\/12\/38\/"},"author":{"name":"Algarve 7","@id":"https:\/\/algarve7.pt\/#\/schema\/person\/23fa70681308e7b319a3204bcea45e0c"},"headline":"Bernardo Pinheiro vence em Barcelona o piloto algarvio assina\u00a0feito in\u00e9dito na hist\u00f3ria do ELMS","datePublished":"2024-04-15T11:38:53+00:00","dateModified":"2024-04-15T11:38:55+00:00","mainEntityOfPage":{"@id":"https:\/\/algarve7.pt\/index.php\/2024\/04\/bernardo-pinheiro-vence-em-barcelona-o-piloto-algarvio-assina-feito-inedito-na-historia-do-elms\/desporto\/12\/38\/"},"wordCount":391,"publisher":{"@id":"https:\/\/algarve7.pt\/#organization"},"image":{"@id":"https:\/\/algarve7.pt\/index.php\/2024\/04\/bernardo-pinheiro-vence-em-barcelona-o-piloto-algarvio-assina-feito-inedito-na-historia-do-elms\/desporto\/12\/38\/#primaryimage"},"thumbnailUrl":"https:\/\/algarve7.pt\/wp-content\/uploads\/2024\/04\/Captura-de-ecra-2024-04-15-as-12.36.13.png","keywords":["Algarve","Desporto","ELMS 2024"],"articleSection":["Desporto"],"inLanguage":"pt-PT"},{"@type":"WebPage","@id":"https:\/\/algarve7.pt\/index.php\/2024\/04\/bernardo-pinheiro-vence-em-barcelona-o-piloto-algarvio-assina-feito-inedito-na-historia-do-elms\/desporto\/12\/38\/","url":"https:\/\/algarve7.pt\/index.php\/2024\/04\/bernardo-pinheiro-vence-em-barcelona-o-piloto-algarvio-assina-feito-inedito-na-historia-do-elms\/desporto\/12\/38\/","name":"Bernardo Pinheiro vence em Barcelona o piloto algarvio assina\u00a0feito in\u00e9dito na hist\u00f3ria do ELMS - Algarve 7","isPartOf":{"@id":"https:\/\/algarve7.pt\/#website"},"primaryImageOfPage":{"@id":"https:\/\/algarve7.pt\/index.php\/2024\/04\/bernardo-pinheiro-vence-em-barcelona-o-piloto-algarvio-assina-feito-inedito-na-historia-do-elms\/desporto\/12\/38\/#primaryimage"},"image":{"@id":"https:\/\/algarve7.pt\/index.php\/2024\/04\/bernardo-pinheiro-vence-em-barcelona-o-piloto-algarvio-assina-feito-inedito-na-historia-do-elms\/desporto\/12\/38\/#primaryimage"},"thumbnailUrl":"https:\/\/algarve7.pt\/wp-content\/uploads\/2024\/04\/Captura-de-ecra-2024-04-15-as-12.36.13.png","datePublished":"2024-04-15T11:38:53+00:00","dateModified":"2024-04-15T11:38:55+00:00","description":"Bernardo Pinheiro vence em Barcelona o piloto algarvio assina\u00a0feito in\u00e9dito na hist\u00f3ria do ELMS Desporto","breadcrumb":{"@id":"https:\/\/algarve7.pt\/index.php\/2024\/04\/bernardo-pinheiro-vence-em-barcelona-o-piloto-algarvio-assina-feito-inedito-na-historia-do-elms\/desporto\/12\/38\/#breadcrumb"},"inLanguage":"pt-PT","potentialAction":[{"@type":"ReadAction","target":["https:\/\/algarve7.pt\/index.php\/2024\/04\/bernardo-pinheiro-vence-em-barcelona-o-piloto-algarvio-assina-feito-inedito-na-historia-do-elms\/desporto\/12\/38\/"]}]},{"@type":"ImageObject","inLanguage":"pt-PT","@id":"https:\/\/algarve7.pt\/index.php\/2024\/04\/bernardo-pinheiro-vence-em-barcelona-o-piloto-algarvio-assina-feito-inedito-na-historia-do-elms\/desporto\/12\/38\/#primaryimage","url":"https:\/\/algarve7.pt\/wp-content\/uploads\/2024\/04\/Captura-de-ecra-2024-04-15-as-12.36.13.png","contentUrl":"https:\/\/algarve7.pt\/wp-content\/uploads\/2024\/04\/Captura-de-ecra-2024-04-15-as-12.36.13.png","width":1000,"height":570},{"@type":"BreadcrumbList","@id":"https:\/\/algarve7.pt\/index.php\/2024\/04\/bernardo-pinheiro-vence-em-barcelona-o-piloto-algarvio-assina-feito-inedito-na-historia-do-elms\/desporto\/12\/38\/#breadcrumb","itemListElement":[{"@type":"ListItem","position":1,"name":"In\u00edcio","item":"https:\/\/algarve7.pt\/"},{"@type":"ListItem","position":2,"name":"Bernardo Pinheiro vence em Barcelona o piloto algarvio assina\u00a0feito in\u00e9dito na hist\u00f3ria do ELMS"}]},{"@type":"WebSite","@id":"https:\/\/algarve7.pt\/#website","url":"https:\/\/algarve7.pt\/","name":"Algarve 7","description":"Informa\u00e7\u00e3o sobre o Algarve","publisher":{"@id":"https:\/\/algarve7.pt\/#organization"},"potentialAction":[{"@type":"SearchAction","target":{"@type":"EntryPoint","urlTemplate":"https:\/\/algarve7.pt\/?s={search_term_string}"},"query-input":{"@type":"PropertyValueSpecification","valueRequired":true,"valueName":"search_term_string"}}],"inLanguage":"pt-PT"},{"@type":"Organization","@id":"https:\/\/algarve7.pt\/#organization","name":"Algarve 7","url":"https:\/\/algarve7.pt\/","logo":{"@type":"ImageObject","inLanguage":"pt-PT","@id":"https:\/\/algarve7.pt\/#\/schema\/logo\/image\/","url":"https:\/\/algarve7.pt\/wp-content\/uploads\/2020\/10\/Logo-8.jpg","contentUrl":"https:\/\/algarve7.pt\/wp-content\/uploads\/2020\/10\/Logo-8.jpg","width":1680,"height":1186,"caption":"Algarve 7"},"image":{"@id":"https:\/\/algarve7.pt\/#\/schema\/logo\/image\/"},"sameAs":["https:\/\/www.facebook.com\/algarve7","https:\/\/x.com\/Algarvesete","https:\/\/www.instagram.com\/jornalalgarve7\/","https:\/\/www.linkedin.com\/company\/algarve7","https:\/\/www.pinterest.pt\/geral0939\/_created\/"]},{"@type":"Person","@id":"https:\/\/algarve7.pt\/#\/schema\/person\/23fa70681308e7b319a3204bcea45e0c","name":"Algarve 7","sameAs":["https:\/\/algarve7.pt","https:\/\/www.facebook.com\/algarve7"],"url":"https:\/\/algarve7.pt\/index.php\/author\/geralalgarve7-pt\/"}]}},"jetpack_publicize_connections":[],"jetpack_featured_media_url":"https:\/\/algarve7.pt\/wp-content\/uploads\/2024\/04\/Captura-de-ecra-2024-04-15-as-12.36.13.png","jetpack_shortlink":"https:\/\/wp.me\/pcezmW-9Np","jetpack_sharing_enabled":true,"_links":{"self":[{"href":"https:\/\/algarve7.pt\/index.php\/wp-json\/wp\/v2\/posts\/37659","targetHints":{"allow":["GET"]}}],"collection":[{"href":"https:\/\/algarve7.pt\/index.php\/wp-json\/wp\/v2\/posts"}],"about":[{"href":"https:\/\/algarve7.pt\/index.php\/wp-json\/wp\/v2\/types\/post"}],"author":[{"embeddable":true,"href":"https:\/\/algarve7.pt\/index.php\/wp-json\/wp\/v2\/users\/1"}],"replies":[{"embeddable":true,"href":"https:\/\/algarve7.pt\/index.php\/wp-json\/wp\/v2\/comments?post=37659"}],"version-history":[{"count":0,"href":"https:\/\/algarve7.pt\/index.php\/wp-json\/wp\/v2\/posts\/37659\/revisions"}],"wp:featuredmedia":[{"embeddable":true,"href":"https:\/\/algarve7.pt\/index.php\/wp-json\/wp\/v2\/media\/37660"}],"wp:attachment":[{"href":"https:\/\/algarve7.pt\/index.php\/wp-json\/wp\/v2\/media?parent=37659"}],"wp:term":[{"taxonomy":"category","embeddable":true,"href":"https:\/\/algarve7.pt\/index.php\/wp-json\/wp\/v2\/categories?post=37659"},{"taxonomy":"post_tag","embeddable":true,"href":"https:\/\/algarve7.pt\/index.php\/wp-json\/wp\/v2\/tags?post=37659"}],"curies":[{"name":"wp","href":"https:\/\/api.w.org\/{rel}","templated":true}]}}