{"id":3756,"date":"2020-11-16T15:16:21","date_gmt":"2020-11-16T15:16:21","guid":{"rendered":"https:\/\/algarve7.pt\/?p=3756"},"modified":"2020-11-16T15:16:21","modified_gmt":"2020-11-16T15:16:21","slug":"tres-detidos-em-flagrante-a-furtar-abacate-em-almancil","status":"publish","type":"post","link":"https:\/\/algarve7.pt\/index.php\/2020\/11\/tres-detidos-em-flagrante-a-furtar-abacate-em-almancil\/atualidade\/15\/16\/","title":{"rendered":"Tr\u00eas detidos em flagrante a furtar abacate em Almancil"},"content":{"rendered":"\n<p>O Comando Territorial de Faro, atrav\u00e9s do Posto Territorial de Almancil, no dia 14 de novembro, deteve tr\u00eas homens com idades entre os 20 e os 48 anos por furto de produtos agr\u00edcolas, em Almancil.<\/p>\n\n\n\n<p>No seguimento de uma den\u00fancia a dar conta de um furto de abacate numa propriedade privada, os militares deslocaram-se ao local onde foi poss\u00edvel deter os suspeitos em flagrante delito. Os suspeitos tinham na sua posse tr\u00eas sacos com abacate furtado, com um peso total de 23 quilos, avaliado em 80 euros.<\/p>\n\n\n\n<p>Os detidos foram constitu\u00eddos arguidos, e os factos foram remetidos ao Tribunal Judicial de Loul\u00e9.<\/p>\n","protected":false},"excerpt":{"rendered":"<p>O Comando Territorial de Faro, atrav\u00e9s do Posto Territorial de Almancil, no dia 14 de novembro, deteve tr\u00eas homens com<\/p>\n","protected":false},"author":1,"featured_media":3757,"comment_status":"closed","ping_status":"open","sticky":false,"template":"","format":"standard","meta":{"colormag_page_container_layout":"default_layout","colormag_page_sidebar_layout":"default_layout","_monsterinsights_skip_tracking":false,"_monsterinsights_sitenote_active":false,"_monsterinsights_sitenote_note":"","_monsterinsights_sitenote_category":0,"jetpack_post_was_ever_published":false,"_jetpack_newsletter_access":"","_jetpack_dont_email_post_to_subs":false,"_jetpack_newsletter_tier_id":0,"_jetpack_memberships_contains_paywalled_content":false,"_jetpack_memberships_contains_paid_content":false,"footnotes":"","jetpack_publicize_message":"","jetpack_publicize_feature_enabled":true,"jetpack_social_post_already_shared":true,"jetpack_social_options":{"image_generator_settings":{"template":"highway","default_image_id":0,"font":"","enabled":false},"version":2}},"categories":[11],"tags":[36,86,62,140],"class_list":["post-3756","post","type-post","status-publish","format-standard","has-post-thumbnail","hentry","category-atualidade","tag-algarve","tag-almancil","tag-atualidade","tag-gnr"],"yoast_head":"<!-- This site is optimized with the Yoast SEO plugin v27.5 - https:\/\/yoast.com\/product\/yoast-seo-wordpress\/ -->\n<title>Tr\u00eas detidos em flagrante a furtar abacate em Almancil - Algarve 7<\/title>\n<meta name=\"description\" content=\"Tr\u00eas detidos em flagrante a furtar abacate em Almancil\" \/>\n<meta name=\"robots\" content=\"index, follow, max-snippet:-1, max-image-preview:large, max-video-preview:-1\" \/>\n<link rel=\"canonical\" href=\"https:\/\/algarve7.pt\/index.php\/2020\/11\/tres-detidos-em-flagrante-a-furtar-abacate-em-almancil\/atualidade\/15\/16\/\" \/>\n<meta property=\"og:locale\" content=\"pt_PT\" \/>\n<meta property=\"og:type\" content=\"article\" \/>\n<meta property=\"og:title\" content=\"Tr\u00eas detidos em flagrante a furtar abacate em Almancil - Algarve 7\" \/>\n<meta property=\"og:description\" content=\"Tr\u00eas detidos em flagrante a furtar abacate em Almancil\" \/>\n<meta property=\"og:url\" content=\"https:\/\/algarve7.pt\/index.php\/2020\/11\/tres-detidos-em-flagrante-a-furtar-abacate-em-almancil\/atualidade\/15\/16\/\" \/>\n<meta property=\"og:site_name\" content=\"Algarve 7\" \/>\n<meta property=\"article:publisher\" content=\"https:\/\/www.facebook.com\/algarve7\" \/>\n<meta property=\"article:author\" content=\"https:\/\/www.facebook.com\/algarve7\" \/>\n<meta property=\"article:published_time\" content=\"2020-11-16T15:16:21+00:00\" \/>\n<meta property=\"og:image\" content=\"https:\/\/algarve7.pt\/wp-content\/uploads\/2020\/11\/GNR-Faro-Apreensao-de-produtos-agricolas-e1605539765297.jpg\" \/>\n\t<meta property=\"og:image:width\" content=\"844\" \/>\n\t<meta property=\"og:image:height\" content=\"436\" \/>\n\t<meta property=\"og:image:type\" content=\"image\/jpeg\" \/>\n<meta name=\"author\" content=\"Algarve 7\" \/>\n<meta name=\"twitter:card\" content=\"summary_large_image\" \/>\n<meta name=\"twitter:creator\" content=\"@Algarvesete\" \/>\n<meta name=\"twitter:site\" content=\"@Algarvesete\" \/>\n<meta name=\"twitter:label1\" content=\"Escrito por\" \/>\n\t<meta name=\"twitter:data1\" content=\"Algarve 7\" \/>\n\t<meta name=\"twitter:label2\" content=\"Tempo estimado de leitura\" \/>\n\t<meta name=\"twitter:data2\" content=\"1 minuto\" \/>\n<script type=\"application\/ld+json\" class=\"yoast-schema-graph\">{\"@context\":\"https:\\\/\\\/schema.org\",\"@graph\":[{\"@type\":\"Article\",\"@id\":\"https:\\\/\\\/algarve7.pt\\\/index.php\\\/2020\\\/11\\\/tres-detidos-em-flagrante-a-furtar-abacate-em-almancil\\\/atualidade\\\/15\\\/16\\\/#article\",\"isPartOf\":{\"@id\":\"https:\\\/\\\/algarve7.pt\\\/index.php\\\/2020\\\/11\\\/tres-detidos-em-flagrante-a-furtar-abacate-em-almancil\\\/atualidade\\\/15\\\/16\\\/\"},\"author\":{\"name\":\"Algarve 7\",\"@id\":\"https:\\\/\\\/algarve7.pt\\\/#\\\/schema\\\/person\\\/23fa70681308e7b319a3204bcea45e0c\"},\"headline\":\"Tr\u00eas detidos em flagrante a furtar abacate em Almancil\",\"datePublished\":\"2020-11-16T15:16:21+00:00\",\"mainEntityOfPage\":{\"@id\":\"https:\\\/\\\/algarve7.pt\\\/index.php\\\/2020\\\/11\\\/tres-detidos-em-flagrante-a-furtar-abacate-em-almancil\\\/atualidade\\\/15\\\/16\\\/\"},\"wordCount\":114,\"publisher\":{\"@id\":\"https:\\\/\\\/algarve7.pt\\\/#organization\"},\"image\":{\"@id\":\"https:\\\/\\\/algarve7.pt\\\/index.php\\\/2020\\\/11\\\/tres-detidos-em-flagrante-a-furtar-abacate-em-almancil\\\/atualidade\\\/15\\\/16\\\/#primaryimage\"},\"thumbnailUrl\":\"https:\\\/\\\/algarve7.pt\\\/wp-content\\\/uploads\\\/2020\\\/11\\\/GNR-Faro-Apreensao-de-produtos-agricolas-e1605539765297.jpg\",\"keywords\":[\"Algarve\",\"Almancil\",\"Atualidade\",\"GNR\"],\"articleSection\":[\"Atualidade\"],\"inLanguage\":\"pt-PT\"},{\"@type\":\"WebPage\",\"@id\":\"https:\\\/\\\/algarve7.pt\\\/index.php\\\/2020\\\/11\\\/tres-detidos-em-flagrante-a-furtar-abacate-em-almancil\\\/atualidade\\\/15\\\/16\\\/\",\"url\":\"https:\\\/\\\/algarve7.pt\\\/index.php\\\/2020\\\/11\\\/tres-detidos-em-flagrante-a-furtar-abacate-em-almancil\\\/atualidade\\\/15\\\/16\\\/\",\"name\":\"Tr\u00eas detidos em flagrante a furtar abacate em Almancil - Algarve 7\",\"isPartOf\":{\"@id\":\"https:\\\/\\\/algarve7.pt\\\/#website\"},\"primaryImageOfPage\":{\"@id\":\"https:\\\/\\\/algarve7.pt\\\/index.php\\\/2020\\\/11\\\/tres-detidos-em-flagrante-a-furtar-abacate-em-almancil\\\/atualidade\\\/15\\\/16\\\/#primaryimage\"},\"image\":{\"@id\":\"https:\\\/\\\/algarve7.pt\\\/index.php\\\/2020\\\/11\\\/tres-detidos-em-flagrante-a-furtar-abacate-em-almancil\\\/atualidade\\\/15\\\/16\\\/#primaryimage\"},\"thumbnailUrl\":\"https:\\\/\\\/algarve7.pt\\\/wp-content\\\/uploads\\\/2020\\\/11\\\/GNR-Faro-Apreensao-de-produtos-agricolas-e1605539765297.jpg\",\"datePublished\":\"2020-11-16T15:16:21+00:00\",\"description\":\"Tr\u00eas detidos em flagrante a furtar abacate em Almancil\",\"breadcrumb\":{\"@id\":\"https:\\\/\\\/algarve7.pt\\\/index.php\\\/2020\\\/11\\\/tres-detidos-em-flagrante-a-furtar-abacate-em-almancil\\\/atualidade\\\/15\\\/16\\\/#breadcrumb\"},\"inLanguage\":\"pt-PT\",\"potentialAction\":[{\"@type\":\"ReadAction\",\"target\":[\"https:\\\/\\\/algarve7.pt\\\/index.php\\\/2020\\\/11\\\/tres-detidos-em-flagrante-a-furtar-abacate-em-almancil\\\/atualidade\\\/15\\\/16\\\/\"]}]},{\"@type\":\"ImageObject\",\"inLanguage\":\"pt-PT\",\"@id\":\"https:\\\/\\\/algarve7.pt\\\/index.php\\\/2020\\\/11\\\/tres-detidos-em-flagrante-a-furtar-abacate-em-almancil\\\/atualidade\\\/15\\\/16\\\/#primaryimage\",\"url\":\"https:\\\/\\\/algarve7.pt\\\/wp-content\\\/uploads\\\/2020\\\/11\\\/GNR-Faro-Apreensao-de-produtos-agricolas-e1605539765297.jpg\",\"contentUrl\":\"https:\\\/\\\/algarve7.pt\\\/wp-content\\\/uploads\\\/2020\\\/11\\\/GNR-Faro-Apreensao-de-produtos-agricolas-e1605539765297.jpg\",\"width\":844,\"height\":436},{\"@type\":\"BreadcrumbList\",\"@id\":\"https:\\\/\\\/algarve7.pt\\\/index.php\\\/2020\\\/11\\\/tres-detidos-em-flagrante-a-furtar-abacate-em-almancil\\\/atualidade\\\/15\\\/16\\\/#breadcrumb\",\"itemListElement\":[{\"@type\":\"ListItem\",\"position\":1,\"name\":\"In\u00edcio\",\"item\":\"https:\\\/\\\/algarve7.pt\\\/\"},{\"@type\":\"ListItem\",\"position\":2,\"name\":\"Tr\u00eas detidos em flagrante a furtar abacate em Almancil\"}]},{\"@type\":\"WebSite\",\"@id\":\"https:\\\/\\\/algarve7.pt\\\/#website\",\"url\":\"https:\\\/\\\/algarve7.pt\\\/\",\"name\":\"Algarve 7\",\"description\":\"Informa\u00e7\u00e3o sobre o Algarve\",\"publisher\":{\"@id\":\"https:\\\/\\\/algarve7.pt\\\/#organization\"},\"potentialAction\":[{\"@type\":\"SearchAction\",\"target\":{\"@type\":\"EntryPoint\",\"urlTemplate\":\"https:\\\/\\\/algarve7.pt\\\/?s={search_term_string}\"},\"query-input\":{\"@type\":\"PropertyValueSpecification\",\"valueRequired\":true,\"valueName\":\"search_term_string\"}}],\"inLanguage\":\"pt-PT\"},{\"@type\":\"Organization\",\"@id\":\"https:\\\/\\\/algarve7.pt\\\/#organization\",\"name\":\"Algarve 7\",\"url\":\"https:\\\/\\\/algarve7.pt\\\/\",\"logo\":{\"@type\":\"ImageObject\",\"inLanguage\":\"pt-PT\",\"@id\":\"https:\\\/\\\/algarve7.pt\\\/#\\\/schema\\\/logo\\\/image\\\/\",\"url\":\"https:\\\/\\\/algarve7.pt\\\/wp-content\\\/uploads\\\/2020\\\/10\\\/Logo-8.jpg\",\"contentUrl\":\"https:\\\/\\\/algarve7.pt\\\/wp-content\\\/uploads\\\/2020\\\/10\\\/Logo-8.jpg\",\"width\":1680,\"height\":1186,\"caption\":\"Algarve 7\"},\"image\":{\"@id\":\"https:\\\/\\\/algarve7.pt\\\/#\\\/schema\\\/logo\\\/image\\\/\"},\"sameAs\":[\"https:\\\/\\\/www.facebook.com\\\/algarve7\",\"https:\\\/\\\/x.com\\\/Algarvesete\",\"https:\\\/\\\/www.instagram.com\\\/jornalalgarve7\\\/\",\"https:\\\/\\\/www.linkedin.com\\\/company\\\/algarve7\",\"https:\\\/\\\/www.pinterest.pt\\\/geral0939\\\/_created\\\/\"]},{\"@type\":\"Person\",\"@id\":\"https:\\\/\\\/algarve7.pt\\\/#\\\/schema\\\/person\\\/23fa70681308e7b319a3204bcea45e0c\",\"name\":\"Algarve 7\",\"sameAs\":[\"https:\\\/\\\/algarve7.pt\",\"https:\\\/\\\/www.facebook.com\\\/algarve7\"],\"url\":\"https:\\\/\\\/algarve7.pt\\\/index.php\\\/author\\\/geralalgarve7-pt\\\/\"}]}<\/script>\n<!-- \/ Yoast SEO plugin. -->","yoast_head_json":{"title":"Tr\u00eas detidos em flagrante a furtar abacate em Almancil - Algarve 7","description":"Tr\u00eas detidos em flagrante a furtar abacate em Almancil","robots":{"index":"index","follow":"follow","max-snippet":"max-snippet:-1","max-image-preview":"max-image-preview:large","max-video-preview":"max-video-preview:-1"},"canonical":"https:\/\/algarve7.pt\/index.php\/2020\/11\/tres-detidos-em-flagrante-a-furtar-abacate-em-almancil\/atualidade\/15\/16\/","og_locale":"pt_PT","og_type":"article","og_title":"Tr\u00eas detidos em flagrante a furtar abacate em Almancil - Algarve 7","og_description":"Tr\u00eas detidos em flagrante a furtar abacate em Almancil","og_url":"https:\/\/algarve7.pt\/index.php\/2020\/11\/tres-detidos-em-flagrante-a-furtar-abacate-em-almancil\/atualidade\/15\/16\/","og_site_name":"Algarve 7","article_publisher":"https:\/\/www.facebook.com\/algarve7","article_author":"https:\/\/www.facebook.com\/algarve7","article_published_time":"2020-11-16T15:16:21+00:00","og_image":[{"width":844,"height":436,"url":"https:\/\/algarve7.pt\/wp-content\/uploads\/2020\/11\/GNR-Faro-Apreensao-de-produtos-agricolas-e1605539765297.jpg","type":"image\/jpeg"}],"author":"Algarve 7","twitter_card":"summary_large_image","twitter_creator":"@Algarvesete","twitter_site":"@Algarvesete","twitter_misc":{"Escrito por":"Algarve 7","Tempo estimado de leitura":"1 minuto"},"schema":{"@context":"https:\/\/schema.org","@graph":[{"@type":"Article","@id":"https:\/\/algarve7.pt\/index.php\/2020\/11\/tres-detidos-em-flagrante-a-furtar-abacate-em-almancil\/atualidade\/15\/16\/#article","isPartOf":{"@id":"https:\/\/algarve7.pt\/index.php\/2020\/11\/tres-detidos-em-flagrante-a-furtar-abacate-em-almancil\/atualidade\/15\/16\/"},"author":{"name":"Algarve 7","@id":"https:\/\/algarve7.pt\/#\/schema\/person\/23fa70681308e7b319a3204bcea45e0c"},"headline":"Tr\u00eas detidos em flagrante a furtar abacate em Almancil","datePublished":"2020-11-16T15:16:21+00:00","mainEntityOfPage":{"@id":"https:\/\/algarve7.pt\/index.php\/2020\/11\/tres-detidos-em-flagrante-a-furtar-abacate-em-almancil\/atualidade\/15\/16\/"},"wordCount":114,"publisher":{"@id":"https:\/\/algarve7.pt\/#organization"},"image":{"@id":"https:\/\/algarve7.pt\/index.php\/2020\/11\/tres-detidos-em-flagrante-a-furtar-abacate-em-almancil\/atualidade\/15\/16\/#primaryimage"},"thumbnailUrl":"https:\/\/algarve7.pt\/wp-content\/uploads\/2020\/11\/GNR-Faro-Apreensao-de-produtos-agricolas-e1605539765297.jpg","keywords":["Algarve","Almancil","Atualidade","GNR"],"articleSection":["Atualidade"],"inLanguage":"pt-PT"},{"@type":"WebPage","@id":"https:\/\/algarve7.pt\/index.php\/2020\/11\/tres-detidos-em-flagrante-a-furtar-abacate-em-almancil\/atualidade\/15\/16\/","url":"https:\/\/algarve7.pt\/index.php\/2020\/11\/tres-detidos-em-flagrante-a-furtar-abacate-em-almancil\/atualidade\/15\/16\/","name":"Tr\u00eas detidos em flagrante a furtar abacate em Almancil - Algarve 7","isPartOf":{"@id":"https:\/\/algarve7.pt\/#website"},"primaryImageOfPage":{"@id":"https:\/\/algarve7.pt\/index.php\/2020\/11\/tres-detidos-em-flagrante-a-furtar-abacate-em-almancil\/atualidade\/15\/16\/#primaryimage"},"image":{"@id":"https:\/\/algarve7.pt\/index.php\/2020\/11\/tres-detidos-em-flagrante-a-furtar-abacate-em-almancil\/atualidade\/15\/16\/#primaryimage"},"thumbnailUrl":"https:\/\/algarve7.pt\/wp-content\/uploads\/2020\/11\/GNR-Faro-Apreensao-de-produtos-agricolas-e1605539765297.jpg","datePublished":"2020-11-16T15:16:21+00:00","description":"Tr\u00eas detidos em flagrante a furtar abacate em Almancil","breadcrumb":{"@id":"https:\/\/algarve7.pt\/index.php\/2020\/11\/tres-detidos-em-flagrante-a-furtar-abacate-em-almancil\/atualidade\/15\/16\/#breadcrumb"},"inLanguage":"pt-PT","potentialAction":[{"@type":"ReadAction","target":["https:\/\/algarve7.pt\/index.php\/2020\/11\/tres-detidos-em-flagrante-a-furtar-abacate-em-almancil\/atualidade\/15\/16\/"]}]},{"@type":"ImageObject","inLanguage":"pt-PT","@id":"https:\/\/algarve7.pt\/index.php\/2020\/11\/tres-detidos-em-flagrante-a-furtar-abacate-em-almancil\/atualidade\/15\/16\/#primaryimage","url":"https:\/\/algarve7.pt\/wp-content\/uploads\/2020\/11\/GNR-Faro-Apreensao-de-produtos-agricolas-e1605539765297.jpg","contentUrl":"https:\/\/algarve7.pt\/wp-content\/uploads\/2020\/11\/GNR-Faro-Apreensao-de-produtos-agricolas-e1605539765297.jpg","width":844,"height":436},{"@type":"BreadcrumbList","@id":"https:\/\/algarve7.pt\/index.php\/2020\/11\/tres-detidos-em-flagrante-a-furtar-abacate-em-almancil\/atualidade\/15\/16\/#breadcrumb","itemListElement":[{"@type":"ListItem","position":1,"name":"In\u00edcio","item":"https:\/\/algarve7.pt\/"},{"@type":"ListItem","position":2,"name":"Tr\u00eas detidos em flagrante a furtar abacate em Almancil"}]},{"@type":"WebSite","@id":"https:\/\/algarve7.pt\/#website","url":"https:\/\/algarve7.pt\/","name":"Algarve 7","description":"Informa\u00e7\u00e3o sobre o Algarve","publisher":{"@id":"https:\/\/algarve7.pt\/#organization"},"potentialAction":[{"@type":"SearchAction","target":{"@type":"EntryPoint","urlTemplate":"https:\/\/algarve7.pt\/?s={search_term_string}"},"query-input":{"@type":"PropertyValueSpecification","valueRequired":true,"valueName":"search_term_string"}}],"inLanguage":"pt-PT"},{"@type":"Organization","@id":"https:\/\/algarve7.pt\/#organization","name":"Algarve 7","url":"https:\/\/algarve7.pt\/","logo":{"@type":"ImageObject","inLanguage":"pt-PT","@id":"https:\/\/algarve7.pt\/#\/schema\/logo\/image\/","url":"https:\/\/algarve7.pt\/wp-content\/uploads\/2020\/10\/Logo-8.jpg","contentUrl":"https:\/\/algarve7.pt\/wp-content\/uploads\/2020\/10\/Logo-8.jpg","width":1680,"height":1186,"caption":"Algarve 7"},"image":{"@id":"https:\/\/algarve7.pt\/#\/schema\/logo\/image\/"},"sameAs":["https:\/\/www.facebook.com\/algarve7","https:\/\/x.com\/Algarvesete","https:\/\/www.instagram.com\/jornalalgarve7\/","https:\/\/www.linkedin.com\/company\/algarve7","https:\/\/www.pinterest.pt\/geral0939\/_created\/"]},{"@type":"Person","@id":"https:\/\/algarve7.pt\/#\/schema\/person\/23fa70681308e7b319a3204bcea45e0c","name":"Algarve 7","sameAs":["https:\/\/algarve7.pt","https:\/\/www.facebook.com\/algarve7"],"url":"https:\/\/algarve7.pt\/index.php\/author\/geralalgarve7-pt\/"}]}},"jetpack_publicize_connections":[],"jetpack_featured_media_url":"https:\/\/algarve7.pt\/wp-content\/uploads\/2020\/11\/GNR-Faro-Apreensao-de-produtos-agricolas-e1605539765297.jpg","jetpack_shortlink":"https:\/\/wp.me\/pcezmW-YA","jetpack_sharing_enabled":true,"_links":{"self":[{"href":"https:\/\/algarve7.pt\/index.php\/wp-json\/wp\/v2\/posts\/3756","targetHints":{"allow":["GET"]}}],"collection":[{"href":"https:\/\/algarve7.pt\/index.php\/wp-json\/wp\/v2\/posts"}],"about":[{"href":"https:\/\/algarve7.pt\/index.php\/wp-json\/wp\/v2\/types\/post"}],"author":[{"embeddable":true,"href":"https:\/\/algarve7.pt\/index.php\/wp-json\/wp\/v2\/users\/1"}],"replies":[{"embeddable":true,"href":"https:\/\/algarve7.pt\/index.php\/wp-json\/wp\/v2\/comments?post=3756"}],"version-history":[{"count":0,"href":"https:\/\/algarve7.pt\/index.php\/wp-json\/wp\/v2\/posts\/3756\/revisions"}],"wp:featuredmedia":[{"embeddable":true,"href":"https:\/\/algarve7.pt\/index.php\/wp-json\/wp\/v2\/media\/3757"}],"wp:attachment":[{"href":"https:\/\/algarve7.pt\/index.php\/wp-json\/wp\/v2\/media?parent=3756"}],"wp:term":[{"taxonomy":"category","embeddable":true,"href":"https:\/\/algarve7.pt\/index.php\/wp-json\/wp\/v2\/categories?post=3756"},{"taxonomy":"post_tag","embeddable":true,"href":"https:\/\/algarve7.pt\/index.php\/wp-json\/wp\/v2\/tags?post=3756"}],"curies":[{"name":"wp","href":"https:\/\/api.w.org\/{rel}","templated":true}]}}