{"id":37489,"date":"2024-04-10T15:50:09","date_gmt":"2024-04-10T14:50:09","guid":{"rendered":"https:\/\/algarve7.pt\/?p=37489"},"modified":"2024-04-10T16:02:04","modified_gmt":"2024-04-10T15:02:04","slug":"apresentacao-da-estrategia-de-desenvolvimento-promocao-e-captacao-de-novos-turistas-para-albufeira-teve-salao-nobre-lotado","status":"publish","type":"post","link":"https:\/\/algarve7.pt\/index.php\/2024\/04\/apresentacao-da-estrategia-de-desenvolvimento-promocao-e-captacao-de-novos-turistas-para-albufeira-teve-salao-nobre-lotado\/turismo\/15\/50\/","title":{"rendered":"Apresenta\u00e7\u00e3o da estrat\u00e9gia de desenvolvimento, promo\u00e7\u00e3o e capta\u00e7\u00e3o de novos turistas para Albufeira teve sal\u00e3o nobre lotado\u00a0"},"content":{"rendered":"\n<p>O Sal\u00e3o Nobre da C\u00e2mara Municipal estava praticamente lotado. Nas primeiras filas sentados para assistir \u00e0 apresenta\u00e7\u00e3o da&nbsp;<em>Estrat\u00e9gia de Desenvolvimento, Promo\u00e7\u00e3o e capta\u00e7\u00e3o de turistas para Albufeira<\/em>, para al\u00e9m do presidente Jos\u00e9 Carlos Rolo, vereadores e presidentes de Junta de Freguesia, estavam, tamb\u00e9m, os presidentes da Regi\u00e3o de Turismo do Algarve, da AHETA, da APAL, do NERA e o diretor do aeroporto de Faro.<\/p>\n\n\n\n<p>Albufeira \u00e9 um destino tur\u00edstico de sol e mar, com uma localiza\u00e7\u00e3o estrat\u00e9gica no Algarve, a cerca de 30 minutos do aeroporto de Faro, um destino maduro, reconhecido a n\u00edvel mundial e que concentra a maior oferta&nbsp;<em>premium<\/em>&nbsp;do Algarve, com um servi\u00e7o de qualidade a n\u00edvel do alojamento tur\u00edstico (o maior n\u00famero de hot\u00e9is 5 estrelas) e da restaura\u00e7\u00e3o.<\/p>\n\n\n\n<p>O presidente da C\u00e2mara Municipal de Albufeira sublinha que \u201co Sol e Mar continua e deve continuar a ser o principal foco da atividade tur\u00edstica, apesar de ser necess\u00e1rio diversificar o produto e criar condi\u00e7\u00f5es para receber turistas ao longo de todo o ano, com vista a combater a sazonalidade\u201d, que diz ser cada vez menos vincada, \u201ce rentabilizar a base econ\u00f3mica do concelho\u201d. Jos\u00e9 Carlos Rolo refere a prop\u00f3sito que \u201ca diversifica\u00e7\u00e3o tur\u00edstica tem que ser uma realidade trabalhada com todos os&nbsp;<em>stakeholders<\/em>, concluindo que o Estudo hoje apresentado pelo IPDT \u2013 Turismo (especialistas em consultoria em turismo para empresas e destinos tur\u00edsticos) n\u00e3o \u00e9 um documento acabado, podendo sofrer altera\u00e7\u00f5es em fun\u00e7\u00e3o de circunst\u00e2ncias imprevis\u00edveis a n\u00edvel econ\u00f3mico, sanit\u00e1rias, recorde-se o que aconteceu com o Covid, e internacionais, entre outras\u201d. Ainda, no que diz respeito \u00e0 diversifica\u00e7\u00e3o do produto, recordou que os munic\u00edpios de Loul\u00e9, Silves e Albufeira s\u00e3o candidatos a Geoparque da UNESCO, sendo que a concretiza\u00e7\u00e3o da candidatura ir\u00e1 promover a capta\u00e7\u00e3o de novos turistas, nomeadamente o turismo cient\u00edfico e de natureza\u201d.<\/p>\n\n\n\n<p>No que respeita \u00e0 apresenta\u00e7\u00e3o da\u00a0<em>Estrat\u00e9gia de Desenvolvimento, Promo\u00e7\u00e3o e capta\u00e7\u00e3o de turistas para Albufeira<\/em>\u00a0foi referido pela IPDT, que ap\u00f3s a realiza\u00e7\u00e3o do Diagn\u00f3stico, que resultou de diversas entrevistas realizadas com respons\u00e1veis da autarquia, residentes, agentes econ\u00f3micos, operadores internacionais, empres\u00e1rios e entidades com responsabilidades no setor, foi desenhado\/definido um modelo de desenvolvimento tur\u00edstico comprometido com o trabalho e coopera\u00e7\u00e3o intersectorial, um plano de a\u00e7\u00e3o com medidas relevantes, devidamente priorizadas no tempo, e uma pol\u00edtica de marketing centrada na segmenta\u00e7\u00e3o da comunica\u00e7\u00e3o, com vista a alcan\u00e7ar p\u00fablicos de valor acrescentado. Os resultados tur\u00edsticos, apesar da descida em algumas \u00e1reas, apresentam indicadores positivos, nomeadamente ao n\u00edvel da descida, embora ligeira, da taxa de sazonalidade 41,5 em 2023 (-1.1p. face a 2019); aumento dos proveitos totais em 2022 &#8211; 486 M\u20ac (+12% face 2019), entre outros que revelam a import\u00e2ncia de se dar in\u00edcio a uma nova fase no turismo em Albufeira.\u00a0<\/p>\n\n\n\n<p>Os grandes desafios que Albufeira enfrenta passam pela Notoriedade (elevada perce\u00e7\u00e3o de destino massificado associado \u00e0 anima\u00e7\u00e3o noturna e falta de associa\u00e7\u00e3o da marca \u201cAlbufeira\u201d \u00e0 oferta tur\u00edstica global); Sazonalidade (elevada taxa com encerramento de neg\u00f3cios e marcado de trabalho vol\u00e1til); Mercado (forte depend\u00eancia do Reino Unido baixas taxas de penetra\u00e7\u00e3o em mercados de elevado potencial); Concentra\u00e7\u00e3o Tur\u00edstica (maior concentra\u00e7\u00e3o na Freguesia de Albufeira e Olhos de \u00c1gua e press\u00e3o em zonas com capacidade de carga comprometidas) e Comunidade Local (algum descontentamento e n\u00e3o reconhecimento dos benef\u00edcios do turismo).<\/p>\n\n\n\n<p>Assim, o que se preconiza para o futuro de Albufeira tem por base uma vis\u00e3o que assenta nas seguintes ambi\u00e7\u00f5es: ser o melhor destino tur\u00edstico em Portugal, com uma oferta de qualidade superior em toda a cadeia de valor da atividade tur\u00edstica; destino de elei\u00e7\u00e3o dos Europeus para&nbsp;<em>short<\/em>&nbsp;ou&nbsp;<em>long breaks<\/em>; ser reconhecido internacionalmente pelas suas praias e oferta de atividades tur\u00edsticas diferenciadas; destino de refer\u00eancia na anima\u00e7\u00e3o noturna em Portugal; destino nacional com maior capacidade para formar e reter os melhores profissionais do setor; destino mobilizador na implementa\u00e7\u00e3o de medidas de combate \u00e0s altera\u00e7\u00f5es clim\u00e1ticas e a manuten\u00e7\u00e3o do fluxo bidirecional de comunica\u00e7\u00e3o\/informa\u00e7\u00e3o\/sensibiliza\u00e7\u00e3o entre munic\u00edpio, residentes, empres\u00e1rios e operadores tur\u00edsticos.<\/p>\n\n\n\n<p>Resumindo, a resposta de Albufeira aos atuais desafios para que Albufeira se consolide como o melhor destino de Sol e Mar de Portugal, reconhecido a n\u00edvel internacional, com um horizonte temporal at\u00e9 2030, assenta em seis objetivos estrat\u00e9gicos: Reverter\/desmistificar a imagem generalizada de Albufeira enquanto destino tur\u00edstico massificado; organizar a oferta em&nbsp;<em>clusters<\/em>&nbsp;tur\u00edsticos para ir ao encontro do perfil dos visitantes que se pretende atrair; criar as condi\u00e7\u00f5es para que cada&nbsp;<em>cluster<\/em>possa manter-se din\u00e2mico durante todo o ano; reduzir a depend\u00eancia do mercado brit\u00e2nico, aumentando a taxa de capta\u00e7\u00e3o de mercados com potencial de crescimento; gerar valor econ\u00f3mico e social atrav\u00e9s do turismo pela fixa\u00e7\u00e3o de residentes e desenvolvimento e reten\u00e7\u00e3o de recursos humanos qualificados e por \u00faltimo, elevar Albufeira a refer\u00eancia internacional enquanto destino tur\u00edstico sustent\u00e1vel.<\/p>\n\n\n\n<p>Para o efeito, foi definido um modelo tur\u00edstico com duas dimens\u00f5es, devidamente articuladas entre os setores p\u00fablico e privado, nomeadamente no que respeita \u00e0 qualifica\u00e7\u00e3o de infraestruturas do destino e qualifica\u00e7\u00e3o da oferta tur\u00edstica. Por outro lado, e n\u00e3o menos importante, h\u00e1 que trabalhar os chamados \u201cativos diferenciadores\u201d, nomeadamente Albufeira ser destino tur\u00edstico experiente; apresentar uma oferta&nbsp;<em>premium<\/em>&nbsp;a n\u00edvel do alojamento e restaura\u00e7\u00e3o; ter as melhores praias do mundo; um patrim\u00f3nio cultural e natural com particularidades \u00fanicas; anima\u00e7\u00e3o noturna vibrante, ampla oferta de atividades n\u00e1uticas, desportivas e culturais, com a vantagem de ser um destino hospitaleiro e \u201cfamily friendly\u201d, o que de acordo com a opini\u00e3o do presidente da C\u00e2mara Municipal, \u201cse for bem trabalhado, faz de Albufeira um territ\u00f3rio \u00fanico com uma oferta de qualidade superior, que resulta em vantagem competitiva relativamente a outros destinos\u201d.<\/p>\n\n\n\n<p>Refira-se, ainda, que a Estrat\u00e9gia para o Turismo de Albufeira, com um horizonte temporal at\u00e9 2030, est\u00e1 alinhada com a Estrat\u00e9gia para o turismo a n\u00edvel nacional.&nbsp;&nbsp;&nbsp;<\/p>\n","protected":false},"excerpt":{"rendered":"<p>O Sal\u00e3o Nobre da C\u00e2mara Municipal estava praticamente lotado. Nas primeiras filas sentados para assistir \u00e0 apresenta\u00e7\u00e3o da&nbsp;Estrat\u00e9gia de Desenvolvimento,<\/p>\n","protected":false},"author":1,"featured_media":37490,"comment_status":"closed","ping_status":"open","sticky":false,"template":"","format":"standard","meta":{"colormag_page_container_layout":"default_layout","colormag_page_sidebar_layout":"default_layout","_monsterinsights_skip_tracking":false,"_monsterinsights_sitenote_active":false,"_monsterinsights_sitenote_note":"","_monsterinsights_sitenote_category":0,"jetpack_post_was_ever_published":false,"_jetpack_newsletter_access":"","_jetpack_dont_email_post_to_subs":false,"_jetpack_newsletter_tier_id":0,"_jetpack_memberships_contains_paywalled_content":false,"_jetpack_memberships_contains_paid_content":false,"footnotes":"","jetpack_publicize_message":"","jetpack_publicize_feature_enabled":true,"jetpack_social_post_already_shared":false,"jetpack_social_options":{"image_generator_settings":{"template":"highway","default_image_id":0,"font":"","enabled":false},"version":2}},"categories":[17],"tags":[155,36,45],"class_list":["post-37489","post","type-post","status-publish","format-standard","has-post-thumbnail","hentry","category-turismo","tag-albufeira","tag-algarve","tag-turismo"],"yoast_head":"<!-- This site is optimized with the Yoast SEO plugin v27.4 - https:\/\/yoast.com\/product\/yoast-seo-wordpress\/ -->\n<title>Apresenta\u00e7\u00e3o da estrat\u00e9gia de desenvolvimento, promo\u00e7\u00e3o e capta\u00e7\u00e3o de novos turistas para Albufeira teve sal\u00e3o nobre lotado\u00a0 - Algarve 7<\/title>\n<meta name=\"description\" content=\"Apresenta\u00e7\u00e3o da estrat\u00e9gia de desenvolvimento, promo\u00e7\u00e3o e capta\u00e7\u00e3o de novos turistas para Albufeira teve sal\u00e3o nobre lotado\u00a0 Turismo\" \/>\n<meta name=\"robots\" content=\"index, follow, max-snippet:-1, max-image-preview:large, max-video-preview:-1\" \/>\n<link rel=\"canonical\" href=\"https:\/\/algarve7.pt\/index.php\/2024\/04\/apresentacao-da-estrategia-de-desenvolvimento-promocao-e-captacao-de-novos-turistas-para-albufeira-teve-salao-nobre-lotado\/turismo\/15\/50\/\" \/>\n<meta property=\"og:locale\" content=\"pt_PT\" \/>\n<meta property=\"og:type\" content=\"article\" \/>\n<meta property=\"og:title\" content=\"Apresenta\u00e7\u00e3o da estrat\u00e9gia de desenvolvimento, promo\u00e7\u00e3o e capta\u00e7\u00e3o de novos turistas para Albufeira teve sal\u00e3o nobre lotado\u00a0 - Algarve 7\" \/>\n<meta property=\"og:description\" content=\"Apresenta\u00e7\u00e3o da estrat\u00e9gia de desenvolvimento, promo\u00e7\u00e3o e capta\u00e7\u00e3o de novos turistas para Albufeira teve sal\u00e3o nobre lotado\u00a0 Turismo\" \/>\n<meta property=\"og:url\" content=\"https:\/\/algarve7.pt\/index.php\/2024\/04\/apresentacao-da-estrategia-de-desenvolvimento-promocao-e-captacao-de-novos-turistas-para-albufeira-teve-salao-nobre-lotado\/turismo\/15\/50\/\" \/>\n<meta property=\"og:site_name\" content=\"Algarve 7\" \/>\n<meta property=\"article:publisher\" content=\"https:\/\/www.facebook.com\/algarve7\" \/>\n<meta property=\"article:author\" content=\"https:\/\/www.facebook.com\/algarve7\" \/>\n<meta property=\"article:published_time\" content=\"2024-04-10T14:50:09+00:00\" \/>\n<meta property=\"article:modified_time\" content=\"2024-04-10T15:02:04+00:00\" \/>\n<meta property=\"og:image\" content=\"https:\/\/algarve7.pt\/wp-content\/uploads\/2024\/04\/CMA\u00a9RuiGregorio_31047.jpg\" \/>\n\t<meta property=\"og:image:width\" content=\"1000\" \/>\n\t<meta property=\"og:image:height\" content=\"623\" \/>\n\t<meta property=\"og:image:type\" content=\"image\/jpeg\" \/>\n<meta name=\"author\" content=\"Algarve 7\" \/>\n<meta name=\"twitter:card\" content=\"summary_large_image\" \/>\n<meta name=\"twitter:creator\" content=\"@Algarvesete\" \/>\n<meta name=\"twitter:site\" content=\"@Algarvesete\" \/>\n<meta name=\"twitter:label1\" content=\"Escrito por\" \/>\n\t<meta name=\"twitter:data1\" content=\"Algarve 7\" \/>\n\t<meta name=\"twitter:label2\" content=\"Tempo estimado de leitura\" \/>\n\t<meta name=\"twitter:data2\" content=\"6 minutos\" \/>\n<script type=\"application\/ld+json\" class=\"yoast-schema-graph\">{\"@context\":\"https:\\\/\\\/schema.org\",\"@graph\":[{\"@type\":\"Article\",\"@id\":\"https:\\\/\\\/algarve7.pt\\\/index.php\\\/2024\\\/04\\\/apresentacao-da-estrategia-de-desenvolvimento-promocao-e-captacao-de-novos-turistas-para-albufeira-teve-salao-nobre-lotado\\\/turismo\\\/15\\\/50\\\/#article\",\"isPartOf\":{\"@id\":\"https:\\\/\\\/algarve7.pt\\\/index.php\\\/2024\\\/04\\\/apresentacao-da-estrategia-de-desenvolvimento-promocao-e-captacao-de-novos-turistas-para-albufeira-teve-salao-nobre-lotado\\\/turismo\\\/15\\\/50\\\/\"},\"author\":{\"name\":\"Algarve 7\",\"@id\":\"https:\\\/\\\/algarve7.pt\\\/#\\\/schema\\\/person\\\/23fa70681308e7b319a3204bcea45e0c\"},\"headline\":\"Apresenta\u00e7\u00e3o da estrat\u00e9gia de desenvolvimento, promo\u00e7\u00e3o e capta\u00e7\u00e3o de novos turistas para Albufeira teve sal\u00e3o nobre lotado\u00a0\",\"datePublished\":\"2024-04-10T14:50:09+00:00\",\"dateModified\":\"2024-04-10T15:02:04+00:00\",\"mainEntityOfPage\":{\"@id\":\"https:\\\/\\\/algarve7.pt\\\/index.php\\\/2024\\\/04\\\/apresentacao-da-estrategia-de-desenvolvimento-promocao-e-captacao-de-novos-turistas-para-albufeira-teve-salao-nobre-lotado\\\/turismo\\\/15\\\/50\\\/\"},\"wordCount\":1098,\"publisher\":{\"@id\":\"https:\\\/\\\/algarve7.pt\\\/#organization\"},\"image\":{\"@id\":\"https:\\\/\\\/algarve7.pt\\\/index.php\\\/2024\\\/04\\\/apresentacao-da-estrategia-de-desenvolvimento-promocao-e-captacao-de-novos-turistas-para-albufeira-teve-salao-nobre-lotado\\\/turismo\\\/15\\\/50\\\/#primaryimage\"},\"thumbnailUrl\":\"https:\\\/\\\/algarve7.pt\\\/wp-content\\\/uploads\\\/2024\\\/04\\\/CMA\u00a9RuiGregorio_31047.jpg\",\"keywords\":[\"Albufeira\",\"Algarve\",\"Turismo\"],\"articleSection\":[\"Turismo\"],\"inLanguage\":\"pt-PT\"},{\"@type\":\"WebPage\",\"@id\":\"https:\\\/\\\/algarve7.pt\\\/index.php\\\/2024\\\/04\\\/apresentacao-da-estrategia-de-desenvolvimento-promocao-e-captacao-de-novos-turistas-para-albufeira-teve-salao-nobre-lotado\\\/turismo\\\/15\\\/50\\\/\",\"url\":\"https:\\\/\\\/algarve7.pt\\\/index.php\\\/2024\\\/04\\\/apresentacao-da-estrategia-de-desenvolvimento-promocao-e-captacao-de-novos-turistas-para-albufeira-teve-salao-nobre-lotado\\\/turismo\\\/15\\\/50\\\/\",\"name\":\"Apresenta\u00e7\u00e3o da estrat\u00e9gia de desenvolvimento, promo\u00e7\u00e3o e capta\u00e7\u00e3o de novos turistas para Albufeira teve sal\u00e3o nobre lotado\u00a0 - Algarve 7\",\"isPartOf\":{\"@id\":\"https:\\\/\\\/algarve7.pt\\\/#website\"},\"primaryImageOfPage\":{\"@id\":\"https:\\\/\\\/algarve7.pt\\\/index.php\\\/2024\\\/04\\\/apresentacao-da-estrategia-de-desenvolvimento-promocao-e-captacao-de-novos-turistas-para-albufeira-teve-salao-nobre-lotado\\\/turismo\\\/15\\\/50\\\/#primaryimage\"},\"image\":{\"@id\":\"https:\\\/\\\/algarve7.pt\\\/index.php\\\/2024\\\/04\\\/apresentacao-da-estrategia-de-desenvolvimento-promocao-e-captacao-de-novos-turistas-para-albufeira-teve-salao-nobre-lotado\\\/turismo\\\/15\\\/50\\\/#primaryimage\"},\"thumbnailUrl\":\"https:\\\/\\\/algarve7.pt\\\/wp-content\\\/uploads\\\/2024\\\/04\\\/CMA\u00a9RuiGregorio_31047.jpg\",\"datePublished\":\"2024-04-10T14:50:09+00:00\",\"dateModified\":\"2024-04-10T15:02:04+00:00\",\"description\":\"Apresenta\u00e7\u00e3o da estrat\u00e9gia de desenvolvimento, promo\u00e7\u00e3o e capta\u00e7\u00e3o de novos turistas para Albufeira teve sal\u00e3o nobre lotado\u00a0 Turismo\",\"breadcrumb\":{\"@id\":\"https:\\\/\\\/algarve7.pt\\\/index.php\\\/2024\\\/04\\\/apresentacao-da-estrategia-de-desenvolvimento-promocao-e-captacao-de-novos-turistas-para-albufeira-teve-salao-nobre-lotado\\\/turismo\\\/15\\\/50\\\/#breadcrumb\"},\"inLanguage\":\"pt-PT\",\"potentialAction\":[{\"@type\":\"ReadAction\",\"target\":[\"https:\\\/\\\/algarve7.pt\\\/index.php\\\/2024\\\/04\\\/apresentacao-da-estrategia-de-desenvolvimento-promocao-e-captacao-de-novos-turistas-para-albufeira-teve-salao-nobre-lotado\\\/turismo\\\/15\\\/50\\\/\"]}]},{\"@type\":\"ImageObject\",\"inLanguage\":\"pt-PT\",\"@id\":\"https:\\\/\\\/algarve7.pt\\\/index.php\\\/2024\\\/04\\\/apresentacao-da-estrategia-de-desenvolvimento-promocao-e-captacao-de-novos-turistas-para-albufeira-teve-salao-nobre-lotado\\\/turismo\\\/15\\\/50\\\/#primaryimage\",\"url\":\"https:\\\/\\\/algarve7.pt\\\/wp-content\\\/uploads\\\/2024\\\/04\\\/CMA\u00a9RuiGregorio_31047.jpg\",\"contentUrl\":\"https:\\\/\\\/algarve7.pt\\\/wp-content\\\/uploads\\\/2024\\\/04\\\/CMA\u00a9RuiGregorio_31047.jpg\",\"width\":1000,\"height\":623},{\"@type\":\"BreadcrumbList\",\"@id\":\"https:\\\/\\\/algarve7.pt\\\/index.php\\\/2024\\\/04\\\/apresentacao-da-estrategia-de-desenvolvimento-promocao-e-captacao-de-novos-turistas-para-albufeira-teve-salao-nobre-lotado\\\/turismo\\\/15\\\/50\\\/#breadcrumb\",\"itemListElement\":[{\"@type\":\"ListItem\",\"position\":1,\"name\":\"In\u00edcio\",\"item\":\"https:\\\/\\\/algarve7.pt\\\/\"},{\"@type\":\"ListItem\",\"position\":2,\"name\":\"Apresenta\u00e7\u00e3o da estrat\u00e9gia de desenvolvimento, promo\u00e7\u00e3o e capta\u00e7\u00e3o de novos turistas para Albufeira teve sal\u00e3o nobre lotado\u00a0\"}]},{\"@type\":\"WebSite\",\"@id\":\"https:\\\/\\\/algarve7.pt\\\/#website\",\"url\":\"https:\\\/\\\/algarve7.pt\\\/\",\"name\":\"Algarve 7\",\"description\":\"Informa\u00e7\u00e3o sobre o Algarve\",\"publisher\":{\"@id\":\"https:\\\/\\\/algarve7.pt\\\/#organization\"},\"potentialAction\":[{\"@type\":\"SearchAction\",\"target\":{\"@type\":\"EntryPoint\",\"urlTemplate\":\"https:\\\/\\\/algarve7.pt\\\/?s={search_term_string}\"},\"query-input\":{\"@type\":\"PropertyValueSpecification\",\"valueRequired\":true,\"valueName\":\"search_term_string\"}}],\"inLanguage\":\"pt-PT\"},{\"@type\":\"Organization\",\"@id\":\"https:\\\/\\\/algarve7.pt\\\/#organization\",\"name\":\"Algarve 7\",\"url\":\"https:\\\/\\\/algarve7.pt\\\/\",\"logo\":{\"@type\":\"ImageObject\",\"inLanguage\":\"pt-PT\",\"@id\":\"https:\\\/\\\/algarve7.pt\\\/#\\\/schema\\\/logo\\\/image\\\/\",\"url\":\"https:\\\/\\\/algarve7.pt\\\/wp-content\\\/uploads\\\/2020\\\/10\\\/Logo-8.jpg\",\"contentUrl\":\"https:\\\/\\\/algarve7.pt\\\/wp-content\\\/uploads\\\/2020\\\/10\\\/Logo-8.jpg\",\"width\":1680,\"height\":1186,\"caption\":\"Algarve 7\"},\"image\":{\"@id\":\"https:\\\/\\\/algarve7.pt\\\/#\\\/schema\\\/logo\\\/image\\\/\"},\"sameAs\":[\"https:\\\/\\\/www.facebook.com\\\/algarve7\",\"https:\\\/\\\/x.com\\\/Algarvesete\",\"https:\\\/\\\/www.instagram.com\\\/jornalalgarve7\\\/\",\"https:\\\/\\\/www.linkedin.com\\\/company\\\/algarve7\",\"https:\\\/\\\/www.pinterest.pt\\\/geral0939\\\/_created\\\/\"]},{\"@type\":\"Person\",\"@id\":\"https:\\\/\\\/algarve7.pt\\\/#\\\/schema\\\/person\\\/23fa70681308e7b319a3204bcea45e0c\",\"name\":\"Algarve 7\",\"sameAs\":[\"https:\\\/\\\/algarve7.pt\",\"https:\\\/\\\/www.facebook.com\\\/algarve7\"],\"url\":\"https:\\\/\\\/algarve7.pt\\\/index.php\\\/author\\\/geralalgarve7-pt\\\/\"}]}<\/script>\n<!-- \/ Yoast SEO plugin. -->","yoast_head_json":{"title":"Apresenta\u00e7\u00e3o da estrat\u00e9gia de desenvolvimento, promo\u00e7\u00e3o e capta\u00e7\u00e3o de novos turistas para Albufeira teve sal\u00e3o nobre lotado\u00a0 - Algarve 7","description":"Apresenta\u00e7\u00e3o da estrat\u00e9gia de desenvolvimento, promo\u00e7\u00e3o e capta\u00e7\u00e3o de novos turistas para Albufeira teve sal\u00e3o nobre lotado\u00a0 Turismo","robots":{"index":"index","follow":"follow","max-snippet":"max-snippet:-1","max-image-preview":"max-image-preview:large","max-video-preview":"max-video-preview:-1"},"canonical":"https:\/\/algarve7.pt\/index.php\/2024\/04\/apresentacao-da-estrategia-de-desenvolvimento-promocao-e-captacao-de-novos-turistas-para-albufeira-teve-salao-nobre-lotado\/turismo\/15\/50\/","og_locale":"pt_PT","og_type":"article","og_title":"Apresenta\u00e7\u00e3o da estrat\u00e9gia de desenvolvimento, promo\u00e7\u00e3o e capta\u00e7\u00e3o de novos turistas para Albufeira teve sal\u00e3o nobre lotado\u00a0 - Algarve 7","og_description":"Apresenta\u00e7\u00e3o da estrat\u00e9gia de desenvolvimento, promo\u00e7\u00e3o e capta\u00e7\u00e3o de novos turistas para Albufeira teve sal\u00e3o nobre lotado\u00a0 Turismo","og_url":"https:\/\/algarve7.pt\/index.php\/2024\/04\/apresentacao-da-estrategia-de-desenvolvimento-promocao-e-captacao-de-novos-turistas-para-albufeira-teve-salao-nobre-lotado\/turismo\/15\/50\/","og_site_name":"Algarve 7","article_publisher":"https:\/\/www.facebook.com\/algarve7","article_author":"https:\/\/www.facebook.com\/algarve7","article_published_time":"2024-04-10T14:50:09+00:00","article_modified_time":"2024-04-10T15:02:04+00:00","og_image":[{"width":1000,"height":623,"url":"https:\/\/algarve7.pt\/wp-content\/uploads\/2024\/04\/CMA\u00a9RuiGregorio_31047.jpg","type":"image\/jpeg"}],"author":"Algarve 7","twitter_card":"summary_large_image","twitter_creator":"@Algarvesete","twitter_site":"@Algarvesete","twitter_misc":{"Escrito por":"Algarve 7","Tempo estimado de leitura":"6 minutos"},"schema":{"@context":"https:\/\/schema.org","@graph":[{"@type":"Article","@id":"https:\/\/algarve7.pt\/index.php\/2024\/04\/apresentacao-da-estrategia-de-desenvolvimento-promocao-e-captacao-de-novos-turistas-para-albufeira-teve-salao-nobre-lotado\/turismo\/15\/50\/#article","isPartOf":{"@id":"https:\/\/algarve7.pt\/index.php\/2024\/04\/apresentacao-da-estrategia-de-desenvolvimento-promocao-e-captacao-de-novos-turistas-para-albufeira-teve-salao-nobre-lotado\/turismo\/15\/50\/"},"author":{"name":"Algarve 7","@id":"https:\/\/algarve7.pt\/#\/schema\/person\/23fa70681308e7b319a3204bcea45e0c"},"headline":"Apresenta\u00e7\u00e3o da estrat\u00e9gia de desenvolvimento, promo\u00e7\u00e3o e capta\u00e7\u00e3o de novos turistas para Albufeira teve sal\u00e3o nobre lotado\u00a0","datePublished":"2024-04-10T14:50:09+00:00","dateModified":"2024-04-10T15:02:04+00:00","mainEntityOfPage":{"@id":"https:\/\/algarve7.pt\/index.php\/2024\/04\/apresentacao-da-estrategia-de-desenvolvimento-promocao-e-captacao-de-novos-turistas-para-albufeira-teve-salao-nobre-lotado\/turismo\/15\/50\/"},"wordCount":1098,"publisher":{"@id":"https:\/\/algarve7.pt\/#organization"},"image":{"@id":"https:\/\/algarve7.pt\/index.php\/2024\/04\/apresentacao-da-estrategia-de-desenvolvimento-promocao-e-captacao-de-novos-turistas-para-albufeira-teve-salao-nobre-lotado\/turismo\/15\/50\/#primaryimage"},"thumbnailUrl":"https:\/\/algarve7.pt\/wp-content\/uploads\/2024\/04\/CMA\u00a9RuiGregorio_31047.jpg","keywords":["Albufeira","Algarve","Turismo"],"articleSection":["Turismo"],"inLanguage":"pt-PT"},{"@type":"WebPage","@id":"https:\/\/algarve7.pt\/index.php\/2024\/04\/apresentacao-da-estrategia-de-desenvolvimento-promocao-e-captacao-de-novos-turistas-para-albufeira-teve-salao-nobre-lotado\/turismo\/15\/50\/","url":"https:\/\/algarve7.pt\/index.php\/2024\/04\/apresentacao-da-estrategia-de-desenvolvimento-promocao-e-captacao-de-novos-turistas-para-albufeira-teve-salao-nobre-lotado\/turismo\/15\/50\/","name":"Apresenta\u00e7\u00e3o da estrat\u00e9gia de desenvolvimento, promo\u00e7\u00e3o e capta\u00e7\u00e3o de novos turistas para Albufeira teve sal\u00e3o nobre lotado\u00a0 - Algarve 7","isPartOf":{"@id":"https:\/\/algarve7.pt\/#website"},"primaryImageOfPage":{"@id":"https:\/\/algarve7.pt\/index.php\/2024\/04\/apresentacao-da-estrategia-de-desenvolvimento-promocao-e-captacao-de-novos-turistas-para-albufeira-teve-salao-nobre-lotado\/turismo\/15\/50\/#primaryimage"},"image":{"@id":"https:\/\/algarve7.pt\/index.php\/2024\/04\/apresentacao-da-estrategia-de-desenvolvimento-promocao-e-captacao-de-novos-turistas-para-albufeira-teve-salao-nobre-lotado\/turismo\/15\/50\/#primaryimage"},"thumbnailUrl":"https:\/\/algarve7.pt\/wp-content\/uploads\/2024\/04\/CMA\u00a9RuiGregorio_31047.jpg","datePublished":"2024-04-10T14:50:09+00:00","dateModified":"2024-04-10T15:02:04+00:00","description":"Apresenta\u00e7\u00e3o da estrat\u00e9gia de desenvolvimento, promo\u00e7\u00e3o e capta\u00e7\u00e3o de novos turistas para Albufeira teve sal\u00e3o nobre lotado\u00a0 Turismo","breadcrumb":{"@id":"https:\/\/algarve7.pt\/index.php\/2024\/04\/apresentacao-da-estrategia-de-desenvolvimento-promocao-e-captacao-de-novos-turistas-para-albufeira-teve-salao-nobre-lotado\/turismo\/15\/50\/#breadcrumb"},"inLanguage":"pt-PT","potentialAction":[{"@type":"ReadAction","target":["https:\/\/algarve7.pt\/index.php\/2024\/04\/apresentacao-da-estrategia-de-desenvolvimento-promocao-e-captacao-de-novos-turistas-para-albufeira-teve-salao-nobre-lotado\/turismo\/15\/50\/"]}]},{"@type":"ImageObject","inLanguage":"pt-PT","@id":"https:\/\/algarve7.pt\/index.php\/2024\/04\/apresentacao-da-estrategia-de-desenvolvimento-promocao-e-captacao-de-novos-turistas-para-albufeira-teve-salao-nobre-lotado\/turismo\/15\/50\/#primaryimage","url":"https:\/\/algarve7.pt\/wp-content\/uploads\/2024\/04\/CMA\u00a9RuiGregorio_31047.jpg","contentUrl":"https:\/\/algarve7.pt\/wp-content\/uploads\/2024\/04\/CMA\u00a9RuiGregorio_31047.jpg","width":1000,"height":623},{"@type":"BreadcrumbList","@id":"https:\/\/algarve7.pt\/index.php\/2024\/04\/apresentacao-da-estrategia-de-desenvolvimento-promocao-e-captacao-de-novos-turistas-para-albufeira-teve-salao-nobre-lotado\/turismo\/15\/50\/#breadcrumb","itemListElement":[{"@type":"ListItem","position":1,"name":"In\u00edcio","item":"https:\/\/algarve7.pt\/"},{"@type":"ListItem","position":2,"name":"Apresenta\u00e7\u00e3o da estrat\u00e9gia de desenvolvimento, promo\u00e7\u00e3o e capta\u00e7\u00e3o de novos turistas para Albufeira teve sal\u00e3o nobre lotado\u00a0"}]},{"@type":"WebSite","@id":"https:\/\/algarve7.pt\/#website","url":"https:\/\/algarve7.pt\/","name":"Algarve 7","description":"Informa\u00e7\u00e3o sobre o Algarve","publisher":{"@id":"https:\/\/algarve7.pt\/#organization"},"potentialAction":[{"@type":"SearchAction","target":{"@type":"EntryPoint","urlTemplate":"https:\/\/algarve7.pt\/?s={search_term_string}"},"query-input":{"@type":"PropertyValueSpecification","valueRequired":true,"valueName":"search_term_string"}}],"inLanguage":"pt-PT"},{"@type":"Organization","@id":"https:\/\/algarve7.pt\/#organization","name":"Algarve 7","url":"https:\/\/algarve7.pt\/","logo":{"@type":"ImageObject","inLanguage":"pt-PT","@id":"https:\/\/algarve7.pt\/#\/schema\/logo\/image\/","url":"https:\/\/algarve7.pt\/wp-content\/uploads\/2020\/10\/Logo-8.jpg","contentUrl":"https:\/\/algarve7.pt\/wp-content\/uploads\/2020\/10\/Logo-8.jpg","width":1680,"height":1186,"caption":"Algarve 7"},"image":{"@id":"https:\/\/algarve7.pt\/#\/schema\/logo\/image\/"},"sameAs":["https:\/\/www.facebook.com\/algarve7","https:\/\/x.com\/Algarvesete","https:\/\/www.instagram.com\/jornalalgarve7\/","https:\/\/www.linkedin.com\/company\/algarve7","https:\/\/www.pinterest.pt\/geral0939\/_created\/"]},{"@type":"Person","@id":"https:\/\/algarve7.pt\/#\/schema\/person\/23fa70681308e7b319a3204bcea45e0c","name":"Algarve 7","sameAs":["https:\/\/algarve7.pt","https:\/\/www.facebook.com\/algarve7"],"url":"https:\/\/algarve7.pt\/index.php\/author\/geralalgarve7-pt\/"}]}},"jetpack_publicize_connections":[],"jetpack_featured_media_url":"https:\/\/algarve7.pt\/wp-content\/uploads\/2024\/04\/CMA\u00a9RuiGregorio_31047.jpg","jetpack_shortlink":"https:\/\/wp.me\/pcezmW-9KF","jetpack_sharing_enabled":true,"_links":{"self":[{"href":"https:\/\/algarve7.pt\/index.php\/wp-json\/wp\/v2\/posts\/37489","targetHints":{"allow":["GET"]}}],"collection":[{"href":"https:\/\/algarve7.pt\/index.php\/wp-json\/wp\/v2\/posts"}],"about":[{"href":"https:\/\/algarve7.pt\/index.php\/wp-json\/wp\/v2\/types\/post"}],"author":[{"embeddable":true,"href":"https:\/\/algarve7.pt\/index.php\/wp-json\/wp\/v2\/users\/1"}],"replies":[{"embeddable":true,"href":"https:\/\/algarve7.pt\/index.php\/wp-json\/wp\/v2\/comments?post=37489"}],"version-history":[{"count":0,"href":"https:\/\/algarve7.pt\/index.php\/wp-json\/wp\/v2\/posts\/37489\/revisions"}],"wp:featuredmedia":[{"embeddable":true,"href":"https:\/\/algarve7.pt\/index.php\/wp-json\/wp\/v2\/media\/37490"}],"wp:attachment":[{"href":"https:\/\/algarve7.pt\/index.php\/wp-json\/wp\/v2\/media?parent=37489"}],"wp:term":[{"taxonomy":"category","embeddable":true,"href":"https:\/\/algarve7.pt\/index.php\/wp-json\/wp\/v2\/categories?post=37489"},{"taxonomy":"post_tag","embeddable":true,"href":"https:\/\/algarve7.pt\/index.php\/wp-json\/wp\/v2\/tags?post=37489"}],"curies":[{"name":"wp","href":"https:\/\/api.w.org\/{rel}","templated":true}]}}