{"id":37482,"date":"2024-04-10T12:41:41","date_gmt":"2024-04-10T11:41:41","guid":{"rendered":"https:\/\/algarve7.pt\/?p=37482"},"modified":"2024-04-10T12:41:42","modified_gmt":"2024-04-10T11:41:42","slug":"camara-de-vila-do-bispo-apoia-atleta-de-trail-running","status":"publish","type":"post","link":"https:\/\/algarve7.pt\/index.php\/2024\/04\/camara-de-vila-do-bispo-apoia-atleta-de-trail-running\/desporto\/12\/41\/","title":{"rendered":"C\u00e2mara de Vila do Bispo apoia atleta de Trail Running"},"content":{"rendered":"\n<p class=\"wp-block-paragraph\">\u00c0 semelhan\u00e7a dos anos anteriores, Liliana Rodrigues, atleta de Trail Running, vai ser apoiada pela C\u00e2mara de Vila do Bispo nas provas desportivas em que vai participar ao longo do ano 2024, com uma verba de mil euros.<\/p>\n\n\n\n<p class=\"wp-block-paragraph\">Neste \u00e2mbito, a assinatura do protocolo de patroc\u00ednio entre a atleta e a autarquia decorreu hoje, 10 de abril, no sal\u00e3o nobre da C\u00e2mara Municipal.<\/p>\n\n\n\n<p class=\"wp-block-paragraph\">Como contrapartida deste apoio a atleta fica obrigada a inserir o log\u00f3tipo do munic\u00edpio ou outros elementos promocionais no equipamento usado durante as provas, nas a\u00e7\u00f5es de divulga\u00e7\u00e3o na internet e comunica\u00e7\u00e3o com os media, bem como, fazer refer\u00eancia ao patroc\u00ednio da C\u00e2mara Municipal, contribuindo assim para a divulga\u00e7\u00e3o do munic\u00edpio.<\/p>\n\n\n\n<p class=\"wp-block-paragraph\">Para a autarquia esta medida representa a continuidade no apoio aos atletas do concelho que tem como objetivo&nbsp;potenciar a obten\u00e7\u00e3o de resultados de relevo em v\u00e1rias modalidades&nbsp;e simultaneamente fomentar a pr\u00e1tica desportiva.<\/p>\n","protected":false},"excerpt":{"rendered":"<p>\u00c0 semelhan\u00e7a dos anos anteriores, Liliana Rodrigues, atleta de Trail Running, vai ser apoiada pela C\u00e2mara de Vila do Bispo<\/p>\n","protected":false},"author":1,"featured_media":37483,"comment_status":"closed","ping_status":"open","sticky":false,"template":"","format":"standard","meta":{"colormag_page_container_layout":"default_layout","colormag_page_sidebar_layout":"default_layout","_monsterinsights_skip_tracking":false,"_jetpack_newsletter_access":"","_jetpack_dont_email_post_to_subs":false,"_jetpack_newsletter_tier_id":0,"_jetpack_memberships_contains_paywalled_content":false,"_jetpack_feature_clip_id":0,"_jetpack_memberships_contains_paid_content":false,"footnotes":"","jetpack_publicize_message":"","jetpack_publicize_feature_enabled":true,"jetpack_social_post_already_shared":false,"jetpack_social_options":{"image_generator_settings":{"template":"highway","default_image_id":0,"font":"","enabled":false},"version":2},"jetpack_post_was_ever_published":false},"categories":[15],"tags":[36,40,84],"class_list":["post-37482","post","type-post","status-publish","format-standard","has-post-thumbnail","hentry","category-desporto","tag-algarve","tag-desporto","tag-vila-do-bispo"],"yoast_head":"<!-- This site is optimized with the Yoast SEO plugin v28.4 - https:\/\/yoast.com\/product\/yoast-seo-wordpress\/ -->\n<title>C\u00e2mara de Vila do Bispo apoia atleta de Trail Running - Algarve 7<\/title>\n<meta name=\"description\" content=\"C\u00e2mara de Vila do Bispo apoia atleta de Trail Running Desporto\" \/>\n<meta name=\"robots\" content=\"index, follow, max-snippet:-1, max-image-preview:large, max-video-preview:-1\" \/>\n<link rel=\"canonical\" href=\"https:\/\/algarve7.pt\/index.php\/2024\/04\/camara-de-vila-do-bispo-apoia-atleta-de-trail-running\/desporto\/12\/41\/\" \/>\n<meta property=\"og:locale\" content=\"pt_PT\" \/>\n<meta property=\"og:type\" content=\"article\" \/>\n<meta property=\"og:title\" content=\"C\u00e2mara de Vila do Bispo apoia atleta de Trail Running - Algarve 7\" \/>\n<meta property=\"og:description\" content=\"C\u00e2mara de Vila do Bispo apoia atleta de Trail Running Desporto\" \/>\n<meta property=\"og:url\" content=\"https:\/\/algarve7.pt\/index.php\/2024\/04\/camara-de-vila-do-bispo-apoia-atleta-de-trail-running\/desporto\/12\/41\/\" \/>\n<meta property=\"og:site_name\" content=\"Algarve 7\" \/>\n<meta property=\"article:publisher\" content=\"https:\/\/www.facebook.com\/algarve7\" \/>\n<meta property=\"article:author\" content=\"https:\/\/www.facebook.com\/algarve7\" \/>\n<meta property=\"article:published_time\" content=\"2024-04-10T11:41:41+00:00\" \/>\n<meta property=\"article:modified_time\" content=\"2024-04-10T11:41:42+00:00\" \/>\n<meta property=\"og:image\" content=\"https:\/\/algarve7.pt\/wp-content\/uploads\/2024\/04\/10.jpg\" \/>\n\t<meta property=\"og:image:width\" content=\"1000\" \/>\n\t<meta property=\"og:image:height\" content=\"667\" \/>\n\t<meta property=\"og:image:type\" content=\"image\/jpeg\" \/>\n<meta name=\"author\" content=\"Algarve 7\" \/>\n<meta name=\"twitter:card\" content=\"summary_large_image\" \/>\n<meta name=\"twitter:creator\" content=\"@Algarvesete\" \/>\n<meta name=\"twitter:site\" content=\"@Algarvesete\" \/>\n<meta name=\"twitter:label1\" content=\"Escrito por\" \/>\n\t<meta name=\"twitter:data1\" content=\"Algarve 7\" \/>\n\t<meta name=\"twitter:label2\" content=\"Tempo estimado de leitura\" \/>\n\t<meta name=\"twitter:data2\" content=\"2 minutos\" \/>\n<script type=\"application\/ld+json\" class=\"yoast-schema-graph\">{\"@context\":\"https:\\\/\\\/schema.org\",\"@graph\":[{\"@type\":\"Article\",\"@id\":\"https:\\\/\\\/algarve7.pt\\\/index.php\\\/2024\\\/04\\\/camara-de-vila-do-bispo-apoia-atleta-de-trail-running\\\/desporto\\\/12\\\/41\\\/#article\",\"isPartOf\":{\"@id\":\"https:\\\/\\\/algarve7.pt\\\/index.php\\\/2024\\\/04\\\/camara-de-vila-do-bispo-apoia-atleta-de-trail-running\\\/desporto\\\/12\\\/41\\\/\"},\"author\":{\"name\":\"Algarve 7\",\"@id\":\"https:\\\/\\\/algarve7.pt\\\/#\\\/schema\\\/person\\\/23fa70681308e7b319a3204bcea45e0c\"},\"headline\":\"C\u00e2mara de Vila do Bispo apoia atleta de Trail Running\",\"datePublished\":\"2024-04-10T11:41:41+00:00\",\"dateModified\":\"2024-04-10T11:41:42+00:00\",\"mainEntityOfPage\":{\"@id\":\"https:\\\/\\\/algarve7.pt\\\/index.php\\\/2024\\\/04\\\/camara-de-vila-do-bispo-apoia-atleta-de-trail-running\\\/desporto\\\/12\\\/41\\\/\"},\"wordCount\":176,\"publisher\":{\"@id\":\"https:\\\/\\\/algarve7.pt\\\/#organization\"},\"image\":{\"@id\":\"https:\\\/\\\/algarve7.pt\\\/index.php\\\/2024\\\/04\\\/camara-de-vila-do-bispo-apoia-atleta-de-trail-running\\\/desporto\\\/12\\\/41\\\/#primaryimage\"},\"thumbnailUrl\":\"https:\\\/\\\/algarve7.pt\\\/wp-content\\\/uploads\\\/2024\\\/04\\\/10.jpg\",\"keywords\":[\"Algarve\",\"Desporto\",\"Vila do Bispo\"],\"articleSection\":[\"Desporto\"],\"inLanguage\":\"pt-PT\"},{\"@type\":\"WebPage\",\"@id\":\"https:\\\/\\\/algarve7.pt\\\/index.php\\\/2024\\\/04\\\/camara-de-vila-do-bispo-apoia-atleta-de-trail-running\\\/desporto\\\/12\\\/41\\\/\",\"url\":\"https:\\\/\\\/algarve7.pt\\\/index.php\\\/2024\\\/04\\\/camara-de-vila-do-bispo-apoia-atleta-de-trail-running\\\/desporto\\\/12\\\/41\\\/\",\"name\":\"C\u00e2mara de Vila do Bispo apoia atleta de Trail Running - Algarve 7\",\"isPartOf\":{\"@id\":\"https:\\\/\\\/algarve7.pt\\\/#website\"},\"primaryImageOfPage\":{\"@id\":\"https:\\\/\\\/algarve7.pt\\\/index.php\\\/2024\\\/04\\\/camara-de-vila-do-bispo-apoia-atleta-de-trail-running\\\/desporto\\\/12\\\/41\\\/#primaryimage\"},\"image\":{\"@id\":\"https:\\\/\\\/algarve7.pt\\\/index.php\\\/2024\\\/04\\\/camara-de-vila-do-bispo-apoia-atleta-de-trail-running\\\/desporto\\\/12\\\/41\\\/#primaryimage\"},\"thumbnailUrl\":\"https:\\\/\\\/algarve7.pt\\\/wp-content\\\/uploads\\\/2024\\\/04\\\/10.jpg\",\"datePublished\":\"2024-04-10T11:41:41+00:00\",\"dateModified\":\"2024-04-10T11:41:42+00:00\",\"description\":\"C\u00e2mara de Vila do Bispo apoia atleta de Trail Running Desporto\",\"breadcrumb\":{\"@id\":\"https:\\\/\\\/algarve7.pt\\\/index.php\\\/2024\\\/04\\\/camara-de-vila-do-bispo-apoia-atleta-de-trail-running\\\/desporto\\\/12\\\/41\\\/#breadcrumb\"},\"inLanguage\":\"pt-PT\",\"potentialAction\":[{\"@type\":\"ReadAction\",\"target\":[\"https:\\\/\\\/algarve7.pt\\\/index.php\\\/2024\\\/04\\\/camara-de-vila-do-bispo-apoia-atleta-de-trail-running\\\/desporto\\\/12\\\/41\\\/\"]}]},{\"@type\":\"ImageObject\",\"inLanguage\":\"pt-PT\",\"@id\":\"https:\\\/\\\/algarve7.pt\\\/index.php\\\/2024\\\/04\\\/camara-de-vila-do-bispo-apoia-atleta-de-trail-running\\\/desporto\\\/12\\\/41\\\/#primaryimage\",\"url\":\"https:\\\/\\\/algarve7.pt\\\/wp-content\\\/uploads\\\/2024\\\/04\\\/10.jpg\",\"contentUrl\":\"https:\\\/\\\/algarve7.pt\\\/wp-content\\\/uploads\\\/2024\\\/04\\\/10.jpg\",\"width\":1000,\"height\":667},{\"@type\":\"BreadcrumbList\",\"@id\":\"https:\\\/\\\/algarve7.pt\\\/index.php\\\/2024\\\/04\\\/camara-de-vila-do-bispo-apoia-atleta-de-trail-running\\\/desporto\\\/12\\\/41\\\/#breadcrumb\",\"itemListElement\":[{\"@type\":\"ListItem\",\"position\":1,\"name\":\"In\u00edcio\",\"item\":\"https:\\\/\\\/algarve7.pt\\\/\"},{\"@type\":\"ListItem\",\"position\":2,\"name\":\"C\u00e2mara de Vila do Bispo apoia atleta de Trail Running\"}]},{\"@type\":\"WebSite\",\"@id\":\"https:\\\/\\\/algarve7.pt\\\/#website\",\"url\":\"https:\\\/\\\/algarve7.pt\\\/\",\"name\":\"Algarve 7\",\"description\":\"Informa\u00e7\u00e3o sobre o Algarve\",\"publisher\":{\"@id\":\"https:\\\/\\\/algarve7.pt\\\/#organization\"},\"potentialAction\":[{\"@type\":\"SearchAction\",\"target\":{\"@type\":\"EntryPoint\",\"urlTemplate\":\"https:\\\/\\\/algarve7.pt\\\/?s={search_term_string}\"},\"query-input\":{\"@type\":\"PropertyValueSpecification\",\"valueRequired\":true,\"valueName\":\"search_term_string\"}}],\"inLanguage\":\"pt-PT\"},{\"@type\":\"Organization\",\"@id\":\"https:\\\/\\\/algarve7.pt\\\/#organization\",\"name\":\"Algarve 7\",\"url\":\"https:\\\/\\\/algarve7.pt\\\/\",\"logo\":{\"@type\":\"ImageObject\",\"inLanguage\":\"pt-PT\",\"@id\":\"https:\\\/\\\/algarve7.pt\\\/#\\\/schema\\\/logo\\\/image\\\/\",\"url\":\"https:\\\/\\\/algarve7.pt\\\/wp-content\\\/uploads\\\/2020\\\/10\\\/Logo-8.jpg\",\"contentUrl\":\"https:\\\/\\\/algarve7.pt\\\/wp-content\\\/uploads\\\/2020\\\/10\\\/Logo-8.jpg\",\"width\":1680,\"height\":1186,\"caption\":\"Algarve 7\"},\"image\":{\"@id\":\"https:\\\/\\\/algarve7.pt\\\/#\\\/schema\\\/logo\\\/image\\\/\"},\"sameAs\":[\"https:\\\/\\\/www.facebook.com\\\/algarve7\",\"https:\\\/\\\/x.com\\\/Algarvesete\",\"https:\\\/\\\/www.instagram.com\\\/jornalalgarve7\\\/\",\"https:\\\/\\\/www.linkedin.com\\\/company\\\/algarve7\",\"https:\\\/\\\/www.pinterest.pt\\\/geral0939\\\/_created\\\/\"]},{\"@type\":\"Person\",\"@id\":\"https:\\\/\\\/algarve7.pt\\\/#\\\/schema\\\/person\\\/23fa70681308e7b319a3204bcea45e0c\",\"name\":\"Algarve 7\",\"sameAs\":[\"https:\\\/\\\/algarve7.pt\",\"https:\\\/\\\/www.facebook.com\\\/algarve7\"],\"url\":\"https:\\\/\\\/algarve7.pt\\\/index.php\\\/author\\\/geralalgarve7-pt\\\/\"}]}<\/script>\n<!-- \/ Yoast SEO plugin. -->","yoast_head_json":{"title":"C\u00e2mara de Vila do Bispo apoia atleta de Trail Running - Algarve 7","description":"C\u00e2mara de Vila do Bispo apoia atleta de Trail Running Desporto","robots":{"index":"index","follow":"follow","max-snippet":"max-snippet:-1","max-image-preview":"max-image-preview:large","max-video-preview":"max-video-preview:-1"},"canonical":"https:\/\/algarve7.pt\/index.php\/2024\/04\/camara-de-vila-do-bispo-apoia-atleta-de-trail-running\/desporto\/12\/41\/","og_locale":"pt_PT","og_type":"article","og_title":"C\u00e2mara de Vila do Bispo apoia atleta de Trail Running - Algarve 7","og_description":"C\u00e2mara de Vila do Bispo apoia atleta de Trail Running Desporto","og_url":"https:\/\/algarve7.pt\/index.php\/2024\/04\/camara-de-vila-do-bispo-apoia-atleta-de-trail-running\/desporto\/12\/41\/","og_site_name":"Algarve 7","article_publisher":"https:\/\/www.facebook.com\/algarve7","article_author":"https:\/\/www.facebook.com\/algarve7","article_published_time":"2024-04-10T11:41:41+00:00","article_modified_time":"2024-04-10T11:41:42+00:00","og_image":[{"width":1000,"height":667,"url":"https:\/\/algarve7.pt\/wp-content\/uploads\/2024\/04\/10.jpg","type":"image\/jpeg"}],"author":"Algarve 7","twitter_card":"summary_large_image","twitter_creator":"@Algarvesete","twitter_site":"@Algarvesete","twitter_misc":{"Escrito por":"Algarve 7","Tempo estimado de leitura":"2 minutos"},"schema":{"@context":"https:\/\/schema.org","@graph":[{"@type":"Article","@id":"https:\/\/algarve7.pt\/index.php\/2024\/04\/camara-de-vila-do-bispo-apoia-atleta-de-trail-running\/desporto\/12\/41\/#article","isPartOf":{"@id":"https:\/\/algarve7.pt\/index.php\/2024\/04\/camara-de-vila-do-bispo-apoia-atleta-de-trail-running\/desporto\/12\/41\/"},"author":{"name":"Algarve 7","@id":"https:\/\/algarve7.pt\/#\/schema\/person\/23fa70681308e7b319a3204bcea45e0c"},"headline":"C\u00e2mara de Vila do Bispo apoia atleta de Trail Running","datePublished":"2024-04-10T11:41:41+00:00","dateModified":"2024-04-10T11:41:42+00:00","mainEntityOfPage":{"@id":"https:\/\/algarve7.pt\/index.php\/2024\/04\/camara-de-vila-do-bispo-apoia-atleta-de-trail-running\/desporto\/12\/41\/"},"wordCount":176,"publisher":{"@id":"https:\/\/algarve7.pt\/#organization"},"image":{"@id":"https:\/\/algarve7.pt\/index.php\/2024\/04\/camara-de-vila-do-bispo-apoia-atleta-de-trail-running\/desporto\/12\/41\/#primaryimage"},"thumbnailUrl":"https:\/\/algarve7.pt\/wp-content\/uploads\/2024\/04\/10.jpg","keywords":["Algarve","Desporto","Vila do Bispo"],"articleSection":["Desporto"],"inLanguage":"pt-PT"},{"@type":"WebPage","@id":"https:\/\/algarve7.pt\/index.php\/2024\/04\/camara-de-vila-do-bispo-apoia-atleta-de-trail-running\/desporto\/12\/41\/","url":"https:\/\/algarve7.pt\/index.php\/2024\/04\/camara-de-vila-do-bispo-apoia-atleta-de-trail-running\/desporto\/12\/41\/","name":"C\u00e2mara de Vila do Bispo apoia atleta de Trail Running - Algarve 7","isPartOf":{"@id":"https:\/\/algarve7.pt\/#website"},"primaryImageOfPage":{"@id":"https:\/\/algarve7.pt\/index.php\/2024\/04\/camara-de-vila-do-bispo-apoia-atleta-de-trail-running\/desporto\/12\/41\/#primaryimage"},"image":{"@id":"https:\/\/algarve7.pt\/index.php\/2024\/04\/camara-de-vila-do-bispo-apoia-atleta-de-trail-running\/desporto\/12\/41\/#primaryimage"},"thumbnailUrl":"https:\/\/algarve7.pt\/wp-content\/uploads\/2024\/04\/10.jpg","datePublished":"2024-04-10T11:41:41+00:00","dateModified":"2024-04-10T11:41:42+00:00","description":"C\u00e2mara de Vila do Bispo apoia atleta de Trail Running Desporto","breadcrumb":{"@id":"https:\/\/algarve7.pt\/index.php\/2024\/04\/camara-de-vila-do-bispo-apoia-atleta-de-trail-running\/desporto\/12\/41\/#breadcrumb"},"inLanguage":"pt-PT","potentialAction":[{"@type":"ReadAction","target":["https:\/\/algarve7.pt\/index.php\/2024\/04\/camara-de-vila-do-bispo-apoia-atleta-de-trail-running\/desporto\/12\/41\/"]}]},{"@type":"ImageObject","inLanguage":"pt-PT","@id":"https:\/\/algarve7.pt\/index.php\/2024\/04\/camara-de-vila-do-bispo-apoia-atleta-de-trail-running\/desporto\/12\/41\/#primaryimage","url":"https:\/\/algarve7.pt\/wp-content\/uploads\/2024\/04\/10.jpg","contentUrl":"https:\/\/algarve7.pt\/wp-content\/uploads\/2024\/04\/10.jpg","width":1000,"height":667},{"@type":"BreadcrumbList","@id":"https:\/\/algarve7.pt\/index.php\/2024\/04\/camara-de-vila-do-bispo-apoia-atleta-de-trail-running\/desporto\/12\/41\/#breadcrumb","itemListElement":[{"@type":"ListItem","position":1,"name":"In\u00edcio","item":"https:\/\/algarve7.pt\/"},{"@type":"ListItem","position":2,"name":"C\u00e2mara de Vila do Bispo apoia atleta de Trail Running"}]},{"@type":"WebSite","@id":"https:\/\/algarve7.pt\/#website","url":"https:\/\/algarve7.pt\/","name":"Algarve 7","description":"Informa\u00e7\u00e3o sobre o Algarve","publisher":{"@id":"https:\/\/algarve7.pt\/#organization"},"potentialAction":[{"@type":"SearchAction","target":{"@type":"EntryPoint","urlTemplate":"https:\/\/algarve7.pt\/?s={search_term_string}"},"query-input":{"@type":"PropertyValueSpecification","valueRequired":true,"valueName":"search_term_string"}}],"inLanguage":"pt-PT"},{"@type":"Organization","@id":"https:\/\/algarve7.pt\/#organization","name":"Algarve 7","url":"https:\/\/algarve7.pt\/","logo":{"@type":"ImageObject","inLanguage":"pt-PT","@id":"https:\/\/algarve7.pt\/#\/schema\/logo\/image\/","url":"https:\/\/algarve7.pt\/wp-content\/uploads\/2020\/10\/Logo-8.jpg","contentUrl":"https:\/\/algarve7.pt\/wp-content\/uploads\/2020\/10\/Logo-8.jpg","width":1680,"height":1186,"caption":"Algarve 7"},"image":{"@id":"https:\/\/algarve7.pt\/#\/schema\/logo\/image\/"},"sameAs":["https:\/\/www.facebook.com\/algarve7","https:\/\/x.com\/Algarvesete","https:\/\/www.instagram.com\/jornalalgarve7\/","https:\/\/www.linkedin.com\/company\/algarve7","https:\/\/www.pinterest.pt\/geral0939\/_created\/"]},{"@type":"Person","@id":"https:\/\/algarve7.pt\/#\/schema\/person\/23fa70681308e7b319a3204bcea45e0c","name":"Algarve 7","sameAs":["https:\/\/algarve7.pt","https:\/\/www.facebook.com\/algarve7"],"url":"https:\/\/algarve7.pt\/index.php\/author\/geralalgarve7-pt\/"}]}},"jetpack_publicize_connections":[],"jetpack_shortlink":"https:\/\/wp.me\/pcezmW-9Ky","jetpack_sharing_enabled":true,"jetpack_featured_media_url":"https:\/\/algarve7.pt\/wp-content\/uploads\/2024\/04\/10.jpg","_links":{"self":[{"href":"https:\/\/algarve7.pt\/index.php\/wp-json\/wp\/v2\/posts\/37482","targetHints":{"allow":["GET"]}}],"collection":[{"href":"https:\/\/algarve7.pt\/index.php\/wp-json\/wp\/v2\/posts"}],"about":[{"href":"https:\/\/algarve7.pt\/index.php\/wp-json\/wp\/v2\/types\/post"}],"author":[{"embeddable":true,"href":"https:\/\/algarve7.pt\/index.php\/wp-json\/wp\/v2\/users\/1"}],"replies":[{"embeddable":true,"href":"https:\/\/algarve7.pt\/index.php\/wp-json\/wp\/v2\/comments?post=37482"}],"version-history":[{"count":0,"href":"https:\/\/algarve7.pt\/index.php\/wp-json\/wp\/v2\/posts\/37482\/revisions"}],"wp:featuredmedia":[{"embeddable":true,"href":"https:\/\/algarve7.pt\/index.php\/wp-json\/wp\/v2\/media\/37483"}],"wp:attachment":[{"href":"https:\/\/algarve7.pt\/index.php\/wp-json\/wp\/v2\/media?parent=37482"}],"wp:term":[{"taxonomy":"category","embeddable":true,"href":"https:\/\/algarve7.pt\/index.php\/wp-json\/wp\/v2\/categories?post=37482"},{"taxonomy":"post_tag","embeddable":true,"href":"https:\/\/algarve7.pt\/index.php\/wp-json\/wp\/v2\/tags?post=37482"}],"curies":[{"name":"wp","href":"https:\/\/api.w.org\/{rel}","templated":true}]}}