{"id":37461,"date":"2024-04-10T09:00:11","date_gmt":"2024-04-10T08:00:11","guid":{"rendered":"https:\/\/algarve7.pt\/?p=37461"},"modified":"2024-04-10T09:00:12","modified_gmt":"2024-04-10T08:00:12","slug":"novo-secretario-de-estado-do-turismo-marca-presenca-na-conferencia-comemorativa-dos-20-anos-da-apal-agencia-de-promocao-de-albufeira","status":"publish","type":"post","link":"https:\/\/algarve7.pt\/index.php\/2024\/04\/novo-secretario-de-estado-do-turismo-marca-presenca-na-conferencia-comemorativa-dos-20-anos-da-apal-agencia-de-promocao-de-albufeira\/turismo\/09\/00\/","title":{"rendered":"Novo Secret\u00e1rio de Estado do Turismo marca presen\u00e7a na confer\u00eancia comemorativa dos 20 anos da APAL \u2013 Ag\u00eancia de Promo\u00e7\u00e3o de Albufeira"},"content":{"rendered":"\n<p><strong>Pedro Machado, o novo Secret\u00e1rio de Estado do Turismo, vai estar presente na Confer\u00eancia \u2018Caminhos para o Turismo\u2019<\/strong>, que decorre no dia 19 de abril, no Nau Salgados Palace, com organiza\u00e7\u00e3o da\u00a0APAL \u2013 Ag\u00eancia de Promo\u00e7\u00e3o de Albufeira.<\/p>\n\n\n\n<p>Conhecido no setor por via das fun\u00e7\u00f5es exercidas como presidente da Turismo do Centro a da Ag\u00eancia Regional de Promo\u00e7\u00e3o Tur\u00edstica Centro de Portugal, Pedro Machado foi nomeado Secret\u00e1rio de Estado no passado dia 5 de abril, integrando o XXIV Governo de Portugal.<\/p>\n\n\n\n<p>Este ser\u00e1&nbsp;<strong>o primeiro compromisso p\u00fablico no Algarve<\/strong>, pelo que se aguarda com alguma expectativa a sua interven\u00e7\u00e3o.&nbsp;<\/p>\n\n\n\n<p>A Confer\u00eancia \u2018Caminhos para o Turismo\u2019 \u00e9 uma iniciativa levada a cabo pela APAL, no \u00e2mbito da celebra\u00e7\u00e3o do seu 20.\u00ba anivers\u00e1rio. O encontro inclui dois pain\u00e9is de especialistas, que v\u00e3o refletir sobre algumas das mais atuais tem\u00e1ticas associadas ao setor.<\/p>\n\n\n\n<p>Para falar sobre \u2018Novas Formas de Promo\u00e7\u00e3o Tur\u00edstica\u2019, foram convidados Ant\u00f3nio Jorge Costa, CEO do IPDT Turismo, e Carlos Coelho, Presidente do Ivity Brend Group.<\/p>\n\n\n\n<p>O tema \u2018O Futuro do Turismo: Oportunidades e Amea\u00e7as\u2019 ser\u00e1 desenvolvido por Lu\u00eds Serra Coelho, Professor Associado da Faculdade de Economia da Universidade do Algarve, e por Jo\u00e3o Lu\u00eds Duque, Professor Catedr\u00e1tico ISEG \u2013 Universidade T\u00e9cnica de Lisboa.<\/p>\n\n\n\n<p>A Sess\u00e3o de Abertura desta confer\u00eancia conta com as interven\u00e7\u00f5es de Desid\u00e9rio Silva, Presidente da Dire\u00e7\u00e3o da Ag\u00eancia de Promo\u00e7\u00e3o de Albufeira e agora de Pedro Machado, Secret\u00e1rio de Estado do Turismo. A Sess\u00e3o de Encerramento ficar\u00e1 a cargo de Andr\u00e9 Gomes, Presidente da Regi\u00e3o de Turismo do Algarve e de Jos\u00e9 Carlos Rolo, Presidente da C\u00e2mara Municipal de Albufeira.<\/p>\n\n\n\n<p>Este evento \u00e9 de participa\u00e7\u00e3o gratuita, mas \u00e9 necess\u00e1ria inscri\u00e7\u00e3o atrav\u00e9s\u00a0<a href=\"https:\/\/docs.google.com\/forms\/d\/e\/1FAIpQLSdok_GVLQXaZ1NzeSK4uL9b3CvnTZsFmUYNgy-25PoaFDiqCg\/viewform?fbclid=IwAR3uiWEBQibK0v4dPPC3K4Pw1pG9LRnTjTuiX4oR5oUmxlMzAfveBdVZFrw_aem_ASvK7HOmtGBAMHFYCzkmdVaivUlMKe49yu00KIzvtyzUPcR-VPesg4gyHyerOVXKXfljh28c4cU17-UaWVlHiSv5\" target=\"_blank\" rel=\"noreferrer noopener\">deste formul\u00e1rio<\/a>.\u00a0\u00a0<\/p>\n\n\n\n<p>As comemora\u00e7\u00f5es dos 20 anos da APAL decorrem no dia 19 de abril e, al\u00e9m desta Confer\u00eancia, incluem uma Mostra de Associados a decorrer durante todo o dia<\/p>\n","protected":false},"excerpt":{"rendered":"<p>Pedro Machado, o novo Secret\u00e1rio de Estado do Turismo, vai estar presente na Confer\u00eancia \u2018Caminhos para o Turismo\u2019, que decorre<\/p>\n","protected":false},"author":1,"featured_media":37462,"comment_status":"closed","ping_status":"open","sticky":false,"template":"","format":"standard","meta":{"colormag_page_container_layout":"default_layout","colormag_page_sidebar_layout":"default_layout","_monsterinsights_skip_tracking":false,"_monsterinsights_sitenote_active":false,"_monsterinsights_sitenote_note":"","_monsterinsights_sitenote_category":0,"jetpack_post_was_ever_published":false,"_jetpack_newsletter_access":"","_jetpack_dont_email_post_to_subs":false,"_jetpack_newsletter_tier_id":0,"_jetpack_memberships_contains_paywalled_content":false,"_jetpack_memberships_contains_paid_content":false,"footnotes":"","jetpack_publicize_message":"","jetpack_publicize_feature_enabled":true,"jetpack_social_post_already_shared":false,"jetpack_social_options":{"image_generator_settings":{"template":"highway","default_image_id":0,"font":"","enabled":false},"version":2}},"categories":[17],"tags":[155,36,45],"class_list":["post-37461","post","type-post","status-publish","format-standard","has-post-thumbnail","hentry","category-turismo","tag-albufeira","tag-algarve","tag-turismo"],"yoast_head":"<!-- This site is optimized with the Yoast SEO plugin v27.5 - https:\/\/yoast.com\/product\/yoast-seo-wordpress\/ -->\n<title>Novo Secret\u00e1rio de Estado do Turismo marca presen\u00e7a na confer\u00eancia comemorativa dos 20 anos da APAL \u2013 Ag\u00eancia de Promo\u00e7\u00e3o de Albufeira - Algarve 7<\/title>\n<meta name=\"description\" content=\"Novo Secret\u00e1rio de Estado do Turismo marca presen\u00e7a na confer\u00eancia comemorativa dos 20 anos da APAL \u2013 Ag\u00eancia de Promo\u00e7\u00e3o de Albufeira Turismo\" \/>\n<meta name=\"robots\" content=\"index, follow, max-snippet:-1, max-image-preview:large, max-video-preview:-1\" \/>\n<link rel=\"canonical\" href=\"https:\/\/algarve7.pt\/index.php\/2024\/04\/novo-secretario-de-estado-do-turismo-marca-presenca-na-conferencia-comemorativa-dos-20-anos-da-apal-agencia-de-promocao-de-albufeira\/turismo\/09\/00\/\" \/>\n<meta property=\"og:locale\" content=\"pt_PT\" \/>\n<meta property=\"og:type\" content=\"article\" \/>\n<meta property=\"og:title\" content=\"Novo Secret\u00e1rio de Estado do Turismo marca presen\u00e7a na confer\u00eancia comemorativa dos 20 anos da APAL \u2013 Ag\u00eancia de Promo\u00e7\u00e3o de Albufeira - Algarve 7\" \/>\n<meta property=\"og:description\" content=\"Novo Secret\u00e1rio de Estado do Turismo marca presen\u00e7a na confer\u00eancia comemorativa dos 20 anos da APAL \u2013 Ag\u00eancia de Promo\u00e7\u00e3o de Albufeira Turismo\" \/>\n<meta property=\"og:url\" content=\"https:\/\/algarve7.pt\/index.php\/2024\/04\/novo-secretario-de-estado-do-turismo-marca-presenca-na-conferencia-comemorativa-dos-20-anos-da-apal-agencia-de-promocao-de-albufeira\/turismo\/09\/00\/\" \/>\n<meta property=\"og:site_name\" content=\"Algarve 7\" \/>\n<meta property=\"article:publisher\" content=\"https:\/\/www.facebook.com\/algarve7\" \/>\n<meta property=\"article:author\" content=\"https:\/\/www.facebook.com\/algarve7\" \/>\n<meta property=\"article:published_time\" content=\"2024-04-10T08:00:11+00:00\" \/>\n<meta property=\"article:modified_time\" content=\"2024-04-10T08:00:12+00:00\" \/>\n<meta property=\"og:image\" content=\"https:\/\/algarve7.pt\/wp-content\/uploads\/2024\/04\/Albufeira-Conferencia-02.jpg\" \/>\n\t<meta property=\"og:image:width\" content=\"1000\" \/>\n\t<meta property=\"og:image:height\" content=\"653\" \/>\n\t<meta property=\"og:image:type\" content=\"image\/jpeg\" \/>\n<meta name=\"author\" content=\"Algarve 7\" \/>\n<meta name=\"twitter:card\" content=\"summary_large_image\" \/>\n<meta name=\"twitter:creator\" content=\"@Algarvesete\" \/>\n<meta name=\"twitter:site\" content=\"@Algarvesete\" \/>\n<meta name=\"twitter:label1\" content=\"Escrito por\" \/>\n\t<meta name=\"twitter:data1\" content=\"Algarve 7\" \/>\n\t<meta name=\"twitter:label2\" content=\"Tempo estimado de leitura\" \/>\n\t<meta name=\"twitter:data2\" content=\"2 minutos\" \/>\n<script type=\"application\/ld+json\" class=\"yoast-schema-graph\">{\"@context\":\"https:\\\/\\\/schema.org\",\"@graph\":[{\"@type\":\"Article\",\"@id\":\"https:\\\/\\\/algarve7.pt\\\/index.php\\\/2024\\\/04\\\/novo-secretario-de-estado-do-turismo-marca-presenca-na-conferencia-comemorativa-dos-20-anos-da-apal-agencia-de-promocao-de-albufeira\\\/turismo\\\/09\\\/00\\\/#article\",\"isPartOf\":{\"@id\":\"https:\\\/\\\/algarve7.pt\\\/index.php\\\/2024\\\/04\\\/novo-secretario-de-estado-do-turismo-marca-presenca-na-conferencia-comemorativa-dos-20-anos-da-apal-agencia-de-promocao-de-albufeira\\\/turismo\\\/09\\\/00\\\/\"},\"author\":{\"name\":\"Algarve 7\",\"@id\":\"https:\\\/\\\/algarve7.pt\\\/#\\\/schema\\\/person\\\/23fa70681308e7b319a3204bcea45e0c\"},\"headline\":\"Novo Secret\u00e1rio de Estado do Turismo marca presen\u00e7a na confer\u00eancia comemorativa dos 20 anos da APAL \u2013 Ag\u00eancia de Promo\u00e7\u00e3o de Albufeira\",\"datePublished\":\"2024-04-10T08:00:11+00:00\",\"dateModified\":\"2024-04-10T08:00:12+00:00\",\"mainEntityOfPage\":{\"@id\":\"https:\\\/\\\/algarve7.pt\\\/index.php\\\/2024\\\/04\\\/novo-secretario-de-estado-do-turismo-marca-presenca-na-conferencia-comemorativa-dos-20-anos-da-apal-agencia-de-promocao-de-albufeira\\\/turismo\\\/09\\\/00\\\/\"},\"wordCount\":368,\"publisher\":{\"@id\":\"https:\\\/\\\/algarve7.pt\\\/#organization\"},\"image\":{\"@id\":\"https:\\\/\\\/algarve7.pt\\\/index.php\\\/2024\\\/04\\\/novo-secretario-de-estado-do-turismo-marca-presenca-na-conferencia-comemorativa-dos-20-anos-da-apal-agencia-de-promocao-de-albufeira\\\/turismo\\\/09\\\/00\\\/#primaryimage\"},\"thumbnailUrl\":\"https:\\\/\\\/algarve7.pt\\\/wp-content\\\/uploads\\\/2024\\\/04\\\/Albufeira-Conferencia-02.jpg\",\"keywords\":[\"Albufeira\",\"Algarve\",\"Turismo\"],\"articleSection\":[\"Turismo\"],\"inLanguage\":\"pt-PT\"},{\"@type\":\"WebPage\",\"@id\":\"https:\\\/\\\/algarve7.pt\\\/index.php\\\/2024\\\/04\\\/novo-secretario-de-estado-do-turismo-marca-presenca-na-conferencia-comemorativa-dos-20-anos-da-apal-agencia-de-promocao-de-albufeira\\\/turismo\\\/09\\\/00\\\/\",\"url\":\"https:\\\/\\\/algarve7.pt\\\/index.php\\\/2024\\\/04\\\/novo-secretario-de-estado-do-turismo-marca-presenca-na-conferencia-comemorativa-dos-20-anos-da-apal-agencia-de-promocao-de-albufeira\\\/turismo\\\/09\\\/00\\\/\",\"name\":\"Novo Secret\u00e1rio de Estado do Turismo marca presen\u00e7a na confer\u00eancia comemorativa dos 20 anos da APAL \u2013 Ag\u00eancia de Promo\u00e7\u00e3o de Albufeira - Algarve 7\",\"isPartOf\":{\"@id\":\"https:\\\/\\\/algarve7.pt\\\/#website\"},\"primaryImageOfPage\":{\"@id\":\"https:\\\/\\\/algarve7.pt\\\/index.php\\\/2024\\\/04\\\/novo-secretario-de-estado-do-turismo-marca-presenca-na-conferencia-comemorativa-dos-20-anos-da-apal-agencia-de-promocao-de-albufeira\\\/turismo\\\/09\\\/00\\\/#primaryimage\"},\"image\":{\"@id\":\"https:\\\/\\\/algarve7.pt\\\/index.php\\\/2024\\\/04\\\/novo-secretario-de-estado-do-turismo-marca-presenca-na-conferencia-comemorativa-dos-20-anos-da-apal-agencia-de-promocao-de-albufeira\\\/turismo\\\/09\\\/00\\\/#primaryimage\"},\"thumbnailUrl\":\"https:\\\/\\\/algarve7.pt\\\/wp-content\\\/uploads\\\/2024\\\/04\\\/Albufeira-Conferencia-02.jpg\",\"datePublished\":\"2024-04-10T08:00:11+00:00\",\"dateModified\":\"2024-04-10T08:00:12+00:00\",\"description\":\"Novo Secret\u00e1rio de Estado do Turismo marca presen\u00e7a na confer\u00eancia comemorativa dos 20 anos da APAL \u2013 Ag\u00eancia de Promo\u00e7\u00e3o de Albufeira Turismo\",\"breadcrumb\":{\"@id\":\"https:\\\/\\\/algarve7.pt\\\/index.php\\\/2024\\\/04\\\/novo-secretario-de-estado-do-turismo-marca-presenca-na-conferencia-comemorativa-dos-20-anos-da-apal-agencia-de-promocao-de-albufeira\\\/turismo\\\/09\\\/00\\\/#breadcrumb\"},\"inLanguage\":\"pt-PT\",\"potentialAction\":[{\"@type\":\"ReadAction\",\"target\":[\"https:\\\/\\\/algarve7.pt\\\/index.php\\\/2024\\\/04\\\/novo-secretario-de-estado-do-turismo-marca-presenca-na-conferencia-comemorativa-dos-20-anos-da-apal-agencia-de-promocao-de-albufeira\\\/turismo\\\/09\\\/00\\\/\"]}]},{\"@type\":\"ImageObject\",\"inLanguage\":\"pt-PT\",\"@id\":\"https:\\\/\\\/algarve7.pt\\\/index.php\\\/2024\\\/04\\\/novo-secretario-de-estado-do-turismo-marca-presenca-na-conferencia-comemorativa-dos-20-anos-da-apal-agencia-de-promocao-de-albufeira\\\/turismo\\\/09\\\/00\\\/#primaryimage\",\"url\":\"https:\\\/\\\/algarve7.pt\\\/wp-content\\\/uploads\\\/2024\\\/04\\\/Albufeira-Conferencia-02.jpg\",\"contentUrl\":\"https:\\\/\\\/algarve7.pt\\\/wp-content\\\/uploads\\\/2024\\\/04\\\/Albufeira-Conferencia-02.jpg\",\"width\":1000,\"height\":653},{\"@type\":\"BreadcrumbList\",\"@id\":\"https:\\\/\\\/algarve7.pt\\\/index.php\\\/2024\\\/04\\\/novo-secretario-de-estado-do-turismo-marca-presenca-na-conferencia-comemorativa-dos-20-anos-da-apal-agencia-de-promocao-de-albufeira\\\/turismo\\\/09\\\/00\\\/#breadcrumb\",\"itemListElement\":[{\"@type\":\"ListItem\",\"position\":1,\"name\":\"In\u00edcio\",\"item\":\"https:\\\/\\\/algarve7.pt\\\/\"},{\"@type\":\"ListItem\",\"position\":2,\"name\":\"Novo Secret\u00e1rio de Estado do Turismo marca presen\u00e7a na confer\u00eancia comemorativa dos 20 anos da APAL \u2013 Ag\u00eancia de Promo\u00e7\u00e3o de Albufeira\"}]},{\"@type\":\"WebSite\",\"@id\":\"https:\\\/\\\/algarve7.pt\\\/#website\",\"url\":\"https:\\\/\\\/algarve7.pt\\\/\",\"name\":\"Algarve 7\",\"description\":\"Informa\u00e7\u00e3o sobre o Algarve\",\"publisher\":{\"@id\":\"https:\\\/\\\/algarve7.pt\\\/#organization\"},\"potentialAction\":[{\"@type\":\"SearchAction\",\"target\":{\"@type\":\"EntryPoint\",\"urlTemplate\":\"https:\\\/\\\/algarve7.pt\\\/?s={search_term_string}\"},\"query-input\":{\"@type\":\"PropertyValueSpecification\",\"valueRequired\":true,\"valueName\":\"search_term_string\"}}],\"inLanguage\":\"pt-PT\"},{\"@type\":\"Organization\",\"@id\":\"https:\\\/\\\/algarve7.pt\\\/#organization\",\"name\":\"Algarve 7\",\"url\":\"https:\\\/\\\/algarve7.pt\\\/\",\"logo\":{\"@type\":\"ImageObject\",\"inLanguage\":\"pt-PT\",\"@id\":\"https:\\\/\\\/algarve7.pt\\\/#\\\/schema\\\/logo\\\/image\\\/\",\"url\":\"https:\\\/\\\/algarve7.pt\\\/wp-content\\\/uploads\\\/2020\\\/10\\\/Logo-8.jpg\",\"contentUrl\":\"https:\\\/\\\/algarve7.pt\\\/wp-content\\\/uploads\\\/2020\\\/10\\\/Logo-8.jpg\",\"width\":1680,\"height\":1186,\"caption\":\"Algarve 7\"},\"image\":{\"@id\":\"https:\\\/\\\/algarve7.pt\\\/#\\\/schema\\\/logo\\\/image\\\/\"},\"sameAs\":[\"https:\\\/\\\/www.facebook.com\\\/algarve7\",\"https:\\\/\\\/x.com\\\/Algarvesete\",\"https:\\\/\\\/www.instagram.com\\\/jornalalgarve7\\\/\",\"https:\\\/\\\/www.linkedin.com\\\/company\\\/algarve7\",\"https:\\\/\\\/www.pinterest.pt\\\/geral0939\\\/_created\\\/\"]},{\"@type\":\"Person\",\"@id\":\"https:\\\/\\\/algarve7.pt\\\/#\\\/schema\\\/person\\\/23fa70681308e7b319a3204bcea45e0c\",\"name\":\"Algarve 7\",\"sameAs\":[\"https:\\\/\\\/algarve7.pt\",\"https:\\\/\\\/www.facebook.com\\\/algarve7\"],\"url\":\"https:\\\/\\\/algarve7.pt\\\/index.php\\\/author\\\/geralalgarve7-pt\\\/\"}]}<\/script>\n<!-- \/ Yoast SEO plugin. -->","yoast_head_json":{"title":"Novo Secret\u00e1rio de Estado do Turismo marca presen\u00e7a na confer\u00eancia comemorativa dos 20 anos da APAL \u2013 Ag\u00eancia de Promo\u00e7\u00e3o de Albufeira - Algarve 7","description":"Novo Secret\u00e1rio de Estado do Turismo marca presen\u00e7a na confer\u00eancia comemorativa dos 20 anos da APAL \u2013 Ag\u00eancia de Promo\u00e7\u00e3o de Albufeira Turismo","robots":{"index":"index","follow":"follow","max-snippet":"max-snippet:-1","max-image-preview":"max-image-preview:large","max-video-preview":"max-video-preview:-1"},"canonical":"https:\/\/algarve7.pt\/index.php\/2024\/04\/novo-secretario-de-estado-do-turismo-marca-presenca-na-conferencia-comemorativa-dos-20-anos-da-apal-agencia-de-promocao-de-albufeira\/turismo\/09\/00\/","og_locale":"pt_PT","og_type":"article","og_title":"Novo Secret\u00e1rio de Estado do Turismo marca presen\u00e7a na confer\u00eancia comemorativa dos 20 anos da APAL \u2013 Ag\u00eancia de Promo\u00e7\u00e3o de Albufeira - Algarve 7","og_description":"Novo Secret\u00e1rio de Estado do Turismo marca presen\u00e7a na confer\u00eancia comemorativa dos 20 anos da APAL \u2013 Ag\u00eancia de Promo\u00e7\u00e3o de Albufeira Turismo","og_url":"https:\/\/algarve7.pt\/index.php\/2024\/04\/novo-secretario-de-estado-do-turismo-marca-presenca-na-conferencia-comemorativa-dos-20-anos-da-apal-agencia-de-promocao-de-albufeira\/turismo\/09\/00\/","og_site_name":"Algarve 7","article_publisher":"https:\/\/www.facebook.com\/algarve7","article_author":"https:\/\/www.facebook.com\/algarve7","article_published_time":"2024-04-10T08:00:11+00:00","article_modified_time":"2024-04-10T08:00:12+00:00","og_image":[{"width":1000,"height":653,"url":"https:\/\/algarve7.pt\/wp-content\/uploads\/2024\/04\/Albufeira-Conferencia-02.jpg","type":"image\/jpeg"}],"author":"Algarve 7","twitter_card":"summary_large_image","twitter_creator":"@Algarvesete","twitter_site":"@Algarvesete","twitter_misc":{"Escrito por":"Algarve 7","Tempo estimado de leitura":"2 minutos"},"schema":{"@context":"https:\/\/schema.org","@graph":[{"@type":"Article","@id":"https:\/\/algarve7.pt\/index.php\/2024\/04\/novo-secretario-de-estado-do-turismo-marca-presenca-na-conferencia-comemorativa-dos-20-anos-da-apal-agencia-de-promocao-de-albufeira\/turismo\/09\/00\/#article","isPartOf":{"@id":"https:\/\/algarve7.pt\/index.php\/2024\/04\/novo-secretario-de-estado-do-turismo-marca-presenca-na-conferencia-comemorativa-dos-20-anos-da-apal-agencia-de-promocao-de-albufeira\/turismo\/09\/00\/"},"author":{"name":"Algarve 7","@id":"https:\/\/algarve7.pt\/#\/schema\/person\/23fa70681308e7b319a3204bcea45e0c"},"headline":"Novo Secret\u00e1rio de Estado do Turismo marca presen\u00e7a na confer\u00eancia comemorativa dos 20 anos da APAL \u2013 Ag\u00eancia de Promo\u00e7\u00e3o de Albufeira","datePublished":"2024-04-10T08:00:11+00:00","dateModified":"2024-04-10T08:00:12+00:00","mainEntityOfPage":{"@id":"https:\/\/algarve7.pt\/index.php\/2024\/04\/novo-secretario-de-estado-do-turismo-marca-presenca-na-conferencia-comemorativa-dos-20-anos-da-apal-agencia-de-promocao-de-albufeira\/turismo\/09\/00\/"},"wordCount":368,"publisher":{"@id":"https:\/\/algarve7.pt\/#organization"},"image":{"@id":"https:\/\/algarve7.pt\/index.php\/2024\/04\/novo-secretario-de-estado-do-turismo-marca-presenca-na-conferencia-comemorativa-dos-20-anos-da-apal-agencia-de-promocao-de-albufeira\/turismo\/09\/00\/#primaryimage"},"thumbnailUrl":"https:\/\/algarve7.pt\/wp-content\/uploads\/2024\/04\/Albufeira-Conferencia-02.jpg","keywords":["Albufeira","Algarve","Turismo"],"articleSection":["Turismo"],"inLanguage":"pt-PT"},{"@type":"WebPage","@id":"https:\/\/algarve7.pt\/index.php\/2024\/04\/novo-secretario-de-estado-do-turismo-marca-presenca-na-conferencia-comemorativa-dos-20-anos-da-apal-agencia-de-promocao-de-albufeira\/turismo\/09\/00\/","url":"https:\/\/algarve7.pt\/index.php\/2024\/04\/novo-secretario-de-estado-do-turismo-marca-presenca-na-conferencia-comemorativa-dos-20-anos-da-apal-agencia-de-promocao-de-albufeira\/turismo\/09\/00\/","name":"Novo Secret\u00e1rio de Estado do Turismo marca presen\u00e7a na confer\u00eancia comemorativa dos 20 anos da APAL \u2013 Ag\u00eancia de Promo\u00e7\u00e3o de Albufeira - Algarve 7","isPartOf":{"@id":"https:\/\/algarve7.pt\/#website"},"primaryImageOfPage":{"@id":"https:\/\/algarve7.pt\/index.php\/2024\/04\/novo-secretario-de-estado-do-turismo-marca-presenca-na-conferencia-comemorativa-dos-20-anos-da-apal-agencia-de-promocao-de-albufeira\/turismo\/09\/00\/#primaryimage"},"image":{"@id":"https:\/\/algarve7.pt\/index.php\/2024\/04\/novo-secretario-de-estado-do-turismo-marca-presenca-na-conferencia-comemorativa-dos-20-anos-da-apal-agencia-de-promocao-de-albufeira\/turismo\/09\/00\/#primaryimage"},"thumbnailUrl":"https:\/\/algarve7.pt\/wp-content\/uploads\/2024\/04\/Albufeira-Conferencia-02.jpg","datePublished":"2024-04-10T08:00:11+00:00","dateModified":"2024-04-10T08:00:12+00:00","description":"Novo Secret\u00e1rio de Estado do Turismo marca presen\u00e7a na confer\u00eancia comemorativa dos 20 anos da APAL \u2013 Ag\u00eancia de Promo\u00e7\u00e3o de Albufeira Turismo","breadcrumb":{"@id":"https:\/\/algarve7.pt\/index.php\/2024\/04\/novo-secretario-de-estado-do-turismo-marca-presenca-na-conferencia-comemorativa-dos-20-anos-da-apal-agencia-de-promocao-de-albufeira\/turismo\/09\/00\/#breadcrumb"},"inLanguage":"pt-PT","potentialAction":[{"@type":"ReadAction","target":["https:\/\/algarve7.pt\/index.php\/2024\/04\/novo-secretario-de-estado-do-turismo-marca-presenca-na-conferencia-comemorativa-dos-20-anos-da-apal-agencia-de-promocao-de-albufeira\/turismo\/09\/00\/"]}]},{"@type":"ImageObject","inLanguage":"pt-PT","@id":"https:\/\/algarve7.pt\/index.php\/2024\/04\/novo-secretario-de-estado-do-turismo-marca-presenca-na-conferencia-comemorativa-dos-20-anos-da-apal-agencia-de-promocao-de-albufeira\/turismo\/09\/00\/#primaryimage","url":"https:\/\/algarve7.pt\/wp-content\/uploads\/2024\/04\/Albufeira-Conferencia-02.jpg","contentUrl":"https:\/\/algarve7.pt\/wp-content\/uploads\/2024\/04\/Albufeira-Conferencia-02.jpg","width":1000,"height":653},{"@type":"BreadcrumbList","@id":"https:\/\/algarve7.pt\/index.php\/2024\/04\/novo-secretario-de-estado-do-turismo-marca-presenca-na-conferencia-comemorativa-dos-20-anos-da-apal-agencia-de-promocao-de-albufeira\/turismo\/09\/00\/#breadcrumb","itemListElement":[{"@type":"ListItem","position":1,"name":"In\u00edcio","item":"https:\/\/algarve7.pt\/"},{"@type":"ListItem","position":2,"name":"Novo Secret\u00e1rio de Estado do Turismo marca presen\u00e7a na confer\u00eancia comemorativa dos 20 anos da APAL \u2013 Ag\u00eancia de Promo\u00e7\u00e3o de Albufeira"}]},{"@type":"WebSite","@id":"https:\/\/algarve7.pt\/#website","url":"https:\/\/algarve7.pt\/","name":"Algarve 7","description":"Informa\u00e7\u00e3o sobre o Algarve","publisher":{"@id":"https:\/\/algarve7.pt\/#organization"},"potentialAction":[{"@type":"SearchAction","target":{"@type":"EntryPoint","urlTemplate":"https:\/\/algarve7.pt\/?s={search_term_string}"},"query-input":{"@type":"PropertyValueSpecification","valueRequired":true,"valueName":"search_term_string"}}],"inLanguage":"pt-PT"},{"@type":"Organization","@id":"https:\/\/algarve7.pt\/#organization","name":"Algarve 7","url":"https:\/\/algarve7.pt\/","logo":{"@type":"ImageObject","inLanguage":"pt-PT","@id":"https:\/\/algarve7.pt\/#\/schema\/logo\/image\/","url":"https:\/\/algarve7.pt\/wp-content\/uploads\/2020\/10\/Logo-8.jpg","contentUrl":"https:\/\/algarve7.pt\/wp-content\/uploads\/2020\/10\/Logo-8.jpg","width":1680,"height":1186,"caption":"Algarve 7"},"image":{"@id":"https:\/\/algarve7.pt\/#\/schema\/logo\/image\/"},"sameAs":["https:\/\/www.facebook.com\/algarve7","https:\/\/x.com\/Algarvesete","https:\/\/www.instagram.com\/jornalalgarve7\/","https:\/\/www.linkedin.com\/company\/algarve7","https:\/\/www.pinterest.pt\/geral0939\/_created\/"]},{"@type":"Person","@id":"https:\/\/algarve7.pt\/#\/schema\/person\/23fa70681308e7b319a3204bcea45e0c","name":"Algarve 7","sameAs":["https:\/\/algarve7.pt","https:\/\/www.facebook.com\/algarve7"],"url":"https:\/\/algarve7.pt\/index.php\/author\/geralalgarve7-pt\/"}]}},"jetpack_publicize_connections":[],"jetpack_featured_media_url":"https:\/\/algarve7.pt\/wp-content\/uploads\/2024\/04\/Albufeira-Conferencia-02.jpg","jetpack_shortlink":"https:\/\/wp.me\/pcezmW-9Kd","jetpack_sharing_enabled":true,"_links":{"self":[{"href":"https:\/\/algarve7.pt\/index.php\/wp-json\/wp\/v2\/posts\/37461","targetHints":{"allow":["GET"]}}],"collection":[{"href":"https:\/\/algarve7.pt\/index.php\/wp-json\/wp\/v2\/posts"}],"about":[{"href":"https:\/\/algarve7.pt\/index.php\/wp-json\/wp\/v2\/types\/post"}],"author":[{"embeddable":true,"href":"https:\/\/algarve7.pt\/index.php\/wp-json\/wp\/v2\/users\/1"}],"replies":[{"embeddable":true,"href":"https:\/\/algarve7.pt\/index.php\/wp-json\/wp\/v2\/comments?post=37461"}],"version-history":[{"count":0,"href":"https:\/\/algarve7.pt\/index.php\/wp-json\/wp\/v2\/posts\/37461\/revisions"}],"wp:featuredmedia":[{"embeddable":true,"href":"https:\/\/algarve7.pt\/index.php\/wp-json\/wp\/v2\/media\/37462"}],"wp:attachment":[{"href":"https:\/\/algarve7.pt\/index.php\/wp-json\/wp\/v2\/media?parent=37461"}],"wp:term":[{"taxonomy":"category","embeddable":true,"href":"https:\/\/algarve7.pt\/index.php\/wp-json\/wp\/v2\/categories?post=37461"},{"taxonomy":"post_tag","embeddable":true,"href":"https:\/\/algarve7.pt\/index.php\/wp-json\/wp\/v2\/tags?post=37461"}],"curies":[{"name":"wp","href":"https:\/\/api.w.org\/{rel}","templated":true}]}}