{"id":37453,"date":"2024-04-10T09:50:00","date_gmt":"2024-04-10T08:50:00","guid":{"rendered":"https:\/\/algarve7.pt\/?p=37453"},"modified":"2024-04-09T17:42:49","modified_gmt":"2024-04-09T16:42:49","slug":"estacao-nautica-de-faro-estara-presente-na-nauticampo-2024","status":"publish","type":"post","link":"https:\/\/algarve7.pt\/index.php\/2024\/04\/estacao-nautica-de-faro-estara-presente-na-nauticampo-2024\/turismo\/09\/50\/","title":{"rendered":"Esta\u00e7\u00e3o n\u00e1utica de Faro estar\u00e1 presente na Nauticampo 2024"},"content":{"rendered":"\n<p>A Esta\u00e7\u00e3o N\u00e1utica de Faro (ENF), atrav\u00e9s da C\u00e2mara Municipal de Faro, vai estar presente na Nauticampo, que ter\u00e1 lugar na FIL \u2013 Parque das Na\u00e7\u00f5es, de 17 a 21 de abril.&nbsp;&nbsp;Uma \u00e1rea personalizada, localizada no Pavilh\u00e3o 2, n\u00famero 2C18, destinado \u00e0s Esta\u00e7\u00f5es N\u00e1uticas de Portugal, garantir\u00e1 que o Munic\u00edpio continua a afirmar-se e promover-se enquanto destino n\u00e1utico, no mercado nacional e internacional.<\/p>\n\n\n\n<p>A Nauticampo recebe todos os anos milhares de visitantes, que procuram as mais recentes novidades sobre destinos n\u00e1uticos, bem como entusiastas que procuram experi\u00eancias deste tipo, ou ligadas \u00e0 promo\u00e7\u00e3o de estilos de vida ao ar livre. A ENF ter\u00e1 um espa\u00e7o pr\u00f3prio, integrado na Zona dos Destinos Aventura e Esta\u00e7\u00f5es N\u00e1uticas, com o objetivo de promover Faro enquanto destino privilegiado neste segmento, dando a conhecer toda a oferta de servi\u00e7os dos parceiros aderentes deste espa\u00e7o do concelho.<\/p>\n\n\n\n<p>Na verdade, a ENF \u00e9 uma plataforma de coopera\u00e7\u00e3o, que conta j\u00e1 com mais de 70 parceiros, p\u00fablicos e privados, assegurando a promo\u00e7\u00e3o e divulga\u00e7\u00e3o de um produto tur\u00edstico de qualidade, que pretende valorizar os recursos mar\u00edtimos do territ\u00f3rio e outros associados, tais como: alojamento, restaura\u00e7\u00e3o, atividades desportivas e de lazer, forma\u00e7\u00e3o, entre outros. Com esta oferta variada, este produto torna-se cada vez mais relevante para a atra\u00e7\u00e3o de turistas e outros utilizadores, assim como permite potencializar o aproveitamento destes recursos por parte da comunidade residente, visitantes e turistas.<\/p>\n\n\n\n<p>Conhecer a hist\u00f3ria e o patrim\u00f3nio da cidade, degustar a gastronomia tradicional, praticar desportos n\u00e1uticos (vela, surf, windsurf, bodyboard, stand up padel, entre outros), passear na Ria Formosa (considerada uma das 7 Maravilhas Naturais de Portugal), ou percorrer algumas das suas mais belas ilhas e praias, ser\u00e3o, tamb\u00e9m, algumas das experi\u00eancias disponibilizadas pelos parceiros, que os visitantes da Nauticampo poder\u00e3o usufruir, j\u00e1 que haver\u00e1 um sorteio promovido pela ENF, no qual poder\u00e3o participar e receber alguns pr\u00e9mios.&nbsp;<\/p>\n","protected":false},"excerpt":{"rendered":"<p>A Esta\u00e7\u00e3o N\u00e1utica de Faro (ENF), atrav\u00e9s da C\u00e2mara Municipal de Faro, vai estar presente na Nauticampo, que ter\u00e1 lugar<\/p>\n","protected":false},"author":1,"featured_media":15323,"comment_status":"closed","ping_status":"open","sticky":false,"template":"","format":"standard","meta":{"colormag_page_container_layout":"default_layout","colormag_page_sidebar_layout":"default_layout","_monsterinsights_skip_tracking":false,"_monsterinsights_sitenote_active":false,"_monsterinsights_sitenote_note":"","_monsterinsights_sitenote_category":0,"jetpack_post_was_ever_published":false,"_jetpack_newsletter_access":"","_jetpack_dont_email_post_to_subs":false,"_jetpack_newsletter_tier_id":0,"_jetpack_memberships_contains_paywalled_content":false,"_jetpack_memberships_contains_paid_content":false,"footnotes":"","jetpack_publicize_message":"","jetpack_publicize_feature_enabled":true,"jetpack_social_post_already_shared":false,"jetpack_social_options":{"image_generator_settings":{"template":"highway","default_image_id":0,"font":"","enabled":false},"version":2}},"categories":[17],"tags":[36,57,45],"class_list":["post-37453","post","type-post","status-publish","format-standard","has-post-thumbnail","hentry","category-turismo","tag-algarve","tag-faro","tag-turismo"],"yoast_head":"<!-- This site is optimized with the Yoast SEO plugin v27.5 - https:\/\/yoast.com\/product\/yoast-seo-wordpress\/ -->\n<title>Esta\u00e7\u00e3o n\u00e1utica de Faro estar\u00e1 presente na Nauticampo 2024 - Algarve 7<\/title>\n<meta name=\"description\" content=\"Esta\u00e7\u00e3o n\u00e1utica de Faro estar\u00e1 presente na Nauticampo 2024 Turismo\" \/>\n<meta name=\"robots\" content=\"index, follow, max-snippet:-1, max-image-preview:large, max-video-preview:-1\" \/>\n<link rel=\"canonical\" href=\"https:\/\/algarve7.pt\/index.php\/2024\/04\/estacao-nautica-de-faro-estara-presente-na-nauticampo-2024\/turismo\/09\/50\/\" \/>\n<meta property=\"og:locale\" content=\"pt_PT\" \/>\n<meta property=\"og:type\" content=\"article\" \/>\n<meta property=\"og:title\" content=\"Esta\u00e7\u00e3o n\u00e1utica de Faro estar\u00e1 presente na Nauticampo 2024 - Algarve 7\" \/>\n<meta property=\"og:description\" content=\"Esta\u00e7\u00e3o n\u00e1utica de Faro estar\u00e1 presente na Nauticampo 2024 Turismo\" \/>\n<meta property=\"og:url\" content=\"https:\/\/algarve7.pt\/index.php\/2024\/04\/estacao-nautica-de-faro-estara-presente-na-nauticampo-2024\/turismo\/09\/50\/\" \/>\n<meta property=\"og:site_name\" content=\"Algarve 7\" \/>\n<meta property=\"article:publisher\" content=\"https:\/\/www.facebook.com\/algarve7\" \/>\n<meta property=\"article:author\" content=\"https:\/\/www.facebook.com\/algarve7\" \/>\n<meta property=\"article:published_time\" content=\"2024-04-10T08:50:00+00:00\" \/>\n<meta property=\"og:image\" content=\"https:\/\/algarve7.pt\/wp-content\/uploads\/2022\/02\/ENautica-Faro-1.jpg\" \/>\n\t<meta property=\"og:image:width\" content=\"1191\" \/>\n\t<meta property=\"og:image:height\" content=\"893\" \/>\n\t<meta property=\"og:image:type\" content=\"image\/jpeg\" \/>\n<meta name=\"author\" content=\"Algarve 7\" \/>\n<meta name=\"twitter:card\" content=\"summary_large_image\" \/>\n<meta name=\"twitter:creator\" content=\"@Algarvesete\" \/>\n<meta name=\"twitter:site\" content=\"@Algarvesete\" \/>\n<meta name=\"twitter:label1\" content=\"Escrito por\" \/>\n\t<meta name=\"twitter:data1\" content=\"Algarve 7\" \/>\n\t<meta name=\"twitter:label2\" content=\"Tempo estimado de leitura\" \/>\n\t<meta name=\"twitter:data2\" content=\"2 minutos\" \/>\n<script type=\"application\/ld+json\" class=\"yoast-schema-graph\">{\"@context\":\"https:\\\/\\\/schema.org\",\"@graph\":[{\"@type\":\"Article\",\"@id\":\"https:\\\/\\\/algarve7.pt\\\/index.php\\\/2024\\\/04\\\/estacao-nautica-de-faro-estara-presente-na-nauticampo-2024\\\/turismo\\\/09\\\/50\\\/#article\",\"isPartOf\":{\"@id\":\"https:\\\/\\\/algarve7.pt\\\/index.php\\\/2024\\\/04\\\/estacao-nautica-de-faro-estara-presente-na-nauticampo-2024\\\/turismo\\\/09\\\/50\\\/\"},\"author\":{\"name\":\"Algarve 7\",\"@id\":\"https:\\\/\\\/algarve7.pt\\\/#\\\/schema\\\/person\\\/23fa70681308e7b319a3204bcea45e0c\"},\"headline\":\"Esta\u00e7\u00e3o n\u00e1utica de Faro estar\u00e1 presente na Nauticampo 2024\",\"datePublished\":\"2024-04-10T08:50:00+00:00\",\"mainEntityOfPage\":{\"@id\":\"https:\\\/\\\/algarve7.pt\\\/index.php\\\/2024\\\/04\\\/estacao-nautica-de-faro-estara-presente-na-nauticampo-2024\\\/turismo\\\/09\\\/50\\\/\"},\"wordCount\":352,\"publisher\":{\"@id\":\"https:\\\/\\\/algarve7.pt\\\/#organization\"},\"image\":{\"@id\":\"https:\\\/\\\/algarve7.pt\\\/index.php\\\/2024\\\/04\\\/estacao-nautica-de-faro-estara-presente-na-nauticampo-2024\\\/turismo\\\/09\\\/50\\\/#primaryimage\"},\"thumbnailUrl\":\"https:\\\/\\\/algarve7.pt\\\/wp-content\\\/uploads\\\/2022\\\/02\\\/ENautica-Faro-1.jpg\",\"keywords\":[\"Algarve\",\"Faro\",\"Turismo\"],\"articleSection\":[\"Turismo\"],\"inLanguage\":\"pt-PT\"},{\"@type\":\"WebPage\",\"@id\":\"https:\\\/\\\/algarve7.pt\\\/index.php\\\/2024\\\/04\\\/estacao-nautica-de-faro-estara-presente-na-nauticampo-2024\\\/turismo\\\/09\\\/50\\\/\",\"url\":\"https:\\\/\\\/algarve7.pt\\\/index.php\\\/2024\\\/04\\\/estacao-nautica-de-faro-estara-presente-na-nauticampo-2024\\\/turismo\\\/09\\\/50\\\/\",\"name\":\"Esta\u00e7\u00e3o n\u00e1utica de Faro estar\u00e1 presente na Nauticampo 2024 - Algarve 7\",\"isPartOf\":{\"@id\":\"https:\\\/\\\/algarve7.pt\\\/#website\"},\"primaryImageOfPage\":{\"@id\":\"https:\\\/\\\/algarve7.pt\\\/index.php\\\/2024\\\/04\\\/estacao-nautica-de-faro-estara-presente-na-nauticampo-2024\\\/turismo\\\/09\\\/50\\\/#primaryimage\"},\"image\":{\"@id\":\"https:\\\/\\\/algarve7.pt\\\/index.php\\\/2024\\\/04\\\/estacao-nautica-de-faro-estara-presente-na-nauticampo-2024\\\/turismo\\\/09\\\/50\\\/#primaryimage\"},\"thumbnailUrl\":\"https:\\\/\\\/algarve7.pt\\\/wp-content\\\/uploads\\\/2022\\\/02\\\/ENautica-Faro-1.jpg\",\"datePublished\":\"2024-04-10T08:50:00+00:00\",\"description\":\"Esta\u00e7\u00e3o n\u00e1utica de Faro estar\u00e1 presente na Nauticampo 2024 Turismo\",\"breadcrumb\":{\"@id\":\"https:\\\/\\\/algarve7.pt\\\/index.php\\\/2024\\\/04\\\/estacao-nautica-de-faro-estara-presente-na-nauticampo-2024\\\/turismo\\\/09\\\/50\\\/#breadcrumb\"},\"inLanguage\":\"pt-PT\",\"potentialAction\":[{\"@type\":\"ReadAction\",\"target\":[\"https:\\\/\\\/algarve7.pt\\\/index.php\\\/2024\\\/04\\\/estacao-nautica-de-faro-estara-presente-na-nauticampo-2024\\\/turismo\\\/09\\\/50\\\/\"]}]},{\"@type\":\"ImageObject\",\"inLanguage\":\"pt-PT\",\"@id\":\"https:\\\/\\\/algarve7.pt\\\/index.php\\\/2024\\\/04\\\/estacao-nautica-de-faro-estara-presente-na-nauticampo-2024\\\/turismo\\\/09\\\/50\\\/#primaryimage\",\"url\":\"https:\\\/\\\/algarve7.pt\\\/wp-content\\\/uploads\\\/2022\\\/02\\\/ENautica-Faro-1.jpg\",\"contentUrl\":\"https:\\\/\\\/algarve7.pt\\\/wp-content\\\/uploads\\\/2022\\\/02\\\/ENautica-Faro-1.jpg\",\"width\":1191,\"height\":893},{\"@type\":\"BreadcrumbList\",\"@id\":\"https:\\\/\\\/algarve7.pt\\\/index.php\\\/2024\\\/04\\\/estacao-nautica-de-faro-estara-presente-na-nauticampo-2024\\\/turismo\\\/09\\\/50\\\/#breadcrumb\",\"itemListElement\":[{\"@type\":\"ListItem\",\"position\":1,\"name\":\"In\u00edcio\",\"item\":\"https:\\\/\\\/algarve7.pt\\\/\"},{\"@type\":\"ListItem\",\"position\":2,\"name\":\"Esta\u00e7\u00e3o n\u00e1utica de Faro estar\u00e1 presente na Nauticampo 2024\"}]},{\"@type\":\"WebSite\",\"@id\":\"https:\\\/\\\/algarve7.pt\\\/#website\",\"url\":\"https:\\\/\\\/algarve7.pt\\\/\",\"name\":\"Algarve 7\",\"description\":\"Informa\u00e7\u00e3o sobre o Algarve\",\"publisher\":{\"@id\":\"https:\\\/\\\/algarve7.pt\\\/#organization\"},\"potentialAction\":[{\"@type\":\"SearchAction\",\"target\":{\"@type\":\"EntryPoint\",\"urlTemplate\":\"https:\\\/\\\/algarve7.pt\\\/?s={search_term_string}\"},\"query-input\":{\"@type\":\"PropertyValueSpecification\",\"valueRequired\":true,\"valueName\":\"search_term_string\"}}],\"inLanguage\":\"pt-PT\"},{\"@type\":\"Organization\",\"@id\":\"https:\\\/\\\/algarve7.pt\\\/#organization\",\"name\":\"Algarve 7\",\"url\":\"https:\\\/\\\/algarve7.pt\\\/\",\"logo\":{\"@type\":\"ImageObject\",\"inLanguage\":\"pt-PT\",\"@id\":\"https:\\\/\\\/algarve7.pt\\\/#\\\/schema\\\/logo\\\/image\\\/\",\"url\":\"https:\\\/\\\/algarve7.pt\\\/wp-content\\\/uploads\\\/2020\\\/10\\\/Logo-8.jpg\",\"contentUrl\":\"https:\\\/\\\/algarve7.pt\\\/wp-content\\\/uploads\\\/2020\\\/10\\\/Logo-8.jpg\",\"width\":1680,\"height\":1186,\"caption\":\"Algarve 7\"},\"image\":{\"@id\":\"https:\\\/\\\/algarve7.pt\\\/#\\\/schema\\\/logo\\\/image\\\/\"},\"sameAs\":[\"https:\\\/\\\/www.facebook.com\\\/algarve7\",\"https:\\\/\\\/x.com\\\/Algarvesete\",\"https:\\\/\\\/www.instagram.com\\\/jornalalgarve7\\\/\",\"https:\\\/\\\/www.linkedin.com\\\/company\\\/algarve7\",\"https:\\\/\\\/www.pinterest.pt\\\/geral0939\\\/_created\\\/\"]},{\"@type\":\"Person\",\"@id\":\"https:\\\/\\\/algarve7.pt\\\/#\\\/schema\\\/person\\\/23fa70681308e7b319a3204bcea45e0c\",\"name\":\"Algarve 7\",\"sameAs\":[\"https:\\\/\\\/algarve7.pt\",\"https:\\\/\\\/www.facebook.com\\\/algarve7\"],\"url\":\"https:\\\/\\\/algarve7.pt\\\/index.php\\\/author\\\/geralalgarve7-pt\\\/\"}]}<\/script>\n<!-- \/ Yoast SEO plugin. -->","yoast_head_json":{"title":"Esta\u00e7\u00e3o n\u00e1utica de Faro estar\u00e1 presente na Nauticampo 2024 - Algarve 7","description":"Esta\u00e7\u00e3o n\u00e1utica de Faro estar\u00e1 presente na Nauticampo 2024 Turismo","robots":{"index":"index","follow":"follow","max-snippet":"max-snippet:-1","max-image-preview":"max-image-preview:large","max-video-preview":"max-video-preview:-1"},"canonical":"https:\/\/algarve7.pt\/index.php\/2024\/04\/estacao-nautica-de-faro-estara-presente-na-nauticampo-2024\/turismo\/09\/50\/","og_locale":"pt_PT","og_type":"article","og_title":"Esta\u00e7\u00e3o n\u00e1utica de Faro estar\u00e1 presente na Nauticampo 2024 - Algarve 7","og_description":"Esta\u00e7\u00e3o n\u00e1utica de Faro estar\u00e1 presente na Nauticampo 2024 Turismo","og_url":"https:\/\/algarve7.pt\/index.php\/2024\/04\/estacao-nautica-de-faro-estara-presente-na-nauticampo-2024\/turismo\/09\/50\/","og_site_name":"Algarve 7","article_publisher":"https:\/\/www.facebook.com\/algarve7","article_author":"https:\/\/www.facebook.com\/algarve7","article_published_time":"2024-04-10T08:50:00+00:00","og_image":[{"width":1191,"height":893,"url":"https:\/\/algarve7.pt\/wp-content\/uploads\/2022\/02\/ENautica-Faro-1.jpg","type":"image\/jpeg"}],"author":"Algarve 7","twitter_card":"summary_large_image","twitter_creator":"@Algarvesete","twitter_site":"@Algarvesete","twitter_misc":{"Escrito por":"Algarve 7","Tempo estimado de leitura":"2 minutos"},"schema":{"@context":"https:\/\/schema.org","@graph":[{"@type":"Article","@id":"https:\/\/algarve7.pt\/index.php\/2024\/04\/estacao-nautica-de-faro-estara-presente-na-nauticampo-2024\/turismo\/09\/50\/#article","isPartOf":{"@id":"https:\/\/algarve7.pt\/index.php\/2024\/04\/estacao-nautica-de-faro-estara-presente-na-nauticampo-2024\/turismo\/09\/50\/"},"author":{"name":"Algarve 7","@id":"https:\/\/algarve7.pt\/#\/schema\/person\/23fa70681308e7b319a3204bcea45e0c"},"headline":"Esta\u00e7\u00e3o n\u00e1utica de Faro estar\u00e1 presente na Nauticampo 2024","datePublished":"2024-04-10T08:50:00+00:00","mainEntityOfPage":{"@id":"https:\/\/algarve7.pt\/index.php\/2024\/04\/estacao-nautica-de-faro-estara-presente-na-nauticampo-2024\/turismo\/09\/50\/"},"wordCount":352,"publisher":{"@id":"https:\/\/algarve7.pt\/#organization"},"image":{"@id":"https:\/\/algarve7.pt\/index.php\/2024\/04\/estacao-nautica-de-faro-estara-presente-na-nauticampo-2024\/turismo\/09\/50\/#primaryimage"},"thumbnailUrl":"https:\/\/algarve7.pt\/wp-content\/uploads\/2022\/02\/ENautica-Faro-1.jpg","keywords":["Algarve","Faro","Turismo"],"articleSection":["Turismo"],"inLanguage":"pt-PT"},{"@type":"WebPage","@id":"https:\/\/algarve7.pt\/index.php\/2024\/04\/estacao-nautica-de-faro-estara-presente-na-nauticampo-2024\/turismo\/09\/50\/","url":"https:\/\/algarve7.pt\/index.php\/2024\/04\/estacao-nautica-de-faro-estara-presente-na-nauticampo-2024\/turismo\/09\/50\/","name":"Esta\u00e7\u00e3o n\u00e1utica de Faro estar\u00e1 presente na Nauticampo 2024 - Algarve 7","isPartOf":{"@id":"https:\/\/algarve7.pt\/#website"},"primaryImageOfPage":{"@id":"https:\/\/algarve7.pt\/index.php\/2024\/04\/estacao-nautica-de-faro-estara-presente-na-nauticampo-2024\/turismo\/09\/50\/#primaryimage"},"image":{"@id":"https:\/\/algarve7.pt\/index.php\/2024\/04\/estacao-nautica-de-faro-estara-presente-na-nauticampo-2024\/turismo\/09\/50\/#primaryimage"},"thumbnailUrl":"https:\/\/algarve7.pt\/wp-content\/uploads\/2022\/02\/ENautica-Faro-1.jpg","datePublished":"2024-04-10T08:50:00+00:00","description":"Esta\u00e7\u00e3o n\u00e1utica de Faro estar\u00e1 presente na Nauticampo 2024 Turismo","breadcrumb":{"@id":"https:\/\/algarve7.pt\/index.php\/2024\/04\/estacao-nautica-de-faro-estara-presente-na-nauticampo-2024\/turismo\/09\/50\/#breadcrumb"},"inLanguage":"pt-PT","potentialAction":[{"@type":"ReadAction","target":["https:\/\/algarve7.pt\/index.php\/2024\/04\/estacao-nautica-de-faro-estara-presente-na-nauticampo-2024\/turismo\/09\/50\/"]}]},{"@type":"ImageObject","inLanguage":"pt-PT","@id":"https:\/\/algarve7.pt\/index.php\/2024\/04\/estacao-nautica-de-faro-estara-presente-na-nauticampo-2024\/turismo\/09\/50\/#primaryimage","url":"https:\/\/algarve7.pt\/wp-content\/uploads\/2022\/02\/ENautica-Faro-1.jpg","contentUrl":"https:\/\/algarve7.pt\/wp-content\/uploads\/2022\/02\/ENautica-Faro-1.jpg","width":1191,"height":893},{"@type":"BreadcrumbList","@id":"https:\/\/algarve7.pt\/index.php\/2024\/04\/estacao-nautica-de-faro-estara-presente-na-nauticampo-2024\/turismo\/09\/50\/#breadcrumb","itemListElement":[{"@type":"ListItem","position":1,"name":"In\u00edcio","item":"https:\/\/algarve7.pt\/"},{"@type":"ListItem","position":2,"name":"Esta\u00e7\u00e3o n\u00e1utica de Faro estar\u00e1 presente na Nauticampo 2024"}]},{"@type":"WebSite","@id":"https:\/\/algarve7.pt\/#website","url":"https:\/\/algarve7.pt\/","name":"Algarve 7","description":"Informa\u00e7\u00e3o sobre o Algarve","publisher":{"@id":"https:\/\/algarve7.pt\/#organization"},"potentialAction":[{"@type":"SearchAction","target":{"@type":"EntryPoint","urlTemplate":"https:\/\/algarve7.pt\/?s={search_term_string}"},"query-input":{"@type":"PropertyValueSpecification","valueRequired":true,"valueName":"search_term_string"}}],"inLanguage":"pt-PT"},{"@type":"Organization","@id":"https:\/\/algarve7.pt\/#organization","name":"Algarve 7","url":"https:\/\/algarve7.pt\/","logo":{"@type":"ImageObject","inLanguage":"pt-PT","@id":"https:\/\/algarve7.pt\/#\/schema\/logo\/image\/","url":"https:\/\/algarve7.pt\/wp-content\/uploads\/2020\/10\/Logo-8.jpg","contentUrl":"https:\/\/algarve7.pt\/wp-content\/uploads\/2020\/10\/Logo-8.jpg","width":1680,"height":1186,"caption":"Algarve 7"},"image":{"@id":"https:\/\/algarve7.pt\/#\/schema\/logo\/image\/"},"sameAs":["https:\/\/www.facebook.com\/algarve7","https:\/\/x.com\/Algarvesete","https:\/\/www.instagram.com\/jornalalgarve7\/","https:\/\/www.linkedin.com\/company\/algarve7","https:\/\/www.pinterest.pt\/geral0939\/_created\/"]},{"@type":"Person","@id":"https:\/\/algarve7.pt\/#\/schema\/person\/23fa70681308e7b319a3204bcea45e0c","name":"Algarve 7","sameAs":["https:\/\/algarve7.pt","https:\/\/www.facebook.com\/algarve7"],"url":"https:\/\/algarve7.pt\/index.php\/author\/geralalgarve7-pt\/"}]}},"jetpack_publicize_connections":[],"jetpack_featured_media_url":"https:\/\/algarve7.pt\/wp-content\/uploads\/2022\/02\/ENautica-Faro-1.jpg","jetpack_shortlink":"https:\/\/wp.me\/pcezmW-9K5","jetpack_sharing_enabled":true,"_links":{"self":[{"href":"https:\/\/algarve7.pt\/index.php\/wp-json\/wp\/v2\/posts\/37453","targetHints":{"allow":["GET"]}}],"collection":[{"href":"https:\/\/algarve7.pt\/index.php\/wp-json\/wp\/v2\/posts"}],"about":[{"href":"https:\/\/algarve7.pt\/index.php\/wp-json\/wp\/v2\/types\/post"}],"author":[{"embeddable":true,"href":"https:\/\/algarve7.pt\/index.php\/wp-json\/wp\/v2\/users\/1"}],"replies":[{"embeddable":true,"href":"https:\/\/algarve7.pt\/index.php\/wp-json\/wp\/v2\/comments?post=37453"}],"version-history":[{"count":0,"href":"https:\/\/algarve7.pt\/index.php\/wp-json\/wp\/v2\/posts\/37453\/revisions"}],"wp:featuredmedia":[{"embeddable":true,"href":"https:\/\/algarve7.pt\/index.php\/wp-json\/wp\/v2\/media\/15323"}],"wp:attachment":[{"href":"https:\/\/algarve7.pt\/index.php\/wp-json\/wp\/v2\/media?parent=37453"}],"wp:term":[{"taxonomy":"category","embeddable":true,"href":"https:\/\/algarve7.pt\/index.php\/wp-json\/wp\/v2\/categories?post=37453"},{"taxonomy":"post_tag","embeddable":true,"href":"https:\/\/algarve7.pt\/index.php\/wp-json\/wp\/v2\/tags?post=37453"}],"curies":[{"name":"wp","href":"https:\/\/api.w.org\/{rel}","templated":true}]}}