{"id":3740,"date":"2020-11-15T09:18:46","date_gmt":"2020-11-15T09:18:46","guid":{"rendered":"https:\/\/algarve7.pt\/?p=3740"},"modified":"2020-11-15T09:18:47","modified_gmt":"2020-11-15T09:18:47","slug":"camara-de-lagos-apoia-os-municipes","status":"publish","type":"post","link":"https:\/\/algarve7.pt\/index.php\/2020\/11\/camara-de-lagos-apoia-os-municipes\/economia\/09\/18\/","title":{"rendered":"C\u00e2mara de Lagos apoia os mun\u00edcipes"},"content":{"rendered":"\n<p>Consciente do impacto da crise pand\u00e9mica junto da popula\u00e7\u00e3o, a autarquia refor\u00e7a a sua inten\u00e7\u00e3o de ajudar as fam\u00edlias lacobrigenses. Entre esses apoios encontram-se a distribui\u00e7\u00e3o de cabazes alimentares e de bens de primeira necessidade, onde se incluem produtos de higiene pessoal e limpeza da casa, entrega de medica\u00e7\u00e3o, distribui\u00e7\u00e3o de refei\u00e7\u00f5es a pessoas em situa\u00e7\u00e3o de sem abrigo e apoio psicol\u00f3gico. Caso necessite de apoio, contacte a C\u00e2mara Municipal de Lagos atrav\u00e9s do telefone 282\u00a0780\u00a0900 ou 282\u00a0771\u00a0700 (9h00-17h00) ou do email\u00a0<a href=\"mailto:expediente.geral@cm-lagos.pt\" target=\"_blank\" rel=\"noreferrer noopener\">expediente.geral@cm-lagos.pt<\/a>, sendo garantido o sigilo dos pedidos.<\/p>\n\n\n\n<p>O programa LAGOS APOIA\u00a0\u00e9 a designa\u00e7\u00e3o do conjunto de medidas de apoio \u00e0s fam\u00edlias e \u00e0 economia local aprovado com o objetivo de minimizar o impacto causado pela pandemia de COVID-19. Estas medidas englobam \u00e1reas como Apoio Social, Medidas de Sa\u00fade, Apoio \u00e0 Economia, Higiene e Seguran\u00e7a e Medidas Culturais e Informativas e visam, acima de tudo, ajudar a comunidade que viu os seus rendimentos afetados como resultado da evolu\u00e7\u00e3o epidemiol\u00f3gica no pa\u00eds e no mundo.<\/p>\n\n\n\n<p>Consulte todas as medidas do programa LAGOS APOIA\u00a0<a href=\"https:\/\/www.yumpu.com\/pt\/document\/read\/63435564\/lagos-apoia\" target=\"_blank\" rel=\"noreferrer noopener\">aqui<\/a>.<\/p>\n\n\n\n<div class=\"wp-block-image\"><figure class=\"aligncenter size-large is-resized\"><img loading=\"lazy\" decoding=\"async\" src=\"https:\/\/algarve7.pt\/wp-content\/uploads\/2020\/11\/NILagosApoia_EstamosAquiParaAjudar-1-1024x682.jpg\" alt=\"\" class=\"wp-image-3743\" width=\"607\" height=\"404\" srcset=\"https:\/\/algarve7.pt\/wp-content\/uploads\/2020\/11\/NILagosApoia_EstamosAquiParaAjudar-1-1024x682.jpg 1024w, https:\/\/algarve7.pt\/wp-content\/uploads\/2020\/11\/NILagosApoia_EstamosAquiParaAjudar-1-300x200.jpg 300w, https:\/\/algarve7.pt\/wp-content\/uploads\/2020\/11\/NILagosApoia_EstamosAquiParaAjudar-1-768x511.jpg 768w, https:\/\/algarve7.pt\/wp-content\/uploads\/2020\/11\/NILagosApoia_EstamosAquiParaAjudar-1.jpg 1200w\" sizes=\"auto, (max-width: 607px) 100vw, 607px\" \/><\/figure><\/div>\n","protected":false},"excerpt":{"rendered":"<p>Consciente do impacto da crise pand\u00e9mica junto da popula\u00e7\u00e3o, a autarquia refor\u00e7a a sua inten\u00e7\u00e3o de ajudar as fam\u00edlias lacobrigenses.<\/p>\n","protected":false},"author":1,"featured_media":3741,"comment_status":"closed","ping_status":"open","sticky":false,"template":"","format":"standard","meta":{"colormag_page_container_layout":"default_layout","colormag_page_sidebar_layout":"default_layout","_monsterinsights_skip_tracking":false,"_monsterinsights_sitenote_active":false,"_monsterinsights_sitenote_note":"","_monsterinsights_sitenote_category":0,"jetpack_post_was_ever_published":false,"_jetpack_newsletter_access":"","_jetpack_dont_email_post_to_subs":false,"_jetpack_newsletter_tier_id":0,"_jetpack_memberships_contains_paywalled_content":false,"_jetpack_memberships_contains_paid_content":false,"footnotes":"","jetpack_publicize_message":"","jetpack_publicize_feature_enabled":true,"jetpack_social_post_already_shared":true,"jetpack_social_options":{"image_generator_settings":{"template":"highway","default_image_id":0,"font":"","enabled":false},"version":2}},"categories":[151],"tags":[36,153,68],"class_list":["post-3740","post","type-post","status-publish","format-standard","has-post-thumbnail","hentry","category-economia","tag-algarve","tag-economia","tag-lagos"],"yoast_head":"<!-- This site is optimized with the Yoast SEO plugin v27.5 - https:\/\/yoast.com\/product\/yoast-seo-wordpress\/ -->\n<title>C\u00e2mara de Lagos apoia os mun\u00edcipes - Algarve 7<\/title>\n<meta name=\"description\" content=\"C\u00e2mara de Lagos apoia os mun\u00edcipes Economia\" \/>\n<meta name=\"robots\" content=\"index, follow, max-snippet:-1, max-image-preview:large, max-video-preview:-1\" \/>\n<link rel=\"canonical\" href=\"https:\/\/algarve7.pt\/index.php\/2020\/11\/camara-de-lagos-apoia-os-municipes\/economia\/09\/18\/\" \/>\n<meta property=\"og:locale\" content=\"pt_PT\" \/>\n<meta property=\"og:type\" content=\"article\" \/>\n<meta property=\"og:title\" content=\"C\u00e2mara de Lagos apoia os mun\u00edcipes - Algarve 7\" \/>\n<meta property=\"og:description\" content=\"C\u00e2mara de Lagos apoia os mun\u00edcipes Economia\" \/>\n<meta property=\"og:url\" content=\"https:\/\/algarve7.pt\/index.php\/2020\/11\/camara-de-lagos-apoia-os-municipes\/economia\/09\/18\/\" \/>\n<meta property=\"og:site_name\" content=\"Algarve 7\" \/>\n<meta property=\"article:publisher\" content=\"https:\/\/www.facebook.com\/algarve7\" \/>\n<meta property=\"article:author\" content=\"https:\/\/www.facebook.com\/algarve7\" \/>\n<meta property=\"article:published_time\" content=\"2020-11-15T09:18:46+00:00\" \/>\n<meta property=\"article:modified_time\" content=\"2020-11-15T09:18:47+00:00\" \/>\n<meta property=\"og:image\" content=\"https:\/\/algarve7.pt\/wp-content\/uploads\/2020\/11\/NILagosApoia_EstamosAquiParaAjudar-e1605431854770.jpg\" \/>\n\t<meta property=\"og:image:width\" content=\"1024\" \/>\n\t<meta property=\"og:image:height\" content=\"632\" \/>\n\t<meta property=\"og:image:type\" content=\"image\/jpeg\" \/>\n<meta name=\"author\" content=\"Algarve 7\" \/>\n<meta name=\"twitter:card\" content=\"summary_large_image\" \/>\n<meta name=\"twitter:creator\" content=\"@Algarvesete\" \/>\n<meta name=\"twitter:site\" content=\"@Algarvesete\" \/>\n<meta name=\"twitter:label1\" content=\"Escrito por\" \/>\n\t<meta name=\"twitter:data1\" content=\"Algarve 7\" \/>\n\t<meta name=\"twitter:label2\" content=\"Tempo estimado de leitura\" \/>\n\t<meta name=\"twitter:data2\" content=\"1 minuto\" \/>\n<script type=\"application\/ld+json\" class=\"yoast-schema-graph\">{\"@context\":\"https:\\\/\\\/schema.org\",\"@graph\":[{\"@type\":\"Article\",\"@id\":\"https:\\\/\\\/algarve7.pt\\\/index.php\\\/2020\\\/11\\\/camara-de-lagos-apoia-os-municipes\\\/economia\\\/09\\\/18\\\/#article\",\"isPartOf\":{\"@id\":\"https:\\\/\\\/algarve7.pt\\\/index.php\\\/2020\\\/11\\\/camara-de-lagos-apoia-os-municipes\\\/economia\\\/09\\\/18\\\/\"},\"author\":{\"name\":\"Algarve 7\",\"@id\":\"https:\\\/\\\/algarve7.pt\\\/#\\\/schema\\\/person\\\/23fa70681308e7b319a3204bcea45e0c\"},\"headline\":\"C\u00e2mara de Lagos apoia os mun\u00edcipes\",\"datePublished\":\"2020-11-15T09:18:46+00:00\",\"dateModified\":\"2020-11-15T09:18:47+00:00\",\"mainEntityOfPage\":{\"@id\":\"https:\\\/\\\/algarve7.pt\\\/index.php\\\/2020\\\/11\\\/camara-de-lagos-apoia-os-municipes\\\/economia\\\/09\\\/18\\\/\"},\"wordCount\":203,\"publisher\":{\"@id\":\"https:\\\/\\\/algarve7.pt\\\/#organization\"},\"image\":{\"@id\":\"https:\\\/\\\/algarve7.pt\\\/index.php\\\/2020\\\/11\\\/camara-de-lagos-apoia-os-municipes\\\/economia\\\/09\\\/18\\\/#primaryimage\"},\"thumbnailUrl\":\"https:\\\/\\\/algarve7.pt\\\/wp-content\\\/uploads\\\/2020\\\/11\\\/NILagosApoia_EstamosAquiParaAjudar-e1605431854770.jpg\",\"keywords\":[\"Algarve\",\"Economia\",\"Lagos\"],\"articleSection\":[\"Economia\"],\"inLanguage\":\"pt-PT\"},{\"@type\":\"WebPage\",\"@id\":\"https:\\\/\\\/algarve7.pt\\\/index.php\\\/2020\\\/11\\\/camara-de-lagos-apoia-os-municipes\\\/economia\\\/09\\\/18\\\/\",\"url\":\"https:\\\/\\\/algarve7.pt\\\/index.php\\\/2020\\\/11\\\/camara-de-lagos-apoia-os-municipes\\\/economia\\\/09\\\/18\\\/\",\"name\":\"C\u00e2mara de Lagos apoia os mun\u00edcipes - Algarve 7\",\"isPartOf\":{\"@id\":\"https:\\\/\\\/algarve7.pt\\\/#website\"},\"primaryImageOfPage\":{\"@id\":\"https:\\\/\\\/algarve7.pt\\\/index.php\\\/2020\\\/11\\\/camara-de-lagos-apoia-os-municipes\\\/economia\\\/09\\\/18\\\/#primaryimage\"},\"image\":{\"@id\":\"https:\\\/\\\/algarve7.pt\\\/index.php\\\/2020\\\/11\\\/camara-de-lagos-apoia-os-municipes\\\/economia\\\/09\\\/18\\\/#primaryimage\"},\"thumbnailUrl\":\"https:\\\/\\\/algarve7.pt\\\/wp-content\\\/uploads\\\/2020\\\/11\\\/NILagosApoia_EstamosAquiParaAjudar-e1605431854770.jpg\",\"datePublished\":\"2020-11-15T09:18:46+00:00\",\"dateModified\":\"2020-11-15T09:18:47+00:00\",\"description\":\"C\u00e2mara de Lagos apoia os mun\u00edcipes Economia\",\"breadcrumb\":{\"@id\":\"https:\\\/\\\/algarve7.pt\\\/index.php\\\/2020\\\/11\\\/camara-de-lagos-apoia-os-municipes\\\/economia\\\/09\\\/18\\\/#breadcrumb\"},\"inLanguage\":\"pt-PT\",\"potentialAction\":[{\"@type\":\"ReadAction\",\"target\":[\"https:\\\/\\\/algarve7.pt\\\/index.php\\\/2020\\\/11\\\/camara-de-lagos-apoia-os-municipes\\\/economia\\\/09\\\/18\\\/\"]}]},{\"@type\":\"ImageObject\",\"inLanguage\":\"pt-PT\",\"@id\":\"https:\\\/\\\/algarve7.pt\\\/index.php\\\/2020\\\/11\\\/camara-de-lagos-apoia-os-municipes\\\/economia\\\/09\\\/18\\\/#primaryimage\",\"url\":\"https:\\\/\\\/algarve7.pt\\\/wp-content\\\/uploads\\\/2020\\\/11\\\/NILagosApoia_EstamosAquiParaAjudar-e1605431854770.jpg\",\"contentUrl\":\"https:\\\/\\\/algarve7.pt\\\/wp-content\\\/uploads\\\/2020\\\/11\\\/NILagosApoia_EstamosAquiParaAjudar-e1605431854770.jpg\",\"width\":1024,\"height\":632},{\"@type\":\"BreadcrumbList\",\"@id\":\"https:\\\/\\\/algarve7.pt\\\/index.php\\\/2020\\\/11\\\/camara-de-lagos-apoia-os-municipes\\\/economia\\\/09\\\/18\\\/#breadcrumb\",\"itemListElement\":[{\"@type\":\"ListItem\",\"position\":1,\"name\":\"In\u00edcio\",\"item\":\"https:\\\/\\\/algarve7.pt\\\/\"},{\"@type\":\"ListItem\",\"position\":2,\"name\":\"C\u00e2mara de Lagos apoia os mun\u00edcipes\"}]},{\"@type\":\"WebSite\",\"@id\":\"https:\\\/\\\/algarve7.pt\\\/#website\",\"url\":\"https:\\\/\\\/algarve7.pt\\\/\",\"name\":\"Algarve 7\",\"description\":\"Informa\u00e7\u00e3o sobre o Algarve\",\"publisher\":{\"@id\":\"https:\\\/\\\/algarve7.pt\\\/#organization\"},\"potentialAction\":[{\"@type\":\"SearchAction\",\"target\":{\"@type\":\"EntryPoint\",\"urlTemplate\":\"https:\\\/\\\/algarve7.pt\\\/?s={search_term_string}\"},\"query-input\":{\"@type\":\"PropertyValueSpecification\",\"valueRequired\":true,\"valueName\":\"search_term_string\"}}],\"inLanguage\":\"pt-PT\"},{\"@type\":\"Organization\",\"@id\":\"https:\\\/\\\/algarve7.pt\\\/#organization\",\"name\":\"Algarve 7\",\"url\":\"https:\\\/\\\/algarve7.pt\\\/\",\"logo\":{\"@type\":\"ImageObject\",\"inLanguage\":\"pt-PT\",\"@id\":\"https:\\\/\\\/algarve7.pt\\\/#\\\/schema\\\/logo\\\/image\\\/\",\"url\":\"https:\\\/\\\/algarve7.pt\\\/wp-content\\\/uploads\\\/2020\\\/10\\\/Logo-8.jpg\",\"contentUrl\":\"https:\\\/\\\/algarve7.pt\\\/wp-content\\\/uploads\\\/2020\\\/10\\\/Logo-8.jpg\",\"width\":1680,\"height\":1186,\"caption\":\"Algarve 7\"},\"image\":{\"@id\":\"https:\\\/\\\/algarve7.pt\\\/#\\\/schema\\\/logo\\\/image\\\/\"},\"sameAs\":[\"https:\\\/\\\/www.facebook.com\\\/algarve7\",\"https:\\\/\\\/x.com\\\/Algarvesete\",\"https:\\\/\\\/www.instagram.com\\\/jornalalgarve7\\\/\",\"https:\\\/\\\/www.linkedin.com\\\/company\\\/algarve7\",\"https:\\\/\\\/www.pinterest.pt\\\/geral0939\\\/_created\\\/\"]},{\"@type\":\"Person\",\"@id\":\"https:\\\/\\\/algarve7.pt\\\/#\\\/schema\\\/person\\\/23fa70681308e7b319a3204bcea45e0c\",\"name\":\"Algarve 7\",\"sameAs\":[\"https:\\\/\\\/algarve7.pt\",\"https:\\\/\\\/www.facebook.com\\\/algarve7\"],\"url\":\"https:\\\/\\\/algarve7.pt\\\/index.php\\\/author\\\/geralalgarve7-pt\\\/\"}]}<\/script>\n<!-- \/ Yoast SEO plugin. -->","yoast_head_json":{"title":"C\u00e2mara de Lagos apoia os mun\u00edcipes - Algarve 7","description":"C\u00e2mara de Lagos apoia os mun\u00edcipes Economia","robots":{"index":"index","follow":"follow","max-snippet":"max-snippet:-1","max-image-preview":"max-image-preview:large","max-video-preview":"max-video-preview:-1"},"canonical":"https:\/\/algarve7.pt\/index.php\/2020\/11\/camara-de-lagos-apoia-os-municipes\/economia\/09\/18\/","og_locale":"pt_PT","og_type":"article","og_title":"C\u00e2mara de Lagos apoia os mun\u00edcipes - Algarve 7","og_description":"C\u00e2mara de Lagos apoia os mun\u00edcipes Economia","og_url":"https:\/\/algarve7.pt\/index.php\/2020\/11\/camara-de-lagos-apoia-os-municipes\/economia\/09\/18\/","og_site_name":"Algarve 7","article_publisher":"https:\/\/www.facebook.com\/algarve7","article_author":"https:\/\/www.facebook.com\/algarve7","article_published_time":"2020-11-15T09:18:46+00:00","article_modified_time":"2020-11-15T09:18:47+00:00","og_image":[{"width":1024,"height":632,"url":"https:\/\/algarve7.pt\/wp-content\/uploads\/2020\/11\/NILagosApoia_EstamosAquiParaAjudar-e1605431854770.jpg","type":"image\/jpeg"}],"author":"Algarve 7","twitter_card":"summary_large_image","twitter_creator":"@Algarvesete","twitter_site":"@Algarvesete","twitter_misc":{"Escrito por":"Algarve 7","Tempo estimado de leitura":"1 minuto"},"schema":{"@context":"https:\/\/schema.org","@graph":[{"@type":"Article","@id":"https:\/\/algarve7.pt\/index.php\/2020\/11\/camara-de-lagos-apoia-os-municipes\/economia\/09\/18\/#article","isPartOf":{"@id":"https:\/\/algarve7.pt\/index.php\/2020\/11\/camara-de-lagos-apoia-os-municipes\/economia\/09\/18\/"},"author":{"name":"Algarve 7","@id":"https:\/\/algarve7.pt\/#\/schema\/person\/23fa70681308e7b319a3204bcea45e0c"},"headline":"C\u00e2mara de Lagos apoia os mun\u00edcipes","datePublished":"2020-11-15T09:18:46+00:00","dateModified":"2020-11-15T09:18:47+00:00","mainEntityOfPage":{"@id":"https:\/\/algarve7.pt\/index.php\/2020\/11\/camara-de-lagos-apoia-os-municipes\/economia\/09\/18\/"},"wordCount":203,"publisher":{"@id":"https:\/\/algarve7.pt\/#organization"},"image":{"@id":"https:\/\/algarve7.pt\/index.php\/2020\/11\/camara-de-lagos-apoia-os-municipes\/economia\/09\/18\/#primaryimage"},"thumbnailUrl":"https:\/\/algarve7.pt\/wp-content\/uploads\/2020\/11\/NILagosApoia_EstamosAquiParaAjudar-e1605431854770.jpg","keywords":["Algarve","Economia","Lagos"],"articleSection":["Economia"],"inLanguage":"pt-PT"},{"@type":"WebPage","@id":"https:\/\/algarve7.pt\/index.php\/2020\/11\/camara-de-lagos-apoia-os-municipes\/economia\/09\/18\/","url":"https:\/\/algarve7.pt\/index.php\/2020\/11\/camara-de-lagos-apoia-os-municipes\/economia\/09\/18\/","name":"C\u00e2mara de Lagos apoia os mun\u00edcipes - Algarve 7","isPartOf":{"@id":"https:\/\/algarve7.pt\/#website"},"primaryImageOfPage":{"@id":"https:\/\/algarve7.pt\/index.php\/2020\/11\/camara-de-lagos-apoia-os-municipes\/economia\/09\/18\/#primaryimage"},"image":{"@id":"https:\/\/algarve7.pt\/index.php\/2020\/11\/camara-de-lagos-apoia-os-municipes\/economia\/09\/18\/#primaryimage"},"thumbnailUrl":"https:\/\/algarve7.pt\/wp-content\/uploads\/2020\/11\/NILagosApoia_EstamosAquiParaAjudar-e1605431854770.jpg","datePublished":"2020-11-15T09:18:46+00:00","dateModified":"2020-11-15T09:18:47+00:00","description":"C\u00e2mara de Lagos apoia os mun\u00edcipes Economia","breadcrumb":{"@id":"https:\/\/algarve7.pt\/index.php\/2020\/11\/camara-de-lagos-apoia-os-municipes\/economia\/09\/18\/#breadcrumb"},"inLanguage":"pt-PT","potentialAction":[{"@type":"ReadAction","target":["https:\/\/algarve7.pt\/index.php\/2020\/11\/camara-de-lagos-apoia-os-municipes\/economia\/09\/18\/"]}]},{"@type":"ImageObject","inLanguage":"pt-PT","@id":"https:\/\/algarve7.pt\/index.php\/2020\/11\/camara-de-lagos-apoia-os-municipes\/economia\/09\/18\/#primaryimage","url":"https:\/\/algarve7.pt\/wp-content\/uploads\/2020\/11\/NILagosApoia_EstamosAquiParaAjudar-e1605431854770.jpg","contentUrl":"https:\/\/algarve7.pt\/wp-content\/uploads\/2020\/11\/NILagosApoia_EstamosAquiParaAjudar-e1605431854770.jpg","width":1024,"height":632},{"@type":"BreadcrumbList","@id":"https:\/\/algarve7.pt\/index.php\/2020\/11\/camara-de-lagos-apoia-os-municipes\/economia\/09\/18\/#breadcrumb","itemListElement":[{"@type":"ListItem","position":1,"name":"In\u00edcio","item":"https:\/\/algarve7.pt\/"},{"@type":"ListItem","position":2,"name":"C\u00e2mara de Lagos apoia os mun\u00edcipes"}]},{"@type":"WebSite","@id":"https:\/\/algarve7.pt\/#website","url":"https:\/\/algarve7.pt\/","name":"Algarve 7","description":"Informa\u00e7\u00e3o sobre o Algarve","publisher":{"@id":"https:\/\/algarve7.pt\/#organization"},"potentialAction":[{"@type":"SearchAction","target":{"@type":"EntryPoint","urlTemplate":"https:\/\/algarve7.pt\/?s={search_term_string}"},"query-input":{"@type":"PropertyValueSpecification","valueRequired":true,"valueName":"search_term_string"}}],"inLanguage":"pt-PT"},{"@type":"Organization","@id":"https:\/\/algarve7.pt\/#organization","name":"Algarve 7","url":"https:\/\/algarve7.pt\/","logo":{"@type":"ImageObject","inLanguage":"pt-PT","@id":"https:\/\/algarve7.pt\/#\/schema\/logo\/image\/","url":"https:\/\/algarve7.pt\/wp-content\/uploads\/2020\/10\/Logo-8.jpg","contentUrl":"https:\/\/algarve7.pt\/wp-content\/uploads\/2020\/10\/Logo-8.jpg","width":1680,"height":1186,"caption":"Algarve 7"},"image":{"@id":"https:\/\/algarve7.pt\/#\/schema\/logo\/image\/"},"sameAs":["https:\/\/www.facebook.com\/algarve7","https:\/\/x.com\/Algarvesete","https:\/\/www.instagram.com\/jornalalgarve7\/","https:\/\/www.linkedin.com\/company\/algarve7","https:\/\/www.pinterest.pt\/geral0939\/_created\/"]},{"@type":"Person","@id":"https:\/\/algarve7.pt\/#\/schema\/person\/23fa70681308e7b319a3204bcea45e0c","name":"Algarve 7","sameAs":["https:\/\/algarve7.pt","https:\/\/www.facebook.com\/algarve7"],"url":"https:\/\/algarve7.pt\/index.php\/author\/geralalgarve7-pt\/"}]}},"jetpack_publicize_connections":[],"jetpack_featured_media_url":"https:\/\/algarve7.pt\/wp-content\/uploads\/2020\/11\/NILagosApoia_EstamosAquiParaAjudar-e1605431854770.jpg","jetpack_shortlink":"https:\/\/wp.me\/pcezmW-Yk","jetpack_sharing_enabled":true,"_links":{"self":[{"href":"https:\/\/algarve7.pt\/index.php\/wp-json\/wp\/v2\/posts\/3740","targetHints":{"allow":["GET"]}}],"collection":[{"href":"https:\/\/algarve7.pt\/index.php\/wp-json\/wp\/v2\/posts"}],"about":[{"href":"https:\/\/algarve7.pt\/index.php\/wp-json\/wp\/v2\/types\/post"}],"author":[{"embeddable":true,"href":"https:\/\/algarve7.pt\/index.php\/wp-json\/wp\/v2\/users\/1"}],"replies":[{"embeddable":true,"href":"https:\/\/algarve7.pt\/index.php\/wp-json\/wp\/v2\/comments?post=3740"}],"version-history":[{"count":0,"href":"https:\/\/algarve7.pt\/index.php\/wp-json\/wp\/v2\/posts\/3740\/revisions"}],"wp:featuredmedia":[{"embeddable":true,"href":"https:\/\/algarve7.pt\/index.php\/wp-json\/wp\/v2\/media\/3741"}],"wp:attachment":[{"href":"https:\/\/algarve7.pt\/index.php\/wp-json\/wp\/v2\/media?parent=3740"}],"wp:term":[{"taxonomy":"category","embeddable":true,"href":"https:\/\/algarve7.pt\/index.php\/wp-json\/wp\/v2\/categories?post=3740"},{"taxonomy":"post_tag","embeddable":true,"href":"https:\/\/algarve7.pt\/index.php\/wp-json\/wp\/v2\/tags?post=3740"}],"curies":[{"name":"wp","href":"https:\/\/api.w.org\/{rel}","templated":true}]}}