{"id":37356,"date":"2024-04-07T21:05:10","date_gmt":"2024-04-07T20:05:10","guid":{"rendered":"https:\/\/algarve7.pt\/?p=37356"},"modified":"2024-04-07T21:06:37","modified_gmt":"2024-04-07T20:06:37","slug":"andre-vieira-com-duplo-triunfo-no-arranque-da-single-seater-series-em-portimao","status":"publish","type":"post","link":"https:\/\/algarve7.pt\/index.php\/2024\/04\/andre-vieira-com-duplo-triunfo-no-arranque-da-single-seater-series-em-portimao\/desporto\/21\/05\/","title":{"rendered":"Andr\u00e9 Vieira com duplo triunfo no arranque da Single Seater Series em Portim\u00e3o"},"content":{"rendered":"\n<p>A temporada de 2024 da Single Seater Series arrancou com duas vit\u00f3rias do jovem Andr\u00e9 Vieira este fim de semana no Aut\u00f3dromo Internacional do Algarve. Entre os f\u00f3rmulas em asas, Duarte Pires foi o vencedor de ambas as corridas no tra\u00e7ado de Portim\u00e3o.<\/p>\n\n\n\n<p>Jo\u00e3o Silva tomou a dianteira da primeira corrida da temporada no momento do arranque, surpreendendo o \u201cpole-position\u201d Andr\u00e9 Vieira, e isolou-se na frente do pelot\u00e3o. Obtendo a melhor volta da corrida, o F\u00f3rmula Renault 2000 assistido pela equipa House Racing construiu uma vantagem superior a dois segundos face ao Tatuus F4-T014 do jovem amarense, apesar deste \u00faltimo continuar a imprimir um ritmo forte para n\u00e3o deixar escapar o seu advers\u00e1rio. Contudo, na \u00faltima volta da corrida, assistiu-se a um \u201cgolpe de teatro\u201d.<\/p>\n\n\n\n<p>Uma quebra de performance nas duas derradeiras voltas no monolugar de Jo\u00e3o Silva foi algo Andr\u00e9 Vieira soube aproveitar da melhor forma. O piloto de 16 anos ultrapassou o seu oponente na \u00faltima volta, cortando a linha de chegada na primeira posi\u00e7\u00e3o, o que lhe valeu tamb\u00e9m o triunfo da classe PT4. Jo\u00e3o Silva viu a bandeira quadriculada no segundo lugar, vencendo a classe FR2.0, classe esta que dever\u00e1 receber um incremento de participantes nas pr\u00f3ximas provas.<\/p>\n\n\n\n<p>Rui Silva foi o terceiro a ver a bandeira de xadrez, vencendo a classe HTG. O piloto do Mygale PNC2000, um monolugar que h\u00e1 duas d\u00e9cadas fez furor em Portugal na Formula Novis by Ford, ainda teve Duarte Pires nos seus retrovisores, mas rapidamente consolidou a sua posi\u00e7\u00e3o.<\/p>\n\n\n\n<p>Duarte Pires confirmou o andamento da qualifica\u00e7\u00e3o e venceu entre os monolugares sem asas e na classe ZT. O piloto do Mygale SJ00 nunca foi importunado pelos seus advers\u00e1rios directos e construiu uma vantagem significativa ao longo da corrida de quinze minutos, enquanto que atr\u00e1s de si se travava uma batalha animada pelo segundo posto.<\/p>\n\n\n\n<p>Pelos resultados da qualifica\u00e7\u00e3o de ontem era previs\u00edvel um duelo a tr\u00eas pela segunda posi\u00e7\u00e3o na classe ZT nas corridas de hoje. Contudo, o Mygale SJ99 do brit\u00e2nico Christopher Kirby-Higgs cedo ficou pelo caminho, remetendo esta luta a dois. Vitor Sampaio e Francisco Olho-Azul foram os protagonistas de um duelo animado, com o \u201cstunt driver\u201d de profiss\u00e3o a levar a melhor no seu Jamun M97. O Vector MG01 de Vitor Sampaio, o piloto com mais participa\u00e7\u00f5es em provas da \u00fanica competi\u00e7\u00e3o de monolugares de Portugal, cortou a linha de meta apenas quatro d\u00e9cimas atr\u00e1s do seu advers\u00e1rio.<\/p>\n\n\n\n<p>Para a segunda corrida do dia, as posi\u00e7\u00f5es da primeira linha da grelha de partida inverteram-se, com Jo\u00e3o Silva a alinhar na primeira posi\u00e7\u00e3o, com Andr\u00e9 Vieira ao seu lado. O piloto do Tatuus FR2000 manteve a primeira posi\u00e7\u00e3o no arranque, sempre seguido de perto pelo seu advers\u00e1rio, que \u00e0 quarta volta aproveita uma pequena oportunidade para \u201croubar\u201d a lideran\u00e7a na corrida. Uma vez na frente, Andr\u00e9 Vieira rumou ao seu segundo triunfo consecutivo.&nbsp;<\/p>\n\n\n\n<p>\u201cJulgo que o F\u00f3rmula Renault 2000 \u00e9 um pouco mais avan\u00e7ado que o meu carro e \u00e9 mais r\u00e1pido em curva e em velocidade de ponta\u201d, explicou Andr\u00e9 Vieira, o vencedor da classe PT4, j\u00e1 depois da corrida. &#8220;Contudo, como o F\u00f3rmula 4 \u00e9 incr\u00edvel em curva e tamb\u00e9m anda bem em recta, deu para competir com o Jo\u00e3o. Acho que nas primeiras quatro curvas o Jo\u00e3o era mais r\u00e1pido que eu, mas nas curvas seguintes eu seria cerca de uma d\u00e9cima de segundo mais r\u00e1pido que ele em cada curva e foi isso que me permitiu alcan\u00e7\u00e1-lo.\u201d<\/p>\n\n\n\n<p>No final da corrida, Jo\u00e3o Silva n\u00e3o se sentia derrotado, bem pelo contr\u00e1rio, mostrava-se bastante satisfeito com a sua estreia de F\u00f3rmula Renault 2000. \u201cNesta corrida tive dois erros j\u00e1 por cansa\u00e7o, at\u00e9 porque n\u00e3o estou habituado ao carro. Mas o segundo lugar n\u00e3o foi por dem\u00e9rito meu, mas por muito m\u00e9rito do vencedor. Comparando com o F\u00f3rmula Ford Zetec, o \u2018grip\u2019 que temos com este carro, com os slicks e a aerodin\u00e2mica, \u00e9 muito mais extremo, por isso estou muito feliz por passar para este monolugar\u201d, afirmou Jo\u00e3o Silva, o duplo vencedor da classe FR2.0 este fim de semana.<\/p>\n\n\n\n<p>Na pista de Portim\u00e3o, Rui Silva foi novamente o terceiro classificado, vencendo a classe HTG, ele que teve um in\u00edcio de corrida dif\u00edcil, perdendo uma posi\u00e7\u00e3o para Duarte Pires, posi\u00e7\u00e3o essa que s\u00f3 recuperou ao fim de tr\u00eas voltas ao tra\u00e7ado de Portim\u00e3o. Duarte Pires cruzou a linha de meta no quarto lugar, mas confortavelmente \u00e0 frente na classe ZT. Ambos os pilotos esperam j\u00e1 contar com os seus F\u00f3rmula Renault 2000 para as pr\u00f3ximas provas da \u00fanica competi\u00e7\u00e3o de monolugares em Portugal.<\/p>\n\n\n\n<p><br>Vitor Sampaio e Francisco Olho-Azul reeditaram o duelo da primeira corrida pelo segundo lugar da classe ZT, com trocas de posi\u00e7\u00f5es entre ambos ao longo da corrida, com Francisco Olho-Azul a superiorizar-se uma vez mais, mas s\u00f3 na derradeira volta ao circuito algarvio.<\/p>\n","protected":false},"excerpt":{"rendered":"<p>A temporada de 2024 da Single Seater Series arrancou com duas vit\u00f3rias do jovem Andr\u00e9 Vieira este fim de semana<\/p>\n","protected":false},"author":1,"featured_media":37357,"comment_status":"closed","ping_status":"open","sticky":false,"template":"","format":"standard","meta":{"colormag_page_container_layout":"default_layout","colormag_page_sidebar_layout":"default_layout","_monsterinsights_skip_tracking":false,"_monsterinsights_sitenote_active":false,"_monsterinsights_sitenote_note":"","_monsterinsights_sitenote_category":0,"jetpack_post_was_ever_published":false,"_jetpack_newsletter_access":"","_jetpack_dont_email_post_to_subs":false,"_jetpack_newsletter_tier_id":0,"_jetpack_memberships_contains_paywalled_content":false,"_jetpack_memberships_contains_paid_content":false,"footnotes":"","jetpack_publicize_message":"","jetpack_publicize_feature_enabled":true,"jetpack_social_post_already_shared":false,"jetpack_social_options":{"image_generator_settings":{"template":"highway","default_image_id":0,"font":"","enabled":false},"version":2}},"categories":[15],"tags":[36,40,72],"class_list":["post-37356","post","type-post","status-publish","format-standard","has-post-thumbnail","hentry","category-desporto","tag-algarve","tag-desporto","tag-portimao"],"yoast_head":"<!-- This site is optimized with the Yoast SEO plugin v27.5 - https:\/\/yoast.com\/product\/yoast-seo-wordpress\/ -->\n<title>Andr\u00e9 Vieira com duplo triunfo no arranque da Single Seater Series em Portim\u00e3o - Algarve 7<\/title>\n<meta name=\"description\" content=\"Andr\u00e9 Vieira com duplo triunfo no arranque da Single Seater Series em Portim\u00e3o Desporto\" \/>\n<meta name=\"robots\" content=\"index, follow, max-snippet:-1, max-image-preview:large, max-video-preview:-1\" \/>\n<link rel=\"canonical\" href=\"https:\/\/algarve7.pt\/index.php\/2024\/04\/andre-vieira-com-duplo-triunfo-no-arranque-da-single-seater-series-em-portimao\/desporto\/21\/05\/\" \/>\n<meta property=\"og:locale\" content=\"pt_PT\" \/>\n<meta property=\"og:type\" content=\"article\" \/>\n<meta property=\"og:title\" content=\"Andr\u00e9 Vieira com duplo triunfo no arranque da Single Seater Series em Portim\u00e3o - Algarve 7\" \/>\n<meta property=\"og:description\" content=\"Andr\u00e9 Vieira com duplo triunfo no arranque da Single Seater Series em Portim\u00e3o Desporto\" \/>\n<meta property=\"og:url\" content=\"https:\/\/algarve7.pt\/index.php\/2024\/04\/andre-vieira-com-duplo-triunfo-no-arranque-da-single-seater-series-em-portimao\/desporto\/21\/05\/\" \/>\n<meta property=\"og:site_name\" content=\"Algarve 7\" \/>\n<meta property=\"article:publisher\" content=\"https:\/\/www.facebook.com\/algarve7\" \/>\n<meta property=\"article:author\" content=\"https:\/\/www.facebook.com\/algarve7\" \/>\n<meta property=\"article:published_time\" content=\"2024-04-07T20:05:10+00:00\" \/>\n<meta property=\"article:modified_time\" content=\"2024-04-07T20:06:37+00:00\" \/>\n<meta property=\"og:image\" content=\"https:\/\/algarve7.pt\/wp-content\/uploads\/2024\/04\/Captura-de-ecra-2024-04-07-as-21.02.28-e1712520386668.png\" \/>\n\t<meta property=\"og:image:width\" content=\"1000\" \/>\n\t<meta property=\"og:image:height\" content=\"641\" \/>\n\t<meta property=\"og:image:type\" content=\"image\/png\" \/>\n<meta name=\"author\" content=\"Algarve 7\" \/>\n<meta name=\"twitter:card\" content=\"summary_large_image\" \/>\n<meta name=\"twitter:creator\" content=\"@Algarvesete\" \/>\n<meta name=\"twitter:site\" content=\"@Algarvesete\" \/>\n<meta name=\"twitter:label1\" content=\"Escrito por\" \/>\n\t<meta name=\"twitter:data1\" content=\"Algarve 7\" \/>\n\t<meta name=\"twitter:label2\" content=\"Tempo estimado de leitura\" \/>\n\t<meta name=\"twitter:data2\" content=\"5 minutos\" \/>\n<script type=\"application\/ld+json\" class=\"yoast-schema-graph\">{\"@context\":\"https:\\\/\\\/schema.org\",\"@graph\":[{\"@type\":\"Article\",\"@id\":\"https:\\\/\\\/algarve7.pt\\\/index.php\\\/2024\\\/04\\\/andre-vieira-com-duplo-triunfo-no-arranque-da-single-seater-series-em-portimao\\\/desporto\\\/21\\\/05\\\/#article\",\"isPartOf\":{\"@id\":\"https:\\\/\\\/algarve7.pt\\\/index.php\\\/2024\\\/04\\\/andre-vieira-com-duplo-triunfo-no-arranque-da-single-seater-series-em-portimao\\\/desporto\\\/21\\\/05\\\/\"},\"author\":{\"name\":\"Algarve 7\",\"@id\":\"https:\\\/\\\/algarve7.pt\\\/#\\\/schema\\\/person\\\/23fa70681308e7b319a3204bcea45e0c\"},\"headline\":\"Andr\u00e9 Vieira com duplo triunfo no arranque da Single Seater Series em Portim\u00e3o\",\"datePublished\":\"2024-04-07T20:05:10+00:00\",\"dateModified\":\"2024-04-07T20:06:37+00:00\",\"mainEntityOfPage\":{\"@id\":\"https:\\\/\\\/algarve7.pt\\\/index.php\\\/2024\\\/04\\\/andre-vieira-com-duplo-triunfo-no-arranque-da-single-seater-series-em-portimao\\\/desporto\\\/21\\\/05\\\/\"},\"wordCount\":876,\"publisher\":{\"@id\":\"https:\\\/\\\/algarve7.pt\\\/#organization\"},\"image\":{\"@id\":\"https:\\\/\\\/algarve7.pt\\\/index.php\\\/2024\\\/04\\\/andre-vieira-com-duplo-triunfo-no-arranque-da-single-seater-series-em-portimao\\\/desporto\\\/21\\\/05\\\/#primaryimage\"},\"thumbnailUrl\":\"https:\\\/\\\/algarve7.pt\\\/wp-content\\\/uploads\\\/2024\\\/04\\\/Captura-de-ecra-2024-04-07-as-21.02.28-e1712520386668.png\",\"keywords\":[\"Algarve\",\"Desporto\",\"Portim\u00e3o\"],\"articleSection\":[\"Desporto\"],\"inLanguage\":\"pt-PT\"},{\"@type\":\"WebPage\",\"@id\":\"https:\\\/\\\/algarve7.pt\\\/index.php\\\/2024\\\/04\\\/andre-vieira-com-duplo-triunfo-no-arranque-da-single-seater-series-em-portimao\\\/desporto\\\/21\\\/05\\\/\",\"url\":\"https:\\\/\\\/algarve7.pt\\\/index.php\\\/2024\\\/04\\\/andre-vieira-com-duplo-triunfo-no-arranque-da-single-seater-series-em-portimao\\\/desporto\\\/21\\\/05\\\/\",\"name\":\"Andr\u00e9 Vieira com duplo triunfo no arranque da Single Seater Series em Portim\u00e3o - Algarve 7\",\"isPartOf\":{\"@id\":\"https:\\\/\\\/algarve7.pt\\\/#website\"},\"primaryImageOfPage\":{\"@id\":\"https:\\\/\\\/algarve7.pt\\\/index.php\\\/2024\\\/04\\\/andre-vieira-com-duplo-triunfo-no-arranque-da-single-seater-series-em-portimao\\\/desporto\\\/21\\\/05\\\/#primaryimage\"},\"image\":{\"@id\":\"https:\\\/\\\/algarve7.pt\\\/index.php\\\/2024\\\/04\\\/andre-vieira-com-duplo-triunfo-no-arranque-da-single-seater-series-em-portimao\\\/desporto\\\/21\\\/05\\\/#primaryimage\"},\"thumbnailUrl\":\"https:\\\/\\\/algarve7.pt\\\/wp-content\\\/uploads\\\/2024\\\/04\\\/Captura-de-ecra-2024-04-07-as-21.02.28-e1712520386668.png\",\"datePublished\":\"2024-04-07T20:05:10+00:00\",\"dateModified\":\"2024-04-07T20:06:37+00:00\",\"description\":\"Andr\u00e9 Vieira com duplo triunfo no arranque da Single Seater Series em Portim\u00e3o Desporto\",\"breadcrumb\":{\"@id\":\"https:\\\/\\\/algarve7.pt\\\/index.php\\\/2024\\\/04\\\/andre-vieira-com-duplo-triunfo-no-arranque-da-single-seater-series-em-portimao\\\/desporto\\\/21\\\/05\\\/#breadcrumb\"},\"inLanguage\":\"pt-PT\",\"potentialAction\":[{\"@type\":\"ReadAction\",\"target\":[\"https:\\\/\\\/algarve7.pt\\\/index.php\\\/2024\\\/04\\\/andre-vieira-com-duplo-triunfo-no-arranque-da-single-seater-series-em-portimao\\\/desporto\\\/21\\\/05\\\/\"]}]},{\"@type\":\"ImageObject\",\"inLanguage\":\"pt-PT\",\"@id\":\"https:\\\/\\\/algarve7.pt\\\/index.php\\\/2024\\\/04\\\/andre-vieira-com-duplo-triunfo-no-arranque-da-single-seater-series-em-portimao\\\/desporto\\\/21\\\/05\\\/#primaryimage\",\"url\":\"https:\\\/\\\/algarve7.pt\\\/wp-content\\\/uploads\\\/2024\\\/04\\\/Captura-de-ecra-2024-04-07-as-21.02.28-e1712520386668.png\",\"contentUrl\":\"https:\\\/\\\/algarve7.pt\\\/wp-content\\\/uploads\\\/2024\\\/04\\\/Captura-de-ecra-2024-04-07-as-21.02.28-e1712520386668.png\",\"width\":1000,\"height\":641},{\"@type\":\"BreadcrumbList\",\"@id\":\"https:\\\/\\\/algarve7.pt\\\/index.php\\\/2024\\\/04\\\/andre-vieira-com-duplo-triunfo-no-arranque-da-single-seater-series-em-portimao\\\/desporto\\\/21\\\/05\\\/#breadcrumb\",\"itemListElement\":[{\"@type\":\"ListItem\",\"position\":1,\"name\":\"In\u00edcio\",\"item\":\"https:\\\/\\\/algarve7.pt\\\/\"},{\"@type\":\"ListItem\",\"position\":2,\"name\":\"Andr\u00e9 Vieira com duplo triunfo no arranque da Single Seater Series em Portim\u00e3o\"}]},{\"@type\":\"WebSite\",\"@id\":\"https:\\\/\\\/algarve7.pt\\\/#website\",\"url\":\"https:\\\/\\\/algarve7.pt\\\/\",\"name\":\"Algarve 7\",\"description\":\"Informa\u00e7\u00e3o sobre o Algarve\",\"publisher\":{\"@id\":\"https:\\\/\\\/algarve7.pt\\\/#organization\"},\"potentialAction\":[{\"@type\":\"SearchAction\",\"target\":{\"@type\":\"EntryPoint\",\"urlTemplate\":\"https:\\\/\\\/algarve7.pt\\\/?s={search_term_string}\"},\"query-input\":{\"@type\":\"PropertyValueSpecification\",\"valueRequired\":true,\"valueName\":\"search_term_string\"}}],\"inLanguage\":\"pt-PT\"},{\"@type\":\"Organization\",\"@id\":\"https:\\\/\\\/algarve7.pt\\\/#organization\",\"name\":\"Algarve 7\",\"url\":\"https:\\\/\\\/algarve7.pt\\\/\",\"logo\":{\"@type\":\"ImageObject\",\"inLanguage\":\"pt-PT\",\"@id\":\"https:\\\/\\\/algarve7.pt\\\/#\\\/schema\\\/logo\\\/image\\\/\",\"url\":\"https:\\\/\\\/algarve7.pt\\\/wp-content\\\/uploads\\\/2020\\\/10\\\/Logo-8.jpg\",\"contentUrl\":\"https:\\\/\\\/algarve7.pt\\\/wp-content\\\/uploads\\\/2020\\\/10\\\/Logo-8.jpg\",\"width\":1680,\"height\":1186,\"caption\":\"Algarve 7\"},\"image\":{\"@id\":\"https:\\\/\\\/algarve7.pt\\\/#\\\/schema\\\/logo\\\/image\\\/\"},\"sameAs\":[\"https:\\\/\\\/www.facebook.com\\\/algarve7\",\"https:\\\/\\\/x.com\\\/Algarvesete\",\"https:\\\/\\\/www.instagram.com\\\/jornalalgarve7\\\/\",\"https:\\\/\\\/www.linkedin.com\\\/company\\\/algarve7\",\"https:\\\/\\\/www.pinterest.pt\\\/geral0939\\\/_created\\\/\"]},{\"@type\":\"Person\",\"@id\":\"https:\\\/\\\/algarve7.pt\\\/#\\\/schema\\\/person\\\/23fa70681308e7b319a3204bcea45e0c\",\"name\":\"Algarve 7\",\"sameAs\":[\"https:\\\/\\\/algarve7.pt\",\"https:\\\/\\\/www.facebook.com\\\/algarve7\"],\"url\":\"https:\\\/\\\/algarve7.pt\\\/index.php\\\/author\\\/geralalgarve7-pt\\\/\"}]}<\/script>\n<!-- \/ Yoast SEO plugin. -->","yoast_head_json":{"title":"Andr\u00e9 Vieira com duplo triunfo no arranque da Single Seater Series em Portim\u00e3o - Algarve 7","description":"Andr\u00e9 Vieira com duplo triunfo no arranque da Single Seater Series em Portim\u00e3o Desporto","robots":{"index":"index","follow":"follow","max-snippet":"max-snippet:-1","max-image-preview":"max-image-preview:large","max-video-preview":"max-video-preview:-1"},"canonical":"https:\/\/algarve7.pt\/index.php\/2024\/04\/andre-vieira-com-duplo-triunfo-no-arranque-da-single-seater-series-em-portimao\/desporto\/21\/05\/","og_locale":"pt_PT","og_type":"article","og_title":"Andr\u00e9 Vieira com duplo triunfo no arranque da Single Seater Series em Portim\u00e3o - Algarve 7","og_description":"Andr\u00e9 Vieira com duplo triunfo no arranque da Single Seater Series em Portim\u00e3o Desporto","og_url":"https:\/\/algarve7.pt\/index.php\/2024\/04\/andre-vieira-com-duplo-triunfo-no-arranque-da-single-seater-series-em-portimao\/desporto\/21\/05\/","og_site_name":"Algarve 7","article_publisher":"https:\/\/www.facebook.com\/algarve7","article_author":"https:\/\/www.facebook.com\/algarve7","article_published_time":"2024-04-07T20:05:10+00:00","article_modified_time":"2024-04-07T20:06:37+00:00","og_image":[{"width":1000,"height":641,"url":"https:\/\/algarve7.pt\/wp-content\/uploads\/2024\/04\/Captura-de-ecra-2024-04-07-as-21.02.28-e1712520386668.png","type":"image\/png"}],"author":"Algarve 7","twitter_card":"summary_large_image","twitter_creator":"@Algarvesete","twitter_site":"@Algarvesete","twitter_misc":{"Escrito por":"Algarve 7","Tempo estimado de leitura":"5 minutos"},"schema":{"@context":"https:\/\/schema.org","@graph":[{"@type":"Article","@id":"https:\/\/algarve7.pt\/index.php\/2024\/04\/andre-vieira-com-duplo-triunfo-no-arranque-da-single-seater-series-em-portimao\/desporto\/21\/05\/#article","isPartOf":{"@id":"https:\/\/algarve7.pt\/index.php\/2024\/04\/andre-vieira-com-duplo-triunfo-no-arranque-da-single-seater-series-em-portimao\/desporto\/21\/05\/"},"author":{"name":"Algarve 7","@id":"https:\/\/algarve7.pt\/#\/schema\/person\/23fa70681308e7b319a3204bcea45e0c"},"headline":"Andr\u00e9 Vieira com duplo triunfo no arranque da Single Seater Series em Portim\u00e3o","datePublished":"2024-04-07T20:05:10+00:00","dateModified":"2024-04-07T20:06:37+00:00","mainEntityOfPage":{"@id":"https:\/\/algarve7.pt\/index.php\/2024\/04\/andre-vieira-com-duplo-triunfo-no-arranque-da-single-seater-series-em-portimao\/desporto\/21\/05\/"},"wordCount":876,"publisher":{"@id":"https:\/\/algarve7.pt\/#organization"},"image":{"@id":"https:\/\/algarve7.pt\/index.php\/2024\/04\/andre-vieira-com-duplo-triunfo-no-arranque-da-single-seater-series-em-portimao\/desporto\/21\/05\/#primaryimage"},"thumbnailUrl":"https:\/\/algarve7.pt\/wp-content\/uploads\/2024\/04\/Captura-de-ecra-2024-04-07-as-21.02.28-e1712520386668.png","keywords":["Algarve","Desporto","Portim\u00e3o"],"articleSection":["Desporto"],"inLanguage":"pt-PT"},{"@type":"WebPage","@id":"https:\/\/algarve7.pt\/index.php\/2024\/04\/andre-vieira-com-duplo-triunfo-no-arranque-da-single-seater-series-em-portimao\/desporto\/21\/05\/","url":"https:\/\/algarve7.pt\/index.php\/2024\/04\/andre-vieira-com-duplo-triunfo-no-arranque-da-single-seater-series-em-portimao\/desporto\/21\/05\/","name":"Andr\u00e9 Vieira com duplo triunfo no arranque da Single Seater Series em Portim\u00e3o - Algarve 7","isPartOf":{"@id":"https:\/\/algarve7.pt\/#website"},"primaryImageOfPage":{"@id":"https:\/\/algarve7.pt\/index.php\/2024\/04\/andre-vieira-com-duplo-triunfo-no-arranque-da-single-seater-series-em-portimao\/desporto\/21\/05\/#primaryimage"},"image":{"@id":"https:\/\/algarve7.pt\/index.php\/2024\/04\/andre-vieira-com-duplo-triunfo-no-arranque-da-single-seater-series-em-portimao\/desporto\/21\/05\/#primaryimage"},"thumbnailUrl":"https:\/\/algarve7.pt\/wp-content\/uploads\/2024\/04\/Captura-de-ecra-2024-04-07-as-21.02.28-e1712520386668.png","datePublished":"2024-04-07T20:05:10+00:00","dateModified":"2024-04-07T20:06:37+00:00","description":"Andr\u00e9 Vieira com duplo triunfo no arranque da Single Seater Series em Portim\u00e3o Desporto","breadcrumb":{"@id":"https:\/\/algarve7.pt\/index.php\/2024\/04\/andre-vieira-com-duplo-triunfo-no-arranque-da-single-seater-series-em-portimao\/desporto\/21\/05\/#breadcrumb"},"inLanguage":"pt-PT","potentialAction":[{"@type":"ReadAction","target":["https:\/\/algarve7.pt\/index.php\/2024\/04\/andre-vieira-com-duplo-triunfo-no-arranque-da-single-seater-series-em-portimao\/desporto\/21\/05\/"]}]},{"@type":"ImageObject","inLanguage":"pt-PT","@id":"https:\/\/algarve7.pt\/index.php\/2024\/04\/andre-vieira-com-duplo-triunfo-no-arranque-da-single-seater-series-em-portimao\/desporto\/21\/05\/#primaryimage","url":"https:\/\/algarve7.pt\/wp-content\/uploads\/2024\/04\/Captura-de-ecra-2024-04-07-as-21.02.28-e1712520386668.png","contentUrl":"https:\/\/algarve7.pt\/wp-content\/uploads\/2024\/04\/Captura-de-ecra-2024-04-07-as-21.02.28-e1712520386668.png","width":1000,"height":641},{"@type":"BreadcrumbList","@id":"https:\/\/algarve7.pt\/index.php\/2024\/04\/andre-vieira-com-duplo-triunfo-no-arranque-da-single-seater-series-em-portimao\/desporto\/21\/05\/#breadcrumb","itemListElement":[{"@type":"ListItem","position":1,"name":"In\u00edcio","item":"https:\/\/algarve7.pt\/"},{"@type":"ListItem","position":2,"name":"Andr\u00e9 Vieira com duplo triunfo no arranque da Single Seater Series em Portim\u00e3o"}]},{"@type":"WebSite","@id":"https:\/\/algarve7.pt\/#website","url":"https:\/\/algarve7.pt\/","name":"Algarve 7","description":"Informa\u00e7\u00e3o sobre o Algarve","publisher":{"@id":"https:\/\/algarve7.pt\/#organization"},"potentialAction":[{"@type":"SearchAction","target":{"@type":"EntryPoint","urlTemplate":"https:\/\/algarve7.pt\/?s={search_term_string}"},"query-input":{"@type":"PropertyValueSpecification","valueRequired":true,"valueName":"search_term_string"}}],"inLanguage":"pt-PT"},{"@type":"Organization","@id":"https:\/\/algarve7.pt\/#organization","name":"Algarve 7","url":"https:\/\/algarve7.pt\/","logo":{"@type":"ImageObject","inLanguage":"pt-PT","@id":"https:\/\/algarve7.pt\/#\/schema\/logo\/image\/","url":"https:\/\/algarve7.pt\/wp-content\/uploads\/2020\/10\/Logo-8.jpg","contentUrl":"https:\/\/algarve7.pt\/wp-content\/uploads\/2020\/10\/Logo-8.jpg","width":1680,"height":1186,"caption":"Algarve 7"},"image":{"@id":"https:\/\/algarve7.pt\/#\/schema\/logo\/image\/"},"sameAs":["https:\/\/www.facebook.com\/algarve7","https:\/\/x.com\/Algarvesete","https:\/\/www.instagram.com\/jornalalgarve7\/","https:\/\/www.linkedin.com\/company\/algarve7","https:\/\/www.pinterest.pt\/geral0939\/_created\/"]},{"@type":"Person","@id":"https:\/\/algarve7.pt\/#\/schema\/person\/23fa70681308e7b319a3204bcea45e0c","name":"Algarve 7","sameAs":["https:\/\/algarve7.pt","https:\/\/www.facebook.com\/algarve7"],"url":"https:\/\/algarve7.pt\/index.php\/author\/geralalgarve7-pt\/"}]}},"jetpack_publicize_connections":[],"jetpack_featured_media_url":"https:\/\/algarve7.pt\/wp-content\/uploads\/2024\/04\/Captura-de-ecra-2024-04-07-as-21.02.28-e1712520386668.png","jetpack_shortlink":"https:\/\/wp.me\/pcezmW-9Iw","jetpack_sharing_enabled":true,"_links":{"self":[{"href":"https:\/\/algarve7.pt\/index.php\/wp-json\/wp\/v2\/posts\/37356","targetHints":{"allow":["GET"]}}],"collection":[{"href":"https:\/\/algarve7.pt\/index.php\/wp-json\/wp\/v2\/posts"}],"about":[{"href":"https:\/\/algarve7.pt\/index.php\/wp-json\/wp\/v2\/types\/post"}],"author":[{"embeddable":true,"href":"https:\/\/algarve7.pt\/index.php\/wp-json\/wp\/v2\/users\/1"}],"replies":[{"embeddable":true,"href":"https:\/\/algarve7.pt\/index.php\/wp-json\/wp\/v2\/comments?post=37356"}],"version-history":[{"count":0,"href":"https:\/\/algarve7.pt\/index.php\/wp-json\/wp\/v2\/posts\/37356\/revisions"}],"wp:featuredmedia":[{"embeddable":true,"href":"https:\/\/algarve7.pt\/index.php\/wp-json\/wp\/v2\/media\/37357"}],"wp:attachment":[{"href":"https:\/\/algarve7.pt\/index.php\/wp-json\/wp\/v2\/media?parent=37356"}],"wp:term":[{"taxonomy":"category","embeddable":true,"href":"https:\/\/algarve7.pt\/index.php\/wp-json\/wp\/v2\/categories?post=37356"},{"taxonomy":"post_tag","embeddable":true,"href":"https:\/\/algarve7.pt\/index.php\/wp-json\/wp\/v2\/tags?post=37356"}],"curies":[{"name":"wp","href":"https:\/\/api.w.org\/{rel}","templated":true}]}}