{"id":37292,"date":"2024-04-04T08:51:16","date_gmt":"2024-04-04T07:51:16","guid":{"rendered":"https:\/\/algarve7.pt\/?p=37292"},"modified":"2024-04-04T08:51:17","modified_gmt":"2024-04-04T07:51:17","slug":"estacao-de-dessalinizacao-de-agua-do-mar-do-algarve-apa-emite-dia","status":"publish","type":"post","link":"https:\/\/algarve7.pt\/index.php\/2024\/04\/estacao-de-dessalinizacao-de-agua-do-mar-do-algarve-apa-emite-dia\/ambiente\/08\/51\/","title":{"rendered":"Esta\u00e7\u00e3o de Dessaliniza\u00e7\u00e3o de \u00c1gua do Mar do Algarve APA emite DIA"},"content":{"rendered":"\n<p>A APA emitiu ontem, dia 3 de abril de 2023, a&nbsp;<a href=\"https:\/\/siaia.apambiente.pt\/AIA.aspx?ID=3667\" target=\"_blank\" rel=\"noreferrer noopener\">Declara\u00e7\u00e3o de Impacte Ambiental<\/a>&nbsp;do projeto&nbsp;<strong>\u201cEsta\u00e7\u00e3o de Dessaliniza\u00e7\u00e3o de \u00c1gua do Mar do Algarve\u201d<\/strong>, de sentido favor\u00e1vel condicionado ao cumprimento de um conjunto de condi\u00e7\u00f5es.<\/p>\n\n\n\n<p>O procedimento de avalia\u00e7\u00e3o de impacte ambiental em apre\u00e7o decorreu de acordo com os tr\u00e2mites legalmente previstos, incluindo a promo\u00e7\u00e3o de um per\u00edodo de consulta p\u00fablica de 30 dias \u00fateis &#8211; relat\u00f3rio dispon\u00edvel&nbsp;<a href=\"https:\/\/siaia.apambiente.pt\/AIA.aspx?ID=3667\">aqui<\/a>.<\/p>\n\n\n\n<p>A supra referida decis\u00e3o decorreu da avalia\u00e7\u00e3o desenvolvida pela Comiss\u00e3o de Avalia\u00e7\u00e3o constitu\u00edda para o efeito, coordenada pela APA e integrando representantes da pr\u00f3pria APA, da Comiss\u00e3o de Coordena\u00e7\u00e3o e Desenvolvimento Regional do Algarve, do Patrim\u00f3nio Cultural, da Administra\u00e7\u00e3o Regional de Sa\u00fade do Algarve, do Instituto da Conserva\u00e7\u00e3o da Natureza e das Florestas, do Laborat\u00f3rio Nacional de Energia e Geologia, da Dire\u00e7\u00e3o-Geral de Recursos Naturais, Seguran\u00e7a e Servi\u00e7os Mar\u00edtimos, da Faculdade de Engenharia da Universidade do Porto e do Centro de Ecologia Aplicada Prof. Baeta Neves do Instituto Superior de Agronomia, cujo parecer pode ser consultado&nbsp;<a href=\"https:\/\/siaia.apambiente.pt\/AIA.aspx?ID=3667\" target=\"_blank\" rel=\"noreferrer noopener\">aqui<\/a>.<\/p>\n\n\n\n<p>A aprecia\u00e7\u00e3o desenvolvida teve em considera\u00e7\u00e3o as preocupa\u00e7\u00f5es manifestadas em sede de consulta p\u00fablica, as quais coincidem com as principais tem\u00e1ticas abordadas e ponderadas na avalia\u00e7\u00e3o encontrando, na sua generalidade, reflexo no conjunto de condi\u00e7\u00f5es estabelecidas.<\/p>\n\n\n\n<p>Neste \u00e2mbito, considera-se de salientar:<\/p>\n\n\n\n<p>\u00fc&nbsp;&nbsp;o enquadramento do projeto no Plano Regional de Efici\u00eancia H\u00eddrica do Algarve, um dos Investimentos da Componente C09 \u2013 Gest\u00e3o H\u00eddrica do Plano de Recupera\u00e7\u00e3o e Resili\u00eancia (PRR);<\/p>\n\n\n\n<p>\u00fc&nbsp;&nbsp;no que respeita \u00e0s preocupa\u00e7\u00f5es relacionadas com os impactes da rejei\u00e7\u00e3o de salmoura nos ecossistemas marinhos, a avalia\u00e7\u00e3o teve em considera\u00e7\u00e3o os resultados do estudo da influ\u00eancia espacial da dispers\u00e3o do efluente salino no mar apresentado, e apesar de se considerar que os impactes n\u00e3o s\u00e3o significativos, foi incorporado na decis\u00e3o um conjunto de exig\u00eancias visando a salvaguarda destes poss\u00edveis impactes, bem como o desenvolvimento de eventuais medidas de minimiza\u00e7\u00e3o adicionais.<\/p>\n\n\n\n<p>Dado que o procedimento de avalia\u00e7\u00e3o de impacte ambiental decorreu na fase de estudo pr\u00e9vio, ocorrer\u00e1 um segundo momento de avalia\u00e7\u00e3o na fase de projeto de execu\u00e7\u00e3o, tendo em vista a verifica\u00e7\u00e3o da conformidade ambiental do projeto de execu\u00e7\u00e3o com a DIA agora emitida. De salientar que o licenciamento e o in\u00edcio da constru\u00e7\u00e3o da Esta\u00e7\u00e3o de Dessaliniza\u00e7\u00e3o apenas poder\u00e1 ocorrer ap\u00f3s emiss\u00e3o da decis\u00e3o de conformidade ambiental do projeto de execu\u00e7\u00e3o.<\/p>\n","protected":false},"excerpt":{"rendered":"<p>A APA emitiu ontem, dia 3 de abril de 2023, a&nbsp;Declara\u00e7\u00e3o de Impacte Ambiental&nbsp;do projeto&nbsp;\u201cEsta\u00e7\u00e3o de Dessaliniza\u00e7\u00e3o de \u00c1gua do<\/p>\n","protected":false},"author":1,"featured_media":5299,"comment_status":"closed","ping_status":"open","sticky":false,"template":"","format":"standard","meta":{"colormag_page_container_layout":"default_layout","colormag_page_sidebar_layout":"default_layout","_monsterinsights_skip_tracking":false,"_monsterinsights_sitenote_active":false,"_monsterinsights_sitenote_note":"","_monsterinsights_sitenote_category":0,"jetpack_post_was_ever_published":false,"_jetpack_newsletter_access":"","_jetpack_dont_email_post_to_subs":false,"_jetpack_newsletter_tier_id":0,"_jetpack_memberships_contains_paywalled_content":false,"_jetpack_memberships_contains_paid_content":false,"footnotes":"","jetpack_publicize_message":"","jetpack_publicize_feature_enabled":true,"jetpack_social_post_already_shared":false,"jetpack_social_options":{"image_generator_settings":{"template":"highway","default_image_id":0,"font":"","enabled":false},"version":2}},"categories":[5],"tags":[36,32,226],"class_list":["post-37292","post","type-post","status-publish","format-standard","has-post-thumbnail","hentry","category-ambiente","tag-algarve","tag-ambiente","tag-apa"],"yoast_head":"<!-- This site is optimized with the Yoast SEO plugin v27.5 - https:\/\/yoast.com\/product\/yoast-seo-wordpress\/ -->\n<title>Esta\u00e7\u00e3o de Dessaliniza\u00e7\u00e3o de \u00c1gua do Mar do Algarve APA emite DIA - Algarve 7<\/title>\n<meta name=\"description\" content=\"Esta\u00e7\u00e3o de Dessaliniza\u00e7\u00e3o de \u00c1gua do Mar do Algarve APA emite DIA Ambiente\" \/>\n<meta name=\"robots\" content=\"index, follow, max-snippet:-1, max-image-preview:large, max-video-preview:-1\" \/>\n<link rel=\"canonical\" href=\"https:\/\/algarve7.pt\/index.php\/2024\/04\/estacao-de-dessalinizacao-de-agua-do-mar-do-algarve-apa-emite-dia\/ambiente\/08\/51\/\" \/>\n<meta property=\"og:locale\" content=\"pt_PT\" \/>\n<meta property=\"og:type\" content=\"article\" \/>\n<meta property=\"og:title\" content=\"Esta\u00e7\u00e3o de Dessaliniza\u00e7\u00e3o de \u00c1gua do Mar do Algarve APA emite DIA - Algarve 7\" \/>\n<meta property=\"og:description\" content=\"Esta\u00e7\u00e3o de Dessaliniza\u00e7\u00e3o de \u00c1gua do Mar do Algarve APA emite DIA Ambiente\" \/>\n<meta property=\"og:url\" content=\"https:\/\/algarve7.pt\/index.php\/2024\/04\/estacao-de-dessalinizacao-de-agua-do-mar-do-algarve-apa-emite-dia\/ambiente\/08\/51\/\" \/>\n<meta property=\"og:site_name\" content=\"Algarve 7\" \/>\n<meta property=\"article:publisher\" content=\"https:\/\/www.facebook.com\/algarve7\" \/>\n<meta property=\"article:author\" content=\"https:\/\/www.facebook.com\/algarve7\" \/>\n<meta property=\"article:published_time\" content=\"2024-04-04T07:51:16+00:00\" \/>\n<meta property=\"article:modified_time\" content=\"2024-04-04T07:51:17+00:00\" \/>\n<meta property=\"og:image\" content=\"https:\/\/algarve7.pt\/wp-content\/uploads\/2021\/01\/apa_.png\" \/>\n\t<meta property=\"og:image:width\" content=\"580\" \/>\n\t<meta property=\"og:image:height\" content=\"390\" \/>\n\t<meta property=\"og:image:type\" content=\"image\/png\" \/>\n<meta name=\"author\" content=\"Algarve 7\" \/>\n<meta name=\"twitter:card\" content=\"summary_large_image\" \/>\n<meta name=\"twitter:creator\" content=\"@Algarvesete\" \/>\n<meta name=\"twitter:site\" content=\"@Algarvesete\" \/>\n<meta name=\"twitter:label1\" content=\"Escrito por\" \/>\n\t<meta name=\"twitter:data1\" content=\"Algarve 7\" \/>\n\t<meta name=\"twitter:label2\" content=\"Tempo estimado de leitura\" \/>\n\t<meta name=\"twitter:data2\" content=\"3 minutos\" \/>\n<script type=\"application\/ld+json\" class=\"yoast-schema-graph\">{\"@context\":\"https:\\\/\\\/schema.org\",\"@graph\":[{\"@type\":\"Article\",\"@id\":\"https:\\\/\\\/algarve7.pt\\\/index.php\\\/2024\\\/04\\\/estacao-de-dessalinizacao-de-agua-do-mar-do-algarve-apa-emite-dia\\\/ambiente\\\/08\\\/51\\\/#article\",\"isPartOf\":{\"@id\":\"https:\\\/\\\/algarve7.pt\\\/index.php\\\/2024\\\/04\\\/estacao-de-dessalinizacao-de-agua-do-mar-do-algarve-apa-emite-dia\\\/ambiente\\\/08\\\/51\\\/\"},\"author\":{\"name\":\"Algarve 7\",\"@id\":\"https:\\\/\\\/algarve7.pt\\\/#\\\/schema\\\/person\\\/23fa70681308e7b319a3204bcea45e0c\"},\"headline\":\"Esta\u00e7\u00e3o de Dessaliniza\u00e7\u00e3o de \u00c1gua do Mar do Algarve APA emite DIA\",\"datePublished\":\"2024-04-04T07:51:16+00:00\",\"dateModified\":\"2024-04-04T07:51:17+00:00\",\"mainEntityOfPage\":{\"@id\":\"https:\\\/\\\/algarve7.pt\\\/index.php\\\/2024\\\/04\\\/estacao-de-dessalinizacao-de-agua-do-mar-do-algarve-apa-emite-dia\\\/ambiente\\\/08\\\/51\\\/\"},\"wordCount\":468,\"publisher\":{\"@id\":\"https:\\\/\\\/algarve7.pt\\\/#organization\"},\"image\":{\"@id\":\"https:\\\/\\\/algarve7.pt\\\/index.php\\\/2024\\\/04\\\/estacao-de-dessalinizacao-de-agua-do-mar-do-algarve-apa-emite-dia\\\/ambiente\\\/08\\\/51\\\/#primaryimage\"},\"thumbnailUrl\":\"https:\\\/\\\/algarve7.pt\\\/wp-content\\\/uploads\\\/2021\\\/01\\\/apa_.png\",\"keywords\":[\"Algarve\",\"Ambiente\",\"APA\"],\"articleSection\":[\"Ambiente\"],\"inLanguage\":\"pt-PT\"},{\"@type\":\"WebPage\",\"@id\":\"https:\\\/\\\/algarve7.pt\\\/index.php\\\/2024\\\/04\\\/estacao-de-dessalinizacao-de-agua-do-mar-do-algarve-apa-emite-dia\\\/ambiente\\\/08\\\/51\\\/\",\"url\":\"https:\\\/\\\/algarve7.pt\\\/index.php\\\/2024\\\/04\\\/estacao-de-dessalinizacao-de-agua-do-mar-do-algarve-apa-emite-dia\\\/ambiente\\\/08\\\/51\\\/\",\"name\":\"Esta\u00e7\u00e3o de Dessaliniza\u00e7\u00e3o de \u00c1gua do Mar do Algarve APA emite DIA - Algarve 7\",\"isPartOf\":{\"@id\":\"https:\\\/\\\/algarve7.pt\\\/#website\"},\"primaryImageOfPage\":{\"@id\":\"https:\\\/\\\/algarve7.pt\\\/index.php\\\/2024\\\/04\\\/estacao-de-dessalinizacao-de-agua-do-mar-do-algarve-apa-emite-dia\\\/ambiente\\\/08\\\/51\\\/#primaryimage\"},\"image\":{\"@id\":\"https:\\\/\\\/algarve7.pt\\\/index.php\\\/2024\\\/04\\\/estacao-de-dessalinizacao-de-agua-do-mar-do-algarve-apa-emite-dia\\\/ambiente\\\/08\\\/51\\\/#primaryimage\"},\"thumbnailUrl\":\"https:\\\/\\\/algarve7.pt\\\/wp-content\\\/uploads\\\/2021\\\/01\\\/apa_.png\",\"datePublished\":\"2024-04-04T07:51:16+00:00\",\"dateModified\":\"2024-04-04T07:51:17+00:00\",\"description\":\"Esta\u00e7\u00e3o de Dessaliniza\u00e7\u00e3o de \u00c1gua do Mar do Algarve APA emite DIA Ambiente\",\"breadcrumb\":{\"@id\":\"https:\\\/\\\/algarve7.pt\\\/index.php\\\/2024\\\/04\\\/estacao-de-dessalinizacao-de-agua-do-mar-do-algarve-apa-emite-dia\\\/ambiente\\\/08\\\/51\\\/#breadcrumb\"},\"inLanguage\":\"pt-PT\",\"potentialAction\":[{\"@type\":\"ReadAction\",\"target\":[\"https:\\\/\\\/algarve7.pt\\\/index.php\\\/2024\\\/04\\\/estacao-de-dessalinizacao-de-agua-do-mar-do-algarve-apa-emite-dia\\\/ambiente\\\/08\\\/51\\\/\"]}]},{\"@type\":\"ImageObject\",\"inLanguage\":\"pt-PT\",\"@id\":\"https:\\\/\\\/algarve7.pt\\\/index.php\\\/2024\\\/04\\\/estacao-de-dessalinizacao-de-agua-do-mar-do-algarve-apa-emite-dia\\\/ambiente\\\/08\\\/51\\\/#primaryimage\",\"url\":\"https:\\\/\\\/algarve7.pt\\\/wp-content\\\/uploads\\\/2021\\\/01\\\/apa_.png\",\"contentUrl\":\"https:\\\/\\\/algarve7.pt\\\/wp-content\\\/uploads\\\/2021\\\/01\\\/apa_.png\",\"width\":580,\"height\":390},{\"@type\":\"BreadcrumbList\",\"@id\":\"https:\\\/\\\/algarve7.pt\\\/index.php\\\/2024\\\/04\\\/estacao-de-dessalinizacao-de-agua-do-mar-do-algarve-apa-emite-dia\\\/ambiente\\\/08\\\/51\\\/#breadcrumb\",\"itemListElement\":[{\"@type\":\"ListItem\",\"position\":1,\"name\":\"In\u00edcio\",\"item\":\"https:\\\/\\\/algarve7.pt\\\/\"},{\"@type\":\"ListItem\",\"position\":2,\"name\":\"Esta\u00e7\u00e3o de Dessaliniza\u00e7\u00e3o de \u00c1gua do Mar do Algarve APA emite DIA\"}]},{\"@type\":\"WebSite\",\"@id\":\"https:\\\/\\\/algarve7.pt\\\/#website\",\"url\":\"https:\\\/\\\/algarve7.pt\\\/\",\"name\":\"Algarve 7\",\"description\":\"Informa\u00e7\u00e3o sobre o Algarve\",\"publisher\":{\"@id\":\"https:\\\/\\\/algarve7.pt\\\/#organization\"},\"potentialAction\":[{\"@type\":\"SearchAction\",\"target\":{\"@type\":\"EntryPoint\",\"urlTemplate\":\"https:\\\/\\\/algarve7.pt\\\/?s={search_term_string}\"},\"query-input\":{\"@type\":\"PropertyValueSpecification\",\"valueRequired\":true,\"valueName\":\"search_term_string\"}}],\"inLanguage\":\"pt-PT\"},{\"@type\":\"Organization\",\"@id\":\"https:\\\/\\\/algarve7.pt\\\/#organization\",\"name\":\"Algarve 7\",\"url\":\"https:\\\/\\\/algarve7.pt\\\/\",\"logo\":{\"@type\":\"ImageObject\",\"inLanguage\":\"pt-PT\",\"@id\":\"https:\\\/\\\/algarve7.pt\\\/#\\\/schema\\\/logo\\\/image\\\/\",\"url\":\"https:\\\/\\\/algarve7.pt\\\/wp-content\\\/uploads\\\/2020\\\/10\\\/Logo-8.jpg\",\"contentUrl\":\"https:\\\/\\\/algarve7.pt\\\/wp-content\\\/uploads\\\/2020\\\/10\\\/Logo-8.jpg\",\"width\":1680,\"height\":1186,\"caption\":\"Algarve 7\"},\"image\":{\"@id\":\"https:\\\/\\\/algarve7.pt\\\/#\\\/schema\\\/logo\\\/image\\\/\"},\"sameAs\":[\"https:\\\/\\\/www.facebook.com\\\/algarve7\",\"https:\\\/\\\/x.com\\\/Algarvesete\",\"https:\\\/\\\/www.instagram.com\\\/jornalalgarve7\\\/\",\"https:\\\/\\\/www.linkedin.com\\\/company\\\/algarve7\",\"https:\\\/\\\/www.pinterest.pt\\\/geral0939\\\/_created\\\/\"]},{\"@type\":\"Person\",\"@id\":\"https:\\\/\\\/algarve7.pt\\\/#\\\/schema\\\/person\\\/23fa70681308e7b319a3204bcea45e0c\",\"name\":\"Algarve 7\",\"sameAs\":[\"https:\\\/\\\/algarve7.pt\",\"https:\\\/\\\/www.facebook.com\\\/algarve7\"],\"url\":\"https:\\\/\\\/algarve7.pt\\\/index.php\\\/author\\\/geralalgarve7-pt\\\/\"}]}<\/script>\n<!-- \/ Yoast SEO plugin. -->","yoast_head_json":{"title":"Esta\u00e7\u00e3o de Dessaliniza\u00e7\u00e3o de \u00c1gua do Mar do Algarve APA emite DIA - Algarve 7","description":"Esta\u00e7\u00e3o de Dessaliniza\u00e7\u00e3o de \u00c1gua do Mar do Algarve APA emite DIA Ambiente","robots":{"index":"index","follow":"follow","max-snippet":"max-snippet:-1","max-image-preview":"max-image-preview:large","max-video-preview":"max-video-preview:-1"},"canonical":"https:\/\/algarve7.pt\/index.php\/2024\/04\/estacao-de-dessalinizacao-de-agua-do-mar-do-algarve-apa-emite-dia\/ambiente\/08\/51\/","og_locale":"pt_PT","og_type":"article","og_title":"Esta\u00e7\u00e3o de Dessaliniza\u00e7\u00e3o de \u00c1gua do Mar do Algarve APA emite DIA - Algarve 7","og_description":"Esta\u00e7\u00e3o de Dessaliniza\u00e7\u00e3o de \u00c1gua do Mar do Algarve APA emite DIA Ambiente","og_url":"https:\/\/algarve7.pt\/index.php\/2024\/04\/estacao-de-dessalinizacao-de-agua-do-mar-do-algarve-apa-emite-dia\/ambiente\/08\/51\/","og_site_name":"Algarve 7","article_publisher":"https:\/\/www.facebook.com\/algarve7","article_author":"https:\/\/www.facebook.com\/algarve7","article_published_time":"2024-04-04T07:51:16+00:00","article_modified_time":"2024-04-04T07:51:17+00:00","og_image":[{"width":580,"height":390,"url":"https:\/\/algarve7.pt\/wp-content\/uploads\/2021\/01\/apa_.png","type":"image\/png"}],"author":"Algarve 7","twitter_card":"summary_large_image","twitter_creator":"@Algarvesete","twitter_site":"@Algarvesete","twitter_misc":{"Escrito por":"Algarve 7","Tempo estimado de leitura":"3 minutos"},"schema":{"@context":"https:\/\/schema.org","@graph":[{"@type":"Article","@id":"https:\/\/algarve7.pt\/index.php\/2024\/04\/estacao-de-dessalinizacao-de-agua-do-mar-do-algarve-apa-emite-dia\/ambiente\/08\/51\/#article","isPartOf":{"@id":"https:\/\/algarve7.pt\/index.php\/2024\/04\/estacao-de-dessalinizacao-de-agua-do-mar-do-algarve-apa-emite-dia\/ambiente\/08\/51\/"},"author":{"name":"Algarve 7","@id":"https:\/\/algarve7.pt\/#\/schema\/person\/23fa70681308e7b319a3204bcea45e0c"},"headline":"Esta\u00e7\u00e3o de Dessaliniza\u00e7\u00e3o de \u00c1gua do Mar do Algarve APA emite DIA","datePublished":"2024-04-04T07:51:16+00:00","dateModified":"2024-04-04T07:51:17+00:00","mainEntityOfPage":{"@id":"https:\/\/algarve7.pt\/index.php\/2024\/04\/estacao-de-dessalinizacao-de-agua-do-mar-do-algarve-apa-emite-dia\/ambiente\/08\/51\/"},"wordCount":468,"publisher":{"@id":"https:\/\/algarve7.pt\/#organization"},"image":{"@id":"https:\/\/algarve7.pt\/index.php\/2024\/04\/estacao-de-dessalinizacao-de-agua-do-mar-do-algarve-apa-emite-dia\/ambiente\/08\/51\/#primaryimage"},"thumbnailUrl":"https:\/\/algarve7.pt\/wp-content\/uploads\/2021\/01\/apa_.png","keywords":["Algarve","Ambiente","APA"],"articleSection":["Ambiente"],"inLanguage":"pt-PT"},{"@type":"WebPage","@id":"https:\/\/algarve7.pt\/index.php\/2024\/04\/estacao-de-dessalinizacao-de-agua-do-mar-do-algarve-apa-emite-dia\/ambiente\/08\/51\/","url":"https:\/\/algarve7.pt\/index.php\/2024\/04\/estacao-de-dessalinizacao-de-agua-do-mar-do-algarve-apa-emite-dia\/ambiente\/08\/51\/","name":"Esta\u00e7\u00e3o de Dessaliniza\u00e7\u00e3o de \u00c1gua do Mar do Algarve APA emite DIA - Algarve 7","isPartOf":{"@id":"https:\/\/algarve7.pt\/#website"},"primaryImageOfPage":{"@id":"https:\/\/algarve7.pt\/index.php\/2024\/04\/estacao-de-dessalinizacao-de-agua-do-mar-do-algarve-apa-emite-dia\/ambiente\/08\/51\/#primaryimage"},"image":{"@id":"https:\/\/algarve7.pt\/index.php\/2024\/04\/estacao-de-dessalinizacao-de-agua-do-mar-do-algarve-apa-emite-dia\/ambiente\/08\/51\/#primaryimage"},"thumbnailUrl":"https:\/\/algarve7.pt\/wp-content\/uploads\/2021\/01\/apa_.png","datePublished":"2024-04-04T07:51:16+00:00","dateModified":"2024-04-04T07:51:17+00:00","description":"Esta\u00e7\u00e3o de Dessaliniza\u00e7\u00e3o de \u00c1gua do Mar do Algarve APA emite DIA Ambiente","breadcrumb":{"@id":"https:\/\/algarve7.pt\/index.php\/2024\/04\/estacao-de-dessalinizacao-de-agua-do-mar-do-algarve-apa-emite-dia\/ambiente\/08\/51\/#breadcrumb"},"inLanguage":"pt-PT","potentialAction":[{"@type":"ReadAction","target":["https:\/\/algarve7.pt\/index.php\/2024\/04\/estacao-de-dessalinizacao-de-agua-do-mar-do-algarve-apa-emite-dia\/ambiente\/08\/51\/"]}]},{"@type":"ImageObject","inLanguage":"pt-PT","@id":"https:\/\/algarve7.pt\/index.php\/2024\/04\/estacao-de-dessalinizacao-de-agua-do-mar-do-algarve-apa-emite-dia\/ambiente\/08\/51\/#primaryimage","url":"https:\/\/algarve7.pt\/wp-content\/uploads\/2021\/01\/apa_.png","contentUrl":"https:\/\/algarve7.pt\/wp-content\/uploads\/2021\/01\/apa_.png","width":580,"height":390},{"@type":"BreadcrumbList","@id":"https:\/\/algarve7.pt\/index.php\/2024\/04\/estacao-de-dessalinizacao-de-agua-do-mar-do-algarve-apa-emite-dia\/ambiente\/08\/51\/#breadcrumb","itemListElement":[{"@type":"ListItem","position":1,"name":"In\u00edcio","item":"https:\/\/algarve7.pt\/"},{"@type":"ListItem","position":2,"name":"Esta\u00e7\u00e3o de Dessaliniza\u00e7\u00e3o de \u00c1gua do Mar do Algarve APA emite DIA"}]},{"@type":"WebSite","@id":"https:\/\/algarve7.pt\/#website","url":"https:\/\/algarve7.pt\/","name":"Algarve 7","description":"Informa\u00e7\u00e3o sobre o Algarve","publisher":{"@id":"https:\/\/algarve7.pt\/#organization"},"potentialAction":[{"@type":"SearchAction","target":{"@type":"EntryPoint","urlTemplate":"https:\/\/algarve7.pt\/?s={search_term_string}"},"query-input":{"@type":"PropertyValueSpecification","valueRequired":true,"valueName":"search_term_string"}}],"inLanguage":"pt-PT"},{"@type":"Organization","@id":"https:\/\/algarve7.pt\/#organization","name":"Algarve 7","url":"https:\/\/algarve7.pt\/","logo":{"@type":"ImageObject","inLanguage":"pt-PT","@id":"https:\/\/algarve7.pt\/#\/schema\/logo\/image\/","url":"https:\/\/algarve7.pt\/wp-content\/uploads\/2020\/10\/Logo-8.jpg","contentUrl":"https:\/\/algarve7.pt\/wp-content\/uploads\/2020\/10\/Logo-8.jpg","width":1680,"height":1186,"caption":"Algarve 7"},"image":{"@id":"https:\/\/algarve7.pt\/#\/schema\/logo\/image\/"},"sameAs":["https:\/\/www.facebook.com\/algarve7","https:\/\/x.com\/Algarvesete","https:\/\/www.instagram.com\/jornalalgarve7\/","https:\/\/www.linkedin.com\/company\/algarve7","https:\/\/www.pinterest.pt\/geral0939\/_created\/"]},{"@type":"Person","@id":"https:\/\/algarve7.pt\/#\/schema\/person\/23fa70681308e7b319a3204bcea45e0c","name":"Algarve 7","sameAs":["https:\/\/algarve7.pt","https:\/\/www.facebook.com\/algarve7"],"url":"https:\/\/algarve7.pt\/index.php\/author\/geralalgarve7-pt\/"}]}},"jetpack_publicize_connections":[],"jetpack_featured_media_url":"https:\/\/algarve7.pt\/wp-content\/uploads\/2021\/01\/apa_.png","jetpack_shortlink":"https:\/\/wp.me\/pcezmW-9Hu","jetpack_sharing_enabled":true,"_links":{"self":[{"href":"https:\/\/algarve7.pt\/index.php\/wp-json\/wp\/v2\/posts\/37292","targetHints":{"allow":["GET"]}}],"collection":[{"href":"https:\/\/algarve7.pt\/index.php\/wp-json\/wp\/v2\/posts"}],"about":[{"href":"https:\/\/algarve7.pt\/index.php\/wp-json\/wp\/v2\/types\/post"}],"author":[{"embeddable":true,"href":"https:\/\/algarve7.pt\/index.php\/wp-json\/wp\/v2\/users\/1"}],"replies":[{"embeddable":true,"href":"https:\/\/algarve7.pt\/index.php\/wp-json\/wp\/v2\/comments?post=37292"}],"version-history":[{"count":0,"href":"https:\/\/algarve7.pt\/index.php\/wp-json\/wp\/v2\/posts\/37292\/revisions"}],"wp:featuredmedia":[{"embeddable":true,"href":"https:\/\/algarve7.pt\/index.php\/wp-json\/wp\/v2\/media\/5299"}],"wp:attachment":[{"href":"https:\/\/algarve7.pt\/index.php\/wp-json\/wp\/v2\/media?parent=37292"}],"wp:term":[{"taxonomy":"category","embeddable":true,"href":"https:\/\/algarve7.pt\/index.php\/wp-json\/wp\/v2\/categories?post=37292"},{"taxonomy":"post_tag","embeddable":true,"href":"https:\/\/algarve7.pt\/index.php\/wp-json\/wp\/v2\/tags?post=37292"}],"curies":[{"name":"wp","href":"https:\/\/api.w.org\/{rel}","templated":true}]}}