{"id":37271,"date":"2024-04-04T09:50:00","date_gmt":"2024-04-04T08:50:00","guid":{"rendered":"https:\/\/algarve7.pt\/?p=37271"},"modified":"2024-04-03T16:35:39","modified_gmt":"2024-04-03T15:35:39","slug":"moonspell-rodrigo-leao-sergio-godinho-e-muito-abril-em-abril-no-cineteatro-louletano","status":"publish","type":"post","link":"https:\/\/algarve7.pt\/index.php\/2024\/04\/moonspell-rodrigo-leao-sergio-godinho-e-muito-abril-em-abril-no-cineteatro-louletano\/cultura\/09\/50\/","title":{"rendered":"Moonspell, Rodrigo Le\u00e3o, S\u00e9rgio Godinho e muito abril em abril, no Cineteatro Louletano"},"content":{"rendered":"\n<p>Em abril, o m\u00eas em que se comemoram os 50 anos da Revolu\u00e7\u00e3o dos Cravos, S\u00e9rgio Godinho \u00e9 uma das figuras centrais na programa\u00e7\u00e3o do Cineteatro Louletano, ele que vem a Loul\u00e9 para um concerto precisamente no dia 25 de abril. Mas, neste m\u00eas em que se assinalam tamb\u00e9m os 94 anos do Cineteatro Louletano, h\u00e1 muito mais para ver e ouvir.<\/p>\n\n\n\n<p>Come\u00e7amos com dan\u00e7a, com a pe\u00e7a \u201cUma part\u00edcula mais pequena do que um gr\u00e3o de p\u00f3\u201d, de Sofia Dias e V\u00edtor Roriz. Uma pe\u00e7a sobre o todo e as partes, sobre o coletivo e o individual, e o peso que cada um de n\u00f3s tem nas mudan\u00e7as que \u00e0s vezes s\u00e3o t\u00e3o necess\u00e1rias. Independentemente do tamanho ou da complexidade dos sistemas, por vezes um gr\u00e3o de p\u00f3 na engrenagem \u00e9 tudo o que \u00e9 preciso para mudar o futuro. A pe\u00e7a tem uma sess\u00e3o destinada a fam\u00edlias na sexta-feira, 5 de abril, \u00e0s 19h00, e uma outra sess\u00e3o mais cedo, \u00e0s 10h30, para as crian\u00e7as do programa \u201cF\u00e9rias para Todos\u201d.&nbsp;<\/p>\n\n\n\n<p>No dia seguinte, s\u00e1bado, 6 de abril, os Moonspell v\u00eam a Loul\u00e9 no \u00e2mbito da tour nacional \u201cSoombra\u201d, com um concerto ac\u00fastico. Depois de celebrarem o seu trig\u00e9simo anivers\u00e1rio e de anunciarem o seu primeiro concerto sinf\u00f3nico em conjunto com a Sinfonietta de Lisboa, os Moonspell recriam vers\u00f5es surpreendentes dos seus cl\u00e1ssicos, transformando-os em novidades, que s\u00e3o a imagem de marca da banda.<\/p>\n\n\n\n<p>No dia 7, domingo, \u00e0s 11h30, h\u00e1 Concerto Promenade, com \u201cOs Loucos Anos 20\u201d, numa viagem que a Orquestra do Algarve nos prop\u00f5e o cancioneiro de jazz do in\u00edcio do s\u00e9culo XX, de Gershwin, Cole Porter e Kurt Weill. A dire\u00e7\u00e3o \u00e9 do maestro Martim de Sousa Tavares, com apresenta\u00e7\u00e3o de Rui Baeta. Os Promenade s\u00e3o concertos comentados, adaptados a p\u00fablico jovem e a fam\u00edlias, em que se fica a conhecer um pouco mais sobre a origem das composi\u00e7\u00f5es e dos compositores.<\/p>\n\n\n\n<p>A 9 de abril, ter\u00e7a-feira, \u00e0s 21h00, no Audit\u00f3rio do Solar da M\u00fasica Nova, mais um filme do Ciclo \u201cFilme Franc\u00eas do M\u00eas\u201d, organizado pela Alliance Fran\u00e7aise Algarve, em parceria com o Cineteatro Louletano. Desta vez \u00e9 \u201cExfiltr\u00e9s\u201d, a est\u00f3ria de dois jovens ativistas em Paris que montam uma opera\u00e7\u00e3o de exfiltra\u00e7\u00e3o de alto risco para trazer de volta para Fran\u00e7a uma m\u00e3e e o seu filho pequeno, encurralados no inferno de Daech.&nbsp;<\/p>\n\n\n\n<p>Nos dias 10 e 11, a Kind of Black Box vai \u00e0s escolas do ensino b\u00e1sico com a oficina \u201cA Explos\u00e3o da Cor\u201d, uma oficina de arte que funciona numa unidade m\u00f3vel, dirigida aos jovens do 2.\u00ba e 3.\u00ba ciclo. Nos dias que se seguiram ao 25 de abril de 1974, a arte saiu \u00e0 rua e assistiu-se a uma explos\u00e3o art\u00edstica e gr\u00e1fica sem precedentes, com cartazes e murais. Esta oficina explora com os jovens as imagens dessa explos\u00e3o de cor de 1974, promovendo ainda conversas entre os jovens e alguns antigos presos pol\u00edticos portugueses.&nbsp;<\/p>\n\n\n\n<p>A oficina \u00e9 complementar \u00e0 pe\u00e7a \u201cEm Sil\u00eancio\u201d, cria\u00e7\u00e3o de Teresa Sobral, com sess\u00e3o para o p\u00fablico em geral no dia 12, \u00e0s 21h00 (pe\u00e7a com interpreta\u00e7\u00e3o em L\u00edngua Gestual Portuguesa), e sess\u00f5es para escolas \u00e0s 10h00 e 14h30, no dia 11, e \u00e0s 14h00, no dia 12. \u201cEm Sil\u00eancio\u201d faz uma viagem aos 48 anos de ditadura em Portugal, com uma din\u00e2mica auditiva e visual vertiginosa e apaixonante. Um texto constru\u00eddo a partir de vozes de pessoas que viveram essa \u00e9poca, que estiveram presas por quest\u00f5es pol\u00edticas, que viveram na clandestinidade ou que se refugiaram no estrangeiro ou ainda que lutaram contra a Guerra Colonial, entre v\u00e1rias outras vozes.&nbsp;<\/p>\n\n\n\n<p>De 15 a 19 de abril, existe outra oficina, tamb\u00e9m a assinalar os 50 anos da Revolu\u00e7\u00e3o de Abril, mas desta vez em Salir, no Audit\u00f3rio da Junta de Freguesia. Chama-se \u201cMural da Hist\u00f3ria Comum\u201d e \u00e9 organizada pela Companhia de M\u00fasica Teatral. \u201cOnde estavas no 25 de Abril?\u201d \u00e9 a pergunta-de-partida para as \u201chist\u00f3rias comuns\u201d. A partir delas e atrav\u00e9s do trabalho com a comunidade, ser\u00e1 constru\u00edda uma instala\u00e7\u00e3o, que \u00e9 tamb\u00e9m uma experi\u00eancia sonora, inspirada nos \u201cmurais\u201d que encheram as ruas ap\u00f3s o 25 de Abril. Um \u201cmural\u201d sobre Liberdade e sobre o cuidado de que ela necessita para sobreviver. A participa\u00e7\u00e3o \u00e9 aberta a pessoas nascidas ap\u00f3s o 25 de Abril de 1974, com inscri\u00e7\u00f5es atrav\u00e9s do email&nbsp;<a href=\"mailto:cinereservas@cm-loule.pt\">cinereservas@cm-loule.pt<\/a><\/p>\n\n\n\n<p>E a 18, quinta-feira, a estreia de uma \u00f3pera, ou melhor semi\u00f3pera no Cineteatro Louletano. Chama-se \u201cVencer o Dia\u201d, e \u00e9 levada \u00e0 cena pela associa\u00e7\u00e3o cultural Quest\u00e3o Repetida, com a colabora\u00e7\u00e3o e participa\u00e7\u00e3o de utentes da ASMAL (Associa\u00e7\u00e3o de Sa\u00fade Mental do Algarve). \u201cVencer o Dia\u201d \u00e9 um espet\u00e1culo que pertence a todos, mas que n\u00e3o cabe em ningu\u00e9m. \u201cAssim decidimos, e dentro dele colocamos uma \u00f3pera com demasiadas coisas, coisas estas que pareciam t\u00e3o distintas, t\u00e3o \u00fanicas, mas que no fim de contas, dizem o mesmo\u201d, adiantam as companhias, a ARTIS XXI e a Quest\u00e3o Repetida. Existem duas sess\u00f5es, uma \u00e0s 10h30 para escolas (pr\u00e9-escolar) e outra \u00e0s 21h00 para o p\u00fablico em geral.<\/p>\n\n\n\n<p>Na sexta, 19 de abril, o Cineteatro faz 94 anos. O Cineteatro Louletano foi criado por privados em 1930, ainda no in\u00edcio do s\u00e9culo XX, e passou por diversas fases at\u00e9 chegar \u00e0quilo que \u00e9 hoje, uma sala de refer\u00eancia a sul do pa\u00eds, mormente devido \u00e0 sua programa\u00e7\u00e3o, coprodu\u00e7\u00f5es e apoios \u00e0 cria\u00e7\u00e3o. Para celebrar a data, o CTL convida Rodrigo Le\u00e3o, que traz a Loul\u00e9 um concerto intimista, acompanhado ao piano por um dos seus filhos, Ant\u00f3nio Le\u00e3o. \u201cPiano para Piano\u201d \u00e9 um projeto que nasceu depois de uma encomenda do Festival de Piano em Vila Nova de Cerveira, desafio que o levou a compor duas novas pe\u00e7as que s\u00e3o tamb\u00e9m o princ\u00edpio de um novo caminho. Rodrigo Le\u00e3o \u00e9 o primeiro a dizer que n\u00e3o \u00e9 pianista, mas a verdade \u00e9 que o piano tem surgido na sua obra como um complemento dos sintetizadores que j\u00e1 usou bastas vezes para escrever memor\u00e1veis melodias e pensar nos envolventes arranjos a que foi dando corpo com os ensembles que criou.<\/p>\n\n\n\n<p>A 21, o Cineteatro Louletano acolhe e coproduz o semin\u00e1rio \u201cMudamos Juntos? Encontro com Artistas\u201d, criado por Marco Paiva, da Companhia Terra Amarela, com o objetivo de reunir artistas e estruturas da regi\u00e3o do Algarve. A ideia \u00e9 estabelecer pontes que permitam sedimentar pr\u00e1ticas de acessibilidade e diversidade cultural e art\u00edstica. Come\u00e7a \u00e0s 10h00 e decorre durante todo o dia, no Pal\u00e1cio Gama Lobo.&nbsp;&nbsp;<\/p>\n\n\n\n<p>A 25 de abril, um dos pontos altos do m\u00eas: S\u00e9rgio Godinho celebra em Loul\u00e9 os 50 anos do 25 de Abril! O espet\u00e1culo, intitulado \u201cS\u00e9rgio &amp; Os Assessores \u2013 Liberdade25\u201d, \u00e9 a celebra\u00e7\u00e3o de uma carreira que se confunde com a hist\u00f3ria do quotidiano portugu\u00eas e que tem numa can\u00e7\u00e3o composta em 1974, \u201cLiberdade\u201d, um dos seus hinos obrigat\u00f3rios. A passagem de meio s\u00e9culo sobre a revolu\u00e7\u00e3o dos cravos justifica uma nova visita ao seu repert\u00f3rio mais engajado e que em 2024 continua a justificar a exponencia\u00e7\u00e3o da palavra \u201cLIBERDADE\u201d e agora, tamb\u00e9m de \u201c25\u201d, como o dia maior da sua express\u00e3o, tal como Sophia imortalizou em \u201cEsta \u00e9 a madrugada que eu esperava\u201d. O concerto \u00e9 \u00e0s 21h00, no Largo Eng.\u00ba Duarte Pacheco, e tem interpreta\u00e7\u00e3o em L\u00edngua Gestual Portuguesa.<\/p>\n\n\n\n<p>A 28 de abril, h\u00e1 dan\u00e7a, pela Dan\u00e7a em Di\u00e1logos, com a pe\u00e7a, \u201cRequiem_A \u00danica Censura que Deveria Existir \u00e9 Censurar a Censura\u201d. A pe\u00e7a parte da obra \u201cRequiem\u201d, de Lopes-Gra\u00e7a, e de textos in\u00e9ditos de Cl\u00e1udia Lucas Ch\u00e9u, Ondjaki e Elmano Sancho. S\u00e3o perspetivados corpos, movimentos, imagens e recortes narrativos que refletem mem\u00f3rias cruzadas no tempo e nas viv\u00eancias de um pret\u00e9rito que encontra ecos no presente e no futuro. Para ver \u00e0s 17h00, no domingo, para o p\u00fablico em geral, com o recurso de Audiodescri\u00e7\u00e3o, para cegos e\/ou pessoas com baixa vis\u00e3o. No dia seguinte, 29, Dia Mundial da Dan\u00e7a, h\u00e1 sess\u00e3o para as escolas, dirigida aos 9.\u00bas anos e ensino secund\u00e1rio, com entrada gratuita.<\/p>\n\n\n\n<p>A fechar o m\u00eas, no dia 30, celebra-se o Dia Internacional do Jazz, com um concerto no Audit\u00f3rio do Solar da M\u00fasica Nova, \u00e0s 21h00, em parceria com a MdC Records, da M\u00e1kina de Cena. A MdC aposta em Gon\u00e7alo Neto, guitarrista e compositor de Albufeira, que fez parte do quarteto de Maria Jo\u00e3o e Carlos Bica, apresenta o novo \u00e1lbum \u201cLittle Dinosaur\u201d. O disco caminha por v\u00e1rios mundos musicais, o rock, jazz e o country\/folk, que s\u00e3o os mais queridos ao compositor.<\/p>\n\n\n\n<p>O projeto foi formado em 2020 por Neto, durante a sua estadia de tr\u00eas anos em Amsterd\u00e3o. A banda \u00e9 formada por Gon\u00e7alo Neto (guitarra e composi\u00e7\u00e3o), Mauro Cottone (contrabaixo), Jo\u00e3o Guerra (bateria), Jos\u00e9 Soares (saxofone alto) e Nicol\u00f2 Ricci (saxofone tenor).&nbsp;<\/p>\n","protected":false},"excerpt":{"rendered":"<p>Em abril, o m\u00eas em que se comemoram os 50 anos da Revolu\u00e7\u00e3o dos Cravos, S\u00e9rgio Godinho \u00e9 uma das<\/p>\n","protected":false},"author":1,"featured_media":37272,"comment_status":"closed","ping_status":"open","sticky":false,"template":"","format":"standard","meta":{"colormag_page_container_layout":"default_layout","colormag_page_sidebar_layout":"default_layout","_monsterinsights_skip_tracking":false,"_monsterinsights_sitenote_active":false,"_monsterinsights_sitenote_note":"","_monsterinsights_sitenote_category":0,"jetpack_post_was_ever_published":false,"_jetpack_newsletter_access":"","_jetpack_dont_email_post_to_subs":false,"_jetpack_newsletter_tier_id":0,"_jetpack_memberships_contains_paywalled_content":false,"_jetpack_memberships_contains_paid_content":false,"footnotes":"","jetpack_publicize_message":"","jetpack_publicize_feature_enabled":true,"jetpack_social_post_already_shared":false,"jetpack_social_options":{"image_generator_settings":{"template":"highway","default_image_id":0,"font":"","enabled":false},"version":2}},"categories":[14],"tags":[36,35,31],"class_list":["post-37271","post","type-post","status-publish","format-standard","has-post-thumbnail","hentry","category-cultura","tag-algarve","tag-cultura","tag-loule"],"yoast_head":"<!-- This site is optimized with the Yoast SEO plugin v27.5 - https:\/\/yoast.com\/product\/yoast-seo-wordpress\/ -->\n<title>Moonspell, Rodrigo Le\u00e3o, S\u00e9rgio Godinho e muito abril em abril, no Cineteatro Louletano - Algarve 7<\/title>\n<meta name=\"description\" content=\"Moonspell, Rodrigo Le\u00e3o, S\u00e9rgio Godinho e muito abril em abril, no Cineteatro Louletano Cultura\" \/>\n<meta name=\"robots\" content=\"index, follow, max-snippet:-1, max-image-preview:large, max-video-preview:-1\" \/>\n<link rel=\"canonical\" href=\"https:\/\/algarve7.pt\/index.php\/2024\/04\/moonspell-rodrigo-leao-sergio-godinho-e-muito-abril-em-abril-no-cineteatro-louletano\/cultura\/09\/50\/\" \/>\n<meta property=\"og:locale\" content=\"pt_PT\" \/>\n<meta property=\"og:type\" content=\"article\" \/>\n<meta property=\"og:title\" content=\"Moonspell, Rodrigo Le\u00e3o, S\u00e9rgio Godinho e muito abril em abril, no Cineteatro Louletano - Algarve 7\" \/>\n<meta property=\"og:description\" content=\"Moonspell, Rodrigo Le\u00e3o, S\u00e9rgio Godinho e muito abril em abril, no Cineteatro Louletano Cultura\" \/>\n<meta property=\"og:url\" content=\"https:\/\/algarve7.pt\/index.php\/2024\/04\/moonspell-rodrigo-leao-sergio-godinho-e-muito-abril-em-abril-no-cineteatro-louletano\/cultura\/09\/50\/\" \/>\n<meta property=\"og:site_name\" content=\"Algarve 7\" \/>\n<meta property=\"article:publisher\" content=\"https:\/\/www.facebook.com\/algarve7\" \/>\n<meta property=\"article:author\" content=\"https:\/\/www.facebook.com\/algarve7\" \/>\n<meta property=\"article:published_time\" content=\"2024-04-04T08:50:00+00:00\" \/>\n<meta property=\"og:image\" content=\"https:\/\/algarve7.pt\/wp-content\/uploads\/2024\/04\/Captura-de-ecra-2024-04-03-as-16.31.54.png\" \/>\n\t<meta property=\"og:image:width\" content=\"700\" \/>\n\t<meta property=\"og:image:height\" content=\"557\" \/>\n\t<meta property=\"og:image:type\" content=\"image\/png\" \/>\n<meta name=\"author\" content=\"Algarve 7\" \/>\n<meta name=\"twitter:card\" content=\"summary_large_image\" \/>\n<meta name=\"twitter:creator\" content=\"@Algarvesete\" \/>\n<meta name=\"twitter:site\" content=\"@Algarvesete\" \/>\n<meta name=\"twitter:label1\" content=\"Escrito por\" \/>\n\t<meta name=\"twitter:data1\" content=\"Algarve 7\" \/>\n\t<meta name=\"twitter:label2\" content=\"Tempo estimado de leitura\" \/>\n\t<meta name=\"twitter:data2\" content=\"9 minutos\" \/>\n<script type=\"application\/ld+json\" class=\"yoast-schema-graph\">{\"@context\":\"https:\\\/\\\/schema.org\",\"@graph\":[{\"@type\":\"Article\",\"@id\":\"https:\\\/\\\/algarve7.pt\\\/index.php\\\/2024\\\/04\\\/moonspell-rodrigo-leao-sergio-godinho-e-muito-abril-em-abril-no-cineteatro-louletano\\\/cultura\\\/09\\\/50\\\/#article\",\"isPartOf\":{\"@id\":\"https:\\\/\\\/algarve7.pt\\\/index.php\\\/2024\\\/04\\\/moonspell-rodrigo-leao-sergio-godinho-e-muito-abril-em-abril-no-cineteatro-louletano\\\/cultura\\\/09\\\/50\\\/\"},\"author\":{\"name\":\"Algarve 7\",\"@id\":\"https:\\\/\\\/algarve7.pt\\\/#\\\/schema\\\/person\\\/23fa70681308e7b319a3204bcea45e0c\"},\"headline\":\"Moonspell, Rodrigo Le\u00e3o, S\u00e9rgio Godinho e muito abril em abril, no Cineteatro Louletano\",\"datePublished\":\"2024-04-04T08:50:00+00:00\",\"mainEntityOfPage\":{\"@id\":\"https:\\\/\\\/algarve7.pt\\\/index.php\\\/2024\\\/04\\\/moonspell-rodrigo-leao-sergio-godinho-e-muito-abril-em-abril-no-cineteatro-louletano\\\/cultura\\\/09\\\/50\\\/\"},\"wordCount\":1583,\"publisher\":{\"@id\":\"https:\\\/\\\/algarve7.pt\\\/#organization\"},\"image\":{\"@id\":\"https:\\\/\\\/algarve7.pt\\\/index.php\\\/2024\\\/04\\\/moonspell-rodrigo-leao-sergio-godinho-e-muito-abril-em-abril-no-cineteatro-louletano\\\/cultura\\\/09\\\/50\\\/#primaryimage\"},\"thumbnailUrl\":\"https:\\\/\\\/algarve7.pt\\\/wp-content\\\/uploads\\\/2024\\\/04\\\/Captura-de-ecra-2024-04-03-as-16.31.54.png\",\"keywords\":[\"Algarve\",\"Cultura\",\"Loul\u00e9\"],\"articleSection\":[\"Cultura\"],\"inLanguage\":\"pt-PT\"},{\"@type\":\"WebPage\",\"@id\":\"https:\\\/\\\/algarve7.pt\\\/index.php\\\/2024\\\/04\\\/moonspell-rodrigo-leao-sergio-godinho-e-muito-abril-em-abril-no-cineteatro-louletano\\\/cultura\\\/09\\\/50\\\/\",\"url\":\"https:\\\/\\\/algarve7.pt\\\/index.php\\\/2024\\\/04\\\/moonspell-rodrigo-leao-sergio-godinho-e-muito-abril-em-abril-no-cineteatro-louletano\\\/cultura\\\/09\\\/50\\\/\",\"name\":\"Moonspell, Rodrigo Le\u00e3o, S\u00e9rgio Godinho e muito abril em abril, no Cineteatro Louletano - Algarve 7\",\"isPartOf\":{\"@id\":\"https:\\\/\\\/algarve7.pt\\\/#website\"},\"primaryImageOfPage\":{\"@id\":\"https:\\\/\\\/algarve7.pt\\\/index.php\\\/2024\\\/04\\\/moonspell-rodrigo-leao-sergio-godinho-e-muito-abril-em-abril-no-cineteatro-louletano\\\/cultura\\\/09\\\/50\\\/#primaryimage\"},\"image\":{\"@id\":\"https:\\\/\\\/algarve7.pt\\\/index.php\\\/2024\\\/04\\\/moonspell-rodrigo-leao-sergio-godinho-e-muito-abril-em-abril-no-cineteatro-louletano\\\/cultura\\\/09\\\/50\\\/#primaryimage\"},\"thumbnailUrl\":\"https:\\\/\\\/algarve7.pt\\\/wp-content\\\/uploads\\\/2024\\\/04\\\/Captura-de-ecra-2024-04-03-as-16.31.54.png\",\"datePublished\":\"2024-04-04T08:50:00+00:00\",\"description\":\"Moonspell, Rodrigo Le\u00e3o, S\u00e9rgio Godinho e muito abril em abril, no Cineteatro Louletano Cultura\",\"breadcrumb\":{\"@id\":\"https:\\\/\\\/algarve7.pt\\\/index.php\\\/2024\\\/04\\\/moonspell-rodrigo-leao-sergio-godinho-e-muito-abril-em-abril-no-cineteatro-louletano\\\/cultura\\\/09\\\/50\\\/#breadcrumb\"},\"inLanguage\":\"pt-PT\",\"potentialAction\":[{\"@type\":\"ReadAction\",\"target\":[\"https:\\\/\\\/algarve7.pt\\\/index.php\\\/2024\\\/04\\\/moonspell-rodrigo-leao-sergio-godinho-e-muito-abril-em-abril-no-cineteatro-louletano\\\/cultura\\\/09\\\/50\\\/\"]}]},{\"@type\":\"ImageObject\",\"inLanguage\":\"pt-PT\",\"@id\":\"https:\\\/\\\/algarve7.pt\\\/index.php\\\/2024\\\/04\\\/moonspell-rodrigo-leao-sergio-godinho-e-muito-abril-em-abril-no-cineteatro-louletano\\\/cultura\\\/09\\\/50\\\/#primaryimage\",\"url\":\"https:\\\/\\\/algarve7.pt\\\/wp-content\\\/uploads\\\/2024\\\/04\\\/Captura-de-ecra-2024-04-03-as-16.31.54.png\",\"contentUrl\":\"https:\\\/\\\/algarve7.pt\\\/wp-content\\\/uploads\\\/2024\\\/04\\\/Captura-de-ecra-2024-04-03-as-16.31.54.png\",\"width\":700,\"height\":557},{\"@type\":\"BreadcrumbList\",\"@id\":\"https:\\\/\\\/algarve7.pt\\\/index.php\\\/2024\\\/04\\\/moonspell-rodrigo-leao-sergio-godinho-e-muito-abril-em-abril-no-cineteatro-louletano\\\/cultura\\\/09\\\/50\\\/#breadcrumb\",\"itemListElement\":[{\"@type\":\"ListItem\",\"position\":1,\"name\":\"In\u00edcio\",\"item\":\"https:\\\/\\\/algarve7.pt\\\/\"},{\"@type\":\"ListItem\",\"position\":2,\"name\":\"Moonspell, Rodrigo Le\u00e3o, S\u00e9rgio Godinho e muito abril em abril, no Cineteatro Louletano\"}]},{\"@type\":\"WebSite\",\"@id\":\"https:\\\/\\\/algarve7.pt\\\/#website\",\"url\":\"https:\\\/\\\/algarve7.pt\\\/\",\"name\":\"Algarve 7\",\"description\":\"Informa\u00e7\u00e3o sobre o Algarve\",\"publisher\":{\"@id\":\"https:\\\/\\\/algarve7.pt\\\/#organization\"},\"potentialAction\":[{\"@type\":\"SearchAction\",\"target\":{\"@type\":\"EntryPoint\",\"urlTemplate\":\"https:\\\/\\\/algarve7.pt\\\/?s={search_term_string}\"},\"query-input\":{\"@type\":\"PropertyValueSpecification\",\"valueRequired\":true,\"valueName\":\"search_term_string\"}}],\"inLanguage\":\"pt-PT\"},{\"@type\":\"Organization\",\"@id\":\"https:\\\/\\\/algarve7.pt\\\/#organization\",\"name\":\"Algarve 7\",\"url\":\"https:\\\/\\\/algarve7.pt\\\/\",\"logo\":{\"@type\":\"ImageObject\",\"inLanguage\":\"pt-PT\",\"@id\":\"https:\\\/\\\/algarve7.pt\\\/#\\\/schema\\\/logo\\\/image\\\/\",\"url\":\"https:\\\/\\\/algarve7.pt\\\/wp-content\\\/uploads\\\/2020\\\/10\\\/Logo-8.jpg\",\"contentUrl\":\"https:\\\/\\\/algarve7.pt\\\/wp-content\\\/uploads\\\/2020\\\/10\\\/Logo-8.jpg\",\"width\":1680,\"height\":1186,\"caption\":\"Algarve 7\"},\"image\":{\"@id\":\"https:\\\/\\\/algarve7.pt\\\/#\\\/schema\\\/logo\\\/image\\\/\"},\"sameAs\":[\"https:\\\/\\\/www.facebook.com\\\/algarve7\",\"https:\\\/\\\/x.com\\\/Algarvesete\",\"https:\\\/\\\/www.instagram.com\\\/jornalalgarve7\\\/\",\"https:\\\/\\\/www.linkedin.com\\\/company\\\/algarve7\",\"https:\\\/\\\/www.pinterest.pt\\\/geral0939\\\/_created\\\/\"]},{\"@type\":\"Person\",\"@id\":\"https:\\\/\\\/algarve7.pt\\\/#\\\/schema\\\/person\\\/23fa70681308e7b319a3204bcea45e0c\",\"name\":\"Algarve 7\",\"sameAs\":[\"https:\\\/\\\/algarve7.pt\",\"https:\\\/\\\/www.facebook.com\\\/algarve7\"],\"url\":\"https:\\\/\\\/algarve7.pt\\\/index.php\\\/author\\\/geralalgarve7-pt\\\/\"}]}<\/script>\n<!-- \/ Yoast SEO plugin. -->","yoast_head_json":{"title":"Moonspell, Rodrigo Le\u00e3o, S\u00e9rgio Godinho e muito abril em abril, no Cineteatro Louletano - Algarve 7","description":"Moonspell, Rodrigo Le\u00e3o, S\u00e9rgio Godinho e muito abril em abril, no Cineteatro Louletano Cultura","robots":{"index":"index","follow":"follow","max-snippet":"max-snippet:-1","max-image-preview":"max-image-preview:large","max-video-preview":"max-video-preview:-1"},"canonical":"https:\/\/algarve7.pt\/index.php\/2024\/04\/moonspell-rodrigo-leao-sergio-godinho-e-muito-abril-em-abril-no-cineteatro-louletano\/cultura\/09\/50\/","og_locale":"pt_PT","og_type":"article","og_title":"Moonspell, Rodrigo Le\u00e3o, S\u00e9rgio Godinho e muito abril em abril, no Cineteatro Louletano - Algarve 7","og_description":"Moonspell, Rodrigo Le\u00e3o, S\u00e9rgio Godinho e muito abril em abril, no Cineteatro Louletano Cultura","og_url":"https:\/\/algarve7.pt\/index.php\/2024\/04\/moonspell-rodrigo-leao-sergio-godinho-e-muito-abril-em-abril-no-cineteatro-louletano\/cultura\/09\/50\/","og_site_name":"Algarve 7","article_publisher":"https:\/\/www.facebook.com\/algarve7","article_author":"https:\/\/www.facebook.com\/algarve7","article_published_time":"2024-04-04T08:50:00+00:00","og_image":[{"width":700,"height":557,"url":"https:\/\/algarve7.pt\/wp-content\/uploads\/2024\/04\/Captura-de-ecra-2024-04-03-as-16.31.54.png","type":"image\/png"}],"author":"Algarve 7","twitter_card":"summary_large_image","twitter_creator":"@Algarvesete","twitter_site":"@Algarvesete","twitter_misc":{"Escrito por":"Algarve 7","Tempo estimado de leitura":"9 minutos"},"schema":{"@context":"https:\/\/schema.org","@graph":[{"@type":"Article","@id":"https:\/\/algarve7.pt\/index.php\/2024\/04\/moonspell-rodrigo-leao-sergio-godinho-e-muito-abril-em-abril-no-cineteatro-louletano\/cultura\/09\/50\/#article","isPartOf":{"@id":"https:\/\/algarve7.pt\/index.php\/2024\/04\/moonspell-rodrigo-leao-sergio-godinho-e-muito-abril-em-abril-no-cineteatro-louletano\/cultura\/09\/50\/"},"author":{"name":"Algarve 7","@id":"https:\/\/algarve7.pt\/#\/schema\/person\/23fa70681308e7b319a3204bcea45e0c"},"headline":"Moonspell, Rodrigo Le\u00e3o, S\u00e9rgio Godinho e muito abril em abril, no Cineteatro Louletano","datePublished":"2024-04-04T08:50:00+00:00","mainEntityOfPage":{"@id":"https:\/\/algarve7.pt\/index.php\/2024\/04\/moonspell-rodrigo-leao-sergio-godinho-e-muito-abril-em-abril-no-cineteatro-louletano\/cultura\/09\/50\/"},"wordCount":1583,"publisher":{"@id":"https:\/\/algarve7.pt\/#organization"},"image":{"@id":"https:\/\/algarve7.pt\/index.php\/2024\/04\/moonspell-rodrigo-leao-sergio-godinho-e-muito-abril-em-abril-no-cineteatro-louletano\/cultura\/09\/50\/#primaryimage"},"thumbnailUrl":"https:\/\/algarve7.pt\/wp-content\/uploads\/2024\/04\/Captura-de-ecra-2024-04-03-as-16.31.54.png","keywords":["Algarve","Cultura","Loul\u00e9"],"articleSection":["Cultura"],"inLanguage":"pt-PT"},{"@type":"WebPage","@id":"https:\/\/algarve7.pt\/index.php\/2024\/04\/moonspell-rodrigo-leao-sergio-godinho-e-muito-abril-em-abril-no-cineteatro-louletano\/cultura\/09\/50\/","url":"https:\/\/algarve7.pt\/index.php\/2024\/04\/moonspell-rodrigo-leao-sergio-godinho-e-muito-abril-em-abril-no-cineteatro-louletano\/cultura\/09\/50\/","name":"Moonspell, Rodrigo Le\u00e3o, S\u00e9rgio Godinho e muito abril em abril, no Cineteatro Louletano - Algarve 7","isPartOf":{"@id":"https:\/\/algarve7.pt\/#website"},"primaryImageOfPage":{"@id":"https:\/\/algarve7.pt\/index.php\/2024\/04\/moonspell-rodrigo-leao-sergio-godinho-e-muito-abril-em-abril-no-cineteatro-louletano\/cultura\/09\/50\/#primaryimage"},"image":{"@id":"https:\/\/algarve7.pt\/index.php\/2024\/04\/moonspell-rodrigo-leao-sergio-godinho-e-muito-abril-em-abril-no-cineteatro-louletano\/cultura\/09\/50\/#primaryimage"},"thumbnailUrl":"https:\/\/algarve7.pt\/wp-content\/uploads\/2024\/04\/Captura-de-ecra-2024-04-03-as-16.31.54.png","datePublished":"2024-04-04T08:50:00+00:00","description":"Moonspell, Rodrigo Le\u00e3o, S\u00e9rgio Godinho e muito abril em abril, no Cineteatro Louletano Cultura","breadcrumb":{"@id":"https:\/\/algarve7.pt\/index.php\/2024\/04\/moonspell-rodrigo-leao-sergio-godinho-e-muito-abril-em-abril-no-cineteatro-louletano\/cultura\/09\/50\/#breadcrumb"},"inLanguage":"pt-PT","potentialAction":[{"@type":"ReadAction","target":["https:\/\/algarve7.pt\/index.php\/2024\/04\/moonspell-rodrigo-leao-sergio-godinho-e-muito-abril-em-abril-no-cineteatro-louletano\/cultura\/09\/50\/"]}]},{"@type":"ImageObject","inLanguage":"pt-PT","@id":"https:\/\/algarve7.pt\/index.php\/2024\/04\/moonspell-rodrigo-leao-sergio-godinho-e-muito-abril-em-abril-no-cineteatro-louletano\/cultura\/09\/50\/#primaryimage","url":"https:\/\/algarve7.pt\/wp-content\/uploads\/2024\/04\/Captura-de-ecra-2024-04-03-as-16.31.54.png","contentUrl":"https:\/\/algarve7.pt\/wp-content\/uploads\/2024\/04\/Captura-de-ecra-2024-04-03-as-16.31.54.png","width":700,"height":557},{"@type":"BreadcrumbList","@id":"https:\/\/algarve7.pt\/index.php\/2024\/04\/moonspell-rodrigo-leao-sergio-godinho-e-muito-abril-em-abril-no-cineteatro-louletano\/cultura\/09\/50\/#breadcrumb","itemListElement":[{"@type":"ListItem","position":1,"name":"In\u00edcio","item":"https:\/\/algarve7.pt\/"},{"@type":"ListItem","position":2,"name":"Moonspell, Rodrigo Le\u00e3o, S\u00e9rgio Godinho e muito abril em abril, no Cineteatro Louletano"}]},{"@type":"WebSite","@id":"https:\/\/algarve7.pt\/#website","url":"https:\/\/algarve7.pt\/","name":"Algarve 7","description":"Informa\u00e7\u00e3o sobre o Algarve","publisher":{"@id":"https:\/\/algarve7.pt\/#organization"},"potentialAction":[{"@type":"SearchAction","target":{"@type":"EntryPoint","urlTemplate":"https:\/\/algarve7.pt\/?s={search_term_string}"},"query-input":{"@type":"PropertyValueSpecification","valueRequired":true,"valueName":"search_term_string"}}],"inLanguage":"pt-PT"},{"@type":"Organization","@id":"https:\/\/algarve7.pt\/#organization","name":"Algarve 7","url":"https:\/\/algarve7.pt\/","logo":{"@type":"ImageObject","inLanguage":"pt-PT","@id":"https:\/\/algarve7.pt\/#\/schema\/logo\/image\/","url":"https:\/\/algarve7.pt\/wp-content\/uploads\/2020\/10\/Logo-8.jpg","contentUrl":"https:\/\/algarve7.pt\/wp-content\/uploads\/2020\/10\/Logo-8.jpg","width":1680,"height":1186,"caption":"Algarve 7"},"image":{"@id":"https:\/\/algarve7.pt\/#\/schema\/logo\/image\/"},"sameAs":["https:\/\/www.facebook.com\/algarve7","https:\/\/x.com\/Algarvesete","https:\/\/www.instagram.com\/jornalalgarve7\/","https:\/\/www.linkedin.com\/company\/algarve7","https:\/\/www.pinterest.pt\/geral0939\/_created\/"]},{"@type":"Person","@id":"https:\/\/algarve7.pt\/#\/schema\/person\/23fa70681308e7b319a3204bcea45e0c","name":"Algarve 7","sameAs":["https:\/\/algarve7.pt","https:\/\/www.facebook.com\/algarve7"],"url":"https:\/\/algarve7.pt\/index.php\/author\/geralalgarve7-pt\/"}]}},"jetpack_publicize_connections":[],"jetpack_featured_media_url":"https:\/\/algarve7.pt\/wp-content\/uploads\/2024\/04\/Captura-de-ecra-2024-04-03-as-16.31.54.png","jetpack_shortlink":"https:\/\/wp.me\/pcezmW-9H9","jetpack_sharing_enabled":true,"_links":{"self":[{"href":"https:\/\/algarve7.pt\/index.php\/wp-json\/wp\/v2\/posts\/37271","targetHints":{"allow":["GET"]}}],"collection":[{"href":"https:\/\/algarve7.pt\/index.php\/wp-json\/wp\/v2\/posts"}],"about":[{"href":"https:\/\/algarve7.pt\/index.php\/wp-json\/wp\/v2\/types\/post"}],"author":[{"embeddable":true,"href":"https:\/\/algarve7.pt\/index.php\/wp-json\/wp\/v2\/users\/1"}],"replies":[{"embeddable":true,"href":"https:\/\/algarve7.pt\/index.php\/wp-json\/wp\/v2\/comments?post=37271"}],"version-history":[{"count":0,"href":"https:\/\/algarve7.pt\/index.php\/wp-json\/wp\/v2\/posts\/37271\/revisions"}],"wp:featuredmedia":[{"embeddable":true,"href":"https:\/\/algarve7.pt\/index.php\/wp-json\/wp\/v2\/media\/37272"}],"wp:attachment":[{"href":"https:\/\/algarve7.pt\/index.php\/wp-json\/wp\/v2\/media?parent=37271"}],"wp:term":[{"taxonomy":"category","embeddable":true,"href":"https:\/\/algarve7.pt\/index.php\/wp-json\/wp\/v2\/categories?post=37271"},{"taxonomy":"post_tag","embeddable":true,"href":"https:\/\/algarve7.pt\/index.php\/wp-json\/wp\/v2\/tags?post=37271"}],"curies":[{"name":"wp","href":"https:\/\/api.w.org\/{rel}","templated":true}]}}