{"id":37259,"date":"2024-04-04T09:10:00","date_gmt":"2024-04-04T08:10:00","guid":{"rendered":"https:\/\/algarve7.pt\/?p=37259"},"modified":"2024-04-03T14:00:05","modified_gmt":"2024-04-03T13:00:05","slug":"protecao-civil-de-loule-sensibiliza-a-comunidade-para-os-incendios-rurais","status":"publish","type":"post","link":"https:\/\/algarve7.pt\/index.php\/2024\/04\/protecao-civil-de-loule-sensibiliza-a-comunidade-para-os-incendios-rurais\/ambiente\/09\/10\/","title":{"rendered":"Prote\u00e7\u00e3o Civil de Loul\u00e9 sensibiliza a comunidade para os inc\u00eandios rurais"},"content":{"rendered":"\n<p>A C\u00e2mara Municipal de Loul\u00e9, atrav\u00e9s do seu Servi\u00e7o Municipal de Prote\u00e7\u00e3o Civil, implementou uma vez mais o seu plano de sensibiliza\u00e7\u00e3o e informa\u00e7\u00e3o p\u00fablica no \u00e2mbito da Defesa da Floresta Contra Inc\u00eandios Rurais, durante os meses de fevereiro e mar\u00e7o.&nbsp;<\/p>\n\n\n\n<p>Com o objetivo de promover um contacto de maior proximidade com a popula\u00e7\u00e3o, esta iniciativa contou com a colabora\u00e7\u00e3o dos Bombeiros Municipais de Loul\u00e9, da Guarda Nacional Republicana e das Juntas de Freguesia.<\/p>\n\n\n\n<p>A a\u00e7\u00e3o foi desenvolvida em todo o territ\u00f3rio das freguesias de Alte, Ameixial, Salir, Uni\u00e3o de Freguesias Queren\u00e7a, T\u00f4r e Benafim, com a presen\u00e7a tamb\u00e9m nos mercados que se realizaram nessas freguesias, levando \u00e0 popula\u00e7\u00e3o os temas relacionados com a Defesa da Floresta Contra Inc\u00eandios Rurais. Tratou-se de uma sensibiliza\u00e7\u00e3o da proximidade, com uma abordagem presencial de todas as for\u00e7as, porta a porta e nos estabelecimentos comerciais.<\/p>\n\n\n\n<p>Foram esclarecidas pelas autoridades v\u00e1rias d\u00favidas, mas tamb\u00e9m distribu\u00eddos folhetos que clarificam os procedimentos de&nbsp;autoprote\u00e7\u00e3o em caso de inc\u00eandio rural, como fazer uma queima e a sua necessidade de comunica\u00e7\u00e3o \u00e0 C\u00e2mara Municipal ou Junta de Freguesia. Os agentes de prote\u00e7\u00e3o civil que estiveram nos locais informaram ainda para a obrigatoriedade de proceder \u00e0 limpeza de terrenos, numa faixa de 50 metros em redor das habita\u00e7\u00f5es isoladas e 100 metros para os aglomerados populacionais.<\/p>\n\n\n\n<p>Considerando que a prote\u00e7\u00e3o civil come\u00e7a na preven\u00e7\u00e3o, esta \u00e9 uma miss\u00e3o que depende de todos, j\u00e1 que permite mitigar as situa\u00e7\u00f5es de perigo e evitar comportamentos de risco.<\/p>\n","protected":false},"excerpt":{"rendered":"<p>A C\u00e2mara Municipal de Loul\u00e9, atrav\u00e9s do seu Servi\u00e7o Municipal de Prote\u00e7\u00e3o Civil, implementou uma vez mais o seu plano<\/p>\n","protected":false},"author":1,"featured_media":37260,"comment_status":"closed","ping_status":"open","sticky":false,"template":"","format":"standard","meta":{"colormag_page_container_layout":"default_layout","colormag_page_sidebar_layout":"default_layout","_monsterinsights_skip_tracking":false,"_monsterinsights_sitenote_active":false,"_monsterinsights_sitenote_note":"","_monsterinsights_sitenote_category":0,"jetpack_post_was_ever_published":false,"_jetpack_newsletter_access":"","_jetpack_dont_email_post_to_subs":false,"_jetpack_newsletter_tier_id":0,"_jetpack_memberships_contains_paywalled_content":false,"_jetpack_memberships_contains_paid_content":false,"footnotes":"","jetpack_publicize_message":"","jetpack_publicize_feature_enabled":true,"jetpack_social_post_already_shared":false,"jetpack_social_options":{"image_generator_settings":{"template":"highway","default_image_id":0,"font":"","enabled":false},"version":2}},"categories":[5],"tags":[36,32,31],"class_list":["post-37259","post","type-post","status-publish","format-standard","has-post-thumbnail","hentry","category-ambiente","tag-algarve","tag-ambiente","tag-loule"],"yoast_head":"<!-- This site is optimized with the Yoast SEO plugin v27.5 - https:\/\/yoast.com\/product\/yoast-seo-wordpress\/ -->\n<title>Prote\u00e7\u00e3o Civil de Loul\u00e9 sensibiliza a comunidade para os inc\u00eandios rurais - Algarve 7<\/title>\n<meta name=\"description\" content=\"Prote\u00e7\u00e3o Civil de Loul\u00e9 sensibiliza a comunidade para os inc\u00eandios rurais Ambiente\" \/>\n<meta name=\"robots\" content=\"index, follow, max-snippet:-1, max-image-preview:large, max-video-preview:-1\" \/>\n<link rel=\"canonical\" href=\"https:\/\/algarve7.pt\/index.php\/2024\/04\/protecao-civil-de-loule-sensibiliza-a-comunidade-para-os-incendios-rurais\/ambiente\/09\/10\/\" \/>\n<meta property=\"og:locale\" content=\"pt_PT\" \/>\n<meta property=\"og:type\" content=\"article\" \/>\n<meta property=\"og:title\" content=\"Prote\u00e7\u00e3o Civil de Loul\u00e9 sensibiliza a comunidade para os inc\u00eandios rurais - Algarve 7\" \/>\n<meta property=\"og:description\" content=\"Prote\u00e7\u00e3o Civil de Loul\u00e9 sensibiliza a comunidade para os inc\u00eandios rurais Ambiente\" \/>\n<meta property=\"og:url\" content=\"https:\/\/algarve7.pt\/index.php\/2024\/04\/protecao-civil-de-loule-sensibiliza-a-comunidade-para-os-incendios-rurais\/ambiente\/09\/10\/\" \/>\n<meta property=\"og:site_name\" content=\"Algarve 7\" \/>\n<meta property=\"article:publisher\" content=\"https:\/\/www.facebook.com\/algarve7\" \/>\n<meta property=\"article:author\" content=\"https:\/\/www.facebook.com\/algarve7\" \/>\n<meta property=\"article:published_time\" content=\"2024-04-04T08:10:00+00:00\" \/>\n<meta property=\"og:image\" content=\"https:\/\/algarve7.pt\/wp-content\/uploads\/2024\/04\/Captura-de-ecra-2024-04-03-as-13.57.38.png\" \/>\n\t<meta property=\"og:image:width\" content=\"1000\" \/>\n\t<meta property=\"og:image:height\" content=\"570\" \/>\n\t<meta property=\"og:image:type\" content=\"image\/png\" \/>\n<meta name=\"author\" content=\"Algarve 7\" \/>\n<meta name=\"twitter:card\" content=\"summary_large_image\" \/>\n<meta name=\"twitter:creator\" content=\"@Algarvesete\" \/>\n<meta name=\"twitter:site\" content=\"@Algarvesete\" \/>\n<meta name=\"twitter:label1\" content=\"Escrito por\" \/>\n\t<meta name=\"twitter:data1\" content=\"Algarve 7\" \/>\n\t<meta name=\"twitter:label2\" content=\"Tempo estimado de leitura\" \/>\n\t<meta name=\"twitter:data2\" content=\"2 minutos\" \/>\n<script type=\"application\/ld+json\" class=\"yoast-schema-graph\">{\"@context\":\"https:\\\/\\\/schema.org\",\"@graph\":[{\"@type\":\"Article\",\"@id\":\"https:\\\/\\\/algarve7.pt\\\/index.php\\\/2024\\\/04\\\/protecao-civil-de-loule-sensibiliza-a-comunidade-para-os-incendios-rurais\\\/ambiente\\\/09\\\/10\\\/#article\",\"isPartOf\":{\"@id\":\"https:\\\/\\\/algarve7.pt\\\/index.php\\\/2024\\\/04\\\/protecao-civil-de-loule-sensibiliza-a-comunidade-para-os-incendios-rurais\\\/ambiente\\\/09\\\/10\\\/\"},\"author\":{\"name\":\"Algarve 7\",\"@id\":\"https:\\\/\\\/algarve7.pt\\\/#\\\/schema\\\/person\\\/23fa70681308e7b319a3204bcea45e0c\"},\"headline\":\"Prote\u00e7\u00e3o Civil de Loul\u00e9 sensibiliza a comunidade para os inc\u00eandios rurais\",\"datePublished\":\"2024-04-04T08:10:00+00:00\",\"mainEntityOfPage\":{\"@id\":\"https:\\\/\\\/algarve7.pt\\\/index.php\\\/2024\\\/04\\\/protecao-civil-de-loule-sensibiliza-a-comunidade-para-os-incendios-rurais\\\/ambiente\\\/09\\\/10\\\/\"},\"wordCount\":291,\"publisher\":{\"@id\":\"https:\\\/\\\/algarve7.pt\\\/#organization\"},\"image\":{\"@id\":\"https:\\\/\\\/algarve7.pt\\\/index.php\\\/2024\\\/04\\\/protecao-civil-de-loule-sensibiliza-a-comunidade-para-os-incendios-rurais\\\/ambiente\\\/09\\\/10\\\/#primaryimage\"},\"thumbnailUrl\":\"https:\\\/\\\/algarve7.pt\\\/wp-content\\\/uploads\\\/2024\\\/04\\\/Captura-de-ecra-2024-04-03-as-13.57.38.png\",\"keywords\":[\"Algarve\",\"Ambiente\",\"Loul\u00e9\"],\"articleSection\":[\"Ambiente\"],\"inLanguage\":\"pt-PT\"},{\"@type\":\"WebPage\",\"@id\":\"https:\\\/\\\/algarve7.pt\\\/index.php\\\/2024\\\/04\\\/protecao-civil-de-loule-sensibiliza-a-comunidade-para-os-incendios-rurais\\\/ambiente\\\/09\\\/10\\\/\",\"url\":\"https:\\\/\\\/algarve7.pt\\\/index.php\\\/2024\\\/04\\\/protecao-civil-de-loule-sensibiliza-a-comunidade-para-os-incendios-rurais\\\/ambiente\\\/09\\\/10\\\/\",\"name\":\"Prote\u00e7\u00e3o Civil de Loul\u00e9 sensibiliza a comunidade para os inc\u00eandios rurais - Algarve 7\",\"isPartOf\":{\"@id\":\"https:\\\/\\\/algarve7.pt\\\/#website\"},\"primaryImageOfPage\":{\"@id\":\"https:\\\/\\\/algarve7.pt\\\/index.php\\\/2024\\\/04\\\/protecao-civil-de-loule-sensibiliza-a-comunidade-para-os-incendios-rurais\\\/ambiente\\\/09\\\/10\\\/#primaryimage\"},\"image\":{\"@id\":\"https:\\\/\\\/algarve7.pt\\\/index.php\\\/2024\\\/04\\\/protecao-civil-de-loule-sensibiliza-a-comunidade-para-os-incendios-rurais\\\/ambiente\\\/09\\\/10\\\/#primaryimage\"},\"thumbnailUrl\":\"https:\\\/\\\/algarve7.pt\\\/wp-content\\\/uploads\\\/2024\\\/04\\\/Captura-de-ecra-2024-04-03-as-13.57.38.png\",\"datePublished\":\"2024-04-04T08:10:00+00:00\",\"description\":\"Prote\u00e7\u00e3o Civil de Loul\u00e9 sensibiliza a comunidade para os inc\u00eandios rurais Ambiente\",\"breadcrumb\":{\"@id\":\"https:\\\/\\\/algarve7.pt\\\/index.php\\\/2024\\\/04\\\/protecao-civil-de-loule-sensibiliza-a-comunidade-para-os-incendios-rurais\\\/ambiente\\\/09\\\/10\\\/#breadcrumb\"},\"inLanguage\":\"pt-PT\",\"potentialAction\":[{\"@type\":\"ReadAction\",\"target\":[\"https:\\\/\\\/algarve7.pt\\\/index.php\\\/2024\\\/04\\\/protecao-civil-de-loule-sensibiliza-a-comunidade-para-os-incendios-rurais\\\/ambiente\\\/09\\\/10\\\/\"]}]},{\"@type\":\"ImageObject\",\"inLanguage\":\"pt-PT\",\"@id\":\"https:\\\/\\\/algarve7.pt\\\/index.php\\\/2024\\\/04\\\/protecao-civil-de-loule-sensibiliza-a-comunidade-para-os-incendios-rurais\\\/ambiente\\\/09\\\/10\\\/#primaryimage\",\"url\":\"https:\\\/\\\/algarve7.pt\\\/wp-content\\\/uploads\\\/2024\\\/04\\\/Captura-de-ecra-2024-04-03-as-13.57.38.png\",\"contentUrl\":\"https:\\\/\\\/algarve7.pt\\\/wp-content\\\/uploads\\\/2024\\\/04\\\/Captura-de-ecra-2024-04-03-as-13.57.38.png\",\"width\":1000,\"height\":570},{\"@type\":\"BreadcrumbList\",\"@id\":\"https:\\\/\\\/algarve7.pt\\\/index.php\\\/2024\\\/04\\\/protecao-civil-de-loule-sensibiliza-a-comunidade-para-os-incendios-rurais\\\/ambiente\\\/09\\\/10\\\/#breadcrumb\",\"itemListElement\":[{\"@type\":\"ListItem\",\"position\":1,\"name\":\"In\u00edcio\",\"item\":\"https:\\\/\\\/algarve7.pt\\\/\"},{\"@type\":\"ListItem\",\"position\":2,\"name\":\"Prote\u00e7\u00e3o Civil de Loul\u00e9 sensibiliza a comunidade para os inc\u00eandios rurais\"}]},{\"@type\":\"WebSite\",\"@id\":\"https:\\\/\\\/algarve7.pt\\\/#website\",\"url\":\"https:\\\/\\\/algarve7.pt\\\/\",\"name\":\"Algarve 7\",\"description\":\"Informa\u00e7\u00e3o sobre o Algarve\",\"publisher\":{\"@id\":\"https:\\\/\\\/algarve7.pt\\\/#organization\"},\"potentialAction\":[{\"@type\":\"SearchAction\",\"target\":{\"@type\":\"EntryPoint\",\"urlTemplate\":\"https:\\\/\\\/algarve7.pt\\\/?s={search_term_string}\"},\"query-input\":{\"@type\":\"PropertyValueSpecification\",\"valueRequired\":true,\"valueName\":\"search_term_string\"}}],\"inLanguage\":\"pt-PT\"},{\"@type\":\"Organization\",\"@id\":\"https:\\\/\\\/algarve7.pt\\\/#organization\",\"name\":\"Algarve 7\",\"url\":\"https:\\\/\\\/algarve7.pt\\\/\",\"logo\":{\"@type\":\"ImageObject\",\"inLanguage\":\"pt-PT\",\"@id\":\"https:\\\/\\\/algarve7.pt\\\/#\\\/schema\\\/logo\\\/image\\\/\",\"url\":\"https:\\\/\\\/algarve7.pt\\\/wp-content\\\/uploads\\\/2020\\\/10\\\/Logo-8.jpg\",\"contentUrl\":\"https:\\\/\\\/algarve7.pt\\\/wp-content\\\/uploads\\\/2020\\\/10\\\/Logo-8.jpg\",\"width\":1680,\"height\":1186,\"caption\":\"Algarve 7\"},\"image\":{\"@id\":\"https:\\\/\\\/algarve7.pt\\\/#\\\/schema\\\/logo\\\/image\\\/\"},\"sameAs\":[\"https:\\\/\\\/www.facebook.com\\\/algarve7\",\"https:\\\/\\\/x.com\\\/Algarvesete\",\"https:\\\/\\\/www.instagram.com\\\/jornalalgarve7\\\/\",\"https:\\\/\\\/www.linkedin.com\\\/company\\\/algarve7\",\"https:\\\/\\\/www.pinterest.pt\\\/geral0939\\\/_created\\\/\"]},{\"@type\":\"Person\",\"@id\":\"https:\\\/\\\/algarve7.pt\\\/#\\\/schema\\\/person\\\/23fa70681308e7b319a3204bcea45e0c\",\"name\":\"Algarve 7\",\"sameAs\":[\"https:\\\/\\\/algarve7.pt\",\"https:\\\/\\\/www.facebook.com\\\/algarve7\"],\"url\":\"https:\\\/\\\/algarve7.pt\\\/index.php\\\/author\\\/geralalgarve7-pt\\\/\"}]}<\/script>\n<!-- \/ Yoast SEO plugin. -->","yoast_head_json":{"title":"Prote\u00e7\u00e3o Civil de Loul\u00e9 sensibiliza a comunidade para os inc\u00eandios rurais - Algarve 7","description":"Prote\u00e7\u00e3o Civil de Loul\u00e9 sensibiliza a comunidade para os inc\u00eandios rurais Ambiente","robots":{"index":"index","follow":"follow","max-snippet":"max-snippet:-1","max-image-preview":"max-image-preview:large","max-video-preview":"max-video-preview:-1"},"canonical":"https:\/\/algarve7.pt\/index.php\/2024\/04\/protecao-civil-de-loule-sensibiliza-a-comunidade-para-os-incendios-rurais\/ambiente\/09\/10\/","og_locale":"pt_PT","og_type":"article","og_title":"Prote\u00e7\u00e3o Civil de Loul\u00e9 sensibiliza a comunidade para os inc\u00eandios rurais - Algarve 7","og_description":"Prote\u00e7\u00e3o Civil de Loul\u00e9 sensibiliza a comunidade para os inc\u00eandios rurais Ambiente","og_url":"https:\/\/algarve7.pt\/index.php\/2024\/04\/protecao-civil-de-loule-sensibiliza-a-comunidade-para-os-incendios-rurais\/ambiente\/09\/10\/","og_site_name":"Algarve 7","article_publisher":"https:\/\/www.facebook.com\/algarve7","article_author":"https:\/\/www.facebook.com\/algarve7","article_published_time":"2024-04-04T08:10:00+00:00","og_image":[{"width":1000,"height":570,"url":"https:\/\/algarve7.pt\/wp-content\/uploads\/2024\/04\/Captura-de-ecra-2024-04-03-as-13.57.38.png","type":"image\/png"}],"author":"Algarve 7","twitter_card":"summary_large_image","twitter_creator":"@Algarvesete","twitter_site":"@Algarvesete","twitter_misc":{"Escrito por":"Algarve 7","Tempo estimado de leitura":"2 minutos"},"schema":{"@context":"https:\/\/schema.org","@graph":[{"@type":"Article","@id":"https:\/\/algarve7.pt\/index.php\/2024\/04\/protecao-civil-de-loule-sensibiliza-a-comunidade-para-os-incendios-rurais\/ambiente\/09\/10\/#article","isPartOf":{"@id":"https:\/\/algarve7.pt\/index.php\/2024\/04\/protecao-civil-de-loule-sensibiliza-a-comunidade-para-os-incendios-rurais\/ambiente\/09\/10\/"},"author":{"name":"Algarve 7","@id":"https:\/\/algarve7.pt\/#\/schema\/person\/23fa70681308e7b319a3204bcea45e0c"},"headline":"Prote\u00e7\u00e3o Civil de Loul\u00e9 sensibiliza a comunidade para os inc\u00eandios rurais","datePublished":"2024-04-04T08:10:00+00:00","mainEntityOfPage":{"@id":"https:\/\/algarve7.pt\/index.php\/2024\/04\/protecao-civil-de-loule-sensibiliza-a-comunidade-para-os-incendios-rurais\/ambiente\/09\/10\/"},"wordCount":291,"publisher":{"@id":"https:\/\/algarve7.pt\/#organization"},"image":{"@id":"https:\/\/algarve7.pt\/index.php\/2024\/04\/protecao-civil-de-loule-sensibiliza-a-comunidade-para-os-incendios-rurais\/ambiente\/09\/10\/#primaryimage"},"thumbnailUrl":"https:\/\/algarve7.pt\/wp-content\/uploads\/2024\/04\/Captura-de-ecra-2024-04-03-as-13.57.38.png","keywords":["Algarve","Ambiente","Loul\u00e9"],"articleSection":["Ambiente"],"inLanguage":"pt-PT"},{"@type":"WebPage","@id":"https:\/\/algarve7.pt\/index.php\/2024\/04\/protecao-civil-de-loule-sensibiliza-a-comunidade-para-os-incendios-rurais\/ambiente\/09\/10\/","url":"https:\/\/algarve7.pt\/index.php\/2024\/04\/protecao-civil-de-loule-sensibiliza-a-comunidade-para-os-incendios-rurais\/ambiente\/09\/10\/","name":"Prote\u00e7\u00e3o Civil de Loul\u00e9 sensibiliza a comunidade para os inc\u00eandios rurais - Algarve 7","isPartOf":{"@id":"https:\/\/algarve7.pt\/#website"},"primaryImageOfPage":{"@id":"https:\/\/algarve7.pt\/index.php\/2024\/04\/protecao-civil-de-loule-sensibiliza-a-comunidade-para-os-incendios-rurais\/ambiente\/09\/10\/#primaryimage"},"image":{"@id":"https:\/\/algarve7.pt\/index.php\/2024\/04\/protecao-civil-de-loule-sensibiliza-a-comunidade-para-os-incendios-rurais\/ambiente\/09\/10\/#primaryimage"},"thumbnailUrl":"https:\/\/algarve7.pt\/wp-content\/uploads\/2024\/04\/Captura-de-ecra-2024-04-03-as-13.57.38.png","datePublished":"2024-04-04T08:10:00+00:00","description":"Prote\u00e7\u00e3o Civil de Loul\u00e9 sensibiliza a comunidade para os inc\u00eandios rurais Ambiente","breadcrumb":{"@id":"https:\/\/algarve7.pt\/index.php\/2024\/04\/protecao-civil-de-loule-sensibiliza-a-comunidade-para-os-incendios-rurais\/ambiente\/09\/10\/#breadcrumb"},"inLanguage":"pt-PT","potentialAction":[{"@type":"ReadAction","target":["https:\/\/algarve7.pt\/index.php\/2024\/04\/protecao-civil-de-loule-sensibiliza-a-comunidade-para-os-incendios-rurais\/ambiente\/09\/10\/"]}]},{"@type":"ImageObject","inLanguage":"pt-PT","@id":"https:\/\/algarve7.pt\/index.php\/2024\/04\/protecao-civil-de-loule-sensibiliza-a-comunidade-para-os-incendios-rurais\/ambiente\/09\/10\/#primaryimage","url":"https:\/\/algarve7.pt\/wp-content\/uploads\/2024\/04\/Captura-de-ecra-2024-04-03-as-13.57.38.png","contentUrl":"https:\/\/algarve7.pt\/wp-content\/uploads\/2024\/04\/Captura-de-ecra-2024-04-03-as-13.57.38.png","width":1000,"height":570},{"@type":"BreadcrumbList","@id":"https:\/\/algarve7.pt\/index.php\/2024\/04\/protecao-civil-de-loule-sensibiliza-a-comunidade-para-os-incendios-rurais\/ambiente\/09\/10\/#breadcrumb","itemListElement":[{"@type":"ListItem","position":1,"name":"In\u00edcio","item":"https:\/\/algarve7.pt\/"},{"@type":"ListItem","position":2,"name":"Prote\u00e7\u00e3o Civil de Loul\u00e9 sensibiliza a comunidade para os inc\u00eandios rurais"}]},{"@type":"WebSite","@id":"https:\/\/algarve7.pt\/#website","url":"https:\/\/algarve7.pt\/","name":"Algarve 7","description":"Informa\u00e7\u00e3o sobre o Algarve","publisher":{"@id":"https:\/\/algarve7.pt\/#organization"},"potentialAction":[{"@type":"SearchAction","target":{"@type":"EntryPoint","urlTemplate":"https:\/\/algarve7.pt\/?s={search_term_string}"},"query-input":{"@type":"PropertyValueSpecification","valueRequired":true,"valueName":"search_term_string"}}],"inLanguage":"pt-PT"},{"@type":"Organization","@id":"https:\/\/algarve7.pt\/#organization","name":"Algarve 7","url":"https:\/\/algarve7.pt\/","logo":{"@type":"ImageObject","inLanguage":"pt-PT","@id":"https:\/\/algarve7.pt\/#\/schema\/logo\/image\/","url":"https:\/\/algarve7.pt\/wp-content\/uploads\/2020\/10\/Logo-8.jpg","contentUrl":"https:\/\/algarve7.pt\/wp-content\/uploads\/2020\/10\/Logo-8.jpg","width":1680,"height":1186,"caption":"Algarve 7"},"image":{"@id":"https:\/\/algarve7.pt\/#\/schema\/logo\/image\/"},"sameAs":["https:\/\/www.facebook.com\/algarve7","https:\/\/x.com\/Algarvesete","https:\/\/www.instagram.com\/jornalalgarve7\/","https:\/\/www.linkedin.com\/company\/algarve7","https:\/\/www.pinterest.pt\/geral0939\/_created\/"]},{"@type":"Person","@id":"https:\/\/algarve7.pt\/#\/schema\/person\/23fa70681308e7b319a3204bcea45e0c","name":"Algarve 7","sameAs":["https:\/\/algarve7.pt","https:\/\/www.facebook.com\/algarve7"],"url":"https:\/\/algarve7.pt\/index.php\/author\/geralalgarve7-pt\/"}]}},"jetpack_publicize_connections":[],"jetpack_featured_media_url":"https:\/\/algarve7.pt\/wp-content\/uploads\/2024\/04\/Captura-de-ecra-2024-04-03-as-13.57.38.png","jetpack_shortlink":"https:\/\/wp.me\/pcezmW-9GX","jetpack_sharing_enabled":true,"_links":{"self":[{"href":"https:\/\/algarve7.pt\/index.php\/wp-json\/wp\/v2\/posts\/37259","targetHints":{"allow":["GET"]}}],"collection":[{"href":"https:\/\/algarve7.pt\/index.php\/wp-json\/wp\/v2\/posts"}],"about":[{"href":"https:\/\/algarve7.pt\/index.php\/wp-json\/wp\/v2\/types\/post"}],"author":[{"embeddable":true,"href":"https:\/\/algarve7.pt\/index.php\/wp-json\/wp\/v2\/users\/1"}],"replies":[{"embeddable":true,"href":"https:\/\/algarve7.pt\/index.php\/wp-json\/wp\/v2\/comments?post=37259"}],"version-history":[{"count":0,"href":"https:\/\/algarve7.pt\/index.php\/wp-json\/wp\/v2\/posts\/37259\/revisions"}],"wp:featuredmedia":[{"embeddable":true,"href":"https:\/\/algarve7.pt\/index.php\/wp-json\/wp\/v2\/media\/37260"}],"wp:attachment":[{"href":"https:\/\/algarve7.pt\/index.php\/wp-json\/wp\/v2\/media?parent=37259"}],"wp:term":[{"taxonomy":"category","embeddable":true,"href":"https:\/\/algarve7.pt\/index.php\/wp-json\/wp\/v2\/categories?post=37259"},{"taxonomy":"post_tag","embeddable":true,"href":"https:\/\/algarve7.pt\/index.php\/wp-json\/wp\/v2\/tags?post=37259"}],"curies":[{"name":"wp","href":"https:\/\/api.w.org\/{rel}","templated":true}]}}