{"id":3701,"date":"2020-11-14T09:02:34","date_gmt":"2020-11-14T09:02:34","guid":{"rendered":"https:\/\/algarve7.pt\/?p=3701"},"modified":"2020-11-14T09:02:36","modified_gmt":"2020-11-14T09:02:36","slug":"comunicado-do-concelho-do-comercio-servicos-e-consumo-de-portugal","status":"publish","type":"post","link":"https:\/\/algarve7.pt\/index.php\/2020\/11\/comunicado-do-concelho-do-comercio-servicos-e-consumo-de-portugal\/economia\/09\/02\/","title":{"rendered":"Comunicado do concelho do com\u00e9rcio, servi\u00e7os e consumo de Portugal"},"content":{"rendered":"\n<p><strong>MEDIDAS DE EMERG\u00caNCIA PARA A RECUPERA\u00c7\u00c3O DO COM\u00c9RCIO, RESTAURA\u00c7\u00c3O E HOTELARIA<\/strong><\/p>\n\n\n\n<p>A pandemia provocada pelo COVID-19 alterou profundamente a nossa realidade, provocando a maior queda da atividade econ\u00f3mica de que temos mem\u00f3ria. As medidas adotadas pelo Governo n\u00e3o foram, at\u00e9 agora, suficientemente robustas para alavancar a economia e apoiar as empresas, que se encontram numa situa\u00e7\u00e3o de asfixia face a uma retoma da economia que, al\u00e9m de muito lenta e parcial, se desvaneceu nos \u00faltimos dois meses. A segunda vaga da pandemia e a consequente declara\u00e7\u00e3o do estado de emerg\u00eancia, veio agravar a situa\u00e7\u00e3o de uma forma dram\u00e1tica. Ao n\u00edvel dos setores do com\u00e9rcio e da restaura\u00e7\u00e3o, a situa\u00e7\u00e3o reveste-se de particular e extrema preocupa\u00e7\u00e3o, estando j\u00e1 muitas empresas a entrar em situa\u00e7\u00e3o de insolv\u00eancia. Corremos o risco de que o nosso tecido empresarial n\u00e3o resista e que se perca muito do emprego que ele assegura atualmente.<\/p>\n\n\n\n<p>Tamb\u00e9m a capta\u00e7\u00e3o de receita fiscal sofrer\u00e1 um rude agravamento com o encerramento e a redu\u00e7\u00e3o de atividade das empresas destes sectores, o que ter\u00e1 como consequ\u00eancia adicional um forte incremento das despesas sociais resultante da redu\u00e7\u00e3o expect\u00e1vel do respetivo n\u00edvel de emprego.<\/p>\n\n\n\n<p>Aquilo que come\u00e7ou como um problema de tesouraria das empresas, tornou-se num problema de endividamento devido a que muitas das medidas promulgadas pelo Governo foram orientadas para morat\u00f3rias de pagamento de impostos e contribui\u00e7\u00f5es sociais, cria\u00e7\u00e3o de linhas de cr\u00e9dito e outros mecanismos. No entanto, n\u00e3o houve medidas de apoio direto \u00e0 tesouraria das empresas.<\/p>\n\n\n\n<p>Face a este cen\u00e1rio, o Conselho do Com\u00e9rcio, Servi\u00e7os e Consumo da CIP prop\u00f5e um conjunto de\u00a0\u201c<em>Medidas de Emerg\u00eancia\u201d<\/em>, que considera fundamentais para a sobreviv\u00eancia e recupera\u00e7\u00e3o das empresas do setor da restaura\u00e7\u00e3o e do com\u00e9rcio, as quais passamos a elencar: <\/p>\n\n\n\n<p><strong>MEDIDA 1<br><\/strong>O alargamento do regime de&nbsp;<strong>IVA de Caixa&nbsp;<\/strong>seria uma medida com um elevado impacto em termos da tesouraria das empresas.<br>No plano do relacionamento comercial entre empresas, a incid\u00eancia do IVA sobre a fatura\u00e7\u00e3o \u00e9 um elemento extremanete gravoso. Especificamente para a industria dos Centros Comerciais, este \u00e9 um fator cr\u00edtico, j\u00e1 que as remunera\u00e7\u00f5es recebidas dos lojistas pela loca\u00e7\u00e3o dos espa\u00e7os que ocupam geram volumes significativos de imposto a liquidar, antes do recebimento. Comprendemos que no retalho e restaura\u00e7\u00e3o, seja uma quest\u00e3o pouco relevante, uma vez que os clientes pagam a pronto, mas nas restantes cadeias de valor do com\u00e9rcio, restaura\u00e7\u00e3o e hotelaria, com pagamentos diferidos no tempo, esta medida seria muito significativa para a sustentabilidade da tesouraria de muitas empresas do nosso tecido empresarial que n\u00e3o deveriam ter de financiar o Estado.<br>A medida do IVA de Caixa pode ser especialmente relevante para os fornecedores dos&nbsp;estabelecimentos de com\u00e9rcio e restaura\u00e7\u00e3o. Existe um \u2018rasto\u2019 de d\u00edvida associado \u00e0&nbsp;redu\u00e7\u00e3o de atividade e ao encerramento provis\u00f3rio ou definitivo desses estabelecimentos, implicando uma obriga\u00e7\u00e3o fiscal resultante da emiss\u00e3o das faturas, mas relativamente \u00e0s quais n\u00e3o se verificou (ou se verificou de forma muito dilatada no tempo) a correspondente liquida\u00e7\u00e3o.<\/p>\n\n\n\n<p><strong>MEDIDA 2<br><\/strong>Face ao reduzido volume de neg\u00f3cios das empresas, no momento atual, a\u00a0<strong>ado\u00e7\u00e3o da taxa reduzida de IVA\u00a0<\/strong>\u2013\u00a0no setor da restaura\u00e7\u00e3o\u00a0\u2013\u00a0dar\u00e1 um contributo significativo para a manuten\u00e7\u00e3o do tecido empresarial e do emprego, podendo potenciar o est\u00edmulo da procura. A revis\u00e3o das tabelas do IVA deveria, igualmente, corrigir situa\u00e7\u00f5es pouco claras e distor\u00e7\u00f5es que persistem em diversos casos. <\/p>\n\n\n\n<p><strong>MEDIDA 3<br><\/strong>Apela-se \u00e0 cria\u00e7\u00e3o de um regime excecional, para o exerc\u00edcio de 2020 e 2021, de&nbsp;<strong>n\u00e3o aplica\u00e7\u00e3o das tributa\u00e7\u00f5es aut\u00f3nomas&nbsp;<\/strong>para todo o tipo de empresas, considerando que s\u00e3o gastos relevantes e independentes dos resultados obtidos.<\/p>\n\n\n\n<p><strong>MEDIDA 4<br><\/strong>Ser\u00e1 relevante a aplica\u00e7\u00e3o de uma&nbsp;<strong>morat\u00f3ria fiscal<\/strong>, nomeadamente sobre o IVA, IRC, IRS, devidos at\u00e9 30 de setembro de 2021, respeitantes ao per\u00edodo de tributa\u00e7\u00e3o de 2020 e de 2021 ou, no m\u00ednimo, a possibilidade de pagamentos fracionados sem presta\u00e7\u00e3o de garantias. Ao n\u00edvel das autarquias, estas deveriam&nbsp;<strong>isentar o pagamento<\/strong>, no m\u00ednimo at\u00e9 30 de junho de 2021, de todas as&nbsp;<strong>taxas municipais&nbsp;<\/strong>que constam nas faturas da \u00e1gua, bem como de&nbsp;<strong>todas as restantes taxas municipais&nbsp;<\/strong>cobradas \u00e0s empresas, de forma proporcional ao per\u00edodo do seu funcionamento.<\/p>\n\n\n\n<p><strong>MEDIDA 5<br><\/strong>\u00c9 urgente o refor\u00e7o e alargamento (nomeadamente \u00e0s m\u00e9dias empresas) das&nbsp;<strong>linhas de financiamento a fundo perdido&nbsp;<\/strong>anunciadas para os setores mais afetados pela atual crise, por forma a que as empresas consigam fazer face \u00e0s despesas fixas inerentes \u00e0s suas responsabilidades contratuais.<\/p>\n\n\n\n<p><strong>MEDIDA 6<\/strong><\/p>\n\n\n\n<p>Toda a cadeia alimentar (produ\u00e7\u00e3o, ind\u00fastria e distribui\u00e7\u00e3o), bem como de produtos de higiene, deve figurar nos\u00a0<strong>setores considerados essenciais\u00a0<\/strong>na legisla\u00e7\u00e3o aplic\u00e1vel, de forma a que, em situa\u00e7\u00f5es de emerg\u00eancia nacional, n\u00e3o seja posto em causa o seu normal funcionamento. <\/p>\n\n\n\n<p><strong>MEDIDA 7<\/strong><\/p>\n\n\n\n<p>\u00c9 fundamental que as medidas restritivas de combate \u00e0 pandemia sejam concebidas de modo a&nbsp;<strong>evitar concentra\u00e7\u00f5es nos hor\u00e1rios de abertura autorizada<\/strong>. Deve, pelo contr\u00e1rio, num di\u00e1logo construtivo com as associa\u00e7\u00f5es dos setores, promover-se o funcionamento ajustado do com\u00e9rcio e restaura\u00e7\u00e3o, assim como&nbsp;<strong>campanhas de seguran\u00e7a\/confian\u00e7a&nbsp;<\/strong>dirigidas aos consumidores, por forma a consciencializ\u00e1-los de que estes espa\u00e7os s\u00e3o seguros e cumprem as regras da DGS. Com o objetivo de incentivar o consumo, em particular face \u00e0&nbsp;<strong>\u00e9poca Natal\u00edcia&nbsp;<\/strong>que se aproxima, seria vantajoso a realiza\u00e7\u00e3o de&nbsp;<strong>campanhas especiais de incentivo as compras e trocas&nbsp;<\/strong>no seguimento do protocolo j\u00e1 assinado entre Governo e diversas associa\u00e7\u00f5es.<\/p>\n\n\n\n<p><strong>MEDIDA 8<\/strong><\/p>\n\n\n\n<p>Relativamente ao r\u00e1cio de ocupa\u00e7\u00e3o dos espa\u00e7os acess\u00edveis ao p\u00fablico, Portugal \u00e9 o pa\u00eds que possui o&nbsp;<strong>r\u00e1cio de concentra\u00e7\u00e3o por metro quadrado&nbsp;<\/strong>mais baixo, mesmo comparando com pa\u00edses com um n\u00famero de casos de COVID-19 muito superiores ao nosso. Este&nbsp;<strong>r\u00e1cio de concentra\u00e7\u00e3o por metro quadrado urge ser aumentado<\/strong>, especialmente no interior das unidades de retalho, sob pena de gerar aglomera\u00e7\u00f5es e filas de espera no exterior dos estabelecimentos, quando todas as medidas de higiene e seguran\u00e7a est\u00e3o salvaguardadas no interior e existem evid\u00eancias do pleno cumprimento de todas as normas de seguran\u00e7a sanit\u00e1ria.<\/p>\n\n\n\n<p><strong>MEDIDA 9<\/strong><\/p>\n\n\n\n<p>Face \u00e0s fortes restri\u00e7\u00f5es de funcionamento que o setor da restaura\u00e7\u00e3o e alojamento est\u00e1 sujeito, as autarquias devem adotar, em termos de\u00a0<strong>hor\u00e1rios de funcionamento<\/strong>, uma\u00a0<strong>regulamenta\u00e7\u00e3o uniforme\u00a0<\/strong>de acordo com os estados da pandemia em que se encontram, evitando-se assim discrep\u00e2ncias entre concelhos. <\/p>\n\n\n\n<p><strong>MEDIDA 10<br>Eliminar a proibi\u00e7\u00e3o de venda e consumo de bebidas alco\u00f3licas a partir das 20 horas<\/strong>, aliviando assim os fortes preju\u00edzos sentidos pelos setores vin\u00edcola e cervejeiro e de bebidas espirituosas, evitando as concentra\u00e7\u00f5es que se t\u00eam verificado num curto per\u00edodo de tempo ao final do dia, seja no ato de compra ou no consumo em estabelecimento. Limita\u00e7\u00f5es como o recolher obrigat\u00f3rio at\u00e9 \u00e0s 23 horas s\u00e3o j\u00e1, por si, reguladoras de comportamentos a evitar.<\/p>\n\n\n\n<p>Por \u00faltimo, apela-se ainda ao legislador que estas medidas sejam simplificadas, de forma a evitar a poss\u00edvel prolifera\u00e7\u00e3o de processos excessivamente demorados e burocr\u00e1ticos que impe\u00e7am os comerciantes de aceder aos mecanismos disponibilizados.<\/p>\n","protected":false},"excerpt":{"rendered":"<p>MEDIDAS DE EMERG\u00caNCIA PARA A RECUPERA\u00c7\u00c3O DO COM\u00c9RCIO, RESTAURA\u00c7\u00c3O E HOTELARIA A pandemia provocada pelo COVID-19 alterou profundamente a nossa<\/p>\n","protected":false},"author":1,"featured_media":1928,"comment_status":"closed","ping_status":"open","sticky":false,"template":"","format":"standard","meta":{"colormag_page_container_layout":"default_layout","colormag_page_sidebar_layout":"default_layout","_monsterinsights_skip_tracking":false,"_monsterinsights_sitenote_active":false,"_monsterinsights_sitenote_note":"","_monsterinsights_sitenote_category":0,"jetpack_post_was_ever_published":false,"_jetpack_newsletter_access":"","_jetpack_dont_email_post_to_subs":false,"_jetpack_newsletter_tier_id":0,"_jetpack_memberships_contains_paywalled_content":false,"_jetpack_memberships_contains_paid_content":false,"footnotes":"","jetpack_publicize_message":"","jetpack_publicize_feature_enabled":true,"jetpack_social_post_already_shared":true,"jetpack_social_options":{"image_generator_settings":{"template":"highway","default_image_id":0,"font":"","enabled":false},"version":2}},"categories":[151,189],"tags":[153,98,46],"class_list":["post-3701","post","type-post","status-publish","format-standard","has-post-thumbnail","hentry","category-economia","category-nacional","tag-economia","tag-nacional","tag-portugal"],"yoast_head":"<!-- This site is optimized with the Yoast SEO plugin v27.5 - https:\/\/yoast.com\/product\/yoast-seo-wordpress\/ -->\n<title>Comunicado do concelho do com\u00e9rcio, servi\u00e7os e consumo de Portugal - Algarve 7<\/title>\n<meta name=\"description\" content=\"MEDIDAS DE EMERG\u00caNCIA PARA A RECUPERA\u00c7\u00c3O DO COM\u00c9RCIO, RESTAURA\u00c7\u00c3O E HOTELARIA\" \/>\n<meta name=\"robots\" content=\"index, follow, max-snippet:-1, max-image-preview:large, max-video-preview:-1\" \/>\n<link rel=\"canonical\" href=\"https:\/\/algarve7.pt\/index.php\/2020\/11\/comunicado-do-concelho-do-comercio-servicos-e-consumo-de-portugal\/economia\/09\/02\/\" \/>\n<meta property=\"og:locale\" content=\"pt_PT\" \/>\n<meta property=\"og:type\" content=\"article\" \/>\n<meta property=\"og:title\" content=\"Comunicado do concelho do com\u00e9rcio, servi\u00e7os e consumo de Portugal - Algarve 7\" \/>\n<meta property=\"og:description\" content=\"MEDIDAS DE EMERG\u00caNCIA PARA A RECUPERA\u00c7\u00c3O DO COM\u00c9RCIO, RESTAURA\u00c7\u00c3O E HOTELARIA\" \/>\n<meta property=\"og:url\" content=\"https:\/\/algarve7.pt\/index.php\/2020\/11\/comunicado-do-concelho-do-comercio-servicos-e-consumo-de-portugal\/economia\/09\/02\/\" \/>\n<meta property=\"og:site_name\" content=\"Algarve 7\" \/>\n<meta property=\"article:publisher\" content=\"https:\/\/www.facebook.com\/algarve7\" \/>\n<meta property=\"article:author\" content=\"https:\/\/www.facebook.com\/algarve7\" \/>\n<meta property=\"article:published_time\" content=\"2020-11-14T09:02:34+00:00\" \/>\n<meta property=\"article:modified_time\" content=\"2020-11-14T09:02:36+00:00\" \/>\n<meta property=\"og:image\" content=\"https:\/\/algarve7.pt\/wp-content\/uploads\/2020\/09\/615ae26f9932bbd73bc4b6fcf851d662_L.jpg\" \/>\n\t<meta property=\"og:image:width\" content=\"720\" \/>\n\t<meta property=\"og:image:height\" content=\"436\" \/>\n\t<meta property=\"og:image:type\" content=\"image\/jpeg\" \/>\n<meta name=\"author\" content=\"Algarve 7\" \/>\n<meta name=\"twitter:card\" content=\"summary_large_image\" \/>\n<meta name=\"twitter:creator\" content=\"@Algarvesete\" \/>\n<meta name=\"twitter:site\" content=\"@Algarvesete\" \/>\n<meta name=\"twitter:label1\" content=\"Escrito por\" \/>\n\t<meta name=\"twitter:data1\" content=\"Algarve 7\" \/>\n\t<meta name=\"twitter:label2\" content=\"Tempo estimado de leitura\" \/>\n\t<meta name=\"twitter:data2\" content=\"6 minutos\" \/>\n<script type=\"application\/ld+json\" class=\"yoast-schema-graph\">{\"@context\":\"https:\\\/\\\/schema.org\",\"@graph\":[{\"@type\":\"Article\",\"@id\":\"https:\\\/\\\/algarve7.pt\\\/index.php\\\/2020\\\/11\\\/comunicado-do-concelho-do-comercio-servicos-e-consumo-de-portugal\\\/economia\\\/09\\\/02\\\/#article\",\"isPartOf\":{\"@id\":\"https:\\\/\\\/algarve7.pt\\\/index.php\\\/2020\\\/11\\\/comunicado-do-concelho-do-comercio-servicos-e-consumo-de-portugal\\\/economia\\\/09\\\/02\\\/\"},\"author\":{\"name\":\"Algarve 7\",\"@id\":\"https:\\\/\\\/algarve7.pt\\\/#\\\/schema\\\/person\\\/23fa70681308e7b319a3204bcea45e0c\"},\"headline\":\"Comunicado do concelho do com\u00e9rcio, servi\u00e7os e consumo de Portugal\",\"datePublished\":\"2020-11-14T09:02:34+00:00\",\"dateModified\":\"2020-11-14T09:02:36+00:00\",\"mainEntityOfPage\":{\"@id\":\"https:\\\/\\\/algarve7.pt\\\/index.php\\\/2020\\\/11\\\/comunicado-do-concelho-do-comercio-servicos-e-consumo-de-portugal\\\/economia\\\/09\\\/02\\\/\"},\"wordCount\":1284,\"publisher\":{\"@id\":\"https:\\\/\\\/algarve7.pt\\\/#organization\"},\"image\":{\"@id\":\"https:\\\/\\\/algarve7.pt\\\/index.php\\\/2020\\\/11\\\/comunicado-do-concelho-do-comercio-servicos-e-consumo-de-portugal\\\/economia\\\/09\\\/02\\\/#primaryimage\"},\"thumbnailUrl\":\"https:\\\/\\\/algarve7.pt\\\/wp-content\\\/uploads\\\/2020\\\/09\\\/615ae26f9932bbd73bc4b6fcf851d662_L.jpg\",\"keywords\":[\"Economia\",\"Nacional\",\"Portugal\"],\"articleSection\":[\"Economia\",\"Nacional\"],\"inLanguage\":\"pt-PT\"},{\"@type\":\"WebPage\",\"@id\":\"https:\\\/\\\/algarve7.pt\\\/index.php\\\/2020\\\/11\\\/comunicado-do-concelho-do-comercio-servicos-e-consumo-de-portugal\\\/economia\\\/09\\\/02\\\/\",\"url\":\"https:\\\/\\\/algarve7.pt\\\/index.php\\\/2020\\\/11\\\/comunicado-do-concelho-do-comercio-servicos-e-consumo-de-portugal\\\/economia\\\/09\\\/02\\\/\",\"name\":\"Comunicado do concelho do com\u00e9rcio, servi\u00e7os e consumo de Portugal - Algarve 7\",\"isPartOf\":{\"@id\":\"https:\\\/\\\/algarve7.pt\\\/#website\"},\"primaryImageOfPage\":{\"@id\":\"https:\\\/\\\/algarve7.pt\\\/index.php\\\/2020\\\/11\\\/comunicado-do-concelho-do-comercio-servicos-e-consumo-de-portugal\\\/economia\\\/09\\\/02\\\/#primaryimage\"},\"image\":{\"@id\":\"https:\\\/\\\/algarve7.pt\\\/index.php\\\/2020\\\/11\\\/comunicado-do-concelho-do-comercio-servicos-e-consumo-de-portugal\\\/economia\\\/09\\\/02\\\/#primaryimage\"},\"thumbnailUrl\":\"https:\\\/\\\/algarve7.pt\\\/wp-content\\\/uploads\\\/2020\\\/09\\\/615ae26f9932bbd73bc4b6fcf851d662_L.jpg\",\"datePublished\":\"2020-11-14T09:02:34+00:00\",\"dateModified\":\"2020-11-14T09:02:36+00:00\",\"description\":\"MEDIDAS DE EMERG\u00caNCIA PARA A RECUPERA\u00c7\u00c3O DO COM\u00c9RCIO, RESTAURA\u00c7\u00c3O E HOTELARIA\",\"breadcrumb\":{\"@id\":\"https:\\\/\\\/algarve7.pt\\\/index.php\\\/2020\\\/11\\\/comunicado-do-concelho-do-comercio-servicos-e-consumo-de-portugal\\\/economia\\\/09\\\/02\\\/#breadcrumb\"},\"inLanguage\":\"pt-PT\",\"potentialAction\":[{\"@type\":\"ReadAction\",\"target\":[\"https:\\\/\\\/algarve7.pt\\\/index.php\\\/2020\\\/11\\\/comunicado-do-concelho-do-comercio-servicos-e-consumo-de-portugal\\\/economia\\\/09\\\/02\\\/\"]}]},{\"@type\":\"ImageObject\",\"inLanguage\":\"pt-PT\",\"@id\":\"https:\\\/\\\/algarve7.pt\\\/index.php\\\/2020\\\/11\\\/comunicado-do-concelho-do-comercio-servicos-e-consumo-de-portugal\\\/economia\\\/09\\\/02\\\/#primaryimage\",\"url\":\"https:\\\/\\\/algarve7.pt\\\/wp-content\\\/uploads\\\/2020\\\/09\\\/615ae26f9932bbd73bc4b6fcf851d662_L.jpg\",\"contentUrl\":\"https:\\\/\\\/algarve7.pt\\\/wp-content\\\/uploads\\\/2020\\\/09\\\/615ae26f9932bbd73bc4b6fcf851d662_L.jpg\",\"width\":720,\"height\":436},{\"@type\":\"BreadcrumbList\",\"@id\":\"https:\\\/\\\/algarve7.pt\\\/index.php\\\/2020\\\/11\\\/comunicado-do-concelho-do-comercio-servicos-e-consumo-de-portugal\\\/economia\\\/09\\\/02\\\/#breadcrumb\",\"itemListElement\":[{\"@type\":\"ListItem\",\"position\":1,\"name\":\"In\u00edcio\",\"item\":\"https:\\\/\\\/algarve7.pt\\\/\"},{\"@type\":\"ListItem\",\"position\":2,\"name\":\"Comunicado do concelho do com\u00e9rcio, servi\u00e7os e consumo de Portugal\"}]},{\"@type\":\"WebSite\",\"@id\":\"https:\\\/\\\/algarve7.pt\\\/#website\",\"url\":\"https:\\\/\\\/algarve7.pt\\\/\",\"name\":\"Algarve 7\",\"description\":\"Informa\u00e7\u00e3o sobre o Algarve\",\"publisher\":{\"@id\":\"https:\\\/\\\/algarve7.pt\\\/#organization\"},\"potentialAction\":[{\"@type\":\"SearchAction\",\"target\":{\"@type\":\"EntryPoint\",\"urlTemplate\":\"https:\\\/\\\/algarve7.pt\\\/?s={search_term_string}\"},\"query-input\":{\"@type\":\"PropertyValueSpecification\",\"valueRequired\":true,\"valueName\":\"search_term_string\"}}],\"inLanguage\":\"pt-PT\"},{\"@type\":\"Organization\",\"@id\":\"https:\\\/\\\/algarve7.pt\\\/#organization\",\"name\":\"Algarve 7\",\"url\":\"https:\\\/\\\/algarve7.pt\\\/\",\"logo\":{\"@type\":\"ImageObject\",\"inLanguage\":\"pt-PT\",\"@id\":\"https:\\\/\\\/algarve7.pt\\\/#\\\/schema\\\/logo\\\/image\\\/\",\"url\":\"https:\\\/\\\/algarve7.pt\\\/wp-content\\\/uploads\\\/2020\\\/10\\\/Logo-8.jpg\",\"contentUrl\":\"https:\\\/\\\/algarve7.pt\\\/wp-content\\\/uploads\\\/2020\\\/10\\\/Logo-8.jpg\",\"width\":1680,\"height\":1186,\"caption\":\"Algarve 7\"},\"image\":{\"@id\":\"https:\\\/\\\/algarve7.pt\\\/#\\\/schema\\\/logo\\\/image\\\/\"},\"sameAs\":[\"https:\\\/\\\/www.facebook.com\\\/algarve7\",\"https:\\\/\\\/x.com\\\/Algarvesete\",\"https:\\\/\\\/www.instagram.com\\\/jornalalgarve7\\\/\",\"https:\\\/\\\/www.linkedin.com\\\/company\\\/algarve7\",\"https:\\\/\\\/www.pinterest.pt\\\/geral0939\\\/_created\\\/\"]},{\"@type\":\"Person\",\"@id\":\"https:\\\/\\\/algarve7.pt\\\/#\\\/schema\\\/person\\\/23fa70681308e7b319a3204bcea45e0c\",\"name\":\"Algarve 7\",\"sameAs\":[\"https:\\\/\\\/algarve7.pt\",\"https:\\\/\\\/www.facebook.com\\\/algarve7\"],\"url\":\"https:\\\/\\\/algarve7.pt\\\/index.php\\\/author\\\/geralalgarve7-pt\\\/\"}]}<\/script>\n<!-- \/ Yoast SEO plugin. -->","yoast_head_json":{"title":"Comunicado do concelho do com\u00e9rcio, servi\u00e7os e consumo de Portugal - Algarve 7","description":"MEDIDAS DE EMERG\u00caNCIA PARA A RECUPERA\u00c7\u00c3O DO COM\u00c9RCIO, RESTAURA\u00c7\u00c3O E HOTELARIA","robots":{"index":"index","follow":"follow","max-snippet":"max-snippet:-1","max-image-preview":"max-image-preview:large","max-video-preview":"max-video-preview:-1"},"canonical":"https:\/\/algarve7.pt\/index.php\/2020\/11\/comunicado-do-concelho-do-comercio-servicos-e-consumo-de-portugal\/economia\/09\/02\/","og_locale":"pt_PT","og_type":"article","og_title":"Comunicado do concelho do com\u00e9rcio, servi\u00e7os e consumo de Portugal - Algarve 7","og_description":"MEDIDAS DE EMERG\u00caNCIA PARA A RECUPERA\u00c7\u00c3O DO COM\u00c9RCIO, RESTAURA\u00c7\u00c3O E HOTELARIA","og_url":"https:\/\/algarve7.pt\/index.php\/2020\/11\/comunicado-do-concelho-do-comercio-servicos-e-consumo-de-portugal\/economia\/09\/02\/","og_site_name":"Algarve 7","article_publisher":"https:\/\/www.facebook.com\/algarve7","article_author":"https:\/\/www.facebook.com\/algarve7","article_published_time":"2020-11-14T09:02:34+00:00","article_modified_time":"2020-11-14T09:02:36+00:00","og_image":[{"width":720,"height":436,"url":"https:\/\/algarve7.pt\/wp-content\/uploads\/2020\/09\/615ae26f9932bbd73bc4b6fcf851d662_L.jpg","type":"image\/jpeg"}],"author":"Algarve 7","twitter_card":"summary_large_image","twitter_creator":"@Algarvesete","twitter_site":"@Algarvesete","twitter_misc":{"Escrito por":"Algarve 7","Tempo estimado de leitura":"6 minutos"},"schema":{"@context":"https:\/\/schema.org","@graph":[{"@type":"Article","@id":"https:\/\/algarve7.pt\/index.php\/2020\/11\/comunicado-do-concelho-do-comercio-servicos-e-consumo-de-portugal\/economia\/09\/02\/#article","isPartOf":{"@id":"https:\/\/algarve7.pt\/index.php\/2020\/11\/comunicado-do-concelho-do-comercio-servicos-e-consumo-de-portugal\/economia\/09\/02\/"},"author":{"name":"Algarve 7","@id":"https:\/\/algarve7.pt\/#\/schema\/person\/23fa70681308e7b319a3204bcea45e0c"},"headline":"Comunicado do concelho do com\u00e9rcio, servi\u00e7os e consumo de Portugal","datePublished":"2020-11-14T09:02:34+00:00","dateModified":"2020-11-14T09:02:36+00:00","mainEntityOfPage":{"@id":"https:\/\/algarve7.pt\/index.php\/2020\/11\/comunicado-do-concelho-do-comercio-servicos-e-consumo-de-portugal\/economia\/09\/02\/"},"wordCount":1284,"publisher":{"@id":"https:\/\/algarve7.pt\/#organization"},"image":{"@id":"https:\/\/algarve7.pt\/index.php\/2020\/11\/comunicado-do-concelho-do-comercio-servicos-e-consumo-de-portugal\/economia\/09\/02\/#primaryimage"},"thumbnailUrl":"https:\/\/algarve7.pt\/wp-content\/uploads\/2020\/09\/615ae26f9932bbd73bc4b6fcf851d662_L.jpg","keywords":["Economia","Nacional","Portugal"],"articleSection":["Economia","Nacional"],"inLanguage":"pt-PT"},{"@type":"WebPage","@id":"https:\/\/algarve7.pt\/index.php\/2020\/11\/comunicado-do-concelho-do-comercio-servicos-e-consumo-de-portugal\/economia\/09\/02\/","url":"https:\/\/algarve7.pt\/index.php\/2020\/11\/comunicado-do-concelho-do-comercio-servicos-e-consumo-de-portugal\/economia\/09\/02\/","name":"Comunicado do concelho do com\u00e9rcio, servi\u00e7os e consumo de Portugal - Algarve 7","isPartOf":{"@id":"https:\/\/algarve7.pt\/#website"},"primaryImageOfPage":{"@id":"https:\/\/algarve7.pt\/index.php\/2020\/11\/comunicado-do-concelho-do-comercio-servicos-e-consumo-de-portugal\/economia\/09\/02\/#primaryimage"},"image":{"@id":"https:\/\/algarve7.pt\/index.php\/2020\/11\/comunicado-do-concelho-do-comercio-servicos-e-consumo-de-portugal\/economia\/09\/02\/#primaryimage"},"thumbnailUrl":"https:\/\/algarve7.pt\/wp-content\/uploads\/2020\/09\/615ae26f9932bbd73bc4b6fcf851d662_L.jpg","datePublished":"2020-11-14T09:02:34+00:00","dateModified":"2020-11-14T09:02:36+00:00","description":"MEDIDAS DE EMERG\u00caNCIA PARA A RECUPERA\u00c7\u00c3O DO COM\u00c9RCIO, RESTAURA\u00c7\u00c3O E HOTELARIA","breadcrumb":{"@id":"https:\/\/algarve7.pt\/index.php\/2020\/11\/comunicado-do-concelho-do-comercio-servicos-e-consumo-de-portugal\/economia\/09\/02\/#breadcrumb"},"inLanguage":"pt-PT","potentialAction":[{"@type":"ReadAction","target":["https:\/\/algarve7.pt\/index.php\/2020\/11\/comunicado-do-concelho-do-comercio-servicos-e-consumo-de-portugal\/economia\/09\/02\/"]}]},{"@type":"ImageObject","inLanguage":"pt-PT","@id":"https:\/\/algarve7.pt\/index.php\/2020\/11\/comunicado-do-concelho-do-comercio-servicos-e-consumo-de-portugal\/economia\/09\/02\/#primaryimage","url":"https:\/\/algarve7.pt\/wp-content\/uploads\/2020\/09\/615ae26f9932bbd73bc4b6fcf851d662_L.jpg","contentUrl":"https:\/\/algarve7.pt\/wp-content\/uploads\/2020\/09\/615ae26f9932bbd73bc4b6fcf851d662_L.jpg","width":720,"height":436},{"@type":"BreadcrumbList","@id":"https:\/\/algarve7.pt\/index.php\/2020\/11\/comunicado-do-concelho-do-comercio-servicos-e-consumo-de-portugal\/economia\/09\/02\/#breadcrumb","itemListElement":[{"@type":"ListItem","position":1,"name":"In\u00edcio","item":"https:\/\/algarve7.pt\/"},{"@type":"ListItem","position":2,"name":"Comunicado do concelho do com\u00e9rcio, servi\u00e7os e consumo de Portugal"}]},{"@type":"WebSite","@id":"https:\/\/algarve7.pt\/#website","url":"https:\/\/algarve7.pt\/","name":"Algarve 7","description":"Informa\u00e7\u00e3o sobre o Algarve","publisher":{"@id":"https:\/\/algarve7.pt\/#organization"},"potentialAction":[{"@type":"SearchAction","target":{"@type":"EntryPoint","urlTemplate":"https:\/\/algarve7.pt\/?s={search_term_string}"},"query-input":{"@type":"PropertyValueSpecification","valueRequired":true,"valueName":"search_term_string"}}],"inLanguage":"pt-PT"},{"@type":"Organization","@id":"https:\/\/algarve7.pt\/#organization","name":"Algarve 7","url":"https:\/\/algarve7.pt\/","logo":{"@type":"ImageObject","inLanguage":"pt-PT","@id":"https:\/\/algarve7.pt\/#\/schema\/logo\/image\/","url":"https:\/\/algarve7.pt\/wp-content\/uploads\/2020\/10\/Logo-8.jpg","contentUrl":"https:\/\/algarve7.pt\/wp-content\/uploads\/2020\/10\/Logo-8.jpg","width":1680,"height":1186,"caption":"Algarve 7"},"image":{"@id":"https:\/\/algarve7.pt\/#\/schema\/logo\/image\/"},"sameAs":["https:\/\/www.facebook.com\/algarve7","https:\/\/x.com\/Algarvesete","https:\/\/www.instagram.com\/jornalalgarve7\/","https:\/\/www.linkedin.com\/company\/algarve7","https:\/\/www.pinterest.pt\/geral0939\/_created\/"]},{"@type":"Person","@id":"https:\/\/algarve7.pt\/#\/schema\/person\/23fa70681308e7b319a3204bcea45e0c","name":"Algarve 7","sameAs":["https:\/\/algarve7.pt","https:\/\/www.facebook.com\/algarve7"],"url":"https:\/\/algarve7.pt\/index.php\/author\/geralalgarve7-pt\/"}]}},"jetpack_publicize_connections":[],"jetpack_featured_media_url":"https:\/\/algarve7.pt\/wp-content\/uploads\/2020\/09\/615ae26f9932bbd73bc4b6fcf851d662_L.jpg","jetpack_shortlink":"https:\/\/wp.me\/pcezmW-XH","jetpack_sharing_enabled":true,"_links":{"self":[{"href":"https:\/\/algarve7.pt\/index.php\/wp-json\/wp\/v2\/posts\/3701","targetHints":{"allow":["GET"]}}],"collection":[{"href":"https:\/\/algarve7.pt\/index.php\/wp-json\/wp\/v2\/posts"}],"about":[{"href":"https:\/\/algarve7.pt\/index.php\/wp-json\/wp\/v2\/types\/post"}],"author":[{"embeddable":true,"href":"https:\/\/algarve7.pt\/index.php\/wp-json\/wp\/v2\/users\/1"}],"replies":[{"embeddable":true,"href":"https:\/\/algarve7.pt\/index.php\/wp-json\/wp\/v2\/comments?post=3701"}],"version-history":[{"count":0,"href":"https:\/\/algarve7.pt\/index.php\/wp-json\/wp\/v2\/posts\/3701\/revisions"}],"wp:featuredmedia":[{"embeddable":true,"href":"https:\/\/algarve7.pt\/index.php\/wp-json\/wp\/v2\/media\/1928"}],"wp:attachment":[{"href":"https:\/\/algarve7.pt\/index.php\/wp-json\/wp\/v2\/media?parent=3701"}],"wp:term":[{"taxonomy":"category","embeddable":true,"href":"https:\/\/algarve7.pt\/index.php\/wp-json\/wp\/v2\/categories?post=3701"},{"taxonomy":"post_tag","embeddable":true,"href":"https:\/\/algarve7.pt\/index.php\/wp-json\/wp\/v2\/tags?post=3701"}],"curies":[{"name":"wp","href":"https:\/\/api.w.org\/{rel}","templated":true}]}}