{"id":3698,"date":"2020-11-14T09:15:52","date_gmt":"2020-11-14T09:15:52","guid":{"rendered":"https:\/\/algarve7.pt\/?p=3698"},"modified":"2020-11-14T08:55:38","modified_gmt":"2020-11-14T08:55:38","slug":"municipio-de-faro-renovou-protocolo-com-o-npisa","status":"publish","type":"post","link":"https:\/\/algarve7.pt\/index.php\/2020\/11\/municipio-de-faro-renovou-protocolo-com-o-npisa\/economia\/09\/15\/","title":{"rendered":"Munic\u00edpio de Faro renovou protocolo com o NPISA"},"content":{"rendered":"\n<p>Principais encaminhamentos e respostas no \u00e2mbito do NPISA de Faro s\u00e3o para apoio alimentar, apoio em vestu\u00e1rio, higiene ou alojamento. Neste momento, N\u00facleo coordenado pelo Munic\u00edpio \u2013 em parceria com mais 16 parceiros \u2013 tem em acompanhamento 62 processos sociais<\/p>\n\n\n\n<p>O Munic\u00edpio de Faro renovou na passada quinta feira os termos do protocolo de parceria do N\u00facleo de Planeamento e Interven\u00e7\u00e3o dos Sem-Abrigo (NPISA) de Faro com outros 16 parceiros do concelho.<\/p>\n\n\n\n<p>O protocolo do NPISA de Faro \u2013 que foi constitu\u00eddo em 2010 e \u00e9 coordenado pelo Departamento de Desenvolvimento Social e Educa\u00e7\u00e3o do Munic\u00edpio \u2013 foi atualizado na sequ\u00eancia de uma revis\u00e3o da Estrat\u00e9gia Nacional para a Integra\u00e7\u00e3o das Pessoas em Situa\u00e7\u00e3o de Sem-Abrigo 2017-2023 (ENIPSSA 2017-2023), que pretende consolidar uma abordagem de preven\u00e7\u00e3o e interven\u00e7\u00e3o, centrada nas pessoas de sem-abrigo, por forma a que ningu\u00e9m tenha de permanecer na rua por aus\u00eancia de alternativas.<\/p>\n\n\n\n<p>Os principais encaminhamentos e respostas no \u00e2mbito deste projeto s\u00e3o para apoio alimentar (cantina social, refeit\u00f3rio social, distribui\u00e7\u00e3o de g\u00e9neros alimentares e comida confecionada, distribui\u00e7\u00e3o mensal de cabazes, distribui\u00e7\u00e3o de alimenta\u00e7\u00e3o atrav\u00e9s de equipas de rua); apoio em vestu\u00e1rio (banco de roupa, loja social, espa\u00e7o solid\u00e1rio e banco de roupa); diversos (balne\u00e1rio, lavandaria e banco de donativos) e apoio em alojamento (centro de alojamento tempor\u00e1rio, com capacidade para nove camas, e linha de emerg\u00eancia nacional).<\/p>\n\n\n\n<p>Neste momento, encontram-se registados no sistema de informa\u00e7\u00e3o do NPISA de Faro 104 processos, sendo que 74 correspondem ao per\u00edodo de janeiro a abril e 30, de maio a setembro, estando a ser alvo de acompanhamento 62 processos sociais.<\/p>\n\n\n\n<p>No \u00e2mbito da cerim\u00f3nia de assinatura deste protocolo, Rog\u00e9rio Bacalhau, presidente da C\u00e2mara Municipal de Faro, enalteceu ainda o papel das v\u00e1rias institui\u00e7\u00f5es que fazem parte do NPISA e que permitem dar uma resposta, em parceria, a um problema crescente no concelho e em todo o Pa\u00eds.<\/p>\n\n\n\n<p>O autarca saudou ainda o Movimento de Apoio \u00e0 Problem\u00e1tica da Sida (MAPS), uma das entidades parceiras, pelo projeto para constitui\u00e7\u00e3o de um centro de alojamento de emerg\u00eancia com capacidade at\u00e9 49 pessoas em situa\u00e7\u00e3o de precariedade.&nbsp;<\/p>\n\n\n\n<p>Este projeto do MAPS, que conta com apoio da C\u00e2mara Municipal de Faro, poder\u00e1 vir a dar resposta a um dos maiores constrangimentos para interven\u00e7\u00e3o neste \u00e2mbito, podendo acolher fam\u00edlias em situa\u00e7\u00e3o de precariedade, pessoas em situa\u00e7\u00e3o de sem-abrigo, desemprego, alvo de despejos ou com perdas de rendimento.&nbsp;<\/p>\n","protected":false},"excerpt":{"rendered":"<p>Principais encaminhamentos e respostas no \u00e2mbito do NPISA de Faro s\u00e3o para apoio alimentar, apoio em vestu\u00e1rio, higiene ou alojamento.<\/p>\n","protected":false},"author":1,"featured_media":3699,"comment_status":"closed","ping_status":"open","sticky":false,"template":"","format":"standard","meta":{"colormag_page_container_layout":"default_layout","colormag_page_sidebar_layout":"default_layout","_monsterinsights_skip_tracking":false,"_monsterinsights_sitenote_active":false,"_monsterinsights_sitenote_note":"","_monsterinsights_sitenote_category":0,"jetpack_post_was_ever_published":false,"_jetpack_newsletter_access":"","_jetpack_dont_email_post_to_subs":false,"_jetpack_newsletter_tier_id":0,"_jetpack_memberships_contains_paywalled_content":false,"_jetpack_memberships_contains_paid_content":false,"footnotes":"","jetpack_publicize_message":"","jetpack_publicize_feature_enabled":true,"jetpack_social_post_already_shared":true,"jetpack_social_options":{"image_generator_settings":{"template":"highway","default_image_id":0,"font":"","enabled":false},"version":2}},"categories":[151],"tags":[36,153,57],"class_list":["post-3698","post","type-post","status-publish","format-standard","has-post-thumbnail","hentry","category-economia","tag-algarve","tag-economia","tag-faro"],"yoast_head":"<!-- This site is optimized with the Yoast SEO plugin v27.5 - https:\/\/yoast.com\/product\/yoast-seo-wordpress\/ -->\n<title>Munic\u00edpio de Faro renovou protocolo com o NPISA - Algarve 7<\/title>\n<meta name=\"description\" content=\"Munic\u00edpio de Faro renovou protocolo com o NPISA\" \/>\n<meta name=\"robots\" content=\"index, follow, max-snippet:-1, max-image-preview:large, max-video-preview:-1\" \/>\n<link rel=\"canonical\" href=\"https:\/\/algarve7.pt\/index.php\/2020\/11\/municipio-de-faro-renovou-protocolo-com-o-npisa\/economia\/09\/15\/\" \/>\n<meta property=\"og:locale\" content=\"pt_PT\" \/>\n<meta property=\"og:type\" content=\"article\" \/>\n<meta property=\"og:title\" content=\"Munic\u00edpio de Faro renovou protocolo com o NPISA - Algarve 7\" \/>\n<meta property=\"og:description\" content=\"Munic\u00edpio de Faro renovou protocolo com o NPISA\" \/>\n<meta property=\"og:url\" content=\"https:\/\/algarve7.pt\/index.php\/2020\/11\/municipio-de-faro-renovou-protocolo-com-o-npisa\/economia\/09\/15\/\" \/>\n<meta property=\"og:site_name\" content=\"Algarve 7\" \/>\n<meta property=\"article:publisher\" content=\"https:\/\/www.facebook.com\/algarve7\" \/>\n<meta property=\"article:author\" content=\"https:\/\/www.facebook.com\/algarve7\" \/>\n<meta property=\"article:published_time\" content=\"2020-11-14T09:15:52+00:00\" \/>\n<meta property=\"og:image\" content=\"https:\/\/algarve7.pt\/wp-content\/uploads\/2020\/11\/20201112_151857.jpg\" \/>\n\t<meta property=\"og:image:width\" content=\"1920\" \/>\n\t<meta property=\"og:image:height\" content=\"1440\" \/>\n\t<meta property=\"og:image:type\" content=\"image\/jpeg\" \/>\n<meta name=\"author\" content=\"Algarve 7\" \/>\n<meta name=\"twitter:card\" content=\"summary_large_image\" \/>\n<meta name=\"twitter:creator\" content=\"@Algarvesete\" \/>\n<meta name=\"twitter:site\" content=\"@Algarvesete\" \/>\n<meta name=\"twitter:label1\" content=\"Escrito por\" \/>\n\t<meta name=\"twitter:data1\" content=\"Algarve 7\" \/>\n\t<meta name=\"twitter:label2\" content=\"Tempo estimado de leitura\" \/>\n\t<meta name=\"twitter:data2\" content=\"2 minutos\" \/>\n<script type=\"application\/ld+json\" class=\"yoast-schema-graph\">{\"@context\":\"https:\\\/\\\/schema.org\",\"@graph\":[{\"@type\":\"Article\",\"@id\":\"https:\\\/\\\/algarve7.pt\\\/index.php\\\/2020\\\/11\\\/municipio-de-faro-renovou-protocolo-com-o-npisa\\\/economia\\\/09\\\/15\\\/#article\",\"isPartOf\":{\"@id\":\"https:\\\/\\\/algarve7.pt\\\/index.php\\\/2020\\\/11\\\/municipio-de-faro-renovou-protocolo-com-o-npisa\\\/economia\\\/09\\\/15\\\/\"},\"author\":{\"name\":\"Algarve 7\",\"@id\":\"https:\\\/\\\/algarve7.pt\\\/#\\\/schema\\\/person\\\/23fa70681308e7b319a3204bcea45e0c\"},\"headline\":\"Munic\u00edpio de Faro renovou protocolo com o NPISA\",\"datePublished\":\"2020-11-14T09:15:52+00:00\",\"mainEntityOfPage\":{\"@id\":\"https:\\\/\\\/algarve7.pt\\\/index.php\\\/2020\\\/11\\\/municipio-de-faro-renovou-protocolo-com-o-npisa\\\/economia\\\/09\\\/15\\\/\"},\"wordCount\":439,\"publisher\":{\"@id\":\"https:\\\/\\\/algarve7.pt\\\/#organization\"},\"image\":{\"@id\":\"https:\\\/\\\/algarve7.pt\\\/index.php\\\/2020\\\/11\\\/municipio-de-faro-renovou-protocolo-com-o-npisa\\\/economia\\\/09\\\/15\\\/#primaryimage\"},\"thumbnailUrl\":\"https:\\\/\\\/algarve7.pt\\\/wp-content\\\/uploads\\\/2020\\\/11\\\/20201112_151857.jpg\",\"keywords\":[\"Algarve\",\"Economia\",\"Faro\"],\"articleSection\":[\"Economia\"],\"inLanguage\":\"pt-PT\"},{\"@type\":\"WebPage\",\"@id\":\"https:\\\/\\\/algarve7.pt\\\/index.php\\\/2020\\\/11\\\/municipio-de-faro-renovou-protocolo-com-o-npisa\\\/economia\\\/09\\\/15\\\/\",\"url\":\"https:\\\/\\\/algarve7.pt\\\/index.php\\\/2020\\\/11\\\/municipio-de-faro-renovou-protocolo-com-o-npisa\\\/economia\\\/09\\\/15\\\/\",\"name\":\"Munic\u00edpio de Faro renovou protocolo com o NPISA - Algarve 7\",\"isPartOf\":{\"@id\":\"https:\\\/\\\/algarve7.pt\\\/#website\"},\"primaryImageOfPage\":{\"@id\":\"https:\\\/\\\/algarve7.pt\\\/index.php\\\/2020\\\/11\\\/municipio-de-faro-renovou-protocolo-com-o-npisa\\\/economia\\\/09\\\/15\\\/#primaryimage\"},\"image\":{\"@id\":\"https:\\\/\\\/algarve7.pt\\\/index.php\\\/2020\\\/11\\\/municipio-de-faro-renovou-protocolo-com-o-npisa\\\/economia\\\/09\\\/15\\\/#primaryimage\"},\"thumbnailUrl\":\"https:\\\/\\\/algarve7.pt\\\/wp-content\\\/uploads\\\/2020\\\/11\\\/20201112_151857.jpg\",\"datePublished\":\"2020-11-14T09:15:52+00:00\",\"description\":\"Munic\u00edpio de Faro renovou protocolo com o NPISA\",\"breadcrumb\":{\"@id\":\"https:\\\/\\\/algarve7.pt\\\/index.php\\\/2020\\\/11\\\/municipio-de-faro-renovou-protocolo-com-o-npisa\\\/economia\\\/09\\\/15\\\/#breadcrumb\"},\"inLanguage\":\"pt-PT\",\"potentialAction\":[{\"@type\":\"ReadAction\",\"target\":[\"https:\\\/\\\/algarve7.pt\\\/index.php\\\/2020\\\/11\\\/municipio-de-faro-renovou-protocolo-com-o-npisa\\\/economia\\\/09\\\/15\\\/\"]}]},{\"@type\":\"ImageObject\",\"inLanguage\":\"pt-PT\",\"@id\":\"https:\\\/\\\/algarve7.pt\\\/index.php\\\/2020\\\/11\\\/municipio-de-faro-renovou-protocolo-com-o-npisa\\\/economia\\\/09\\\/15\\\/#primaryimage\",\"url\":\"https:\\\/\\\/algarve7.pt\\\/wp-content\\\/uploads\\\/2020\\\/11\\\/20201112_151857.jpg\",\"contentUrl\":\"https:\\\/\\\/algarve7.pt\\\/wp-content\\\/uploads\\\/2020\\\/11\\\/20201112_151857.jpg\",\"width\":1920,\"height\":1440},{\"@type\":\"BreadcrumbList\",\"@id\":\"https:\\\/\\\/algarve7.pt\\\/index.php\\\/2020\\\/11\\\/municipio-de-faro-renovou-protocolo-com-o-npisa\\\/economia\\\/09\\\/15\\\/#breadcrumb\",\"itemListElement\":[{\"@type\":\"ListItem\",\"position\":1,\"name\":\"In\u00edcio\",\"item\":\"https:\\\/\\\/algarve7.pt\\\/\"},{\"@type\":\"ListItem\",\"position\":2,\"name\":\"Munic\u00edpio de Faro renovou protocolo com o NPISA\"}]},{\"@type\":\"WebSite\",\"@id\":\"https:\\\/\\\/algarve7.pt\\\/#website\",\"url\":\"https:\\\/\\\/algarve7.pt\\\/\",\"name\":\"Algarve 7\",\"description\":\"Informa\u00e7\u00e3o sobre o Algarve\",\"publisher\":{\"@id\":\"https:\\\/\\\/algarve7.pt\\\/#organization\"},\"potentialAction\":[{\"@type\":\"SearchAction\",\"target\":{\"@type\":\"EntryPoint\",\"urlTemplate\":\"https:\\\/\\\/algarve7.pt\\\/?s={search_term_string}\"},\"query-input\":{\"@type\":\"PropertyValueSpecification\",\"valueRequired\":true,\"valueName\":\"search_term_string\"}}],\"inLanguage\":\"pt-PT\"},{\"@type\":\"Organization\",\"@id\":\"https:\\\/\\\/algarve7.pt\\\/#organization\",\"name\":\"Algarve 7\",\"url\":\"https:\\\/\\\/algarve7.pt\\\/\",\"logo\":{\"@type\":\"ImageObject\",\"inLanguage\":\"pt-PT\",\"@id\":\"https:\\\/\\\/algarve7.pt\\\/#\\\/schema\\\/logo\\\/image\\\/\",\"url\":\"https:\\\/\\\/algarve7.pt\\\/wp-content\\\/uploads\\\/2020\\\/10\\\/Logo-8.jpg\",\"contentUrl\":\"https:\\\/\\\/algarve7.pt\\\/wp-content\\\/uploads\\\/2020\\\/10\\\/Logo-8.jpg\",\"width\":1680,\"height\":1186,\"caption\":\"Algarve 7\"},\"image\":{\"@id\":\"https:\\\/\\\/algarve7.pt\\\/#\\\/schema\\\/logo\\\/image\\\/\"},\"sameAs\":[\"https:\\\/\\\/www.facebook.com\\\/algarve7\",\"https:\\\/\\\/x.com\\\/Algarvesete\",\"https:\\\/\\\/www.instagram.com\\\/jornalalgarve7\\\/\",\"https:\\\/\\\/www.linkedin.com\\\/company\\\/algarve7\",\"https:\\\/\\\/www.pinterest.pt\\\/geral0939\\\/_created\\\/\"]},{\"@type\":\"Person\",\"@id\":\"https:\\\/\\\/algarve7.pt\\\/#\\\/schema\\\/person\\\/23fa70681308e7b319a3204bcea45e0c\",\"name\":\"Algarve 7\",\"sameAs\":[\"https:\\\/\\\/algarve7.pt\",\"https:\\\/\\\/www.facebook.com\\\/algarve7\"],\"url\":\"https:\\\/\\\/algarve7.pt\\\/index.php\\\/author\\\/geralalgarve7-pt\\\/\"}]}<\/script>\n<!-- \/ Yoast SEO plugin. -->","yoast_head_json":{"title":"Munic\u00edpio de Faro renovou protocolo com o NPISA - Algarve 7","description":"Munic\u00edpio de Faro renovou protocolo com o NPISA","robots":{"index":"index","follow":"follow","max-snippet":"max-snippet:-1","max-image-preview":"max-image-preview:large","max-video-preview":"max-video-preview:-1"},"canonical":"https:\/\/algarve7.pt\/index.php\/2020\/11\/municipio-de-faro-renovou-protocolo-com-o-npisa\/economia\/09\/15\/","og_locale":"pt_PT","og_type":"article","og_title":"Munic\u00edpio de Faro renovou protocolo com o NPISA - Algarve 7","og_description":"Munic\u00edpio de Faro renovou protocolo com o NPISA","og_url":"https:\/\/algarve7.pt\/index.php\/2020\/11\/municipio-de-faro-renovou-protocolo-com-o-npisa\/economia\/09\/15\/","og_site_name":"Algarve 7","article_publisher":"https:\/\/www.facebook.com\/algarve7","article_author":"https:\/\/www.facebook.com\/algarve7","article_published_time":"2020-11-14T09:15:52+00:00","og_image":[{"width":1920,"height":1440,"url":"https:\/\/algarve7.pt\/wp-content\/uploads\/2020\/11\/20201112_151857.jpg","type":"image\/jpeg"}],"author":"Algarve 7","twitter_card":"summary_large_image","twitter_creator":"@Algarvesete","twitter_site":"@Algarvesete","twitter_misc":{"Escrito por":"Algarve 7","Tempo estimado de leitura":"2 minutos"},"schema":{"@context":"https:\/\/schema.org","@graph":[{"@type":"Article","@id":"https:\/\/algarve7.pt\/index.php\/2020\/11\/municipio-de-faro-renovou-protocolo-com-o-npisa\/economia\/09\/15\/#article","isPartOf":{"@id":"https:\/\/algarve7.pt\/index.php\/2020\/11\/municipio-de-faro-renovou-protocolo-com-o-npisa\/economia\/09\/15\/"},"author":{"name":"Algarve 7","@id":"https:\/\/algarve7.pt\/#\/schema\/person\/23fa70681308e7b319a3204bcea45e0c"},"headline":"Munic\u00edpio de Faro renovou protocolo com o NPISA","datePublished":"2020-11-14T09:15:52+00:00","mainEntityOfPage":{"@id":"https:\/\/algarve7.pt\/index.php\/2020\/11\/municipio-de-faro-renovou-protocolo-com-o-npisa\/economia\/09\/15\/"},"wordCount":439,"publisher":{"@id":"https:\/\/algarve7.pt\/#organization"},"image":{"@id":"https:\/\/algarve7.pt\/index.php\/2020\/11\/municipio-de-faro-renovou-protocolo-com-o-npisa\/economia\/09\/15\/#primaryimage"},"thumbnailUrl":"https:\/\/algarve7.pt\/wp-content\/uploads\/2020\/11\/20201112_151857.jpg","keywords":["Algarve","Economia","Faro"],"articleSection":["Economia"],"inLanguage":"pt-PT"},{"@type":"WebPage","@id":"https:\/\/algarve7.pt\/index.php\/2020\/11\/municipio-de-faro-renovou-protocolo-com-o-npisa\/economia\/09\/15\/","url":"https:\/\/algarve7.pt\/index.php\/2020\/11\/municipio-de-faro-renovou-protocolo-com-o-npisa\/economia\/09\/15\/","name":"Munic\u00edpio de Faro renovou protocolo com o NPISA - Algarve 7","isPartOf":{"@id":"https:\/\/algarve7.pt\/#website"},"primaryImageOfPage":{"@id":"https:\/\/algarve7.pt\/index.php\/2020\/11\/municipio-de-faro-renovou-protocolo-com-o-npisa\/economia\/09\/15\/#primaryimage"},"image":{"@id":"https:\/\/algarve7.pt\/index.php\/2020\/11\/municipio-de-faro-renovou-protocolo-com-o-npisa\/economia\/09\/15\/#primaryimage"},"thumbnailUrl":"https:\/\/algarve7.pt\/wp-content\/uploads\/2020\/11\/20201112_151857.jpg","datePublished":"2020-11-14T09:15:52+00:00","description":"Munic\u00edpio de Faro renovou protocolo com o NPISA","breadcrumb":{"@id":"https:\/\/algarve7.pt\/index.php\/2020\/11\/municipio-de-faro-renovou-protocolo-com-o-npisa\/economia\/09\/15\/#breadcrumb"},"inLanguage":"pt-PT","potentialAction":[{"@type":"ReadAction","target":["https:\/\/algarve7.pt\/index.php\/2020\/11\/municipio-de-faro-renovou-protocolo-com-o-npisa\/economia\/09\/15\/"]}]},{"@type":"ImageObject","inLanguage":"pt-PT","@id":"https:\/\/algarve7.pt\/index.php\/2020\/11\/municipio-de-faro-renovou-protocolo-com-o-npisa\/economia\/09\/15\/#primaryimage","url":"https:\/\/algarve7.pt\/wp-content\/uploads\/2020\/11\/20201112_151857.jpg","contentUrl":"https:\/\/algarve7.pt\/wp-content\/uploads\/2020\/11\/20201112_151857.jpg","width":1920,"height":1440},{"@type":"BreadcrumbList","@id":"https:\/\/algarve7.pt\/index.php\/2020\/11\/municipio-de-faro-renovou-protocolo-com-o-npisa\/economia\/09\/15\/#breadcrumb","itemListElement":[{"@type":"ListItem","position":1,"name":"In\u00edcio","item":"https:\/\/algarve7.pt\/"},{"@type":"ListItem","position":2,"name":"Munic\u00edpio de Faro renovou protocolo com o NPISA"}]},{"@type":"WebSite","@id":"https:\/\/algarve7.pt\/#website","url":"https:\/\/algarve7.pt\/","name":"Algarve 7","description":"Informa\u00e7\u00e3o sobre o Algarve","publisher":{"@id":"https:\/\/algarve7.pt\/#organization"},"potentialAction":[{"@type":"SearchAction","target":{"@type":"EntryPoint","urlTemplate":"https:\/\/algarve7.pt\/?s={search_term_string}"},"query-input":{"@type":"PropertyValueSpecification","valueRequired":true,"valueName":"search_term_string"}}],"inLanguage":"pt-PT"},{"@type":"Organization","@id":"https:\/\/algarve7.pt\/#organization","name":"Algarve 7","url":"https:\/\/algarve7.pt\/","logo":{"@type":"ImageObject","inLanguage":"pt-PT","@id":"https:\/\/algarve7.pt\/#\/schema\/logo\/image\/","url":"https:\/\/algarve7.pt\/wp-content\/uploads\/2020\/10\/Logo-8.jpg","contentUrl":"https:\/\/algarve7.pt\/wp-content\/uploads\/2020\/10\/Logo-8.jpg","width":1680,"height":1186,"caption":"Algarve 7"},"image":{"@id":"https:\/\/algarve7.pt\/#\/schema\/logo\/image\/"},"sameAs":["https:\/\/www.facebook.com\/algarve7","https:\/\/x.com\/Algarvesete","https:\/\/www.instagram.com\/jornalalgarve7\/","https:\/\/www.linkedin.com\/company\/algarve7","https:\/\/www.pinterest.pt\/geral0939\/_created\/"]},{"@type":"Person","@id":"https:\/\/algarve7.pt\/#\/schema\/person\/23fa70681308e7b319a3204bcea45e0c","name":"Algarve 7","sameAs":["https:\/\/algarve7.pt","https:\/\/www.facebook.com\/algarve7"],"url":"https:\/\/algarve7.pt\/index.php\/author\/geralalgarve7-pt\/"}]}},"jetpack_publicize_connections":[],"jetpack_featured_media_url":"https:\/\/algarve7.pt\/wp-content\/uploads\/2020\/11\/20201112_151857.jpg","jetpack_shortlink":"https:\/\/wp.me\/pcezmW-XE","jetpack_sharing_enabled":true,"_links":{"self":[{"href":"https:\/\/algarve7.pt\/index.php\/wp-json\/wp\/v2\/posts\/3698","targetHints":{"allow":["GET"]}}],"collection":[{"href":"https:\/\/algarve7.pt\/index.php\/wp-json\/wp\/v2\/posts"}],"about":[{"href":"https:\/\/algarve7.pt\/index.php\/wp-json\/wp\/v2\/types\/post"}],"author":[{"embeddable":true,"href":"https:\/\/algarve7.pt\/index.php\/wp-json\/wp\/v2\/users\/1"}],"replies":[{"embeddable":true,"href":"https:\/\/algarve7.pt\/index.php\/wp-json\/wp\/v2\/comments?post=3698"}],"version-history":[{"count":0,"href":"https:\/\/algarve7.pt\/index.php\/wp-json\/wp\/v2\/posts\/3698\/revisions"}],"wp:featuredmedia":[{"embeddable":true,"href":"https:\/\/algarve7.pt\/index.php\/wp-json\/wp\/v2\/media\/3699"}],"wp:attachment":[{"href":"https:\/\/algarve7.pt\/index.php\/wp-json\/wp\/v2\/media?parent=3698"}],"wp:term":[{"taxonomy":"category","embeddable":true,"href":"https:\/\/algarve7.pt\/index.php\/wp-json\/wp\/v2\/categories?post=3698"},{"taxonomy":"post_tag","embeddable":true,"href":"https:\/\/algarve7.pt\/index.php\/wp-json\/wp\/v2\/tags?post=3698"}],"curies":[{"name":"wp","href":"https:\/\/api.w.org\/{rel}","templated":true}]}}