{"id":3695,"date":"2020-11-14T08:48:23","date_gmt":"2020-11-14T08:48:23","guid":{"rendered":"https:\/\/algarve7.pt\/?p=3695"},"modified":"2020-11-14T08:48:24","modified_gmt":"2020-11-14T08:48:24","slug":"autarquia-de-loule-abre-candidaturas-para-programa-de-apoio-ao-desenvolvimento-desportivo","status":"publish","type":"post","link":"https:\/\/algarve7.pt\/index.php\/2020\/11\/autarquia-de-loule-abre-candidaturas-para-programa-de-apoio-ao-desenvolvimento-desportivo\/desporto\/08\/48\/","title":{"rendered":"Autarquia de Loul\u00e9 abre candidaturas para programa de apoio ao desenvolvimento desportivo"},"content":{"rendered":"\n<p>A C\u00e2mara Municipal de Loul\u00e9, atrav\u00e9s da Divis\u00e3o de Associativismo e Eventos Desportivos, j\u00e1 deu in\u00edcio ao processo de candidatura das coletividades do concelho para a celebra\u00e7\u00e3o de Contratos-Programa de Desenvolvimento Desportivo para o ano civil de 2021.<\/p>\n\n\n\n<p>Este Programa constitui uma das principais iniciativas de apoio do Munic\u00edpio ao associativismo desportivo do concelho, que se reveste de especial import\u00e2ncia num per\u00edodo em que a pandemia est\u00e1 tamb\u00e9m a afetar as atividades desportivas e o trabalho realizado pelas coletividades.<\/p>\n\n\n\n<p>Os processos de candidatura dever\u00e3o dar entrada nos servi\u00e7os da C\u00e2mara, at\u00e9 ao dia 8 de janeiro de 2021, podendo ser remetidos para o correio electr\u00f3nico\u00a0<a href=\"mailto:cmloule@cm-loule.pt\">cmloule@cm-l<\/a><a href=\"mailto:cmloule@cm-loule.pt\" target=\"_blank\" rel=\"noreferrer noopener\">o<\/a><a href=\"mailto:cmloule@cm-loule.pt\">ule.pt<\/a>\u00a0\u00a0 ou entregues pessoalmente, nos dias \u00fateis, das 9h00 \u00e0s 17h00, no Servi\u00e7o de Expediente da C\u00e2mara Municipal de Loul\u00e9, Travessa de S. Pedro.<\/p>\n\n\n\n<p>\u00c0 semelhan\u00e7a do que aconteceu em anos anteriores, para al\u00e9m de elementos espec\u00edficos constantes nas ficha para o efeito (dispon\u00edvel em\u00a0<a href=\"http:\/\/www.cm-loule.pt\/\" target=\"_blank\" rel=\"noreferrer noopener\">www.cm-loule.pt<\/a>), as candidaturas a este apoio municipal dever\u00e3o ser acompanhadas de:\u00a0<\/p>\n\n\n\n<p>&#8211; Ficha de caracteriza\u00e7\u00e3o da institui\u00e7\u00e3o;&nbsp;<\/p>\n\n\n\n<p>&#8211; Relat\u00f3rio de contas, parecer do conselho fiscal e ata da assembleia-geral onde conste a aprova\u00e7\u00e3o do relat\u00f3rio de contas do ano;&nbsp;<\/p>\n\n\n\n<p>&#8211; Or\u00e7amento, plano de atividades e ata da assembleia-geral onde conste a aprova\u00e7\u00e3o dos mesmos;&nbsp;<\/p>\n\n\n\n<p>&#8211; Estatutos atualizados (salvo se j\u00e1 existirem em arquivo nestes servi\u00e7os);&nbsp;<\/p>\n\n\n\n<p>&#8211; Lista dos \u00f3rg\u00e3os sociais em exerc\u00edcio;&nbsp;<\/p>\n\n\n\n<p>&#8211; Comprovativo de todos os atletas inscritos nas federa\u00e7\u00f5es ou associa\u00e7\u00f5es a que pertencem;&nbsp;<\/p>\n\n\n\n<p>&#8211; Certificado das habilita\u00e7\u00f5es e comprovativos de todos os treinadores e elementos do gabinete m\u00e9dico nas federa\u00e7\u00f5es ou associa\u00e7\u00f5es a que pertencem;&nbsp;<\/p>\n\n\n\n<p>&#8211; Declara\u00e7\u00e3o da dire\u00e7\u00e3o garantindo, sob compromisso de honra, que a coletividade tem regularizada a situa\u00e7\u00e3o fiscal com o Minist\u00e9rio das Finan\u00e7as e situa\u00e7\u00e3o contributiva com a Seguran\u00e7a Social;&nbsp;<\/p>\n\n\n\n<p>&#8211; Declara\u00e7\u00e3o da dire\u00e7\u00e3o garantindo, sob compromisso de honra, que os atletas e treinadores indicados no ponto 10 da ficha de caracteriza\u00e7\u00e3o para a candidatura ao Programa de Desenvolvimento Desportivo t\u00eam resid\u00eancia no concelho de Loul\u00e9;<\/p>\n\n\n\n<p>&#8211; Comprovativos das viaturas registadas em nome da entidade;&nbsp;<\/p>\n\n\n\n<p>&#8211; Declara\u00e7\u00e3o, sob compromisso de honra, que o apoio solicitado se destina, exclusivamente, aos projetos ou atividades objeto do pedido de apoio;&nbsp;<\/p>\n\n\n\n<p>&#8211; Comprovativo do Registro da entidade na Base Nacional de Clubes, do Instituto Portugu\u00eas do Desporto e Juventude (formul\u00e1rio).<\/p>\n","protected":false},"excerpt":{"rendered":"<p>A C\u00e2mara Municipal de Loul\u00e9, atrav\u00e9s da Divis\u00e3o de Associativismo e Eventos Desportivos, j\u00e1 deu in\u00edcio ao processo de candidatura<\/p>\n","protected":false},"author":1,"featured_media":3696,"comment_status":"closed","ping_status":"open","sticky":false,"template":"","format":"standard","meta":{"colormag_page_container_layout":"default_layout","colormag_page_sidebar_layout":"default_layout","_monsterinsights_skip_tracking":false,"_monsterinsights_sitenote_active":false,"_monsterinsights_sitenote_note":"","_monsterinsights_sitenote_category":0,"jetpack_post_was_ever_published":false,"_jetpack_newsletter_access":"","_jetpack_dont_email_post_to_subs":false,"_jetpack_newsletter_tier_id":0,"_jetpack_memberships_contains_paywalled_content":false,"_jetpack_memberships_contains_paid_content":false,"footnotes":"","jetpack_publicize_message":"","jetpack_publicize_feature_enabled":true,"jetpack_social_post_already_shared":true,"jetpack_social_options":{"image_generator_settings":{"template":"highway","default_image_id":0,"font":"","enabled":false},"version":2}},"categories":[15],"tags":[36,40,31],"class_list":["post-3695","post","type-post","status-publish","format-standard","has-post-thumbnail","hentry","category-desporto","tag-algarve","tag-desporto","tag-loule"],"yoast_head":"<!-- This site is optimized with the Yoast SEO plugin v27.5 - https:\/\/yoast.com\/product\/yoast-seo-wordpress\/ -->\n<title>Autarquia de Loul\u00e9 abre candidaturas para programa de apoio ao desenvolvimento desportivo - Algarve 7<\/title>\n<meta name=\"description\" content=\"Autarquia de Loul\u00e9 abre candidaturas para programa de apoio ao desenvolvimento desportivo\" \/>\n<meta name=\"robots\" content=\"index, follow, max-snippet:-1, max-image-preview:large, max-video-preview:-1\" \/>\n<link rel=\"canonical\" href=\"https:\/\/algarve7.pt\/index.php\/2020\/11\/autarquia-de-loule-abre-candidaturas-para-programa-de-apoio-ao-desenvolvimento-desportivo\/desporto\/08\/48\/\" \/>\n<meta property=\"og:locale\" content=\"pt_PT\" \/>\n<meta property=\"og:type\" content=\"article\" \/>\n<meta property=\"og:title\" content=\"Autarquia de Loul\u00e9 abre candidaturas para programa de apoio ao desenvolvimento desportivo - Algarve 7\" \/>\n<meta property=\"og:description\" content=\"Autarquia de Loul\u00e9 abre candidaturas para programa de apoio ao desenvolvimento desportivo\" \/>\n<meta property=\"og:url\" content=\"https:\/\/algarve7.pt\/index.php\/2020\/11\/autarquia-de-loule-abre-candidaturas-para-programa-de-apoio-ao-desenvolvimento-desportivo\/desporto\/08\/48\/\" \/>\n<meta property=\"og:site_name\" content=\"Algarve 7\" \/>\n<meta property=\"article:publisher\" content=\"https:\/\/www.facebook.com\/algarve7\" \/>\n<meta property=\"article:author\" content=\"https:\/\/www.facebook.com\/algarve7\" \/>\n<meta property=\"article:published_time\" content=\"2020-11-14T08:48:23+00:00\" \/>\n<meta property=\"article:modified_time\" content=\"2020-11-14T08:48:24+00:00\" \/>\n<meta property=\"og:image\" content=\"https:\/\/algarve7.pt\/wp-content\/uploads\/2020\/11\/Compromisso-com-o-Desporto-e1605343661627.png\" \/>\n\t<meta property=\"og:image:width\" content=\"788\" \/>\n\t<meta property=\"og:image:height\" content=\"494\" \/>\n\t<meta property=\"og:image:type\" content=\"image\/png\" \/>\n<meta name=\"author\" content=\"Algarve 7\" \/>\n<meta name=\"twitter:card\" content=\"summary_large_image\" \/>\n<meta name=\"twitter:creator\" content=\"@Algarvesete\" \/>\n<meta name=\"twitter:site\" content=\"@Algarvesete\" \/>\n<meta name=\"twitter:label1\" content=\"Escrito por\" \/>\n\t<meta name=\"twitter:data1\" content=\"Algarve 7\" \/>\n\t<meta name=\"twitter:label2\" content=\"Tempo estimado de leitura\" \/>\n\t<meta name=\"twitter:data2\" content=\"2 minutos\" \/>\n<script type=\"application\/ld+json\" class=\"yoast-schema-graph\">{\"@context\":\"https:\\\/\\\/schema.org\",\"@graph\":[{\"@type\":\"Article\",\"@id\":\"https:\\\/\\\/algarve7.pt\\\/index.php\\\/2020\\\/11\\\/autarquia-de-loule-abre-candidaturas-para-programa-de-apoio-ao-desenvolvimento-desportivo\\\/desporto\\\/08\\\/48\\\/#article\",\"isPartOf\":{\"@id\":\"https:\\\/\\\/algarve7.pt\\\/index.php\\\/2020\\\/11\\\/autarquia-de-loule-abre-candidaturas-para-programa-de-apoio-ao-desenvolvimento-desportivo\\\/desporto\\\/08\\\/48\\\/\"},\"author\":{\"name\":\"Algarve 7\",\"@id\":\"https:\\\/\\\/algarve7.pt\\\/#\\\/schema\\\/person\\\/23fa70681308e7b319a3204bcea45e0c\"},\"headline\":\"Autarquia de Loul\u00e9 abre candidaturas para programa de apoio ao desenvolvimento desportivo\",\"datePublished\":\"2020-11-14T08:48:23+00:00\",\"dateModified\":\"2020-11-14T08:48:24+00:00\",\"mainEntityOfPage\":{\"@id\":\"https:\\\/\\\/algarve7.pt\\\/index.php\\\/2020\\\/11\\\/autarquia-de-loule-abre-candidaturas-para-programa-de-apoio-ao-desenvolvimento-desportivo\\\/desporto\\\/08\\\/48\\\/\"},\"wordCount\":447,\"publisher\":{\"@id\":\"https:\\\/\\\/algarve7.pt\\\/#organization\"},\"image\":{\"@id\":\"https:\\\/\\\/algarve7.pt\\\/index.php\\\/2020\\\/11\\\/autarquia-de-loule-abre-candidaturas-para-programa-de-apoio-ao-desenvolvimento-desportivo\\\/desporto\\\/08\\\/48\\\/#primaryimage\"},\"thumbnailUrl\":\"https:\\\/\\\/algarve7.pt\\\/wp-content\\\/uploads\\\/2020\\\/11\\\/Compromisso-com-o-Desporto-e1605343661627.png\",\"keywords\":[\"Algarve\",\"Desporto\",\"Loul\u00e9\"],\"articleSection\":[\"Desporto\"],\"inLanguage\":\"pt-PT\"},{\"@type\":\"WebPage\",\"@id\":\"https:\\\/\\\/algarve7.pt\\\/index.php\\\/2020\\\/11\\\/autarquia-de-loule-abre-candidaturas-para-programa-de-apoio-ao-desenvolvimento-desportivo\\\/desporto\\\/08\\\/48\\\/\",\"url\":\"https:\\\/\\\/algarve7.pt\\\/index.php\\\/2020\\\/11\\\/autarquia-de-loule-abre-candidaturas-para-programa-de-apoio-ao-desenvolvimento-desportivo\\\/desporto\\\/08\\\/48\\\/\",\"name\":\"Autarquia de Loul\u00e9 abre candidaturas para programa de apoio ao desenvolvimento desportivo - Algarve 7\",\"isPartOf\":{\"@id\":\"https:\\\/\\\/algarve7.pt\\\/#website\"},\"primaryImageOfPage\":{\"@id\":\"https:\\\/\\\/algarve7.pt\\\/index.php\\\/2020\\\/11\\\/autarquia-de-loule-abre-candidaturas-para-programa-de-apoio-ao-desenvolvimento-desportivo\\\/desporto\\\/08\\\/48\\\/#primaryimage\"},\"image\":{\"@id\":\"https:\\\/\\\/algarve7.pt\\\/index.php\\\/2020\\\/11\\\/autarquia-de-loule-abre-candidaturas-para-programa-de-apoio-ao-desenvolvimento-desportivo\\\/desporto\\\/08\\\/48\\\/#primaryimage\"},\"thumbnailUrl\":\"https:\\\/\\\/algarve7.pt\\\/wp-content\\\/uploads\\\/2020\\\/11\\\/Compromisso-com-o-Desporto-e1605343661627.png\",\"datePublished\":\"2020-11-14T08:48:23+00:00\",\"dateModified\":\"2020-11-14T08:48:24+00:00\",\"description\":\"Autarquia de Loul\u00e9 abre candidaturas para programa de apoio ao desenvolvimento desportivo\",\"breadcrumb\":{\"@id\":\"https:\\\/\\\/algarve7.pt\\\/index.php\\\/2020\\\/11\\\/autarquia-de-loule-abre-candidaturas-para-programa-de-apoio-ao-desenvolvimento-desportivo\\\/desporto\\\/08\\\/48\\\/#breadcrumb\"},\"inLanguage\":\"pt-PT\",\"potentialAction\":[{\"@type\":\"ReadAction\",\"target\":[\"https:\\\/\\\/algarve7.pt\\\/index.php\\\/2020\\\/11\\\/autarquia-de-loule-abre-candidaturas-para-programa-de-apoio-ao-desenvolvimento-desportivo\\\/desporto\\\/08\\\/48\\\/\"]}]},{\"@type\":\"ImageObject\",\"inLanguage\":\"pt-PT\",\"@id\":\"https:\\\/\\\/algarve7.pt\\\/index.php\\\/2020\\\/11\\\/autarquia-de-loule-abre-candidaturas-para-programa-de-apoio-ao-desenvolvimento-desportivo\\\/desporto\\\/08\\\/48\\\/#primaryimage\",\"url\":\"https:\\\/\\\/algarve7.pt\\\/wp-content\\\/uploads\\\/2020\\\/11\\\/Compromisso-com-o-Desporto-e1605343661627.png\",\"contentUrl\":\"https:\\\/\\\/algarve7.pt\\\/wp-content\\\/uploads\\\/2020\\\/11\\\/Compromisso-com-o-Desporto-e1605343661627.png\",\"width\":788,\"height\":494},{\"@type\":\"BreadcrumbList\",\"@id\":\"https:\\\/\\\/algarve7.pt\\\/index.php\\\/2020\\\/11\\\/autarquia-de-loule-abre-candidaturas-para-programa-de-apoio-ao-desenvolvimento-desportivo\\\/desporto\\\/08\\\/48\\\/#breadcrumb\",\"itemListElement\":[{\"@type\":\"ListItem\",\"position\":1,\"name\":\"In\u00edcio\",\"item\":\"https:\\\/\\\/algarve7.pt\\\/\"},{\"@type\":\"ListItem\",\"position\":2,\"name\":\"Autarquia de Loul\u00e9 abre candidaturas para programa de apoio ao desenvolvimento desportivo\"}]},{\"@type\":\"WebSite\",\"@id\":\"https:\\\/\\\/algarve7.pt\\\/#website\",\"url\":\"https:\\\/\\\/algarve7.pt\\\/\",\"name\":\"Algarve 7\",\"description\":\"Informa\u00e7\u00e3o sobre o Algarve\",\"publisher\":{\"@id\":\"https:\\\/\\\/algarve7.pt\\\/#organization\"},\"potentialAction\":[{\"@type\":\"SearchAction\",\"target\":{\"@type\":\"EntryPoint\",\"urlTemplate\":\"https:\\\/\\\/algarve7.pt\\\/?s={search_term_string}\"},\"query-input\":{\"@type\":\"PropertyValueSpecification\",\"valueRequired\":true,\"valueName\":\"search_term_string\"}}],\"inLanguage\":\"pt-PT\"},{\"@type\":\"Organization\",\"@id\":\"https:\\\/\\\/algarve7.pt\\\/#organization\",\"name\":\"Algarve 7\",\"url\":\"https:\\\/\\\/algarve7.pt\\\/\",\"logo\":{\"@type\":\"ImageObject\",\"inLanguage\":\"pt-PT\",\"@id\":\"https:\\\/\\\/algarve7.pt\\\/#\\\/schema\\\/logo\\\/image\\\/\",\"url\":\"https:\\\/\\\/algarve7.pt\\\/wp-content\\\/uploads\\\/2020\\\/10\\\/Logo-8.jpg\",\"contentUrl\":\"https:\\\/\\\/algarve7.pt\\\/wp-content\\\/uploads\\\/2020\\\/10\\\/Logo-8.jpg\",\"width\":1680,\"height\":1186,\"caption\":\"Algarve 7\"},\"image\":{\"@id\":\"https:\\\/\\\/algarve7.pt\\\/#\\\/schema\\\/logo\\\/image\\\/\"},\"sameAs\":[\"https:\\\/\\\/www.facebook.com\\\/algarve7\",\"https:\\\/\\\/x.com\\\/Algarvesete\",\"https:\\\/\\\/www.instagram.com\\\/jornalalgarve7\\\/\",\"https:\\\/\\\/www.linkedin.com\\\/company\\\/algarve7\",\"https:\\\/\\\/www.pinterest.pt\\\/geral0939\\\/_created\\\/\"]},{\"@type\":\"Person\",\"@id\":\"https:\\\/\\\/algarve7.pt\\\/#\\\/schema\\\/person\\\/23fa70681308e7b319a3204bcea45e0c\",\"name\":\"Algarve 7\",\"sameAs\":[\"https:\\\/\\\/algarve7.pt\",\"https:\\\/\\\/www.facebook.com\\\/algarve7\"],\"url\":\"https:\\\/\\\/algarve7.pt\\\/index.php\\\/author\\\/geralalgarve7-pt\\\/\"}]}<\/script>\n<!-- \/ Yoast SEO plugin. -->","yoast_head_json":{"title":"Autarquia de Loul\u00e9 abre candidaturas para programa de apoio ao desenvolvimento desportivo - Algarve 7","description":"Autarquia de Loul\u00e9 abre candidaturas para programa de apoio ao desenvolvimento desportivo","robots":{"index":"index","follow":"follow","max-snippet":"max-snippet:-1","max-image-preview":"max-image-preview:large","max-video-preview":"max-video-preview:-1"},"canonical":"https:\/\/algarve7.pt\/index.php\/2020\/11\/autarquia-de-loule-abre-candidaturas-para-programa-de-apoio-ao-desenvolvimento-desportivo\/desporto\/08\/48\/","og_locale":"pt_PT","og_type":"article","og_title":"Autarquia de Loul\u00e9 abre candidaturas para programa de apoio ao desenvolvimento desportivo - Algarve 7","og_description":"Autarquia de Loul\u00e9 abre candidaturas para programa de apoio ao desenvolvimento desportivo","og_url":"https:\/\/algarve7.pt\/index.php\/2020\/11\/autarquia-de-loule-abre-candidaturas-para-programa-de-apoio-ao-desenvolvimento-desportivo\/desporto\/08\/48\/","og_site_name":"Algarve 7","article_publisher":"https:\/\/www.facebook.com\/algarve7","article_author":"https:\/\/www.facebook.com\/algarve7","article_published_time":"2020-11-14T08:48:23+00:00","article_modified_time":"2020-11-14T08:48:24+00:00","og_image":[{"width":788,"height":494,"url":"https:\/\/algarve7.pt\/wp-content\/uploads\/2020\/11\/Compromisso-com-o-Desporto-e1605343661627.png","type":"image\/png"}],"author":"Algarve 7","twitter_card":"summary_large_image","twitter_creator":"@Algarvesete","twitter_site":"@Algarvesete","twitter_misc":{"Escrito por":"Algarve 7","Tempo estimado de leitura":"2 minutos"},"schema":{"@context":"https:\/\/schema.org","@graph":[{"@type":"Article","@id":"https:\/\/algarve7.pt\/index.php\/2020\/11\/autarquia-de-loule-abre-candidaturas-para-programa-de-apoio-ao-desenvolvimento-desportivo\/desporto\/08\/48\/#article","isPartOf":{"@id":"https:\/\/algarve7.pt\/index.php\/2020\/11\/autarquia-de-loule-abre-candidaturas-para-programa-de-apoio-ao-desenvolvimento-desportivo\/desporto\/08\/48\/"},"author":{"name":"Algarve 7","@id":"https:\/\/algarve7.pt\/#\/schema\/person\/23fa70681308e7b319a3204bcea45e0c"},"headline":"Autarquia de Loul\u00e9 abre candidaturas para programa de apoio ao desenvolvimento desportivo","datePublished":"2020-11-14T08:48:23+00:00","dateModified":"2020-11-14T08:48:24+00:00","mainEntityOfPage":{"@id":"https:\/\/algarve7.pt\/index.php\/2020\/11\/autarquia-de-loule-abre-candidaturas-para-programa-de-apoio-ao-desenvolvimento-desportivo\/desporto\/08\/48\/"},"wordCount":447,"publisher":{"@id":"https:\/\/algarve7.pt\/#organization"},"image":{"@id":"https:\/\/algarve7.pt\/index.php\/2020\/11\/autarquia-de-loule-abre-candidaturas-para-programa-de-apoio-ao-desenvolvimento-desportivo\/desporto\/08\/48\/#primaryimage"},"thumbnailUrl":"https:\/\/algarve7.pt\/wp-content\/uploads\/2020\/11\/Compromisso-com-o-Desporto-e1605343661627.png","keywords":["Algarve","Desporto","Loul\u00e9"],"articleSection":["Desporto"],"inLanguage":"pt-PT"},{"@type":"WebPage","@id":"https:\/\/algarve7.pt\/index.php\/2020\/11\/autarquia-de-loule-abre-candidaturas-para-programa-de-apoio-ao-desenvolvimento-desportivo\/desporto\/08\/48\/","url":"https:\/\/algarve7.pt\/index.php\/2020\/11\/autarquia-de-loule-abre-candidaturas-para-programa-de-apoio-ao-desenvolvimento-desportivo\/desporto\/08\/48\/","name":"Autarquia de Loul\u00e9 abre candidaturas para programa de apoio ao desenvolvimento desportivo - Algarve 7","isPartOf":{"@id":"https:\/\/algarve7.pt\/#website"},"primaryImageOfPage":{"@id":"https:\/\/algarve7.pt\/index.php\/2020\/11\/autarquia-de-loule-abre-candidaturas-para-programa-de-apoio-ao-desenvolvimento-desportivo\/desporto\/08\/48\/#primaryimage"},"image":{"@id":"https:\/\/algarve7.pt\/index.php\/2020\/11\/autarquia-de-loule-abre-candidaturas-para-programa-de-apoio-ao-desenvolvimento-desportivo\/desporto\/08\/48\/#primaryimage"},"thumbnailUrl":"https:\/\/algarve7.pt\/wp-content\/uploads\/2020\/11\/Compromisso-com-o-Desporto-e1605343661627.png","datePublished":"2020-11-14T08:48:23+00:00","dateModified":"2020-11-14T08:48:24+00:00","description":"Autarquia de Loul\u00e9 abre candidaturas para programa de apoio ao desenvolvimento desportivo","breadcrumb":{"@id":"https:\/\/algarve7.pt\/index.php\/2020\/11\/autarquia-de-loule-abre-candidaturas-para-programa-de-apoio-ao-desenvolvimento-desportivo\/desporto\/08\/48\/#breadcrumb"},"inLanguage":"pt-PT","potentialAction":[{"@type":"ReadAction","target":["https:\/\/algarve7.pt\/index.php\/2020\/11\/autarquia-de-loule-abre-candidaturas-para-programa-de-apoio-ao-desenvolvimento-desportivo\/desporto\/08\/48\/"]}]},{"@type":"ImageObject","inLanguage":"pt-PT","@id":"https:\/\/algarve7.pt\/index.php\/2020\/11\/autarquia-de-loule-abre-candidaturas-para-programa-de-apoio-ao-desenvolvimento-desportivo\/desporto\/08\/48\/#primaryimage","url":"https:\/\/algarve7.pt\/wp-content\/uploads\/2020\/11\/Compromisso-com-o-Desporto-e1605343661627.png","contentUrl":"https:\/\/algarve7.pt\/wp-content\/uploads\/2020\/11\/Compromisso-com-o-Desporto-e1605343661627.png","width":788,"height":494},{"@type":"BreadcrumbList","@id":"https:\/\/algarve7.pt\/index.php\/2020\/11\/autarquia-de-loule-abre-candidaturas-para-programa-de-apoio-ao-desenvolvimento-desportivo\/desporto\/08\/48\/#breadcrumb","itemListElement":[{"@type":"ListItem","position":1,"name":"In\u00edcio","item":"https:\/\/algarve7.pt\/"},{"@type":"ListItem","position":2,"name":"Autarquia de Loul\u00e9 abre candidaturas para programa de apoio ao desenvolvimento desportivo"}]},{"@type":"WebSite","@id":"https:\/\/algarve7.pt\/#website","url":"https:\/\/algarve7.pt\/","name":"Algarve 7","description":"Informa\u00e7\u00e3o sobre o Algarve","publisher":{"@id":"https:\/\/algarve7.pt\/#organization"},"potentialAction":[{"@type":"SearchAction","target":{"@type":"EntryPoint","urlTemplate":"https:\/\/algarve7.pt\/?s={search_term_string}"},"query-input":{"@type":"PropertyValueSpecification","valueRequired":true,"valueName":"search_term_string"}}],"inLanguage":"pt-PT"},{"@type":"Organization","@id":"https:\/\/algarve7.pt\/#organization","name":"Algarve 7","url":"https:\/\/algarve7.pt\/","logo":{"@type":"ImageObject","inLanguage":"pt-PT","@id":"https:\/\/algarve7.pt\/#\/schema\/logo\/image\/","url":"https:\/\/algarve7.pt\/wp-content\/uploads\/2020\/10\/Logo-8.jpg","contentUrl":"https:\/\/algarve7.pt\/wp-content\/uploads\/2020\/10\/Logo-8.jpg","width":1680,"height":1186,"caption":"Algarve 7"},"image":{"@id":"https:\/\/algarve7.pt\/#\/schema\/logo\/image\/"},"sameAs":["https:\/\/www.facebook.com\/algarve7","https:\/\/x.com\/Algarvesete","https:\/\/www.instagram.com\/jornalalgarve7\/","https:\/\/www.linkedin.com\/company\/algarve7","https:\/\/www.pinterest.pt\/geral0939\/_created\/"]},{"@type":"Person","@id":"https:\/\/algarve7.pt\/#\/schema\/person\/23fa70681308e7b319a3204bcea45e0c","name":"Algarve 7","sameAs":["https:\/\/algarve7.pt","https:\/\/www.facebook.com\/algarve7"],"url":"https:\/\/algarve7.pt\/index.php\/author\/geralalgarve7-pt\/"}]}},"jetpack_publicize_connections":[],"jetpack_featured_media_url":"https:\/\/algarve7.pt\/wp-content\/uploads\/2020\/11\/Compromisso-com-o-Desporto-e1605343661627.png","jetpack_shortlink":"https:\/\/wp.me\/pcezmW-XB","jetpack_sharing_enabled":true,"_links":{"self":[{"href":"https:\/\/algarve7.pt\/index.php\/wp-json\/wp\/v2\/posts\/3695","targetHints":{"allow":["GET"]}}],"collection":[{"href":"https:\/\/algarve7.pt\/index.php\/wp-json\/wp\/v2\/posts"}],"about":[{"href":"https:\/\/algarve7.pt\/index.php\/wp-json\/wp\/v2\/types\/post"}],"author":[{"embeddable":true,"href":"https:\/\/algarve7.pt\/index.php\/wp-json\/wp\/v2\/users\/1"}],"replies":[{"embeddable":true,"href":"https:\/\/algarve7.pt\/index.php\/wp-json\/wp\/v2\/comments?post=3695"}],"version-history":[{"count":0,"href":"https:\/\/algarve7.pt\/index.php\/wp-json\/wp\/v2\/posts\/3695\/revisions"}],"wp:featuredmedia":[{"embeddable":true,"href":"https:\/\/algarve7.pt\/index.php\/wp-json\/wp\/v2\/media\/3696"}],"wp:attachment":[{"href":"https:\/\/algarve7.pt\/index.php\/wp-json\/wp\/v2\/media?parent=3695"}],"wp:term":[{"taxonomy":"category","embeddable":true,"href":"https:\/\/algarve7.pt\/index.php\/wp-json\/wp\/v2\/categories?post=3695"},{"taxonomy":"post_tag","embeddable":true,"href":"https:\/\/algarve7.pt\/index.php\/wp-json\/wp\/v2\/tags?post=3695"}],"curies":[{"name":"wp","href":"https:\/\/api.w.org\/{rel}","templated":true}]}}