{"id":36947,"date":"2024-03-23T13:17:17","date_gmt":"2024-03-23T13:17:17","guid":{"rendered":"https:\/\/algarve7.pt\/?p=36947"},"modified":"2024-03-23T13:17:19","modified_gmt":"2024-03-23T13:17:19","slug":"ja-e-conhecido-o-cartaz-musical-da-edicao-de-2024-do-36o-festival-do-marisco-de-olhao","status":"publish","type":"post","link":"https:\/\/algarve7.pt\/index.php\/2024\/03\/ja-e-conhecido-o-cartaz-musical-da-edicao-de-2024-do-36o-festival-do-marisco-de-olhao\/cultura\/13\/17\/","title":{"rendered":"J\u00e1 \u00e9 conhecido o cartaz musical da edi\u00e7\u00e3o de 2024 do 36\u00ba Festival do Marisco de Olh\u00e3o"},"content":{"rendered":"\n<p>J\u00e1 \u00e9 conhecido o cartaz musical da edi\u00e7\u00e3o de 2024 do maior evento gastron\u00f3mico a sul do pa\u00eds em agosto.<\/p>\n\n\n\n<p>\ud835\uddd7\ud835\uddf6\ud835\uddee \ud835\udfed\ud835\udfec | \ud835\uddd6\ud835\uddee\ud835\uddf9\ud835\uddf2\ud835\uddfa\ud835\uddee<\/p>\n\n\n\n<p>Seis anos depois, a dupla volta a subir ao palco do Festival do Marisco.<\/p>\n\n\n\n<p>Chamam-se Calema \u2014 express\u00e3o que significa especial ondula\u00e7\u00e3o na costa africana \u2014 e vieram agitar a m\u00fasica em Portugal. Os irm\u00e3os Fradique e Ant\u00f3nio Mendes Ferreira instalaram-se no pa\u00eds h\u00e1 alguns anos, vindos de S\u00e3o Tom\u00e9 e Pr\u00edncipe.<\/p>\n\n\n\n<p>Pelo meio, estiveram em Fran\u00e7a, onde come\u00e7aram uma carreira profissional como cantores e arrancaram com o fen\u00f3meno de sucesso global que se tornou a sua m\u00fasica.<\/p>\n\n\n\n<p>\ud835\uddd7\ud835\uddf6\ud835\uddee \ud835\udfed\ud835\udfed | \ud835\uddd4\ud835\uddfb\ud835\uddee \ud835\udde0\ud835\uddfc\ud835\ude02\ud835\uddff\ud835\uddee<\/p>\n\n\n\n<p>J\u00e1 atuou por diversas vezes em Olh\u00e3o e o videoclipe \u201cAndorinhas\u201d foi gravado na cidade cubista.<\/p>\n\n\n\n<p>A fadista mais bem-sucedida a iniciar carreira no s\u00e9culo XXI j\u00e1 vendeu mais de um milh\u00e3o de discos em todo o mundo, e \u00e9 uma das recordistas de vendas de discos em Portugal.<\/p>\n\n\n\n<p>\ud835\uddd7\ud835\uddf6\ud835\uddee \ud835\udfed\ud835\udfee | \ud835\udde3\ud835\uddf9\ud835\ude02\ud835\ude01\ud835\uddfc\u0301\ud835\uddfb\ud835\uddf6\ud835\uddfc<\/p>\n\n\n\n<p>O rapper do bairro da Cruz Vermelha, em Cascais, representa o \u201creal gangsta rap\u201d e o R&amp;B em portugu\u00eas, e tem vindo a explorar cada vez mais os afrobeats.<\/p>\n\n\n\n<p>A sua versatilidade faz com que seja considerado um dos maiores talentos portugueses da atualidade pelos seus pares e pelo p\u00fablico que o segue religiosamente.<\/p>\n\n\n\n<p>\ud835\uddd7\ud835\uddf6\ud835\uddee \ud835\udfed\ud835\udfef | \ud835\uddd7\ud835\uddf6\ud835\uddfc\ud835\uddf4\ud835\uddfc \ud835\udde3\ud835\uddf6\ud835\uddf0\u0327\ud835\uddee\ud835\uddff\ud835\uddff\ud835\uddee<\/p>\n\n\n\n<p>Poucos j\u00e1 se lembram que aquele que \u00e9 um dos artistas mais queridos do p\u00fablico nacional foi o vencedor do programa \u00cddolos em 2012.<\/p>\n\n\n\n<p>Desde ent\u00e3o, a carreira do cantor nascido em Faro n\u00e3o parou de crescer, assim como o n\u00famero de f\u00e3s incondicionais, que ter\u00e3o oportunidade de voltar a ver o seu \u00eddolo ao vivo no Festival do Marisco de Olh\u00e3o, sete anos depois.<\/p>\n\n\n\n<p>\ud835\uddd7\ud835\uddf6\ud835\uddee \ud835\udfed\ud835\udff0 | \ud835\udde0\ud835\uddee\ud835\uddfb\ud835\uddf6\ud835\uddfb\ud835\uddf5\ud835\uddfc<\/p>\n\n\n\n<p>Nascido no Brasil, Maninho encontra-se a viver em Portugal h\u00e1 v\u00e1rios anos, onde se afirmou, apesar da sua juventude, como um dos melhores guitarristas no nosso pa\u00eds, tocando, entre outros, com artistas como Mariza, H\u00e9ber Marques ou B\u00e1rbara Bandeira.<\/p>\n","protected":false},"excerpt":{"rendered":"<p>J\u00e1 \u00e9 conhecido o cartaz musical da edi\u00e7\u00e3o de 2024 do maior evento gastron\u00f3mico a sul do pa\u00eds em agosto.<\/p>\n","protected":false},"author":1,"featured_media":36948,"comment_status":"closed","ping_status":"open","sticky":false,"template":"","format":"standard","meta":{"colormag_page_container_layout":"default_layout","colormag_page_sidebar_layout":"default_layout","_monsterinsights_skip_tracking":false,"_monsterinsights_sitenote_active":false,"_monsterinsights_sitenote_note":"","_monsterinsights_sitenote_category":0,"jetpack_post_was_ever_published":false,"_jetpack_newsletter_access":"","_jetpack_dont_email_post_to_subs":false,"_jetpack_newsletter_tier_id":0,"_jetpack_memberships_contains_paywalled_content":false,"_jetpack_memberships_contains_paid_content":false,"footnotes":"","jetpack_publicize_message":"","jetpack_publicize_feature_enabled":true,"jetpack_social_post_already_shared":false,"jetpack_social_options":{"image_generator_settings":{"template":"highway","default_image_id":0,"font":"","enabled":false},"version":2}},"categories":[14],"tags":[36,35,1011,37],"class_list":["post-36947","post","type-post","status-publish","format-standard","has-post-thumbnail","hentry","category-cultura","tag-algarve","tag-cultura","tag-festival-do-marisco","tag-olhao"],"yoast_head":"<!-- This site is optimized with the Yoast SEO plugin v27.4 - https:\/\/yoast.com\/product\/yoast-seo-wordpress\/ -->\n<title>J\u00e1 \u00e9 conhecido o cartaz musical da edi\u00e7\u00e3o de 2024 do 36\u00ba Festival do Marisco de Olh\u00e3o - Algarve 7<\/title>\n<meta name=\"description\" content=\"J\u00e1 \u00e9 conhecido o cartaz musical da edi\u00e7\u00e3o de 2024 do 36\u00ba Festival do Marisco de Olh\u00e3o Cultura\" \/>\n<meta name=\"robots\" content=\"index, follow, max-snippet:-1, max-image-preview:large, max-video-preview:-1\" \/>\n<link rel=\"canonical\" href=\"https:\/\/algarve7.pt\/index.php\/2024\/03\/ja-e-conhecido-o-cartaz-musical-da-edicao-de-2024-do-36o-festival-do-marisco-de-olhao\/cultura\/13\/17\/\" \/>\n<meta property=\"og:locale\" content=\"pt_PT\" \/>\n<meta property=\"og:type\" content=\"article\" \/>\n<meta property=\"og:title\" content=\"J\u00e1 \u00e9 conhecido o cartaz musical da edi\u00e7\u00e3o de 2024 do 36\u00ba Festival do Marisco de Olh\u00e3o - Algarve 7\" \/>\n<meta property=\"og:description\" content=\"J\u00e1 \u00e9 conhecido o cartaz musical da edi\u00e7\u00e3o de 2024 do 36\u00ba Festival do Marisco de Olh\u00e3o Cultura\" \/>\n<meta property=\"og:url\" content=\"https:\/\/algarve7.pt\/index.php\/2024\/03\/ja-e-conhecido-o-cartaz-musical-da-edicao-de-2024-do-36o-festival-do-marisco-de-olhao\/cultura\/13\/17\/\" \/>\n<meta property=\"og:site_name\" content=\"Algarve 7\" \/>\n<meta property=\"article:publisher\" content=\"https:\/\/www.facebook.com\/algarve7\" \/>\n<meta property=\"article:author\" content=\"https:\/\/www.facebook.com\/algarve7\" \/>\n<meta property=\"article:published_time\" content=\"2024-03-23T13:17:17+00:00\" \/>\n<meta property=\"article:modified_time\" content=\"2024-03-23T13:17:19+00:00\" \/>\n<meta property=\"og:image\" content=\"https:\/\/algarve7.pt\/wp-content\/uploads\/2024\/03\/Captura-de-ecra-2024-03-23-as-13.15.59.png\" \/>\n\t<meta property=\"og:image:width\" content=\"1000\" \/>\n\t<meta property=\"og:image:height\" content=\"564\" \/>\n\t<meta property=\"og:image:type\" content=\"image\/png\" \/>\n<meta name=\"author\" content=\"Algarve 7\" \/>\n<meta name=\"twitter:card\" content=\"summary_large_image\" \/>\n<meta name=\"twitter:creator\" content=\"@Algarvesete\" \/>\n<meta name=\"twitter:site\" content=\"@Algarvesete\" \/>\n<meta name=\"twitter:label1\" content=\"Escrito por\" \/>\n\t<meta name=\"twitter:data1\" content=\"Algarve 7\" \/>\n\t<meta name=\"twitter:label2\" content=\"Tempo estimado de leitura\" \/>\n\t<meta name=\"twitter:data2\" content=\"2 minutos\" \/>\n<script type=\"application\/ld+json\" class=\"yoast-schema-graph\">{\"@context\":\"https:\\\/\\\/schema.org\",\"@graph\":[{\"@type\":\"Article\",\"@id\":\"https:\\\/\\\/algarve7.pt\\\/index.php\\\/2024\\\/03\\\/ja-e-conhecido-o-cartaz-musical-da-edicao-de-2024-do-36o-festival-do-marisco-de-olhao\\\/cultura\\\/13\\\/17\\\/#article\",\"isPartOf\":{\"@id\":\"https:\\\/\\\/algarve7.pt\\\/index.php\\\/2024\\\/03\\\/ja-e-conhecido-o-cartaz-musical-da-edicao-de-2024-do-36o-festival-do-marisco-de-olhao\\\/cultura\\\/13\\\/17\\\/\"},\"author\":{\"name\":\"Algarve 7\",\"@id\":\"https:\\\/\\\/algarve7.pt\\\/#\\\/schema\\\/person\\\/23fa70681308e7b319a3204bcea45e0c\"},\"headline\":\"J\u00e1 \u00e9 conhecido o cartaz musical da edi\u00e7\u00e3o de 2024 do 36\u00ba Festival do Marisco de Olh\u00e3o\",\"datePublished\":\"2024-03-23T13:17:17+00:00\",\"dateModified\":\"2024-03-23T13:17:19+00:00\",\"mainEntityOfPage\":{\"@id\":\"https:\\\/\\\/algarve7.pt\\\/index.php\\\/2024\\\/03\\\/ja-e-conhecido-o-cartaz-musical-da-edicao-de-2024-do-36o-festival-do-marisco-de-olhao\\\/cultura\\\/13\\\/17\\\/\"},\"wordCount\":347,\"publisher\":{\"@id\":\"https:\\\/\\\/algarve7.pt\\\/#organization\"},\"image\":{\"@id\":\"https:\\\/\\\/algarve7.pt\\\/index.php\\\/2024\\\/03\\\/ja-e-conhecido-o-cartaz-musical-da-edicao-de-2024-do-36o-festival-do-marisco-de-olhao\\\/cultura\\\/13\\\/17\\\/#primaryimage\"},\"thumbnailUrl\":\"https:\\\/\\\/algarve7.pt\\\/wp-content\\\/uploads\\\/2024\\\/03\\\/Captura-de-ecra-2024-03-23-as-13.15.59.png\",\"keywords\":[\"Algarve\",\"Cultura\",\"Festival do Marisco\",\"Olh\u00e3o\"],\"articleSection\":[\"Cultura\"],\"inLanguage\":\"pt-PT\"},{\"@type\":\"WebPage\",\"@id\":\"https:\\\/\\\/algarve7.pt\\\/index.php\\\/2024\\\/03\\\/ja-e-conhecido-o-cartaz-musical-da-edicao-de-2024-do-36o-festival-do-marisco-de-olhao\\\/cultura\\\/13\\\/17\\\/\",\"url\":\"https:\\\/\\\/algarve7.pt\\\/index.php\\\/2024\\\/03\\\/ja-e-conhecido-o-cartaz-musical-da-edicao-de-2024-do-36o-festival-do-marisco-de-olhao\\\/cultura\\\/13\\\/17\\\/\",\"name\":\"J\u00e1 \u00e9 conhecido o cartaz musical da edi\u00e7\u00e3o de 2024 do 36\u00ba Festival do Marisco de Olh\u00e3o - Algarve 7\",\"isPartOf\":{\"@id\":\"https:\\\/\\\/algarve7.pt\\\/#website\"},\"primaryImageOfPage\":{\"@id\":\"https:\\\/\\\/algarve7.pt\\\/index.php\\\/2024\\\/03\\\/ja-e-conhecido-o-cartaz-musical-da-edicao-de-2024-do-36o-festival-do-marisco-de-olhao\\\/cultura\\\/13\\\/17\\\/#primaryimage\"},\"image\":{\"@id\":\"https:\\\/\\\/algarve7.pt\\\/index.php\\\/2024\\\/03\\\/ja-e-conhecido-o-cartaz-musical-da-edicao-de-2024-do-36o-festival-do-marisco-de-olhao\\\/cultura\\\/13\\\/17\\\/#primaryimage\"},\"thumbnailUrl\":\"https:\\\/\\\/algarve7.pt\\\/wp-content\\\/uploads\\\/2024\\\/03\\\/Captura-de-ecra-2024-03-23-as-13.15.59.png\",\"datePublished\":\"2024-03-23T13:17:17+00:00\",\"dateModified\":\"2024-03-23T13:17:19+00:00\",\"description\":\"J\u00e1 \u00e9 conhecido o cartaz musical da edi\u00e7\u00e3o de 2024 do 36\u00ba Festival do Marisco de Olh\u00e3o Cultura\",\"breadcrumb\":{\"@id\":\"https:\\\/\\\/algarve7.pt\\\/index.php\\\/2024\\\/03\\\/ja-e-conhecido-o-cartaz-musical-da-edicao-de-2024-do-36o-festival-do-marisco-de-olhao\\\/cultura\\\/13\\\/17\\\/#breadcrumb\"},\"inLanguage\":\"pt-PT\",\"potentialAction\":[{\"@type\":\"ReadAction\",\"target\":[\"https:\\\/\\\/algarve7.pt\\\/index.php\\\/2024\\\/03\\\/ja-e-conhecido-o-cartaz-musical-da-edicao-de-2024-do-36o-festival-do-marisco-de-olhao\\\/cultura\\\/13\\\/17\\\/\"]}]},{\"@type\":\"ImageObject\",\"inLanguage\":\"pt-PT\",\"@id\":\"https:\\\/\\\/algarve7.pt\\\/index.php\\\/2024\\\/03\\\/ja-e-conhecido-o-cartaz-musical-da-edicao-de-2024-do-36o-festival-do-marisco-de-olhao\\\/cultura\\\/13\\\/17\\\/#primaryimage\",\"url\":\"https:\\\/\\\/algarve7.pt\\\/wp-content\\\/uploads\\\/2024\\\/03\\\/Captura-de-ecra-2024-03-23-as-13.15.59.png\",\"contentUrl\":\"https:\\\/\\\/algarve7.pt\\\/wp-content\\\/uploads\\\/2024\\\/03\\\/Captura-de-ecra-2024-03-23-as-13.15.59.png\",\"width\":1000,\"height\":564},{\"@type\":\"BreadcrumbList\",\"@id\":\"https:\\\/\\\/algarve7.pt\\\/index.php\\\/2024\\\/03\\\/ja-e-conhecido-o-cartaz-musical-da-edicao-de-2024-do-36o-festival-do-marisco-de-olhao\\\/cultura\\\/13\\\/17\\\/#breadcrumb\",\"itemListElement\":[{\"@type\":\"ListItem\",\"position\":1,\"name\":\"In\u00edcio\",\"item\":\"https:\\\/\\\/algarve7.pt\\\/\"},{\"@type\":\"ListItem\",\"position\":2,\"name\":\"J\u00e1 \u00e9 conhecido o cartaz musical da edi\u00e7\u00e3o de 2024 do 36\u00ba Festival do Marisco de Olh\u00e3o\"}]},{\"@type\":\"WebSite\",\"@id\":\"https:\\\/\\\/algarve7.pt\\\/#website\",\"url\":\"https:\\\/\\\/algarve7.pt\\\/\",\"name\":\"Algarve 7\",\"description\":\"Informa\u00e7\u00e3o sobre o Algarve\",\"publisher\":{\"@id\":\"https:\\\/\\\/algarve7.pt\\\/#organization\"},\"potentialAction\":[{\"@type\":\"SearchAction\",\"target\":{\"@type\":\"EntryPoint\",\"urlTemplate\":\"https:\\\/\\\/algarve7.pt\\\/?s={search_term_string}\"},\"query-input\":{\"@type\":\"PropertyValueSpecification\",\"valueRequired\":true,\"valueName\":\"search_term_string\"}}],\"inLanguage\":\"pt-PT\"},{\"@type\":\"Organization\",\"@id\":\"https:\\\/\\\/algarve7.pt\\\/#organization\",\"name\":\"Algarve 7\",\"url\":\"https:\\\/\\\/algarve7.pt\\\/\",\"logo\":{\"@type\":\"ImageObject\",\"inLanguage\":\"pt-PT\",\"@id\":\"https:\\\/\\\/algarve7.pt\\\/#\\\/schema\\\/logo\\\/image\\\/\",\"url\":\"https:\\\/\\\/algarve7.pt\\\/wp-content\\\/uploads\\\/2020\\\/10\\\/Logo-8.jpg\",\"contentUrl\":\"https:\\\/\\\/algarve7.pt\\\/wp-content\\\/uploads\\\/2020\\\/10\\\/Logo-8.jpg\",\"width\":1680,\"height\":1186,\"caption\":\"Algarve 7\"},\"image\":{\"@id\":\"https:\\\/\\\/algarve7.pt\\\/#\\\/schema\\\/logo\\\/image\\\/\"},\"sameAs\":[\"https:\\\/\\\/www.facebook.com\\\/algarve7\",\"https:\\\/\\\/x.com\\\/Algarvesete\",\"https:\\\/\\\/www.instagram.com\\\/jornalalgarve7\\\/\",\"https:\\\/\\\/www.linkedin.com\\\/company\\\/algarve7\",\"https:\\\/\\\/www.pinterest.pt\\\/geral0939\\\/_created\\\/\"]},{\"@type\":\"Person\",\"@id\":\"https:\\\/\\\/algarve7.pt\\\/#\\\/schema\\\/person\\\/23fa70681308e7b319a3204bcea45e0c\",\"name\":\"Algarve 7\",\"sameAs\":[\"https:\\\/\\\/algarve7.pt\",\"https:\\\/\\\/www.facebook.com\\\/algarve7\"],\"url\":\"https:\\\/\\\/algarve7.pt\\\/index.php\\\/author\\\/geralalgarve7-pt\\\/\"}]}<\/script>\n<!-- \/ Yoast SEO plugin. -->","yoast_head_json":{"title":"J\u00e1 \u00e9 conhecido o cartaz musical da edi\u00e7\u00e3o de 2024 do 36\u00ba Festival do Marisco de Olh\u00e3o - Algarve 7","description":"J\u00e1 \u00e9 conhecido o cartaz musical da edi\u00e7\u00e3o de 2024 do 36\u00ba Festival do Marisco de Olh\u00e3o Cultura","robots":{"index":"index","follow":"follow","max-snippet":"max-snippet:-1","max-image-preview":"max-image-preview:large","max-video-preview":"max-video-preview:-1"},"canonical":"https:\/\/algarve7.pt\/index.php\/2024\/03\/ja-e-conhecido-o-cartaz-musical-da-edicao-de-2024-do-36o-festival-do-marisco-de-olhao\/cultura\/13\/17\/","og_locale":"pt_PT","og_type":"article","og_title":"J\u00e1 \u00e9 conhecido o cartaz musical da edi\u00e7\u00e3o de 2024 do 36\u00ba Festival do Marisco de Olh\u00e3o - Algarve 7","og_description":"J\u00e1 \u00e9 conhecido o cartaz musical da edi\u00e7\u00e3o de 2024 do 36\u00ba Festival do Marisco de Olh\u00e3o Cultura","og_url":"https:\/\/algarve7.pt\/index.php\/2024\/03\/ja-e-conhecido-o-cartaz-musical-da-edicao-de-2024-do-36o-festival-do-marisco-de-olhao\/cultura\/13\/17\/","og_site_name":"Algarve 7","article_publisher":"https:\/\/www.facebook.com\/algarve7","article_author":"https:\/\/www.facebook.com\/algarve7","article_published_time":"2024-03-23T13:17:17+00:00","article_modified_time":"2024-03-23T13:17:19+00:00","og_image":[{"width":1000,"height":564,"url":"https:\/\/algarve7.pt\/wp-content\/uploads\/2024\/03\/Captura-de-ecra-2024-03-23-as-13.15.59.png","type":"image\/png"}],"author":"Algarve 7","twitter_card":"summary_large_image","twitter_creator":"@Algarvesete","twitter_site":"@Algarvesete","twitter_misc":{"Escrito por":"Algarve 7","Tempo estimado de leitura":"2 minutos"},"schema":{"@context":"https:\/\/schema.org","@graph":[{"@type":"Article","@id":"https:\/\/algarve7.pt\/index.php\/2024\/03\/ja-e-conhecido-o-cartaz-musical-da-edicao-de-2024-do-36o-festival-do-marisco-de-olhao\/cultura\/13\/17\/#article","isPartOf":{"@id":"https:\/\/algarve7.pt\/index.php\/2024\/03\/ja-e-conhecido-o-cartaz-musical-da-edicao-de-2024-do-36o-festival-do-marisco-de-olhao\/cultura\/13\/17\/"},"author":{"name":"Algarve 7","@id":"https:\/\/algarve7.pt\/#\/schema\/person\/23fa70681308e7b319a3204bcea45e0c"},"headline":"J\u00e1 \u00e9 conhecido o cartaz musical da edi\u00e7\u00e3o de 2024 do 36\u00ba Festival do Marisco de Olh\u00e3o","datePublished":"2024-03-23T13:17:17+00:00","dateModified":"2024-03-23T13:17:19+00:00","mainEntityOfPage":{"@id":"https:\/\/algarve7.pt\/index.php\/2024\/03\/ja-e-conhecido-o-cartaz-musical-da-edicao-de-2024-do-36o-festival-do-marisco-de-olhao\/cultura\/13\/17\/"},"wordCount":347,"publisher":{"@id":"https:\/\/algarve7.pt\/#organization"},"image":{"@id":"https:\/\/algarve7.pt\/index.php\/2024\/03\/ja-e-conhecido-o-cartaz-musical-da-edicao-de-2024-do-36o-festival-do-marisco-de-olhao\/cultura\/13\/17\/#primaryimage"},"thumbnailUrl":"https:\/\/algarve7.pt\/wp-content\/uploads\/2024\/03\/Captura-de-ecra-2024-03-23-as-13.15.59.png","keywords":["Algarve","Cultura","Festival do Marisco","Olh\u00e3o"],"articleSection":["Cultura"],"inLanguage":"pt-PT"},{"@type":"WebPage","@id":"https:\/\/algarve7.pt\/index.php\/2024\/03\/ja-e-conhecido-o-cartaz-musical-da-edicao-de-2024-do-36o-festival-do-marisco-de-olhao\/cultura\/13\/17\/","url":"https:\/\/algarve7.pt\/index.php\/2024\/03\/ja-e-conhecido-o-cartaz-musical-da-edicao-de-2024-do-36o-festival-do-marisco-de-olhao\/cultura\/13\/17\/","name":"J\u00e1 \u00e9 conhecido o cartaz musical da edi\u00e7\u00e3o de 2024 do 36\u00ba Festival do Marisco de Olh\u00e3o - Algarve 7","isPartOf":{"@id":"https:\/\/algarve7.pt\/#website"},"primaryImageOfPage":{"@id":"https:\/\/algarve7.pt\/index.php\/2024\/03\/ja-e-conhecido-o-cartaz-musical-da-edicao-de-2024-do-36o-festival-do-marisco-de-olhao\/cultura\/13\/17\/#primaryimage"},"image":{"@id":"https:\/\/algarve7.pt\/index.php\/2024\/03\/ja-e-conhecido-o-cartaz-musical-da-edicao-de-2024-do-36o-festival-do-marisco-de-olhao\/cultura\/13\/17\/#primaryimage"},"thumbnailUrl":"https:\/\/algarve7.pt\/wp-content\/uploads\/2024\/03\/Captura-de-ecra-2024-03-23-as-13.15.59.png","datePublished":"2024-03-23T13:17:17+00:00","dateModified":"2024-03-23T13:17:19+00:00","description":"J\u00e1 \u00e9 conhecido o cartaz musical da edi\u00e7\u00e3o de 2024 do 36\u00ba Festival do Marisco de Olh\u00e3o Cultura","breadcrumb":{"@id":"https:\/\/algarve7.pt\/index.php\/2024\/03\/ja-e-conhecido-o-cartaz-musical-da-edicao-de-2024-do-36o-festival-do-marisco-de-olhao\/cultura\/13\/17\/#breadcrumb"},"inLanguage":"pt-PT","potentialAction":[{"@type":"ReadAction","target":["https:\/\/algarve7.pt\/index.php\/2024\/03\/ja-e-conhecido-o-cartaz-musical-da-edicao-de-2024-do-36o-festival-do-marisco-de-olhao\/cultura\/13\/17\/"]}]},{"@type":"ImageObject","inLanguage":"pt-PT","@id":"https:\/\/algarve7.pt\/index.php\/2024\/03\/ja-e-conhecido-o-cartaz-musical-da-edicao-de-2024-do-36o-festival-do-marisco-de-olhao\/cultura\/13\/17\/#primaryimage","url":"https:\/\/algarve7.pt\/wp-content\/uploads\/2024\/03\/Captura-de-ecra-2024-03-23-as-13.15.59.png","contentUrl":"https:\/\/algarve7.pt\/wp-content\/uploads\/2024\/03\/Captura-de-ecra-2024-03-23-as-13.15.59.png","width":1000,"height":564},{"@type":"BreadcrumbList","@id":"https:\/\/algarve7.pt\/index.php\/2024\/03\/ja-e-conhecido-o-cartaz-musical-da-edicao-de-2024-do-36o-festival-do-marisco-de-olhao\/cultura\/13\/17\/#breadcrumb","itemListElement":[{"@type":"ListItem","position":1,"name":"In\u00edcio","item":"https:\/\/algarve7.pt\/"},{"@type":"ListItem","position":2,"name":"J\u00e1 \u00e9 conhecido o cartaz musical da edi\u00e7\u00e3o de 2024 do 36\u00ba Festival do Marisco de Olh\u00e3o"}]},{"@type":"WebSite","@id":"https:\/\/algarve7.pt\/#website","url":"https:\/\/algarve7.pt\/","name":"Algarve 7","description":"Informa\u00e7\u00e3o sobre o Algarve","publisher":{"@id":"https:\/\/algarve7.pt\/#organization"},"potentialAction":[{"@type":"SearchAction","target":{"@type":"EntryPoint","urlTemplate":"https:\/\/algarve7.pt\/?s={search_term_string}"},"query-input":{"@type":"PropertyValueSpecification","valueRequired":true,"valueName":"search_term_string"}}],"inLanguage":"pt-PT"},{"@type":"Organization","@id":"https:\/\/algarve7.pt\/#organization","name":"Algarve 7","url":"https:\/\/algarve7.pt\/","logo":{"@type":"ImageObject","inLanguage":"pt-PT","@id":"https:\/\/algarve7.pt\/#\/schema\/logo\/image\/","url":"https:\/\/algarve7.pt\/wp-content\/uploads\/2020\/10\/Logo-8.jpg","contentUrl":"https:\/\/algarve7.pt\/wp-content\/uploads\/2020\/10\/Logo-8.jpg","width":1680,"height":1186,"caption":"Algarve 7"},"image":{"@id":"https:\/\/algarve7.pt\/#\/schema\/logo\/image\/"},"sameAs":["https:\/\/www.facebook.com\/algarve7","https:\/\/x.com\/Algarvesete","https:\/\/www.instagram.com\/jornalalgarve7\/","https:\/\/www.linkedin.com\/company\/algarve7","https:\/\/www.pinterest.pt\/geral0939\/_created\/"]},{"@type":"Person","@id":"https:\/\/algarve7.pt\/#\/schema\/person\/23fa70681308e7b319a3204bcea45e0c","name":"Algarve 7","sameAs":["https:\/\/algarve7.pt","https:\/\/www.facebook.com\/algarve7"],"url":"https:\/\/algarve7.pt\/index.php\/author\/geralalgarve7-pt\/"}]}},"jetpack_publicize_connections":[],"jetpack_featured_media_url":"https:\/\/algarve7.pt\/wp-content\/uploads\/2024\/03\/Captura-de-ecra-2024-03-23-as-13.15.59.png","jetpack_shortlink":"https:\/\/wp.me\/pcezmW-9BV","jetpack_sharing_enabled":true,"_links":{"self":[{"href":"https:\/\/algarve7.pt\/index.php\/wp-json\/wp\/v2\/posts\/36947","targetHints":{"allow":["GET"]}}],"collection":[{"href":"https:\/\/algarve7.pt\/index.php\/wp-json\/wp\/v2\/posts"}],"about":[{"href":"https:\/\/algarve7.pt\/index.php\/wp-json\/wp\/v2\/types\/post"}],"author":[{"embeddable":true,"href":"https:\/\/algarve7.pt\/index.php\/wp-json\/wp\/v2\/users\/1"}],"replies":[{"embeddable":true,"href":"https:\/\/algarve7.pt\/index.php\/wp-json\/wp\/v2\/comments?post=36947"}],"version-history":[{"count":0,"href":"https:\/\/algarve7.pt\/index.php\/wp-json\/wp\/v2\/posts\/36947\/revisions"}],"wp:featuredmedia":[{"embeddable":true,"href":"https:\/\/algarve7.pt\/index.php\/wp-json\/wp\/v2\/media\/36948"}],"wp:attachment":[{"href":"https:\/\/algarve7.pt\/index.php\/wp-json\/wp\/v2\/media?parent=36947"}],"wp:term":[{"taxonomy":"category","embeddable":true,"href":"https:\/\/algarve7.pt\/index.php\/wp-json\/wp\/v2\/categories?post=36947"},{"taxonomy":"post_tag","embeddable":true,"href":"https:\/\/algarve7.pt\/index.php\/wp-json\/wp\/v2\/tags?post=36947"}],"curies":[{"name":"wp","href":"https:\/\/api.w.org\/{rel}","templated":true}]}}