{"id":36913,"date":"2024-03-22T14:10:00","date_gmt":"2024-03-22T14:10:00","guid":{"rendered":"https:\/\/algarve7.pt\/?p=36913"},"modified":"2024-03-21T20:51:45","modified_gmt":"2024-03-21T20:51:45","slug":"ualg-acolhe-sessao-tratar-o-cancro-por-tu-sobre-tumores-pediatricos","status":"publish","type":"post","link":"https:\/\/algarve7.pt\/index.php\/2024\/03\/ualg-acolhe-sessao-tratar-o-cancro-por-tu-sobre-tumores-pediatricos\/saude\/14\/10\/","title":{"rendered":"UAlg acolhe sess\u00e3o &#8220;Tratar o cancro por tu&#8221; sobre tumores pedi\u00e1tricos"},"content":{"rendered":"\n<p><strong>A Universidade do Algarve acolhe no dia 4 de abril, pelas 18h30, no anfiteatro verde, edif\u00edcio 8, Campus de Gambelas, a sexta sess\u00e3o da iniciativa &#8220;Tratar o cancro por tu&#8221;.<\/strong><\/p>\n\n\n\n<p>Organizada pelo&nbsp;Instituto de Patologia e Imunologia Molecular da Universidade do Porto (IPATIMUP), em parceria com a Antena 1, a RTP , a Roche Foundation Medicine e a Faculdade de Medicina e Ci\u00eancias Biom\u00e9dicas (FMCB) da Universidade do Algarve, e com o apoio da Merck, esta iniciativa ter\u00e1 como tema principal os tumores pedi\u00e1tricos e contar\u00e1 com a presen\u00e7a de Helena Barroca, Jorge Lima, Manuel Sobrinho Sim\u00f5es e Ana Lacerda, na qualidade de especialista convidada.<\/p>\n\n\n\n<p>A participa\u00e7\u00e3o \u00e9 gratuita, mas carece de inscri\u00e7\u00e3o pr\u00e9via&nbsp;<strong><a href=\"https:\/\/billetto.pt\/users\/ipatimup\" target=\"_blank\" rel=\"noreferrer noopener\">aqui<\/a><\/strong><\/p>\n","protected":false},"excerpt":{"rendered":"<p>A Universidade do Algarve acolhe no dia 4 de abril, pelas 18h30, no anfiteatro verde, edif\u00edcio 8, Campus de Gambelas,<\/p>\n","protected":false},"author":1,"featured_media":36914,"comment_status":"closed","ping_status":"open","sticky":false,"template":"","format":"standard","meta":{"colormag_page_container_layout":"default_layout","colormag_page_sidebar_layout":"default_layout","_monsterinsights_skip_tracking":false,"_monsterinsights_sitenote_active":false,"_monsterinsights_sitenote_note":"","_monsterinsights_sitenote_category":0,"jetpack_post_was_ever_published":false,"_jetpack_newsletter_access":"","_jetpack_dont_email_post_to_subs":false,"_jetpack_newsletter_tier_id":0,"_jetpack_memberships_contains_paywalled_content":false,"_jetpack_memberships_contains_paid_content":false,"footnotes":"","jetpack_publicize_message":"","jetpack_publicize_feature_enabled":true,"jetpack_social_post_already_shared":false,"jetpack_social_options":{"image_generator_settings":{"template":"highway","default_image_id":0,"font":"","enabled":false},"version":2}},"categories":[59],"tags":[36,58,182],"class_list":["post-36913","post","type-post","status-publish","format-standard","has-post-thumbnail","hentry","category-saude","tag-algarve","tag-saude","tag-ualg"],"yoast_head":"<!-- This site is optimized with the Yoast SEO plugin v27.5 - https:\/\/yoast.com\/product\/yoast-seo-wordpress\/ -->\n<title>UAlg acolhe sess\u00e3o &quot;Tratar o cancro por tu&quot; sobre tumores pedi\u00e1tricos - Algarve 7<\/title>\n<meta name=\"description\" content=\"UAlg acolhe sess\u00e3o &quot;Tratar o cancro por tu&quot; sobre tumores pedi\u00e1tricos Sa\u00fade\" \/>\n<meta name=\"robots\" content=\"index, follow, max-snippet:-1, max-image-preview:large, max-video-preview:-1\" \/>\n<link rel=\"canonical\" href=\"https:\/\/algarve7.pt\/index.php\/2024\/03\/ualg-acolhe-sessao-tratar-o-cancro-por-tu-sobre-tumores-pediatricos\/saude\/14\/10\/\" \/>\n<meta property=\"og:locale\" content=\"pt_PT\" \/>\n<meta property=\"og:type\" content=\"article\" \/>\n<meta property=\"og:title\" content=\"UAlg acolhe sess\u00e3o &quot;Tratar o cancro por tu&quot; sobre tumores pedi\u00e1tricos - Algarve 7\" \/>\n<meta property=\"og:description\" content=\"UAlg acolhe sess\u00e3o &quot;Tratar o cancro por tu&quot; sobre tumores pedi\u00e1tricos Sa\u00fade\" \/>\n<meta property=\"og:url\" content=\"https:\/\/algarve7.pt\/index.php\/2024\/03\/ualg-acolhe-sessao-tratar-o-cancro-por-tu-sobre-tumores-pediatricos\/saude\/14\/10\/\" \/>\n<meta property=\"og:site_name\" content=\"Algarve 7\" \/>\n<meta property=\"article:publisher\" content=\"https:\/\/www.facebook.com\/algarve7\" \/>\n<meta property=\"article:author\" content=\"https:\/\/www.facebook.com\/algarve7\" \/>\n<meta property=\"article:published_time\" content=\"2024-03-22T14:10:00+00:00\" \/>\n<meta property=\"og:image\" content=\"https:\/\/algarve7.pt\/wp-content\/uploads\/2024\/03\/primage_72979.jpeg\" \/>\n\t<meta property=\"og:image:width\" content=\"1000\" \/>\n\t<meta property=\"og:image:height\" content=\"563\" \/>\n\t<meta property=\"og:image:type\" content=\"image\/jpeg\" \/>\n<meta name=\"author\" content=\"Algarve 7\" \/>\n<meta name=\"twitter:card\" content=\"summary_large_image\" \/>\n<meta name=\"twitter:creator\" content=\"@Algarvesete\" \/>\n<meta name=\"twitter:site\" content=\"@Algarvesete\" \/>\n<meta name=\"twitter:label1\" content=\"Escrito por\" \/>\n\t<meta name=\"twitter:data1\" content=\"Algarve 7\" \/>\n\t<meta name=\"twitter:label2\" content=\"Tempo estimado de leitura\" \/>\n\t<meta name=\"twitter:data2\" content=\"1 minuto\" \/>\n<script type=\"application\/ld+json\" class=\"yoast-schema-graph\">{\"@context\":\"https:\\\/\\\/schema.org\",\"@graph\":[{\"@type\":\"Article\",\"@id\":\"https:\\\/\\\/algarve7.pt\\\/index.php\\\/2024\\\/03\\\/ualg-acolhe-sessao-tratar-o-cancro-por-tu-sobre-tumores-pediatricos\\\/saude\\\/14\\\/10\\\/#article\",\"isPartOf\":{\"@id\":\"https:\\\/\\\/algarve7.pt\\\/index.php\\\/2024\\\/03\\\/ualg-acolhe-sessao-tratar-o-cancro-por-tu-sobre-tumores-pediatricos\\\/saude\\\/14\\\/10\\\/\"},\"author\":{\"name\":\"Algarve 7\",\"@id\":\"https:\\\/\\\/algarve7.pt\\\/#\\\/schema\\\/person\\\/23fa70681308e7b319a3204bcea45e0c\"},\"headline\":\"UAlg acolhe sess\u00e3o &#8220;Tratar o cancro por tu&#8221; sobre tumores pedi\u00e1tricos\",\"datePublished\":\"2024-03-22T14:10:00+00:00\",\"mainEntityOfPage\":{\"@id\":\"https:\\\/\\\/algarve7.pt\\\/index.php\\\/2024\\\/03\\\/ualg-acolhe-sessao-tratar-o-cancro-por-tu-sobre-tumores-pediatricos\\\/saude\\\/14\\\/10\\\/\"},\"wordCount\":135,\"publisher\":{\"@id\":\"https:\\\/\\\/algarve7.pt\\\/#organization\"},\"image\":{\"@id\":\"https:\\\/\\\/algarve7.pt\\\/index.php\\\/2024\\\/03\\\/ualg-acolhe-sessao-tratar-o-cancro-por-tu-sobre-tumores-pediatricos\\\/saude\\\/14\\\/10\\\/#primaryimage\"},\"thumbnailUrl\":\"https:\\\/\\\/algarve7.pt\\\/wp-content\\\/uploads\\\/2024\\\/03\\\/primage_72979.jpeg\",\"keywords\":[\"Algarve\",\"Sa\u00fade\",\"UALG\"],\"articleSection\":[\"Sa\u00fade\"],\"inLanguage\":\"pt-PT\"},{\"@type\":\"WebPage\",\"@id\":\"https:\\\/\\\/algarve7.pt\\\/index.php\\\/2024\\\/03\\\/ualg-acolhe-sessao-tratar-o-cancro-por-tu-sobre-tumores-pediatricos\\\/saude\\\/14\\\/10\\\/\",\"url\":\"https:\\\/\\\/algarve7.pt\\\/index.php\\\/2024\\\/03\\\/ualg-acolhe-sessao-tratar-o-cancro-por-tu-sobre-tumores-pediatricos\\\/saude\\\/14\\\/10\\\/\",\"name\":\"UAlg acolhe sess\u00e3o \\\"Tratar o cancro por tu\\\" sobre tumores pedi\u00e1tricos - Algarve 7\",\"isPartOf\":{\"@id\":\"https:\\\/\\\/algarve7.pt\\\/#website\"},\"primaryImageOfPage\":{\"@id\":\"https:\\\/\\\/algarve7.pt\\\/index.php\\\/2024\\\/03\\\/ualg-acolhe-sessao-tratar-o-cancro-por-tu-sobre-tumores-pediatricos\\\/saude\\\/14\\\/10\\\/#primaryimage\"},\"image\":{\"@id\":\"https:\\\/\\\/algarve7.pt\\\/index.php\\\/2024\\\/03\\\/ualg-acolhe-sessao-tratar-o-cancro-por-tu-sobre-tumores-pediatricos\\\/saude\\\/14\\\/10\\\/#primaryimage\"},\"thumbnailUrl\":\"https:\\\/\\\/algarve7.pt\\\/wp-content\\\/uploads\\\/2024\\\/03\\\/primage_72979.jpeg\",\"datePublished\":\"2024-03-22T14:10:00+00:00\",\"description\":\"UAlg acolhe sess\u00e3o \\\"Tratar o cancro por tu\\\" sobre tumores pedi\u00e1tricos Sa\u00fade\",\"breadcrumb\":{\"@id\":\"https:\\\/\\\/algarve7.pt\\\/index.php\\\/2024\\\/03\\\/ualg-acolhe-sessao-tratar-o-cancro-por-tu-sobre-tumores-pediatricos\\\/saude\\\/14\\\/10\\\/#breadcrumb\"},\"inLanguage\":\"pt-PT\",\"potentialAction\":[{\"@type\":\"ReadAction\",\"target\":[\"https:\\\/\\\/algarve7.pt\\\/index.php\\\/2024\\\/03\\\/ualg-acolhe-sessao-tratar-o-cancro-por-tu-sobre-tumores-pediatricos\\\/saude\\\/14\\\/10\\\/\"]}]},{\"@type\":\"ImageObject\",\"inLanguage\":\"pt-PT\",\"@id\":\"https:\\\/\\\/algarve7.pt\\\/index.php\\\/2024\\\/03\\\/ualg-acolhe-sessao-tratar-o-cancro-por-tu-sobre-tumores-pediatricos\\\/saude\\\/14\\\/10\\\/#primaryimage\",\"url\":\"https:\\\/\\\/algarve7.pt\\\/wp-content\\\/uploads\\\/2024\\\/03\\\/primage_72979.jpeg\",\"contentUrl\":\"https:\\\/\\\/algarve7.pt\\\/wp-content\\\/uploads\\\/2024\\\/03\\\/primage_72979.jpeg\",\"width\":1000,\"height\":563},{\"@type\":\"BreadcrumbList\",\"@id\":\"https:\\\/\\\/algarve7.pt\\\/index.php\\\/2024\\\/03\\\/ualg-acolhe-sessao-tratar-o-cancro-por-tu-sobre-tumores-pediatricos\\\/saude\\\/14\\\/10\\\/#breadcrumb\",\"itemListElement\":[{\"@type\":\"ListItem\",\"position\":1,\"name\":\"In\u00edcio\",\"item\":\"https:\\\/\\\/algarve7.pt\\\/\"},{\"@type\":\"ListItem\",\"position\":2,\"name\":\"UAlg acolhe sess\u00e3o &#8220;Tratar o cancro por tu&#8221; sobre tumores pedi\u00e1tricos\"}]},{\"@type\":\"WebSite\",\"@id\":\"https:\\\/\\\/algarve7.pt\\\/#website\",\"url\":\"https:\\\/\\\/algarve7.pt\\\/\",\"name\":\"Algarve 7\",\"description\":\"Informa\u00e7\u00e3o sobre o Algarve\",\"publisher\":{\"@id\":\"https:\\\/\\\/algarve7.pt\\\/#organization\"},\"potentialAction\":[{\"@type\":\"SearchAction\",\"target\":{\"@type\":\"EntryPoint\",\"urlTemplate\":\"https:\\\/\\\/algarve7.pt\\\/?s={search_term_string}\"},\"query-input\":{\"@type\":\"PropertyValueSpecification\",\"valueRequired\":true,\"valueName\":\"search_term_string\"}}],\"inLanguage\":\"pt-PT\"},{\"@type\":\"Organization\",\"@id\":\"https:\\\/\\\/algarve7.pt\\\/#organization\",\"name\":\"Algarve 7\",\"url\":\"https:\\\/\\\/algarve7.pt\\\/\",\"logo\":{\"@type\":\"ImageObject\",\"inLanguage\":\"pt-PT\",\"@id\":\"https:\\\/\\\/algarve7.pt\\\/#\\\/schema\\\/logo\\\/image\\\/\",\"url\":\"https:\\\/\\\/algarve7.pt\\\/wp-content\\\/uploads\\\/2020\\\/10\\\/Logo-8.jpg\",\"contentUrl\":\"https:\\\/\\\/algarve7.pt\\\/wp-content\\\/uploads\\\/2020\\\/10\\\/Logo-8.jpg\",\"width\":1680,\"height\":1186,\"caption\":\"Algarve 7\"},\"image\":{\"@id\":\"https:\\\/\\\/algarve7.pt\\\/#\\\/schema\\\/logo\\\/image\\\/\"},\"sameAs\":[\"https:\\\/\\\/www.facebook.com\\\/algarve7\",\"https:\\\/\\\/x.com\\\/Algarvesete\",\"https:\\\/\\\/www.instagram.com\\\/jornalalgarve7\\\/\",\"https:\\\/\\\/www.linkedin.com\\\/company\\\/algarve7\",\"https:\\\/\\\/www.pinterest.pt\\\/geral0939\\\/_created\\\/\"]},{\"@type\":\"Person\",\"@id\":\"https:\\\/\\\/algarve7.pt\\\/#\\\/schema\\\/person\\\/23fa70681308e7b319a3204bcea45e0c\",\"name\":\"Algarve 7\",\"sameAs\":[\"https:\\\/\\\/algarve7.pt\",\"https:\\\/\\\/www.facebook.com\\\/algarve7\"],\"url\":\"https:\\\/\\\/algarve7.pt\\\/index.php\\\/author\\\/geralalgarve7-pt\\\/\"}]}<\/script>\n<!-- \/ Yoast SEO plugin. -->","yoast_head_json":{"title":"UAlg acolhe sess\u00e3o \"Tratar o cancro por tu\" sobre tumores pedi\u00e1tricos - Algarve 7","description":"UAlg acolhe sess\u00e3o \"Tratar o cancro por tu\" sobre tumores pedi\u00e1tricos Sa\u00fade","robots":{"index":"index","follow":"follow","max-snippet":"max-snippet:-1","max-image-preview":"max-image-preview:large","max-video-preview":"max-video-preview:-1"},"canonical":"https:\/\/algarve7.pt\/index.php\/2024\/03\/ualg-acolhe-sessao-tratar-o-cancro-por-tu-sobre-tumores-pediatricos\/saude\/14\/10\/","og_locale":"pt_PT","og_type":"article","og_title":"UAlg acolhe sess\u00e3o \"Tratar o cancro por tu\" sobre tumores pedi\u00e1tricos - Algarve 7","og_description":"UAlg acolhe sess\u00e3o \"Tratar o cancro por tu\" sobre tumores pedi\u00e1tricos Sa\u00fade","og_url":"https:\/\/algarve7.pt\/index.php\/2024\/03\/ualg-acolhe-sessao-tratar-o-cancro-por-tu-sobre-tumores-pediatricos\/saude\/14\/10\/","og_site_name":"Algarve 7","article_publisher":"https:\/\/www.facebook.com\/algarve7","article_author":"https:\/\/www.facebook.com\/algarve7","article_published_time":"2024-03-22T14:10:00+00:00","og_image":[{"width":1000,"height":563,"url":"https:\/\/algarve7.pt\/wp-content\/uploads\/2024\/03\/primage_72979.jpeg","type":"image\/jpeg"}],"author":"Algarve 7","twitter_card":"summary_large_image","twitter_creator":"@Algarvesete","twitter_site":"@Algarvesete","twitter_misc":{"Escrito por":"Algarve 7","Tempo estimado de leitura":"1 minuto"},"schema":{"@context":"https:\/\/schema.org","@graph":[{"@type":"Article","@id":"https:\/\/algarve7.pt\/index.php\/2024\/03\/ualg-acolhe-sessao-tratar-o-cancro-por-tu-sobre-tumores-pediatricos\/saude\/14\/10\/#article","isPartOf":{"@id":"https:\/\/algarve7.pt\/index.php\/2024\/03\/ualg-acolhe-sessao-tratar-o-cancro-por-tu-sobre-tumores-pediatricos\/saude\/14\/10\/"},"author":{"name":"Algarve 7","@id":"https:\/\/algarve7.pt\/#\/schema\/person\/23fa70681308e7b319a3204bcea45e0c"},"headline":"UAlg acolhe sess\u00e3o &#8220;Tratar o cancro por tu&#8221; sobre tumores pedi\u00e1tricos","datePublished":"2024-03-22T14:10:00+00:00","mainEntityOfPage":{"@id":"https:\/\/algarve7.pt\/index.php\/2024\/03\/ualg-acolhe-sessao-tratar-o-cancro-por-tu-sobre-tumores-pediatricos\/saude\/14\/10\/"},"wordCount":135,"publisher":{"@id":"https:\/\/algarve7.pt\/#organization"},"image":{"@id":"https:\/\/algarve7.pt\/index.php\/2024\/03\/ualg-acolhe-sessao-tratar-o-cancro-por-tu-sobre-tumores-pediatricos\/saude\/14\/10\/#primaryimage"},"thumbnailUrl":"https:\/\/algarve7.pt\/wp-content\/uploads\/2024\/03\/primage_72979.jpeg","keywords":["Algarve","Sa\u00fade","UALG"],"articleSection":["Sa\u00fade"],"inLanguage":"pt-PT"},{"@type":"WebPage","@id":"https:\/\/algarve7.pt\/index.php\/2024\/03\/ualg-acolhe-sessao-tratar-o-cancro-por-tu-sobre-tumores-pediatricos\/saude\/14\/10\/","url":"https:\/\/algarve7.pt\/index.php\/2024\/03\/ualg-acolhe-sessao-tratar-o-cancro-por-tu-sobre-tumores-pediatricos\/saude\/14\/10\/","name":"UAlg acolhe sess\u00e3o \"Tratar o cancro por tu\" sobre tumores pedi\u00e1tricos - Algarve 7","isPartOf":{"@id":"https:\/\/algarve7.pt\/#website"},"primaryImageOfPage":{"@id":"https:\/\/algarve7.pt\/index.php\/2024\/03\/ualg-acolhe-sessao-tratar-o-cancro-por-tu-sobre-tumores-pediatricos\/saude\/14\/10\/#primaryimage"},"image":{"@id":"https:\/\/algarve7.pt\/index.php\/2024\/03\/ualg-acolhe-sessao-tratar-o-cancro-por-tu-sobre-tumores-pediatricos\/saude\/14\/10\/#primaryimage"},"thumbnailUrl":"https:\/\/algarve7.pt\/wp-content\/uploads\/2024\/03\/primage_72979.jpeg","datePublished":"2024-03-22T14:10:00+00:00","description":"UAlg acolhe sess\u00e3o \"Tratar o cancro por tu\" sobre tumores pedi\u00e1tricos Sa\u00fade","breadcrumb":{"@id":"https:\/\/algarve7.pt\/index.php\/2024\/03\/ualg-acolhe-sessao-tratar-o-cancro-por-tu-sobre-tumores-pediatricos\/saude\/14\/10\/#breadcrumb"},"inLanguage":"pt-PT","potentialAction":[{"@type":"ReadAction","target":["https:\/\/algarve7.pt\/index.php\/2024\/03\/ualg-acolhe-sessao-tratar-o-cancro-por-tu-sobre-tumores-pediatricos\/saude\/14\/10\/"]}]},{"@type":"ImageObject","inLanguage":"pt-PT","@id":"https:\/\/algarve7.pt\/index.php\/2024\/03\/ualg-acolhe-sessao-tratar-o-cancro-por-tu-sobre-tumores-pediatricos\/saude\/14\/10\/#primaryimage","url":"https:\/\/algarve7.pt\/wp-content\/uploads\/2024\/03\/primage_72979.jpeg","contentUrl":"https:\/\/algarve7.pt\/wp-content\/uploads\/2024\/03\/primage_72979.jpeg","width":1000,"height":563},{"@type":"BreadcrumbList","@id":"https:\/\/algarve7.pt\/index.php\/2024\/03\/ualg-acolhe-sessao-tratar-o-cancro-por-tu-sobre-tumores-pediatricos\/saude\/14\/10\/#breadcrumb","itemListElement":[{"@type":"ListItem","position":1,"name":"In\u00edcio","item":"https:\/\/algarve7.pt\/"},{"@type":"ListItem","position":2,"name":"UAlg acolhe sess\u00e3o &#8220;Tratar o cancro por tu&#8221; sobre tumores pedi\u00e1tricos"}]},{"@type":"WebSite","@id":"https:\/\/algarve7.pt\/#website","url":"https:\/\/algarve7.pt\/","name":"Algarve 7","description":"Informa\u00e7\u00e3o sobre o Algarve","publisher":{"@id":"https:\/\/algarve7.pt\/#organization"},"potentialAction":[{"@type":"SearchAction","target":{"@type":"EntryPoint","urlTemplate":"https:\/\/algarve7.pt\/?s={search_term_string}"},"query-input":{"@type":"PropertyValueSpecification","valueRequired":true,"valueName":"search_term_string"}}],"inLanguage":"pt-PT"},{"@type":"Organization","@id":"https:\/\/algarve7.pt\/#organization","name":"Algarve 7","url":"https:\/\/algarve7.pt\/","logo":{"@type":"ImageObject","inLanguage":"pt-PT","@id":"https:\/\/algarve7.pt\/#\/schema\/logo\/image\/","url":"https:\/\/algarve7.pt\/wp-content\/uploads\/2020\/10\/Logo-8.jpg","contentUrl":"https:\/\/algarve7.pt\/wp-content\/uploads\/2020\/10\/Logo-8.jpg","width":1680,"height":1186,"caption":"Algarve 7"},"image":{"@id":"https:\/\/algarve7.pt\/#\/schema\/logo\/image\/"},"sameAs":["https:\/\/www.facebook.com\/algarve7","https:\/\/x.com\/Algarvesete","https:\/\/www.instagram.com\/jornalalgarve7\/","https:\/\/www.linkedin.com\/company\/algarve7","https:\/\/www.pinterest.pt\/geral0939\/_created\/"]},{"@type":"Person","@id":"https:\/\/algarve7.pt\/#\/schema\/person\/23fa70681308e7b319a3204bcea45e0c","name":"Algarve 7","sameAs":["https:\/\/algarve7.pt","https:\/\/www.facebook.com\/algarve7"],"url":"https:\/\/algarve7.pt\/index.php\/author\/geralalgarve7-pt\/"}]}},"jetpack_publicize_connections":[],"jetpack_featured_media_url":"https:\/\/algarve7.pt\/wp-content\/uploads\/2024\/03\/primage_72979.jpeg","jetpack_shortlink":"https:\/\/wp.me\/pcezmW-9Bn","jetpack_sharing_enabled":true,"_links":{"self":[{"href":"https:\/\/algarve7.pt\/index.php\/wp-json\/wp\/v2\/posts\/36913","targetHints":{"allow":["GET"]}}],"collection":[{"href":"https:\/\/algarve7.pt\/index.php\/wp-json\/wp\/v2\/posts"}],"about":[{"href":"https:\/\/algarve7.pt\/index.php\/wp-json\/wp\/v2\/types\/post"}],"author":[{"embeddable":true,"href":"https:\/\/algarve7.pt\/index.php\/wp-json\/wp\/v2\/users\/1"}],"replies":[{"embeddable":true,"href":"https:\/\/algarve7.pt\/index.php\/wp-json\/wp\/v2\/comments?post=36913"}],"version-history":[{"count":0,"href":"https:\/\/algarve7.pt\/index.php\/wp-json\/wp\/v2\/posts\/36913\/revisions"}],"wp:featuredmedia":[{"embeddable":true,"href":"https:\/\/algarve7.pt\/index.php\/wp-json\/wp\/v2\/media\/36914"}],"wp:attachment":[{"href":"https:\/\/algarve7.pt\/index.php\/wp-json\/wp\/v2\/media?parent=36913"}],"wp:term":[{"taxonomy":"category","embeddable":true,"href":"https:\/\/algarve7.pt\/index.php\/wp-json\/wp\/v2\/categories?post=36913"},{"taxonomy":"post_tag","embeddable":true,"href":"https:\/\/algarve7.pt\/index.php\/wp-json\/wp\/v2\/tags?post=36913"}],"curies":[{"name":"wp","href":"https:\/\/api.w.org\/{rel}","templated":true}]}}