{"id":36637,"date":"2024-03-15T07:50:00","date_gmt":"2024-03-15T07:50:00","guid":{"rendered":"https:\/\/algarve7.pt\/?p=36637"},"modified":"2024-03-14T21:06:26","modified_gmt":"2024-03-14T21:06:26","slug":"x-festival-do-perceve-inscricoes-abertas-para-expositores-e-food-trucks","status":"publish","type":"post","link":"https:\/\/algarve7.pt\/index.php\/2024\/03\/x-festival-do-perceve-inscricoes-abertas-para-expositores-e-food-trucks\/atualidade\/07\/50\/","title":{"rendered":"X Festival do Perceve: inscri\u00e7\u00f5es abertas para expositores e Food Trucks"},"content":{"rendered":"\n<p class=\"wp-block-paragraph\"><strong>Est\u00e3o abertas as inscri\u00e7\u00f5es, at\u00e9 29 de abril, para os expositores e Food Trucks -Unidades M\u00f3veis Aut\u00f3nomas &#8211; que queiram estar presentes no X Festival do Perceve, que este<\/strong>&nbsp;<strong>ano \u00e9 mais cedo.<\/strong>&nbsp;<strong>Realiza-se nos dias 7, 8 e 9 de jun<\/strong><strong>ho.&nbsp;<\/strong><\/p>\n\n\n\n<p class=\"wp-block-paragraph\">Na sua d\u00e9cima edi\u00e7\u00e3o, o festival apresenta esta novidade para adaptar o calend\u00e1rio do evento ao per\u00edodo mais prop\u00edcio \u00e0 apanha dos perceves.<\/p>\n\n\n\n<p class=\"wp-block-paragraph\">Trata-se de um evento que atra\u00ed ao concelho visitantes, nacionais e internacionais, para saborearem uma das maiores iguarias gastron\u00f3micas da regi\u00e3o, os perceves.<\/p>\n\n\n\n<p class=\"wp-block-paragraph\">Os interessados dever\u00e3o efetuar a sua inscri\u00e7\u00e3o atrav\u00e9s da ficha de inscri\u00e7\u00e3o\u00a0 e respetivos anexos, que dever\u00e3o ser entregues de forma exclusivamente\u00a0<em>online<\/em>, at\u00e9 ao dia 29 de abril de 2024, para\u00a0<a href=\"mailto:festivaldoperceve@cm-viladobispo.pt\" target=\"_blank\" rel=\"noreferrer noopener\">festivaldoperceve@cm-viladobispo.pt<\/a><\/p>\n\n\n\n<p class=\"wp-block-paragraph\">As normas de funcionamento e participa\u00e7\u00e3o e as fichas de inscri\u00e7\u00e3o est\u00e3o\u00a0dispon\u00edveis abaixo para download em formato PDF.<\/p>\n\n\n\n<h3 class=\"wp-block-heading\">Documentos para Download<\/h3>\n\n\n\n<ul class=\"wp-block-list\">\n<li><a target=\"_blank\" href=\"https:\/\/cms.cm-viladobispo.pt\/upload_files\/client_id_1\/website_id_1\/Noticias\/2024\/mar%C3%A7o\/Anexo%20II_Ficha%20de%20Inscri%C3%A7%C3%A3o%20Unidades%20Mov%C3%A9is%20Aut%C3%B3nomas%20-%20Festival%20do%20Perceve.pdf\" rel=\"noreferrer noopener\"><\/a><\/li>\n\n\n\n<li><a href=\"https:\/\/cms.cm-viladobispo.pt\/upload_files\/client_id_1\/website_id_1\/Noticias\/2024\/mar%C3%A7o\/Anexo%20II_Ficha%20de%20Inscri%C3%A7%C3%A3o%20Unidades%20Mov%C3%A9is%20Aut%C3%B3nomas%20-%20Festival%20do%20Perceve.pdf\" target=\"_blank\" rel=\"noreferrer noopener\">Ficha de Inscri\u00e7\u00e3o &#8211; Food Truck &#8211; Unidade M\u00f3vel Aut\u00f3noma&nbsp;<\/a><\/li>\n<\/ul>\n\n\n\n<ul class=\"wp-block-list\">\n<li><a target=\"_blank\" href=\"https:\/\/cms.cm-viladobispo.pt\/upload_files\/client_id_1\/website_id_1\/Noticias\/2024\/mar%C3%A7o\/Anexo%20I_Ficha%20de%20Inscri%C3%A7%C3%A3o_Expositores%20-%20Festival%20do%20Perceve.pdf\" rel=\"noreferrer noopener\"><\/a><\/li>\n\n\n\n<li><a href=\"https:\/\/cms.cm-viladobispo.pt\/upload_files\/client_id_1\/website_id_1\/Noticias\/2024\/mar%C3%A7o\/Anexo%20I_Ficha%20de%20Inscri%C3%A7%C3%A3o_Expositores%20-%20Festival%20do%20Perceve.pdf\" target=\"_blank\" rel=\"noreferrer noopener\">Ficha de Inscri\u00e7\u00e3o &#8211; Expositores&nbsp;<\/a><\/li>\n<\/ul>\n\n\n\n<ul class=\"wp-block-list\">\n<li><a target=\"_blank\" href=\"https:\/\/cms.cm-viladobispo.pt\/upload_files\/client_id_1\/website_id_1\/Noticias\/2024\/mar%C3%A7o\/Normas%20de%20Funcionamento%20e%20Participa%C3%A7%C3%A3o.pdf\" rel=\"noreferrer noopener\"><\/a><\/li>\n\n\n\n<li><a href=\"https:\/\/cms.cm-viladobispo.pt\/upload_files\/client_id_1\/website_id_1\/Noticias\/2024\/mar%C3%A7o\/Normas%20de%20Funcionamento%20e%20Participa%C3%A7%C3%A3o.pdf\" target=\"_blank\" rel=\"noreferrer noopener\">Normas de Participa\u00e7\u00e3o<\/a><\/li>\n<\/ul>\n\n\n\n<p class=\"wp-block-paragraph\"><\/p>\n","protected":false},"excerpt":{"rendered":"<p>Est\u00e3o abertas as inscri\u00e7\u00f5es, at\u00e9 29 de abril, para os expositores e Food Trucks -Unidades M\u00f3veis Aut\u00f3nomas &#8211; que queiram<\/p>\n","protected":false},"author":1,"featured_media":36638,"comment_status":"closed","ping_status":"open","sticky":false,"template":"","format":"standard","meta":{"colormag_page_container_layout":"default_layout","colormag_page_sidebar_layout":"default_layout","_monsterinsights_skip_tracking":false,"_jetpack_newsletter_access":"","_jetpack_dont_email_post_to_subs":false,"_jetpack_newsletter_tier_id":0,"_jetpack_memberships_contains_paywalled_content":false,"_jetpack_feature_clip_id":0,"_jetpack_memberships_contains_paid_content":false,"footnotes":"","jetpack_publicize_message":"","jetpack_publicize_feature_enabled":true,"jetpack_social_post_already_shared":false,"jetpack_social_options":{"image_generator_settings":{"template":"highway","default_image_id":0,"font":"","enabled":false},"version":2},"jetpack_post_was_ever_published":false},"categories":[11],"tags":[36,62,1062,84],"class_list":["post-36637","post","type-post","status-publish","format-standard","has-post-thumbnail","hentry","category-atualidade","tag-algarve","tag-atualidade","tag-festival-do-perceve","tag-vila-do-bispo"],"yoast_head":"<!-- This site is optimized with the Yoast SEO plugin v28.4 - https:\/\/yoast.com\/product\/yoast-seo-wordpress\/ -->\n<title>X Festival do Perceve: inscri\u00e7\u00f5es abertas para expositores e Food Trucks - Algarve 7<\/title>\n<meta name=\"description\" content=\"X Festival do Perceve: inscri\u00e7\u00f5es abertas para expositores e Food Trucks Atualidade\" \/>\n<meta name=\"robots\" content=\"index, follow, max-snippet:-1, max-image-preview:large, max-video-preview:-1\" \/>\n<link rel=\"canonical\" href=\"https:\/\/algarve7.pt\/index.php\/2024\/03\/x-festival-do-perceve-inscricoes-abertas-para-expositores-e-food-trucks\/atualidade\/07\/50\/\" \/>\n<meta property=\"og:locale\" content=\"pt_PT\" \/>\n<meta property=\"og:type\" content=\"article\" \/>\n<meta property=\"og:title\" content=\"X Festival do Perceve: inscri\u00e7\u00f5es abertas para expositores e Food Trucks - Algarve 7\" \/>\n<meta property=\"og:description\" content=\"X Festival do Perceve: inscri\u00e7\u00f5es abertas para expositores e Food Trucks Atualidade\" \/>\n<meta property=\"og:url\" content=\"https:\/\/algarve7.pt\/index.php\/2024\/03\/x-festival-do-perceve-inscricoes-abertas-para-expositores-e-food-trucks\/atualidade\/07\/50\/\" \/>\n<meta property=\"og:site_name\" content=\"Algarve 7\" \/>\n<meta property=\"article:publisher\" content=\"https:\/\/www.facebook.com\/algarve7\" \/>\n<meta property=\"article:author\" content=\"https:\/\/www.facebook.com\/algarve7\" \/>\n<meta property=\"article:published_time\" content=\"2024-03-15T07:50:00+00:00\" \/>\n<meta property=\"og:image\" content=\"https:\/\/algarve7.pt\/wp-content\/uploads\/2024\/03\/431908624_731870869128425_6203766535463055136_n-e1710450334762.jpg\" \/>\n\t<meta property=\"og:image:width\" content=\"670\" \/>\n\t<meta property=\"og:image:height\" content=\"597\" \/>\n\t<meta property=\"og:image:type\" content=\"image\/jpeg\" \/>\n<meta name=\"author\" content=\"Algarve 7\" \/>\n<meta name=\"twitter:card\" content=\"summary_large_image\" \/>\n<meta name=\"twitter:creator\" content=\"@Algarvesete\" \/>\n<meta name=\"twitter:site\" content=\"@Algarvesete\" \/>\n<meta name=\"twitter:label1\" content=\"Escrito por\" \/>\n\t<meta name=\"twitter:data1\" content=\"Algarve 7\" \/>\n\t<meta name=\"twitter:label2\" content=\"Tempo estimado de leitura\" \/>\n\t<meta name=\"twitter:data2\" content=\"2 minutos\" \/>\n<script type=\"application\/ld+json\" class=\"yoast-schema-graph\">{\"@context\":\"https:\\\/\\\/schema.org\",\"@graph\":[{\"@type\":\"Article\",\"@id\":\"https:\\\/\\\/algarve7.pt\\\/index.php\\\/2024\\\/03\\\/x-festival-do-perceve-inscricoes-abertas-para-expositores-e-food-trucks\\\/atualidade\\\/07\\\/50\\\/#article\",\"isPartOf\":{\"@id\":\"https:\\\/\\\/algarve7.pt\\\/index.php\\\/2024\\\/03\\\/x-festival-do-perceve-inscricoes-abertas-para-expositores-e-food-trucks\\\/atualidade\\\/07\\\/50\\\/\"},\"author\":{\"name\":\"Algarve 7\",\"@id\":\"https:\\\/\\\/algarve7.pt\\\/#\\\/schema\\\/person\\\/23fa70681308e7b319a3204bcea45e0c\"},\"headline\":\"X Festival do Perceve: inscri\u00e7\u00f5es abertas para expositores e Food Trucks\",\"datePublished\":\"2024-03-15T07:50:00+00:00\",\"mainEntityOfPage\":{\"@id\":\"https:\\\/\\\/algarve7.pt\\\/index.php\\\/2024\\\/03\\\/x-festival-do-perceve-inscricoes-abertas-para-expositores-e-food-trucks\\\/atualidade\\\/07\\\/50\\\/\"},\"wordCount\":198,\"publisher\":{\"@id\":\"https:\\\/\\\/algarve7.pt\\\/#organization\"},\"image\":{\"@id\":\"https:\\\/\\\/algarve7.pt\\\/index.php\\\/2024\\\/03\\\/x-festival-do-perceve-inscricoes-abertas-para-expositores-e-food-trucks\\\/atualidade\\\/07\\\/50\\\/#primaryimage\"},\"thumbnailUrl\":\"https:\\\/\\\/algarve7.pt\\\/wp-content\\\/uploads\\\/2024\\\/03\\\/431908624_731870869128425_6203766535463055136_n-e1710450334762.jpg\",\"keywords\":[\"Algarve\",\"Atualidade\",\"Festival do Perceve\",\"Vila do Bispo\"],\"articleSection\":[\"Atualidade\"],\"inLanguage\":\"pt-PT\"},{\"@type\":\"WebPage\",\"@id\":\"https:\\\/\\\/algarve7.pt\\\/index.php\\\/2024\\\/03\\\/x-festival-do-perceve-inscricoes-abertas-para-expositores-e-food-trucks\\\/atualidade\\\/07\\\/50\\\/\",\"url\":\"https:\\\/\\\/algarve7.pt\\\/index.php\\\/2024\\\/03\\\/x-festival-do-perceve-inscricoes-abertas-para-expositores-e-food-trucks\\\/atualidade\\\/07\\\/50\\\/\",\"name\":\"X Festival do Perceve: inscri\u00e7\u00f5es abertas para expositores e Food Trucks - Algarve 7\",\"isPartOf\":{\"@id\":\"https:\\\/\\\/algarve7.pt\\\/#website\"},\"primaryImageOfPage\":{\"@id\":\"https:\\\/\\\/algarve7.pt\\\/index.php\\\/2024\\\/03\\\/x-festival-do-perceve-inscricoes-abertas-para-expositores-e-food-trucks\\\/atualidade\\\/07\\\/50\\\/#primaryimage\"},\"image\":{\"@id\":\"https:\\\/\\\/algarve7.pt\\\/index.php\\\/2024\\\/03\\\/x-festival-do-perceve-inscricoes-abertas-para-expositores-e-food-trucks\\\/atualidade\\\/07\\\/50\\\/#primaryimage\"},\"thumbnailUrl\":\"https:\\\/\\\/algarve7.pt\\\/wp-content\\\/uploads\\\/2024\\\/03\\\/431908624_731870869128425_6203766535463055136_n-e1710450334762.jpg\",\"datePublished\":\"2024-03-15T07:50:00+00:00\",\"description\":\"X Festival do Perceve: inscri\u00e7\u00f5es abertas para expositores e Food Trucks Atualidade\",\"breadcrumb\":{\"@id\":\"https:\\\/\\\/algarve7.pt\\\/index.php\\\/2024\\\/03\\\/x-festival-do-perceve-inscricoes-abertas-para-expositores-e-food-trucks\\\/atualidade\\\/07\\\/50\\\/#breadcrumb\"},\"inLanguage\":\"pt-PT\",\"potentialAction\":[{\"@type\":\"ReadAction\",\"target\":[\"https:\\\/\\\/algarve7.pt\\\/index.php\\\/2024\\\/03\\\/x-festival-do-perceve-inscricoes-abertas-para-expositores-e-food-trucks\\\/atualidade\\\/07\\\/50\\\/\"]}]},{\"@type\":\"ImageObject\",\"inLanguage\":\"pt-PT\",\"@id\":\"https:\\\/\\\/algarve7.pt\\\/index.php\\\/2024\\\/03\\\/x-festival-do-perceve-inscricoes-abertas-para-expositores-e-food-trucks\\\/atualidade\\\/07\\\/50\\\/#primaryimage\",\"url\":\"https:\\\/\\\/algarve7.pt\\\/wp-content\\\/uploads\\\/2024\\\/03\\\/431908624_731870869128425_6203766535463055136_n-e1710450334762.jpg\",\"contentUrl\":\"https:\\\/\\\/algarve7.pt\\\/wp-content\\\/uploads\\\/2024\\\/03\\\/431908624_731870869128425_6203766535463055136_n-e1710450334762.jpg\",\"width\":670,\"height\":597},{\"@type\":\"BreadcrumbList\",\"@id\":\"https:\\\/\\\/algarve7.pt\\\/index.php\\\/2024\\\/03\\\/x-festival-do-perceve-inscricoes-abertas-para-expositores-e-food-trucks\\\/atualidade\\\/07\\\/50\\\/#breadcrumb\",\"itemListElement\":[{\"@type\":\"ListItem\",\"position\":1,\"name\":\"In\u00edcio\",\"item\":\"https:\\\/\\\/algarve7.pt\\\/\"},{\"@type\":\"ListItem\",\"position\":2,\"name\":\"X Festival do Perceve: inscri\u00e7\u00f5es abertas para expositores e Food Trucks\"}]},{\"@type\":\"WebSite\",\"@id\":\"https:\\\/\\\/algarve7.pt\\\/#website\",\"url\":\"https:\\\/\\\/algarve7.pt\\\/\",\"name\":\"Algarve 7\",\"description\":\"Informa\u00e7\u00e3o sobre o Algarve\",\"publisher\":{\"@id\":\"https:\\\/\\\/algarve7.pt\\\/#organization\"},\"potentialAction\":[{\"@type\":\"SearchAction\",\"target\":{\"@type\":\"EntryPoint\",\"urlTemplate\":\"https:\\\/\\\/algarve7.pt\\\/?s={search_term_string}\"},\"query-input\":{\"@type\":\"PropertyValueSpecification\",\"valueRequired\":true,\"valueName\":\"search_term_string\"}}],\"inLanguage\":\"pt-PT\"},{\"@type\":\"Organization\",\"@id\":\"https:\\\/\\\/algarve7.pt\\\/#organization\",\"name\":\"Algarve 7\",\"url\":\"https:\\\/\\\/algarve7.pt\\\/\",\"logo\":{\"@type\":\"ImageObject\",\"inLanguage\":\"pt-PT\",\"@id\":\"https:\\\/\\\/algarve7.pt\\\/#\\\/schema\\\/logo\\\/image\\\/\",\"url\":\"https:\\\/\\\/algarve7.pt\\\/wp-content\\\/uploads\\\/2020\\\/10\\\/Logo-8.jpg\",\"contentUrl\":\"https:\\\/\\\/algarve7.pt\\\/wp-content\\\/uploads\\\/2020\\\/10\\\/Logo-8.jpg\",\"width\":1680,\"height\":1186,\"caption\":\"Algarve 7\"},\"image\":{\"@id\":\"https:\\\/\\\/algarve7.pt\\\/#\\\/schema\\\/logo\\\/image\\\/\"},\"sameAs\":[\"https:\\\/\\\/www.facebook.com\\\/algarve7\",\"https:\\\/\\\/x.com\\\/Algarvesete\",\"https:\\\/\\\/www.instagram.com\\\/jornalalgarve7\\\/\",\"https:\\\/\\\/www.linkedin.com\\\/company\\\/algarve7\",\"https:\\\/\\\/www.pinterest.pt\\\/geral0939\\\/_created\\\/\"]},{\"@type\":\"Person\",\"@id\":\"https:\\\/\\\/algarve7.pt\\\/#\\\/schema\\\/person\\\/23fa70681308e7b319a3204bcea45e0c\",\"name\":\"Algarve 7\",\"sameAs\":[\"https:\\\/\\\/algarve7.pt\",\"https:\\\/\\\/www.facebook.com\\\/algarve7\"],\"url\":\"https:\\\/\\\/algarve7.pt\\\/index.php\\\/author\\\/geralalgarve7-pt\\\/\"}]}<\/script>\n<!-- \/ Yoast SEO plugin. -->","yoast_head_json":{"title":"X Festival do Perceve: inscri\u00e7\u00f5es abertas para expositores e Food Trucks - Algarve 7","description":"X Festival do Perceve: inscri\u00e7\u00f5es abertas para expositores e Food Trucks Atualidade","robots":{"index":"index","follow":"follow","max-snippet":"max-snippet:-1","max-image-preview":"max-image-preview:large","max-video-preview":"max-video-preview:-1"},"canonical":"https:\/\/algarve7.pt\/index.php\/2024\/03\/x-festival-do-perceve-inscricoes-abertas-para-expositores-e-food-trucks\/atualidade\/07\/50\/","og_locale":"pt_PT","og_type":"article","og_title":"X Festival do Perceve: inscri\u00e7\u00f5es abertas para expositores e Food Trucks - Algarve 7","og_description":"X Festival do Perceve: inscri\u00e7\u00f5es abertas para expositores e Food Trucks Atualidade","og_url":"https:\/\/algarve7.pt\/index.php\/2024\/03\/x-festival-do-perceve-inscricoes-abertas-para-expositores-e-food-trucks\/atualidade\/07\/50\/","og_site_name":"Algarve 7","article_publisher":"https:\/\/www.facebook.com\/algarve7","article_author":"https:\/\/www.facebook.com\/algarve7","article_published_time":"2024-03-15T07:50:00+00:00","og_image":[{"width":670,"height":597,"url":"https:\/\/algarve7.pt\/wp-content\/uploads\/2024\/03\/431908624_731870869128425_6203766535463055136_n-e1710450334762.jpg","type":"image\/jpeg"}],"author":"Algarve 7","twitter_card":"summary_large_image","twitter_creator":"@Algarvesete","twitter_site":"@Algarvesete","twitter_misc":{"Escrito por":"Algarve 7","Tempo estimado de leitura":"2 minutos"},"schema":{"@context":"https:\/\/schema.org","@graph":[{"@type":"Article","@id":"https:\/\/algarve7.pt\/index.php\/2024\/03\/x-festival-do-perceve-inscricoes-abertas-para-expositores-e-food-trucks\/atualidade\/07\/50\/#article","isPartOf":{"@id":"https:\/\/algarve7.pt\/index.php\/2024\/03\/x-festival-do-perceve-inscricoes-abertas-para-expositores-e-food-trucks\/atualidade\/07\/50\/"},"author":{"name":"Algarve 7","@id":"https:\/\/algarve7.pt\/#\/schema\/person\/23fa70681308e7b319a3204bcea45e0c"},"headline":"X Festival do Perceve: inscri\u00e7\u00f5es abertas para expositores e Food Trucks","datePublished":"2024-03-15T07:50:00+00:00","mainEntityOfPage":{"@id":"https:\/\/algarve7.pt\/index.php\/2024\/03\/x-festival-do-perceve-inscricoes-abertas-para-expositores-e-food-trucks\/atualidade\/07\/50\/"},"wordCount":198,"publisher":{"@id":"https:\/\/algarve7.pt\/#organization"},"image":{"@id":"https:\/\/algarve7.pt\/index.php\/2024\/03\/x-festival-do-perceve-inscricoes-abertas-para-expositores-e-food-trucks\/atualidade\/07\/50\/#primaryimage"},"thumbnailUrl":"https:\/\/algarve7.pt\/wp-content\/uploads\/2024\/03\/431908624_731870869128425_6203766535463055136_n-e1710450334762.jpg","keywords":["Algarve","Atualidade","Festival do Perceve","Vila do Bispo"],"articleSection":["Atualidade"],"inLanguage":"pt-PT"},{"@type":"WebPage","@id":"https:\/\/algarve7.pt\/index.php\/2024\/03\/x-festival-do-perceve-inscricoes-abertas-para-expositores-e-food-trucks\/atualidade\/07\/50\/","url":"https:\/\/algarve7.pt\/index.php\/2024\/03\/x-festival-do-perceve-inscricoes-abertas-para-expositores-e-food-trucks\/atualidade\/07\/50\/","name":"X Festival do Perceve: inscri\u00e7\u00f5es abertas para expositores e Food Trucks - Algarve 7","isPartOf":{"@id":"https:\/\/algarve7.pt\/#website"},"primaryImageOfPage":{"@id":"https:\/\/algarve7.pt\/index.php\/2024\/03\/x-festival-do-perceve-inscricoes-abertas-para-expositores-e-food-trucks\/atualidade\/07\/50\/#primaryimage"},"image":{"@id":"https:\/\/algarve7.pt\/index.php\/2024\/03\/x-festival-do-perceve-inscricoes-abertas-para-expositores-e-food-trucks\/atualidade\/07\/50\/#primaryimage"},"thumbnailUrl":"https:\/\/algarve7.pt\/wp-content\/uploads\/2024\/03\/431908624_731870869128425_6203766535463055136_n-e1710450334762.jpg","datePublished":"2024-03-15T07:50:00+00:00","description":"X Festival do Perceve: inscri\u00e7\u00f5es abertas para expositores e Food Trucks Atualidade","breadcrumb":{"@id":"https:\/\/algarve7.pt\/index.php\/2024\/03\/x-festival-do-perceve-inscricoes-abertas-para-expositores-e-food-trucks\/atualidade\/07\/50\/#breadcrumb"},"inLanguage":"pt-PT","potentialAction":[{"@type":"ReadAction","target":["https:\/\/algarve7.pt\/index.php\/2024\/03\/x-festival-do-perceve-inscricoes-abertas-para-expositores-e-food-trucks\/atualidade\/07\/50\/"]}]},{"@type":"ImageObject","inLanguage":"pt-PT","@id":"https:\/\/algarve7.pt\/index.php\/2024\/03\/x-festival-do-perceve-inscricoes-abertas-para-expositores-e-food-trucks\/atualidade\/07\/50\/#primaryimage","url":"https:\/\/algarve7.pt\/wp-content\/uploads\/2024\/03\/431908624_731870869128425_6203766535463055136_n-e1710450334762.jpg","contentUrl":"https:\/\/algarve7.pt\/wp-content\/uploads\/2024\/03\/431908624_731870869128425_6203766535463055136_n-e1710450334762.jpg","width":670,"height":597},{"@type":"BreadcrumbList","@id":"https:\/\/algarve7.pt\/index.php\/2024\/03\/x-festival-do-perceve-inscricoes-abertas-para-expositores-e-food-trucks\/atualidade\/07\/50\/#breadcrumb","itemListElement":[{"@type":"ListItem","position":1,"name":"In\u00edcio","item":"https:\/\/algarve7.pt\/"},{"@type":"ListItem","position":2,"name":"X Festival do Perceve: inscri\u00e7\u00f5es abertas para expositores e Food Trucks"}]},{"@type":"WebSite","@id":"https:\/\/algarve7.pt\/#website","url":"https:\/\/algarve7.pt\/","name":"Algarve 7","description":"Informa\u00e7\u00e3o sobre o Algarve","publisher":{"@id":"https:\/\/algarve7.pt\/#organization"},"potentialAction":[{"@type":"SearchAction","target":{"@type":"EntryPoint","urlTemplate":"https:\/\/algarve7.pt\/?s={search_term_string}"},"query-input":{"@type":"PropertyValueSpecification","valueRequired":true,"valueName":"search_term_string"}}],"inLanguage":"pt-PT"},{"@type":"Organization","@id":"https:\/\/algarve7.pt\/#organization","name":"Algarve 7","url":"https:\/\/algarve7.pt\/","logo":{"@type":"ImageObject","inLanguage":"pt-PT","@id":"https:\/\/algarve7.pt\/#\/schema\/logo\/image\/","url":"https:\/\/algarve7.pt\/wp-content\/uploads\/2020\/10\/Logo-8.jpg","contentUrl":"https:\/\/algarve7.pt\/wp-content\/uploads\/2020\/10\/Logo-8.jpg","width":1680,"height":1186,"caption":"Algarve 7"},"image":{"@id":"https:\/\/algarve7.pt\/#\/schema\/logo\/image\/"},"sameAs":["https:\/\/www.facebook.com\/algarve7","https:\/\/x.com\/Algarvesete","https:\/\/www.instagram.com\/jornalalgarve7\/","https:\/\/www.linkedin.com\/company\/algarve7","https:\/\/www.pinterest.pt\/geral0939\/_created\/"]},{"@type":"Person","@id":"https:\/\/algarve7.pt\/#\/schema\/person\/23fa70681308e7b319a3204bcea45e0c","name":"Algarve 7","sameAs":["https:\/\/algarve7.pt","https:\/\/www.facebook.com\/algarve7"],"url":"https:\/\/algarve7.pt\/index.php\/author\/geralalgarve7-pt\/"}]}},"jetpack_publicize_connections":[],"jetpack_shortlink":"https:\/\/wp.me\/pcezmW-9wV","jetpack_sharing_enabled":true,"jetpack_featured_media_url":"https:\/\/algarve7.pt\/wp-content\/uploads\/2024\/03\/431908624_731870869128425_6203766535463055136_n-e1710450334762.jpg","_links":{"self":[{"href":"https:\/\/algarve7.pt\/index.php\/wp-json\/wp\/v2\/posts\/36637","targetHints":{"allow":["GET"]}}],"collection":[{"href":"https:\/\/algarve7.pt\/index.php\/wp-json\/wp\/v2\/posts"}],"about":[{"href":"https:\/\/algarve7.pt\/index.php\/wp-json\/wp\/v2\/types\/post"}],"author":[{"embeddable":true,"href":"https:\/\/algarve7.pt\/index.php\/wp-json\/wp\/v2\/users\/1"}],"replies":[{"embeddable":true,"href":"https:\/\/algarve7.pt\/index.php\/wp-json\/wp\/v2\/comments?post=36637"}],"version-history":[{"count":0,"href":"https:\/\/algarve7.pt\/index.php\/wp-json\/wp\/v2\/posts\/36637\/revisions"}],"wp:featuredmedia":[{"embeddable":true,"href":"https:\/\/algarve7.pt\/index.php\/wp-json\/wp\/v2\/media\/36638"}],"wp:attachment":[{"href":"https:\/\/algarve7.pt\/index.php\/wp-json\/wp\/v2\/media?parent=36637"}],"wp:term":[{"taxonomy":"category","embeddable":true,"href":"https:\/\/algarve7.pt\/index.php\/wp-json\/wp\/v2\/categories?post=36637"},{"taxonomy":"post_tag","embeddable":true,"href":"https:\/\/algarve7.pt\/index.php\/wp-json\/wp\/v2\/tags?post=36637"}],"curies":[{"name":"wp","href":"https:\/\/api.w.org\/{rel}","templated":true}]}}