{"id":3655,"date":"2020-11-12T17:26:58","date_gmt":"2020-11-12T17:26:58","guid":{"rendered":"https:\/\/algarve7.pt\/?p=3655"},"modified":"2020-11-12T17:26:59","modified_gmt":"2020-11-12T17:26:59","slug":"amal-promoveu-reuniao-da-rede-investalgarve","status":"publish","type":"post","link":"https:\/\/algarve7.pt\/index.php\/2020\/11\/amal-promoveu-reuniao-da-rede-investalgarve\/atualidade\/17\/26\/","title":{"rendered":"AMAL promoveu reuni\u00e3o da rede Investalgarve"},"content":{"rendered":"\n<p><strong>A AMAL &#8211; Comunidade Intermunicipal do Algarve promoveu, no \u00e2mbito do Projeto INOVA ALGARVE 2.0, uma reuni\u00e3o da rede Investalgarve \u2013 Rede Regional de Apoio ao Desenvolvimento Econ\u00f3mico e Social. O encontro, que decorreu ontem, 11 de novembro, contou com cerca de 70 participantes e teve como oradores convidados v\u00e1rias individualidades da regi\u00e3o.<\/strong><\/p>\n\n\n\n<p><br>A reuni\u00e3o, onde participaram v\u00e1rios t\u00e9cnicos das autarquias da regi\u00e3o e de outras entidades p\u00fablicas e privadas, contou com a presen\u00e7a do presidente da CCDR Algarve, Jos\u00e9 Apolin\u00e1rio, e do Presidente da AMAL, Ant\u00f3nio Pina, que encerrou os trabalhos.<\/p>\n\n\n\n<p>O programa incluiu a apresenta\u00e7\u00e3o de v\u00e1rios pain\u00e9is focados em 3 temas estrat\u00e9gicos: \u201cOs Instrumentos de Apoio \u00e0 Recupera\u00e7\u00e3o e Desenvolvimento do Algarve (2021 \u2013 2027)\u201d; \u201cO futuro do sector agroalimentar no Algarve\u201d e \u201cA situa\u00e7\u00e3o do emprego no Algarve e principais medidas previstas\u201d. No que diz respeito aos oradores, participaram no encontro v\u00e1rias individualidades maioritariamente do Algarve&nbsp;entre elas, Pedro Monteiro (DRAP Algarve), Sara Silva (Comiss\u00e3o Vitivin\u00edcola do Algarve), V\u00edtor Neto (NERA), Miguel Freitas (UAlg.), Lu\u00eds Gomes (UAlg.), Carlos Lobo (E&amp;Y) e Madalena FEU (IEFP).<\/p>\n\n\n\n<p>\u201cFortalecer a economia do Algarve e melhorar as taxas de execu\u00e7\u00e3o dos Programas Operacionais Regionais\u201d s\u00e3o dois dos principais objetivos que Jos\u00e9 Apolin\u00e1rio, recentemente empossado como Presidente da CCDR Algarve, aponta para os pr\u00f3ximos anos. Para este respons\u00e1vel \u201c\u00e9, igualmente, imperioso &#8211; at\u00e9 porque o contexto pand\u00e9mico que vivemos atualmente assim o exige &#8211; , salvar as empresas da regi\u00e3o, valorizando fortemente a economia local\u201d. Quanto ao Plano de Recupera\u00e7\u00e3o do Algarve, que est\u00e1 a ser desenvolvido pela AMAL, em parceria com a Universidade do Algarve, Jos\u00e9 Apolin\u00e1rio referiu que \u201c\u00e9 important\u00edssimo que chegue a bom porto para preparar a regi\u00e3o para o futuro, tornando-a mais resiliente e com \u00e1reas mais diversificadas na sua base econ\u00f3mica, n\u00e3o estando esse peso apenas no sector tur\u00edstico\u201d.<\/p>\n\n\n\n<p>\u201cDiversificar as \u00e1reas econ\u00f3micas do Algarve \u00e9, tamb\u00e9m, a grande bandeira da AMAL neste processo\u201d, afirmou Ant\u00f3nio Pina, Presidente da Comunidade Intermunicipal do Algarve. \u201cN\u00e3o podemos ser uma regi\u00e3o que continue a depender do sector tur\u00edstico para o seu desenvolvimento. \u00c9 um sector muito importante, mas n\u00e3o podemos depender unicamente dele e a pandemia veio recordar-nos isso\u201d. O respons\u00e1vel da AMAL sublinhou que \u201cprecisamos de fomentar o h\u00e1bito de consumir localmente. \u00c9 necess\u00e1rio, por exemplo, que se crie a consci\u00eancia, tanto nos que c\u00e1 vivem, como nos que nos visitam, que \u00e9 importante consumir os produtos locais que s\u00e3o, ali\u00e1s, de \u00f3tima qualidade\u201d.<\/p>\n\n\n\n<p>Os problemas do Algarve s\u00e3o mais antigos do que a pandemia, da\u00ed o empenho das entidades regionais na prepara\u00e7\u00e3o do Plano de Recupera\u00e7\u00e3o, elegendo projetos que sejam diferenciadores.<\/p>\n\n\n\n<p>Recorde-se, a prop\u00f3sito, que os projetos que forem aprovados neste \u00e2mbito espelham a preocupa\u00e7\u00e3o e expectativas dos 16 munic\u00edpios do Algarve em v\u00e1rias \u00e1reas (nomeadamente sa\u00fade, habita\u00e7\u00e3o, mobilidade, altera\u00e7\u00f5es clim\u00e1ticas) e ter\u00e3o de ser executados at\u00e9 2026.<\/p>\n\n\n\n<p>O Plano nacional conta com um or\u00e7amento de 12,9 mil milh\u00f5es de euros, com financiamento atrav\u00e9s de subven\u00e7\u00f5es, sendo 70% desembolsado durante 2021 e 2022, e o restante em 2023. A AMAL est\u00e1 a desenvolver este Plano para a regi\u00e3o com a Universidade do Algarve \u2013 Faculdade de Economia e uma equipa de consultores experiente nestas mat\u00e9rias.<\/p>\n\n\n\n<p>\u201cEste \u00e9, porventura, o maior desafio da nossa regi\u00e3o dos pr\u00f3ximos tempos. E \u00e9 um desafio de todos, assim o saibamos defender e concretizar\u201d referiu, a terminar, Ant\u00f3nio Pina.<\/p>\n","protected":false},"excerpt":{"rendered":"<p>A AMAL &#8211; Comunidade Intermunicipal do Algarve promoveu, no \u00e2mbito do Projeto INOVA ALGARVE 2.0, uma reuni\u00e3o da rede Investalgarve<\/p>\n","protected":false},"author":1,"featured_media":3656,"comment_status":"closed","ping_status":"open","sticky":false,"template":"","format":"standard","meta":{"colormag_page_container_layout":"default_layout","colormag_page_sidebar_layout":"default_layout","_monsterinsights_skip_tracking":false,"_monsterinsights_sitenote_active":false,"_monsterinsights_sitenote_note":"","_monsterinsights_sitenote_category":0,"jetpack_post_was_ever_published":false,"_jetpack_newsletter_access":"","_jetpack_dont_email_post_to_subs":false,"_jetpack_newsletter_tier_id":0,"_jetpack_memberships_contains_paywalled_content":false,"_jetpack_memberships_contains_paid_content":false,"footnotes":"","jetpack_publicize_message":"","jetpack_publicize_feature_enabled":true,"jetpack_social_post_already_shared":true,"jetpack_social_options":{"image_generator_settings":{"template":"highway","default_image_id":0,"font":"","enabled":false},"version":2}},"categories":[11],"tags":[36,207],"class_list":["post-3655","post","type-post","status-publish","format-standard","has-post-thumbnail","hentry","category-atualidade","tag-algarve","tag-amal"],"yoast_head":"<!-- This site is optimized with the Yoast SEO plugin v27.5 - https:\/\/yoast.com\/product\/yoast-seo-wordpress\/ -->\n<title>AMAL promoveu reuni\u00e3o da rede Investalgarve - Algarve 7<\/title>\n<meta name=\"description\" content=\"AMAL promoveu reuni\u00e3o da rede Investalgarve\" \/>\n<meta name=\"robots\" content=\"index, follow, max-snippet:-1, max-image-preview:large, max-video-preview:-1\" \/>\n<link rel=\"canonical\" href=\"https:\/\/algarve7.pt\/index.php\/2020\/11\/amal-promoveu-reuniao-da-rede-investalgarve\/atualidade\/17\/26\/\" \/>\n<meta property=\"og:locale\" content=\"pt_PT\" \/>\n<meta property=\"og:type\" content=\"article\" \/>\n<meta property=\"og:title\" content=\"AMAL promoveu reuni\u00e3o da rede Investalgarve - Algarve 7\" \/>\n<meta property=\"og:description\" content=\"AMAL promoveu reuni\u00e3o da rede Investalgarve\" \/>\n<meta property=\"og:url\" content=\"https:\/\/algarve7.pt\/index.php\/2020\/11\/amal-promoveu-reuniao-da-rede-investalgarve\/atualidade\/17\/26\/\" \/>\n<meta property=\"og:site_name\" content=\"Algarve 7\" \/>\n<meta property=\"article:publisher\" content=\"https:\/\/www.facebook.com\/algarve7\" \/>\n<meta property=\"article:author\" content=\"https:\/\/www.facebook.com\/algarve7\" \/>\n<meta property=\"article:published_time\" content=\"2020-11-12T17:26:58+00:00\" \/>\n<meta property=\"article:modified_time\" content=\"2020-11-12T17:26:59+00:00\" \/>\n<meta property=\"og:image\" content=\"https:\/\/algarve7.pt\/wp-content\/uploads\/2020\/11\/invest_algarve.jpg\" \/>\n\t<meta property=\"og:image:width\" content=\"1200\" \/>\n\t<meta property=\"og:image:height\" content=\"675\" \/>\n\t<meta property=\"og:image:type\" content=\"image\/jpeg\" \/>\n<meta name=\"author\" content=\"Algarve 7\" \/>\n<meta name=\"twitter:card\" content=\"summary_large_image\" \/>\n<meta name=\"twitter:creator\" content=\"@Algarvesete\" \/>\n<meta name=\"twitter:site\" content=\"@Algarvesete\" \/>\n<meta name=\"twitter:label1\" content=\"Escrito por\" \/>\n\t<meta name=\"twitter:data1\" content=\"Algarve 7\" \/>\n\t<meta name=\"twitter:label2\" content=\"Tempo estimado de leitura\" \/>\n\t<meta name=\"twitter:data2\" content=\"3 minutos\" \/>\n<script type=\"application\/ld+json\" class=\"yoast-schema-graph\">{\"@context\":\"https:\\\/\\\/schema.org\",\"@graph\":[{\"@type\":\"Article\",\"@id\":\"https:\\\/\\\/algarve7.pt\\\/index.php\\\/2020\\\/11\\\/amal-promoveu-reuniao-da-rede-investalgarve\\\/atualidade\\\/17\\\/26\\\/#article\",\"isPartOf\":{\"@id\":\"https:\\\/\\\/algarve7.pt\\\/index.php\\\/2020\\\/11\\\/amal-promoveu-reuniao-da-rede-investalgarve\\\/atualidade\\\/17\\\/26\\\/\"},\"author\":{\"name\":\"Algarve 7\",\"@id\":\"https:\\\/\\\/algarve7.pt\\\/#\\\/schema\\\/person\\\/23fa70681308e7b319a3204bcea45e0c\"},\"headline\":\"AMAL promoveu reuni\u00e3o da rede Investalgarve\",\"datePublished\":\"2020-11-12T17:26:58+00:00\",\"dateModified\":\"2020-11-12T17:26:59+00:00\",\"mainEntityOfPage\":{\"@id\":\"https:\\\/\\\/algarve7.pt\\\/index.php\\\/2020\\\/11\\\/amal-promoveu-reuniao-da-rede-investalgarve\\\/atualidade\\\/17\\\/26\\\/\"},\"wordCount\":611,\"publisher\":{\"@id\":\"https:\\\/\\\/algarve7.pt\\\/#organization\"},\"image\":{\"@id\":\"https:\\\/\\\/algarve7.pt\\\/index.php\\\/2020\\\/11\\\/amal-promoveu-reuniao-da-rede-investalgarve\\\/atualidade\\\/17\\\/26\\\/#primaryimage\"},\"thumbnailUrl\":\"https:\\\/\\\/algarve7.pt\\\/wp-content\\\/uploads\\\/2020\\\/11\\\/invest_algarve.jpg\",\"keywords\":[\"Algarve\",\"Amal\"],\"articleSection\":[\"Atualidade\"],\"inLanguage\":\"pt-PT\"},{\"@type\":\"WebPage\",\"@id\":\"https:\\\/\\\/algarve7.pt\\\/index.php\\\/2020\\\/11\\\/amal-promoveu-reuniao-da-rede-investalgarve\\\/atualidade\\\/17\\\/26\\\/\",\"url\":\"https:\\\/\\\/algarve7.pt\\\/index.php\\\/2020\\\/11\\\/amal-promoveu-reuniao-da-rede-investalgarve\\\/atualidade\\\/17\\\/26\\\/\",\"name\":\"AMAL promoveu reuni\u00e3o da rede Investalgarve - Algarve 7\",\"isPartOf\":{\"@id\":\"https:\\\/\\\/algarve7.pt\\\/#website\"},\"primaryImageOfPage\":{\"@id\":\"https:\\\/\\\/algarve7.pt\\\/index.php\\\/2020\\\/11\\\/amal-promoveu-reuniao-da-rede-investalgarve\\\/atualidade\\\/17\\\/26\\\/#primaryimage\"},\"image\":{\"@id\":\"https:\\\/\\\/algarve7.pt\\\/index.php\\\/2020\\\/11\\\/amal-promoveu-reuniao-da-rede-investalgarve\\\/atualidade\\\/17\\\/26\\\/#primaryimage\"},\"thumbnailUrl\":\"https:\\\/\\\/algarve7.pt\\\/wp-content\\\/uploads\\\/2020\\\/11\\\/invest_algarve.jpg\",\"datePublished\":\"2020-11-12T17:26:58+00:00\",\"dateModified\":\"2020-11-12T17:26:59+00:00\",\"description\":\"AMAL promoveu reuni\u00e3o da rede Investalgarve\",\"breadcrumb\":{\"@id\":\"https:\\\/\\\/algarve7.pt\\\/index.php\\\/2020\\\/11\\\/amal-promoveu-reuniao-da-rede-investalgarve\\\/atualidade\\\/17\\\/26\\\/#breadcrumb\"},\"inLanguage\":\"pt-PT\",\"potentialAction\":[{\"@type\":\"ReadAction\",\"target\":[\"https:\\\/\\\/algarve7.pt\\\/index.php\\\/2020\\\/11\\\/amal-promoveu-reuniao-da-rede-investalgarve\\\/atualidade\\\/17\\\/26\\\/\"]}]},{\"@type\":\"ImageObject\",\"inLanguage\":\"pt-PT\",\"@id\":\"https:\\\/\\\/algarve7.pt\\\/index.php\\\/2020\\\/11\\\/amal-promoveu-reuniao-da-rede-investalgarve\\\/atualidade\\\/17\\\/26\\\/#primaryimage\",\"url\":\"https:\\\/\\\/algarve7.pt\\\/wp-content\\\/uploads\\\/2020\\\/11\\\/invest_algarve.jpg\",\"contentUrl\":\"https:\\\/\\\/algarve7.pt\\\/wp-content\\\/uploads\\\/2020\\\/11\\\/invest_algarve.jpg\",\"width\":1200,\"height\":675},{\"@type\":\"BreadcrumbList\",\"@id\":\"https:\\\/\\\/algarve7.pt\\\/index.php\\\/2020\\\/11\\\/amal-promoveu-reuniao-da-rede-investalgarve\\\/atualidade\\\/17\\\/26\\\/#breadcrumb\",\"itemListElement\":[{\"@type\":\"ListItem\",\"position\":1,\"name\":\"In\u00edcio\",\"item\":\"https:\\\/\\\/algarve7.pt\\\/\"},{\"@type\":\"ListItem\",\"position\":2,\"name\":\"AMAL promoveu reuni\u00e3o da rede Investalgarve\"}]},{\"@type\":\"WebSite\",\"@id\":\"https:\\\/\\\/algarve7.pt\\\/#website\",\"url\":\"https:\\\/\\\/algarve7.pt\\\/\",\"name\":\"Algarve 7\",\"description\":\"Informa\u00e7\u00e3o sobre o Algarve\",\"publisher\":{\"@id\":\"https:\\\/\\\/algarve7.pt\\\/#organization\"},\"potentialAction\":[{\"@type\":\"SearchAction\",\"target\":{\"@type\":\"EntryPoint\",\"urlTemplate\":\"https:\\\/\\\/algarve7.pt\\\/?s={search_term_string}\"},\"query-input\":{\"@type\":\"PropertyValueSpecification\",\"valueRequired\":true,\"valueName\":\"search_term_string\"}}],\"inLanguage\":\"pt-PT\"},{\"@type\":\"Organization\",\"@id\":\"https:\\\/\\\/algarve7.pt\\\/#organization\",\"name\":\"Algarve 7\",\"url\":\"https:\\\/\\\/algarve7.pt\\\/\",\"logo\":{\"@type\":\"ImageObject\",\"inLanguage\":\"pt-PT\",\"@id\":\"https:\\\/\\\/algarve7.pt\\\/#\\\/schema\\\/logo\\\/image\\\/\",\"url\":\"https:\\\/\\\/algarve7.pt\\\/wp-content\\\/uploads\\\/2020\\\/10\\\/Logo-8.jpg\",\"contentUrl\":\"https:\\\/\\\/algarve7.pt\\\/wp-content\\\/uploads\\\/2020\\\/10\\\/Logo-8.jpg\",\"width\":1680,\"height\":1186,\"caption\":\"Algarve 7\"},\"image\":{\"@id\":\"https:\\\/\\\/algarve7.pt\\\/#\\\/schema\\\/logo\\\/image\\\/\"},\"sameAs\":[\"https:\\\/\\\/www.facebook.com\\\/algarve7\",\"https:\\\/\\\/x.com\\\/Algarvesete\",\"https:\\\/\\\/www.instagram.com\\\/jornalalgarve7\\\/\",\"https:\\\/\\\/www.linkedin.com\\\/company\\\/algarve7\",\"https:\\\/\\\/www.pinterest.pt\\\/geral0939\\\/_created\\\/\"]},{\"@type\":\"Person\",\"@id\":\"https:\\\/\\\/algarve7.pt\\\/#\\\/schema\\\/person\\\/23fa70681308e7b319a3204bcea45e0c\",\"name\":\"Algarve 7\",\"sameAs\":[\"https:\\\/\\\/algarve7.pt\",\"https:\\\/\\\/www.facebook.com\\\/algarve7\"],\"url\":\"https:\\\/\\\/algarve7.pt\\\/index.php\\\/author\\\/geralalgarve7-pt\\\/\"}]}<\/script>\n<!-- \/ Yoast SEO plugin. -->","yoast_head_json":{"title":"AMAL promoveu reuni\u00e3o da rede Investalgarve - Algarve 7","description":"AMAL promoveu reuni\u00e3o da rede Investalgarve","robots":{"index":"index","follow":"follow","max-snippet":"max-snippet:-1","max-image-preview":"max-image-preview:large","max-video-preview":"max-video-preview:-1"},"canonical":"https:\/\/algarve7.pt\/index.php\/2020\/11\/amal-promoveu-reuniao-da-rede-investalgarve\/atualidade\/17\/26\/","og_locale":"pt_PT","og_type":"article","og_title":"AMAL promoveu reuni\u00e3o da rede Investalgarve - Algarve 7","og_description":"AMAL promoveu reuni\u00e3o da rede Investalgarve","og_url":"https:\/\/algarve7.pt\/index.php\/2020\/11\/amal-promoveu-reuniao-da-rede-investalgarve\/atualidade\/17\/26\/","og_site_name":"Algarve 7","article_publisher":"https:\/\/www.facebook.com\/algarve7","article_author":"https:\/\/www.facebook.com\/algarve7","article_published_time":"2020-11-12T17:26:58+00:00","article_modified_time":"2020-11-12T17:26:59+00:00","og_image":[{"width":1200,"height":675,"url":"https:\/\/algarve7.pt\/wp-content\/uploads\/2020\/11\/invest_algarve.jpg","type":"image\/jpeg"}],"author":"Algarve 7","twitter_card":"summary_large_image","twitter_creator":"@Algarvesete","twitter_site":"@Algarvesete","twitter_misc":{"Escrito por":"Algarve 7","Tempo estimado de leitura":"3 minutos"},"schema":{"@context":"https:\/\/schema.org","@graph":[{"@type":"Article","@id":"https:\/\/algarve7.pt\/index.php\/2020\/11\/amal-promoveu-reuniao-da-rede-investalgarve\/atualidade\/17\/26\/#article","isPartOf":{"@id":"https:\/\/algarve7.pt\/index.php\/2020\/11\/amal-promoveu-reuniao-da-rede-investalgarve\/atualidade\/17\/26\/"},"author":{"name":"Algarve 7","@id":"https:\/\/algarve7.pt\/#\/schema\/person\/23fa70681308e7b319a3204bcea45e0c"},"headline":"AMAL promoveu reuni\u00e3o da rede Investalgarve","datePublished":"2020-11-12T17:26:58+00:00","dateModified":"2020-11-12T17:26:59+00:00","mainEntityOfPage":{"@id":"https:\/\/algarve7.pt\/index.php\/2020\/11\/amal-promoveu-reuniao-da-rede-investalgarve\/atualidade\/17\/26\/"},"wordCount":611,"publisher":{"@id":"https:\/\/algarve7.pt\/#organization"},"image":{"@id":"https:\/\/algarve7.pt\/index.php\/2020\/11\/amal-promoveu-reuniao-da-rede-investalgarve\/atualidade\/17\/26\/#primaryimage"},"thumbnailUrl":"https:\/\/algarve7.pt\/wp-content\/uploads\/2020\/11\/invest_algarve.jpg","keywords":["Algarve","Amal"],"articleSection":["Atualidade"],"inLanguage":"pt-PT"},{"@type":"WebPage","@id":"https:\/\/algarve7.pt\/index.php\/2020\/11\/amal-promoveu-reuniao-da-rede-investalgarve\/atualidade\/17\/26\/","url":"https:\/\/algarve7.pt\/index.php\/2020\/11\/amal-promoveu-reuniao-da-rede-investalgarve\/atualidade\/17\/26\/","name":"AMAL promoveu reuni\u00e3o da rede Investalgarve - Algarve 7","isPartOf":{"@id":"https:\/\/algarve7.pt\/#website"},"primaryImageOfPage":{"@id":"https:\/\/algarve7.pt\/index.php\/2020\/11\/amal-promoveu-reuniao-da-rede-investalgarve\/atualidade\/17\/26\/#primaryimage"},"image":{"@id":"https:\/\/algarve7.pt\/index.php\/2020\/11\/amal-promoveu-reuniao-da-rede-investalgarve\/atualidade\/17\/26\/#primaryimage"},"thumbnailUrl":"https:\/\/algarve7.pt\/wp-content\/uploads\/2020\/11\/invest_algarve.jpg","datePublished":"2020-11-12T17:26:58+00:00","dateModified":"2020-11-12T17:26:59+00:00","description":"AMAL promoveu reuni\u00e3o da rede Investalgarve","breadcrumb":{"@id":"https:\/\/algarve7.pt\/index.php\/2020\/11\/amal-promoveu-reuniao-da-rede-investalgarve\/atualidade\/17\/26\/#breadcrumb"},"inLanguage":"pt-PT","potentialAction":[{"@type":"ReadAction","target":["https:\/\/algarve7.pt\/index.php\/2020\/11\/amal-promoveu-reuniao-da-rede-investalgarve\/atualidade\/17\/26\/"]}]},{"@type":"ImageObject","inLanguage":"pt-PT","@id":"https:\/\/algarve7.pt\/index.php\/2020\/11\/amal-promoveu-reuniao-da-rede-investalgarve\/atualidade\/17\/26\/#primaryimage","url":"https:\/\/algarve7.pt\/wp-content\/uploads\/2020\/11\/invest_algarve.jpg","contentUrl":"https:\/\/algarve7.pt\/wp-content\/uploads\/2020\/11\/invest_algarve.jpg","width":1200,"height":675},{"@type":"BreadcrumbList","@id":"https:\/\/algarve7.pt\/index.php\/2020\/11\/amal-promoveu-reuniao-da-rede-investalgarve\/atualidade\/17\/26\/#breadcrumb","itemListElement":[{"@type":"ListItem","position":1,"name":"In\u00edcio","item":"https:\/\/algarve7.pt\/"},{"@type":"ListItem","position":2,"name":"AMAL promoveu reuni\u00e3o da rede Investalgarve"}]},{"@type":"WebSite","@id":"https:\/\/algarve7.pt\/#website","url":"https:\/\/algarve7.pt\/","name":"Algarve 7","description":"Informa\u00e7\u00e3o sobre o Algarve","publisher":{"@id":"https:\/\/algarve7.pt\/#organization"},"potentialAction":[{"@type":"SearchAction","target":{"@type":"EntryPoint","urlTemplate":"https:\/\/algarve7.pt\/?s={search_term_string}"},"query-input":{"@type":"PropertyValueSpecification","valueRequired":true,"valueName":"search_term_string"}}],"inLanguage":"pt-PT"},{"@type":"Organization","@id":"https:\/\/algarve7.pt\/#organization","name":"Algarve 7","url":"https:\/\/algarve7.pt\/","logo":{"@type":"ImageObject","inLanguage":"pt-PT","@id":"https:\/\/algarve7.pt\/#\/schema\/logo\/image\/","url":"https:\/\/algarve7.pt\/wp-content\/uploads\/2020\/10\/Logo-8.jpg","contentUrl":"https:\/\/algarve7.pt\/wp-content\/uploads\/2020\/10\/Logo-8.jpg","width":1680,"height":1186,"caption":"Algarve 7"},"image":{"@id":"https:\/\/algarve7.pt\/#\/schema\/logo\/image\/"},"sameAs":["https:\/\/www.facebook.com\/algarve7","https:\/\/x.com\/Algarvesete","https:\/\/www.instagram.com\/jornalalgarve7\/","https:\/\/www.linkedin.com\/company\/algarve7","https:\/\/www.pinterest.pt\/geral0939\/_created\/"]},{"@type":"Person","@id":"https:\/\/algarve7.pt\/#\/schema\/person\/23fa70681308e7b319a3204bcea45e0c","name":"Algarve 7","sameAs":["https:\/\/algarve7.pt","https:\/\/www.facebook.com\/algarve7"],"url":"https:\/\/algarve7.pt\/index.php\/author\/geralalgarve7-pt\/"}]}},"jetpack_publicize_connections":[],"jetpack_featured_media_url":"https:\/\/algarve7.pt\/wp-content\/uploads\/2020\/11\/invest_algarve.jpg","jetpack_shortlink":"https:\/\/wp.me\/pcezmW-WX","jetpack_sharing_enabled":true,"_links":{"self":[{"href":"https:\/\/algarve7.pt\/index.php\/wp-json\/wp\/v2\/posts\/3655","targetHints":{"allow":["GET"]}}],"collection":[{"href":"https:\/\/algarve7.pt\/index.php\/wp-json\/wp\/v2\/posts"}],"about":[{"href":"https:\/\/algarve7.pt\/index.php\/wp-json\/wp\/v2\/types\/post"}],"author":[{"embeddable":true,"href":"https:\/\/algarve7.pt\/index.php\/wp-json\/wp\/v2\/users\/1"}],"replies":[{"embeddable":true,"href":"https:\/\/algarve7.pt\/index.php\/wp-json\/wp\/v2\/comments?post=3655"}],"version-history":[{"count":0,"href":"https:\/\/algarve7.pt\/index.php\/wp-json\/wp\/v2\/posts\/3655\/revisions"}],"wp:featuredmedia":[{"embeddable":true,"href":"https:\/\/algarve7.pt\/index.php\/wp-json\/wp\/v2\/media\/3656"}],"wp:attachment":[{"href":"https:\/\/algarve7.pt\/index.php\/wp-json\/wp\/v2\/media?parent=3655"}],"wp:term":[{"taxonomy":"category","embeddable":true,"href":"https:\/\/algarve7.pt\/index.php\/wp-json\/wp\/v2\/categories?post=3655"},{"taxonomy":"post_tag","embeddable":true,"href":"https:\/\/algarve7.pt\/index.php\/wp-json\/wp\/v2\/tags?post=3655"}],"curies":[{"name":"wp","href":"https:\/\/api.w.org\/{rel}","templated":true}]}}