{"id":3651,"date":"2020-11-12T17:22:11","date_gmt":"2020-11-12T17:22:11","guid":{"rendered":"https:\/\/algarve7.pt\/?p=3651"},"modified":"2020-11-12T17:22:12","modified_gmt":"2020-11-12T17:22:12","slug":"fenprof-enviou-carta-aberta-ao-ministro-da-educacaodirigentes-e-delegados-sindicais-irao-concentrar-se-amanha-junto-ao-me","status":"publish","type":"post","link":"https:\/\/algarve7.pt\/index.php\/2020\/11\/fenprof-enviou-carta-aberta-ao-ministro-da-educacaodirigentes-e-delegados-sindicais-irao-concentrar-se-amanha-junto-ao-me\/educacao\/17\/22\/","title":{"rendered":"FENPROF enviou Carta Aberta ao Ministro da Educa\u00e7\u00e3oDirigentes e delegados sindicais ir\u00e3o concentrar-se amanh\u00e3, junto ao ME"},"content":{"rendered":"\n<p><strong>Dirigentes e delegados sindicais ir\u00e3o concentrar-se amanh\u00e3 (13 de novembro), pelas 11 horas, junto ao ME<\/strong><\/p>\n\n\n\n<p>A FENPROF aguardou at\u00e9 hoje, a esta hora, por um contacto do Minist\u00e9rio da Educa\u00e7\u00e3o, no sentido de ser marcada uma reuni\u00e3o destinada a estabelecer normas para uma negocia\u00e7\u00e3o que os respons\u00e1veis daquele minist\u00e9rio t\u00eam negado. Esta aus\u00eancia de di\u00e1logo e negocia\u00e7\u00e3o, que a FENPROF tem vindo a denunciar, leva a que velhos problemas se arrastem e agravem, ao mesmo tempo que surgem novos.<\/p>\n\n\n\n<p>Em tempo de discuss\u00e3o do&nbsp;Or\u00e7amento do Estado para 2021, o&nbsp;<strong>Ministro da Educa\u00e7\u00e3o decidiu considerar inoportuno a negocia\u00e7\u00e3o<\/strong>&nbsp;de propostas que a FENPROF apresentou com vista concretizar aspetos que a pr\u00f3pria proposta de lei prev\u00ea, como sejam o rejuvenescimento da profiss\u00e3o docente ou a defini\u00e7\u00e3o de medidas que atraiam jovens para a profiss\u00e3o. Tamb\u00e9m em rela\u00e7\u00e3o \u00e0s medidas de&nbsp;seguran\u00e7a e sa\u00fade no trabalho, que s\u00e3o mat\u00e9ria da negocia\u00e7\u00e3o coletiva, os&nbsp;<strong>respons\u00e1veis do ME negam a negocia\u00e7\u00e3o<\/strong>&nbsp;e n\u00e3o asseguraram condi\u00e7\u00f5es de preven\u00e7\u00e3o e seguran\u00e7a sanit\u00e1ria que reduzissem ao m\u00ednimo o risco de infe\u00e7\u00e3o, sendo j\u00e1 mais de setecentas (700) escolas as que j\u00e1 tiveram ou, maioritariamente, t\u00eam casos de Covid-19, sendo not\u00f3rio o aumento de infe\u00e7\u00f5es em professores e educadores. Por \u00faltimo, a FENPROF pretende entregar ao Ministro um conjunto de propostas que visam dar resposta a um grave problema que hoje se vive nas escolas que \u00e9 a&nbsp;falta de professores&nbsp;(hoje mesmo, h\u00e1 mais de meio milhar de hor\u00e1rios em oferta).<\/p>\n\n\n\n<p>N\u00e3o tendo sido marcada a reuni\u00e3o solicitada, a&nbsp;<strong>FENPROF enviou ao Ministro da Educa\u00e7\u00e3o a Carta Aberta que se anexa<\/strong>&nbsp;e&nbsp;<strong>amanh\u00e3, a partir das 11 horas, um grupo de dirigentes e delegados sindicais ir\u00e1 concentrar-se junto ao Minist\u00e9rio da Educa\u00e7\u00e3o<\/strong>, exigindo reunir ou que, no m\u00ednimo, seja marcada a reuni\u00e3o e a mesma se realize ainda durante o m\u00eas de novembro.<\/p>\n\n\n\n<p>Esta concentra\u00e7\u00e3o junto ao Minist\u00e9rio da Educa\u00e7\u00e3o\u00a0ser\u00e1, ainda a oportunidade para divulgar o inqu\u00e9rito\u00a0com que a FENPROF ir\u00e1 promover uma\u00a0<strong>ampla consulta aos professores<\/strong>\u00a0sobre as condi\u00e7\u00f5es de seguran\u00e7a sanit\u00e1ria nas escolas, dois meses depois de se ter iniciado o ano letivo, sobre aspetos de natureza pedag\u00f3gica, quest\u00f5es de ordem socioprofissional e, ainda, sobre o recurso \u00e0 a\u00e7\u00e3o e luta reivindicativas. De tarde, os professores juntar\u00e3o o seu protesto e exig\u00eancia aos de outros trabalhadores da Administra\u00e7\u00e3o P\u00fablica, participando na a\u00e7\u00e3o promovida pela Frente Comum.<\/p>\n\n\n\n<p><a href=\"http:\/\/info.fenprof.org\/\/lt.php?tid=cUkBBVpTU1ENDh0EBFoKGVVfBApJUVVWUk9QVFMCVwMBBwNUUlhNBFEOAlILVV8ZVVwHU0kEXAlfT1oAAVFPVQxTBFJSUVICVlpWGlYBWldYDVUFSVRXUVJPVwsABE9cD1QPGgZQBQhXDlVTV1oIVQ\" target=\"_blank\" rel=\"noreferrer noopener\">Leia aqui Carta aberta ao Ministro da Educa\u00e7\u00e3o<\/a><\/p>\n\n\n\n<p><\/p>\n","protected":false},"excerpt":{"rendered":"<p>Dirigentes e delegados sindicais ir\u00e3o concentrar-se amanh\u00e3 (13 de novembro), pelas 11 horas, junto ao ME A FENPROF aguardou at\u00e9<\/p>\n","protected":false},"author":1,"featured_media":3654,"comment_status":"closed","ping_status":"open","sticky":false,"template":"","format":"standard","meta":{"colormag_page_container_layout":"default_layout","colormag_page_sidebar_layout":"default_layout","_monsterinsights_skip_tracking":false,"_monsterinsights_sitenote_active":false,"_monsterinsights_sitenote_note":"","_monsterinsights_sitenote_category":0,"jetpack_post_was_ever_published":false,"_jetpack_newsletter_access":"","_jetpack_dont_email_post_to_subs":false,"_jetpack_newsletter_tier_id":0,"_jetpack_memberships_contains_paywalled_content":false,"_jetpack_memberships_contains_paid_content":false,"footnotes":"","jetpack_publicize_message":"","jetpack_publicize_feature_enabled":true,"jetpack_social_post_already_shared":true,"jetpack_social_options":{"image_generator_settings":{"template":"highway","default_image_id":0,"font":"","enabled":false},"version":2}},"categories":[93],"tags":[74,247,98],"class_list":["post-3651","post","type-post","status-publish","format-standard","has-post-thumbnail","hentry","category-educacao","tag-educacao","tag-fenprof","tag-nacional"],"yoast_head":"<!-- This site is optimized with the Yoast SEO plugin v27.5 - https:\/\/yoast.com\/product\/yoast-seo-wordpress\/ -->\n<title>FENPROF enviou Carta Aberta ao Ministro da Educa\u00e7\u00e3oDirigentes e delegados sindicais ir\u00e3o concentrar-se amanh\u00e3, junto ao ME - Algarve 7<\/title>\n<meta name=\"description\" content=\"FENPROF enviou Carta Aberta ao Ministro da Educa\u00e7\u00e3o\" \/>\n<meta name=\"robots\" content=\"index, follow, max-snippet:-1, max-image-preview:large, max-video-preview:-1\" \/>\n<link rel=\"canonical\" href=\"https:\/\/algarve7.pt\/index.php\/2020\/11\/fenprof-enviou-carta-aberta-ao-ministro-da-educacaodirigentes-e-delegados-sindicais-irao-concentrar-se-amanha-junto-ao-me\/educacao\/17\/22\/\" \/>\n<meta property=\"og:locale\" content=\"pt_PT\" \/>\n<meta property=\"og:type\" content=\"article\" \/>\n<meta property=\"og:title\" content=\"FENPROF enviou Carta Aberta ao Ministro da Educa\u00e7\u00e3oDirigentes e delegados sindicais ir\u00e3o concentrar-se amanh\u00e3, junto ao ME - Algarve 7\" \/>\n<meta property=\"og:description\" content=\"FENPROF enviou Carta Aberta ao Ministro da Educa\u00e7\u00e3o\" \/>\n<meta property=\"og:url\" content=\"https:\/\/algarve7.pt\/index.php\/2020\/11\/fenprof-enviou-carta-aberta-ao-ministro-da-educacaodirigentes-e-delegados-sindicais-irao-concentrar-se-amanha-junto-ao-me\/educacao\/17\/22\/\" \/>\n<meta property=\"og:site_name\" content=\"Algarve 7\" \/>\n<meta property=\"article:publisher\" content=\"https:\/\/www.facebook.com\/algarve7\" \/>\n<meta property=\"article:author\" content=\"https:\/\/www.facebook.com\/algarve7\" \/>\n<meta property=\"article:published_time\" content=\"2020-11-12T17:22:11+00:00\" \/>\n<meta property=\"article:modified_time\" content=\"2020-11-12T17:22:12+00:00\" \/>\n<meta property=\"og:image\" content=\"https:\/\/algarve7.pt\/wp-content\/uploads\/2020\/11\/FENPROFlogoParaFacebookR.jpg\" \/>\n\t<meta property=\"og:image:width\" content=\"900\" \/>\n\t<meta property=\"og:image:height\" content=\"472\" \/>\n\t<meta property=\"og:image:type\" content=\"image\/jpeg\" \/>\n<meta name=\"author\" content=\"Algarve 7\" \/>\n<meta name=\"twitter:card\" content=\"summary_large_image\" \/>\n<meta name=\"twitter:creator\" content=\"@Algarvesete\" \/>\n<meta name=\"twitter:site\" content=\"@Algarvesete\" \/>\n<meta name=\"twitter:label1\" content=\"Escrito por\" \/>\n\t<meta name=\"twitter:data1\" content=\"Algarve 7\" \/>\n\t<meta name=\"twitter:label2\" content=\"Tempo estimado de leitura\" \/>\n\t<meta name=\"twitter:data2\" content=\"2 minutos\" \/>\n<script type=\"application\/ld+json\" class=\"yoast-schema-graph\">{\"@context\":\"https:\\\/\\\/schema.org\",\"@graph\":[{\"@type\":\"Article\",\"@id\":\"https:\\\/\\\/algarve7.pt\\\/index.php\\\/2020\\\/11\\\/fenprof-enviou-carta-aberta-ao-ministro-da-educacaodirigentes-e-delegados-sindicais-irao-concentrar-se-amanha-junto-ao-me\\\/educacao\\\/17\\\/22\\\/#article\",\"isPartOf\":{\"@id\":\"https:\\\/\\\/algarve7.pt\\\/index.php\\\/2020\\\/11\\\/fenprof-enviou-carta-aberta-ao-ministro-da-educacaodirigentes-e-delegados-sindicais-irao-concentrar-se-amanha-junto-ao-me\\\/educacao\\\/17\\\/22\\\/\"},\"author\":{\"name\":\"Algarve 7\",\"@id\":\"https:\\\/\\\/algarve7.pt\\\/#\\\/schema\\\/person\\\/23fa70681308e7b319a3204bcea45e0c\"},\"headline\":\"FENPROF enviou Carta Aberta ao Ministro da Educa\u00e7\u00e3oDirigentes e delegados sindicais ir\u00e3o concentrar-se amanh\u00e3, junto ao ME\",\"datePublished\":\"2020-11-12T17:22:11+00:00\",\"dateModified\":\"2020-11-12T17:22:12+00:00\",\"mainEntityOfPage\":{\"@id\":\"https:\\\/\\\/algarve7.pt\\\/index.php\\\/2020\\\/11\\\/fenprof-enviou-carta-aberta-ao-ministro-da-educacaodirigentes-e-delegados-sindicais-irao-concentrar-se-amanha-junto-ao-me\\\/educacao\\\/17\\\/22\\\/\"},\"wordCount\":488,\"publisher\":{\"@id\":\"https:\\\/\\\/algarve7.pt\\\/#organization\"},\"image\":{\"@id\":\"https:\\\/\\\/algarve7.pt\\\/index.php\\\/2020\\\/11\\\/fenprof-enviou-carta-aberta-ao-ministro-da-educacaodirigentes-e-delegados-sindicais-irao-concentrar-se-amanha-junto-ao-me\\\/educacao\\\/17\\\/22\\\/#primaryimage\"},\"thumbnailUrl\":\"https:\\\/\\\/algarve7.pt\\\/wp-content\\\/uploads\\\/2020\\\/11\\\/FENPROFlogoParaFacebookR.jpg\",\"keywords\":[\"Educa\u00e7\u00e3o\",\"FENPROF\",\"Nacional\"],\"articleSection\":[\"Educa\u00e7\u00e3o\"],\"inLanguage\":\"pt-PT\"},{\"@type\":\"WebPage\",\"@id\":\"https:\\\/\\\/algarve7.pt\\\/index.php\\\/2020\\\/11\\\/fenprof-enviou-carta-aberta-ao-ministro-da-educacaodirigentes-e-delegados-sindicais-irao-concentrar-se-amanha-junto-ao-me\\\/educacao\\\/17\\\/22\\\/\",\"url\":\"https:\\\/\\\/algarve7.pt\\\/index.php\\\/2020\\\/11\\\/fenprof-enviou-carta-aberta-ao-ministro-da-educacaodirigentes-e-delegados-sindicais-irao-concentrar-se-amanha-junto-ao-me\\\/educacao\\\/17\\\/22\\\/\",\"name\":\"FENPROF enviou Carta Aberta ao Ministro da Educa\u00e7\u00e3oDirigentes e delegados sindicais ir\u00e3o concentrar-se amanh\u00e3, junto ao ME - Algarve 7\",\"isPartOf\":{\"@id\":\"https:\\\/\\\/algarve7.pt\\\/#website\"},\"primaryImageOfPage\":{\"@id\":\"https:\\\/\\\/algarve7.pt\\\/index.php\\\/2020\\\/11\\\/fenprof-enviou-carta-aberta-ao-ministro-da-educacaodirigentes-e-delegados-sindicais-irao-concentrar-se-amanha-junto-ao-me\\\/educacao\\\/17\\\/22\\\/#primaryimage\"},\"image\":{\"@id\":\"https:\\\/\\\/algarve7.pt\\\/index.php\\\/2020\\\/11\\\/fenprof-enviou-carta-aberta-ao-ministro-da-educacaodirigentes-e-delegados-sindicais-irao-concentrar-se-amanha-junto-ao-me\\\/educacao\\\/17\\\/22\\\/#primaryimage\"},\"thumbnailUrl\":\"https:\\\/\\\/algarve7.pt\\\/wp-content\\\/uploads\\\/2020\\\/11\\\/FENPROFlogoParaFacebookR.jpg\",\"datePublished\":\"2020-11-12T17:22:11+00:00\",\"dateModified\":\"2020-11-12T17:22:12+00:00\",\"description\":\"FENPROF enviou Carta Aberta ao Ministro da Educa\u00e7\u00e3o\",\"breadcrumb\":{\"@id\":\"https:\\\/\\\/algarve7.pt\\\/index.php\\\/2020\\\/11\\\/fenprof-enviou-carta-aberta-ao-ministro-da-educacaodirigentes-e-delegados-sindicais-irao-concentrar-se-amanha-junto-ao-me\\\/educacao\\\/17\\\/22\\\/#breadcrumb\"},\"inLanguage\":\"pt-PT\",\"potentialAction\":[{\"@type\":\"ReadAction\",\"target\":[\"https:\\\/\\\/algarve7.pt\\\/index.php\\\/2020\\\/11\\\/fenprof-enviou-carta-aberta-ao-ministro-da-educacaodirigentes-e-delegados-sindicais-irao-concentrar-se-amanha-junto-ao-me\\\/educacao\\\/17\\\/22\\\/\"]}]},{\"@type\":\"ImageObject\",\"inLanguage\":\"pt-PT\",\"@id\":\"https:\\\/\\\/algarve7.pt\\\/index.php\\\/2020\\\/11\\\/fenprof-enviou-carta-aberta-ao-ministro-da-educacaodirigentes-e-delegados-sindicais-irao-concentrar-se-amanha-junto-ao-me\\\/educacao\\\/17\\\/22\\\/#primaryimage\",\"url\":\"https:\\\/\\\/algarve7.pt\\\/wp-content\\\/uploads\\\/2020\\\/11\\\/FENPROFlogoParaFacebookR.jpg\",\"contentUrl\":\"https:\\\/\\\/algarve7.pt\\\/wp-content\\\/uploads\\\/2020\\\/11\\\/FENPROFlogoParaFacebookR.jpg\",\"width\":900,\"height\":472},{\"@type\":\"BreadcrumbList\",\"@id\":\"https:\\\/\\\/algarve7.pt\\\/index.php\\\/2020\\\/11\\\/fenprof-enviou-carta-aberta-ao-ministro-da-educacaodirigentes-e-delegados-sindicais-irao-concentrar-se-amanha-junto-ao-me\\\/educacao\\\/17\\\/22\\\/#breadcrumb\",\"itemListElement\":[{\"@type\":\"ListItem\",\"position\":1,\"name\":\"In\u00edcio\",\"item\":\"https:\\\/\\\/algarve7.pt\\\/\"},{\"@type\":\"ListItem\",\"position\":2,\"name\":\"FENPROF enviou Carta Aberta ao Ministro da Educa\u00e7\u00e3oDirigentes e delegados sindicais ir\u00e3o concentrar-se amanh\u00e3, junto ao ME\"}]},{\"@type\":\"WebSite\",\"@id\":\"https:\\\/\\\/algarve7.pt\\\/#website\",\"url\":\"https:\\\/\\\/algarve7.pt\\\/\",\"name\":\"Algarve 7\",\"description\":\"Informa\u00e7\u00e3o sobre o Algarve\",\"publisher\":{\"@id\":\"https:\\\/\\\/algarve7.pt\\\/#organization\"},\"potentialAction\":[{\"@type\":\"SearchAction\",\"target\":{\"@type\":\"EntryPoint\",\"urlTemplate\":\"https:\\\/\\\/algarve7.pt\\\/?s={search_term_string}\"},\"query-input\":{\"@type\":\"PropertyValueSpecification\",\"valueRequired\":true,\"valueName\":\"search_term_string\"}}],\"inLanguage\":\"pt-PT\"},{\"@type\":\"Organization\",\"@id\":\"https:\\\/\\\/algarve7.pt\\\/#organization\",\"name\":\"Algarve 7\",\"url\":\"https:\\\/\\\/algarve7.pt\\\/\",\"logo\":{\"@type\":\"ImageObject\",\"inLanguage\":\"pt-PT\",\"@id\":\"https:\\\/\\\/algarve7.pt\\\/#\\\/schema\\\/logo\\\/image\\\/\",\"url\":\"https:\\\/\\\/algarve7.pt\\\/wp-content\\\/uploads\\\/2020\\\/10\\\/Logo-8.jpg\",\"contentUrl\":\"https:\\\/\\\/algarve7.pt\\\/wp-content\\\/uploads\\\/2020\\\/10\\\/Logo-8.jpg\",\"width\":1680,\"height\":1186,\"caption\":\"Algarve 7\"},\"image\":{\"@id\":\"https:\\\/\\\/algarve7.pt\\\/#\\\/schema\\\/logo\\\/image\\\/\"},\"sameAs\":[\"https:\\\/\\\/www.facebook.com\\\/algarve7\",\"https:\\\/\\\/x.com\\\/Algarvesete\",\"https:\\\/\\\/www.instagram.com\\\/jornalalgarve7\\\/\",\"https:\\\/\\\/www.linkedin.com\\\/company\\\/algarve7\",\"https:\\\/\\\/www.pinterest.pt\\\/geral0939\\\/_created\\\/\"]},{\"@type\":\"Person\",\"@id\":\"https:\\\/\\\/algarve7.pt\\\/#\\\/schema\\\/person\\\/23fa70681308e7b319a3204bcea45e0c\",\"name\":\"Algarve 7\",\"sameAs\":[\"https:\\\/\\\/algarve7.pt\",\"https:\\\/\\\/www.facebook.com\\\/algarve7\"],\"url\":\"https:\\\/\\\/algarve7.pt\\\/index.php\\\/author\\\/geralalgarve7-pt\\\/\"}]}<\/script>\n<!-- \/ Yoast SEO plugin. -->","yoast_head_json":{"title":"FENPROF enviou Carta Aberta ao Ministro da Educa\u00e7\u00e3oDirigentes e delegados sindicais ir\u00e3o concentrar-se amanh\u00e3, junto ao ME - Algarve 7","description":"FENPROF enviou Carta Aberta ao Ministro da Educa\u00e7\u00e3o","robots":{"index":"index","follow":"follow","max-snippet":"max-snippet:-1","max-image-preview":"max-image-preview:large","max-video-preview":"max-video-preview:-1"},"canonical":"https:\/\/algarve7.pt\/index.php\/2020\/11\/fenprof-enviou-carta-aberta-ao-ministro-da-educacaodirigentes-e-delegados-sindicais-irao-concentrar-se-amanha-junto-ao-me\/educacao\/17\/22\/","og_locale":"pt_PT","og_type":"article","og_title":"FENPROF enviou Carta Aberta ao Ministro da Educa\u00e7\u00e3oDirigentes e delegados sindicais ir\u00e3o concentrar-se amanh\u00e3, junto ao ME - Algarve 7","og_description":"FENPROF enviou Carta Aberta ao Ministro da Educa\u00e7\u00e3o","og_url":"https:\/\/algarve7.pt\/index.php\/2020\/11\/fenprof-enviou-carta-aberta-ao-ministro-da-educacaodirigentes-e-delegados-sindicais-irao-concentrar-se-amanha-junto-ao-me\/educacao\/17\/22\/","og_site_name":"Algarve 7","article_publisher":"https:\/\/www.facebook.com\/algarve7","article_author":"https:\/\/www.facebook.com\/algarve7","article_published_time":"2020-11-12T17:22:11+00:00","article_modified_time":"2020-11-12T17:22:12+00:00","og_image":[{"width":900,"height":472,"url":"https:\/\/algarve7.pt\/wp-content\/uploads\/2020\/11\/FENPROFlogoParaFacebookR.jpg","type":"image\/jpeg"}],"author":"Algarve 7","twitter_card":"summary_large_image","twitter_creator":"@Algarvesete","twitter_site":"@Algarvesete","twitter_misc":{"Escrito por":"Algarve 7","Tempo estimado de leitura":"2 minutos"},"schema":{"@context":"https:\/\/schema.org","@graph":[{"@type":"Article","@id":"https:\/\/algarve7.pt\/index.php\/2020\/11\/fenprof-enviou-carta-aberta-ao-ministro-da-educacaodirigentes-e-delegados-sindicais-irao-concentrar-se-amanha-junto-ao-me\/educacao\/17\/22\/#article","isPartOf":{"@id":"https:\/\/algarve7.pt\/index.php\/2020\/11\/fenprof-enviou-carta-aberta-ao-ministro-da-educacaodirigentes-e-delegados-sindicais-irao-concentrar-se-amanha-junto-ao-me\/educacao\/17\/22\/"},"author":{"name":"Algarve 7","@id":"https:\/\/algarve7.pt\/#\/schema\/person\/23fa70681308e7b319a3204bcea45e0c"},"headline":"FENPROF enviou Carta Aberta ao Ministro da Educa\u00e7\u00e3oDirigentes e delegados sindicais ir\u00e3o concentrar-se amanh\u00e3, junto ao ME","datePublished":"2020-11-12T17:22:11+00:00","dateModified":"2020-11-12T17:22:12+00:00","mainEntityOfPage":{"@id":"https:\/\/algarve7.pt\/index.php\/2020\/11\/fenprof-enviou-carta-aberta-ao-ministro-da-educacaodirigentes-e-delegados-sindicais-irao-concentrar-se-amanha-junto-ao-me\/educacao\/17\/22\/"},"wordCount":488,"publisher":{"@id":"https:\/\/algarve7.pt\/#organization"},"image":{"@id":"https:\/\/algarve7.pt\/index.php\/2020\/11\/fenprof-enviou-carta-aberta-ao-ministro-da-educacaodirigentes-e-delegados-sindicais-irao-concentrar-se-amanha-junto-ao-me\/educacao\/17\/22\/#primaryimage"},"thumbnailUrl":"https:\/\/algarve7.pt\/wp-content\/uploads\/2020\/11\/FENPROFlogoParaFacebookR.jpg","keywords":["Educa\u00e7\u00e3o","FENPROF","Nacional"],"articleSection":["Educa\u00e7\u00e3o"],"inLanguage":"pt-PT"},{"@type":"WebPage","@id":"https:\/\/algarve7.pt\/index.php\/2020\/11\/fenprof-enviou-carta-aberta-ao-ministro-da-educacaodirigentes-e-delegados-sindicais-irao-concentrar-se-amanha-junto-ao-me\/educacao\/17\/22\/","url":"https:\/\/algarve7.pt\/index.php\/2020\/11\/fenprof-enviou-carta-aberta-ao-ministro-da-educacaodirigentes-e-delegados-sindicais-irao-concentrar-se-amanha-junto-ao-me\/educacao\/17\/22\/","name":"FENPROF enviou Carta Aberta ao Ministro da Educa\u00e7\u00e3oDirigentes e delegados sindicais ir\u00e3o concentrar-se amanh\u00e3, junto ao ME - Algarve 7","isPartOf":{"@id":"https:\/\/algarve7.pt\/#website"},"primaryImageOfPage":{"@id":"https:\/\/algarve7.pt\/index.php\/2020\/11\/fenprof-enviou-carta-aberta-ao-ministro-da-educacaodirigentes-e-delegados-sindicais-irao-concentrar-se-amanha-junto-ao-me\/educacao\/17\/22\/#primaryimage"},"image":{"@id":"https:\/\/algarve7.pt\/index.php\/2020\/11\/fenprof-enviou-carta-aberta-ao-ministro-da-educacaodirigentes-e-delegados-sindicais-irao-concentrar-se-amanha-junto-ao-me\/educacao\/17\/22\/#primaryimage"},"thumbnailUrl":"https:\/\/algarve7.pt\/wp-content\/uploads\/2020\/11\/FENPROFlogoParaFacebookR.jpg","datePublished":"2020-11-12T17:22:11+00:00","dateModified":"2020-11-12T17:22:12+00:00","description":"FENPROF enviou Carta Aberta ao Ministro da Educa\u00e7\u00e3o","breadcrumb":{"@id":"https:\/\/algarve7.pt\/index.php\/2020\/11\/fenprof-enviou-carta-aberta-ao-ministro-da-educacaodirigentes-e-delegados-sindicais-irao-concentrar-se-amanha-junto-ao-me\/educacao\/17\/22\/#breadcrumb"},"inLanguage":"pt-PT","potentialAction":[{"@type":"ReadAction","target":["https:\/\/algarve7.pt\/index.php\/2020\/11\/fenprof-enviou-carta-aberta-ao-ministro-da-educacaodirigentes-e-delegados-sindicais-irao-concentrar-se-amanha-junto-ao-me\/educacao\/17\/22\/"]}]},{"@type":"ImageObject","inLanguage":"pt-PT","@id":"https:\/\/algarve7.pt\/index.php\/2020\/11\/fenprof-enviou-carta-aberta-ao-ministro-da-educacaodirigentes-e-delegados-sindicais-irao-concentrar-se-amanha-junto-ao-me\/educacao\/17\/22\/#primaryimage","url":"https:\/\/algarve7.pt\/wp-content\/uploads\/2020\/11\/FENPROFlogoParaFacebookR.jpg","contentUrl":"https:\/\/algarve7.pt\/wp-content\/uploads\/2020\/11\/FENPROFlogoParaFacebookR.jpg","width":900,"height":472},{"@type":"BreadcrumbList","@id":"https:\/\/algarve7.pt\/index.php\/2020\/11\/fenprof-enviou-carta-aberta-ao-ministro-da-educacaodirigentes-e-delegados-sindicais-irao-concentrar-se-amanha-junto-ao-me\/educacao\/17\/22\/#breadcrumb","itemListElement":[{"@type":"ListItem","position":1,"name":"In\u00edcio","item":"https:\/\/algarve7.pt\/"},{"@type":"ListItem","position":2,"name":"FENPROF enviou Carta Aberta ao Ministro da Educa\u00e7\u00e3oDirigentes e delegados sindicais ir\u00e3o concentrar-se amanh\u00e3, junto ao ME"}]},{"@type":"WebSite","@id":"https:\/\/algarve7.pt\/#website","url":"https:\/\/algarve7.pt\/","name":"Algarve 7","description":"Informa\u00e7\u00e3o sobre o Algarve","publisher":{"@id":"https:\/\/algarve7.pt\/#organization"},"potentialAction":[{"@type":"SearchAction","target":{"@type":"EntryPoint","urlTemplate":"https:\/\/algarve7.pt\/?s={search_term_string}"},"query-input":{"@type":"PropertyValueSpecification","valueRequired":true,"valueName":"search_term_string"}}],"inLanguage":"pt-PT"},{"@type":"Organization","@id":"https:\/\/algarve7.pt\/#organization","name":"Algarve 7","url":"https:\/\/algarve7.pt\/","logo":{"@type":"ImageObject","inLanguage":"pt-PT","@id":"https:\/\/algarve7.pt\/#\/schema\/logo\/image\/","url":"https:\/\/algarve7.pt\/wp-content\/uploads\/2020\/10\/Logo-8.jpg","contentUrl":"https:\/\/algarve7.pt\/wp-content\/uploads\/2020\/10\/Logo-8.jpg","width":1680,"height":1186,"caption":"Algarve 7"},"image":{"@id":"https:\/\/algarve7.pt\/#\/schema\/logo\/image\/"},"sameAs":["https:\/\/www.facebook.com\/algarve7","https:\/\/x.com\/Algarvesete","https:\/\/www.instagram.com\/jornalalgarve7\/","https:\/\/www.linkedin.com\/company\/algarve7","https:\/\/www.pinterest.pt\/geral0939\/_created\/"]},{"@type":"Person","@id":"https:\/\/algarve7.pt\/#\/schema\/person\/23fa70681308e7b319a3204bcea45e0c","name":"Algarve 7","sameAs":["https:\/\/algarve7.pt","https:\/\/www.facebook.com\/algarve7"],"url":"https:\/\/algarve7.pt\/index.php\/author\/geralalgarve7-pt\/"}]}},"jetpack_publicize_connections":[],"jetpack_featured_media_url":"https:\/\/algarve7.pt\/wp-content\/uploads\/2020\/11\/FENPROFlogoParaFacebookR.jpg","jetpack_shortlink":"https:\/\/wp.me\/pcezmW-WT","jetpack_sharing_enabled":true,"_links":{"self":[{"href":"https:\/\/algarve7.pt\/index.php\/wp-json\/wp\/v2\/posts\/3651","targetHints":{"allow":["GET"]}}],"collection":[{"href":"https:\/\/algarve7.pt\/index.php\/wp-json\/wp\/v2\/posts"}],"about":[{"href":"https:\/\/algarve7.pt\/index.php\/wp-json\/wp\/v2\/types\/post"}],"author":[{"embeddable":true,"href":"https:\/\/algarve7.pt\/index.php\/wp-json\/wp\/v2\/users\/1"}],"replies":[{"embeddable":true,"href":"https:\/\/algarve7.pt\/index.php\/wp-json\/wp\/v2\/comments?post=3651"}],"version-history":[{"count":0,"href":"https:\/\/algarve7.pt\/index.php\/wp-json\/wp\/v2\/posts\/3651\/revisions"}],"wp:featuredmedia":[{"embeddable":true,"href":"https:\/\/algarve7.pt\/index.php\/wp-json\/wp\/v2\/media\/3654"}],"wp:attachment":[{"href":"https:\/\/algarve7.pt\/index.php\/wp-json\/wp\/v2\/media?parent=3651"}],"wp:term":[{"taxonomy":"category","embeddable":true,"href":"https:\/\/algarve7.pt\/index.php\/wp-json\/wp\/v2\/categories?post=3651"},{"taxonomy":"post_tag","embeddable":true,"href":"https:\/\/algarve7.pt\/index.php\/wp-json\/wp\/v2\/tags?post=3651"}],"curies":[{"name":"wp","href":"https:\/\/api.w.org\/{rel}","templated":true}]}}