{"id":36459,"date":"2024-03-12T09:02:29","date_gmt":"2024-03-12T09:02:29","guid":{"rendered":"https:\/\/algarve7.pt\/?p=36459"},"modified":"2024-03-12T09:02:31","modified_gmt":"2024-03-12T09:02:31","slug":"francisco-rocha-fura-o-qualifying-do-vale-do-lobo-open","status":"publish","type":"post","link":"https:\/\/algarve7.pt\/index.php\/2024\/03\/francisco-rocha-fura-o-qualifying-do-vale-do-lobo-open\/desporto\/09\/02\/","title":{"rendered":"Francisco Rocha fura o\u00a0qualifying\u00a0do Vale do Lobo Open"},"content":{"rendered":"\n<p><strong>Francisco Rocha<\/strong>&nbsp;venceu dois encontros num s\u00f3 dia e garantiu o apuramento para o quadro principal de singulares do Vale do Lobo Open, no qual se junta aos compatriotas&nbsp;<strong>Jaime Faria, Frederico Silva, Duarte Vale, Tiago Pereira, Pedro Ara\u00fajo<\/strong>&nbsp;e&nbsp;<strong>Tom\u00e1s Cortez<\/strong>.<\/p>\n\n\n\n<p>Organizado pela Federa\u00e7\u00e3o Portuguesa de T\u00e9nis na Vale do Lobo Tennis Academy entre os dias 10 e 17 de mar\u00e7o, o torneio pertence \u00e0 categoria ITF M25 e \u00e9 pontu\u00e1vel para o<em>ranking<\/em>&nbsp;ATP.<\/p>\n\n\n\n<p>Isento da primeira ronda gra\u00e7as ao estatuto de terceiro cabe\u00e7a de s\u00e9rie, Francisco Rocha (que \u00e9 o 926.\u00ba classificado no&nbsp;<em>ranking<\/em>&nbsp;mundial) apurou-se para o quadro principal com duas vit\u00f3rias sobre compatriotas: primeiro ao vencer&nbsp;<strong>Diogo Coelho<\/strong>&nbsp;por 6-0 e 6-0, depois&nbsp;<strong>Diogo Marques<\/strong>&nbsp;por 6-4 e 6-2.<\/p>\n\n\n\n<p>Para al\u00e9m do portuense,&nbsp;<strong>Rodrigo Fernandes<\/strong>&nbsp;(6-1 e 6-1 sobre&nbsp;<strong>Miguel Pereira<\/strong>&nbsp;<strong>Lopes<\/strong>) e&nbsp;<strong>Gon\u00e7alo Falc\u00e3o<\/strong>&nbsp;(6-2 e 6-0 contra&nbsp;<strong>Jos\u00e9 Freitas<\/strong>) confirmaram o estatuto de favoritos para chegarem \u00e0 \u00faltima ronda do&nbsp;<em>qualifying<\/em>, feito que tamb\u00e9m&nbsp;<strong>Daniel Batista<\/strong>&nbsp;(6-3, 6-7 e 11-9 frente ao su\u00ed\u00e7o&nbsp;<strong>Alexander Orlov<\/strong>, 12.\u00ba cabe\u00e7a de s\u00e9rie) conseguiu.<\/p>\n\n\n\n<p>Mas todos foram travados nesta jornada dupla: o primeiro ao ceder uma reviravolta (3-6, 6-4 e 10-6) perante o espanhol&nbsp;<strong>Andres Fernandez Canovas<\/strong>, o segundo com um desfecho semelhante (4-6, 6-1 e 10-3) frente ao b\u00falgaro&nbsp;<strong>Alexander Donski<\/strong>&nbsp;e o terceiro devido a uma desist\u00eancia quando o marcador assinalava 4-1 favor\u00e1veis a&nbsp;<strong>Mario Gonzalez Fernandez<\/strong>.<\/p>\n\n\n\n<p><strong>Duarte Trocado, Tom\u00e1s Almeida, Guilherme Valdoleiros, Daniel Marincas&nbsp;<\/strong>e&nbsp;<strong>Martim Sim\u00f5es<\/strong>&nbsp;foram eliminados da parte da manh\u00e3, ainda na segunda eliminat\u00f3ria.<\/p>\n\n\n\n<p>Feitas as contas, o apuramento de Francisco Rocha aumentou para sete o n\u00famero de portugueses presentes no quadro principal de singulares deste Vale do Lobo Open, com o jovem natural do Porto a juntar-se a dois compatriotas com entrada direta e quatro convidados pela organiza\u00e7\u00e3o.<\/p>\n\n\n\n<p>Esta segunda-feira ficou a saber-se que pelo menos um deles estar\u00e1 na segunda ronda, pois Duarte Vale (605.) e Pedro Ara\u00fajo (776.\u00ba) v\u00e3o medir for\u00e7as.<\/p>\n\n\n\n<p>Os dois foram convidados pela organiza\u00e7\u00e3o, tal como Tiago Pereira (733.\u00ba) e Tom\u00e1s Cortez (vencedor do torneio&nbsp;<em>wild card<\/em>).<\/p>\n\n\n\n<p>O algarvio vai reencontrar o finland\u00eas&nbsp;<strong>Eero Vasa<\/strong>&nbsp;(1008.\u00ba), que no domingo o derrotou na final de pares do ITF M25 do The Campus, na Quinta do Lago, e esta segunda-feira passou pela fase de qualifica\u00e7\u00e3o. J\u00e1 o portuense, o \u00fanico jogador &#8220;da casa&#8221; a ir a jogo na ter\u00e7a-feira, ter\u00e1 como primeiro advers\u00e1rio o espanhol&nbsp;<strong>John Echeverria<\/strong>&nbsp;(587.\u00ba).<\/p>\n\n\n\n<p>Francisco Rocha n\u00e3o teve sorte no sorteio e ter\u00e1 de medir for\u00e7as com o mais cotado dos tenistas presentes em Vale do Lobo, o franc\u00eas&nbsp;<strong>Jules Marie<\/strong>&nbsp;(203.\u00ba), que lidera uma lista de cabe\u00e7as de s\u00e9rie que tamb\u00e9m conta com Jaime Faria (sexto) e Frederico Silva (s\u00e9timo).<\/p>\n\n\n\n<p>Campe\u00e3o em Vila Real de Santo Ant\u00f3nio, em Faro e na Quinta do Lago nas \u00faltimas tr\u00eas semanas, Jaime Faria (esta semana 347.\u00ba do&nbsp;<em>ranking<\/em>, mas com a entrada no top 300 confirmada na pr\u00f3xima segunda-feira) iniciar\u00e1 o ataque ao quarto t\u00edtulo consecutivo contra o&nbsp;<em>qualifier<\/em>&nbsp;b\u00falgaro Alexander Donski (959.\u00ba).<\/p>\n\n\n\n<p>Quanto a Frederico Silva, o tenista das Caldas da Rainha (355.\u00ba e ex-168.\u00ba) vai disputar o primeiro torneio desde novembro de 2023 e abre a campanha contra outro&nbsp;<em>qualifier<\/em>, o espanhol&nbsp;<strong>Rafael Izquierdo Luque<\/strong>&nbsp;(1080.\u00ba).<\/p>\n","protected":false},"excerpt":{"rendered":"<p>Francisco Rocha&nbsp;venceu dois encontros num s\u00f3 dia e garantiu o apuramento para o quadro principal de singulares do Vale do<\/p>\n","protected":false},"author":1,"featured_media":36460,"comment_status":"closed","ping_status":"open","sticky":false,"template":"","format":"standard","meta":{"colormag_page_container_layout":"default_layout","colormag_page_sidebar_layout":"default_layout","_monsterinsights_skip_tracking":false,"_monsterinsights_sitenote_active":false,"_monsterinsights_sitenote_note":"","_monsterinsights_sitenote_category":0,"jetpack_post_was_ever_published":false,"_jetpack_newsletter_access":"","_jetpack_dont_email_post_to_subs":false,"_jetpack_newsletter_tier_id":0,"_jetpack_memberships_contains_paywalled_content":false,"_jetpack_memberships_contains_paid_content":false,"footnotes":"","jetpack_publicize_message":"","jetpack_publicize_feature_enabled":true,"jetpack_social_post_already_shared":false,"jetpack_social_options":{"image_generator_settings":{"template":"highway","default_image_id":0,"font":"","enabled":false},"version":2}},"categories":[15],"tags":[36,40,458],"class_list":["post-36459","post","type-post","status-publish","format-standard","has-post-thumbnail","hentry","category-desporto","tag-algarve","tag-desporto","tag-tenis-2"],"yoast_head":"<!-- This site is optimized with the Yoast SEO plugin v27.4 - https:\/\/yoast.com\/product\/yoast-seo-wordpress\/ -->\n<title>Francisco Rocha fura o\u00a0qualifying\u00a0do Vale do Lobo Open - Algarve 7<\/title>\n<meta name=\"description\" content=\"Francisco Rocha fura o\u00a0qualifying\u00a0do Vale do Lobo Open Desporto\" \/>\n<meta name=\"robots\" content=\"index, follow, max-snippet:-1, max-image-preview:large, max-video-preview:-1\" \/>\n<link rel=\"canonical\" href=\"https:\/\/algarve7.pt\/index.php\/2024\/03\/francisco-rocha-fura-o-qualifying-do-vale-do-lobo-open\/desporto\/09\/02\/\" \/>\n<meta property=\"og:locale\" content=\"pt_PT\" \/>\n<meta property=\"og:type\" content=\"article\" \/>\n<meta property=\"og:title\" content=\"Francisco Rocha fura o\u00a0qualifying\u00a0do Vale do Lobo Open - Algarve 7\" \/>\n<meta property=\"og:description\" content=\"Francisco Rocha fura o\u00a0qualifying\u00a0do Vale do Lobo Open Desporto\" \/>\n<meta property=\"og:url\" content=\"https:\/\/algarve7.pt\/index.php\/2024\/03\/francisco-rocha-fura-o-qualifying-do-vale-do-lobo-open\/desporto\/09\/02\/\" \/>\n<meta property=\"og:site_name\" content=\"Algarve 7\" \/>\n<meta property=\"article:publisher\" content=\"https:\/\/www.facebook.com\/algarve7\" \/>\n<meta property=\"article:author\" content=\"https:\/\/www.facebook.com\/algarve7\" \/>\n<meta property=\"article:published_time\" content=\"2024-03-12T09:02:29+00:00\" \/>\n<meta property=\"article:modified_time\" content=\"2024-03-12T09:02:31+00:00\" \/>\n<meta property=\"og:image\" content=\"https:\/\/algarve7.pt\/wp-content\/uploads\/2024\/03\/Francisco-Rocha-1.jpg\" \/>\n\t<meta property=\"og:image:width\" content=\"1000\" \/>\n\t<meta property=\"og:image:height\" content=\"667\" \/>\n\t<meta property=\"og:image:type\" content=\"image\/jpeg\" \/>\n<meta name=\"author\" content=\"Algarve 7\" \/>\n<meta name=\"twitter:card\" content=\"summary_large_image\" \/>\n<meta name=\"twitter:creator\" content=\"@Algarvesete\" \/>\n<meta name=\"twitter:site\" content=\"@Algarvesete\" \/>\n<meta name=\"twitter:label1\" content=\"Escrito por\" \/>\n\t<meta name=\"twitter:data1\" content=\"Algarve 7\" \/>\n\t<meta name=\"twitter:label2\" content=\"Tempo estimado de leitura\" \/>\n\t<meta name=\"twitter:data2\" content=\"4 minutos\" \/>\n<script type=\"application\/ld+json\" class=\"yoast-schema-graph\">{\"@context\":\"https:\\\/\\\/schema.org\",\"@graph\":[{\"@type\":\"Article\",\"@id\":\"https:\\\/\\\/algarve7.pt\\\/index.php\\\/2024\\\/03\\\/francisco-rocha-fura-o-qualifying-do-vale-do-lobo-open\\\/desporto\\\/09\\\/02\\\/#article\",\"isPartOf\":{\"@id\":\"https:\\\/\\\/algarve7.pt\\\/index.php\\\/2024\\\/03\\\/francisco-rocha-fura-o-qualifying-do-vale-do-lobo-open\\\/desporto\\\/09\\\/02\\\/\"},\"author\":{\"name\":\"Algarve 7\",\"@id\":\"https:\\\/\\\/algarve7.pt\\\/#\\\/schema\\\/person\\\/23fa70681308e7b319a3204bcea45e0c\"},\"headline\":\"Francisco Rocha fura o\u00a0qualifying\u00a0do Vale do Lobo Open\",\"datePublished\":\"2024-03-12T09:02:29+00:00\",\"dateModified\":\"2024-03-12T09:02:31+00:00\",\"mainEntityOfPage\":{\"@id\":\"https:\\\/\\\/algarve7.pt\\\/index.php\\\/2024\\\/03\\\/francisco-rocha-fura-o-qualifying-do-vale-do-lobo-open\\\/desporto\\\/09\\\/02\\\/\"},\"wordCount\":611,\"publisher\":{\"@id\":\"https:\\\/\\\/algarve7.pt\\\/#organization\"},\"image\":{\"@id\":\"https:\\\/\\\/algarve7.pt\\\/index.php\\\/2024\\\/03\\\/francisco-rocha-fura-o-qualifying-do-vale-do-lobo-open\\\/desporto\\\/09\\\/02\\\/#primaryimage\"},\"thumbnailUrl\":\"https:\\\/\\\/algarve7.pt\\\/wp-content\\\/uploads\\\/2024\\\/03\\\/Francisco-Rocha-1.jpg\",\"keywords\":[\"Algarve\",\"Desporto\",\"Tenis\"],\"articleSection\":[\"Desporto\"],\"inLanguage\":\"pt-PT\"},{\"@type\":\"WebPage\",\"@id\":\"https:\\\/\\\/algarve7.pt\\\/index.php\\\/2024\\\/03\\\/francisco-rocha-fura-o-qualifying-do-vale-do-lobo-open\\\/desporto\\\/09\\\/02\\\/\",\"url\":\"https:\\\/\\\/algarve7.pt\\\/index.php\\\/2024\\\/03\\\/francisco-rocha-fura-o-qualifying-do-vale-do-lobo-open\\\/desporto\\\/09\\\/02\\\/\",\"name\":\"Francisco Rocha fura o\u00a0qualifying\u00a0do Vale do Lobo Open - Algarve 7\",\"isPartOf\":{\"@id\":\"https:\\\/\\\/algarve7.pt\\\/#website\"},\"primaryImageOfPage\":{\"@id\":\"https:\\\/\\\/algarve7.pt\\\/index.php\\\/2024\\\/03\\\/francisco-rocha-fura-o-qualifying-do-vale-do-lobo-open\\\/desporto\\\/09\\\/02\\\/#primaryimage\"},\"image\":{\"@id\":\"https:\\\/\\\/algarve7.pt\\\/index.php\\\/2024\\\/03\\\/francisco-rocha-fura-o-qualifying-do-vale-do-lobo-open\\\/desporto\\\/09\\\/02\\\/#primaryimage\"},\"thumbnailUrl\":\"https:\\\/\\\/algarve7.pt\\\/wp-content\\\/uploads\\\/2024\\\/03\\\/Francisco-Rocha-1.jpg\",\"datePublished\":\"2024-03-12T09:02:29+00:00\",\"dateModified\":\"2024-03-12T09:02:31+00:00\",\"description\":\"Francisco Rocha fura o\u00a0qualifying\u00a0do Vale do Lobo Open Desporto\",\"breadcrumb\":{\"@id\":\"https:\\\/\\\/algarve7.pt\\\/index.php\\\/2024\\\/03\\\/francisco-rocha-fura-o-qualifying-do-vale-do-lobo-open\\\/desporto\\\/09\\\/02\\\/#breadcrumb\"},\"inLanguage\":\"pt-PT\",\"potentialAction\":[{\"@type\":\"ReadAction\",\"target\":[\"https:\\\/\\\/algarve7.pt\\\/index.php\\\/2024\\\/03\\\/francisco-rocha-fura-o-qualifying-do-vale-do-lobo-open\\\/desporto\\\/09\\\/02\\\/\"]}]},{\"@type\":\"ImageObject\",\"inLanguage\":\"pt-PT\",\"@id\":\"https:\\\/\\\/algarve7.pt\\\/index.php\\\/2024\\\/03\\\/francisco-rocha-fura-o-qualifying-do-vale-do-lobo-open\\\/desporto\\\/09\\\/02\\\/#primaryimage\",\"url\":\"https:\\\/\\\/algarve7.pt\\\/wp-content\\\/uploads\\\/2024\\\/03\\\/Francisco-Rocha-1.jpg\",\"contentUrl\":\"https:\\\/\\\/algarve7.pt\\\/wp-content\\\/uploads\\\/2024\\\/03\\\/Francisco-Rocha-1.jpg\",\"width\":1000,\"height\":667},{\"@type\":\"BreadcrumbList\",\"@id\":\"https:\\\/\\\/algarve7.pt\\\/index.php\\\/2024\\\/03\\\/francisco-rocha-fura-o-qualifying-do-vale-do-lobo-open\\\/desporto\\\/09\\\/02\\\/#breadcrumb\",\"itemListElement\":[{\"@type\":\"ListItem\",\"position\":1,\"name\":\"In\u00edcio\",\"item\":\"https:\\\/\\\/algarve7.pt\\\/\"},{\"@type\":\"ListItem\",\"position\":2,\"name\":\"Francisco Rocha fura o\u00a0qualifying\u00a0do Vale do Lobo Open\"}]},{\"@type\":\"WebSite\",\"@id\":\"https:\\\/\\\/algarve7.pt\\\/#website\",\"url\":\"https:\\\/\\\/algarve7.pt\\\/\",\"name\":\"Algarve 7\",\"description\":\"Informa\u00e7\u00e3o sobre o Algarve\",\"publisher\":{\"@id\":\"https:\\\/\\\/algarve7.pt\\\/#organization\"},\"potentialAction\":[{\"@type\":\"SearchAction\",\"target\":{\"@type\":\"EntryPoint\",\"urlTemplate\":\"https:\\\/\\\/algarve7.pt\\\/?s={search_term_string}\"},\"query-input\":{\"@type\":\"PropertyValueSpecification\",\"valueRequired\":true,\"valueName\":\"search_term_string\"}}],\"inLanguage\":\"pt-PT\"},{\"@type\":\"Organization\",\"@id\":\"https:\\\/\\\/algarve7.pt\\\/#organization\",\"name\":\"Algarve 7\",\"url\":\"https:\\\/\\\/algarve7.pt\\\/\",\"logo\":{\"@type\":\"ImageObject\",\"inLanguage\":\"pt-PT\",\"@id\":\"https:\\\/\\\/algarve7.pt\\\/#\\\/schema\\\/logo\\\/image\\\/\",\"url\":\"https:\\\/\\\/algarve7.pt\\\/wp-content\\\/uploads\\\/2020\\\/10\\\/Logo-8.jpg\",\"contentUrl\":\"https:\\\/\\\/algarve7.pt\\\/wp-content\\\/uploads\\\/2020\\\/10\\\/Logo-8.jpg\",\"width\":1680,\"height\":1186,\"caption\":\"Algarve 7\"},\"image\":{\"@id\":\"https:\\\/\\\/algarve7.pt\\\/#\\\/schema\\\/logo\\\/image\\\/\"},\"sameAs\":[\"https:\\\/\\\/www.facebook.com\\\/algarve7\",\"https:\\\/\\\/x.com\\\/Algarvesete\",\"https:\\\/\\\/www.instagram.com\\\/jornalalgarve7\\\/\",\"https:\\\/\\\/www.linkedin.com\\\/company\\\/algarve7\",\"https:\\\/\\\/www.pinterest.pt\\\/geral0939\\\/_created\\\/\"]},{\"@type\":\"Person\",\"@id\":\"https:\\\/\\\/algarve7.pt\\\/#\\\/schema\\\/person\\\/23fa70681308e7b319a3204bcea45e0c\",\"name\":\"Algarve 7\",\"sameAs\":[\"https:\\\/\\\/algarve7.pt\",\"https:\\\/\\\/www.facebook.com\\\/algarve7\"],\"url\":\"https:\\\/\\\/algarve7.pt\\\/index.php\\\/author\\\/geralalgarve7-pt\\\/\"}]}<\/script>\n<!-- \/ Yoast SEO plugin. -->","yoast_head_json":{"title":"Francisco Rocha fura o\u00a0qualifying\u00a0do Vale do Lobo Open - Algarve 7","description":"Francisco Rocha fura o\u00a0qualifying\u00a0do Vale do Lobo Open Desporto","robots":{"index":"index","follow":"follow","max-snippet":"max-snippet:-1","max-image-preview":"max-image-preview:large","max-video-preview":"max-video-preview:-1"},"canonical":"https:\/\/algarve7.pt\/index.php\/2024\/03\/francisco-rocha-fura-o-qualifying-do-vale-do-lobo-open\/desporto\/09\/02\/","og_locale":"pt_PT","og_type":"article","og_title":"Francisco Rocha fura o\u00a0qualifying\u00a0do Vale do Lobo Open - Algarve 7","og_description":"Francisco Rocha fura o\u00a0qualifying\u00a0do Vale do Lobo Open Desporto","og_url":"https:\/\/algarve7.pt\/index.php\/2024\/03\/francisco-rocha-fura-o-qualifying-do-vale-do-lobo-open\/desporto\/09\/02\/","og_site_name":"Algarve 7","article_publisher":"https:\/\/www.facebook.com\/algarve7","article_author":"https:\/\/www.facebook.com\/algarve7","article_published_time":"2024-03-12T09:02:29+00:00","article_modified_time":"2024-03-12T09:02:31+00:00","og_image":[{"width":1000,"height":667,"url":"https:\/\/algarve7.pt\/wp-content\/uploads\/2024\/03\/Francisco-Rocha-1.jpg","type":"image\/jpeg"}],"author":"Algarve 7","twitter_card":"summary_large_image","twitter_creator":"@Algarvesete","twitter_site":"@Algarvesete","twitter_misc":{"Escrito por":"Algarve 7","Tempo estimado de leitura":"4 minutos"},"schema":{"@context":"https:\/\/schema.org","@graph":[{"@type":"Article","@id":"https:\/\/algarve7.pt\/index.php\/2024\/03\/francisco-rocha-fura-o-qualifying-do-vale-do-lobo-open\/desporto\/09\/02\/#article","isPartOf":{"@id":"https:\/\/algarve7.pt\/index.php\/2024\/03\/francisco-rocha-fura-o-qualifying-do-vale-do-lobo-open\/desporto\/09\/02\/"},"author":{"name":"Algarve 7","@id":"https:\/\/algarve7.pt\/#\/schema\/person\/23fa70681308e7b319a3204bcea45e0c"},"headline":"Francisco Rocha fura o\u00a0qualifying\u00a0do Vale do Lobo Open","datePublished":"2024-03-12T09:02:29+00:00","dateModified":"2024-03-12T09:02:31+00:00","mainEntityOfPage":{"@id":"https:\/\/algarve7.pt\/index.php\/2024\/03\/francisco-rocha-fura-o-qualifying-do-vale-do-lobo-open\/desporto\/09\/02\/"},"wordCount":611,"publisher":{"@id":"https:\/\/algarve7.pt\/#organization"},"image":{"@id":"https:\/\/algarve7.pt\/index.php\/2024\/03\/francisco-rocha-fura-o-qualifying-do-vale-do-lobo-open\/desporto\/09\/02\/#primaryimage"},"thumbnailUrl":"https:\/\/algarve7.pt\/wp-content\/uploads\/2024\/03\/Francisco-Rocha-1.jpg","keywords":["Algarve","Desporto","Tenis"],"articleSection":["Desporto"],"inLanguage":"pt-PT"},{"@type":"WebPage","@id":"https:\/\/algarve7.pt\/index.php\/2024\/03\/francisco-rocha-fura-o-qualifying-do-vale-do-lobo-open\/desporto\/09\/02\/","url":"https:\/\/algarve7.pt\/index.php\/2024\/03\/francisco-rocha-fura-o-qualifying-do-vale-do-lobo-open\/desporto\/09\/02\/","name":"Francisco Rocha fura o\u00a0qualifying\u00a0do Vale do Lobo Open - Algarve 7","isPartOf":{"@id":"https:\/\/algarve7.pt\/#website"},"primaryImageOfPage":{"@id":"https:\/\/algarve7.pt\/index.php\/2024\/03\/francisco-rocha-fura-o-qualifying-do-vale-do-lobo-open\/desporto\/09\/02\/#primaryimage"},"image":{"@id":"https:\/\/algarve7.pt\/index.php\/2024\/03\/francisco-rocha-fura-o-qualifying-do-vale-do-lobo-open\/desporto\/09\/02\/#primaryimage"},"thumbnailUrl":"https:\/\/algarve7.pt\/wp-content\/uploads\/2024\/03\/Francisco-Rocha-1.jpg","datePublished":"2024-03-12T09:02:29+00:00","dateModified":"2024-03-12T09:02:31+00:00","description":"Francisco Rocha fura o\u00a0qualifying\u00a0do Vale do Lobo Open Desporto","breadcrumb":{"@id":"https:\/\/algarve7.pt\/index.php\/2024\/03\/francisco-rocha-fura-o-qualifying-do-vale-do-lobo-open\/desporto\/09\/02\/#breadcrumb"},"inLanguage":"pt-PT","potentialAction":[{"@type":"ReadAction","target":["https:\/\/algarve7.pt\/index.php\/2024\/03\/francisco-rocha-fura-o-qualifying-do-vale-do-lobo-open\/desporto\/09\/02\/"]}]},{"@type":"ImageObject","inLanguage":"pt-PT","@id":"https:\/\/algarve7.pt\/index.php\/2024\/03\/francisco-rocha-fura-o-qualifying-do-vale-do-lobo-open\/desporto\/09\/02\/#primaryimage","url":"https:\/\/algarve7.pt\/wp-content\/uploads\/2024\/03\/Francisco-Rocha-1.jpg","contentUrl":"https:\/\/algarve7.pt\/wp-content\/uploads\/2024\/03\/Francisco-Rocha-1.jpg","width":1000,"height":667},{"@type":"BreadcrumbList","@id":"https:\/\/algarve7.pt\/index.php\/2024\/03\/francisco-rocha-fura-o-qualifying-do-vale-do-lobo-open\/desporto\/09\/02\/#breadcrumb","itemListElement":[{"@type":"ListItem","position":1,"name":"In\u00edcio","item":"https:\/\/algarve7.pt\/"},{"@type":"ListItem","position":2,"name":"Francisco Rocha fura o\u00a0qualifying\u00a0do Vale do Lobo Open"}]},{"@type":"WebSite","@id":"https:\/\/algarve7.pt\/#website","url":"https:\/\/algarve7.pt\/","name":"Algarve 7","description":"Informa\u00e7\u00e3o sobre o Algarve","publisher":{"@id":"https:\/\/algarve7.pt\/#organization"},"potentialAction":[{"@type":"SearchAction","target":{"@type":"EntryPoint","urlTemplate":"https:\/\/algarve7.pt\/?s={search_term_string}"},"query-input":{"@type":"PropertyValueSpecification","valueRequired":true,"valueName":"search_term_string"}}],"inLanguage":"pt-PT"},{"@type":"Organization","@id":"https:\/\/algarve7.pt\/#organization","name":"Algarve 7","url":"https:\/\/algarve7.pt\/","logo":{"@type":"ImageObject","inLanguage":"pt-PT","@id":"https:\/\/algarve7.pt\/#\/schema\/logo\/image\/","url":"https:\/\/algarve7.pt\/wp-content\/uploads\/2020\/10\/Logo-8.jpg","contentUrl":"https:\/\/algarve7.pt\/wp-content\/uploads\/2020\/10\/Logo-8.jpg","width":1680,"height":1186,"caption":"Algarve 7"},"image":{"@id":"https:\/\/algarve7.pt\/#\/schema\/logo\/image\/"},"sameAs":["https:\/\/www.facebook.com\/algarve7","https:\/\/x.com\/Algarvesete","https:\/\/www.instagram.com\/jornalalgarve7\/","https:\/\/www.linkedin.com\/company\/algarve7","https:\/\/www.pinterest.pt\/geral0939\/_created\/"]},{"@type":"Person","@id":"https:\/\/algarve7.pt\/#\/schema\/person\/23fa70681308e7b319a3204bcea45e0c","name":"Algarve 7","sameAs":["https:\/\/algarve7.pt","https:\/\/www.facebook.com\/algarve7"],"url":"https:\/\/algarve7.pt\/index.php\/author\/geralalgarve7-pt\/"}]}},"jetpack_publicize_connections":[],"jetpack_featured_media_url":"https:\/\/algarve7.pt\/wp-content\/uploads\/2024\/03\/Francisco-Rocha-1.jpg","jetpack_shortlink":"https:\/\/wp.me\/pcezmW-9u3","jetpack_sharing_enabled":true,"_links":{"self":[{"href":"https:\/\/algarve7.pt\/index.php\/wp-json\/wp\/v2\/posts\/36459","targetHints":{"allow":["GET"]}}],"collection":[{"href":"https:\/\/algarve7.pt\/index.php\/wp-json\/wp\/v2\/posts"}],"about":[{"href":"https:\/\/algarve7.pt\/index.php\/wp-json\/wp\/v2\/types\/post"}],"author":[{"embeddable":true,"href":"https:\/\/algarve7.pt\/index.php\/wp-json\/wp\/v2\/users\/1"}],"replies":[{"embeddable":true,"href":"https:\/\/algarve7.pt\/index.php\/wp-json\/wp\/v2\/comments?post=36459"}],"version-history":[{"count":0,"href":"https:\/\/algarve7.pt\/index.php\/wp-json\/wp\/v2\/posts\/36459\/revisions"}],"wp:featuredmedia":[{"embeddable":true,"href":"https:\/\/algarve7.pt\/index.php\/wp-json\/wp\/v2\/media\/36460"}],"wp:attachment":[{"href":"https:\/\/algarve7.pt\/index.php\/wp-json\/wp\/v2\/media?parent=36459"}],"wp:term":[{"taxonomy":"category","embeddable":true,"href":"https:\/\/algarve7.pt\/index.php\/wp-json\/wp\/v2\/categories?post=36459"},{"taxonomy":"post_tag","embeddable":true,"href":"https:\/\/algarve7.pt\/index.php\/wp-json\/wp\/v2\/tags?post=36459"}],"curies":[{"name":"wp","href":"https:\/\/api.w.org\/{rel}","templated":true}]}}