{"id":36451,"date":"2024-03-12T09:32:00","date_gmt":"2024-03-12T09:32:00","guid":{"rendered":"https:\/\/algarve7.pt\/?p=36451"},"modified":"2024-03-11T18:33:49","modified_gmt":"2024-03-11T18:33:49","slug":"expensive-soul-hybrid-theory-e-gnr-atuam-no-albufeira-sea-fest-deste-ano","status":"publish","type":"post","link":"https:\/\/algarve7.pt\/index.php\/2024\/03\/expensive-soul-hybrid-theory-e-gnr-atuam-no-albufeira-sea-fest-deste-ano\/cultura\/09\/32\/","title":{"rendered":"Expensive Soul, Hybrid Theory e GNR atuam no \u201cAlbufeira Sea Fest\u201d deste ano"},"content":{"rendered":"\n<p>Vem a\u00ed o \u201cAlbufeira Sea Fest\u201924\u201d. A Pra\u00e7a e Praia dos Pescadores \u00e9 o local escolhido para receber, de 28 a 30 de mar\u00e7o (de quinta-feira a s\u00e1bado), a terceira edi\u00e7\u00e3o do evento que celebra a juventude e as fam\u00edlias ao som da m\u00fasica, de muita anima\u00e7\u00e3o e com um programa atrativo e repleto de atividades para os jovens. A entrada \u00e9 livre nos tr\u00eas dias, sendo que no dia 28 a abertura \u00e9 \u00e0s 15h00 e nos dias seguintes \u00e0s 09h00, encerrando sempre \u00e0 meia-noite.<\/p>\n\n\n\n<p>O evento, marcado para a interrup\u00e7\u00e3o letiva da P\u00e1scoa, \u00e9 uma organiza\u00e7\u00e3o do Munic\u00edpio de Albufeira em parceria com a Junta de Freguesia de Albufeira e Olhos de \u00c1gua e procura, durante esta \u00e9poca do ano, juntar pais e filhos em atividades l\u00fadicas, assim como revitalizar o sentido de comunidade, mediante a valoriza\u00e7\u00e3o dos artistas e empresas locais.<\/p>\n\n\n\n<p>Ao longo dos tr\u00eas dias h\u00e1 demonstra\u00e7\u00f5es e concursos de <em>surf<\/em>, <em>bmx<\/em>, <em>inline<\/em>, <em>sup<\/em>, <em>skate<\/em>, concertos, gastronomia, atividades em fam\u00edlia, insufl\u00e1veis, \u00e1reas espec\u00edficas para a divers\u00e3o das crian\u00e7as, apresenta\u00e7\u00e3o de projetos art\u00edsticos e muitas outras a\u00e7\u00f5es que tornam o \u201cAlbufeira Sea Fest\u201d num evento grandioso, entre a produ\u00e7\u00e3o art\u00edstica e desportiva, a n\u00edvel local e aquela que figura a n\u00edvel nacional.<\/p>\n\n\n\n<p><em>Expensive Soul<\/em>, <em>Hybrid Theory<\/em> e GNR s\u00e3o os principais cabe\u00e7as de cartaz deste ano, com um alinhamento que inclui, tamb\u00e9m, m\u00fasicos e bandas locais como <em>Subtil<\/em>, <em>Quiassaca &amp; Wavy<\/em>, <em>No Time to Waste<\/em>, <em>Ben &amp; The Pirates<\/em>, Daniel Vargas e Os Naira.<\/p>\n\n\n\n<p>&#8220;O Albufeira Sea Fest&#8217; \u00e9 mais do que uma celebra\u00e7\u00e3o. \u00c9 uma afirma\u00e7\u00e3o do esfor\u00e7o e do investimento na juventude albufeirense. Ao longo dos anos temos visto este evento crescer e tornar-se num momento \u00e2ncora do calend\u00e1rio cultural de Albufeira, atraindo at\u00e9 ao concelho centenas de turistas nesta altura do ano\u201d, explicou o presidente da C\u00e2mara Municipal de Albufeira, Jos\u00e9 Carlos Rolo.<\/p>\n\n\n\n<p>Cristiano Cabrita, vice-presidente e vereador respons\u00e1vel pelos pelouros do Desporto e Juventude e Associativismo, defende que \u201ceste \u00e9 um evento que pretende promover o talento musical e art\u00edstico dos jovens albufeirenses, celebrar os seus feitos e conquistas e demonstrar o trabalho das associa\u00e7\u00f5es desportivas do concelho\u201d.<\/p>\n","protected":false},"excerpt":{"rendered":"<p>Vem a\u00ed o \u201cAlbufeira Sea Fest\u201924\u201d. A Pra\u00e7a e Praia dos Pescadores \u00e9 o local escolhido para receber, de 28<\/p>\n","protected":false},"author":1,"featured_media":36452,"comment_status":"closed","ping_status":"open","sticky":false,"template":"","format":"standard","meta":{"colormag_page_container_layout":"default_layout","colormag_page_sidebar_layout":"default_layout","_monsterinsights_skip_tracking":false,"_monsterinsights_sitenote_active":false,"_monsterinsights_sitenote_note":"","_monsterinsights_sitenote_category":0,"jetpack_post_was_ever_published":false,"_jetpack_newsletter_access":"","_jetpack_dont_email_post_to_subs":false,"_jetpack_newsletter_tier_id":0,"_jetpack_memberships_contains_paywalled_content":false,"_jetpack_memberships_contains_paid_content":false,"footnotes":"","jetpack_publicize_message":"","jetpack_publicize_feature_enabled":true,"jetpack_social_post_already_shared":false,"jetpack_social_options":{"image_generator_settings":{"template":"highway","default_image_id":0,"font":"","enabled":false},"version":2}},"categories":[14],"tags":[155,36,52,35],"class_list":["post-36451","post","type-post","status-publish","format-standard","has-post-thumbnail","hentry","category-cultura","tag-albufeira","tag-algarve","tag-concerto","tag-cultura"],"yoast_head":"<!-- This site is optimized with the Yoast SEO plugin v27.4 - https:\/\/yoast.com\/product\/yoast-seo-wordpress\/ -->\n<title>Expensive Soul, Hybrid Theory e GNR atuam no \u201cAlbufeira Sea Fest\u201d deste ano - Algarve 7<\/title>\n<meta name=\"description\" content=\"Expensive Soul, Hybrid Theory e GNR atuam no \u201cAlbufeira Sea Fest\u201d deste ano Cultura\" \/>\n<meta name=\"robots\" content=\"index, follow, max-snippet:-1, max-image-preview:large, max-video-preview:-1\" \/>\n<link rel=\"canonical\" href=\"https:\/\/algarve7.pt\/index.php\/2024\/03\/expensive-soul-hybrid-theory-e-gnr-atuam-no-albufeira-sea-fest-deste-ano\/cultura\/09\/32\/\" \/>\n<meta property=\"og:locale\" content=\"pt_PT\" \/>\n<meta property=\"og:type\" content=\"article\" \/>\n<meta property=\"og:title\" content=\"Expensive Soul, Hybrid Theory e GNR atuam no \u201cAlbufeira Sea Fest\u201d deste ano - Algarve 7\" \/>\n<meta property=\"og:description\" content=\"Expensive Soul, Hybrid Theory e GNR atuam no \u201cAlbufeira Sea Fest\u201d deste ano Cultura\" \/>\n<meta property=\"og:url\" content=\"https:\/\/algarve7.pt\/index.php\/2024\/03\/expensive-soul-hybrid-theory-e-gnr-atuam-no-albufeira-sea-fest-deste-ano\/cultura\/09\/32\/\" \/>\n<meta property=\"og:site_name\" content=\"Algarve 7\" \/>\n<meta property=\"article:publisher\" content=\"https:\/\/www.facebook.com\/algarve7\" \/>\n<meta property=\"article:author\" content=\"https:\/\/www.facebook.com\/algarve7\" \/>\n<meta property=\"article:published_time\" content=\"2024-03-12T09:32:00+00:00\" \/>\n<meta property=\"og:image\" content=\"https:\/\/algarve7.pt\/wp-content\/uploads\/2024\/03\/Albufeira-Sea-Fest.jpg\" \/>\n\t<meta property=\"og:image:width\" content=\"600\" \/>\n\t<meta property=\"og:image:height\" content=\"849\" \/>\n\t<meta property=\"og:image:type\" content=\"image\/jpeg\" \/>\n<meta name=\"author\" content=\"Algarve 7\" \/>\n<meta name=\"twitter:card\" content=\"summary_large_image\" \/>\n<meta name=\"twitter:creator\" content=\"@Algarvesete\" \/>\n<meta name=\"twitter:site\" content=\"@Algarvesete\" \/>\n<meta name=\"twitter:label1\" content=\"Escrito por\" \/>\n\t<meta name=\"twitter:data1\" content=\"Algarve 7\" \/>\n\t<meta name=\"twitter:label2\" content=\"Tempo estimado de leitura\" \/>\n\t<meta name=\"twitter:data2\" content=\"3 minutos\" \/>\n<script type=\"application\/ld+json\" class=\"yoast-schema-graph\">{\"@context\":\"https:\\\/\\\/schema.org\",\"@graph\":[{\"@type\":\"Article\",\"@id\":\"https:\\\/\\\/algarve7.pt\\\/index.php\\\/2024\\\/03\\\/expensive-soul-hybrid-theory-e-gnr-atuam-no-albufeira-sea-fest-deste-ano\\\/cultura\\\/09\\\/32\\\/#article\",\"isPartOf\":{\"@id\":\"https:\\\/\\\/algarve7.pt\\\/index.php\\\/2024\\\/03\\\/expensive-soul-hybrid-theory-e-gnr-atuam-no-albufeira-sea-fest-deste-ano\\\/cultura\\\/09\\\/32\\\/\"},\"author\":{\"name\":\"Algarve 7\",\"@id\":\"https:\\\/\\\/algarve7.pt\\\/#\\\/schema\\\/person\\\/23fa70681308e7b319a3204bcea45e0c\"},\"headline\":\"Expensive Soul, Hybrid Theory e GNR atuam no \u201cAlbufeira Sea Fest\u201d deste ano\",\"datePublished\":\"2024-03-12T09:32:00+00:00\",\"mainEntityOfPage\":{\"@id\":\"https:\\\/\\\/algarve7.pt\\\/index.php\\\/2024\\\/03\\\/expensive-soul-hybrid-theory-e-gnr-atuam-no-albufeira-sea-fest-deste-ano\\\/cultura\\\/09\\\/32\\\/\"},\"wordCount\":397,\"publisher\":{\"@id\":\"https:\\\/\\\/algarve7.pt\\\/#organization\"},\"image\":{\"@id\":\"https:\\\/\\\/algarve7.pt\\\/index.php\\\/2024\\\/03\\\/expensive-soul-hybrid-theory-e-gnr-atuam-no-albufeira-sea-fest-deste-ano\\\/cultura\\\/09\\\/32\\\/#primaryimage\"},\"thumbnailUrl\":\"https:\\\/\\\/algarve7.pt\\\/wp-content\\\/uploads\\\/2024\\\/03\\\/Albufeira-Sea-Fest.jpg\",\"keywords\":[\"Albufeira\",\"Algarve\",\"Concerto\",\"Cultura\"],\"articleSection\":[\"Cultura\"],\"inLanguage\":\"pt-PT\"},{\"@type\":\"WebPage\",\"@id\":\"https:\\\/\\\/algarve7.pt\\\/index.php\\\/2024\\\/03\\\/expensive-soul-hybrid-theory-e-gnr-atuam-no-albufeira-sea-fest-deste-ano\\\/cultura\\\/09\\\/32\\\/\",\"url\":\"https:\\\/\\\/algarve7.pt\\\/index.php\\\/2024\\\/03\\\/expensive-soul-hybrid-theory-e-gnr-atuam-no-albufeira-sea-fest-deste-ano\\\/cultura\\\/09\\\/32\\\/\",\"name\":\"Expensive Soul, Hybrid Theory e GNR atuam no \u201cAlbufeira Sea Fest\u201d deste ano - Algarve 7\",\"isPartOf\":{\"@id\":\"https:\\\/\\\/algarve7.pt\\\/#website\"},\"primaryImageOfPage\":{\"@id\":\"https:\\\/\\\/algarve7.pt\\\/index.php\\\/2024\\\/03\\\/expensive-soul-hybrid-theory-e-gnr-atuam-no-albufeira-sea-fest-deste-ano\\\/cultura\\\/09\\\/32\\\/#primaryimage\"},\"image\":{\"@id\":\"https:\\\/\\\/algarve7.pt\\\/index.php\\\/2024\\\/03\\\/expensive-soul-hybrid-theory-e-gnr-atuam-no-albufeira-sea-fest-deste-ano\\\/cultura\\\/09\\\/32\\\/#primaryimage\"},\"thumbnailUrl\":\"https:\\\/\\\/algarve7.pt\\\/wp-content\\\/uploads\\\/2024\\\/03\\\/Albufeira-Sea-Fest.jpg\",\"datePublished\":\"2024-03-12T09:32:00+00:00\",\"description\":\"Expensive Soul, Hybrid Theory e GNR atuam no \u201cAlbufeira Sea Fest\u201d deste ano Cultura\",\"breadcrumb\":{\"@id\":\"https:\\\/\\\/algarve7.pt\\\/index.php\\\/2024\\\/03\\\/expensive-soul-hybrid-theory-e-gnr-atuam-no-albufeira-sea-fest-deste-ano\\\/cultura\\\/09\\\/32\\\/#breadcrumb\"},\"inLanguage\":\"pt-PT\",\"potentialAction\":[{\"@type\":\"ReadAction\",\"target\":[\"https:\\\/\\\/algarve7.pt\\\/index.php\\\/2024\\\/03\\\/expensive-soul-hybrid-theory-e-gnr-atuam-no-albufeira-sea-fest-deste-ano\\\/cultura\\\/09\\\/32\\\/\"]}]},{\"@type\":\"ImageObject\",\"inLanguage\":\"pt-PT\",\"@id\":\"https:\\\/\\\/algarve7.pt\\\/index.php\\\/2024\\\/03\\\/expensive-soul-hybrid-theory-e-gnr-atuam-no-albufeira-sea-fest-deste-ano\\\/cultura\\\/09\\\/32\\\/#primaryimage\",\"url\":\"https:\\\/\\\/algarve7.pt\\\/wp-content\\\/uploads\\\/2024\\\/03\\\/Albufeira-Sea-Fest.jpg\",\"contentUrl\":\"https:\\\/\\\/algarve7.pt\\\/wp-content\\\/uploads\\\/2024\\\/03\\\/Albufeira-Sea-Fest.jpg\",\"width\":600,\"height\":849},{\"@type\":\"BreadcrumbList\",\"@id\":\"https:\\\/\\\/algarve7.pt\\\/index.php\\\/2024\\\/03\\\/expensive-soul-hybrid-theory-e-gnr-atuam-no-albufeira-sea-fest-deste-ano\\\/cultura\\\/09\\\/32\\\/#breadcrumb\",\"itemListElement\":[{\"@type\":\"ListItem\",\"position\":1,\"name\":\"In\u00edcio\",\"item\":\"https:\\\/\\\/algarve7.pt\\\/\"},{\"@type\":\"ListItem\",\"position\":2,\"name\":\"Expensive Soul, Hybrid Theory e GNR atuam no \u201cAlbufeira Sea Fest\u201d deste ano\"}]},{\"@type\":\"WebSite\",\"@id\":\"https:\\\/\\\/algarve7.pt\\\/#website\",\"url\":\"https:\\\/\\\/algarve7.pt\\\/\",\"name\":\"Algarve 7\",\"description\":\"Informa\u00e7\u00e3o sobre o Algarve\",\"publisher\":{\"@id\":\"https:\\\/\\\/algarve7.pt\\\/#organization\"},\"potentialAction\":[{\"@type\":\"SearchAction\",\"target\":{\"@type\":\"EntryPoint\",\"urlTemplate\":\"https:\\\/\\\/algarve7.pt\\\/?s={search_term_string}\"},\"query-input\":{\"@type\":\"PropertyValueSpecification\",\"valueRequired\":true,\"valueName\":\"search_term_string\"}}],\"inLanguage\":\"pt-PT\"},{\"@type\":\"Organization\",\"@id\":\"https:\\\/\\\/algarve7.pt\\\/#organization\",\"name\":\"Algarve 7\",\"url\":\"https:\\\/\\\/algarve7.pt\\\/\",\"logo\":{\"@type\":\"ImageObject\",\"inLanguage\":\"pt-PT\",\"@id\":\"https:\\\/\\\/algarve7.pt\\\/#\\\/schema\\\/logo\\\/image\\\/\",\"url\":\"https:\\\/\\\/algarve7.pt\\\/wp-content\\\/uploads\\\/2020\\\/10\\\/Logo-8.jpg\",\"contentUrl\":\"https:\\\/\\\/algarve7.pt\\\/wp-content\\\/uploads\\\/2020\\\/10\\\/Logo-8.jpg\",\"width\":1680,\"height\":1186,\"caption\":\"Algarve 7\"},\"image\":{\"@id\":\"https:\\\/\\\/algarve7.pt\\\/#\\\/schema\\\/logo\\\/image\\\/\"},\"sameAs\":[\"https:\\\/\\\/www.facebook.com\\\/algarve7\",\"https:\\\/\\\/x.com\\\/Algarvesete\",\"https:\\\/\\\/www.instagram.com\\\/jornalalgarve7\\\/\",\"https:\\\/\\\/www.linkedin.com\\\/company\\\/algarve7\",\"https:\\\/\\\/www.pinterest.pt\\\/geral0939\\\/_created\\\/\"]},{\"@type\":\"Person\",\"@id\":\"https:\\\/\\\/algarve7.pt\\\/#\\\/schema\\\/person\\\/23fa70681308e7b319a3204bcea45e0c\",\"name\":\"Algarve 7\",\"sameAs\":[\"https:\\\/\\\/algarve7.pt\",\"https:\\\/\\\/www.facebook.com\\\/algarve7\"],\"url\":\"https:\\\/\\\/algarve7.pt\\\/index.php\\\/author\\\/geralalgarve7-pt\\\/\"}]}<\/script>\n<!-- \/ Yoast SEO plugin. -->","yoast_head_json":{"title":"Expensive Soul, Hybrid Theory e GNR atuam no \u201cAlbufeira Sea Fest\u201d deste ano - Algarve 7","description":"Expensive Soul, Hybrid Theory e GNR atuam no \u201cAlbufeira Sea Fest\u201d deste ano Cultura","robots":{"index":"index","follow":"follow","max-snippet":"max-snippet:-1","max-image-preview":"max-image-preview:large","max-video-preview":"max-video-preview:-1"},"canonical":"https:\/\/algarve7.pt\/index.php\/2024\/03\/expensive-soul-hybrid-theory-e-gnr-atuam-no-albufeira-sea-fest-deste-ano\/cultura\/09\/32\/","og_locale":"pt_PT","og_type":"article","og_title":"Expensive Soul, Hybrid Theory e GNR atuam no \u201cAlbufeira Sea Fest\u201d deste ano - Algarve 7","og_description":"Expensive Soul, Hybrid Theory e GNR atuam no \u201cAlbufeira Sea Fest\u201d deste ano Cultura","og_url":"https:\/\/algarve7.pt\/index.php\/2024\/03\/expensive-soul-hybrid-theory-e-gnr-atuam-no-albufeira-sea-fest-deste-ano\/cultura\/09\/32\/","og_site_name":"Algarve 7","article_publisher":"https:\/\/www.facebook.com\/algarve7","article_author":"https:\/\/www.facebook.com\/algarve7","article_published_time":"2024-03-12T09:32:00+00:00","og_image":[{"width":600,"height":849,"url":"https:\/\/algarve7.pt\/wp-content\/uploads\/2024\/03\/Albufeira-Sea-Fest.jpg","type":"image\/jpeg"}],"author":"Algarve 7","twitter_card":"summary_large_image","twitter_creator":"@Algarvesete","twitter_site":"@Algarvesete","twitter_misc":{"Escrito por":"Algarve 7","Tempo estimado de leitura":"3 minutos"},"schema":{"@context":"https:\/\/schema.org","@graph":[{"@type":"Article","@id":"https:\/\/algarve7.pt\/index.php\/2024\/03\/expensive-soul-hybrid-theory-e-gnr-atuam-no-albufeira-sea-fest-deste-ano\/cultura\/09\/32\/#article","isPartOf":{"@id":"https:\/\/algarve7.pt\/index.php\/2024\/03\/expensive-soul-hybrid-theory-e-gnr-atuam-no-albufeira-sea-fest-deste-ano\/cultura\/09\/32\/"},"author":{"name":"Algarve 7","@id":"https:\/\/algarve7.pt\/#\/schema\/person\/23fa70681308e7b319a3204bcea45e0c"},"headline":"Expensive Soul, Hybrid Theory e GNR atuam no \u201cAlbufeira Sea Fest\u201d deste ano","datePublished":"2024-03-12T09:32:00+00:00","mainEntityOfPage":{"@id":"https:\/\/algarve7.pt\/index.php\/2024\/03\/expensive-soul-hybrid-theory-e-gnr-atuam-no-albufeira-sea-fest-deste-ano\/cultura\/09\/32\/"},"wordCount":397,"publisher":{"@id":"https:\/\/algarve7.pt\/#organization"},"image":{"@id":"https:\/\/algarve7.pt\/index.php\/2024\/03\/expensive-soul-hybrid-theory-e-gnr-atuam-no-albufeira-sea-fest-deste-ano\/cultura\/09\/32\/#primaryimage"},"thumbnailUrl":"https:\/\/algarve7.pt\/wp-content\/uploads\/2024\/03\/Albufeira-Sea-Fest.jpg","keywords":["Albufeira","Algarve","Concerto","Cultura"],"articleSection":["Cultura"],"inLanguage":"pt-PT"},{"@type":"WebPage","@id":"https:\/\/algarve7.pt\/index.php\/2024\/03\/expensive-soul-hybrid-theory-e-gnr-atuam-no-albufeira-sea-fest-deste-ano\/cultura\/09\/32\/","url":"https:\/\/algarve7.pt\/index.php\/2024\/03\/expensive-soul-hybrid-theory-e-gnr-atuam-no-albufeira-sea-fest-deste-ano\/cultura\/09\/32\/","name":"Expensive Soul, Hybrid Theory e GNR atuam no \u201cAlbufeira Sea Fest\u201d deste ano - Algarve 7","isPartOf":{"@id":"https:\/\/algarve7.pt\/#website"},"primaryImageOfPage":{"@id":"https:\/\/algarve7.pt\/index.php\/2024\/03\/expensive-soul-hybrid-theory-e-gnr-atuam-no-albufeira-sea-fest-deste-ano\/cultura\/09\/32\/#primaryimage"},"image":{"@id":"https:\/\/algarve7.pt\/index.php\/2024\/03\/expensive-soul-hybrid-theory-e-gnr-atuam-no-albufeira-sea-fest-deste-ano\/cultura\/09\/32\/#primaryimage"},"thumbnailUrl":"https:\/\/algarve7.pt\/wp-content\/uploads\/2024\/03\/Albufeira-Sea-Fest.jpg","datePublished":"2024-03-12T09:32:00+00:00","description":"Expensive Soul, Hybrid Theory e GNR atuam no \u201cAlbufeira Sea Fest\u201d deste ano Cultura","breadcrumb":{"@id":"https:\/\/algarve7.pt\/index.php\/2024\/03\/expensive-soul-hybrid-theory-e-gnr-atuam-no-albufeira-sea-fest-deste-ano\/cultura\/09\/32\/#breadcrumb"},"inLanguage":"pt-PT","potentialAction":[{"@type":"ReadAction","target":["https:\/\/algarve7.pt\/index.php\/2024\/03\/expensive-soul-hybrid-theory-e-gnr-atuam-no-albufeira-sea-fest-deste-ano\/cultura\/09\/32\/"]}]},{"@type":"ImageObject","inLanguage":"pt-PT","@id":"https:\/\/algarve7.pt\/index.php\/2024\/03\/expensive-soul-hybrid-theory-e-gnr-atuam-no-albufeira-sea-fest-deste-ano\/cultura\/09\/32\/#primaryimage","url":"https:\/\/algarve7.pt\/wp-content\/uploads\/2024\/03\/Albufeira-Sea-Fest.jpg","contentUrl":"https:\/\/algarve7.pt\/wp-content\/uploads\/2024\/03\/Albufeira-Sea-Fest.jpg","width":600,"height":849},{"@type":"BreadcrumbList","@id":"https:\/\/algarve7.pt\/index.php\/2024\/03\/expensive-soul-hybrid-theory-e-gnr-atuam-no-albufeira-sea-fest-deste-ano\/cultura\/09\/32\/#breadcrumb","itemListElement":[{"@type":"ListItem","position":1,"name":"In\u00edcio","item":"https:\/\/algarve7.pt\/"},{"@type":"ListItem","position":2,"name":"Expensive Soul, Hybrid Theory e GNR atuam no \u201cAlbufeira Sea Fest\u201d deste ano"}]},{"@type":"WebSite","@id":"https:\/\/algarve7.pt\/#website","url":"https:\/\/algarve7.pt\/","name":"Algarve 7","description":"Informa\u00e7\u00e3o sobre o Algarve","publisher":{"@id":"https:\/\/algarve7.pt\/#organization"},"potentialAction":[{"@type":"SearchAction","target":{"@type":"EntryPoint","urlTemplate":"https:\/\/algarve7.pt\/?s={search_term_string}"},"query-input":{"@type":"PropertyValueSpecification","valueRequired":true,"valueName":"search_term_string"}}],"inLanguage":"pt-PT"},{"@type":"Organization","@id":"https:\/\/algarve7.pt\/#organization","name":"Algarve 7","url":"https:\/\/algarve7.pt\/","logo":{"@type":"ImageObject","inLanguage":"pt-PT","@id":"https:\/\/algarve7.pt\/#\/schema\/logo\/image\/","url":"https:\/\/algarve7.pt\/wp-content\/uploads\/2020\/10\/Logo-8.jpg","contentUrl":"https:\/\/algarve7.pt\/wp-content\/uploads\/2020\/10\/Logo-8.jpg","width":1680,"height":1186,"caption":"Algarve 7"},"image":{"@id":"https:\/\/algarve7.pt\/#\/schema\/logo\/image\/"},"sameAs":["https:\/\/www.facebook.com\/algarve7","https:\/\/x.com\/Algarvesete","https:\/\/www.instagram.com\/jornalalgarve7\/","https:\/\/www.linkedin.com\/company\/algarve7","https:\/\/www.pinterest.pt\/geral0939\/_created\/"]},{"@type":"Person","@id":"https:\/\/algarve7.pt\/#\/schema\/person\/23fa70681308e7b319a3204bcea45e0c","name":"Algarve 7","sameAs":["https:\/\/algarve7.pt","https:\/\/www.facebook.com\/algarve7"],"url":"https:\/\/algarve7.pt\/index.php\/author\/geralalgarve7-pt\/"}]}},"jetpack_publicize_connections":[],"jetpack_featured_media_url":"https:\/\/algarve7.pt\/wp-content\/uploads\/2024\/03\/Albufeira-Sea-Fest.jpg","jetpack_shortlink":"https:\/\/wp.me\/pcezmW-9tV","jetpack_sharing_enabled":true,"_links":{"self":[{"href":"https:\/\/algarve7.pt\/index.php\/wp-json\/wp\/v2\/posts\/36451","targetHints":{"allow":["GET"]}}],"collection":[{"href":"https:\/\/algarve7.pt\/index.php\/wp-json\/wp\/v2\/posts"}],"about":[{"href":"https:\/\/algarve7.pt\/index.php\/wp-json\/wp\/v2\/types\/post"}],"author":[{"embeddable":true,"href":"https:\/\/algarve7.pt\/index.php\/wp-json\/wp\/v2\/users\/1"}],"replies":[{"embeddable":true,"href":"https:\/\/algarve7.pt\/index.php\/wp-json\/wp\/v2\/comments?post=36451"}],"version-history":[{"count":0,"href":"https:\/\/algarve7.pt\/index.php\/wp-json\/wp\/v2\/posts\/36451\/revisions"}],"wp:featuredmedia":[{"embeddable":true,"href":"https:\/\/algarve7.pt\/index.php\/wp-json\/wp\/v2\/media\/36452"}],"wp:attachment":[{"href":"https:\/\/algarve7.pt\/index.php\/wp-json\/wp\/v2\/media?parent=36451"}],"wp:term":[{"taxonomy":"category","embeddable":true,"href":"https:\/\/algarve7.pt\/index.php\/wp-json\/wp\/v2\/categories?post=36451"},{"taxonomy":"post_tag","embeddable":true,"href":"https:\/\/algarve7.pt\/index.php\/wp-json\/wp\/v2\/tags?post=36451"}],"curies":[{"name":"wp","href":"https:\/\/api.w.org\/{rel}","templated":true}]}}