{"id":36448,"date":"2024-03-12T09:10:00","date_gmt":"2024-03-12T09:10:00","guid":{"rendered":"https:\/\/algarve7.pt\/?p=36448"},"modified":"2024-03-11T18:29:27","modified_gmt":"2024-03-11T18:29:27","slug":"dloule-artesaos-e-designers-dialogam-em-exposicao","status":"publish","type":"post","link":"https:\/\/algarve7.pt\/index.php\/2024\/03\/dloule-artesaos-e-designers-dialogam-em-exposicao\/atualidade\/09\/10\/","title":{"rendered":"D\u2019Loul\u00e9: artes\u00e3os e designers dialogam em exposi\u00e7\u00e3o"},"content":{"rendered":"\n<p>Sete anos depois, um dos projetos pioneiros do Loul\u00e9 Criativo, uma iniciativa da C\u00e2mara Municipal de Loul\u00e9, tem uma nova edi\u00e7\u00e3o onde se voltam a colocar em perspetiva as problem\u00e1ticas das artes tradicionais do concelho. \u201cDi\u00e1logos entre Artes\u00e3os e Designers D\u2019 LOUL\u00c9 &#8211; 2017-2024\u201d \u00e9 uma exposi\u00e7\u00e3o que vai estar patente ao p\u00fablico no Pal\u00e1cio Gama Lobo, em Loul\u00e9, de 15 de mar\u00e7o a 18 de maio.<\/p>\n\n\n\n<p>Nos \u00faltimos meses, os 3 designers louletanos que participaram na resid\u00eancia \u201cDesigners de Loul\u00e9\u201d, em 2017, trabalharam com 11 artes\u00e3os da rede Loul\u00e9 Criativo na conce\u00e7\u00e3o de uma nova gera\u00e7\u00e3o de produtos que procuram responder a quest\u00f5es culturais, sociais, econ\u00f3micas e ambientais.<\/p>\n\n\n\n<p>Entre as duas resid\u00eancias, o contexto local teve uma enorme transforma\u00e7\u00e3o. Abriram 7 oficinas de artes e of\u00edcios no concelho, foi criado o Design Lab e o Loul\u00e9 Criativo tem uma nova sede onde aconteceram in\u00fameras forma\u00e7\u00f5es, exposi\u00e7\u00f5es, resid\u00eancias e conversas com especialistas das mais variadas \u00e1reas, o que ajudou a consolidar um consistente ecossistema criativo, bem como a massa cr\u00edtica local.<\/p>\n\n\n\n<p>Neste novo contexto, os di\u00e1logos prof\u00edcuos originaram 26 novos projetos que se juntam aos 15 produzidos em 2017, procurando testar novas abordagens, responder a novas necessidades, reposicionar a produ\u00e7\u00e3o local e clarificar a identidade deste territ\u00f3rio.<\/p>\n\n\n\n<p>Participam nesta iniciativa os artes\u00e3os Analide Carmo, Isidoro Ramos, Jorge D\u00f3ria, Jurgen Cramer, Maria Jos\u00e9 Ramos, Nuno Palma, Olimpia Cabrita, Ricardo Lopes, S\u00f3nia Mendez, Susana Mendez e Wesley Sacardi, da edi\u00e7\u00e3o de 2024, Alzira Neves, Analide Carmo, Cremilde Sousa, Duartina Mendes, F\u00e1brica da Am\u00eandoa, Fernando Martins, Francisco Dias, Gisela Martins, Jos\u00e9 Amendoeira, J\u00falia Laur\u00eancia, Manoli Ortiz de La Torre, Marco Cristovam, Margarida Cortez, Odete Dias, Odete Rocha e Pedro Piedade, da edi\u00e7\u00e3o de 2017. A estes juntam-se os designers Henrique Ralheta, Hugo da Silva e Vanessa Domingues. A fotografia e v\u00eddeo \u00e9 de Jorge Gra\u00e7a.<\/p>\n\n\n\n<p>A cole\u00e7\u00e3o D\u2019LOUL\u00c9 pode ser visitada das 9h00 \u00e0s 18h00,&nbsp;na sala de exposi\u00e7\u00f5es do Loul\u00e9 Criativo &#8211;&nbsp;Pal\u00e1cio Gama Lobo,&nbsp;Rua Nossa Senhora de F\u00e1tima, em Loul\u00e9.<\/p>\n","protected":false},"excerpt":{"rendered":"<p>Sete anos depois, um dos projetos pioneiros do Loul\u00e9 Criativo, uma iniciativa da C\u00e2mara Municipal de Loul\u00e9, tem uma nova<\/p>\n","protected":false},"author":1,"featured_media":36449,"comment_status":"closed","ping_status":"open","sticky":false,"template":"","format":"standard","meta":{"colormag_page_container_layout":"default_layout","colormag_page_sidebar_layout":"default_layout","_monsterinsights_skip_tracking":false,"_monsterinsights_sitenote_active":false,"_monsterinsights_sitenote_note":"","_monsterinsights_sitenote_category":0,"jetpack_post_was_ever_published":false,"_jetpack_newsletter_access":"","_jetpack_dont_email_post_to_subs":false,"_jetpack_newsletter_tier_id":0,"_jetpack_memberships_contains_paywalled_content":false,"_jetpack_memberships_contains_paid_content":false,"footnotes":"","jetpack_publicize_message":"","jetpack_publicize_feature_enabled":true,"jetpack_social_post_already_shared":false,"jetpack_social_options":{"image_generator_settings":{"template":"highway","default_image_id":0,"font":"","enabled":false},"version":2}},"categories":[11],"tags":[36,62,31],"class_list":["post-36448","post","type-post","status-publish","format-standard","has-post-thumbnail","hentry","category-atualidade","tag-algarve","tag-atualidade","tag-loule"],"yoast_head":"<!-- This site is optimized with the Yoast SEO plugin v27.4 - https:\/\/yoast.com\/product\/yoast-seo-wordpress\/ -->\n<title>D\u2019Loul\u00e9: artes\u00e3os e designers dialogam em exposi\u00e7\u00e3o - Algarve 7<\/title>\n<meta name=\"description\" content=\"D\u2019Loul\u00e9: artes\u00e3os e designers dialogam em exposi\u00e7\u00e3o Atualidade\" \/>\n<meta name=\"robots\" content=\"index, follow, max-snippet:-1, max-image-preview:large, max-video-preview:-1\" \/>\n<link rel=\"canonical\" href=\"https:\/\/algarve7.pt\/index.php\/2024\/03\/dloule-artesaos-e-designers-dialogam-em-exposicao\/atualidade\/09\/10\/\" \/>\n<meta property=\"og:locale\" content=\"pt_PT\" \/>\n<meta property=\"og:type\" content=\"article\" \/>\n<meta property=\"og:title\" content=\"D\u2019Loul\u00e9: artes\u00e3os e designers dialogam em exposi\u00e7\u00e3o - Algarve 7\" \/>\n<meta property=\"og:description\" content=\"D\u2019Loul\u00e9: artes\u00e3os e designers dialogam em exposi\u00e7\u00e3o Atualidade\" \/>\n<meta property=\"og:url\" content=\"https:\/\/algarve7.pt\/index.php\/2024\/03\/dloule-artesaos-e-designers-dialogam-em-exposicao\/atualidade\/09\/10\/\" \/>\n<meta property=\"og:site_name\" content=\"Algarve 7\" \/>\n<meta property=\"article:publisher\" content=\"https:\/\/www.facebook.com\/algarve7\" \/>\n<meta property=\"article:author\" content=\"https:\/\/www.facebook.com\/algarve7\" \/>\n<meta property=\"article:published_time\" content=\"2024-03-12T09:10:00+00:00\" \/>\n<meta property=\"og:image\" content=\"https:\/\/algarve7.pt\/wp-content\/uploads\/2024\/03\/Exposicao-criativos-6.jpg\" \/>\n\t<meta property=\"og:image:width\" content=\"1000\" \/>\n\t<meta property=\"og:image:height\" content=\"667\" \/>\n\t<meta property=\"og:image:type\" content=\"image\/jpeg\" \/>\n<meta name=\"author\" content=\"Algarve 7\" \/>\n<meta name=\"twitter:card\" content=\"summary_large_image\" \/>\n<meta name=\"twitter:creator\" content=\"@Algarvesete\" \/>\n<meta name=\"twitter:site\" content=\"@Algarvesete\" \/>\n<meta name=\"twitter:label1\" content=\"Escrito por\" \/>\n\t<meta name=\"twitter:data1\" content=\"Algarve 7\" \/>\n\t<meta name=\"twitter:label2\" content=\"Tempo estimado de leitura\" \/>\n\t<meta name=\"twitter:data2\" content=\"3 minutos\" \/>\n<script type=\"application\/ld+json\" class=\"yoast-schema-graph\">{\"@context\":\"https:\\\/\\\/schema.org\",\"@graph\":[{\"@type\":\"Article\",\"@id\":\"https:\\\/\\\/algarve7.pt\\\/index.php\\\/2024\\\/03\\\/dloule-artesaos-e-designers-dialogam-em-exposicao\\\/atualidade\\\/09\\\/10\\\/#article\",\"isPartOf\":{\"@id\":\"https:\\\/\\\/algarve7.pt\\\/index.php\\\/2024\\\/03\\\/dloule-artesaos-e-designers-dialogam-em-exposicao\\\/atualidade\\\/09\\\/10\\\/\"},\"author\":{\"name\":\"Algarve 7\",\"@id\":\"https:\\\/\\\/algarve7.pt\\\/#\\\/schema\\\/person\\\/23fa70681308e7b319a3204bcea45e0c\"},\"headline\":\"D\u2019Loul\u00e9: artes\u00e3os e designers dialogam em exposi\u00e7\u00e3o\",\"datePublished\":\"2024-03-12T09:10:00+00:00\",\"mainEntityOfPage\":{\"@id\":\"https:\\\/\\\/algarve7.pt\\\/index.php\\\/2024\\\/03\\\/dloule-artesaos-e-designers-dialogam-em-exposicao\\\/atualidade\\\/09\\\/10\\\/\"},\"wordCount\":373,\"publisher\":{\"@id\":\"https:\\\/\\\/algarve7.pt\\\/#organization\"},\"image\":{\"@id\":\"https:\\\/\\\/algarve7.pt\\\/index.php\\\/2024\\\/03\\\/dloule-artesaos-e-designers-dialogam-em-exposicao\\\/atualidade\\\/09\\\/10\\\/#primaryimage\"},\"thumbnailUrl\":\"https:\\\/\\\/algarve7.pt\\\/wp-content\\\/uploads\\\/2024\\\/03\\\/Exposicao-criativos-6.jpg\",\"keywords\":[\"Algarve\",\"Atualidade\",\"Loul\u00e9\"],\"articleSection\":[\"Atualidade\"],\"inLanguage\":\"pt-PT\"},{\"@type\":\"WebPage\",\"@id\":\"https:\\\/\\\/algarve7.pt\\\/index.php\\\/2024\\\/03\\\/dloule-artesaos-e-designers-dialogam-em-exposicao\\\/atualidade\\\/09\\\/10\\\/\",\"url\":\"https:\\\/\\\/algarve7.pt\\\/index.php\\\/2024\\\/03\\\/dloule-artesaos-e-designers-dialogam-em-exposicao\\\/atualidade\\\/09\\\/10\\\/\",\"name\":\"D\u2019Loul\u00e9: artes\u00e3os e designers dialogam em exposi\u00e7\u00e3o - Algarve 7\",\"isPartOf\":{\"@id\":\"https:\\\/\\\/algarve7.pt\\\/#website\"},\"primaryImageOfPage\":{\"@id\":\"https:\\\/\\\/algarve7.pt\\\/index.php\\\/2024\\\/03\\\/dloule-artesaos-e-designers-dialogam-em-exposicao\\\/atualidade\\\/09\\\/10\\\/#primaryimage\"},\"image\":{\"@id\":\"https:\\\/\\\/algarve7.pt\\\/index.php\\\/2024\\\/03\\\/dloule-artesaos-e-designers-dialogam-em-exposicao\\\/atualidade\\\/09\\\/10\\\/#primaryimage\"},\"thumbnailUrl\":\"https:\\\/\\\/algarve7.pt\\\/wp-content\\\/uploads\\\/2024\\\/03\\\/Exposicao-criativos-6.jpg\",\"datePublished\":\"2024-03-12T09:10:00+00:00\",\"description\":\"D\u2019Loul\u00e9: artes\u00e3os e designers dialogam em exposi\u00e7\u00e3o Atualidade\",\"breadcrumb\":{\"@id\":\"https:\\\/\\\/algarve7.pt\\\/index.php\\\/2024\\\/03\\\/dloule-artesaos-e-designers-dialogam-em-exposicao\\\/atualidade\\\/09\\\/10\\\/#breadcrumb\"},\"inLanguage\":\"pt-PT\",\"potentialAction\":[{\"@type\":\"ReadAction\",\"target\":[\"https:\\\/\\\/algarve7.pt\\\/index.php\\\/2024\\\/03\\\/dloule-artesaos-e-designers-dialogam-em-exposicao\\\/atualidade\\\/09\\\/10\\\/\"]}]},{\"@type\":\"ImageObject\",\"inLanguage\":\"pt-PT\",\"@id\":\"https:\\\/\\\/algarve7.pt\\\/index.php\\\/2024\\\/03\\\/dloule-artesaos-e-designers-dialogam-em-exposicao\\\/atualidade\\\/09\\\/10\\\/#primaryimage\",\"url\":\"https:\\\/\\\/algarve7.pt\\\/wp-content\\\/uploads\\\/2024\\\/03\\\/Exposicao-criativos-6.jpg\",\"contentUrl\":\"https:\\\/\\\/algarve7.pt\\\/wp-content\\\/uploads\\\/2024\\\/03\\\/Exposicao-criativos-6.jpg\",\"width\":1000,\"height\":667},{\"@type\":\"BreadcrumbList\",\"@id\":\"https:\\\/\\\/algarve7.pt\\\/index.php\\\/2024\\\/03\\\/dloule-artesaos-e-designers-dialogam-em-exposicao\\\/atualidade\\\/09\\\/10\\\/#breadcrumb\",\"itemListElement\":[{\"@type\":\"ListItem\",\"position\":1,\"name\":\"In\u00edcio\",\"item\":\"https:\\\/\\\/algarve7.pt\\\/\"},{\"@type\":\"ListItem\",\"position\":2,\"name\":\"D\u2019Loul\u00e9: artes\u00e3os e designers dialogam em exposi\u00e7\u00e3o\"}]},{\"@type\":\"WebSite\",\"@id\":\"https:\\\/\\\/algarve7.pt\\\/#website\",\"url\":\"https:\\\/\\\/algarve7.pt\\\/\",\"name\":\"Algarve 7\",\"description\":\"Informa\u00e7\u00e3o sobre o Algarve\",\"publisher\":{\"@id\":\"https:\\\/\\\/algarve7.pt\\\/#organization\"},\"potentialAction\":[{\"@type\":\"SearchAction\",\"target\":{\"@type\":\"EntryPoint\",\"urlTemplate\":\"https:\\\/\\\/algarve7.pt\\\/?s={search_term_string}\"},\"query-input\":{\"@type\":\"PropertyValueSpecification\",\"valueRequired\":true,\"valueName\":\"search_term_string\"}}],\"inLanguage\":\"pt-PT\"},{\"@type\":\"Organization\",\"@id\":\"https:\\\/\\\/algarve7.pt\\\/#organization\",\"name\":\"Algarve 7\",\"url\":\"https:\\\/\\\/algarve7.pt\\\/\",\"logo\":{\"@type\":\"ImageObject\",\"inLanguage\":\"pt-PT\",\"@id\":\"https:\\\/\\\/algarve7.pt\\\/#\\\/schema\\\/logo\\\/image\\\/\",\"url\":\"https:\\\/\\\/algarve7.pt\\\/wp-content\\\/uploads\\\/2020\\\/10\\\/Logo-8.jpg\",\"contentUrl\":\"https:\\\/\\\/algarve7.pt\\\/wp-content\\\/uploads\\\/2020\\\/10\\\/Logo-8.jpg\",\"width\":1680,\"height\":1186,\"caption\":\"Algarve 7\"},\"image\":{\"@id\":\"https:\\\/\\\/algarve7.pt\\\/#\\\/schema\\\/logo\\\/image\\\/\"},\"sameAs\":[\"https:\\\/\\\/www.facebook.com\\\/algarve7\",\"https:\\\/\\\/x.com\\\/Algarvesete\",\"https:\\\/\\\/www.instagram.com\\\/jornalalgarve7\\\/\",\"https:\\\/\\\/www.linkedin.com\\\/company\\\/algarve7\",\"https:\\\/\\\/www.pinterest.pt\\\/geral0939\\\/_created\\\/\"]},{\"@type\":\"Person\",\"@id\":\"https:\\\/\\\/algarve7.pt\\\/#\\\/schema\\\/person\\\/23fa70681308e7b319a3204bcea45e0c\",\"name\":\"Algarve 7\",\"sameAs\":[\"https:\\\/\\\/algarve7.pt\",\"https:\\\/\\\/www.facebook.com\\\/algarve7\"],\"url\":\"https:\\\/\\\/algarve7.pt\\\/index.php\\\/author\\\/geralalgarve7-pt\\\/\"}]}<\/script>\n<!-- \/ Yoast SEO plugin. -->","yoast_head_json":{"title":"D\u2019Loul\u00e9: artes\u00e3os e designers dialogam em exposi\u00e7\u00e3o - Algarve 7","description":"D\u2019Loul\u00e9: artes\u00e3os e designers dialogam em exposi\u00e7\u00e3o Atualidade","robots":{"index":"index","follow":"follow","max-snippet":"max-snippet:-1","max-image-preview":"max-image-preview:large","max-video-preview":"max-video-preview:-1"},"canonical":"https:\/\/algarve7.pt\/index.php\/2024\/03\/dloule-artesaos-e-designers-dialogam-em-exposicao\/atualidade\/09\/10\/","og_locale":"pt_PT","og_type":"article","og_title":"D\u2019Loul\u00e9: artes\u00e3os e designers dialogam em exposi\u00e7\u00e3o - Algarve 7","og_description":"D\u2019Loul\u00e9: artes\u00e3os e designers dialogam em exposi\u00e7\u00e3o Atualidade","og_url":"https:\/\/algarve7.pt\/index.php\/2024\/03\/dloule-artesaos-e-designers-dialogam-em-exposicao\/atualidade\/09\/10\/","og_site_name":"Algarve 7","article_publisher":"https:\/\/www.facebook.com\/algarve7","article_author":"https:\/\/www.facebook.com\/algarve7","article_published_time":"2024-03-12T09:10:00+00:00","og_image":[{"width":1000,"height":667,"url":"https:\/\/algarve7.pt\/wp-content\/uploads\/2024\/03\/Exposicao-criativos-6.jpg","type":"image\/jpeg"}],"author":"Algarve 7","twitter_card":"summary_large_image","twitter_creator":"@Algarvesete","twitter_site":"@Algarvesete","twitter_misc":{"Escrito por":"Algarve 7","Tempo estimado de leitura":"3 minutos"},"schema":{"@context":"https:\/\/schema.org","@graph":[{"@type":"Article","@id":"https:\/\/algarve7.pt\/index.php\/2024\/03\/dloule-artesaos-e-designers-dialogam-em-exposicao\/atualidade\/09\/10\/#article","isPartOf":{"@id":"https:\/\/algarve7.pt\/index.php\/2024\/03\/dloule-artesaos-e-designers-dialogam-em-exposicao\/atualidade\/09\/10\/"},"author":{"name":"Algarve 7","@id":"https:\/\/algarve7.pt\/#\/schema\/person\/23fa70681308e7b319a3204bcea45e0c"},"headline":"D\u2019Loul\u00e9: artes\u00e3os e designers dialogam em exposi\u00e7\u00e3o","datePublished":"2024-03-12T09:10:00+00:00","mainEntityOfPage":{"@id":"https:\/\/algarve7.pt\/index.php\/2024\/03\/dloule-artesaos-e-designers-dialogam-em-exposicao\/atualidade\/09\/10\/"},"wordCount":373,"publisher":{"@id":"https:\/\/algarve7.pt\/#organization"},"image":{"@id":"https:\/\/algarve7.pt\/index.php\/2024\/03\/dloule-artesaos-e-designers-dialogam-em-exposicao\/atualidade\/09\/10\/#primaryimage"},"thumbnailUrl":"https:\/\/algarve7.pt\/wp-content\/uploads\/2024\/03\/Exposicao-criativos-6.jpg","keywords":["Algarve","Atualidade","Loul\u00e9"],"articleSection":["Atualidade"],"inLanguage":"pt-PT"},{"@type":"WebPage","@id":"https:\/\/algarve7.pt\/index.php\/2024\/03\/dloule-artesaos-e-designers-dialogam-em-exposicao\/atualidade\/09\/10\/","url":"https:\/\/algarve7.pt\/index.php\/2024\/03\/dloule-artesaos-e-designers-dialogam-em-exposicao\/atualidade\/09\/10\/","name":"D\u2019Loul\u00e9: artes\u00e3os e designers dialogam em exposi\u00e7\u00e3o - Algarve 7","isPartOf":{"@id":"https:\/\/algarve7.pt\/#website"},"primaryImageOfPage":{"@id":"https:\/\/algarve7.pt\/index.php\/2024\/03\/dloule-artesaos-e-designers-dialogam-em-exposicao\/atualidade\/09\/10\/#primaryimage"},"image":{"@id":"https:\/\/algarve7.pt\/index.php\/2024\/03\/dloule-artesaos-e-designers-dialogam-em-exposicao\/atualidade\/09\/10\/#primaryimage"},"thumbnailUrl":"https:\/\/algarve7.pt\/wp-content\/uploads\/2024\/03\/Exposicao-criativos-6.jpg","datePublished":"2024-03-12T09:10:00+00:00","description":"D\u2019Loul\u00e9: artes\u00e3os e designers dialogam em exposi\u00e7\u00e3o Atualidade","breadcrumb":{"@id":"https:\/\/algarve7.pt\/index.php\/2024\/03\/dloule-artesaos-e-designers-dialogam-em-exposicao\/atualidade\/09\/10\/#breadcrumb"},"inLanguage":"pt-PT","potentialAction":[{"@type":"ReadAction","target":["https:\/\/algarve7.pt\/index.php\/2024\/03\/dloule-artesaos-e-designers-dialogam-em-exposicao\/atualidade\/09\/10\/"]}]},{"@type":"ImageObject","inLanguage":"pt-PT","@id":"https:\/\/algarve7.pt\/index.php\/2024\/03\/dloule-artesaos-e-designers-dialogam-em-exposicao\/atualidade\/09\/10\/#primaryimage","url":"https:\/\/algarve7.pt\/wp-content\/uploads\/2024\/03\/Exposicao-criativos-6.jpg","contentUrl":"https:\/\/algarve7.pt\/wp-content\/uploads\/2024\/03\/Exposicao-criativos-6.jpg","width":1000,"height":667},{"@type":"BreadcrumbList","@id":"https:\/\/algarve7.pt\/index.php\/2024\/03\/dloule-artesaos-e-designers-dialogam-em-exposicao\/atualidade\/09\/10\/#breadcrumb","itemListElement":[{"@type":"ListItem","position":1,"name":"In\u00edcio","item":"https:\/\/algarve7.pt\/"},{"@type":"ListItem","position":2,"name":"D\u2019Loul\u00e9: artes\u00e3os e designers dialogam em exposi\u00e7\u00e3o"}]},{"@type":"WebSite","@id":"https:\/\/algarve7.pt\/#website","url":"https:\/\/algarve7.pt\/","name":"Algarve 7","description":"Informa\u00e7\u00e3o sobre o Algarve","publisher":{"@id":"https:\/\/algarve7.pt\/#organization"},"potentialAction":[{"@type":"SearchAction","target":{"@type":"EntryPoint","urlTemplate":"https:\/\/algarve7.pt\/?s={search_term_string}"},"query-input":{"@type":"PropertyValueSpecification","valueRequired":true,"valueName":"search_term_string"}}],"inLanguage":"pt-PT"},{"@type":"Organization","@id":"https:\/\/algarve7.pt\/#organization","name":"Algarve 7","url":"https:\/\/algarve7.pt\/","logo":{"@type":"ImageObject","inLanguage":"pt-PT","@id":"https:\/\/algarve7.pt\/#\/schema\/logo\/image\/","url":"https:\/\/algarve7.pt\/wp-content\/uploads\/2020\/10\/Logo-8.jpg","contentUrl":"https:\/\/algarve7.pt\/wp-content\/uploads\/2020\/10\/Logo-8.jpg","width":1680,"height":1186,"caption":"Algarve 7"},"image":{"@id":"https:\/\/algarve7.pt\/#\/schema\/logo\/image\/"},"sameAs":["https:\/\/www.facebook.com\/algarve7","https:\/\/x.com\/Algarvesete","https:\/\/www.instagram.com\/jornalalgarve7\/","https:\/\/www.linkedin.com\/company\/algarve7","https:\/\/www.pinterest.pt\/geral0939\/_created\/"]},{"@type":"Person","@id":"https:\/\/algarve7.pt\/#\/schema\/person\/23fa70681308e7b319a3204bcea45e0c","name":"Algarve 7","sameAs":["https:\/\/algarve7.pt","https:\/\/www.facebook.com\/algarve7"],"url":"https:\/\/algarve7.pt\/index.php\/author\/geralalgarve7-pt\/"}]}},"jetpack_publicize_connections":[],"jetpack_featured_media_url":"https:\/\/algarve7.pt\/wp-content\/uploads\/2024\/03\/Exposicao-criativos-6.jpg","jetpack_shortlink":"https:\/\/wp.me\/pcezmW-9tS","jetpack_sharing_enabled":true,"_links":{"self":[{"href":"https:\/\/algarve7.pt\/index.php\/wp-json\/wp\/v2\/posts\/36448","targetHints":{"allow":["GET"]}}],"collection":[{"href":"https:\/\/algarve7.pt\/index.php\/wp-json\/wp\/v2\/posts"}],"about":[{"href":"https:\/\/algarve7.pt\/index.php\/wp-json\/wp\/v2\/types\/post"}],"author":[{"embeddable":true,"href":"https:\/\/algarve7.pt\/index.php\/wp-json\/wp\/v2\/users\/1"}],"replies":[{"embeddable":true,"href":"https:\/\/algarve7.pt\/index.php\/wp-json\/wp\/v2\/comments?post=36448"}],"version-history":[{"count":0,"href":"https:\/\/algarve7.pt\/index.php\/wp-json\/wp\/v2\/posts\/36448\/revisions"}],"wp:featuredmedia":[{"embeddable":true,"href":"https:\/\/algarve7.pt\/index.php\/wp-json\/wp\/v2\/media\/36449"}],"wp:attachment":[{"href":"https:\/\/algarve7.pt\/index.php\/wp-json\/wp\/v2\/media?parent=36448"}],"wp:term":[{"taxonomy":"category","embeddable":true,"href":"https:\/\/algarve7.pt\/index.php\/wp-json\/wp\/v2\/categories?post=36448"},{"taxonomy":"post_tag","embeddable":true,"href":"https:\/\/algarve7.pt\/index.php\/wp-json\/wp\/v2\/tags?post=36448"}],"curies":[{"name":"wp","href":"https:\/\/api.w.org\/{rel}","templated":true}]}}