{"id":36397,"date":"2024-03-11T08:11:21","date_gmt":"2024-03-11T08:11:21","guid":{"rendered":"https:\/\/algarve7.pt\/?p=36397"},"modified":"2024-03-11T08:11:22","modified_gmt":"2024-03-11T08:11:22","slug":"jaime-faria-resiste-a-jornada-dupla-e-vence-o-the-campus-open","status":"publish","type":"post","link":"https:\/\/algarve7.pt\/index.php\/2024\/03\/jaime-faria-resiste-a-jornada-dupla-e-vence-o-the-campus-open\/desporto\/08\/11\/","title":{"rendered":"Jaime Faria resiste a jornada dupla e vence o The Campus Open"},"content":{"rendered":"\n<p>Nem a jornada dupla travou&nbsp;<strong>Jaime Faria<\/strong>&nbsp;e este domingo o jovem portugu\u00eas sagrou-se campe\u00e3o do The Campus Open M25 Quinta do Lago FIAAL Range Rover gra\u00e7as \u00e0 15.\u00aa vit\u00f3ria consecutiva, aumentando para tr\u00eas o n\u00famero de t\u00edtulos ITF M25 conquistados nas \u00faltimas tr\u00eas semanas.<\/p>\n\n\n\n<p>Esta foi a s\u00e9tima edi\u00e7\u00e3o do torneio internacional masculino organizado pelo Resort da Quinta do Lago e a segunda a coroar um campe\u00e3o portugu\u00eas, quatro anos depois de&nbsp;<strong>Nuno Borges<\/strong>&nbsp;ter feito a festa neste mesmo local. Desta vez, a celebra\u00e7\u00e3o esteve perto de ser dupla, mas&nbsp;<strong>Tiago Pereira<\/strong>&nbsp;foi derrotado no&nbsp;<em>match tie-break<\/em>&nbsp;da final de pares ao lado do b\u00falgaro&nbsp;<strong>Alexander Donski<\/strong>.<\/p>\n\n\n\n<p>A viver a melhor fase da carreira, Jaime Faria (347.\u00ba classificado no&nbsp;<em>ranking<\/em>&nbsp;ATP) come\u00e7ou o dia a vencer&nbsp;<strong>Viktor Durasovic<\/strong>&nbsp;(427.\u00ba) por 6-4, 4-6 e 7-5 numa meia-final de 2h26 e acabou a levar a melhor na final sobre&nbsp;<strong>Hady Habib<\/strong>&nbsp;(309.\u00ba) pelos parciais de 6-7(6), 7-6(3) e 6-1 ap\u00f3s 2h22.<\/p>\n\n\n\n<p>Se da parte da manh\u00e3 eliminou o jogador que na v\u00e9spera tinha sido respons\u00e1vel pelo afastamento de&nbsp;<strong>Gast\u00e3o Elias<\/strong>&nbsp;nos quartos de final, \u00e0 tarde vingou a derrota do colega de treinos&nbsp;<strong>Henrique Rocha<\/strong>&nbsp;(6-4, 6-7[7] e 6-3 para o liban\u00eas) nas meias-finais que abriram a jornada.<\/p>\n\n\n\n<p><strong>\u201cEstou muito feliz e muito orgulhoso de mim e da minha equipa t\u00e9cnica. Temos feito um trabalho muito bom e estamos a colher os frutos\u201d<\/strong>, come\u00e7ou por revelar Jaime Faria depois de replicar na Quinta do Lago o que j\u00e1 tinha sido capaz de fazer em Vila Real de Santo Ant\u00f3nio e em Faro.<\/p>\n\n\n\n<p>O jovem do Centro de Alto Rendimento da Federa\u00e7\u00e3o Portuguesa de T\u00e9nis deu a volta a uma final em que anulou um&nbsp;<em>match point<\/em>&nbsp;no segundo&nbsp;<em>set<\/em>, tal como j\u00e1 tinha feito (no caso ao salvar dois) durante o encontro da primeira ronda contra&nbsp;<strong>Nick<\/strong>&nbsp;<strong>Chappell<\/strong>.<\/p>\n\n\n\n<p>Sobre o derradeiro advers\u00e1rio, destacou estar&nbsp;<strong>&#8220;mais s\u00f3lido&#8221;<\/strong>&nbsp;e&nbsp;<strong>&#8220;mais resolvido&#8221;<\/strong>&nbsp;a jogar do que quando se defrontaram pela primeira vez, em outubro de 2022, curiosamente tamb\u00e9m numa final e com a vit\u00f3ria a sorrir-lhe, mas num ITF M15 em Monastir.<\/p>\n\n\n\n<p><strong>&#8220;Ele tem bem definido o que precisa de fazer e j\u00e1 arranjou um padr\u00e3o de jogo bastante simples. \u00c9 um jogador que pega muito com a direita e que serve bastante bem. O Rui<\/strong>&nbsp;[Machado, treinador]&nbsp;<strong>e o Henrique<\/strong>&nbsp;[Rocha, colega de treinos]&nbsp;<strong>partilharam isso comigo e eu sabia o que \u00e9 que tinha de fazer<\/strong>\u201d&nbsp;acrescentou, consciente de que&nbsp;<strong>&#8220;tinha de procurar a iniciativa.\u201d<\/strong><\/p>\n\n\n\n<p>Depois de duas partidas sem quebras de servi\u00e7o, em que o \u00fanico ponto de&nbsp;<em>break<\/em>&nbsp;foi mesmo o&nbsp;<em>match point<\/em>&nbsp;que Jaime Faria anulou ao 6-7(6) e 5-6, a final come\u00e7ou a decidir-se ao segundo jogo do parcial decisivo. Motivado pela reviravolta, o jovem portugu\u00eas aumentou a press\u00e3o na resposta e pressionou o servi\u00e7o de Habib para conquistar o&nbsp;<em>break<\/em>, que repetiu ao sexto jogo (depois de ter anulado uma oportunidade no anterior) para sentenciar o frente-a-frente.<\/p>\n\n\n\n<p><strong>&#8220;Ele teve muito m\u00e9rito<\/strong>&nbsp;[na forma como chegou ao&nbsp;<em>match point<\/em>]&nbsp;<strong>e teria sido um justo vencedor. Mas eu fui picando ao longo de todo o encontro e apesar de nunca ter tido um ponto de&nbsp;<em>break<\/em>&nbsp;estive sempre ali a discutir os jogos e a meter-lhe press\u00e3o. Ele reagiu muito bem, mas consegui aguentar-me e foi fruto disso que fiz o&nbsp;<em>break<\/em>&nbsp;no in\u00edcio do terceiro&nbsp;<em>set<\/em>. Quando o consegui senti que fiquei bem encaminhado, enquanto ele desanimou um bocadinho\u201d<\/strong>, concluiu o novo campe\u00e3o do The Campus Open M25 Quinta do Lago FIAAL Range Rover.<\/p>\n\n\n\n<p>Jaime Faria estava no 411.\u00ba lugar do&nbsp;<em>ranking<\/em>&nbsp;quando a \u00e9poca come\u00e7ou, chegou ao The Campus como 347.\u00ba j\u00e1 com a garantia de ser 313.\u00ba e sair\u00e1 da Quinta do Lago com a certeza de que vai entrar pela primeira vez no top 300 mundial.<\/p>\n\n\n\n<p>A variante de pares tamb\u00e9m esteve perto de coroar um campe\u00e3o portugu\u00eas, mas Tiago Pereira e o b\u00falgaro Alexander Donski cederam por 6-2, 6-7(3) e 10-7 perante o brasileiro&nbsp;<strong>Gabriel Decamps<\/strong>&nbsp;e o finland\u00eas&nbsp;<strong>Eero Vasa<\/strong>.<\/p>\n\n\n\n<p>Campe\u00f5es em Faro na semana passada, Pereira e Donski lideraram o&nbsp;<em>match tie-break<\/em>&nbsp;decisivo por 7-4, mas perderam os \u00faltimos seis pontos.<\/p>\n\n\n\n<p>Conclu\u00eddo o torneio masculino, o t\u00e9nis internacional regressar\u00e1 \u00e0 Quinta do Lago no m\u00eas de outubro com a terceira edi\u00e7\u00e3o do The Campus Ladies Open.<\/p>\n","protected":false},"excerpt":{"rendered":"<p>Nem a jornada dupla travou&nbsp;Jaime Faria&nbsp;e este domingo o jovem portugu\u00eas sagrou-se campe\u00e3o do The Campus Open M25 Quinta do<\/p>\n","protected":false},"author":1,"featured_media":36398,"comment_status":"closed","ping_status":"open","sticky":false,"template":"","format":"standard","meta":{"colormag_page_container_layout":"default_layout","colormag_page_sidebar_layout":"default_layout","_monsterinsights_skip_tracking":false,"_monsterinsights_sitenote_active":false,"_monsterinsights_sitenote_note":"","_monsterinsights_sitenote_category":0,"jetpack_post_was_ever_published":false,"_jetpack_newsletter_access":"","_jetpack_dont_email_post_to_subs":false,"_jetpack_newsletter_tier_id":0,"_jetpack_memberships_contains_paywalled_content":false,"_jetpack_memberships_contains_paid_content":false,"footnotes":"","jetpack_publicize_message":"","jetpack_publicize_feature_enabled":true,"jetpack_social_post_already_shared":false,"jetpack_social_options":{"image_generator_settings":{"template":"highway","default_image_id":0,"font":"","enabled":false},"version":2}},"categories":[15],"tags":[36,40,458],"class_list":["post-36397","post","type-post","status-publish","format-standard","has-post-thumbnail","hentry","category-desporto","tag-algarve","tag-desporto","tag-tenis-2"],"yoast_head":"<!-- This site is optimized with the Yoast SEO plugin v27.5 - https:\/\/yoast.com\/product\/yoast-seo-wordpress\/ -->\n<title>Jaime Faria resiste a jornada dupla e vence o The Campus Open - Algarve 7<\/title>\n<meta name=\"description\" content=\"Jaime Faria resiste a jornada dupla e vence o The Campus Open Desporto\" \/>\n<meta name=\"robots\" content=\"index, follow, max-snippet:-1, max-image-preview:large, max-video-preview:-1\" \/>\n<link rel=\"canonical\" href=\"https:\/\/algarve7.pt\/index.php\/2024\/03\/jaime-faria-resiste-a-jornada-dupla-e-vence-o-the-campus-open\/desporto\/08\/11\/\" \/>\n<meta property=\"og:locale\" content=\"pt_PT\" \/>\n<meta property=\"og:type\" content=\"article\" \/>\n<meta property=\"og:title\" content=\"Jaime Faria resiste a jornada dupla e vence o The Campus Open - Algarve 7\" \/>\n<meta property=\"og:description\" content=\"Jaime Faria resiste a jornada dupla e vence o The Campus Open Desporto\" \/>\n<meta property=\"og:url\" content=\"https:\/\/algarve7.pt\/index.php\/2024\/03\/jaime-faria-resiste-a-jornada-dupla-e-vence-o-the-campus-open\/desporto\/08\/11\/\" \/>\n<meta property=\"og:site_name\" content=\"Algarve 7\" \/>\n<meta property=\"article:publisher\" content=\"https:\/\/www.facebook.com\/algarve7\" \/>\n<meta property=\"article:author\" content=\"https:\/\/www.facebook.com\/algarve7\" \/>\n<meta property=\"article:published_time\" content=\"2024-03-11T08:11:21+00:00\" \/>\n<meta property=\"article:modified_time\" content=\"2024-03-11T08:11:22+00:00\" \/>\n<meta property=\"og:image\" content=\"https:\/\/algarve7.pt\/wp-content\/uploads\/2024\/03\/Jaime-Faria.jpg\" \/>\n\t<meta property=\"og:image:width\" content=\"1000\" \/>\n\t<meta property=\"og:image:height\" content=\"667\" \/>\n\t<meta property=\"og:image:type\" content=\"image\/jpeg\" \/>\n<meta name=\"author\" content=\"Algarve 7\" \/>\n<meta name=\"twitter:card\" content=\"summary_large_image\" \/>\n<meta name=\"twitter:creator\" content=\"@Algarvesete\" \/>\n<meta name=\"twitter:site\" content=\"@Algarvesete\" \/>\n<meta name=\"twitter:label1\" content=\"Escrito por\" \/>\n\t<meta name=\"twitter:data1\" content=\"Algarve 7\" \/>\n\t<meta name=\"twitter:label2\" content=\"Tempo estimado de leitura\" \/>\n\t<meta name=\"twitter:data2\" content=\"5 minutos\" \/>\n<script type=\"application\/ld+json\" class=\"yoast-schema-graph\">{\"@context\":\"https:\\\/\\\/schema.org\",\"@graph\":[{\"@type\":\"Article\",\"@id\":\"https:\\\/\\\/algarve7.pt\\\/index.php\\\/2024\\\/03\\\/jaime-faria-resiste-a-jornada-dupla-e-vence-o-the-campus-open\\\/desporto\\\/08\\\/11\\\/#article\",\"isPartOf\":{\"@id\":\"https:\\\/\\\/algarve7.pt\\\/index.php\\\/2024\\\/03\\\/jaime-faria-resiste-a-jornada-dupla-e-vence-o-the-campus-open\\\/desporto\\\/08\\\/11\\\/\"},\"author\":{\"name\":\"Algarve 7\",\"@id\":\"https:\\\/\\\/algarve7.pt\\\/#\\\/schema\\\/person\\\/23fa70681308e7b319a3204bcea45e0c\"},\"headline\":\"Jaime Faria resiste a jornada dupla e vence o The Campus Open\",\"datePublished\":\"2024-03-11T08:11:21+00:00\",\"dateModified\":\"2024-03-11T08:11:22+00:00\",\"mainEntityOfPage\":{\"@id\":\"https:\\\/\\\/algarve7.pt\\\/index.php\\\/2024\\\/03\\\/jaime-faria-resiste-a-jornada-dupla-e-vence-o-the-campus-open\\\/desporto\\\/08\\\/11\\\/\"},\"wordCount\":817,\"publisher\":{\"@id\":\"https:\\\/\\\/algarve7.pt\\\/#organization\"},\"image\":{\"@id\":\"https:\\\/\\\/algarve7.pt\\\/index.php\\\/2024\\\/03\\\/jaime-faria-resiste-a-jornada-dupla-e-vence-o-the-campus-open\\\/desporto\\\/08\\\/11\\\/#primaryimage\"},\"thumbnailUrl\":\"https:\\\/\\\/algarve7.pt\\\/wp-content\\\/uploads\\\/2024\\\/03\\\/Jaime-Faria.jpg\",\"keywords\":[\"Algarve\",\"Desporto\",\"Tenis\"],\"articleSection\":[\"Desporto\"],\"inLanguage\":\"pt-PT\"},{\"@type\":\"WebPage\",\"@id\":\"https:\\\/\\\/algarve7.pt\\\/index.php\\\/2024\\\/03\\\/jaime-faria-resiste-a-jornada-dupla-e-vence-o-the-campus-open\\\/desporto\\\/08\\\/11\\\/\",\"url\":\"https:\\\/\\\/algarve7.pt\\\/index.php\\\/2024\\\/03\\\/jaime-faria-resiste-a-jornada-dupla-e-vence-o-the-campus-open\\\/desporto\\\/08\\\/11\\\/\",\"name\":\"Jaime Faria resiste a jornada dupla e vence o The Campus Open - Algarve 7\",\"isPartOf\":{\"@id\":\"https:\\\/\\\/algarve7.pt\\\/#website\"},\"primaryImageOfPage\":{\"@id\":\"https:\\\/\\\/algarve7.pt\\\/index.php\\\/2024\\\/03\\\/jaime-faria-resiste-a-jornada-dupla-e-vence-o-the-campus-open\\\/desporto\\\/08\\\/11\\\/#primaryimage\"},\"image\":{\"@id\":\"https:\\\/\\\/algarve7.pt\\\/index.php\\\/2024\\\/03\\\/jaime-faria-resiste-a-jornada-dupla-e-vence-o-the-campus-open\\\/desporto\\\/08\\\/11\\\/#primaryimage\"},\"thumbnailUrl\":\"https:\\\/\\\/algarve7.pt\\\/wp-content\\\/uploads\\\/2024\\\/03\\\/Jaime-Faria.jpg\",\"datePublished\":\"2024-03-11T08:11:21+00:00\",\"dateModified\":\"2024-03-11T08:11:22+00:00\",\"description\":\"Jaime Faria resiste a jornada dupla e vence o The Campus Open Desporto\",\"breadcrumb\":{\"@id\":\"https:\\\/\\\/algarve7.pt\\\/index.php\\\/2024\\\/03\\\/jaime-faria-resiste-a-jornada-dupla-e-vence-o-the-campus-open\\\/desporto\\\/08\\\/11\\\/#breadcrumb\"},\"inLanguage\":\"pt-PT\",\"potentialAction\":[{\"@type\":\"ReadAction\",\"target\":[\"https:\\\/\\\/algarve7.pt\\\/index.php\\\/2024\\\/03\\\/jaime-faria-resiste-a-jornada-dupla-e-vence-o-the-campus-open\\\/desporto\\\/08\\\/11\\\/\"]}]},{\"@type\":\"ImageObject\",\"inLanguage\":\"pt-PT\",\"@id\":\"https:\\\/\\\/algarve7.pt\\\/index.php\\\/2024\\\/03\\\/jaime-faria-resiste-a-jornada-dupla-e-vence-o-the-campus-open\\\/desporto\\\/08\\\/11\\\/#primaryimage\",\"url\":\"https:\\\/\\\/algarve7.pt\\\/wp-content\\\/uploads\\\/2024\\\/03\\\/Jaime-Faria.jpg\",\"contentUrl\":\"https:\\\/\\\/algarve7.pt\\\/wp-content\\\/uploads\\\/2024\\\/03\\\/Jaime-Faria.jpg\",\"width\":1000,\"height\":667},{\"@type\":\"BreadcrumbList\",\"@id\":\"https:\\\/\\\/algarve7.pt\\\/index.php\\\/2024\\\/03\\\/jaime-faria-resiste-a-jornada-dupla-e-vence-o-the-campus-open\\\/desporto\\\/08\\\/11\\\/#breadcrumb\",\"itemListElement\":[{\"@type\":\"ListItem\",\"position\":1,\"name\":\"In\u00edcio\",\"item\":\"https:\\\/\\\/algarve7.pt\\\/\"},{\"@type\":\"ListItem\",\"position\":2,\"name\":\"Jaime Faria resiste a jornada dupla e vence o The Campus Open\"}]},{\"@type\":\"WebSite\",\"@id\":\"https:\\\/\\\/algarve7.pt\\\/#website\",\"url\":\"https:\\\/\\\/algarve7.pt\\\/\",\"name\":\"Algarve 7\",\"description\":\"Informa\u00e7\u00e3o sobre o Algarve\",\"publisher\":{\"@id\":\"https:\\\/\\\/algarve7.pt\\\/#organization\"},\"potentialAction\":[{\"@type\":\"SearchAction\",\"target\":{\"@type\":\"EntryPoint\",\"urlTemplate\":\"https:\\\/\\\/algarve7.pt\\\/?s={search_term_string}\"},\"query-input\":{\"@type\":\"PropertyValueSpecification\",\"valueRequired\":true,\"valueName\":\"search_term_string\"}}],\"inLanguage\":\"pt-PT\"},{\"@type\":\"Organization\",\"@id\":\"https:\\\/\\\/algarve7.pt\\\/#organization\",\"name\":\"Algarve 7\",\"url\":\"https:\\\/\\\/algarve7.pt\\\/\",\"logo\":{\"@type\":\"ImageObject\",\"inLanguage\":\"pt-PT\",\"@id\":\"https:\\\/\\\/algarve7.pt\\\/#\\\/schema\\\/logo\\\/image\\\/\",\"url\":\"https:\\\/\\\/algarve7.pt\\\/wp-content\\\/uploads\\\/2020\\\/10\\\/Logo-8.jpg\",\"contentUrl\":\"https:\\\/\\\/algarve7.pt\\\/wp-content\\\/uploads\\\/2020\\\/10\\\/Logo-8.jpg\",\"width\":1680,\"height\":1186,\"caption\":\"Algarve 7\"},\"image\":{\"@id\":\"https:\\\/\\\/algarve7.pt\\\/#\\\/schema\\\/logo\\\/image\\\/\"},\"sameAs\":[\"https:\\\/\\\/www.facebook.com\\\/algarve7\",\"https:\\\/\\\/x.com\\\/Algarvesete\",\"https:\\\/\\\/www.instagram.com\\\/jornalalgarve7\\\/\",\"https:\\\/\\\/www.linkedin.com\\\/company\\\/algarve7\",\"https:\\\/\\\/www.pinterest.pt\\\/geral0939\\\/_created\\\/\"]},{\"@type\":\"Person\",\"@id\":\"https:\\\/\\\/algarve7.pt\\\/#\\\/schema\\\/person\\\/23fa70681308e7b319a3204bcea45e0c\",\"name\":\"Algarve 7\",\"sameAs\":[\"https:\\\/\\\/algarve7.pt\",\"https:\\\/\\\/www.facebook.com\\\/algarve7\"],\"url\":\"https:\\\/\\\/algarve7.pt\\\/index.php\\\/author\\\/geralalgarve7-pt\\\/\"}]}<\/script>\n<!-- \/ Yoast SEO plugin. -->","yoast_head_json":{"title":"Jaime Faria resiste a jornada dupla e vence o The Campus Open - Algarve 7","description":"Jaime Faria resiste a jornada dupla e vence o The Campus Open Desporto","robots":{"index":"index","follow":"follow","max-snippet":"max-snippet:-1","max-image-preview":"max-image-preview:large","max-video-preview":"max-video-preview:-1"},"canonical":"https:\/\/algarve7.pt\/index.php\/2024\/03\/jaime-faria-resiste-a-jornada-dupla-e-vence-o-the-campus-open\/desporto\/08\/11\/","og_locale":"pt_PT","og_type":"article","og_title":"Jaime Faria resiste a jornada dupla e vence o The Campus Open - Algarve 7","og_description":"Jaime Faria resiste a jornada dupla e vence o The Campus Open Desporto","og_url":"https:\/\/algarve7.pt\/index.php\/2024\/03\/jaime-faria-resiste-a-jornada-dupla-e-vence-o-the-campus-open\/desporto\/08\/11\/","og_site_name":"Algarve 7","article_publisher":"https:\/\/www.facebook.com\/algarve7","article_author":"https:\/\/www.facebook.com\/algarve7","article_published_time":"2024-03-11T08:11:21+00:00","article_modified_time":"2024-03-11T08:11:22+00:00","og_image":[{"width":1000,"height":667,"url":"https:\/\/algarve7.pt\/wp-content\/uploads\/2024\/03\/Jaime-Faria.jpg","type":"image\/jpeg"}],"author":"Algarve 7","twitter_card":"summary_large_image","twitter_creator":"@Algarvesete","twitter_site":"@Algarvesete","twitter_misc":{"Escrito por":"Algarve 7","Tempo estimado de leitura":"5 minutos"},"schema":{"@context":"https:\/\/schema.org","@graph":[{"@type":"Article","@id":"https:\/\/algarve7.pt\/index.php\/2024\/03\/jaime-faria-resiste-a-jornada-dupla-e-vence-o-the-campus-open\/desporto\/08\/11\/#article","isPartOf":{"@id":"https:\/\/algarve7.pt\/index.php\/2024\/03\/jaime-faria-resiste-a-jornada-dupla-e-vence-o-the-campus-open\/desporto\/08\/11\/"},"author":{"name":"Algarve 7","@id":"https:\/\/algarve7.pt\/#\/schema\/person\/23fa70681308e7b319a3204bcea45e0c"},"headline":"Jaime Faria resiste a jornada dupla e vence o The Campus Open","datePublished":"2024-03-11T08:11:21+00:00","dateModified":"2024-03-11T08:11:22+00:00","mainEntityOfPage":{"@id":"https:\/\/algarve7.pt\/index.php\/2024\/03\/jaime-faria-resiste-a-jornada-dupla-e-vence-o-the-campus-open\/desporto\/08\/11\/"},"wordCount":817,"publisher":{"@id":"https:\/\/algarve7.pt\/#organization"},"image":{"@id":"https:\/\/algarve7.pt\/index.php\/2024\/03\/jaime-faria-resiste-a-jornada-dupla-e-vence-o-the-campus-open\/desporto\/08\/11\/#primaryimage"},"thumbnailUrl":"https:\/\/algarve7.pt\/wp-content\/uploads\/2024\/03\/Jaime-Faria.jpg","keywords":["Algarve","Desporto","Tenis"],"articleSection":["Desporto"],"inLanguage":"pt-PT"},{"@type":"WebPage","@id":"https:\/\/algarve7.pt\/index.php\/2024\/03\/jaime-faria-resiste-a-jornada-dupla-e-vence-o-the-campus-open\/desporto\/08\/11\/","url":"https:\/\/algarve7.pt\/index.php\/2024\/03\/jaime-faria-resiste-a-jornada-dupla-e-vence-o-the-campus-open\/desporto\/08\/11\/","name":"Jaime Faria resiste a jornada dupla e vence o The Campus Open - Algarve 7","isPartOf":{"@id":"https:\/\/algarve7.pt\/#website"},"primaryImageOfPage":{"@id":"https:\/\/algarve7.pt\/index.php\/2024\/03\/jaime-faria-resiste-a-jornada-dupla-e-vence-o-the-campus-open\/desporto\/08\/11\/#primaryimage"},"image":{"@id":"https:\/\/algarve7.pt\/index.php\/2024\/03\/jaime-faria-resiste-a-jornada-dupla-e-vence-o-the-campus-open\/desporto\/08\/11\/#primaryimage"},"thumbnailUrl":"https:\/\/algarve7.pt\/wp-content\/uploads\/2024\/03\/Jaime-Faria.jpg","datePublished":"2024-03-11T08:11:21+00:00","dateModified":"2024-03-11T08:11:22+00:00","description":"Jaime Faria resiste a jornada dupla e vence o The Campus Open Desporto","breadcrumb":{"@id":"https:\/\/algarve7.pt\/index.php\/2024\/03\/jaime-faria-resiste-a-jornada-dupla-e-vence-o-the-campus-open\/desporto\/08\/11\/#breadcrumb"},"inLanguage":"pt-PT","potentialAction":[{"@type":"ReadAction","target":["https:\/\/algarve7.pt\/index.php\/2024\/03\/jaime-faria-resiste-a-jornada-dupla-e-vence-o-the-campus-open\/desporto\/08\/11\/"]}]},{"@type":"ImageObject","inLanguage":"pt-PT","@id":"https:\/\/algarve7.pt\/index.php\/2024\/03\/jaime-faria-resiste-a-jornada-dupla-e-vence-o-the-campus-open\/desporto\/08\/11\/#primaryimage","url":"https:\/\/algarve7.pt\/wp-content\/uploads\/2024\/03\/Jaime-Faria.jpg","contentUrl":"https:\/\/algarve7.pt\/wp-content\/uploads\/2024\/03\/Jaime-Faria.jpg","width":1000,"height":667},{"@type":"BreadcrumbList","@id":"https:\/\/algarve7.pt\/index.php\/2024\/03\/jaime-faria-resiste-a-jornada-dupla-e-vence-o-the-campus-open\/desporto\/08\/11\/#breadcrumb","itemListElement":[{"@type":"ListItem","position":1,"name":"In\u00edcio","item":"https:\/\/algarve7.pt\/"},{"@type":"ListItem","position":2,"name":"Jaime Faria resiste a jornada dupla e vence o The Campus Open"}]},{"@type":"WebSite","@id":"https:\/\/algarve7.pt\/#website","url":"https:\/\/algarve7.pt\/","name":"Algarve 7","description":"Informa\u00e7\u00e3o sobre o Algarve","publisher":{"@id":"https:\/\/algarve7.pt\/#organization"},"potentialAction":[{"@type":"SearchAction","target":{"@type":"EntryPoint","urlTemplate":"https:\/\/algarve7.pt\/?s={search_term_string}"},"query-input":{"@type":"PropertyValueSpecification","valueRequired":true,"valueName":"search_term_string"}}],"inLanguage":"pt-PT"},{"@type":"Organization","@id":"https:\/\/algarve7.pt\/#organization","name":"Algarve 7","url":"https:\/\/algarve7.pt\/","logo":{"@type":"ImageObject","inLanguage":"pt-PT","@id":"https:\/\/algarve7.pt\/#\/schema\/logo\/image\/","url":"https:\/\/algarve7.pt\/wp-content\/uploads\/2020\/10\/Logo-8.jpg","contentUrl":"https:\/\/algarve7.pt\/wp-content\/uploads\/2020\/10\/Logo-8.jpg","width":1680,"height":1186,"caption":"Algarve 7"},"image":{"@id":"https:\/\/algarve7.pt\/#\/schema\/logo\/image\/"},"sameAs":["https:\/\/www.facebook.com\/algarve7","https:\/\/x.com\/Algarvesete","https:\/\/www.instagram.com\/jornalalgarve7\/","https:\/\/www.linkedin.com\/company\/algarve7","https:\/\/www.pinterest.pt\/geral0939\/_created\/"]},{"@type":"Person","@id":"https:\/\/algarve7.pt\/#\/schema\/person\/23fa70681308e7b319a3204bcea45e0c","name":"Algarve 7","sameAs":["https:\/\/algarve7.pt","https:\/\/www.facebook.com\/algarve7"],"url":"https:\/\/algarve7.pt\/index.php\/author\/geralalgarve7-pt\/"}]}},"jetpack_publicize_connections":[],"jetpack_featured_media_url":"https:\/\/algarve7.pt\/wp-content\/uploads\/2024\/03\/Jaime-Faria.jpg","jetpack_shortlink":"https:\/\/wp.me\/pcezmW-9t3","jetpack_sharing_enabled":true,"_links":{"self":[{"href":"https:\/\/algarve7.pt\/index.php\/wp-json\/wp\/v2\/posts\/36397","targetHints":{"allow":["GET"]}}],"collection":[{"href":"https:\/\/algarve7.pt\/index.php\/wp-json\/wp\/v2\/posts"}],"about":[{"href":"https:\/\/algarve7.pt\/index.php\/wp-json\/wp\/v2\/types\/post"}],"author":[{"embeddable":true,"href":"https:\/\/algarve7.pt\/index.php\/wp-json\/wp\/v2\/users\/1"}],"replies":[{"embeddable":true,"href":"https:\/\/algarve7.pt\/index.php\/wp-json\/wp\/v2\/comments?post=36397"}],"version-history":[{"count":0,"href":"https:\/\/algarve7.pt\/index.php\/wp-json\/wp\/v2\/posts\/36397\/revisions"}],"wp:featuredmedia":[{"embeddable":true,"href":"https:\/\/algarve7.pt\/index.php\/wp-json\/wp\/v2\/media\/36398"}],"wp:attachment":[{"href":"https:\/\/algarve7.pt\/index.php\/wp-json\/wp\/v2\/media?parent=36397"}],"wp:term":[{"taxonomy":"category","embeddable":true,"href":"https:\/\/algarve7.pt\/index.php\/wp-json\/wp\/v2\/categories?post=36397"},{"taxonomy":"post_tag","embeddable":true,"href":"https:\/\/algarve7.pt\/index.php\/wp-json\/wp\/v2\/tags?post=36397"}],"curies":[{"name":"wp","href":"https:\/\/api.w.org\/{rel}","templated":true}]}}