{"id":36394,"date":"2024-03-09T14:06:02","date_gmt":"2024-03-09T14:06:02","guid":{"rendered":"https:\/\/algarve7.pt\/?p=36394"},"modified":"2024-03-09T14:06:03","modified_gmt":"2024-03-09T14:06:03","slug":"comite-de-cogestao-para-a-pesca-do-polvo-no-algarve-oficialmente-criado","status":"publish","type":"post","link":"https:\/\/algarve7.pt\/index.php\/2024\/03\/comite-de-cogestao-para-a-pesca-do-polvo-no-algarve-oficialmente-criado\/atualidade\/14\/06\/","title":{"rendered":"Comit\u00e9 de cogest\u00e3o para a pesca do polvo no Algarve oficialmente criado"},"content":{"rendered":"\n<p><strong>A portaria que <\/strong><a href=\"https:\/\/files.diariodarepublica.pt\/1s\/2024\/03\/04700\/0000400015.pdf\" target=\"_blank\" rel=\"noreferrer noopener\"><strong>cria o Comit\u00e9 de Cogest\u00e3o<\/strong><\/a><strong> para a pesca do polvo no Algarve foi publicada esta quarta-feira em Di\u00e1rio da Rep\u00fablica. Mais de 75% dos titulares de licen\u00e7as para as artes de pesca (representando mais de 600 licen\u00e7as) dirigidas a este recurso concordaram com a cria\u00e7\u00e3o deste comit\u00e9 inovador na regi\u00e3o e que incluir\u00e1 representantes da administra\u00e7\u00e3o, pesca, ci\u00eancia, organiza\u00e7\u00f5es n\u00e3o governamentais e sociedade civil.<\/strong><\/p>\n\n\n\n<p><strong>7 de mar\u00e7o de 2024 \u2013 <\/strong>A portaria que cria o Comit\u00e9 de Cogest\u00e3o para a pesca do polvo (<em>Octopus vulgaris<\/em>) no Algarve foi publicada esta quarta-feira, 6 de mar\u00e7o, em Di\u00e1rio da Rep\u00fablica. Este ser\u00e1 o segundo comit\u00e9 de cogest\u00e3o de uma pescaria em Portugal, depois do trabalho pioneiro da Cogest\u00e3o da Apanha de Percebe na Reserva Natural das Berlengas.<\/p>\n\n\n\n<p>Em Outubro de 2023, iniciou-se formalmente junto do Governo o pedido de constitui\u00e7\u00e3o deste comit\u00e9 de cogest\u00e3o, depois de mais de 51% de detentores de licen\u00e7as para a pesca do polvo no Algarve se mostrarem a favor do modelo de cogest\u00e3o para a regi\u00e3o. Em fevereiro de 2024, com a continua\u00e7\u00e3o da recolha de assinaturas, a Dire\u00e7\u00e3o-Geral de Recursos Naturais, Seguran\u00e7a e Servi\u00e7os Mar\u00edtimos (DGRM) verificou que a implementa\u00e7\u00e3o deste modelo de cogest\u00e3o j\u00e1 reunia o apoio de mais 75% dos detentores de licen\u00e7as (representando mais de 600 licen\u00e7as), reunindo as condi\u00e7\u00f5es necess\u00e1rias para dar continuidade ao processo de constitui\u00e7\u00e3o do Comit\u00e9 de Cogest\u00e3o da Pesca do Polvo no Algarve.<\/p>\n\n\n\n<p>Este avan\u00e7o resulta do projeto ParticiPESCA, que teve como principal objetivo implementar a cogest\u00e3o para a pesca do polvo no Algarve, visando a sustentabilidade deste recurso. Durante dois anos, o projeto envolveu 15 associa\u00e7\u00f5es de pescadores e organiza\u00e7\u00f5es de produtores, que representam mais de 700 pescadores ao longo de toda a regi\u00e3o algarvia, para al\u00e9m de outras entidades envolvidas na pescaria, como a administra\u00e7\u00e3o, comunidade cient\u00edfica, organiza\u00e7\u00f5es n\u00e3o-governamentais e sociedade civil. Ap\u00f3s a conclus\u00e3o formal do projeto, em junho de 2023, juntaram-se ainda mais duas associa\u00e7\u00f5es de pescadores, totalizando 17. <strong>O projecto ParticiPESCA foi liderado pela ANPlWWF em parceria com o IPMA, o CCMAR e EDF, financiado pelo PROGRAMA OPERACIONAL MAR 2020 e cofinanciado pela Funda\u00e7\u00e3o Oceano Azul, cujo apoio foi tamb\u00e9m crucial para assegurar todo o processo de recolha de assinaturas.<\/strong><\/p>\n\n\n\n<p>A cogest\u00e3o consiste num regime de gest\u00e3o partilhada de uma pescaria ou \u00e1rea de pesca, constituindo um novo paradigma na gest\u00e3o dos recursos pesqueiros que assenta num processo participativo inclusivo, transparente, informado, acess\u00edvel e baseado em ci\u00eancia, no qual todos t\u00eam voz e decis\u00e3o sobre o futuro da atividade. A sua operacionaliza\u00e7\u00e3o faz-se com recurso \u00e0 cria\u00e7\u00e3o de um Comit\u00e9 de Cogest\u00e3o, com compet\u00eancia regulamentar para gerir de forma sustent\u00e1vel e monitorizar a pescaria ou \u00e1rea respetiva, de acordo com o melhor conhecimento cient\u00edfico dispon\u00edvel. Neste contexto, a implementa\u00e7\u00e3o da cogest\u00e3o da pesca do polvo no Algarve coloca Portugal na vanguarda da gest\u00e3o participada e sustent\u00e1vel das pescas ao n\u00edvel europeu.<\/p>\n\n\n\n<p><em>\u201cEste \u00e9 um passo \u00edmpar para a sustentabilidade da pescaria e salvaguarda das comunidades costeiras na regi\u00e3o. \u00c9 mesmo impressionante confirmar que esta foi uma vontade declarada por uma larga maioria de pescadores, cuja participa\u00e7\u00e3o, aliada ao conhecimento cient\u00edfico, contribuir\u00e1 sem d\u00favidas para uma gest\u00e3o mais eficaz e sustent\u00e1vel das pescarias.<\/em> <strong>explica Rita S\u00e1, Coordenadora de Oceanos e Pescas da ANP|WWF. <\/strong><em>&nbsp;\u201cCom a cria\u00e7\u00e3o do comit\u00e9 de cogest\u00e3o, e em alternativa \u00e0 abordagem tradicional \u00abtop-down\u00bb, todos estaremos de bra\u00e7os dados na constru\u00e7\u00e3o dos processos de regulamenta\u00e7\u00e3o, monitoriza\u00e7\u00e3o e fiscaliza\u00e7\u00e3o da pesca do polvo no Algarve. Como temos referido, o futuro da pesca do polvo no Algarve passa por aqui<\/em>\u201d<\/p>\n\n\n\n<p>De acordo com as recomenda\u00e7\u00f5es do projecto ParticiPESCA entregues ao Governo, o Comit\u00e9 de Cogest\u00e3o da Pesca do Polvo no Algarve, apoiado numa Assembleia Geral que toma as decis\u00f5es e numa Comiss\u00e3o Executiva que desenvolve as propostas, dever\u00e1 ser constitu\u00eddo por associa\u00e7\u00f5es de pescadores e organiza\u00e7\u00f5es de produtores desta \u00e1rea de interven\u00e7\u00e3o, por entidades com compet\u00eancias na administra\u00e7\u00e3o marinha, munic\u00edpios, organiza\u00e7\u00f5es cient\u00edficas e organiza\u00e7\u00f5es de ambiente.<\/p>\n","protected":false},"excerpt":{"rendered":"<p>A portaria que cria o Comit\u00e9 de Cogest\u00e3o para a pesca do polvo no Algarve foi publicada esta quarta-feira em<\/p>\n","protected":false},"author":1,"featured_media":36395,"comment_status":"closed","ping_status":"open","sticky":false,"template":"","format":"standard","meta":{"colormag_page_container_layout":"default_layout","colormag_page_sidebar_layout":"default_layout","_monsterinsights_skip_tracking":false,"_monsterinsights_sitenote_active":false,"_monsterinsights_sitenote_note":"","_monsterinsights_sitenote_category":0,"jetpack_post_was_ever_published":false,"_jetpack_newsletter_access":"","_jetpack_dont_email_post_to_subs":false,"_jetpack_newsletter_tier_id":0,"_jetpack_memberships_contains_paywalled_content":false,"_jetpack_memberships_contains_paid_content":false,"footnotes":"","jetpack_publicize_message":"","jetpack_publicize_feature_enabled":true,"jetpack_social_post_already_shared":false,"jetpack_social_options":{"image_generator_settings":{"template":"highway","default_image_id":0,"font":"","enabled":false},"version":2}},"categories":[11],"tags":[36,62],"class_list":["post-36394","post","type-post","status-publish","format-standard","has-post-thumbnail","hentry","category-atualidade","tag-algarve","tag-atualidade"],"yoast_head":"<!-- This site is optimized with the Yoast SEO plugin v27.4 - https:\/\/yoast.com\/product\/yoast-seo-wordpress\/ -->\n<title>Comit\u00e9 de cogest\u00e3o para a pesca do polvo no Algarve oficialmente criado - Algarve 7<\/title>\n<meta name=\"description\" content=\"Comit\u00e9 de cogest\u00e3o para a pesca do polvo no Algarve oficialmente criado Atualidade\" \/>\n<meta name=\"robots\" content=\"index, follow, max-snippet:-1, max-image-preview:large, max-video-preview:-1\" \/>\n<link rel=\"canonical\" href=\"https:\/\/algarve7.pt\/index.php\/2024\/03\/comite-de-cogestao-para-a-pesca-do-polvo-no-algarve-oficialmente-criado\/atualidade\/14\/06\/\" \/>\n<meta property=\"og:locale\" content=\"pt_PT\" \/>\n<meta property=\"og:type\" content=\"article\" \/>\n<meta property=\"og:title\" content=\"Comit\u00e9 de cogest\u00e3o para a pesca do polvo no Algarve oficialmente criado - Algarve 7\" \/>\n<meta property=\"og:description\" content=\"Comit\u00e9 de cogest\u00e3o para a pesca do polvo no Algarve oficialmente criado Atualidade\" \/>\n<meta property=\"og:url\" content=\"https:\/\/algarve7.pt\/index.php\/2024\/03\/comite-de-cogestao-para-a-pesca-do-polvo-no-algarve-oficialmente-criado\/atualidade\/14\/06\/\" \/>\n<meta property=\"og:site_name\" content=\"Algarve 7\" \/>\n<meta property=\"article:publisher\" content=\"https:\/\/www.facebook.com\/algarve7\" \/>\n<meta property=\"article:author\" content=\"https:\/\/www.facebook.com\/algarve7\" \/>\n<meta property=\"article:published_time\" content=\"2024-03-09T14:06:02+00:00\" \/>\n<meta property=\"article:modified_time\" content=\"2024-03-09T14:06:03+00:00\" \/>\n<meta property=\"og:image\" content=\"https:\/\/algarve7.pt\/wp-content\/uploads\/2024\/03\/LogoParticipescaSemFundo_Preto.png\" \/>\n\t<meta property=\"og:image:width\" content=\"700\" \/>\n\t<meta property=\"og:image:height\" content=\"808\" \/>\n\t<meta property=\"og:image:type\" content=\"image\/png\" \/>\n<meta name=\"author\" content=\"Algarve 7\" \/>\n<meta name=\"twitter:card\" content=\"summary_large_image\" \/>\n<meta name=\"twitter:creator\" content=\"@Algarvesete\" \/>\n<meta name=\"twitter:site\" content=\"@Algarvesete\" \/>\n<meta name=\"twitter:label1\" content=\"Escrito por\" \/>\n\t<meta name=\"twitter:data1\" content=\"Algarve 7\" \/>\n\t<meta name=\"twitter:label2\" content=\"Tempo estimado de leitura\" \/>\n\t<meta name=\"twitter:data2\" content=\"4 minutos\" \/>\n<script type=\"application\/ld+json\" class=\"yoast-schema-graph\">{\"@context\":\"https:\\\/\\\/schema.org\",\"@graph\":[{\"@type\":\"Article\",\"@id\":\"https:\\\/\\\/algarve7.pt\\\/index.php\\\/2024\\\/03\\\/comite-de-cogestao-para-a-pesca-do-polvo-no-algarve-oficialmente-criado\\\/atualidade\\\/14\\\/06\\\/#article\",\"isPartOf\":{\"@id\":\"https:\\\/\\\/algarve7.pt\\\/index.php\\\/2024\\\/03\\\/comite-de-cogestao-para-a-pesca-do-polvo-no-algarve-oficialmente-criado\\\/atualidade\\\/14\\\/06\\\/\"},\"author\":{\"name\":\"Algarve 7\",\"@id\":\"https:\\\/\\\/algarve7.pt\\\/#\\\/schema\\\/person\\\/23fa70681308e7b319a3204bcea45e0c\"},\"headline\":\"Comit\u00e9 de cogest\u00e3o para a pesca do polvo no Algarve oficialmente criado\",\"datePublished\":\"2024-03-09T14:06:02+00:00\",\"dateModified\":\"2024-03-09T14:06:03+00:00\",\"mainEntityOfPage\":{\"@id\":\"https:\\\/\\\/algarve7.pt\\\/index.php\\\/2024\\\/03\\\/comite-de-cogestao-para-a-pesca-do-polvo-no-algarve-oficialmente-criado\\\/atualidade\\\/14\\\/06\\\/\"},\"wordCount\":748,\"publisher\":{\"@id\":\"https:\\\/\\\/algarve7.pt\\\/#organization\"},\"image\":{\"@id\":\"https:\\\/\\\/algarve7.pt\\\/index.php\\\/2024\\\/03\\\/comite-de-cogestao-para-a-pesca-do-polvo-no-algarve-oficialmente-criado\\\/atualidade\\\/14\\\/06\\\/#primaryimage\"},\"thumbnailUrl\":\"https:\\\/\\\/algarve7.pt\\\/wp-content\\\/uploads\\\/2024\\\/03\\\/LogoParticipescaSemFundo_Preto.png\",\"keywords\":[\"Algarve\",\"Atualidade\"],\"articleSection\":[\"Atualidade\"],\"inLanguage\":\"pt-PT\"},{\"@type\":\"WebPage\",\"@id\":\"https:\\\/\\\/algarve7.pt\\\/index.php\\\/2024\\\/03\\\/comite-de-cogestao-para-a-pesca-do-polvo-no-algarve-oficialmente-criado\\\/atualidade\\\/14\\\/06\\\/\",\"url\":\"https:\\\/\\\/algarve7.pt\\\/index.php\\\/2024\\\/03\\\/comite-de-cogestao-para-a-pesca-do-polvo-no-algarve-oficialmente-criado\\\/atualidade\\\/14\\\/06\\\/\",\"name\":\"Comit\u00e9 de cogest\u00e3o para a pesca do polvo no Algarve oficialmente criado - Algarve 7\",\"isPartOf\":{\"@id\":\"https:\\\/\\\/algarve7.pt\\\/#website\"},\"primaryImageOfPage\":{\"@id\":\"https:\\\/\\\/algarve7.pt\\\/index.php\\\/2024\\\/03\\\/comite-de-cogestao-para-a-pesca-do-polvo-no-algarve-oficialmente-criado\\\/atualidade\\\/14\\\/06\\\/#primaryimage\"},\"image\":{\"@id\":\"https:\\\/\\\/algarve7.pt\\\/index.php\\\/2024\\\/03\\\/comite-de-cogestao-para-a-pesca-do-polvo-no-algarve-oficialmente-criado\\\/atualidade\\\/14\\\/06\\\/#primaryimage\"},\"thumbnailUrl\":\"https:\\\/\\\/algarve7.pt\\\/wp-content\\\/uploads\\\/2024\\\/03\\\/LogoParticipescaSemFundo_Preto.png\",\"datePublished\":\"2024-03-09T14:06:02+00:00\",\"dateModified\":\"2024-03-09T14:06:03+00:00\",\"description\":\"Comit\u00e9 de cogest\u00e3o para a pesca do polvo no Algarve oficialmente criado Atualidade\",\"breadcrumb\":{\"@id\":\"https:\\\/\\\/algarve7.pt\\\/index.php\\\/2024\\\/03\\\/comite-de-cogestao-para-a-pesca-do-polvo-no-algarve-oficialmente-criado\\\/atualidade\\\/14\\\/06\\\/#breadcrumb\"},\"inLanguage\":\"pt-PT\",\"potentialAction\":[{\"@type\":\"ReadAction\",\"target\":[\"https:\\\/\\\/algarve7.pt\\\/index.php\\\/2024\\\/03\\\/comite-de-cogestao-para-a-pesca-do-polvo-no-algarve-oficialmente-criado\\\/atualidade\\\/14\\\/06\\\/\"]}]},{\"@type\":\"ImageObject\",\"inLanguage\":\"pt-PT\",\"@id\":\"https:\\\/\\\/algarve7.pt\\\/index.php\\\/2024\\\/03\\\/comite-de-cogestao-para-a-pesca-do-polvo-no-algarve-oficialmente-criado\\\/atualidade\\\/14\\\/06\\\/#primaryimage\",\"url\":\"https:\\\/\\\/algarve7.pt\\\/wp-content\\\/uploads\\\/2024\\\/03\\\/LogoParticipescaSemFundo_Preto.png\",\"contentUrl\":\"https:\\\/\\\/algarve7.pt\\\/wp-content\\\/uploads\\\/2024\\\/03\\\/LogoParticipescaSemFundo_Preto.png\",\"width\":700,\"height\":808},{\"@type\":\"BreadcrumbList\",\"@id\":\"https:\\\/\\\/algarve7.pt\\\/index.php\\\/2024\\\/03\\\/comite-de-cogestao-para-a-pesca-do-polvo-no-algarve-oficialmente-criado\\\/atualidade\\\/14\\\/06\\\/#breadcrumb\",\"itemListElement\":[{\"@type\":\"ListItem\",\"position\":1,\"name\":\"In\u00edcio\",\"item\":\"https:\\\/\\\/algarve7.pt\\\/\"},{\"@type\":\"ListItem\",\"position\":2,\"name\":\"Comit\u00e9 de cogest\u00e3o para a pesca do polvo no Algarve oficialmente criado\"}]},{\"@type\":\"WebSite\",\"@id\":\"https:\\\/\\\/algarve7.pt\\\/#website\",\"url\":\"https:\\\/\\\/algarve7.pt\\\/\",\"name\":\"Algarve 7\",\"description\":\"Informa\u00e7\u00e3o sobre o Algarve\",\"publisher\":{\"@id\":\"https:\\\/\\\/algarve7.pt\\\/#organization\"},\"potentialAction\":[{\"@type\":\"SearchAction\",\"target\":{\"@type\":\"EntryPoint\",\"urlTemplate\":\"https:\\\/\\\/algarve7.pt\\\/?s={search_term_string}\"},\"query-input\":{\"@type\":\"PropertyValueSpecification\",\"valueRequired\":true,\"valueName\":\"search_term_string\"}}],\"inLanguage\":\"pt-PT\"},{\"@type\":\"Organization\",\"@id\":\"https:\\\/\\\/algarve7.pt\\\/#organization\",\"name\":\"Algarve 7\",\"url\":\"https:\\\/\\\/algarve7.pt\\\/\",\"logo\":{\"@type\":\"ImageObject\",\"inLanguage\":\"pt-PT\",\"@id\":\"https:\\\/\\\/algarve7.pt\\\/#\\\/schema\\\/logo\\\/image\\\/\",\"url\":\"https:\\\/\\\/algarve7.pt\\\/wp-content\\\/uploads\\\/2020\\\/10\\\/Logo-8.jpg\",\"contentUrl\":\"https:\\\/\\\/algarve7.pt\\\/wp-content\\\/uploads\\\/2020\\\/10\\\/Logo-8.jpg\",\"width\":1680,\"height\":1186,\"caption\":\"Algarve 7\"},\"image\":{\"@id\":\"https:\\\/\\\/algarve7.pt\\\/#\\\/schema\\\/logo\\\/image\\\/\"},\"sameAs\":[\"https:\\\/\\\/www.facebook.com\\\/algarve7\",\"https:\\\/\\\/x.com\\\/Algarvesete\",\"https:\\\/\\\/www.instagram.com\\\/jornalalgarve7\\\/\",\"https:\\\/\\\/www.linkedin.com\\\/company\\\/algarve7\",\"https:\\\/\\\/www.pinterest.pt\\\/geral0939\\\/_created\\\/\"]},{\"@type\":\"Person\",\"@id\":\"https:\\\/\\\/algarve7.pt\\\/#\\\/schema\\\/person\\\/23fa70681308e7b319a3204bcea45e0c\",\"name\":\"Algarve 7\",\"sameAs\":[\"https:\\\/\\\/algarve7.pt\",\"https:\\\/\\\/www.facebook.com\\\/algarve7\"],\"url\":\"https:\\\/\\\/algarve7.pt\\\/index.php\\\/author\\\/geralalgarve7-pt\\\/\"}]}<\/script>\n<!-- \/ Yoast SEO plugin. -->","yoast_head_json":{"title":"Comit\u00e9 de cogest\u00e3o para a pesca do polvo no Algarve oficialmente criado - Algarve 7","description":"Comit\u00e9 de cogest\u00e3o para a pesca do polvo no Algarve oficialmente criado Atualidade","robots":{"index":"index","follow":"follow","max-snippet":"max-snippet:-1","max-image-preview":"max-image-preview:large","max-video-preview":"max-video-preview:-1"},"canonical":"https:\/\/algarve7.pt\/index.php\/2024\/03\/comite-de-cogestao-para-a-pesca-do-polvo-no-algarve-oficialmente-criado\/atualidade\/14\/06\/","og_locale":"pt_PT","og_type":"article","og_title":"Comit\u00e9 de cogest\u00e3o para a pesca do polvo no Algarve oficialmente criado - Algarve 7","og_description":"Comit\u00e9 de cogest\u00e3o para a pesca do polvo no Algarve oficialmente criado Atualidade","og_url":"https:\/\/algarve7.pt\/index.php\/2024\/03\/comite-de-cogestao-para-a-pesca-do-polvo-no-algarve-oficialmente-criado\/atualidade\/14\/06\/","og_site_name":"Algarve 7","article_publisher":"https:\/\/www.facebook.com\/algarve7","article_author":"https:\/\/www.facebook.com\/algarve7","article_published_time":"2024-03-09T14:06:02+00:00","article_modified_time":"2024-03-09T14:06:03+00:00","og_image":[{"width":700,"height":808,"url":"https:\/\/algarve7.pt\/wp-content\/uploads\/2024\/03\/LogoParticipescaSemFundo_Preto.png","type":"image\/png"}],"author":"Algarve 7","twitter_card":"summary_large_image","twitter_creator":"@Algarvesete","twitter_site":"@Algarvesete","twitter_misc":{"Escrito por":"Algarve 7","Tempo estimado de leitura":"4 minutos"},"schema":{"@context":"https:\/\/schema.org","@graph":[{"@type":"Article","@id":"https:\/\/algarve7.pt\/index.php\/2024\/03\/comite-de-cogestao-para-a-pesca-do-polvo-no-algarve-oficialmente-criado\/atualidade\/14\/06\/#article","isPartOf":{"@id":"https:\/\/algarve7.pt\/index.php\/2024\/03\/comite-de-cogestao-para-a-pesca-do-polvo-no-algarve-oficialmente-criado\/atualidade\/14\/06\/"},"author":{"name":"Algarve 7","@id":"https:\/\/algarve7.pt\/#\/schema\/person\/23fa70681308e7b319a3204bcea45e0c"},"headline":"Comit\u00e9 de cogest\u00e3o para a pesca do polvo no Algarve oficialmente criado","datePublished":"2024-03-09T14:06:02+00:00","dateModified":"2024-03-09T14:06:03+00:00","mainEntityOfPage":{"@id":"https:\/\/algarve7.pt\/index.php\/2024\/03\/comite-de-cogestao-para-a-pesca-do-polvo-no-algarve-oficialmente-criado\/atualidade\/14\/06\/"},"wordCount":748,"publisher":{"@id":"https:\/\/algarve7.pt\/#organization"},"image":{"@id":"https:\/\/algarve7.pt\/index.php\/2024\/03\/comite-de-cogestao-para-a-pesca-do-polvo-no-algarve-oficialmente-criado\/atualidade\/14\/06\/#primaryimage"},"thumbnailUrl":"https:\/\/algarve7.pt\/wp-content\/uploads\/2024\/03\/LogoParticipescaSemFundo_Preto.png","keywords":["Algarve","Atualidade"],"articleSection":["Atualidade"],"inLanguage":"pt-PT"},{"@type":"WebPage","@id":"https:\/\/algarve7.pt\/index.php\/2024\/03\/comite-de-cogestao-para-a-pesca-do-polvo-no-algarve-oficialmente-criado\/atualidade\/14\/06\/","url":"https:\/\/algarve7.pt\/index.php\/2024\/03\/comite-de-cogestao-para-a-pesca-do-polvo-no-algarve-oficialmente-criado\/atualidade\/14\/06\/","name":"Comit\u00e9 de cogest\u00e3o para a pesca do polvo no Algarve oficialmente criado - Algarve 7","isPartOf":{"@id":"https:\/\/algarve7.pt\/#website"},"primaryImageOfPage":{"@id":"https:\/\/algarve7.pt\/index.php\/2024\/03\/comite-de-cogestao-para-a-pesca-do-polvo-no-algarve-oficialmente-criado\/atualidade\/14\/06\/#primaryimage"},"image":{"@id":"https:\/\/algarve7.pt\/index.php\/2024\/03\/comite-de-cogestao-para-a-pesca-do-polvo-no-algarve-oficialmente-criado\/atualidade\/14\/06\/#primaryimage"},"thumbnailUrl":"https:\/\/algarve7.pt\/wp-content\/uploads\/2024\/03\/LogoParticipescaSemFundo_Preto.png","datePublished":"2024-03-09T14:06:02+00:00","dateModified":"2024-03-09T14:06:03+00:00","description":"Comit\u00e9 de cogest\u00e3o para a pesca do polvo no Algarve oficialmente criado Atualidade","breadcrumb":{"@id":"https:\/\/algarve7.pt\/index.php\/2024\/03\/comite-de-cogestao-para-a-pesca-do-polvo-no-algarve-oficialmente-criado\/atualidade\/14\/06\/#breadcrumb"},"inLanguage":"pt-PT","potentialAction":[{"@type":"ReadAction","target":["https:\/\/algarve7.pt\/index.php\/2024\/03\/comite-de-cogestao-para-a-pesca-do-polvo-no-algarve-oficialmente-criado\/atualidade\/14\/06\/"]}]},{"@type":"ImageObject","inLanguage":"pt-PT","@id":"https:\/\/algarve7.pt\/index.php\/2024\/03\/comite-de-cogestao-para-a-pesca-do-polvo-no-algarve-oficialmente-criado\/atualidade\/14\/06\/#primaryimage","url":"https:\/\/algarve7.pt\/wp-content\/uploads\/2024\/03\/LogoParticipescaSemFundo_Preto.png","contentUrl":"https:\/\/algarve7.pt\/wp-content\/uploads\/2024\/03\/LogoParticipescaSemFundo_Preto.png","width":700,"height":808},{"@type":"BreadcrumbList","@id":"https:\/\/algarve7.pt\/index.php\/2024\/03\/comite-de-cogestao-para-a-pesca-do-polvo-no-algarve-oficialmente-criado\/atualidade\/14\/06\/#breadcrumb","itemListElement":[{"@type":"ListItem","position":1,"name":"In\u00edcio","item":"https:\/\/algarve7.pt\/"},{"@type":"ListItem","position":2,"name":"Comit\u00e9 de cogest\u00e3o para a pesca do polvo no Algarve oficialmente criado"}]},{"@type":"WebSite","@id":"https:\/\/algarve7.pt\/#website","url":"https:\/\/algarve7.pt\/","name":"Algarve 7","description":"Informa\u00e7\u00e3o sobre o Algarve","publisher":{"@id":"https:\/\/algarve7.pt\/#organization"},"potentialAction":[{"@type":"SearchAction","target":{"@type":"EntryPoint","urlTemplate":"https:\/\/algarve7.pt\/?s={search_term_string}"},"query-input":{"@type":"PropertyValueSpecification","valueRequired":true,"valueName":"search_term_string"}}],"inLanguage":"pt-PT"},{"@type":"Organization","@id":"https:\/\/algarve7.pt\/#organization","name":"Algarve 7","url":"https:\/\/algarve7.pt\/","logo":{"@type":"ImageObject","inLanguage":"pt-PT","@id":"https:\/\/algarve7.pt\/#\/schema\/logo\/image\/","url":"https:\/\/algarve7.pt\/wp-content\/uploads\/2020\/10\/Logo-8.jpg","contentUrl":"https:\/\/algarve7.pt\/wp-content\/uploads\/2020\/10\/Logo-8.jpg","width":1680,"height":1186,"caption":"Algarve 7"},"image":{"@id":"https:\/\/algarve7.pt\/#\/schema\/logo\/image\/"},"sameAs":["https:\/\/www.facebook.com\/algarve7","https:\/\/x.com\/Algarvesete","https:\/\/www.instagram.com\/jornalalgarve7\/","https:\/\/www.linkedin.com\/company\/algarve7","https:\/\/www.pinterest.pt\/geral0939\/_created\/"]},{"@type":"Person","@id":"https:\/\/algarve7.pt\/#\/schema\/person\/23fa70681308e7b319a3204bcea45e0c","name":"Algarve 7","sameAs":["https:\/\/algarve7.pt","https:\/\/www.facebook.com\/algarve7"],"url":"https:\/\/algarve7.pt\/index.php\/author\/geralalgarve7-pt\/"}]}},"jetpack_publicize_connections":[],"jetpack_featured_media_url":"https:\/\/algarve7.pt\/wp-content\/uploads\/2024\/03\/LogoParticipescaSemFundo_Preto.png","jetpack_shortlink":"https:\/\/wp.me\/pcezmW-9t0","jetpack_sharing_enabled":true,"_links":{"self":[{"href":"https:\/\/algarve7.pt\/index.php\/wp-json\/wp\/v2\/posts\/36394","targetHints":{"allow":["GET"]}}],"collection":[{"href":"https:\/\/algarve7.pt\/index.php\/wp-json\/wp\/v2\/posts"}],"about":[{"href":"https:\/\/algarve7.pt\/index.php\/wp-json\/wp\/v2\/types\/post"}],"author":[{"embeddable":true,"href":"https:\/\/algarve7.pt\/index.php\/wp-json\/wp\/v2\/users\/1"}],"replies":[{"embeddable":true,"href":"https:\/\/algarve7.pt\/index.php\/wp-json\/wp\/v2\/comments?post=36394"}],"version-history":[{"count":0,"href":"https:\/\/algarve7.pt\/index.php\/wp-json\/wp\/v2\/posts\/36394\/revisions"}],"wp:featuredmedia":[{"embeddable":true,"href":"https:\/\/algarve7.pt\/index.php\/wp-json\/wp\/v2\/media\/36395"}],"wp:attachment":[{"href":"https:\/\/algarve7.pt\/index.php\/wp-json\/wp\/v2\/media?parent=36394"}],"wp:term":[{"taxonomy":"category","embeddable":true,"href":"https:\/\/algarve7.pt\/index.php\/wp-json\/wp\/v2\/categories?post=36394"},{"taxonomy":"post_tag","embeddable":true,"href":"https:\/\/algarve7.pt\/index.php\/wp-json\/wp\/v2\/tags?post=36394"}],"curies":[{"name":"wp","href":"https:\/\/api.w.org\/{rel}","templated":true}]}}