{"id":36386,"date":"2024-03-10T11:00:00","date_gmt":"2024-03-10T11:00:00","guid":{"rendered":"https:\/\/algarve7.pt\/?p=36386"},"modified":"2024-03-09T12:50:32","modified_gmt":"2024-03-09T12:50:32","slug":"floresta-segura-2024-fase-de-prevencao-e-sensibilizacao-balanco-provisorio","status":"publish","type":"post","link":"https:\/\/algarve7.pt\/index.php\/2024\/03\/floresta-segura-2024-fase-de-prevencao-e-sensibilizacao-balanco-provisorio\/nacional\/11\/00\/","title":{"rendered":"Floresta Segura 2024 \u2013 Fase de preven\u00e7\u00e3o e sensibiliza\u00e7\u00e3o balan\u00e7o provis\u00f3rio"},"content":{"rendered":"\n<p>A Guarda Nacional Republicana (GNR) iniciou, no dia 1 de fevereiro, a Opera\u00e7\u00e3o Floresta Segura que decorre, at\u00e9 30 de novembro, com o objetivo de executar<strong>&nbsp;a\u00e7\u00f5es de sensibiliza\u00e7\u00e3o<\/strong>,&nbsp;<strong>de fiscaliza\u00e7\u00e3o<\/strong>, de&nbsp;<strong>vigil\u00e2ncia<\/strong>&nbsp;e&nbsp;<strong>dete\u00e7\u00e3o de inc\u00eandios rurais<\/strong>, de&nbsp;<strong>investiga\u00e7\u00e3o de causas dos crimes de inc\u00eandio florestal<\/strong>&nbsp;e&nbsp;<strong>valida\u00e7\u00e3o das \u00e1reas ardidas<\/strong>, de forma a prevenir, detetar, combater os inc\u00eandios rurais e reprimir atividades il\u00edcitas, procurando garantir a seguran\u00e7a das popula\u00e7\u00f5es e a preserva\u00e7\u00e3o do patrim\u00f3nio florestal.<\/p>\n\n\n\n<p>No \u00e2mbito da&nbsp;<strong><u>sensibiliza\u00e7\u00e3o<\/u><\/strong>&nbsp;a Guarda Nacional Republicana, at\u00e9 ao dia 3 de mar\u00e7o, realizou&nbsp;<strong>715 a\u00e7\u00f5es de sensibiliza\u00e7\u00e3o<\/strong>, tendo alcan\u00e7ado&nbsp;<strong>14&nbsp;471 pessoas<\/strong>, com o objetivo de evitar comportamentos de risco, a ado\u00e7\u00e3o de medidas de autoprote\u00e7\u00e3o e uso correto do fogo, por parte das comunidades. Foram efetuadas&nbsp;<strong>2&nbsp;859 sinaliza\u00e7\u00f5es nas freguesias priorit\u00e1rias<\/strong>, sendo aquelas que apresentam potencial risco de inc\u00eandio rural,&nbsp; registadas&nbsp;<strong>206&nbsp;ocorr\u00eancias de inc\u00eandio<\/strong>&nbsp;e&nbsp;<strong>22 contraordena\u00e7\u00f5es (14 por queimas&nbsp;<\/strong>e&nbsp;<strong>oito por queimadas).&nbsp;<\/strong><\/p>\n\n\n\n<p>Foram registados at\u00e9 ao momento&nbsp;<strong>93 crimes<\/strong>, tendo sido efetuadas&nbsp;<strong>tr\u00eas deten\u00e7\u00f5es<\/strong>&nbsp;e&nbsp;<strong>identificados 13 suspeitos.&nbsp;<\/strong><\/p>\n\n\n\n<p>Nesta fase, os militares encontram-se no terreno a percorrer as faixas de gest\u00e3o de combust\u00edvel das freguesias priorit\u00e1rias, com o objetivo de se proceder \u00e0 sinaliza\u00e7\u00e3o e georreferencia\u00e7\u00e3o dos terrenos rurais que pela sua localiza\u00e7\u00e3o apresentem potencial risco de inc\u00eandio, promovendo em simult\u00e2neo, a\u00e7\u00f5es de informa\u00e7\u00e3o e sensibiliza\u00e7\u00e3o junto dos propriet\u00e1rios, para que realizem voluntariamente a limpeza dos terrenos&nbsp;<strong>at\u00e9 30 de abril de 2024<\/strong>, evitando que, ap\u00f3s o&nbsp;<strong>dia 1 de maio de 2024,<\/strong>&nbsp;possam encontrar-se em incumprimento.<\/p>\n\n\n\n<p>Esta fase da opera\u00e7\u00e3o tem como objetivo principal a preven\u00e7\u00e3o com a\u00e7\u00f5es de sensibiliza\u00e7\u00e3o dirigidas aos cidad\u00e3os e entidades, com vista \u00e0 altera\u00e7\u00e3o de comportamentos e \u00e0 ado\u00e7\u00e3o das melhores pr\u00e1ticas de seguran\u00e7a individual e coletiva. O esfor\u00e7o principal est\u00e1 a ser desenvolvido para despertar consci\u00eancias para a import\u00e2ncia da ado\u00e7\u00e3o de medidas de autoprote\u00e7\u00e3o e para a redu\u00e7\u00e3o do risco de ocorr\u00eancia de inc\u00eandios.<\/p>\n\n\n\n<p>A&nbsp;Opera\u00e7\u00e3o Floresta Segura da GNR contribui decisivamente para uma redu\u00e7\u00e3o significativa do n\u00famero de ocorr\u00eancias graves e dos impactos negativos que podem causar na sociedade. A prote\u00e7\u00e3o de pessoas e bens, no \u00e2mbito dos inc\u00eandios rurais, continua a assumir-se como uma das prioridades estrat\u00e9gicas para a GNR, sustentada numa atua\u00e7\u00e3o preventiva e num refor\u00e7o de patrulhamento nas \u00e1reas florestais.<\/p>\n\n\n\n<p>A Guarda Nacional Republicana, atrav\u00e9s do Servi\u00e7o da Prote\u00e7\u00e3o da Natureza e do Ambiente (SEPNA), tem como preocupa\u00e7\u00e3o di\u00e1ria a prote\u00e7\u00e3o ambiental e a conserva\u00e7\u00e3o da natureza. Para o efeito, poder\u00e1 ser utilizada a Linha SOS Ambiente e Territ\u00f3rio (808 200 520) funcionando em perman\u00eancia para a den\u00fancia de infra\u00e7\u00f5es ou esclarecimento de d\u00favidas.<\/p>\n","protected":false},"excerpt":{"rendered":"<p>A Guarda Nacional Republicana (GNR) iniciou, no dia 1 de fevereiro, a Opera\u00e7\u00e3o Floresta Segura que decorre, at\u00e9 30 de<\/p>\n","protected":false},"author":1,"featured_media":36387,"comment_status":"closed","ping_status":"open","sticky":false,"template":"","format":"standard","meta":{"colormag_page_container_layout":"default_layout","colormag_page_sidebar_layout":"default_layout","_monsterinsights_skip_tracking":false,"_monsterinsights_sitenote_active":false,"_monsterinsights_sitenote_note":"","_monsterinsights_sitenote_category":0,"jetpack_post_was_ever_published":false,"_jetpack_newsletter_access":"","_jetpack_dont_email_post_to_subs":false,"_jetpack_newsletter_tier_id":0,"_jetpack_memberships_contains_paywalled_content":false,"_jetpack_memberships_contains_paid_content":false,"footnotes":"","jetpack_publicize_message":"","jetpack_publicize_feature_enabled":true,"jetpack_social_post_already_shared":false,"jetpack_social_options":{"image_generator_settings":{"template":"highway","default_image_id":0,"font":"","enabled":false},"version":2}},"categories":[189],"tags":[62,140,98],"class_list":["post-36386","post","type-post","status-publish","format-standard","has-post-thumbnail","hentry","category-nacional","tag-atualidade","tag-gnr","tag-nacional"],"yoast_head":"<!-- This site is optimized with the Yoast SEO plugin v27.5 - https:\/\/yoast.com\/product\/yoast-seo-wordpress\/ -->\n<title>Floresta Segura 2024 \u2013 Fase de preven\u00e7\u00e3o e sensibiliza\u00e7\u00e3o balan\u00e7o provis\u00f3rio - Algarve 7<\/title>\n<meta name=\"description\" content=\"Floresta Segura 2024 \u2013 Fase de preven\u00e7\u00e3o e sensibiliza\u00e7\u00e3o balan\u00e7o provis\u00f3rio Nacional\" \/>\n<meta name=\"robots\" content=\"index, follow, max-snippet:-1, max-image-preview:large, max-video-preview:-1\" \/>\n<link rel=\"canonical\" href=\"https:\/\/algarve7.pt\/index.php\/2024\/03\/floresta-segura-2024-fase-de-prevencao-e-sensibilizacao-balanco-provisorio\/nacional\/11\/00\/\" \/>\n<meta property=\"og:locale\" content=\"pt_PT\" \/>\n<meta property=\"og:type\" content=\"article\" \/>\n<meta property=\"og:title\" content=\"Floresta Segura 2024 \u2013 Fase de preven\u00e7\u00e3o e sensibiliza\u00e7\u00e3o balan\u00e7o provis\u00f3rio - Algarve 7\" \/>\n<meta property=\"og:description\" content=\"Floresta Segura 2024 \u2013 Fase de preven\u00e7\u00e3o e sensibiliza\u00e7\u00e3o balan\u00e7o provis\u00f3rio Nacional\" \/>\n<meta property=\"og:url\" content=\"https:\/\/algarve7.pt\/index.php\/2024\/03\/floresta-segura-2024-fase-de-prevencao-e-sensibilizacao-balanco-provisorio\/nacional\/11\/00\/\" \/>\n<meta property=\"og:site_name\" content=\"Algarve 7\" \/>\n<meta property=\"article:publisher\" content=\"https:\/\/www.facebook.com\/algarve7\" \/>\n<meta property=\"article:author\" content=\"https:\/\/www.facebook.com\/algarve7\" \/>\n<meta property=\"article:published_time\" content=\"2024-03-10T11:00:00+00:00\" \/>\n<meta property=\"og:image\" content=\"https:\/\/algarve7.pt\/wp-content\/uploads\/2024\/03\/Captura-de-ecra-2024-03-09-as-12.47.42.png\" \/>\n\t<meta property=\"og:image:width\" content=\"1024\" \/>\n\t<meta property=\"og:image:height\" content=\"549\" \/>\n\t<meta property=\"og:image:type\" content=\"image\/png\" \/>\n<meta name=\"author\" content=\"Algarve 7\" \/>\n<meta name=\"twitter:card\" content=\"summary_large_image\" \/>\n<meta name=\"twitter:creator\" content=\"@Algarvesete\" \/>\n<meta name=\"twitter:site\" content=\"@Algarvesete\" \/>\n<meta name=\"twitter:label1\" content=\"Escrito por\" \/>\n\t<meta name=\"twitter:data1\" content=\"Algarve 7\" \/>\n\t<meta name=\"twitter:label2\" content=\"Tempo estimado de leitura\" \/>\n\t<meta name=\"twitter:data2\" content=\"3 minutos\" \/>\n<script type=\"application\/ld+json\" class=\"yoast-schema-graph\">{\"@context\":\"https:\\\/\\\/schema.org\",\"@graph\":[{\"@type\":\"Article\",\"@id\":\"https:\\\/\\\/algarve7.pt\\\/index.php\\\/2024\\\/03\\\/floresta-segura-2024-fase-de-prevencao-e-sensibilizacao-balanco-provisorio\\\/nacional\\\/11\\\/00\\\/#article\",\"isPartOf\":{\"@id\":\"https:\\\/\\\/algarve7.pt\\\/index.php\\\/2024\\\/03\\\/floresta-segura-2024-fase-de-prevencao-e-sensibilizacao-balanco-provisorio\\\/nacional\\\/11\\\/00\\\/\"},\"author\":{\"name\":\"Algarve 7\",\"@id\":\"https:\\\/\\\/algarve7.pt\\\/#\\\/schema\\\/person\\\/23fa70681308e7b319a3204bcea45e0c\"},\"headline\":\"Floresta Segura 2024 \u2013 Fase de preven\u00e7\u00e3o e sensibiliza\u00e7\u00e3o balan\u00e7o provis\u00f3rio\",\"datePublished\":\"2024-03-10T11:00:00+00:00\",\"mainEntityOfPage\":{\"@id\":\"https:\\\/\\\/algarve7.pt\\\/index.php\\\/2024\\\/03\\\/floresta-segura-2024-fase-de-prevencao-e-sensibilizacao-balanco-provisorio\\\/nacional\\\/11\\\/00\\\/\"},\"wordCount\":534,\"publisher\":{\"@id\":\"https:\\\/\\\/algarve7.pt\\\/#organization\"},\"image\":{\"@id\":\"https:\\\/\\\/algarve7.pt\\\/index.php\\\/2024\\\/03\\\/floresta-segura-2024-fase-de-prevencao-e-sensibilizacao-balanco-provisorio\\\/nacional\\\/11\\\/00\\\/#primaryimage\"},\"thumbnailUrl\":\"https:\\\/\\\/algarve7.pt\\\/wp-content\\\/uploads\\\/2024\\\/03\\\/Captura-de-ecra-2024-03-09-as-12.47.42.png\",\"keywords\":[\"Atualidade\",\"GNR\",\"Nacional\"],\"articleSection\":[\"Nacional\"],\"inLanguage\":\"pt-PT\"},{\"@type\":\"WebPage\",\"@id\":\"https:\\\/\\\/algarve7.pt\\\/index.php\\\/2024\\\/03\\\/floresta-segura-2024-fase-de-prevencao-e-sensibilizacao-balanco-provisorio\\\/nacional\\\/11\\\/00\\\/\",\"url\":\"https:\\\/\\\/algarve7.pt\\\/index.php\\\/2024\\\/03\\\/floresta-segura-2024-fase-de-prevencao-e-sensibilizacao-balanco-provisorio\\\/nacional\\\/11\\\/00\\\/\",\"name\":\"Floresta Segura 2024 \u2013 Fase de preven\u00e7\u00e3o e sensibiliza\u00e7\u00e3o balan\u00e7o provis\u00f3rio - Algarve 7\",\"isPartOf\":{\"@id\":\"https:\\\/\\\/algarve7.pt\\\/#website\"},\"primaryImageOfPage\":{\"@id\":\"https:\\\/\\\/algarve7.pt\\\/index.php\\\/2024\\\/03\\\/floresta-segura-2024-fase-de-prevencao-e-sensibilizacao-balanco-provisorio\\\/nacional\\\/11\\\/00\\\/#primaryimage\"},\"image\":{\"@id\":\"https:\\\/\\\/algarve7.pt\\\/index.php\\\/2024\\\/03\\\/floresta-segura-2024-fase-de-prevencao-e-sensibilizacao-balanco-provisorio\\\/nacional\\\/11\\\/00\\\/#primaryimage\"},\"thumbnailUrl\":\"https:\\\/\\\/algarve7.pt\\\/wp-content\\\/uploads\\\/2024\\\/03\\\/Captura-de-ecra-2024-03-09-as-12.47.42.png\",\"datePublished\":\"2024-03-10T11:00:00+00:00\",\"description\":\"Floresta Segura 2024 \u2013 Fase de preven\u00e7\u00e3o e sensibiliza\u00e7\u00e3o balan\u00e7o provis\u00f3rio Nacional\",\"breadcrumb\":{\"@id\":\"https:\\\/\\\/algarve7.pt\\\/index.php\\\/2024\\\/03\\\/floresta-segura-2024-fase-de-prevencao-e-sensibilizacao-balanco-provisorio\\\/nacional\\\/11\\\/00\\\/#breadcrumb\"},\"inLanguage\":\"pt-PT\",\"potentialAction\":[{\"@type\":\"ReadAction\",\"target\":[\"https:\\\/\\\/algarve7.pt\\\/index.php\\\/2024\\\/03\\\/floresta-segura-2024-fase-de-prevencao-e-sensibilizacao-balanco-provisorio\\\/nacional\\\/11\\\/00\\\/\"]}]},{\"@type\":\"ImageObject\",\"inLanguage\":\"pt-PT\",\"@id\":\"https:\\\/\\\/algarve7.pt\\\/index.php\\\/2024\\\/03\\\/floresta-segura-2024-fase-de-prevencao-e-sensibilizacao-balanco-provisorio\\\/nacional\\\/11\\\/00\\\/#primaryimage\",\"url\":\"https:\\\/\\\/algarve7.pt\\\/wp-content\\\/uploads\\\/2024\\\/03\\\/Captura-de-ecra-2024-03-09-as-12.47.42.png\",\"contentUrl\":\"https:\\\/\\\/algarve7.pt\\\/wp-content\\\/uploads\\\/2024\\\/03\\\/Captura-de-ecra-2024-03-09-as-12.47.42.png\",\"width\":1024,\"height\":549},{\"@type\":\"BreadcrumbList\",\"@id\":\"https:\\\/\\\/algarve7.pt\\\/index.php\\\/2024\\\/03\\\/floresta-segura-2024-fase-de-prevencao-e-sensibilizacao-balanco-provisorio\\\/nacional\\\/11\\\/00\\\/#breadcrumb\",\"itemListElement\":[{\"@type\":\"ListItem\",\"position\":1,\"name\":\"In\u00edcio\",\"item\":\"https:\\\/\\\/algarve7.pt\\\/\"},{\"@type\":\"ListItem\",\"position\":2,\"name\":\"Floresta Segura 2024 \u2013 Fase de preven\u00e7\u00e3o e sensibiliza\u00e7\u00e3o balan\u00e7o provis\u00f3rio\"}]},{\"@type\":\"WebSite\",\"@id\":\"https:\\\/\\\/algarve7.pt\\\/#website\",\"url\":\"https:\\\/\\\/algarve7.pt\\\/\",\"name\":\"Algarve 7\",\"description\":\"Informa\u00e7\u00e3o sobre o Algarve\",\"publisher\":{\"@id\":\"https:\\\/\\\/algarve7.pt\\\/#organization\"},\"potentialAction\":[{\"@type\":\"SearchAction\",\"target\":{\"@type\":\"EntryPoint\",\"urlTemplate\":\"https:\\\/\\\/algarve7.pt\\\/?s={search_term_string}\"},\"query-input\":{\"@type\":\"PropertyValueSpecification\",\"valueRequired\":true,\"valueName\":\"search_term_string\"}}],\"inLanguage\":\"pt-PT\"},{\"@type\":\"Organization\",\"@id\":\"https:\\\/\\\/algarve7.pt\\\/#organization\",\"name\":\"Algarve 7\",\"url\":\"https:\\\/\\\/algarve7.pt\\\/\",\"logo\":{\"@type\":\"ImageObject\",\"inLanguage\":\"pt-PT\",\"@id\":\"https:\\\/\\\/algarve7.pt\\\/#\\\/schema\\\/logo\\\/image\\\/\",\"url\":\"https:\\\/\\\/algarve7.pt\\\/wp-content\\\/uploads\\\/2020\\\/10\\\/Logo-8.jpg\",\"contentUrl\":\"https:\\\/\\\/algarve7.pt\\\/wp-content\\\/uploads\\\/2020\\\/10\\\/Logo-8.jpg\",\"width\":1680,\"height\":1186,\"caption\":\"Algarve 7\"},\"image\":{\"@id\":\"https:\\\/\\\/algarve7.pt\\\/#\\\/schema\\\/logo\\\/image\\\/\"},\"sameAs\":[\"https:\\\/\\\/www.facebook.com\\\/algarve7\",\"https:\\\/\\\/x.com\\\/Algarvesete\",\"https:\\\/\\\/www.instagram.com\\\/jornalalgarve7\\\/\",\"https:\\\/\\\/www.linkedin.com\\\/company\\\/algarve7\",\"https:\\\/\\\/www.pinterest.pt\\\/geral0939\\\/_created\\\/\"]},{\"@type\":\"Person\",\"@id\":\"https:\\\/\\\/algarve7.pt\\\/#\\\/schema\\\/person\\\/23fa70681308e7b319a3204bcea45e0c\",\"name\":\"Algarve 7\",\"sameAs\":[\"https:\\\/\\\/algarve7.pt\",\"https:\\\/\\\/www.facebook.com\\\/algarve7\"],\"url\":\"https:\\\/\\\/algarve7.pt\\\/index.php\\\/author\\\/geralalgarve7-pt\\\/\"}]}<\/script>\n<!-- \/ Yoast SEO plugin. -->","yoast_head_json":{"title":"Floresta Segura 2024 \u2013 Fase de preven\u00e7\u00e3o e sensibiliza\u00e7\u00e3o balan\u00e7o provis\u00f3rio - Algarve 7","description":"Floresta Segura 2024 \u2013 Fase de preven\u00e7\u00e3o e sensibiliza\u00e7\u00e3o balan\u00e7o provis\u00f3rio Nacional","robots":{"index":"index","follow":"follow","max-snippet":"max-snippet:-1","max-image-preview":"max-image-preview:large","max-video-preview":"max-video-preview:-1"},"canonical":"https:\/\/algarve7.pt\/index.php\/2024\/03\/floresta-segura-2024-fase-de-prevencao-e-sensibilizacao-balanco-provisorio\/nacional\/11\/00\/","og_locale":"pt_PT","og_type":"article","og_title":"Floresta Segura 2024 \u2013 Fase de preven\u00e7\u00e3o e sensibiliza\u00e7\u00e3o balan\u00e7o provis\u00f3rio - Algarve 7","og_description":"Floresta Segura 2024 \u2013 Fase de preven\u00e7\u00e3o e sensibiliza\u00e7\u00e3o balan\u00e7o provis\u00f3rio Nacional","og_url":"https:\/\/algarve7.pt\/index.php\/2024\/03\/floresta-segura-2024-fase-de-prevencao-e-sensibilizacao-balanco-provisorio\/nacional\/11\/00\/","og_site_name":"Algarve 7","article_publisher":"https:\/\/www.facebook.com\/algarve7","article_author":"https:\/\/www.facebook.com\/algarve7","article_published_time":"2024-03-10T11:00:00+00:00","og_image":[{"width":1024,"height":549,"url":"https:\/\/algarve7.pt\/wp-content\/uploads\/2024\/03\/Captura-de-ecra-2024-03-09-as-12.47.42.png","type":"image\/png"}],"author":"Algarve 7","twitter_card":"summary_large_image","twitter_creator":"@Algarvesete","twitter_site":"@Algarvesete","twitter_misc":{"Escrito por":"Algarve 7","Tempo estimado de leitura":"3 minutos"},"schema":{"@context":"https:\/\/schema.org","@graph":[{"@type":"Article","@id":"https:\/\/algarve7.pt\/index.php\/2024\/03\/floresta-segura-2024-fase-de-prevencao-e-sensibilizacao-balanco-provisorio\/nacional\/11\/00\/#article","isPartOf":{"@id":"https:\/\/algarve7.pt\/index.php\/2024\/03\/floresta-segura-2024-fase-de-prevencao-e-sensibilizacao-balanco-provisorio\/nacional\/11\/00\/"},"author":{"name":"Algarve 7","@id":"https:\/\/algarve7.pt\/#\/schema\/person\/23fa70681308e7b319a3204bcea45e0c"},"headline":"Floresta Segura 2024 \u2013 Fase de preven\u00e7\u00e3o e sensibiliza\u00e7\u00e3o balan\u00e7o provis\u00f3rio","datePublished":"2024-03-10T11:00:00+00:00","mainEntityOfPage":{"@id":"https:\/\/algarve7.pt\/index.php\/2024\/03\/floresta-segura-2024-fase-de-prevencao-e-sensibilizacao-balanco-provisorio\/nacional\/11\/00\/"},"wordCount":534,"publisher":{"@id":"https:\/\/algarve7.pt\/#organization"},"image":{"@id":"https:\/\/algarve7.pt\/index.php\/2024\/03\/floresta-segura-2024-fase-de-prevencao-e-sensibilizacao-balanco-provisorio\/nacional\/11\/00\/#primaryimage"},"thumbnailUrl":"https:\/\/algarve7.pt\/wp-content\/uploads\/2024\/03\/Captura-de-ecra-2024-03-09-as-12.47.42.png","keywords":["Atualidade","GNR","Nacional"],"articleSection":["Nacional"],"inLanguage":"pt-PT"},{"@type":"WebPage","@id":"https:\/\/algarve7.pt\/index.php\/2024\/03\/floresta-segura-2024-fase-de-prevencao-e-sensibilizacao-balanco-provisorio\/nacional\/11\/00\/","url":"https:\/\/algarve7.pt\/index.php\/2024\/03\/floresta-segura-2024-fase-de-prevencao-e-sensibilizacao-balanco-provisorio\/nacional\/11\/00\/","name":"Floresta Segura 2024 \u2013 Fase de preven\u00e7\u00e3o e sensibiliza\u00e7\u00e3o balan\u00e7o provis\u00f3rio - Algarve 7","isPartOf":{"@id":"https:\/\/algarve7.pt\/#website"},"primaryImageOfPage":{"@id":"https:\/\/algarve7.pt\/index.php\/2024\/03\/floresta-segura-2024-fase-de-prevencao-e-sensibilizacao-balanco-provisorio\/nacional\/11\/00\/#primaryimage"},"image":{"@id":"https:\/\/algarve7.pt\/index.php\/2024\/03\/floresta-segura-2024-fase-de-prevencao-e-sensibilizacao-balanco-provisorio\/nacional\/11\/00\/#primaryimage"},"thumbnailUrl":"https:\/\/algarve7.pt\/wp-content\/uploads\/2024\/03\/Captura-de-ecra-2024-03-09-as-12.47.42.png","datePublished":"2024-03-10T11:00:00+00:00","description":"Floresta Segura 2024 \u2013 Fase de preven\u00e7\u00e3o e sensibiliza\u00e7\u00e3o balan\u00e7o provis\u00f3rio Nacional","breadcrumb":{"@id":"https:\/\/algarve7.pt\/index.php\/2024\/03\/floresta-segura-2024-fase-de-prevencao-e-sensibilizacao-balanco-provisorio\/nacional\/11\/00\/#breadcrumb"},"inLanguage":"pt-PT","potentialAction":[{"@type":"ReadAction","target":["https:\/\/algarve7.pt\/index.php\/2024\/03\/floresta-segura-2024-fase-de-prevencao-e-sensibilizacao-balanco-provisorio\/nacional\/11\/00\/"]}]},{"@type":"ImageObject","inLanguage":"pt-PT","@id":"https:\/\/algarve7.pt\/index.php\/2024\/03\/floresta-segura-2024-fase-de-prevencao-e-sensibilizacao-balanco-provisorio\/nacional\/11\/00\/#primaryimage","url":"https:\/\/algarve7.pt\/wp-content\/uploads\/2024\/03\/Captura-de-ecra-2024-03-09-as-12.47.42.png","contentUrl":"https:\/\/algarve7.pt\/wp-content\/uploads\/2024\/03\/Captura-de-ecra-2024-03-09-as-12.47.42.png","width":1024,"height":549},{"@type":"BreadcrumbList","@id":"https:\/\/algarve7.pt\/index.php\/2024\/03\/floresta-segura-2024-fase-de-prevencao-e-sensibilizacao-balanco-provisorio\/nacional\/11\/00\/#breadcrumb","itemListElement":[{"@type":"ListItem","position":1,"name":"In\u00edcio","item":"https:\/\/algarve7.pt\/"},{"@type":"ListItem","position":2,"name":"Floresta Segura 2024 \u2013 Fase de preven\u00e7\u00e3o e sensibiliza\u00e7\u00e3o balan\u00e7o provis\u00f3rio"}]},{"@type":"WebSite","@id":"https:\/\/algarve7.pt\/#website","url":"https:\/\/algarve7.pt\/","name":"Algarve 7","description":"Informa\u00e7\u00e3o sobre o Algarve","publisher":{"@id":"https:\/\/algarve7.pt\/#organization"},"potentialAction":[{"@type":"SearchAction","target":{"@type":"EntryPoint","urlTemplate":"https:\/\/algarve7.pt\/?s={search_term_string}"},"query-input":{"@type":"PropertyValueSpecification","valueRequired":true,"valueName":"search_term_string"}}],"inLanguage":"pt-PT"},{"@type":"Organization","@id":"https:\/\/algarve7.pt\/#organization","name":"Algarve 7","url":"https:\/\/algarve7.pt\/","logo":{"@type":"ImageObject","inLanguage":"pt-PT","@id":"https:\/\/algarve7.pt\/#\/schema\/logo\/image\/","url":"https:\/\/algarve7.pt\/wp-content\/uploads\/2020\/10\/Logo-8.jpg","contentUrl":"https:\/\/algarve7.pt\/wp-content\/uploads\/2020\/10\/Logo-8.jpg","width":1680,"height":1186,"caption":"Algarve 7"},"image":{"@id":"https:\/\/algarve7.pt\/#\/schema\/logo\/image\/"},"sameAs":["https:\/\/www.facebook.com\/algarve7","https:\/\/x.com\/Algarvesete","https:\/\/www.instagram.com\/jornalalgarve7\/","https:\/\/www.linkedin.com\/company\/algarve7","https:\/\/www.pinterest.pt\/geral0939\/_created\/"]},{"@type":"Person","@id":"https:\/\/algarve7.pt\/#\/schema\/person\/23fa70681308e7b319a3204bcea45e0c","name":"Algarve 7","sameAs":["https:\/\/algarve7.pt","https:\/\/www.facebook.com\/algarve7"],"url":"https:\/\/algarve7.pt\/index.php\/author\/geralalgarve7-pt\/"}]}},"jetpack_publicize_connections":[],"jetpack_featured_media_url":"https:\/\/algarve7.pt\/wp-content\/uploads\/2024\/03\/Captura-de-ecra-2024-03-09-as-12.47.42.png","jetpack_shortlink":"https:\/\/wp.me\/pcezmW-9sS","jetpack_sharing_enabled":true,"_links":{"self":[{"href":"https:\/\/algarve7.pt\/index.php\/wp-json\/wp\/v2\/posts\/36386","targetHints":{"allow":["GET"]}}],"collection":[{"href":"https:\/\/algarve7.pt\/index.php\/wp-json\/wp\/v2\/posts"}],"about":[{"href":"https:\/\/algarve7.pt\/index.php\/wp-json\/wp\/v2\/types\/post"}],"author":[{"embeddable":true,"href":"https:\/\/algarve7.pt\/index.php\/wp-json\/wp\/v2\/users\/1"}],"replies":[{"embeddable":true,"href":"https:\/\/algarve7.pt\/index.php\/wp-json\/wp\/v2\/comments?post=36386"}],"version-history":[{"count":0,"href":"https:\/\/algarve7.pt\/index.php\/wp-json\/wp\/v2\/posts\/36386\/revisions"}],"wp:featuredmedia":[{"embeddable":true,"href":"https:\/\/algarve7.pt\/index.php\/wp-json\/wp\/v2\/media\/36387"}],"wp:attachment":[{"href":"https:\/\/algarve7.pt\/index.php\/wp-json\/wp\/v2\/media?parent=36386"}],"wp:term":[{"taxonomy":"category","embeddable":true,"href":"https:\/\/algarve7.pt\/index.php\/wp-json\/wp\/v2\/categories?post=36386"},{"taxonomy":"post_tag","embeddable":true,"href":"https:\/\/algarve7.pt\/index.php\/wp-json\/wp\/v2\/tags?post=36386"}],"curies":[{"name":"wp","href":"https:\/\/api.w.org\/{rel}","templated":true}]}}