{"id":36383,"date":"2024-03-10T10:15:00","date_gmt":"2024-03-10T10:15:00","guid":{"rendered":"https:\/\/algarve7.pt\/?p=36383"},"modified":"2024-03-09T12:46:43","modified_gmt":"2024-03-09T12:46:43","slug":"recital-cantar-camoes-assinala-dia-mundial-da-poesia-na-biblioteca-municipal-de-faro","status":"publish","type":"post","link":"https:\/\/algarve7.pt\/index.php\/2024\/03\/recital-cantar-camoes-assinala-dia-mundial-da-poesia-na-biblioteca-municipal-de-faro\/cultura\/10\/15\/","title":{"rendered":"Recital \u201cCantar Cam\u00f5es\u201d assinala dia mundial da poesia, na biblioteca municipal de Faro"},"content":{"rendered":"\n<p>O Recital de Poesia <strong>&#8220;<em>CANTAR CAM\u00d5ES<\/em>&#8220;<\/strong>, assinalar\u00e1 o \u201cDia Mundial da Poesia\u201d, na Biblioteca Municipal de Faro Ant\u00f3nio Ramos Rosa (BMF). A atividade ter\u00e1 lugar no dia 21 de mar\u00e7o \u00e0s 21h00, com a presen\u00e7a do m\u00fasico Eduardo Ramos.<\/p>\n\n\n\n<p>No ano em que se comemoram os 500 anos do nascimento do grande poeta portugu\u00eas, Eduardo Ramos far\u00e1 um recital, no qual cantar\u00e1 a poesia de Lu\u00eds Vaz de Cam\u00f5es, musicada pelo pr\u00f3prio e tocar\u00e1 v\u00e1rios instrumentos: viola cl\u00e1ssica, ala\u00fade \u00e1rabe, berimbau e quissanje. Ser\u00e1 acompanhado pelo ator Jorge Soares.<\/p>\n\n\n\n<p>Eduardo Ramos \u00e9 um conhecido cantor, compositor e executante do ala\u00fade \u00e1rabe, tocando tamb\u00e9m viola, flauta, gambry de Marrocos e zukra da Tun\u00edsia e instrumentos africanos. Para al\u00e9m dos 11 discos gravados, tem feito concertos em Portugal, B\u00e9lgica, Malta, Alemanha, Bulg\u00e1ria, It\u00e1lia, Espanha e Marrocos. Presentemente, toca m\u00fasica medieval Galaico-Portuguesa, m\u00fasica \u00e1rabe, sefardita e cantigas portuguesas tradicionais e canta alguns poetas portugueses, com m\u00fasica de sua autoria. Jorge Soares \u00e9 ator, encenador e bonecreiro, natural de Faro, tendo integrado o elenco das Ideias do Levante, ACTA e o projeto VATe.<\/p>\n\n\n\n<p>Neste dia, as escolas, \u00e0s 10h00 e \u00e0s 14h00 e as fam\u00edlias, \u00e0s 18h00, ter\u00e3o oportunidade de ouvir a hist\u00f3ria &#8220;<em>Gota e Pingo &#8211; aventuras em Portugal<\/em>&#8220;, com a presen\u00e7a da autora, Susana Jorge.<\/p>\n\n\n\n<p>Durante toda a semana, a Biblioteca distribui \u201c<em>Um Poema em troca de um sorriso\u201d<\/em> aos seus leitores e visitantes.<\/p>\n","protected":false},"excerpt":{"rendered":"<p>O Recital de Poesia &#8220;CANTAR CAM\u00d5ES&#8220;, assinalar\u00e1 o \u201cDia Mundial da Poesia\u201d, na Biblioteca Municipal de Faro Ant\u00f3nio Ramos Rosa<\/p>\n","protected":false},"author":1,"featured_media":36384,"comment_status":"closed","ping_status":"open","sticky":false,"template":"","format":"standard","meta":{"colormag_page_container_layout":"default_layout","colormag_page_sidebar_layout":"default_layout","_monsterinsights_skip_tracking":false,"_monsterinsights_sitenote_active":false,"_monsterinsights_sitenote_note":"","_monsterinsights_sitenote_category":0,"jetpack_post_was_ever_published":false,"_jetpack_newsletter_access":"","_jetpack_dont_email_post_to_subs":false,"_jetpack_newsletter_tier_id":0,"_jetpack_memberships_contains_paywalled_content":false,"_jetpack_memberships_contains_paid_content":false,"footnotes":"","jetpack_publicize_message":"","jetpack_publicize_feature_enabled":true,"jetpack_social_post_already_shared":false,"jetpack_social_options":{"image_generator_settings":{"template":"highway","default_image_id":0,"font":"","enabled":false},"version":2}},"categories":[14],"tags":[36,35,57],"class_list":["post-36383","post","type-post","status-publish","format-standard","has-post-thumbnail","hentry","category-cultura","tag-algarve","tag-cultura","tag-faro"],"yoast_head":"<!-- This site is optimized with the Yoast SEO plugin v27.5 - https:\/\/yoast.com\/product\/yoast-seo-wordpress\/ -->\n<title>Recital \u201cCantar Cam\u00f5es\u201d assinala dia mundial da poesia, na biblioteca municipal de Faro - Algarve 7<\/title>\n<meta name=\"description\" content=\"Recital \u201cCantar Cam\u00f5es\u201d assinala dia mundial da poesia, na biblioteca municipal de Faro Cultura\" \/>\n<meta name=\"robots\" content=\"index, follow, max-snippet:-1, max-image-preview:large, max-video-preview:-1\" \/>\n<link rel=\"canonical\" href=\"https:\/\/algarve7.pt\/index.php\/2024\/03\/recital-cantar-camoes-assinala-dia-mundial-da-poesia-na-biblioteca-municipal-de-faro\/cultura\/10\/15\/\" \/>\n<meta property=\"og:locale\" content=\"pt_PT\" \/>\n<meta property=\"og:type\" content=\"article\" \/>\n<meta property=\"og:title\" content=\"Recital \u201cCantar Cam\u00f5es\u201d assinala dia mundial da poesia, na biblioteca municipal de Faro - Algarve 7\" \/>\n<meta property=\"og:description\" content=\"Recital \u201cCantar Cam\u00f5es\u201d assinala dia mundial da poesia, na biblioteca municipal de Faro Cultura\" \/>\n<meta property=\"og:url\" content=\"https:\/\/algarve7.pt\/index.php\/2024\/03\/recital-cantar-camoes-assinala-dia-mundial-da-poesia-na-biblioteca-municipal-de-faro\/cultura\/10\/15\/\" \/>\n<meta property=\"og:site_name\" content=\"Algarve 7\" \/>\n<meta property=\"article:publisher\" content=\"https:\/\/www.facebook.com\/algarve7\" \/>\n<meta property=\"article:author\" content=\"https:\/\/www.facebook.com\/algarve7\" \/>\n<meta property=\"article:published_time\" content=\"2024-03-10T10:15:00+00:00\" \/>\n<meta property=\"og:image\" content=\"https:\/\/algarve7.pt\/wp-content\/uploads\/2024\/03\/imgLoader.ashx_.jpeg\" \/>\n\t<meta property=\"og:image:width\" content=\"1070\" \/>\n\t<meta property=\"og:image:height\" content=\"540\" \/>\n\t<meta property=\"og:image:type\" content=\"image\/jpeg\" \/>\n<meta name=\"author\" content=\"Algarve 7\" \/>\n<meta name=\"twitter:card\" content=\"summary_large_image\" \/>\n<meta name=\"twitter:creator\" content=\"@Algarvesete\" \/>\n<meta name=\"twitter:site\" content=\"@Algarvesete\" \/>\n<meta name=\"twitter:label1\" content=\"Escrito por\" \/>\n\t<meta name=\"twitter:data1\" content=\"Algarve 7\" \/>\n\t<meta name=\"twitter:label2\" content=\"Tempo estimado de leitura\" \/>\n\t<meta name=\"twitter:data2\" content=\"2 minutos\" \/>\n<script type=\"application\/ld+json\" class=\"yoast-schema-graph\">{\"@context\":\"https:\\\/\\\/schema.org\",\"@graph\":[{\"@type\":\"Article\",\"@id\":\"https:\\\/\\\/algarve7.pt\\\/index.php\\\/2024\\\/03\\\/recital-cantar-camoes-assinala-dia-mundial-da-poesia-na-biblioteca-municipal-de-faro\\\/cultura\\\/10\\\/15\\\/#article\",\"isPartOf\":{\"@id\":\"https:\\\/\\\/algarve7.pt\\\/index.php\\\/2024\\\/03\\\/recital-cantar-camoes-assinala-dia-mundial-da-poesia-na-biblioteca-municipal-de-faro\\\/cultura\\\/10\\\/15\\\/\"},\"author\":{\"name\":\"Algarve 7\",\"@id\":\"https:\\\/\\\/algarve7.pt\\\/#\\\/schema\\\/person\\\/23fa70681308e7b319a3204bcea45e0c\"},\"headline\":\"Recital \u201cCantar Cam\u00f5es\u201d assinala dia mundial da poesia, na biblioteca municipal de Faro\",\"datePublished\":\"2024-03-10T10:15:00+00:00\",\"mainEntityOfPage\":{\"@id\":\"https:\\\/\\\/algarve7.pt\\\/index.php\\\/2024\\\/03\\\/recital-cantar-camoes-assinala-dia-mundial-da-poesia-na-biblioteca-municipal-de-faro\\\/cultura\\\/10\\\/15\\\/\"},\"wordCount\":267,\"publisher\":{\"@id\":\"https:\\\/\\\/algarve7.pt\\\/#organization\"},\"image\":{\"@id\":\"https:\\\/\\\/algarve7.pt\\\/index.php\\\/2024\\\/03\\\/recital-cantar-camoes-assinala-dia-mundial-da-poesia-na-biblioteca-municipal-de-faro\\\/cultura\\\/10\\\/15\\\/#primaryimage\"},\"thumbnailUrl\":\"https:\\\/\\\/algarve7.pt\\\/wp-content\\\/uploads\\\/2024\\\/03\\\/imgLoader.ashx_.jpeg\",\"keywords\":[\"Algarve\",\"Cultura\",\"Faro\"],\"articleSection\":[\"Cultura\"],\"inLanguage\":\"pt-PT\"},{\"@type\":\"WebPage\",\"@id\":\"https:\\\/\\\/algarve7.pt\\\/index.php\\\/2024\\\/03\\\/recital-cantar-camoes-assinala-dia-mundial-da-poesia-na-biblioteca-municipal-de-faro\\\/cultura\\\/10\\\/15\\\/\",\"url\":\"https:\\\/\\\/algarve7.pt\\\/index.php\\\/2024\\\/03\\\/recital-cantar-camoes-assinala-dia-mundial-da-poesia-na-biblioteca-municipal-de-faro\\\/cultura\\\/10\\\/15\\\/\",\"name\":\"Recital \u201cCantar Cam\u00f5es\u201d assinala dia mundial da poesia, na biblioteca municipal de Faro - Algarve 7\",\"isPartOf\":{\"@id\":\"https:\\\/\\\/algarve7.pt\\\/#website\"},\"primaryImageOfPage\":{\"@id\":\"https:\\\/\\\/algarve7.pt\\\/index.php\\\/2024\\\/03\\\/recital-cantar-camoes-assinala-dia-mundial-da-poesia-na-biblioteca-municipal-de-faro\\\/cultura\\\/10\\\/15\\\/#primaryimage\"},\"image\":{\"@id\":\"https:\\\/\\\/algarve7.pt\\\/index.php\\\/2024\\\/03\\\/recital-cantar-camoes-assinala-dia-mundial-da-poesia-na-biblioteca-municipal-de-faro\\\/cultura\\\/10\\\/15\\\/#primaryimage\"},\"thumbnailUrl\":\"https:\\\/\\\/algarve7.pt\\\/wp-content\\\/uploads\\\/2024\\\/03\\\/imgLoader.ashx_.jpeg\",\"datePublished\":\"2024-03-10T10:15:00+00:00\",\"description\":\"Recital \u201cCantar Cam\u00f5es\u201d assinala dia mundial da poesia, na biblioteca municipal de Faro Cultura\",\"breadcrumb\":{\"@id\":\"https:\\\/\\\/algarve7.pt\\\/index.php\\\/2024\\\/03\\\/recital-cantar-camoes-assinala-dia-mundial-da-poesia-na-biblioteca-municipal-de-faro\\\/cultura\\\/10\\\/15\\\/#breadcrumb\"},\"inLanguage\":\"pt-PT\",\"potentialAction\":[{\"@type\":\"ReadAction\",\"target\":[\"https:\\\/\\\/algarve7.pt\\\/index.php\\\/2024\\\/03\\\/recital-cantar-camoes-assinala-dia-mundial-da-poesia-na-biblioteca-municipal-de-faro\\\/cultura\\\/10\\\/15\\\/\"]}]},{\"@type\":\"ImageObject\",\"inLanguage\":\"pt-PT\",\"@id\":\"https:\\\/\\\/algarve7.pt\\\/index.php\\\/2024\\\/03\\\/recital-cantar-camoes-assinala-dia-mundial-da-poesia-na-biblioteca-municipal-de-faro\\\/cultura\\\/10\\\/15\\\/#primaryimage\",\"url\":\"https:\\\/\\\/algarve7.pt\\\/wp-content\\\/uploads\\\/2024\\\/03\\\/imgLoader.ashx_.jpeg\",\"contentUrl\":\"https:\\\/\\\/algarve7.pt\\\/wp-content\\\/uploads\\\/2024\\\/03\\\/imgLoader.ashx_.jpeg\",\"width\":1070,\"height\":540},{\"@type\":\"BreadcrumbList\",\"@id\":\"https:\\\/\\\/algarve7.pt\\\/index.php\\\/2024\\\/03\\\/recital-cantar-camoes-assinala-dia-mundial-da-poesia-na-biblioteca-municipal-de-faro\\\/cultura\\\/10\\\/15\\\/#breadcrumb\",\"itemListElement\":[{\"@type\":\"ListItem\",\"position\":1,\"name\":\"In\u00edcio\",\"item\":\"https:\\\/\\\/algarve7.pt\\\/\"},{\"@type\":\"ListItem\",\"position\":2,\"name\":\"Recital \u201cCantar Cam\u00f5es\u201d assinala dia mundial da poesia, na biblioteca municipal de Faro\"}]},{\"@type\":\"WebSite\",\"@id\":\"https:\\\/\\\/algarve7.pt\\\/#website\",\"url\":\"https:\\\/\\\/algarve7.pt\\\/\",\"name\":\"Algarve 7\",\"description\":\"Informa\u00e7\u00e3o sobre o Algarve\",\"publisher\":{\"@id\":\"https:\\\/\\\/algarve7.pt\\\/#organization\"},\"potentialAction\":[{\"@type\":\"SearchAction\",\"target\":{\"@type\":\"EntryPoint\",\"urlTemplate\":\"https:\\\/\\\/algarve7.pt\\\/?s={search_term_string}\"},\"query-input\":{\"@type\":\"PropertyValueSpecification\",\"valueRequired\":true,\"valueName\":\"search_term_string\"}}],\"inLanguage\":\"pt-PT\"},{\"@type\":\"Organization\",\"@id\":\"https:\\\/\\\/algarve7.pt\\\/#organization\",\"name\":\"Algarve 7\",\"url\":\"https:\\\/\\\/algarve7.pt\\\/\",\"logo\":{\"@type\":\"ImageObject\",\"inLanguage\":\"pt-PT\",\"@id\":\"https:\\\/\\\/algarve7.pt\\\/#\\\/schema\\\/logo\\\/image\\\/\",\"url\":\"https:\\\/\\\/algarve7.pt\\\/wp-content\\\/uploads\\\/2020\\\/10\\\/Logo-8.jpg\",\"contentUrl\":\"https:\\\/\\\/algarve7.pt\\\/wp-content\\\/uploads\\\/2020\\\/10\\\/Logo-8.jpg\",\"width\":1680,\"height\":1186,\"caption\":\"Algarve 7\"},\"image\":{\"@id\":\"https:\\\/\\\/algarve7.pt\\\/#\\\/schema\\\/logo\\\/image\\\/\"},\"sameAs\":[\"https:\\\/\\\/www.facebook.com\\\/algarve7\",\"https:\\\/\\\/x.com\\\/Algarvesete\",\"https:\\\/\\\/www.instagram.com\\\/jornalalgarve7\\\/\",\"https:\\\/\\\/www.linkedin.com\\\/company\\\/algarve7\",\"https:\\\/\\\/www.pinterest.pt\\\/geral0939\\\/_created\\\/\"]},{\"@type\":\"Person\",\"@id\":\"https:\\\/\\\/algarve7.pt\\\/#\\\/schema\\\/person\\\/23fa70681308e7b319a3204bcea45e0c\",\"name\":\"Algarve 7\",\"sameAs\":[\"https:\\\/\\\/algarve7.pt\",\"https:\\\/\\\/www.facebook.com\\\/algarve7\"],\"url\":\"https:\\\/\\\/algarve7.pt\\\/index.php\\\/author\\\/geralalgarve7-pt\\\/\"}]}<\/script>\n<!-- \/ Yoast SEO plugin. -->","yoast_head_json":{"title":"Recital \u201cCantar Cam\u00f5es\u201d assinala dia mundial da poesia, na biblioteca municipal de Faro - Algarve 7","description":"Recital \u201cCantar Cam\u00f5es\u201d assinala dia mundial da poesia, na biblioteca municipal de Faro Cultura","robots":{"index":"index","follow":"follow","max-snippet":"max-snippet:-1","max-image-preview":"max-image-preview:large","max-video-preview":"max-video-preview:-1"},"canonical":"https:\/\/algarve7.pt\/index.php\/2024\/03\/recital-cantar-camoes-assinala-dia-mundial-da-poesia-na-biblioteca-municipal-de-faro\/cultura\/10\/15\/","og_locale":"pt_PT","og_type":"article","og_title":"Recital \u201cCantar Cam\u00f5es\u201d assinala dia mundial da poesia, na biblioteca municipal de Faro - Algarve 7","og_description":"Recital \u201cCantar Cam\u00f5es\u201d assinala dia mundial da poesia, na biblioteca municipal de Faro Cultura","og_url":"https:\/\/algarve7.pt\/index.php\/2024\/03\/recital-cantar-camoes-assinala-dia-mundial-da-poesia-na-biblioteca-municipal-de-faro\/cultura\/10\/15\/","og_site_name":"Algarve 7","article_publisher":"https:\/\/www.facebook.com\/algarve7","article_author":"https:\/\/www.facebook.com\/algarve7","article_published_time":"2024-03-10T10:15:00+00:00","og_image":[{"width":1070,"height":540,"url":"https:\/\/algarve7.pt\/wp-content\/uploads\/2024\/03\/imgLoader.ashx_.jpeg","type":"image\/jpeg"}],"author":"Algarve 7","twitter_card":"summary_large_image","twitter_creator":"@Algarvesete","twitter_site":"@Algarvesete","twitter_misc":{"Escrito por":"Algarve 7","Tempo estimado de leitura":"2 minutos"},"schema":{"@context":"https:\/\/schema.org","@graph":[{"@type":"Article","@id":"https:\/\/algarve7.pt\/index.php\/2024\/03\/recital-cantar-camoes-assinala-dia-mundial-da-poesia-na-biblioteca-municipal-de-faro\/cultura\/10\/15\/#article","isPartOf":{"@id":"https:\/\/algarve7.pt\/index.php\/2024\/03\/recital-cantar-camoes-assinala-dia-mundial-da-poesia-na-biblioteca-municipal-de-faro\/cultura\/10\/15\/"},"author":{"name":"Algarve 7","@id":"https:\/\/algarve7.pt\/#\/schema\/person\/23fa70681308e7b319a3204bcea45e0c"},"headline":"Recital \u201cCantar Cam\u00f5es\u201d assinala dia mundial da poesia, na biblioteca municipal de Faro","datePublished":"2024-03-10T10:15:00+00:00","mainEntityOfPage":{"@id":"https:\/\/algarve7.pt\/index.php\/2024\/03\/recital-cantar-camoes-assinala-dia-mundial-da-poesia-na-biblioteca-municipal-de-faro\/cultura\/10\/15\/"},"wordCount":267,"publisher":{"@id":"https:\/\/algarve7.pt\/#organization"},"image":{"@id":"https:\/\/algarve7.pt\/index.php\/2024\/03\/recital-cantar-camoes-assinala-dia-mundial-da-poesia-na-biblioteca-municipal-de-faro\/cultura\/10\/15\/#primaryimage"},"thumbnailUrl":"https:\/\/algarve7.pt\/wp-content\/uploads\/2024\/03\/imgLoader.ashx_.jpeg","keywords":["Algarve","Cultura","Faro"],"articleSection":["Cultura"],"inLanguage":"pt-PT"},{"@type":"WebPage","@id":"https:\/\/algarve7.pt\/index.php\/2024\/03\/recital-cantar-camoes-assinala-dia-mundial-da-poesia-na-biblioteca-municipal-de-faro\/cultura\/10\/15\/","url":"https:\/\/algarve7.pt\/index.php\/2024\/03\/recital-cantar-camoes-assinala-dia-mundial-da-poesia-na-biblioteca-municipal-de-faro\/cultura\/10\/15\/","name":"Recital \u201cCantar Cam\u00f5es\u201d assinala dia mundial da poesia, na biblioteca municipal de Faro - Algarve 7","isPartOf":{"@id":"https:\/\/algarve7.pt\/#website"},"primaryImageOfPage":{"@id":"https:\/\/algarve7.pt\/index.php\/2024\/03\/recital-cantar-camoes-assinala-dia-mundial-da-poesia-na-biblioteca-municipal-de-faro\/cultura\/10\/15\/#primaryimage"},"image":{"@id":"https:\/\/algarve7.pt\/index.php\/2024\/03\/recital-cantar-camoes-assinala-dia-mundial-da-poesia-na-biblioteca-municipal-de-faro\/cultura\/10\/15\/#primaryimage"},"thumbnailUrl":"https:\/\/algarve7.pt\/wp-content\/uploads\/2024\/03\/imgLoader.ashx_.jpeg","datePublished":"2024-03-10T10:15:00+00:00","description":"Recital \u201cCantar Cam\u00f5es\u201d assinala dia mundial da poesia, na biblioteca municipal de Faro Cultura","breadcrumb":{"@id":"https:\/\/algarve7.pt\/index.php\/2024\/03\/recital-cantar-camoes-assinala-dia-mundial-da-poesia-na-biblioteca-municipal-de-faro\/cultura\/10\/15\/#breadcrumb"},"inLanguage":"pt-PT","potentialAction":[{"@type":"ReadAction","target":["https:\/\/algarve7.pt\/index.php\/2024\/03\/recital-cantar-camoes-assinala-dia-mundial-da-poesia-na-biblioteca-municipal-de-faro\/cultura\/10\/15\/"]}]},{"@type":"ImageObject","inLanguage":"pt-PT","@id":"https:\/\/algarve7.pt\/index.php\/2024\/03\/recital-cantar-camoes-assinala-dia-mundial-da-poesia-na-biblioteca-municipal-de-faro\/cultura\/10\/15\/#primaryimage","url":"https:\/\/algarve7.pt\/wp-content\/uploads\/2024\/03\/imgLoader.ashx_.jpeg","contentUrl":"https:\/\/algarve7.pt\/wp-content\/uploads\/2024\/03\/imgLoader.ashx_.jpeg","width":1070,"height":540},{"@type":"BreadcrumbList","@id":"https:\/\/algarve7.pt\/index.php\/2024\/03\/recital-cantar-camoes-assinala-dia-mundial-da-poesia-na-biblioteca-municipal-de-faro\/cultura\/10\/15\/#breadcrumb","itemListElement":[{"@type":"ListItem","position":1,"name":"In\u00edcio","item":"https:\/\/algarve7.pt\/"},{"@type":"ListItem","position":2,"name":"Recital \u201cCantar Cam\u00f5es\u201d assinala dia mundial da poesia, na biblioteca municipal de Faro"}]},{"@type":"WebSite","@id":"https:\/\/algarve7.pt\/#website","url":"https:\/\/algarve7.pt\/","name":"Algarve 7","description":"Informa\u00e7\u00e3o sobre o Algarve","publisher":{"@id":"https:\/\/algarve7.pt\/#organization"},"potentialAction":[{"@type":"SearchAction","target":{"@type":"EntryPoint","urlTemplate":"https:\/\/algarve7.pt\/?s={search_term_string}"},"query-input":{"@type":"PropertyValueSpecification","valueRequired":true,"valueName":"search_term_string"}}],"inLanguage":"pt-PT"},{"@type":"Organization","@id":"https:\/\/algarve7.pt\/#organization","name":"Algarve 7","url":"https:\/\/algarve7.pt\/","logo":{"@type":"ImageObject","inLanguage":"pt-PT","@id":"https:\/\/algarve7.pt\/#\/schema\/logo\/image\/","url":"https:\/\/algarve7.pt\/wp-content\/uploads\/2020\/10\/Logo-8.jpg","contentUrl":"https:\/\/algarve7.pt\/wp-content\/uploads\/2020\/10\/Logo-8.jpg","width":1680,"height":1186,"caption":"Algarve 7"},"image":{"@id":"https:\/\/algarve7.pt\/#\/schema\/logo\/image\/"},"sameAs":["https:\/\/www.facebook.com\/algarve7","https:\/\/x.com\/Algarvesete","https:\/\/www.instagram.com\/jornalalgarve7\/","https:\/\/www.linkedin.com\/company\/algarve7","https:\/\/www.pinterest.pt\/geral0939\/_created\/"]},{"@type":"Person","@id":"https:\/\/algarve7.pt\/#\/schema\/person\/23fa70681308e7b319a3204bcea45e0c","name":"Algarve 7","sameAs":["https:\/\/algarve7.pt","https:\/\/www.facebook.com\/algarve7"],"url":"https:\/\/algarve7.pt\/index.php\/author\/geralalgarve7-pt\/"}]}},"jetpack_publicize_connections":[],"jetpack_featured_media_url":"https:\/\/algarve7.pt\/wp-content\/uploads\/2024\/03\/imgLoader.ashx_.jpeg","jetpack_shortlink":"https:\/\/wp.me\/pcezmW-9sP","jetpack_sharing_enabled":true,"_links":{"self":[{"href":"https:\/\/algarve7.pt\/index.php\/wp-json\/wp\/v2\/posts\/36383","targetHints":{"allow":["GET"]}}],"collection":[{"href":"https:\/\/algarve7.pt\/index.php\/wp-json\/wp\/v2\/posts"}],"about":[{"href":"https:\/\/algarve7.pt\/index.php\/wp-json\/wp\/v2\/types\/post"}],"author":[{"embeddable":true,"href":"https:\/\/algarve7.pt\/index.php\/wp-json\/wp\/v2\/users\/1"}],"replies":[{"embeddable":true,"href":"https:\/\/algarve7.pt\/index.php\/wp-json\/wp\/v2\/comments?post=36383"}],"version-history":[{"count":0,"href":"https:\/\/algarve7.pt\/index.php\/wp-json\/wp\/v2\/posts\/36383\/revisions"}],"wp:featuredmedia":[{"embeddable":true,"href":"https:\/\/algarve7.pt\/index.php\/wp-json\/wp\/v2\/media\/36384"}],"wp:attachment":[{"href":"https:\/\/algarve7.pt\/index.php\/wp-json\/wp\/v2\/media?parent=36383"}],"wp:term":[{"taxonomy":"category","embeddable":true,"href":"https:\/\/algarve7.pt\/index.php\/wp-json\/wp\/v2\/categories?post=36383"},{"taxonomy":"post_tag","embeddable":true,"href":"https:\/\/algarve7.pt\/index.php\/wp-json\/wp\/v2\/tags?post=36383"}],"curies":[{"name":"wp","href":"https:\/\/api.w.org\/{rel}","templated":true}]}}