{"id":36380,"date":"2024-03-10T09:38:00","date_gmt":"2024-03-10T09:38:00","guid":{"rendered":"https:\/\/algarve7.pt\/?p=36380"},"modified":"2024-03-09T12:40:15","modified_gmt":"2024-03-09T12:40:15","slug":"municipio-de-sao-bras-de-alportel-amplia-rede-de-desfibrilhadores-automaticos-externos-com-colocacao-de-equipamentos-no-espaco-publico","status":"publish","type":"post","link":"https:\/\/algarve7.pt\/index.php\/2024\/03\/municipio-de-sao-bras-de-alportel-amplia-rede-de-desfibrilhadores-automaticos-externos-com-colocacao-de-equipamentos-no-espaco-publico\/saude\/09\/38\/","title":{"rendered":"Munic\u00edpio de S\u00e3o Br\u00e1s de Alportel amplia Rede de Desfibrilhadores autom\u00e1ticos externos com coloca\u00e7\u00e3o de equipamentos no espa\u00e7o p\u00fablico"},"content":{"rendered":"\n<p><strong>S\u00e3o Br\u00e1s de Alportel passa a contar com 11 desfibrilhadores autom\u00e1ticos externos com vista a uma resposta r\u00e1pida e eficaz a situa\u00e7\u00f5es de paragem cardiorrespirat\u00f3ria que possam ocorrer.<\/strong><\/p>\n\n\n\n<p>O Programa Municipal de Desfibrilha\u00e7\u00e3o Autom\u00e1tica de S\u00e3o Br\u00e1s de Alportel criado em 2016 foi ampliado no final de 2023, numa decis\u00e3o que permitiu capacitar a rede de desfibrilhadores da vila de dois equipamentos de primeira resposta a situa\u00e7\u00f5es de paragem cardiorrespirat\u00f3ria para 11 desfibrilhadores.<\/p>\n\n\n\n<p>No passado dia 1 de mar\u00e7o, Dia Internacional da Prote\u00e7\u00e3o Civil, numa a\u00e7\u00e3o promovida pelo Servi\u00e7o Municipal de Prote\u00e7\u00e3o Civil foi realizada visita, por alguns parceiros deste projeto, nomeadamente Bombeiros Volunt\u00e1rios, GNR e Agrupamento de Escolas, a um dos equipamentos instalados junto \u00e0 Escola Secund\u00e1ria, tendo sido realizado teste ao seu funcionamento.<\/p>\n\n\n\n<p>At\u00e9 ao momento, estavam instalados dois desfibrilhadores autom\u00e1ticos no Pavilh\u00e3o Municipal Dr. Jos\u00e9 de Sousa Pires e nas Piscinas Municipais Cobertas, equipamentos que concentram grande n\u00famero de utentes, e quatro nos ve\u00edculos de socorro do Corpo de Bombeiros Volunt\u00e1rios de S\u00e3o Br\u00e1s de Alportel.<\/p>\n\n\n\n<p>Os quatro novos equipamentos est\u00e3o instalados em espa\u00e7os p\u00fablicos: junto \u00e0 Escola Secund\u00e1ria Jos\u00e9 Belchior Viegas, zona que abrange o Quartel GNR e \u00e1rea de grande densidade habitacional; junto \u00e0 Escola Poeta Bernardo de Passos e Parque de Desporto e Lazer (que integra Campo de Futebol Municipal \u2013 Sint\u00e9tico, Skate Parque, Campo de Basquetebol e Complexo de Petanca), perto do Centro Escolar com diversos equipamentos de ensino, uma creche e uma \u00e1rea habitacional; junto ao Mercado Municipal, em pleno centro urbano que concentra a maioria dos estabelecimentos comerciais e a zona de maior densidade habitacional e tamb\u00e9m no Centro Hist\u00f3rico, na proximidade da C\u00e2mara Municipal, Biblioteca Municipal, Centro de Artes e Of\u00edcios, Piscinas Descobertas e Igreja Matriz.<\/p>\n\n\n\n<p>Os novos equipamentos j\u00e1 instalados nas zonas exteriores j\u00e1 est\u00e3o em funcionamento e aguardam apenas o licenciamento pelo Instituto Nacional de Emerg\u00eancia M\u00e9dica (INEM).<\/p>\n\n\n\n<p>Esta \u00e9 uma medida fundamental para a prote\u00e7\u00e3o civil e seguran\u00e7a da comunidade, que o Munic\u00edpio espera que possa ser uma mais-valia e possa fazer diferen\u00e7a na assist\u00eancia a quem sofra uma paragem cardiorrespirat\u00f3ria.<\/p>\n\n\n\n<p>Este projeto integra a constitui\u00e7\u00e3o de um largo grupo de cidad\u00e3os volunt\u00e1rios que se disponibilizam para colaborar nesta miss\u00e3o c\u00edvica que pode salvar vidas.<\/p>\n\n\n\n<p>Por isso, em paralelo a esta instala\u00e7\u00e3o, o Munic\u00edpio est\u00e1 a promover a\u00e7\u00f5es de forma\u00e7\u00e3o de suporte b\u00e1sico de vida com desfibrilhador autom\u00e1tico externo para operacionais que laboram nas proximidades destes equipamentos.<\/p>\n\n\n\n<p>Num esfor\u00e7o para aumentar a capacidade de resposta a estas situa\u00e7\u00f5es que podem ocorrer no espa\u00e7o p\u00fablico do concelho, o Munic\u00edpio de S\u00e3o Br\u00e1s de Alportel est\u00e1 a disponibilizar estes equipamentos para utiliza\u00e7\u00e3o comunit\u00e1ria para o qual foram investidos de 7.500 euros, acrescidos de IVA, para o aluguer destes equipamentos \u00e0 empresa Blue Ocean Medical, Lda.<\/p>\n\n\n\n<p>Em sintonia com este esfor\u00e7o municipal, numa parceria com o Agrupamento 1330 de S\u00e3o Br\u00e1s de Alportel do Corpo Nacional de Escuteiros, foi tamb\u00e9m adquirido pelo munic\u00edpio um desfibrilhador com respetiva forma\u00e7\u00e3o de alguns elementos do agrupamento para que possam estar aptos a agir r\u00e1pida e eficazmente perante situa\u00e7\u00f5es de PCR, permitindo assim ter tamb\u00e9m um desfibrilhador m\u00f3vel para apoio \u00e0 atividade escutista e a eventos do munic\u00edpio.<\/p>\n\n\n\n<p>Importa recordar que, segundo o Instituto Nacional de Emerg\u00eancia M\u00e9dica, os casos de morte s\u00fabita card\u00edaca assumem n\u00fameros assustadores a n\u00edvel nacional, registando-se mais de 10 mil ocorr\u00eancias anuais.<\/p>\n\n\n\n<p>Em caso de paragem cardiorrespirat\u00f3ria (PCR) todo o tempo conta. Estima-se que em cerca de 57 por cento das PCR registadas n\u00e3o sejam realizadas manobras de reanima\u00e7\u00e3o, e existe apenas um desfibrilhador autom\u00e1tico externo por cada 10 mil habitantes, pelo que em m\u00e9dia s\u00f3 tr\u00eas por cento das pessoas que sofrem uma PCR em ambiente pr\u00e9-hospitalar sobrevivem.<\/p>\n","protected":false},"excerpt":{"rendered":"<p>S\u00e3o Br\u00e1s de Alportel passa a contar com 11 desfibrilhadores autom\u00e1ticos externos com vista a uma resposta r\u00e1pida e eficaz<\/p>\n","protected":false},"author":1,"featured_media":36381,"comment_status":"closed","ping_status":"open","sticky":false,"template":"","format":"standard","meta":{"colormag_page_container_layout":"default_layout","colormag_page_sidebar_layout":"default_layout","_monsterinsights_skip_tracking":false,"_monsterinsights_sitenote_active":false,"_monsterinsights_sitenote_note":"","_monsterinsights_sitenote_category":0,"jetpack_post_was_ever_published":false,"_jetpack_newsletter_access":"","_jetpack_dont_email_post_to_subs":false,"_jetpack_newsletter_tier_id":0,"_jetpack_memberships_contains_paywalled_content":false,"_jetpack_memberships_contains_paid_content":false,"footnotes":"","jetpack_publicize_message":"","jetpack_publicize_feature_enabled":true,"jetpack_social_post_already_shared":false,"jetpack_social_options":{"image_generator_settings":{"template":"highway","default_image_id":0,"font":"","enabled":false},"version":2}},"categories":[59],"tags":[36,63,58],"class_list":["post-36380","post","type-post","status-publish","format-standard","has-post-thumbnail","hentry","category-saude","tag-algarve","tag-sao-bras-de-alportel","tag-saude"],"yoast_head":"<!-- This site is optimized with the Yoast SEO plugin v27.5 - https:\/\/yoast.com\/product\/yoast-seo-wordpress\/ -->\n<title>Munic\u00edpio de S\u00e3o Br\u00e1s de Alportel amplia Rede de Desfibrilhadores autom\u00e1ticos externos com coloca\u00e7\u00e3o de equipamentos no espa\u00e7o p\u00fablico - Algarve 7<\/title>\n<meta name=\"description\" content=\"Munic\u00edpio de S\u00e3o Br\u00e1s de Alportel amplia Rede de Desfibrilhadores autom\u00e1ticos externos com coloca\u00e7\u00e3o de equipamentos no espa\u00e7o p\u00fablico Sa\u00fade\" \/>\n<meta name=\"robots\" content=\"index, follow, max-snippet:-1, max-image-preview:large, max-video-preview:-1\" \/>\n<link rel=\"canonical\" href=\"https:\/\/algarve7.pt\/index.php\/2024\/03\/municipio-de-sao-bras-de-alportel-amplia-rede-de-desfibrilhadores-automaticos-externos-com-colocacao-de-equipamentos-no-espaco-publico\/saude\/09\/38\/\" \/>\n<meta property=\"og:locale\" content=\"pt_PT\" \/>\n<meta property=\"og:type\" content=\"article\" \/>\n<meta property=\"og:title\" content=\"Munic\u00edpio de S\u00e3o Br\u00e1s de Alportel amplia Rede de Desfibrilhadores autom\u00e1ticos externos com coloca\u00e7\u00e3o de equipamentos no espa\u00e7o p\u00fablico - Algarve 7\" \/>\n<meta property=\"og:description\" content=\"Munic\u00edpio de S\u00e3o Br\u00e1s de Alportel amplia Rede de Desfibrilhadores autom\u00e1ticos externos com coloca\u00e7\u00e3o de equipamentos no espa\u00e7o p\u00fablico Sa\u00fade\" \/>\n<meta property=\"og:url\" content=\"https:\/\/algarve7.pt\/index.php\/2024\/03\/municipio-de-sao-bras-de-alportel-amplia-rede-de-desfibrilhadores-automaticos-externos-com-colocacao-de-equipamentos-no-espaco-publico\/saude\/09\/38\/\" \/>\n<meta property=\"og:site_name\" content=\"Algarve 7\" \/>\n<meta property=\"article:publisher\" content=\"https:\/\/www.facebook.com\/algarve7\" \/>\n<meta property=\"article:author\" content=\"https:\/\/www.facebook.com\/algarve7\" \/>\n<meta property=\"article:published_time\" content=\"2024-03-10T09:38:00+00:00\" \/>\n<meta property=\"og:image\" content=\"https:\/\/algarve7.pt\/wp-content\/uploads\/2024\/03\/Desfibrilhadores_Secundaria_SBA_1_marco_2024-7-Large.jpg\" \/>\n\t<meta property=\"og:image:width\" content=\"1000\" \/>\n\t<meta property=\"og:image:height\" content=\"667\" \/>\n\t<meta property=\"og:image:type\" content=\"image\/jpeg\" \/>\n<meta name=\"author\" content=\"Algarve 7\" \/>\n<meta name=\"twitter:card\" content=\"summary_large_image\" \/>\n<meta name=\"twitter:creator\" content=\"@Algarvesete\" \/>\n<meta name=\"twitter:site\" content=\"@Algarvesete\" \/>\n<meta name=\"twitter:label1\" content=\"Escrito por\" \/>\n\t<meta name=\"twitter:data1\" content=\"Algarve 7\" \/>\n\t<meta name=\"twitter:label2\" content=\"Tempo estimado de leitura\" \/>\n\t<meta name=\"twitter:data2\" content=\"4 minutos\" \/>\n<script type=\"application\/ld+json\" class=\"yoast-schema-graph\">{\"@context\":\"https:\\\/\\\/schema.org\",\"@graph\":[{\"@type\":\"Article\",\"@id\":\"https:\\\/\\\/algarve7.pt\\\/index.php\\\/2024\\\/03\\\/municipio-de-sao-bras-de-alportel-amplia-rede-de-desfibrilhadores-automaticos-externos-com-colocacao-de-equipamentos-no-espaco-publico\\\/saude\\\/09\\\/38\\\/#article\",\"isPartOf\":{\"@id\":\"https:\\\/\\\/algarve7.pt\\\/index.php\\\/2024\\\/03\\\/municipio-de-sao-bras-de-alportel-amplia-rede-de-desfibrilhadores-automaticos-externos-com-colocacao-de-equipamentos-no-espaco-publico\\\/saude\\\/09\\\/38\\\/\"},\"author\":{\"name\":\"Algarve 7\",\"@id\":\"https:\\\/\\\/algarve7.pt\\\/#\\\/schema\\\/person\\\/23fa70681308e7b319a3204bcea45e0c\"},\"headline\":\"Munic\u00edpio de S\u00e3o Br\u00e1s de Alportel amplia Rede de Desfibrilhadores autom\u00e1ticos externos com coloca\u00e7\u00e3o de equipamentos no espa\u00e7o p\u00fablico\",\"datePublished\":\"2024-03-10T09:38:00+00:00\",\"mainEntityOfPage\":{\"@id\":\"https:\\\/\\\/algarve7.pt\\\/index.php\\\/2024\\\/03\\\/municipio-de-sao-bras-de-alportel-amplia-rede-de-desfibrilhadores-automaticos-externos-com-colocacao-de-equipamentos-no-espaco-publico\\\/saude\\\/09\\\/38\\\/\"},\"wordCount\":709,\"publisher\":{\"@id\":\"https:\\\/\\\/algarve7.pt\\\/#organization\"},\"image\":{\"@id\":\"https:\\\/\\\/algarve7.pt\\\/index.php\\\/2024\\\/03\\\/municipio-de-sao-bras-de-alportel-amplia-rede-de-desfibrilhadores-automaticos-externos-com-colocacao-de-equipamentos-no-espaco-publico\\\/saude\\\/09\\\/38\\\/#primaryimage\"},\"thumbnailUrl\":\"https:\\\/\\\/algarve7.pt\\\/wp-content\\\/uploads\\\/2024\\\/03\\\/Desfibrilhadores_Secundaria_SBA_1_marco_2024-7-Large.jpg\",\"keywords\":[\"Algarve\",\"S\u00e3o Br\u00e1s de Alportel\",\"Sa\u00fade\"],\"articleSection\":[\"Sa\u00fade\"],\"inLanguage\":\"pt-PT\"},{\"@type\":\"WebPage\",\"@id\":\"https:\\\/\\\/algarve7.pt\\\/index.php\\\/2024\\\/03\\\/municipio-de-sao-bras-de-alportel-amplia-rede-de-desfibrilhadores-automaticos-externos-com-colocacao-de-equipamentos-no-espaco-publico\\\/saude\\\/09\\\/38\\\/\",\"url\":\"https:\\\/\\\/algarve7.pt\\\/index.php\\\/2024\\\/03\\\/municipio-de-sao-bras-de-alportel-amplia-rede-de-desfibrilhadores-automaticos-externos-com-colocacao-de-equipamentos-no-espaco-publico\\\/saude\\\/09\\\/38\\\/\",\"name\":\"Munic\u00edpio de S\u00e3o Br\u00e1s de Alportel amplia Rede de Desfibrilhadores autom\u00e1ticos externos com coloca\u00e7\u00e3o de equipamentos no espa\u00e7o p\u00fablico - Algarve 7\",\"isPartOf\":{\"@id\":\"https:\\\/\\\/algarve7.pt\\\/#website\"},\"primaryImageOfPage\":{\"@id\":\"https:\\\/\\\/algarve7.pt\\\/index.php\\\/2024\\\/03\\\/municipio-de-sao-bras-de-alportel-amplia-rede-de-desfibrilhadores-automaticos-externos-com-colocacao-de-equipamentos-no-espaco-publico\\\/saude\\\/09\\\/38\\\/#primaryimage\"},\"image\":{\"@id\":\"https:\\\/\\\/algarve7.pt\\\/index.php\\\/2024\\\/03\\\/municipio-de-sao-bras-de-alportel-amplia-rede-de-desfibrilhadores-automaticos-externos-com-colocacao-de-equipamentos-no-espaco-publico\\\/saude\\\/09\\\/38\\\/#primaryimage\"},\"thumbnailUrl\":\"https:\\\/\\\/algarve7.pt\\\/wp-content\\\/uploads\\\/2024\\\/03\\\/Desfibrilhadores_Secundaria_SBA_1_marco_2024-7-Large.jpg\",\"datePublished\":\"2024-03-10T09:38:00+00:00\",\"description\":\"Munic\u00edpio de S\u00e3o Br\u00e1s de Alportel amplia Rede de Desfibrilhadores autom\u00e1ticos externos com coloca\u00e7\u00e3o de equipamentos no espa\u00e7o p\u00fablico Sa\u00fade\",\"breadcrumb\":{\"@id\":\"https:\\\/\\\/algarve7.pt\\\/index.php\\\/2024\\\/03\\\/municipio-de-sao-bras-de-alportel-amplia-rede-de-desfibrilhadores-automaticos-externos-com-colocacao-de-equipamentos-no-espaco-publico\\\/saude\\\/09\\\/38\\\/#breadcrumb\"},\"inLanguage\":\"pt-PT\",\"potentialAction\":[{\"@type\":\"ReadAction\",\"target\":[\"https:\\\/\\\/algarve7.pt\\\/index.php\\\/2024\\\/03\\\/municipio-de-sao-bras-de-alportel-amplia-rede-de-desfibrilhadores-automaticos-externos-com-colocacao-de-equipamentos-no-espaco-publico\\\/saude\\\/09\\\/38\\\/\"]}]},{\"@type\":\"ImageObject\",\"inLanguage\":\"pt-PT\",\"@id\":\"https:\\\/\\\/algarve7.pt\\\/index.php\\\/2024\\\/03\\\/municipio-de-sao-bras-de-alportel-amplia-rede-de-desfibrilhadores-automaticos-externos-com-colocacao-de-equipamentos-no-espaco-publico\\\/saude\\\/09\\\/38\\\/#primaryimage\",\"url\":\"https:\\\/\\\/algarve7.pt\\\/wp-content\\\/uploads\\\/2024\\\/03\\\/Desfibrilhadores_Secundaria_SBA_1_marco_2024-7-Large.jpg\",\"contentUrl\":\"https:\\\/\\\/algarve7.pt\\\/wp-content\\\/uploads\\\/2024\\\/03\\\/Desfibrilhadores_Secundaria_SBA_1_marco_2024-7-Large.jpg\",\"width\":1000,\"height\":667},{\"@type\":\"BreadcrumbList\",\"@id\":\"https:\\\/\\\/algarve7.pt\\\/index.php\\\/2024\\\/03\\\/municipio-de-sao-bras-de-alportel-amplia-rede-de-desfibrilhadores-automaticos-externos-com-colocacao-de-equipamentos-no-espaco-publico\\\/saude\\\/09\\\/38\\\/#breadcrumb\",\"itemListElement\":[{\"@type\":\"ListItem\",\"position\":1,\"name\":\"In\u00edcio\",\"item\":\"https:\\\/\\\/algarve7.pt\\\/\"},{\"@type\":\"ListItem\",\"position\":2,\"name\":\"Munic\u00edpio de S\u00e3o Br\u00e1s de Alportel amplia Rede de Desfibrilhadores autom\u00e1ticos externos com coloca\u00e7\u00e3o de equipamentos no espa\u00e7o p\u00fablico\"}]},{\"@type\":\"WebSite\",\"@id\":\"https:\\\/\\\/algarve7.pt\\\/#website\",\"url\":\"https:\\\/\\\/algarve7.pt\\\/\",\"name\":\"Algarve 7\",\"description\":\"Informa\u00e7\u00e3o sobre o Algarve\",\"publisher\":{\"@id\":\"https:\\\/\\\/algarve7.pt\\\/#organization\"},\"potentialAction\":[{\"@type\":\"SearchAction\",\"target\":{\"@type\":\"EntryPoint\",\"urlTemplate\":\"https:\\\/\\\/algarve7.pt\\\/?s={search_term_string}\"},\"query-input\":{\"@type\":\"PropertyValueSpecification\",\"valueRequired\":true,\"valueName\":\"search_term_string\"}}],\"inLanguage\":\"pt-PT\"},{\"@type\":\"Organization\",\"@id\":\"https:\\\/\\\/algarve7.pt\\\/#organization\",\"name\":\"Algarve 7\",\"url\":\"https:\\\/\\\/algarve7.pt\\\/\",\"logo\":{\"@type\":\"ImageObject\",\"inLanguage\":\"pt-PT\",\"@id\":\"https:\\\/\\\/algarve7.pt\\\/#\\\/schema\\\/logo\\\/image\\\/\",\"url\":\"https:\\\/\\\/algarve7.pt\\\/wp-content\\\/uploads\\\/2020\\\/10\\\/Logo-8.jpg\",\"contentUrl\":\"https:\\\/\\\/algarve7.pt\\\/wp-content\\\/uploads\\\/2020\\\/10\\\/Logo-8.jpg\",\"width\":1680,\"height\":1186,\"caption\":\"Algarve 7\"},\"image\":{\"@id\":\"https:\\\/\\\/algarve7.pt\\\/#\\\/schema\\\/logo\\\/image\\\/\"},\"sameAs\":[\"https:\\\/\\\/www.facebook.com\\\/algarve7\",\"https:\\\/\\\/x.com\\\/Algarvesete\",\"https:\\\/\\\/www.instagram.com\\\/jornalalgarve7\\\/\",\"https:\\\/\\\/www.linkedin.com\\\/company\\\/algarve7\",\"https:\\\/\\\/www.pinterest.pt\\\/geral0939\\\/_created\\\/\"]},{\"@type\":\"Person\",\"@id\":\"https:\\\/\\\/algarve7.pt\\\/#\\\/schema\\\/person\\\/23fa70681308e7b319a3204bcea45e0c\",\"name\":\"Algarve 7\",\"sameAs\":[\"https:\\\/\\\/algarve7.pt\",\"https:\\\/\\\/www.facebook.com\\\/algarve7\"],\"url\":\"https:\\\/\\\/algarve7.pt\\\/index.php\\\/author\\\/geralalgarve7-pt\\\/\"}]}<\/script>\n<!-- \/ Yoast SEO plugin. -->","yoast_head_json":{"title":"Munic\u00edpio de S\u00e3o Br\u00e1s de Alportel amplia Rede de Desfibrilhadores autom\u00e1ticos externos com coloca\u00e7\u00e3o de equipamentos no espa\u00e7o p\u00fablico - Algarve 7","description":"Munic\u00edpio de S\u00e3o Br\u00e1s de Alportel amplia Rede de Desfibrilhadores autom\u00e1ticos externos com coloca\u00e7\u00e3o de equipamentos no espa\u00e7o p\u00fablico Sa\u00fade","robots":{"index":"index","follow":"follow","max-snippet":"max-snippet:-1","max-image-preview":"max-image-preview:large","max-video-preview":"max-video-preview:-1"},"canonical":"https:\/\/algarve7.pt\/index.php\/2024\/03\/municipio-de-sao-bras-de-alportel-amplia-rede-de-desfibrilhadores-automaticos-externos-com-colocacao-de-equipamentos-no-espaco-publico\/saude\/09\/38\/","og_locale":"pt_PT","og_type":"article","og_title":"Munic\u00edpio de S\u00e3o Br\u00e1s de Alportel amplia Rede de Desfibrilhadores autom\u00e1ticos externos com coloca\u00e7\u00e3o de equipamentos no espa\u00e7o p\u00fablico - Algarve 7","og_description":"Munic\u00edpio de S\u00e3o Br\u00e1s de Alportel amplia Rede de Desfibrilhadores autom\u00e1ticos externos com coloca\u00e7\u00e3o de equipamentos no espa\u00e7o p\u00fablico Sa\u00fade","og_url":"https:\/\/algarve7.pt\/index.php\/2024\/03\/municipio-de-sao-bras-de-alportel-amplia-rede-de-desfibrilhadores-automaticos-externos-com-colocacao-de-equipamentos-no-espaco-publico\/saude\/09\/38\/","og_site_name":"Algarve 7","article_publisher":"https:\/\/www.facebook.com\/algarve7","article_author":"https:\/\/www.facebook.com\/algarve7","article_published_time":"2024-03-10T09:38:00+00:00","og_image":[{"width":1000,"height":667,"url":"https:\/\/algarve7.pt\/wp-content\/uploads\/2024\/03\/Desfibrilhadores_Secundaria_SBA_1_marco_2024-7-Large.jpg","type":"image\/jpeg"}],"author":"Algarve 7","twitter_card":"summary_large_image","twitter_creator":"@Algarvesete","twitter_site":"@Algarvesete","twitter_misc":{"Escrito por":"Algarve 7","Tempo estimado de leitura":"4 minutos"},"schema":{"@context":"https:\/\/schema.org","@graph":[{"@type":"Article","@id":"https:\/\/algarve7.pt\/index.php\/2024\/03\/municipio-de-sao-bras-de-alportel-amplia-rede-de-desfibrilhadores-automaticos-externos-com-colocacao-de-equipamentos-no-espaco-publico\/saude\/09\/38\/#article","isPartOf":{"@id":"https:\/\/algarve7.pt\/index.php\/2024\/03\/municipio-de-sao-bras-de-alportel-amplia-rede-de-desfibrilhadores-automaticos-externos-com-colocacao-de-equipamentos-no-espaco-publico\/saude\/09\/38\/"},"author":{"name":"Algarve 7","@id":"https:\/\/algarve7.pt\/#\/schema\/person\/23fa70681308e7b319a3204bcea45e0c"},"headline":"Munic\u00edpio de S\u00e3o Br\u00e1s de Alportel amplia Rede de Desfibrilhadores autom\u00e1ticos externos com coloca\u00e7\u00e3o de equipamentos no espa\u00e7o p\u00fablico","datePublished":"2024-03-10T09:38:00+00:00","mainEntityOfPage":{"@id":"https:\/\/algarve7.pt\/index.php\/2024\/03\/municipio-de-sao-bras-de-alportel-amplia-rede-de-desfibrilhadores-automaticos-externos-com-colocacao-de-equipamentos-no-espaco-publico\/saude\/09\/38\/"},"wordCount":709,"publisher":{"@id":"https:\/\/algarve7.pt\/#organization"},"image":{"@id":"https:\/\/algarve7.pt\/index.php\/2024\/03\/municipio-de-sao-bras-de-alportel-amplia-rede-de-desfibrilhadores-automaticos-externos-com-colocacao-de-equipamentos-no-espaco-publico\/saude\/09\/38\/#primaryimage"},"thumbnailUrl":"https:\/\/algarve7.pt\/wp-content\/uploads\/2024\/03\/Desfibrilhadores_Secundaria_SBA_1_marco_2024-7-Large.jpg","keywords":["Algarve","S\u00e3o Br\u00e1s de Alportel","Sa\u00fade"],"articleSection":["Sa\u00fade"],"inLanguage":"pt-PT"},{"@type":"WebPage","@id":"https:\/\/algarve7.pt\/index.php\/2024\/03\/municipio-de-sao-bras-de-alportel-amplia-rede-de-desfibrilhadores-automaticos-externos-com-colocacao-de-equipamentos-no-espaco-publico\/saude\/09\/38\/","url":"https:\/\/algarve7.pt\/index.php\/2024\/03\/municipio-de-sao-bras-de-alportel-amplia-rede-de-desfibrilhadores-automaticos-externos-com-colocacao-de-equipamentos-no-espaco-publico\/saude\/09\/38\/","name":"Munic\u00edpio de S\u00e3o Br\u00e1s de Alportel amplia Rede de Desfibrilhadores autom\u00e1ticos externos com coloca\u00e7\u00e3o de equipamentos no espa\u00e7o p\u00fablico - Algarve 7","isPartOf":{"@id":"https:\/\/algarve7.pt\/#website"},"primaryImageOfPage":{"@id":"https:\/\/algarve7.pt\/index.php\/2024\/03\/municipio-de-sao-bras-de-alportel-amplia-rede-de-desfibrilhadores-automaticos-externos-com-colocacao-de-equipamentos-no-espaco-publico\/saude\/09\/38\/#primaryimage"},"image":{"@id":"https:\/\/algarve7.pt\/index.php\/2024\/03\/municipio-de-sao-bras-de-alportel-amplia-rede-de-desfibrilhadores-automaticos-externos-com-colocacao-de-equipamentos-no-espaco-publico\/saude\/09\/38\/#primaryimage"},"thumbnailUrl":"https:\/\/algarve7.pt\/wp-content\/uploads\/2024\/03\/Desfibrilhadores_Secundaria_SBA_1_marco_2024-7-Large.jpg","datePublished":"2024-03-10T09:38:00+00:00","description":"Munic\u00edpio de S\u00e3o Br\u00e1s de Alportel amplia Rede de Desfibrilhadores autom\u00e1ticos externos com coloca\u00e7\u00e3o de equipamentos no espa\u00e7o p\u00fablico Sa\u00fade","breadcrumb":{"@id":"https:\/\/algarve7.pt\/index.php\/2024\/03\/municipio-de-sao-bras-de-alportel-amplia-rede-de-desfibrilhadores-automaticos-externos-com-colocacao-de-equipamentos-no-espaco-publico\/saude\/09\/38\/#breadcrumb"},"inLanguage":"pt-PT","potentialAction":[{"@type":"ReadAction","target":["https:\/\/algarve7.pt\/index.php\/2024\/03\/municipio-de-sao-bras-de-alportel-amplia-rede-de-desfibrilhadores-automaticos-externos-com-colocacao-de-equipamentos-no-espaco-publico\/saude\/09\/38\/"]}]},{"@type":"ImageObject","inLanguage":"pt-PT","@id":"https:\/\/algarve7.pt\/index.php\/2024\/03\/municipio-de-sao-bras-de-alportel-amplia-rede-de-desfibrilhadores-automaticos-externos-com-colocacao-de-equipamentos-no-espaco-publico\/saude\/09\/38\/#primaryimage","url":"https:\/\/algarve7.pt\/wp-content\/uploads\/2024\/03\/Desfibrilhadores_Secundaria_SBA_1_marco_2024-7-Large.jpg","contentUrl":"https:\/\/algarve7.pt\/wp-content\/uploads\/2024\/03\/Desfibrilhadores_Secundaria_SBA_1_marco_2024-7-Large.jpg","width":1000,"height":667},{"@type":"BreadcrumbList","@id":"https:\/\/algarve7.pt\/index.php\/2024\/03\/municipio-de-sao-bras-de-alportel-amplia-rede-de-desfibrilhadores-automaticos-externos-com-colocacao-de-equipamentos-no-espaco-publico\/saude\/09\/38\/#breadcrumb","itemListElement":[{"@type":"ListItem","position":1,"name":"In\u00edcio","item":"https:\/\/algarve7.pt\/"},{"@type":"ListItem","position":2,"name":"Munic\u00edpio de S\u00e3o Br\u00e1s de Alportel amplia Rede de Desfibrilhadores autom\u00e1ticos externos com coloca\u00e7\u00e3o de equipamentos no espa\u00e7o p\u00fablico"}]},{"@type":"WebSite","@id":"https:\/\/algarve7.pt\/#website","url":"https:\/\/algarve7.pt\/","name":"Algarve 7","description":"Informa\u00e7\u00e3o sobre o Algarve","publisher":{"@id":"https:\/\/algarve7.pt\/#organization"},"potentialAction":[{"@type":"SearchAction","target":{"@type":"EntryPoint","urlTemplate":"https:\/\/algarve7.pt\/?s={search_term_string}"},"query-input":{"@type":"PropertyValueSpecification","valueRequired":true,"valueName":"search_term_string"}}],"inLanguage":"pt-PT"},{"@type":"Organization","@id":"https:\/\/algarve7.pt\/#organization","name":"Algarve 7","url":"https:\/\/algarve7.pt\/","logo":{"@type":"ImageObject","inLanguage":"pt-PT","@id":"https:\/\/algarve7.pt\/#\/schema\/logo\/image\/","url":"https:\/\/algarve7.pt\/wp-content\/uploads\/2020\/10\/Logo-8.jpg","contentUrl":"https:\/\/algarve7.pt\/wp-content\/uploads\/2020\/10\/Logo-8.jpg","width":1680,"height":1186,"caption":"Algarve 7"},"image":{"@id":"https:\/\/algarve7.pt\/#\/schema\/logo\/image\/"},"sameAs":["https:\/\/www.facebook.com\/algarve7","https:\/\/x.com\/Algarvesete","https:\/\/www.instagram.com\/jornalalgarve7\/","https:\/\/www.linkedin.com\/company\/algarve7","https:\/\/www.pinterest.pt\/geral0939\/_created\/"]},{"@type":"Person","@id":"https:\/\/algarve7.pt\/#\/schema\/person\/23fa70681308e7b319a3204bcea45e0c","name":"Algarve 7","sameAs":["https:\/\/algarve7.pt","https:\/\/www.facebook.com\/algarve7"],"url":"https:\/\/algarve7.pt\/index.php\/author\/geralalgarve7-pt\/"}]}},"jetpack_publicize_connections":[],"jetpack_featured_media_url":"https:\/\/algarve7.pt\/wp-content\/uploads\/2024\/03\/Desfibrilhadores_Secundaria_SBA_1_marco_2024-7-Large.jpg","jetpack_shortlink":"https:\/\/wp.me\/pcezmW-9sM","jetpack_sharing_enabled":true,"_links":{"self":[{"href":"https:\/\/algarve7.pt\/index.php\/wp-json\/wp\/v2\/posts\/36380","targetHints":{"allow":["GET"]}}],"collection":[{"href":"https:\/\/algarve7.pt\/index.php\/wp-json\/wp\/v2\/posts"}],"about":[{"href":"https:\/\/algarve7.pt\/index.php\/wp-json\/wp\/v2\/types\/post"}],"author":[{"embeddable":true,"href":"https:\/\/algarve7.pt\/index.php\/wp-json\/wp\/v2\/users\/1"}],"replies":[{"embeddable":true,"href":"https:\/\/algarve7.pt\/index.php\/wp-json\/wp\/v2\/comments?post=36380"}],"version-history":[{"count":0,"href":"https:\/\/algarve7.pt\/index.php\/wp-json\/wp\/v2\/posts\/36380\/revisions"}],"wp:featuredmedia":[{"embeddable":true,"href":"https:\/\/algarve7.pt\/index.php\/wp-json\/wp\/v2\/media\/36381"}],"wp:attachment":[{"href":"https:\/\/algarve7.pt\/index.php\/wp-json\/wp\/v2\/media?parent=36380"}],"wp:term":[{"taxonomy":"category","embeddable":true,"href":"https:\/\/algarve7.pt\/index.php\/wp-json\/wp\/v2\/categories?post=36380"},{"taxonomy":"post_tag","embeddable":true,"href":"https:\/\/algarve7.pt\/index.php\/wp-json\/wp\/v2\/tags?post=36380"}],"curies":[{"name":"wp","href":"https:\/\/api.w.org\/{rel}","templated":true}]}}