{"id":36238,"date":"2024-03-05T16:44:18","date_gmt":"2024-03-05T16:44:18","guid":{"rendered":"https:\/\/algarve7.pt\/?p=36238"},"modified":"2024-03-05T16:44:20","modified_gmt":"2024-03-05T16:44:20","slug":"municipio-de-albufeira-inaugura-nova-rotunda-na-guia","status":"publish","type":"post","link":"https:\/\/algarve7.pt\/index.php\/2024\/03\/municipio-de-albufeira-inaugura-nova-rotunda-na-guia\/atualidade\/16\/44\/","title":{"rendered":"Munic\u00edpio de Albufeira inaugura nova rotunda na Guia"},"content":{"rendered":"\n<p>O concelho de Albufeira, mais concretamente a Freguesia da Guia, viu melhoradas as condi\u00e7\u00f5es de mobilidade e seguran\u00e7a numa das art\u00e9rias mais movimentadas da povoa\u00e7\u00e3o gra\u00e7as \u00e0 inaugura\u00e7\u00e3o de uma nova rotunda, situada estrategicamente numa das entradas da povoa\u00e7\u00e3o. Com um investimento na ordem dos 170 mil euros, para al\u00e9m do objetivo de melhorar a mobilidade na zona, a obra apresenta uma abordagem inovadora no \u00e2mbito do embelezamento urbano, com um arranjo paisag\u00edstico inspirado nas ondas do mar e nas altera\u00e7\u00f5es clim\u00e1ticas.<\/p>\n\n\n\n<p>A constru\u00e7\u00e3o, conclu\u00edda no prazo de 90 dias, abrange uma \u00e1rea de aproximadamente 1.500 metros quadrados. Com a constru\u00e7\u00e3o desta nova infraestrutura rodovi\u00e1ria, a autarquia pretende promover a fluidez do tr\u00e2nsito e o melhoramento da seguran\u00e7a dos automobilistas e a renova\u00e7\u00e3o da rede pluvial da localidade. O destaque da nova rotunda reside no seu projeto paisag\u00edstico, concebido pela equipa de arquitetura paisagista da Divis\u00e3o de Higiene Urbana e Espa\u00e7os Verdes do Munic\u00edpio. Inspirado nas ondas do mar e na necessidade de adapta\u00e7\u00e3o \u00e0s mudan\u00e7as clim\u00e1ticas, o projeto apresenta quatro \u00e1reas plantadas e uma zona de estadia, localizada num pequeno terreno livre entre o passeio da Rua do Mercado e o passeio da Rua das Escolas. Adicionalmente, a obra considerou outros aspetos, como a disposi\u00e7\u00e3o dos res\u00edduos s\u00f3lidos e a&nbsp; instala\u00e7\u00e3o de novas ilhas ecol\u00f3gicas no local.<\/p>\n\n\n\n<p>Jos\u00e9 Carlos Rolo, presidente da C\u00e2mara Municipal de Albufeira, afirma que \u201cesta \u00e9 uma rotunda que vem beneficiar a quest\u00e3o da mobilidade, visto que \u00e9 uma zona bastante conflituosa, devido ao tr\u00e1fego que existe nesta estrada\u201d. O autarca destaca que a constru\u00e7\u00e3o da obra evidencia o empenho da autarquia em promover a seguran\u00e7a, a sustentabilidade e a qualidade de vida da comunidade local. O edil concluiu a sua interven\u00e7\u00e3o frisando que \u201cO munic\u00edpio continua a apostar fortemente nestes investimentos, pois o que nos interessa no fundo \u00e9 melhorar a seguran\u00e7a dos nossos automobilistas e dos nossos pe\u00f5es.\u201d<\/p>\n\n\n\n<p>Francisco Oliveira, presidente da Assembleia Municipal de Albufeira, refor\u00e7ou que \u201cesta \u00e9 mais uma obra contemplada na estrat\u00e9gia definida pela autarquia para melhorar as acessibilidades e reduzir a sinistralidade no concelho.\u201d<\/p>\n\n\n\n<p>Refira-se que a inaugura\u00e7\u00e3o desta rotunda deixa uma marca a n\u00edvel arquitet\u00f3nico, mas significa, igualmente, um passo em dire\u00e7\u00e3o a uma comunidade mais sustent\u00e1vel e resiliente, onde a beleza paisag\u00edstica se une \u00e0 funcionalidade urbana.<\/p>\n","protected":false},"excerpt":{"rendered":"<p>O concelho de Albufeira, mais concretamente a Freguesia da Guia, viu melhoradas as condi\u00e7\u00f5es de mobilidade e seguran\u00e7a numa das<\/p>\n","protected":false},"author":1,"featured_media":36239,"comment_status":"closed","ping_status":"open","sticky":false,"template":"","format":"standard","meta":{"colormag_page_container_layout":"default_layout","colormag_page_sidebar_layout":"default_layout","_monsterinsights_skip_tracking":false,"_monsterinsights_sitenote_active":false,"_monsterinsights_sitenote_note":"","_monsterinsights_sitenote_category":0,"jetpack_post_was_ever_published":false,"_jetpack_newsletter_access":"","_jetpack_dont_email_post_to_subs":false,"_jetpack_newsletter_tier_id":0,"_jetpack_memberships_contains_paywalled_content":false,"_jetpack_memberships_contains_paid_content":false,"footnotes":"","jetpack_publicize_message":"","jetpack_publicize_feature_enabled":true,"jetpack_social_post_already_shared":false,"jetpack_social_options":{"image_generator_settings":{"template":"highway","default_image_id":0,"font":"","enabled":false},"version":2}},"categories":[11],"tags":[155,36,62,957],"class_list":["post-36238","post","type-post","status-publish","format-standard","has-post-thumbnail","hentry","category-atualidade","tag-albufeira","tag-algarve","tag-atualidade","tag-guia"],"yoast_head":"<!-- This site is optimized with the Yoast SEO plugin v27.5 - https:\/\/yoast.com\/product\/yoast-seo-wordpress\/ -->\n<title>Munic\u00edpio de Albufeira inaugura nova rotunda na Guia - Algarve 7<\/title>\n<meta name=\"description\" content=\"Munic\u00edpio de Albufeira inaugura nova rotunda na Guia Atualidade\" \/>\n<meta name=\"robots\" content=\"index, follow, max-snippet:-1, max-image-preview:large, max-video-preview:-1\" \/>\n<link rel=\"canonical\" href=\"https:\/\/algarve7.pt\/index.php\/2024\/03\/municipio-de-albufeira-inaugura-nova-rotunda-na-guia\/atualidade\/16\/44\/\" \/>\n<meta property=\"og:locale\" content=\"pt_PT\" \/>\n<meta property=\"og:type\" content=\"article\" \/>\n<meta property=\"og:title\" content=\"Munic\u00edpio de Albufeira inaugura nova rotunda na Guia - Algarve 7\" \/>\n<meta property=\"og:description\" content=\"Munic\u00edpio de Albufeira inaugura nova rotunda na Guia Atualidade\" \/>\n<meta property=\"og:url\" content=\"https:\/\/algarve7.pt\/index.php\/2024\/03\/municipio-de-albufeira-inaugura-nova-rotunda-na-guia\/atualidade\/16\/44\/\" \/>\n<meta property=\"og:site_name\" content=\"Algarve 7\" \/>\n<meta property=\"article:publisher\" content=\"https:\/\/www.facebook.com\/algarve7\" \/>\n<meta property=\"article:author\" content=\"https:\/\/www.facebook.com\/algarve7\" \/>\n<meta property=\"article:published_time\" content=\"2024-03-05T16:44:18+00:00\" \/>\n<meta property=\"article:modified_time\" content=\"2024-03-05T16:44:20+00:00\" \/>\n<meta property=\"og:image\" content=\"https:\/\/algarve7.pt\/wp-content\/uploads\/2024\/03\/Albufeira-e-Guia-22.jpg\" \/>\n\t<meta property=\"og:image:width\" content=\"1499\" \/>\n\t<meta property=\"og:image:height\" content=\"1000\" \/>\n\t<meta property=\"og:image:type\" content=\"image\/jpeg\" \/>\n<meta name=\"author\" content=\"Algarve 7\" \/>\n<meta name=\"twitter:card\" content=\"summary_large_image\" \/>\n<meta name=\"twitter:creator\" content=\"@Algarvesete\" \/>\n<meta name=\"twitter:site\" content=\"@Algarvesete\" \/>\n<meta name=\"twitter:label1\" content=\"Escrito por\" \/>\n\t<meta name=\"twitter:data1\" content=\"Algarve 7\" \/>\n\t<meta name=\"twitter:label2\" content=\"Tempo estimado de leitura\" \/>\n\t<meta name=\"twitter:data2\" content=\"3 minutos\" \/>\n<script type=\"application\/ld+json\" class=\"yoast-schema-graph\">{\"@context\":\"https:\\\/\\\/schema.org\",\"@graph\":[{\"@type\":\"Article\",\"@id\":\"https:\\\/\\\/algarve7.pt\\\/index.php\\\/2024\\\/03\\\/municipio-de-albufeira-inaugura-nova-rotunda-na-guia\\\/atualidade\\\/16\\\/44\\\/#article\",\"isPartOf\":{\"@id\":\"https:\\\/\\\/algarve7.pt\\\/index.php\\\/2024\\\/03\\\/municipio-de-albufeira-inaugura-nova-rotunda-na-guia\\\/atualidade\\\/16\\\/44\\\/\"},\"author\":{\"name\":\"Algarve 7\",\"@id\":\"https:\\\/\\\/algarve7.pt\\\/#\\\/schema\\\/person\\\/23fa70681308e7b319a3204bcea45e0c\"},\"headline\":\"Munic\u00edpio de Albufeira inaugura nova rotunda na Guia\",\"datePublished\":\"2024-03-05T16:44:18+00:00\",\"dateModified\":\"2024-03-05T16:44:20+00:00\",\"mainEntityOfPage\":{\"@id\":\"https:\\\/\\\/algarve7.pt\\\/index.php\\\/2024\\\/03\\\/municipio-de-albufeira-inaugura-nova-rotunda-na-guia\\\/atualidade\\\/16\\\/44\\\/\"},\"wordCount\":429,\"publisher\":{\"@id\":\"https:\\\/\\\/algarve7.pt\\\/#organization\"},\"image\":{\"@id\":\"https:\\\/\\\/algarve7.pt\\\/index.php\\\/2024\\\/03\\\/municipio-de-albufeira-inaugura-nova-rotunda-na-guia\\\/atualidade\\\/16\\\/44\\\/#primaryimage\"},\"thumbnailUrl\":\"https:\\\/\\\/algarve7.pt\\\/wp-content\\\/uploads\\\/2024\\\/03\\\/Albufeira-e-Guia-22.jpg\",\"keywords\":[\"Albufeira\",\"Algarve\",\"Atualidade\",\"Guia\"],\"articleSection\":[\"Atualidade\"],\"inLanguage\":\"pt-PT\"},{\"@type\":\"WebPage\",\"@id\":\"https:\\\/\\\/algarve7.pt\\\/index.php\\\/2024\\\/03\\\/municipio-de-albufeira-inaugura-nova-rotunda-na-guia\\\/atualidade\\\/16\\\/44\\\/\",\"url\":\"https:\\\/\\\/algarve7.pt\\\/index.php\\\/2024\\\/03\\\/municipio-de-albufeira-inaugura-nova-rotunda-na-guia\\\/atualidade\\\/16\\\/44\\\/\",\"name\":\"Munic\u00edpio de Albufeira inaugura nova rotunda na Guia - Algarve 7\",\"isPartOf\":{\"@id\":\"https:\\\/\\\/algarve7.pt\\\/#website\"},\"primaryImageOfPage\":{\"@id\":\"https:\\\/\\\/algarve7.pt\\\/index.php\\\/2024\\\/03\\\/municipio-de-albufeira-inaugura-nova-rotunda-na-guia\\\/atualidade\\\/16\\\/44\\\/#primaryimage\"},\"image\":{\"@id\":\"https:\\\/\\\/algarve7.pt\\\/index.php\\\/2024\\\/03\\\/municipio-de-albufeira-inaugura-nova-rotunda-na-guia\\\/atualidade\\\/16\\\/44\\\/#primaryimage\"},\"thumbnailUrl\":\"https:\\\/\\\/algarve7.pt\\\/wp-content\\\/uploads\\\/2024\\\/03\\\/Albufeira-e-Guia-22.jpg\",\"datePublished\":\"2024-03-05T16:44:18+00:00\",\"dateModified\":\"2024-03-05T16:44:20+00:00\",\"description\":\"Munic\u00edpio de Albufeira inaugura nova rotunda na Guia Atualidade\",\"breadcrumb\":{\"@id\":\"https:\\\/\\\/algarve7.pt\\\/index.php\\\/2024\\\/03\\\/municipio-de-albufeira-inaugura-nova-rotunda-na-guia\\\/atualidade\\\/16\\\/44\\\/#breadcrumb\"},\"inLanguage\":\"pt-PT\",\"potentialAction\":[{\"@type\":\"ReadAction\",\"target\":[\"https:\\\/\\\/algarve7.pt\\\/index.php\\\/2024\\\/03\\\/municipio-de-albufeira-inaugura-nova-rotunda-na-guia\\\/atualidade\\\/16\\\/44\\\/\"]}]},{\"@type\":\"ImageObject\",\"inLanguage\":\"pt-PT\",\"@id\":\"https:\\\/\\\/algarve7.pt\\\/index.php\\\/2024\\\/03\\\/municipio-de-albufeira-inaugura-nova-rotunda-na-guia\\\/atualidade\\\/16\\\/44\\\/#primaryimage\",\"url\":\"https:\\\/\\\/algarve7.pt\\\/wp-content\\\/uploads\\\/2024\\\/03\\\/Albufeira-e-Guia-22.jpg\",\"contentUrl\":\"https:\\\/\\\/algarve7.pt\\\/wp-content\\\/uploads\\\/2024\\\/03\\\/Albufeira-e-Guia-22.jpg\",\"width\":1499,\"height\":1000,\"caption\":\"Foto: Jorge Gomes - Click Time Photo\u00ae\u00a9\"},{\"@type\":\"BreadcrumbList\",\"@id\":\"https:\\\/\\\/algarve7.pt\\\/index.php\\\/2024\\\/03\\\/municipio-de-albufeira-inaugura-nova-rotunda-na-guia\\\/atualidade\\\/16\\\/44\\\/#breadcrumb\",\"itemListElement\":[{\"@type\":\"ListItem\",\"position\":1,\"name\":\"In\u00edcio\",\"item\":\"https:\\\/\\\/algarve7.pt\\\/\"},{\"@type\":\"ListItem\",\"position\":2,\"name\":\"Munic\u00edpio de Albufeira inaugura nova rotunda na Guia\"}]},{\"@type\":\"WebSite\",\"@id\":\"https:\\\/\\\/algarve7.pt\\\/#website\",\"url\":\"https:\\\/\\\/algarve7.pt\\\/\",\"name\":\"Algarve 7\",\"description\":\"Informa\u00e7\u00e3o sobre o Algarve\",\"publisher\":{\"@id\":\"https:\\\/\\\/algarve7.pt\\\/#organization\"},\"potentialAction\":[{\"@type\":\"SearchAction\",\"target\":{\"@type\":\"EntryPoint\",\"urlTemplate\":\"https:\\\/\\\/algarve7.pt\\\/?s={search_term_string}\"},\"query-input\":{\"@type\":\"PropertyValueSpecification\",\"valueRequired\":true,\"valueName\":\"search_term_string\"}}],\"inLanguage\":\"pt-PT\"},{\"@type\":\"Organization\",\"@id\":\"https:\\\/\\\/algarve7.pt\\\/#organization\",\"name\":\"Algarve 7\",\"url\":\"https:\\\/\\\/algarve7.pt\\\/\",\"logo\":{\"@type\":\"ImageObject\",\"inLanguage\":\"pt-PT\",\"@id\":\"https:\\\/\\\/algarve7.pt\\\/#\\\/schema\\\/logo\\\/image\\\/\",\"url\":\"https:\\\/\\\/algarve7.pt\\\/wp-content\\\/uploads\\\/2020\\\/10\\\/Logo-8.jpg\",\"contentUrl\":\"https:\\\/\\\/algarve7.pt\\\/wp-content\\\/uploads\\\/2020\\\/10\\\/Logo-8.jpg\",\"width\":1680,\"height\":1186,\"caption\":\"Algarve 7\"},\"image\":{\"@id\":\"https:\\\/\\\/algarve7.pt\\\/#\\\/schema\\\/logo\\\/image\\\/\"},\"sameAs\":[\"https:\\\/\\\/www.facebook.com\\\/algarve7\",\"https:\\\/\\\/x.com\\\/Algarvesete\",\"https:\\\/\\\/www.instagram.com\\\/jornalalgarve7\\\/\",\"https:\\\/\\\/www.linkedin.com\\\/company\\\/algarve7\",\"https:\\\/\\\/www.pinterest.pt\\\/geral0939\\\/_created\\\/\"]},{\"@type\":\"Person\",\"@id\":\"https:\\\/\\\/algarve7.pt\\\/#\\\/schema\\\/person\\\/23fa70681308e7b319a3204bcea45e0c\",\"name\":\"Algarve 7\",\"sameAs\":[\"https:\\\/\\\/algarve7.pt\",\"https:\\\/\\\/www.facebook.com\\\/algarve7\"],\"url\":\"https:\\\/\\\/algarve7.pt\\\/index.php\\\/author\\\/geralalgarve7-pt\\\/\"}]}<\/script>\n<!-- \/ Yoast SEO plugin. -->","yoast_head_json":{"title":"Munic\u00edpio de Albufeira inaugura nova rotunda na Guia - Algarve 7","description":"Munic\u00edpio de Albufeira inaugura nova rotunda na Guia Atualidade","robots":{"index":"index","follow":"follow","max-snippet":"max-snippet:-1","max-image-preview":"max-image-preview:large","max-video-preview":"max-video-preview:-1"},"canonical":"https:\/\/algarve7.pt\/index.php\/2024\/03\/municipio-de-albufeira-inaugura-nova-rotunda-na-guia\/atualidade\/16\/44\/","og_locale":"pt_PT","og_type":"article","og_title":"Munic\u00edpio de Albufeira inaugura nova rotunda na Guia - Algarve 7","og_description":"Munic\u00edpio de Albufeira inaugura nova rotunda na Guia Atualidade","og_url":"https:\/\/algarve7.pt\/index.php\/2024\/03\/municipio-de-albufeira-inaugura-nova-rotunda-na-guia\/atualidade\/16\/44\/","og_site_name":"Algarve 7","article_publisher":"https:\/\/www.facebook.com\/algarve7","article_author":"https:\/\/www.facebook.com\/algarve7","article_published_time":"2024-03-05T16:44:18+00:00","article_modified_time":"2024-03-05T16:44:20+00:00","og_image":[{"width":1499,"height":1000,"url":"https:\/\/algarve7.pt\/wp-content\/uploads\/2024\/03\/Albufeira-e-Guia-22.jpg","type":"image\/jpeg"}],"author":"Algarve 7","twitter_card":"summary_large_image","twitter_creator":"@Algarvesete","twitter_site":"@Algarvesete","twitter_misc":{"Escrito por":"Algarve 7","Tempo estimado de leitura":"3 minutos"},"schema":{"@context":"https:\/\/schema.org","@graph":[{"@type":"Article","@id":"https:\/\/algarve7.pt\/index.php\/2024\/03\/municipio-de-albufeira-inaugura-nova-rotunda-na-guia\/atualidade\/16\/44\/#article","isPartOf":{"@id":"https:\/\/algarve7.pt\/index.php\/2024\/03\/municipio-de-albufeira-inaugura-nova-rotunda-na-guia\/atualidade\/16\/44\/"},"author":{"name":"Algarve 7","@id":"https:\/\/algarve7.pt\/#\/schema\/person\/23fa70681308e7b319a3204bcea45e0c"},"headline":"Munic\u00edpio de Albufeira inaugura nova rotunda na Guia","datePublished":"2024-03-05T16:44:18+00:00","dateModified":"2024-03-05T16:44:20+00:00","mainEntityOfPage":{"@id":"https:\/\/algarve7.pt\/index.php\/2024\/03\/municipio-de-albufeira-inaugura-nova-rotunda-na-guia\/atualidade\/16\/44\/"},"wordCount":429,"publisher":{"@id":"https:\/\/algarve7.pt\/#organization"},"image":{"@id":"https:\/\/algarve7.pt\/index.php\/2024\/03\/municipio-de-albufeira-inaugura-nova-rotunda-na-guia\/atualidade\/16\/44\/#primaryimage"},"thumbnailUrl":"https:\/\/algarve7.pt\/wp-content\/uploads\/2024\/03\/Albufeira-e-Guia-22.jpg","keywords":["Albufeira","Algarve","Atualidade","Guia"],"articleSection":["Atualidade"],"inLanguage":"pt-PT"},{"@type":"WebPage","@id":"https:\/\/algarve7.pt\/index.php\/2024\/03\/municipio-de-albufeira-inaugura-nova-rotunda-na-guia\/atualidade\/16\/44\/","url":"https:\/\/algarve7.pt\/index.php\/2024\/03\/municipio-de-albufeira-inaugura-nova-rotunda-na-guia\/atualidade\/16\/44\/","name":"Munic\u00edpio de Albufeira inaugura nova rotunda na Guia - Algarve 7","isPartOf":{"@id":"https:\/\/algarve7.pt\/#website"},"primaryImageOfPage":{"@id":"https:\/\/algarve7.pt\/index.php\/2024\/03\/municipio-de-albufeira-inaugura-nova-rotunda-na-guia\/atualidade\/16\/44\/#primaryimage"},"image":{"@id":"https:\/\/algarve7.pt\/index.php\/2024\/03\/municipio-de-albufeira-inaugura-nova-rotunda-na-guia\/atualidade\/16\/44\/#primaryimage"},"thumbnailUrl":"https:\/\/algarve7.pt\/wp-content\/uploads\/2024\/03\/Albufeira-e-Guia-22.jpg","datePublished":"2024-03-05T16:44:18+00:00","dateModified":"2024-03-05T16:44:20+00:00","description":"Munic\u00edpio de Albufeira inaugura nova rotunda na Guia Atualidade","breadcrumb":{"@id":"https:\/\/algarve7.pt\/index.php\/2024\/03\/municipio-de-albufeira-inaugura-nova-rotunda-na-guia\/atualidade\/16\/44\/#breadcrumb"},"inLanguage":"pt-PT","potentialAction":[{"@type":"ReadAction","target":["https:\/\/algarve7.pt\/index.php\/2024\/03\/municipio-de-albufeira-inaugura-nova-rotunda-na-guia\/atualidade\/16\/44\/"]}]},{"@type":"ImageObject","inLanguage":"pt-PT","@id":"https:\/\/algarve7.pt\/index.php\/2024\/03\/municipio-de-albufeira-inaugura-nova-rotunda-na-guia\/atualidade\/16\/44\/#primaryimage","url":"https:\/\/algarve7.pt\/wp-content\/uploads\/2024\/03\/Albufeira-e-Guia-22.jpg","contentUrl":"https:\/\/algarve7.pt\/wp-content\/uploads\/2024\/03\/Albufeira-e-Guia-22.jpg","width":1499,"height":1000,"caption":"Foto: Jorge Gomes - Click Time Photo\u00ae\u00a9"},{"@type":"BreadcrumbList","@id":"https:\/\/algarve7.pt\/index.php\/2024\/03\/municipio-de-albufeira-inaugura-nova-rotunda-na-guia\/atualidade\/16\/44\/#breadcrumb","itemListElement":[{"@type":"ListItem","position":1,"name":"In\u00edcio","item":"https:\/\/algarve7.pt\/"},{"@type":"ListItem","position":2,"name":"Munic\u00edpio de Albufeira inaugura nova rotunda na Guia"}]},{"@type":"WebSite","@id":"https:\/\/algarve7.pt\/#website","url":"https:\/\/algarve7.pt\/","name":"Algarve 7","description":"Informa\u00e7\u00e3o sobre o Algarve","publisher":{"@id":"https:\/\/algarve7.pt\/#organization"},"potentialAction":[{"@type":"SearchAction","target":{"@type":"EntryPoint","urlTemplate":"https:\/\/algarve7.pt\/?s={search_term_string}"},"query-input":{"@type":"PropertyValueSpecification","valueRequired":true,"valueName":"search_term_string"}}],"inLanguage":"pt-PT"},{"@type":"Organization","@id":"https:\/\/algarve7.pt\/#organization","name":"Algarve 7","url":"https:\/\/algarve7.pt\/","logo":{"@type":"ImageObject","inLanguage":"pt-PT","@id":"https:\/\/algarve7.pt\/#\/schema\/logo\/image\/","url":"https:\/\/algarve7.pt\/wp-content\/uploads\/2020\/10\/Logo-8.jpg","contentUrl":"https:\/\/algarve7.pt\/wp-content\/uploads\/2020\/10\/Logo-8.jpg","width":1680,"height":1186,"caption":"Algarve 7"},"image":{"@id":"https:\/\/algarve7.pt\/#\/schema\/logo\/image\/"},"sameAs":["https:\/\/www.facebook.com\/algarve7","https:\/\/x.com\/Algarvesete","https:\/\/www.instagram.com\/jornalalgarve7\/","https:\/\/www.linkedin.com\/company\/algarve7","https:\/\/www.pinterest.pt\/geral0939\/_created\/"]},{"@type":"Person","@id":"https:\/\/algarve7.pt\/#\/schema\/person\/23fa70681308e7b319a3204bcea45e0c","name":"Algarve 7","sameAs":["https:\/\/algarve7.pt","https:\/\/www.facebook.com\/algarve7"],"url":"https:\/\/algarve7.pt\/index.php\/author\/geralalgarve7-pt\/"}]}},"jetpack_publicize_connections":[],"jetpack_featured_media_url":"https:\/\/algarve7.pt\/wp-content\/uploads\/2024\/03\/Albufeira-e-Guia-22.jpg","jetpack_shortlink":"https:\/\/wp.me\/pcezmW-9qu","jetpack_sharing_enabled":true,"_links":{"self":[{"href":"https:\/\/algarve7.pt\/index.php\/wp-json\/wp\/v2\/posts\/36238","targetHints":{"allow":["GET"]}}],"collection":[{"href":"https:\/\/algarve7.pt\/index.php\/wp-json\/wp\/v2\/posts"}],"about":[{"href":"https:\/\/algarve7.pt\/index.php\/wp-json\/wp\/v2\/types\/post"}],"author":[{"embeddable":true,"href":"https:\/\/algarve7.pt\/index.php\/wp-json\/wp\/v2\/users\/1"}],"replies":[{"embeddable":true,"href":"https:\/\/algarve7.pt\/index.php\/wp-json\/wp\/v2\/comments?post=36238"}],"version-history":[{"count":0,"href":"https:\/\/algarve7.pt\/index.php\/wp-json\/wp\/v2\/posts\/36238\/revisions"}],"wp:featuredmedia":[{"embeddable":true,"href":"https:\/\/algarve7.pt\/index.php\/wp-json\/wp\/v2\/media\/36239"}],"wp:attachment":[{"href":"https:\/\/algarve7.pt\/index.php\/wp-json\/wp\/v2\/media?parent=36238"}],"wp:term":[{"taxonomy":"category","embeddable":true,"href":"https:\/\/algarve7.pt\/index.php\/wp-json\/wp\/v2\/categories?post=36238"},{"taxonomy":"post_tag","embeddable":true,"href":"https:\/\/algarve7.pt\/index.php\/wp-json\/wp\/v2\/tags?post=36238"}],"curies":[{"name":"wp","href":"https:\/\/api.w.org\/{rel}","templated":true}]}}