{"id":36173,"date":"2024-03-04T17:07:24","date_gmt":"2024-03-04T17:07:24","guid":{"rendered":"https:\/\/algarve7.pt\/?p=36173"},"modified":"2024-03-04T17:07:26","modified_gmt":"2024-03-04T17:07:26","slug":"vila-do-bispo-volta-a-participar-na-festa-da-arribada-em-baiona","status":"publish","type":"post","link":"https:\/\/algarve7.pt\/index.php\/2024\/03\/vila-do-bispo-volta-a-participar-na-festa-da-arribada-em-baiona\/cultura\/17\/07\/","title":{"rendered":"Vila do Bispo volta a participar na Festa da Arribada em Baiona"},"content":{"rendered":"\n<p class=\"wp-block-paragraph\">A convite do alcalde Jes\u00fas V\u00e1zquez Almuin\u00e3 do Ayuntamiento de Baiona, a presidente da C\u00e2mara Municipal de Vila do Bispo, Rute Silva, participou nas comemora\u00e7\u00f5es do &#8220;531\u00ba Aniversario de la Arribada de la Carabela \u201cLa Pinta\u201d&#8221;, que decorreram na cidade de Baiona, em Espanha, de 1 a 3 de mar\u00e7o.<\/p>\n\n\n\n<p class=\"wp-block-paragraph\">A participa\u00e7\u00e3o neste evento, que comemora a chegada da caravela Pinta e o desembarque de Mart\u00edn Alonso Pinz\u00f3n, em Baiona, com as boas-novas da Am\u00e9rica e do Novo Mundo, classificado como de Interesse Tur\u00edstico Internacional, insere-se no \u00e2mbito do acordo de gemina\u00e7\u00e3o celebrado entre Vila do Bispo e Baiona, a 6 de mar\u00e7o de 2009. Este Acordo tem por base a import\u00e2ncia dos v\u00ednculos hist\u00f3ricos relacionados com a epopeia dos Descobrimentos, levados a cabo pelos povos Portugu\u00eas e Espanhol, assim como a forte amizade e os intensos v\u00ednculos culturais galaico-portugueses. Inspirando-se em desejos comuns de paz, amizade e prosperidade, os dois munic\u00edpios assumiram o compromisso de, sob o t\u00edtulo de \u201cpovos irm\u00e3os\u201d, fortalecer as suas rela\u00e7\u00f5es e de cooperar para o desenvolvimento cultural e material dos dois territ\u00f3rios.<\/p>\n\n\n\n<p class=\"wp-block-paragraph\">Rute Silva que se fez acompanhar pelo presidente da Assembleia Municipal de Vila do Bispo, Luciano Rafael, pelos vereadores da C\u00e2mara Municipal, Dora Guerreiro, Dino Louren\u00e7o e Lu\u00eds Paix\u00e3o e pelos presidentes das Juntas de Freguesia de Bar\u00e3o de S\u00e3o Miguel e Budens, Alberto Encarna\u00e7\u00e3o e Ana Cust\u00f3dio, respetivamente, participou em v\u00e1rios atos oficiais, entre os quais se destacam: Missa na Igreja de Santa Mar\u00eda e deposi\u00e7\u00e3o de coroa de flores junto da Cruz de Evangeliza\u00e7\u00e3o de Am\u00e9rica; inaugura\u00e7\u00e3o da&nbsp; exposi\u00e7\u00e3o \u201cEl Gremio de atadores Y cordeleros&#8221;, na Casa del Ayntamiento; inaugura\u00e7\u00e3o da exposi\u00e7\u00e3o \u201cSeguindo o F\u00edo\u201d, no Hospital Santcti Spiritus; rece\u00e7\u00e3o de autoridades convidadas e Grande Desfile Medieval.<\/p>\n\n\n\n<p class=\"wp-block-paragraph\">Al\u00e9m da participa\u00e7\u00e3o em atos protocolares, o munic\u00edpio Vila-bispense esteve presente com um stand no espa\u00e7o de promo\u00e7\u00e3o do Real Mercado Medieval de La Arribada, no qual divulgou um diferenciado pacote de potencialidades tur\u00edsticas, repleto de singularidades naturais e culturais existentes nas paisagens deste extremo sudoeste da Europa.<\/p>\n","protected":false},"excerpt":{"rendered":"<p>A convite do alcalde Jes\u00fas V\u00e1zquez Almuin\u00e3 do Ayuntamiento de Baiona, a presidente da C\u00e2mara Municipal de Vila do Bispo,<\/p>\n","protected":false},"author":1,"featured_media":36174,"comment_status":"closed","ping_status":"open","sticky":false,"template":"","format":"standard","meta":{"colormag_page_container_layout":"default_layout","colormag_page_sidebar_layout":"default_layout","_monsterinsights_skip_tracking":false,"_jetpack_newsletter_access":"","_jetpack_dont_email_post_to_subs":false,"_jetpack_newsletter_tier_id":0,"_jetpack_memberships_contains_paywalled_content":false,"_jetpack_feature_clip_id":0,"_jetpack_memberships_contains_paid_content":false,"footnotes":"","jetpack_publicize_message":"","jetpack_publicize_feature_enabled":true,"jetpack_social_post_already_shared":true,"jetpack_social_options":{"image_generator_settings":{"template":"highway","default_image_id":0,"font":"","enabled":false},"version":2},"jetpack_post_was_ever_published":false},"categories":[14],"tags":[36,35,84],"class_list":["post-36173","post","type-post","status-publish","format-standard","has-post-thumbnail","hentry","category-cultura","tag-algarve","tag-cultura","tag-vila-do-bispo"],"yoast_head":"<!-- This site is optimized with the Yoast SEO plugin v28.4 - https:\/\/yoast.com\/product\/yoast-seo-wordpress\/ -->\n<title>Vila do Bispo volta a participar na Festa da Arribada em Baiona - Algarve 7<\/title>\n<meta name=\"description\" content=\"Vila do Bispo volta a participar na Festa da Arribada em Baiona Cultura\" \/>\n<meta name=\"robots\" content=\"index, follow, max-snippet:-1, max-image-preview:large, max-video-preview:-1\" \/>\n<link rel=\"canonical\" href=\"https:\/\/algarve7.pt\/index.php\/2024\/03\/vila-do-bispo-volta-a-participar-na-festa-da-arribada-em-baiona\/cultura\/17\/07\/\" \/>\n<meta property=\"og:locale\" content=\"pt_PT\" \/>\n<meta property=\"og:type\" content=\"article\" \/>\n<meta property=\"og:title\" content=\"Vila do Bispo volta a participar na Festa da Arribada em Baiona - Algarve 7\" \/>\n<meta property=\"og:description\" content=\"Vila do Bispo volta a participar na Festa da Arribada em Baiona Cultura\" \/>\n<meta property=\"og:url\" content=\"https:\/\/algarve7.pt\/index.php\/2024\/03\/vila-do-bispo-volta-a-participar-na-festa-da-arribada-em-baiona\/cultura\/17\/07\/\" \/>\n<meta property=\"og:site_name\" content=\"Algarve 7\" \/>\n<meta property=\"article:publisher\" content=\"https:\/\/www.facebook.com\/algarve7\" \/>\n<meta property=\"article:author\" content=\"https:\/\/www.facebook.com\/algarve7\" \/>\n<meta property=\"article:published_time\" content=\"2024-03-04T17:07:24+00:00\" \/>\n<meta property=\"article:modified_time\" content=\"2024-03-04T17:07:26+00:00\" \/>\n<meta property=\"og:image\" content=\"https:\/\/algarve7.pt\/wp-content\/uploads\/2024\/03\/3.jpg\" \/>\n\t<meta property=\"og:image:width\" content=\"900\" \/>\n\t<meta property=\"og:image:height\" content=\"675\" \/>\n\t<meta property=\"og:image:type\" content=\"image\/jpeg\" \/>\n<meta name=\"author\" content=\"Algarve 7\" \/>\n<meta name=\"twitter:card\" content=\"summary_large_image\" \/>\n<meta name=\"twitter:creator\" content=\"@Algarvesete\" \/>\n<meta name=\"twitter:site\" content=\"@Algarvesete\" \/>\n<meta name=\"twitter:label1\" content=\"Escrito por\" \/>\n\t<meta name=\"twitter:data1\" content=\"Algarve 7\" \/>\n\t<meta name=\"twitter:label2\" content=\"Tempo estimado de leitura\" \/>\n\t<meta name=\"twitter:data2\" content=\"3 minutos\" \/>\n<script type=\"application\/ld+json\" class=\"yoast-schema-graph\">{\"@context\":\"https:\\\/\\\/schema.org\",\"@graph\":[{\"@type\":\"Article\",\"@id\":\"https:\\\/\\\/algarve7.pt\\\/index.php\\\/2024\\\/03\\\/vila-do-bispo-volta-a-participar-na-festa-da-arribada-em-baiona\\\/cultura\\\/17\\\/07\\\/#article\",\"isPartOf\":{\"@id\":\"https:\\\/\\\/algarve7.pt\\\/index.php\\\/2024\\\/03\\\/vila-do-bispo-volta-a-participar-na-festa-da-arribada-em-baiona\\\/cultura\\\/17\\\/07\\\/\"},\"author\":{\"name\":\"Algarve 7\",\"@id\":\"https:\\\/\\\/algarve7.pt\\\/#\\\/schema\\\/person\\\/23fa70681308e7b319a3204bcea45e0c\"},\"headline\":\"Vila do Bispo volta a participar na Festa da Arribada em Baiona\",\"datePublished\":\"2024-03-04T17:07:24+00:00\",\"dateModified\":\"2024-03-04T17:07:26+00:00\",\"mainEntityOfPage\":{\"@id\":\"https:\\\/\\\/algarve7.pt\\\/index.php\\\/2024\\\/03\\\/vila-do-bispo-volta-a-participar-na-festa-da-arribada-em-baiona\\\/cultura\\\/17\\\/07\\\/\"},\"wordCount\":390,\"publisher\":{\"@id\":\"https:\\\/\\\/algarve7.pt\\\/#organization\"},\"image\":{\"@id\":\"https:\\\/\\\/algarve7.pt\\\/index.php\\\/2024\\\/03\\\/vila-do-bispo-volta-a-participar-na-festa-da-arribada-em-baiona\\\/cultura\\\/17\\\/07\\\/#primaryimage\"},\"thumbnailUrl\":\"https:\\\/\\\/algarve7.pt\\\/wp-content\\\/uploads\\\/2024\\\/03\\\/3.jpg\",\"keywords\":[\"Algarve\",\"Cultura\",\"Vila do Bispo\"],\"articleSection\":[\"Cultura\"],\"inLanguage\":\"pt-PT\"},{\"@type\":\"WebPage\",\"@id\":\"https:\\\/\\\/algarve7.pt\\\/index.php\\\/2024\\\/03\\\/vila-do-bispo-volta-a-participar-na-festa-da-arribada-em-baiona\\\/cultura\\\/17\\\/07\\\/\",\"url\":\"https:\\\/\\\/algarve7.pt\\\/index.php\\\/2024\\\/03\\\/vila-do-bispo-volta-a-participar-na-festa-da-arribada-em-baiona\\\/cultura\\\/17\\\/07\\\/\",\"name\":\"Vila do Bispo volta a participar na Festa da Arribada em Baiona - Algarve 7\",\"isPartOf\":{\"@id\":\"https:\\\/\\\/algarve7.pt\\\/#website\"},\"primaryImageOfPage\":{\"@id\":\"https:\\\/\\\/algarve7.pt\\\/index.php\\\/2024\\\/03\\\/vila-do-bispo-volta-a-participar-na-festa-da-arribada-em-baiona\\\/cultura\\\/17\\\/07\\\/#primaryimage\"},\"image\":{\"@id\":\"https:\\\/\\\/algarve7.pt\\\/index.php\\\/2024\\\/03\\\/vila-do-bispo-volta-a-participar-na-festa-da-arribada-em-baiona\\\/cultura\\\/17\\\/07\\\/#primaryimage\"},\"thumbnailUrl\":\"https:\\\/\\\/algarve7.pt\\\/wp-content\\\/uploads\\\/2024\\\/03\\\/3.jpg\",\"datePublished\":\"2024-03-04T17:07:24+00:00\",\"dateModified\":\"2024-03-04T17:07:26+00:00\",\"description\":\"Vila do Bispo volta a participar na Festa da Arribada em Baiona Cultura\",\"breadcrumb\":{\"@id\":\"https:\\\/\\\/algarve7.pt\\\/index.php\\\/2024\\\/03\\\/vila-do-bispo-volta-a-participar-na-festa-da-arribada-em-baiona\\\/cultura\\\/17\\\/07\\\/#breadcrumb\"},\"inLanguage\":\"pt-PT\",\"potentialAction\":[{\"@type\":\"ReadAction\",\"target\":[\"https:\\\/\\\/algarve7.pt\\\/index.php\\\/2024\\\/03\\\/vila-do-bispo-volta-a-participar-na-festa-da-arribada-em-baiona\\\/cultura\\\/17\\\/07\\\/\"]}]},{\"@type\":\"ImageObject\",\"inLanguage\":\"pt-PT\",\"@id\":\"https:\\\/\\\/algarve7.pt\\\/index.php\\\/2024\\\/03\\\/vila-do-bispo-volta-a-participar-na-festa-da-arribada-em-baiona\\\/cultura\\\/17\\\/07\\\/#primaryimage\",\"url\":\"https:\\\/\\\/algarve7.pt\\\/wp-content\\\/uploads\\\/2024\\\/03\\\/3.jpg\",\"contentUrl\":\"https:\\\/\\\/algarve7.pt\\\/wp-content\\\/uploads\\\/2024\\\/03\\\/3.jpg\",\"width\":900,\"height\":675},{\"@type\":\"BreadcrumbList\",\"@id\":\"https:\\\/\\\/algarve7.pt\\\/index.php\\\/2024\\\/03\\\/vila-do-bispo-volta-a-participar-na-festa-da-arribada-em-baiona\\\/cultura\\\/17\\\/07\\\/#breadcrumb\",\"itemListElement\":[{\"@type\":\"ListItem\",\"position\":1,\"name\":\"In\u00edcio\",\"item\":\"https:\\\/\\\/algarve7.pt\\\/\"},{\"@type\":\"ListItem\",\"position\":2,\"name\":\"Vila do Bispo volta a participar na Festa da Arribada em Baiona\"}]},{\"@type\":\"WebSite\",\"@id\":\"https:\\\/\\\/algarve7.pt\\\/#website\",\"url\":\"https:\\\/\\\/algarve7.pt\\\/\",\"name\":\"Algarve 7\",\"description\":\"Informa\u00e7\u00e3o sobre o Algarve\",\"publisher\":{\"@id\":\"https:\\\/\\\/algarve7.pt\\\/#organization\"},\"potentialAction\":[{\"@type\":\"SearchAction\",\"target\":{\"@type\":\"EntryPoint\",\"urlTemplate\":\"https:\\\/\\\/algarve7.pt\\\/?s={search_term_string}\"},\"query-input\":{\"@type\":\"PropertyValueSpecification\",\"valueRequired\":true,\"valueName\":\"search_term_string\"}}],\"inLanguage\":\"pt-PT\"},{\"@type\":\"Organization\",\"@id\":\"https:\\\/\\\/algarve7.pt\\\/#organization\",\"name\":\"Algarve 7\",\"url\":\"https:\\\/\\\/algarve7.pt\\\/\",\"logo\":{\"@type\":\"ImageObject\",\"inLanguage\":\"pt-PT\",\"@id\":\"https:\\\/\\\/algarve7.pt\\\/#\\\/schema\\\/logo\\\/image\\\/\",\"url\":\"https:\\\/\\\/algarve7.pt\\\/wp-content\\\/uploads\\\/2020\\\/10\\\/Logo-8.jpg\",\"contentUrl\":\"https:\\\/\\\/algarve7.pt\\\/wp-content\\\/uploads\\\/2020\\\/10\\\/Logo-8.jpg\",\"width\":1680,\"height\":1186,\"caption\":\"Algarve 7\"},\"image\":{\"@id\":\"https:\\\/\\\/algarve7.pt\\\/#\\\/schema\\\/logo\\\/image\\\/\"},\"sameAs\":[\"https:\\\/\\\/www.facebook.com\\\/algarve7\",\"https:\\\/\\\/x.com\\\/Algarvesete\",\"https:\\\/\\\/www.instagram.com\\\/jornalalgarve7\\\/\",\"https:\\\/\\\/www.linkedin.com\\\/company\\\/algarve7\",\"https:\\\/\\\/www.pinterest.pt\\\/geral0939\\\/_created\\\/\"]},{\"@type\":\"Person\",\"@id\":\"https:\\\/\\\/algarve7.pt\\\/#\\\/schema\\\/person\\\/23fa70681308e7b319a3204bcea45e0c\",\"name\":\"Algarve 7\",\"sameAs\":[\"https:\\\/\\\/algarve7.pt\",\"https:\\\/\\\/www.facebook.com\\\/algarve7\"],\"url\":\"https:\\\/\\\/algarve7.pt\\\/index.php\\\/author\\\/geralalgarve7-pt\\\/\"}]}<\/script>\n<!-- \/ Yoast SEO plugin. -->","yoast_head_json":{"title":"Vila do Bispo volta a participar na Festa da Arribada em Baiona - Algarve 7","description":"Vila do Bispo volta a participar na Festa da Arribada em Baiona Cultura","robots":{"index":"index","follow":"follow","max-snippet":"max-snippet:-1","max-image-preview":"max-image-preview:large","max-video-preview":"max-video-preview:-1"},"canonical":"https:\/\/algarve7.pt\/index.php\/2024\/03\/vila-do-bispo-volta-a-participar-na-festa-da-arribada-em-baiona\/cultura\/17\/07\/","og_locale":"pt_PT","og_type":"article","og_title":"Vila do Bispo volta a participar na Festa da Arribada em Baiona - Algarve 7","og_description":"Vila do Bispo volta a participar na Festa da Arribada em Baiona Cultura","og_url":"https:\/\/algarve7.pt\/index.php\/2024\/03\/vila-do-bispo-volta-a-participar-na-festa-da-arribada-em-baiona\/cultura\/17\/07\/","og_site_name":"Algarve 7","article_publisher":"https:\/\/www.facebook.com\/algarve7","article_author":"https:\/\/www.facebook.com\/algarve7","article_published_time":"2024-03-04T17:07:24+00:00","article_modified_time":"2024-03-04T17:07:26+00:00","og_image":[{"width":900,"height":675,"url":"https:\/\/algarve7.pt\/wp-content\/uploads\/2024\/03\/3.jpg","type":"image\/jpeg"}],"author":"Algarve 7","twitter_card":"summary_large_image","twitter_creator":"@Algarvesete","twitter_site":"@Algarvesete","twitter_misc":{"Escrito por":"Algarve 7","Tempo estimado de leitura":"3 minutos"},"schema":{"@context":"https:\/\/schema.org","@graph":[{"@type":"Article","@id":"https:\/\/algarve7.pt\/index.php\/2024\/03\/vila-do-bispo-volta-a-participar-na-festa-da-arribada-em-baiona\/cultura\/17\/07\/#article","isPartOf":{"@id":"https:\/\/algarve7.pt\/index.php\/2024\/03\/vila-do-bispo-volta-a-participar-na-festa-da-arribada-em-baiona\/cultura\/17\/07\/"},"author":{"name":"Algarve 7","@id":"https:\/\/algarve7.pt\/#\/schema\/person\/23fa70681308e7b319a3204bcea45e0c"},"headline":"Vila do Bispo volta a participar na Festa da Arribada em Baiona","datePublished":"2024-03-04T17:07:24+00:00","dateModified":"2024-03-04T17:07:26+00:00","mainEntityOfPage":{"@id":"https:\/\/algarve7.pt\/index.php\/2024\/03\/vila-do-bispo-volta-a-participar-na-festa-da-arribada-em-baiona\/cultura\/17\/07\/"},"wordCount":390,"publisher":{"@id":"https:\/\/algarve7.pt\/#organization"},"image":{"@id":"https:\/\/algarve7.pt\/index.php\/2024\/03\/vila-do-bispo-volta-a-participar-na-festa-da-arribada-em-baiona\/cultura\/17\/07\/#primaryimage"},"thumbnailUrl":"https:\/\/algarve7.pt\/wp-content\/uploads\/2024\/03\/3.jpg","keywords":["Algarve","Cultura","Vila do Bispo"],"articleSection":["Cultura"],"inLanguage":"pt-PT"},{"@type":"WebPage","@id":"https:\/\/algarve7.pt\/index.php\/2024\/03\/vila-do-bispo-volta-a-participar-na-festa-da-arribada-em-baiona\/cultura\/17\/07\/","url":"https:\/\/algarve7.pt\/index.php\/2024\/03\/vila-do-bispo-volta-a-participar-na-festa-da-arribada-em-baiona\/cultura\/17\/07\/","name":"Vila do Bispo volta a participar na Festa da Arribada em Baiona - Algarve 7","isPartOf":{"@id":"https:\/\/algarve7.pt\/#website"},"primaryImageOfPage":{"@id":"https:\/\/algarve7.pt\/index.php\/2024\/03\/vila-do-bispo-volta-a-participar-na-festa-da-arribada-em-baiona\/cultura\/17\/07\/#primaryimage"},"image":{"@id":"https:\/\/algarve7.pt\/index.php\/2024\/03\/vila-do-bispo-volta-a-participar-na-festa-da-arribada-em-baiona\/cultura\/17\/07\/#primaryimage"},"thumbnailUrl":"https:\/\/algarve7.pt\/wp-content\/uploads\/2024\/03\/3.jpg","datePublished":"2024-03-04T17:07:24+00:00","dateModified":"2024-03-04T17:07:26+00:00","description":"Vila do Bispo volta a participar na Festa da Arribada em Baiona Cultura","breadcrumb":{"@id":"https:\/\/algarve7.pt\/index.php\/2024\/03\/vila-do-bispo-volta-a-participar-na-festa-da-arribada-em-baiona\/cultura\/17\/07\/#breadcrumb"},"inLanguage":"pt-PT","potentialAction":[{"@type":"ReadAction","target":["https:\/\/algarve7.pt\/index.php\/2024\/03\/vila-do-bispo-volta-a-participar-na-festa-da-arribada-em-baiona\/cultura\/17\/07\/"]}]},{"@type":"ImageObject","inLanguage":"pt-PT","@id":"https:\/\/algarve7.pt\/index.php\/2024\/03\/vila-do-bispo-volta-a-participar-na-festa-da-arribada-em-baiona\/cultura\/17\/07\/#primaryimage","url":"https:\/\/algarve7.pt\/wp-content\/uploads\/2024\/03\/3.jpg","contentUrl":"https:\/\/algarve7.pt\/wp-content\/uploads\/2024\/03\/3.jpg","width":900,"height":675},{"@type":"BreadcrumbList","@id":"https:\/\/algarve7.pt\/index.php\/2024\/03\/vila-do-bispo-volta-a-participar-na-festa-da-arribada-em-baiona\/cultura\/17\/07\/#breadcrumb","itemListElement":[{"@type":"ListItem","position":1,"name":"In\u00edcio","item":"https:\/\/algarve7.pt\/"},{"@type":"ListItem","position":2,"name":"Vila do Bispo volta a participar na Festa da Arribada em Baiona"}]},{"@type":"WebSite","@id":"https:\/\/algarve7.pt\/#website","url":"https:\/\/algarve7.pt\/","name":"Algarve 7","description":"Informa\u00e7\u00e3o sobre o Algarve","publisher":{"@id":"https:\/\/algarve7.pt\/#organization"},"potentialAction":[{"@type":"SearchAction","target":{"@type":"EntryPoint","urlTemplate":"https:\/\/algarve7.pt\/?s={search_term_string}"},"query-input":{"@type":"PropertyValueSpecification","valueRequired":true,"valueName":"search_term_string"}}],"inLanguage":"pt-PT"},{"@type":"Organization","@id":"https:\/\/algarve7.pt\/#organization","name":"Algarve 7","url":"https:\/\/algarve7.pt\/","logo":{"@type":"ImageObject","inLanguage":"pt-PT","@id":"https:\/\/algarve7.pt\/#\/schema\/logo\/image\/","url":"https:\/\/algarve7.pt\/wp-content\/uploads\/2020\/10\/Logo-8.jpg","contentUrl":"https:\/\/algarve7.pt\/wp-content\/uploads\/2020\/10\/Logo-8.jpg","width":1680,"height":1186,"caption":"Algarve 7"},"image":{"@id":"https:\/\/algarve7.pt\/#\/schema\/logo\/image\/"},"sameAs":["https:\/\/www.facebook.com\/algarve7","https:\/\/x.com\/Algarvesete","https:\/\/www.instagram.com\/jornalalgarve7\/","https:\/\/www.linkedin.com\/company\/algarve7","https:\/\/www.pinterest.pt\/geral0939\/_created\/"]},{"@type":"Person","@id":"https:\/\/algarve7.pt\/#\/schema\/person\/23fa70681308e7b319a3204bcea45e0c","name":"Algarve 7","sameAs":["https:\/\/algarve7.pt","https:\/\/www.facebook.com\/algarve7"],"url":"https:\/\/algarve7.pt\/index.php\/author\/geralalgarve7-pt\/"}]}},"jetpack_publicize_connections":[],"jetpack_shortlink":"https:\/\/wp.me\/pcezmW-9pr","jetpack_sharing_enabled":true,"jetpack_featured_media_url":"https:\/\/algarve7.pt\/wp-content\/uploads\/2024\/03\/3.jpg","_links":{"self":[{"href":"https:\/\/algarve7.pt\/index.php\/wp-json\/wp\/v2\/posts\/36173","targetHints":{"allow":["GET"]}}],"collection":[{"href":"https:\/\/algarve7.pt\/index.php\/wp-json\/wp\/v2\/posts"}],"about":[{"href":"https:\/\/algarve7.pt\/index.php\/wp-json\/wp\/v2\/types\/post"}],"author":[{"embeddable":true,"href":"https:\/\/algarve7.pt\/index.php\/wp-json\/wp\/v2\/users\/1"}],"replies":[{"embeddable":true,"href":"https:\/\/algarve7.pt\/index.php\/wp-json\/wp\/v2\/comments?post=36173"}],"version-history":[{"count":0,"href":"https:\/\/algarve7.pt\/index.php\/wp-json\/wp\/v2\/posts\/36173\/revisions"}],"wp:featuredmedia":[{"embeddable":true,"href":"https:\/\/algarve7.pt\/index.php\/wp-json\/wp\/v2\/media\/36174"}],"wp:attachment":[{"href":"https:\/\/algarve7.pt\/index.php\/wp-json\/wp\/v2\/media?parent=36173"}],"wp:term":[{"taxonomy":"category","embeddable":true,"href":"https:\/\/algarve7.pt\/index.php\/wp-json\/wp\/v2\/categories?post=36173"},{"taxonomy":"post_tag","embeddable":true,"href":"https:\/\/algarve7.pt\/index.php\/wp-json\/wp\/v2\/tags?post=36173"}],"curies":[{"name":"wp","href":"https:\/\/api.w.org\/{rel}","templated":true}]}}