{"id":36170,"date":"2024-03-04T16:17:09","date_gmt":"2024-03-04T16:17:09","guid":{"rendered":"https:\/\/algarve7.pt\/?p=36170"},"modified":"2024-03-04T16:17:12","modified_gmt":"2024-03-04T16:17:12","slug":"fundos-europeus-geridos-pelo-cresc-algarve-2020-apoiaram-a-qualificacao-do-patrimonio-cultural-na-regiao","status":"publish","type":"post","link":"https:\/\/algarve7.pt\/index.php\/2024\/03\/fundos-europeus-geridos-pelo-cresc-algarve-2020-apoiaram-a-qualificacao-do-patrimonio-cultural-na-regiao\/cultura\/16\/17\/","title":{"rendered":"Fundos europeus geridos pelo CRESC Algarve 2020 apoiaram a qualifica\u00e7\u00e3o do patrim\u00f3nio cultural na regi\u00e3o"},"content":{"rendered":"\n<p>No final do m\u00eas de fevereiro, o programa Algarve 2020 em fase de encerramento, alcan\u00e7ou os 99,52% de execu\u00e7\u00e3o, com uma taxa de compromisso nos 113,78% (n\u00fameros provis\u00f3rios com dados reportados a dezembro de 2023).&nbsp;<\/p>\n\n\n\n<p>Os investimentos eleg\u00edveis aprovados no CRESC Algarve 2020,&nbsp;na \u00e1rea do Patrim\u00f3nio Natural e Cultural, totalizaram 37,4 Milh\u00f5es de euros de investimento com uma comparticipa\u00e7\u00e3o de fundos europeus de 25,2 Milh\u00f5es de euros (Eixo 4 FEDER).&nbsp;&nbsp;<\/p>\n\n\n\n<p><strong>O projeto de Remodela\u00e7\u00e3o, Moderniza\u00e7\u00e3o e Dinamiza\u00e7\u00e3o do Museu Municipal Dr. Jos\u00e9 Formosinho, com <\/strong><strong>um investimento total eleg\u00edvel de 4.482,570 \u20ac e <\/strong><strong>apoiado em 3.040,197 \u20ac, pelos Fundos Europeus, atrav\u00e9s do Programa Operacional Regional\u202fCRESC Algarve 2020, \u00e9 um dos investimentos em destaque.<\/strong>&nbsp;<\/p>\n\n\n\n<p>As interven\u00e7\u00f5es apoiadas para esta Remodela\u00e7\u00e3o, Amplia\u00e7\u00e3o, Moderniza\u00e7\u00e3o e Dinamiza\u00e7\u00e3o do Museu Municipal Dr. Jos\u00e9 Formosinho, contemplam 2 n\u00facleos: o N\u00facleo Primitivo e o N\u00facleo de Arqueologia que assumem uma l\u00f3gica de conte\u00fados distinta encontrando-se o 1\u00ba conclu\u00eddo e em funcionamento e o 2\u00ba ainda em curso, prevendo-se a abertura em 2 meses com um espa\u00e7o exterior onde foram descobertos vest\u00edgios de um conjunto edificado da cidade (S\u00e9c. XIV\/XV) e a reabilita\u00e7\u00e3o de 2 naves pertencentes \u00e0 antiga cadeia de Lagos (S\u00e9c. XVI), nas quais ser\u00e3o disponibilizados objetos e informa\u00e7\u00e3o que permitir\u00e3o contribuir para a compreens\u00e3o da hist\u00f3ria da cidade.<\/p>\n\n\n\n<p>Esta opera\u00e7\u00e3o, da iniciativa do Munic\u00edpio de Lagos, visou a\u202frequalifica\u00e7\u00e3o de um equipamento estruturante para refor\u00e7ar a qualidade e a diversifica\u00e7\u00e3o da oferta tur\u00edstica regional, funcionando como mobilizador para a atra\u00e7\u00e3o de novos p\u00fablicos para a Regi\u00e3o, prevendo-se um aumento do n\u00famero de visitantes de 5.000 visitantes\/ano.&nbsp;<\/p>\n\n\n\n<p>Ap\u00f3s esta interven\u00e7\u00e3o, o Museu de Lagos Dr. Jos\u00e9 Formosinho, foi galardoado em 2022, pela Associa\u00e7\u00e3o Portuguesa de Museologia, tendo recebido uma men\u00e7\u00e3o honrosa na categoria de \u201cMuseu do Ano\u201d dos pr\u00e9mios da Associa\u00e7\u00e3o Portuguesa de Museologia (APOM), e em 2023, foi nomeado para Museu Europeu do Ano 2023 (EMYA).&nbsp;<\/p>\n\n\n\n<p>Ao pr\u00e9mio EMYA, podem concorrer museus dos 47 pa\u00edses europeus que tenham aberto recentemente ou sido alvo de obras de moderniza\u00e7\u00e3o ou alargamento nos \u00faltimos tr\u00eas anos. Na edi\u00e7\u00e3o do ano anterior, o vencedor foi o MindMuseum, na Holanda.&nbsp;<\/p>\n\n\n\n<p>Estas distin\u00e7\u00f5es reconhecem a qualidade da exposi\u00e7\u00e3o permanente do museu que, ap\u00f3s passar por obras de reabilita\u00e7\u00e3o, apresenta um novo visual, uma nova programa\u00e7\u00e3o dos conte\u00fados, a conserva\u00e7\u00e3o e restauro do acervo e uma valoriza\u00e7\u00e3o da cole\u00e7\u00e3o exposta, que permite dar a conhecer a nossa hist\u00f3ria, cultura, tradi\u00e7\u00f5es e arte.&nbsp;<\/p>\n\n\n\n<p>O <strong>Projeto de Acessibilidades<\/strong> do Museu de Lagos Dr. Jos\u00e9 Formosinho, que contempla a adapta\u00e7\u00e3o a visitantes invisuais e surdos, atrav\u00e9s da implementa\u00e7\u00e3o de \u00e1udio guias descritivos e v\u00eddeos de linguagem gestual entre outras ferramentas, foi tamb\u00e9m merecedor de destaque como finalista nos pr\u00e9mios EXPONE da\u202fAndaluzia, atribu\u00eddos pela AMMA \u2013 Associa\u00e7\u00e3o de Muse\u00f3logos e Muse\u00f3grafos da Andaluzia, para a categoria de Melhor Projeto Expositivo Internacional de entre as mais de 50 candidaturas que integravam participantes de mais de 10 pa\u00edses ibero-americanos.&nbsp;<\/p>\n\n\n\n<p>Meramente honor\u00edficos e de reconhecimento do trabalho profissional, os pr\u00e9mios\u202fEXPONE\u202fdistinguem as boas pr\u00e1ticas e inova\u00e7\u00e3o em museus e exposi\u00e7\u00f5es, premiando projetos inclusivos, acess\u00edveis e sustent\u00e1veis.&nbsp;<\/p>\n\n\n\n<p><strong>O investimento e apoio dos Fundos Europeus no projeto de Remodela\u00e7\u00e3o, Moderniza\u00e7\u00e3o e Dinamiza\u00e7\u00e3o do Museu Municipal Dr. Jos\u00e9 Formosinho, contribuiu para o importante reconhecimento e proje\u00e7\u00e3o do Patrim\u00f3nio Cultural do Algarve.<\/strong>&nbsp;<\/p>\n","protected":false},"excerpt":{"rendered":"<p>No final do m\u00eas de fevereiro, o programa Algarve 2020 em fase de encerramento, alcan\u00e7ou os 99,52% de execu\u00e7\u00e3o, com<\/p>\n","protected":false},"author":1,"featured_media":36171,"comment_status":"closed","ping_status":"open","sticky":false,"template":"","format":"standard","meta":{"colormag_page_container_layout":"default_layout","colormag_page_sidebar_layout":"default_layout","_monsterinsights_skip_tracking":false,"_monsterinsights_sitenote_active":false,"_monsterinsights_sitenote_note":"","_monsterinsights_sitenote_category":0,"jetpack_post_was_ever_published":false,"_jetpack_newsletter_access":"","_jetpack_dont_email_post_to_subs":false,"_jetpack_newsletter_tier_id":0,"_jetpack_memberships_contains_paywalled_content":false,"_jetpack_memberships_contains_paid_content":false,"footnotes":"","jetpack_publicize_message":"","jetpack_publicize_feature_enabled":true,"jetpack_social_post_already_shared":true,"jetpack_social_options":{"image_generator_settings":{"template":"highway","default_image_id":0,"font":"","enabled":false},"version":2}},"categories":[14],"tags":[36,143,288,35],"class_list":["post-36170","post","type-post","status-publish","format-standard","has-post-thumbnail","hentry","category-cultura","tag-algarve","tag-ccdr-algarve","tag-cresc-algarve-2020","tag-cultura"],"yoast_head":"<!-- This site is optimized with the Yoast SEO plugin v27.5 - https:\/\/yoast.com\/product\/yoast-seo-wordpress\/ -->\n<title>Fundos europeus geridos pelo CRESC Algarve 2020 apoiaram a qualifica\u00e7\u00e3o do patrim\u00f3nio cultural na regi\u00e3o - Algarve 7<\/title>\n<meta name=\"description\" content=\"Fundos europeus geridos pelo CRESC Algarve 2020 apoiaram a qualifica\u00e7\u00e3o do patrim\u00f3nio cultural na regi\u00e3o Cultura\" \/>\n<meta name=\"robots\" content=\"index, follow, max-snippet:-1, max-image-preview:large, max-video-preview:-1\" \/>\n<link rel=\"canonical\" href=\"https:\/\/algarve7.pt\/index.php\/2024\/03\/fundos-europeus-geridos-pelo-cresc-algarve-2020-apoiaram-a-qualificacao-do-patrimonio-cultural-na-regiao\/cultura\/16\/17\/\" \/>\n<meta property=\"og:locale\" content=\"pt_PT\" \/>\n<meta property=\"og:type\" content=\"article\" \/>\n<meta property=\"og:title\" content=\"Fundos europeus geridos pelo CRESC Algarve 2020 apoiaram a qualifica\u00e7\u00e3o do patrim\u00f3nio cultural na regi\u00e3o - Algarve 7\" \/>\n<meta property=\"og:description\" content=\"Fundos europeus geridos pelo CRESC Algarve 2020 apoiaram a qualifica\u00e7\u00e3o do patrim\u00f3nio cultural na regi\u00e3o Cultura\" \/>\n<meta property=\"og:url\" content=\"https:\/\/algarve7.pt\/index.php\/2024\/03\/fundos-europeus-geridos-pelo-cresc-algarve-2020-apoiaram-a-qualificacao-do-patrimonio-cultural-na-regiao\/cultura\/16\/17\/\" \/>\n<meta property=\"og:site_name\" content=\"Algarve 7\" \/>\n<meta property=\"article:publisher\" content=\"https:\/\/www.facebook.com\/algarve7\" \/>\n<meta property=\"article:author\" content=\"https:\/\/www.facebook.com\/algarve7\" \/>\n<meta property=\"article:published_time\" content=\"2024-03-04T16:17:09+00:00\" \/>\n<meta property=\"article:modified_time\" content=\"2024-03-04T16:17:12+00:00\" \/>\n<meta property=\"og:image\" content=\"https:\/\/algarve7.pt\/wp-content\/uploads\/2024\/03\/Captura-de-ecra-2024-03-04-as-16.14.10.png\" \/>\n\t<meta property=\"og:image:width\" content=\"900\" \/>\n\t<meta property=\"og:image:height\" content=\"560\" \/>\n\t<meta property=\"og:image:type\" content=\"image\/png\" \/>\n<meta name=\"author\" content=\"Algarve 7\" \/>\n<meta name=\"twitter:card\" content=\"summary_large_image\" \/>\n<meta name=\"twitter:creator\" content=\"@Algarvesete\" \/>\n<meta name=\"twitter:site\" content=\"@Algarvesete\" \/>\n<meta name=\"twitter:label1\" content=\"Escrito por\" \/>\n\t<meta name=\"twitter:data1\" content=\"Algarve 7\" \/>\n\t<meta name=\"twitter:label2\" content=\"Tempo estimado de leitura\" \/>\n\t<meta name=\"twitter:data2\" content=\"4 minutos\" \/>\n<script type=\"application\/ld+json\" class=\"yoast-schema-graph\">{\"@context\":\"https:\\\/\\\/schema.org\",\"@graph\":[{\"@type\":\"Article\",\"@id\":\"https:\\\/\\\/algarve7.pt\\\/index.php\\\/2024\\\/03\\\/fundos-europeus-geridos-pelo-cresc-algarve-2020-apoiaram-a-qualificacao-do-patrimonio-cultural-na-regiao\\\/cultura\\\/16\\\/17\\\/#article\",\"isPartOf\":{\"@id\":\"https:\\\/\\\/algarve7.pt\\\/index.php\\\/2024\\\/03\\\/fundos-europeus-geridos-pelo-cresc-algarve-2020-apoiaram-a-qualificacao-do-patrimonio-cultural-na-regiao\\\/cultura\\\/16\\\/17\\\/\"},\"author\":{\"name\":\"Algarve 7\",\"@id\":\"https:\\\/\\\/algarve7.pt\\\/#\\\/schema\\\/person\\\/23fa70681308e7b319a3204bcea45e0c\"},\"headline\":\"Fundos europeus geridos pelo CRESC Algarve 2020 apoiaram a qualifica\u00e7\u00e3o do patrim\u00f3nio cultural na regi\u00e3o\",\"datePublished\":\"2024-03-04T16:17:09+00:00\",\"dateModified\":\"2024-03-04T16:17:12+00:00\",\"mainEntityOfPage\":{\"@id\":\"https:\\\/\\\/algarve7.pt\\\/index.php\\\/2024\\\/03\\\/fundos-europeus-geridos-pelo-cresc-algarve-2020-apoiaram-a-qualificacao-do-patrimonio-cultural-na-regiao\\\/cultura\\\/16\\\/17\\\/\"},\"wordCount\":636,\"publisher\":{\"@id\":\"https:\\\/\\\/algarve7.pt\\\/#organization\"},\"image\":{\"@id\":\"https:\\\/\\\/algarve7.pt\\\/index.php\\\/2024\\\/03\\\/fundos-europeus-geridos-pelo-cresc-algarve-2020-apoiaram-a-qualificacao-do-patrimonio-cultural-na-regiao\\\/cultura\\\/16\\\/17\\\/#primaryimage\"},\"thumbnailUrl\":\"https:\\\/\\\/algarve7.pt\\\/wp-content\\\/uploads\\\/2024\\\/03\\\/Captura-de-ecra-2024-03-04-as-16.14.10.png\",\"keywords\":[\"Algarve\",\"CCDR Algarve\",\"CRESC ALGARVE 2020\",\"Cultura\"],\"articleSection\":[\"Cultura\"],\"inLanguage\":\"pt-PT\"},{\"@type\":\"WebPage\",\"@id\":\"https:\\\/\\\/algarve7.pt\\\/index.php\\\/2024\\\/03\\\/fundos-europeus-geridos-pelo-cresc-algarve-2020-apoiaram-a-qualificacao-do-patrimonio-cultural-na-regiao\\\/cultura\\\/16\\\/17\\\/\",\"url\":\"https:\\\/\\\/algarve7.pt\\\/index.php\\\/2024\\\/03\\\/fundos-europeus-geridos-pelo-cresc-algarve-2020-apoiaram-a-qualificacao-do-patrimonio-cultural-na-regiao\\\/cultura\\\/16\\\/17\\\/\",\"name\":\"Fundos europeus geridos pelo CRESC Algarve 2020 apoiaram a qualifica\u00e7\u00e3o do patrim\u00f3nio cultural na regi\u00e3o - Algarve 7\",\"isPartOf\":{\"@id\":\"https:\\\/\\\/algarve7.pt\\\/#website\"},\"primaryImageOfPage\":{\"@id\":\"https:\\\/\\\/algarve7.pt\\\/index.php\\\/2024\\\/03\\\/fundos-europeus-geridos-pelo-cresc-algarve-2020-apoiaram-a-qualificacao-do-patrimonio-cultural-na-regiao\\\/cultura\\\/16\\\/17\\\/#primaryimage\"},\"image\":{\"@id\":\"https:\\\/\\\/algarve7.pt\\\/index.php\\\/2024\\\/03\\\/fundos-europeus-geridos-pelo-cresc-algarve-2020-apoiaram-a-qualificacao-do-patrimonio-cultural-na-regiao\\\/cultura\\\/16\\\/17\\\/#primaryimage\"},\"thumbnailUrl\":\"https:\\\/\\\/algarve7.pt\\\/wp-content\\\/uploads\\\/2024\\\/03\\\/Captura-de-ecra-2024-03-04-as-16.14.10.png\",\"datePublished\":\"2024-03-04T16:17:09+00:00\",\"dateModified\":\"2024-03-04T16:17:12+00:00\",\"description\":\"Fundos europeus geridos pelo CRESC Algarve 2020 apoiaram a qualifica\u00e7\u00e3o do patrim\u00f3nio cultural na regi\u00e3o Cultura\",\"breadcrumb\":{\"@id\":\"https:\\\/\\\/algarve7.pt\\\/index.php\\\/2024\\\/03\\\/fundos-europeus-geridos-pelo-cresc-algarve-2020-apoiaram-a-qualificacao-do-patrimonio-cultural-na-regiao\\\/cultura\\\/16\\\/17\\\/#breadcrumb\"},\"inLanguage\":\"pt-PT\",\"potentialAction\":[{\"@type\":\"ReadAction\",\"target\":[\"https:\\\/\\\/algarve7.pt\\\/index.php\\\/2024\\\/03\\\/fundos-europeus-geridos-pelo-cresc-algarve-2020-apoiaram-a-qualificacao-do-patrimonio-cultural-na-regiao\\\/cultura\\\/16\\\/17\\\/\"]}]},{\"@type\":\"ImageObject\",\"inLanguage\":\"pt-PT\",\"@id\":\"https:\\\/\\\/algarve7.pt\\\/index.php\\\/2024\\\/03\\\/fundos-europeus-geridos-pelo-cresc-algarve-2020-apoiaram-a-qualificacao-do-patrimonio-cultural-na-regiao\\\/cultura\\\/16\\\/17\\\/#primaryimage\",\"url\":\"https:\\\/\\\/algarve7.pt\\\/wp-content\\\/uploads\\\/2024\\\/03\\\/Captura-de-ecra-2024-03-04-as-16.14.10.png\",\"contentUrl\":\"https:\\\/\\\/algarve7.pt\\\/wp-content\\\/uploads\\\/2024\\\/03\\\/Captura-de-ecra-2024-03-04-as-16.14.10.png\",\"width\":900,\"height\":560},{\"@type\":\"BreadcrumbList\",\"@id\":\"https:\\\/\\\/algarve7.pt\\\/index.php\\\/2024\\\/03\\\/fundos-europeus-geridos-pelo-cresc-algarve-2020-apoiaram-a-qualificacao-do-patrimonio-cultural-na-regiao\\\/cultura\\\/16\\\/17\\\/#breadcrumb\",\"itemListElement\":[{\"@type\":\"ListItem\",\"position\":1,\"name\":\"In\u00edcio\",\"item\":\"https:\\\/\\\/algarve7.pt\\\/\"},{\"@type\":\"ListItem\",\"position\":2,\"name\":\"Fundos europeus geridos pelo CRESC Algarve 2020 apoiaram a qualifica\u00e7\u00e3o do patrim\u00f3nio cultural na regi\u00e3o\"}]},{\"@type\":\"WebSite\",\"@id\":\"https:\\\/\\\/algarve7.pt\\\/#website\",\"url\":\"https:\\\/\\\/algarve7.pt\\\/\",\"name\":\"Algarve 7\",\"description\":\"Informa\u00e7\u00e3o sobre o Algarve\",\"publisher\":{\"@id\":\"https:\\\/\\\/algarve7.pt\\\/#organization\"},\"potentialAction\":[{\"@type\":\"SearchAction\",\"target\":{\"@type\":\"EntryPoint\",\"urlTemplate\":\"https:\\\/\\\/algarve7.pt\\\/?s={search_term_string}\"},\"query-input\":{\"@type\":\"PropertyValueSpecification\",\"valueRequired\":true,\"valueName\":\"search_term_string\"}}],\"inLanguage\":\"pt-PT\"},{\"@type\":\"Organization\",\"@id\":\"https:\\\/\\\/algarve7.pt\\\/#organization\",\"name\":\"Algarve 7\",\"url\":\"https:\\\/\\\/algarve7.pt\\\/\",\"logo\":{\"@type\":\"ImageObject\",\"inLanguage\":\"pt-PT\",\"@id\":\"https:\\\/\\\/algarve7.pt\\\/#\\\/schema\\\/logo\\\/image\\\/\",\"url\":\"https:\\\/\\\/algarve7.pt\\\/wp-content\\\/uploads\\\/2020\\\/10\\\/Logo-8.jpg\",\"contentUrl\":\"https:\\\/\\\/algarve7.pt\\\/wp-content\\\/uploads\\\/2020\\\/10\\\/Logo-8.jpg\",\"width\":1680,\"height\":1186,\"caption\":\"Algarve 7\"},\"image\":{\"@id\":\"https:\\\/\\\/algarve7.pt\\\/#\\\/schema\\\/logo\\\/image\\\/\"},\"sameAs\":[\"https:\\\/\\\/www.facebook.com\\\/algarve7\",\"https:\\\/\\\/x.com\\\/Algarvesete\",\"https:\\\/\\\/www.instagram.com\\\/jornalalgarve7\\\/\",\"https:\\\/\\\/www.linkedin.com\\\/company\\\/algarve7\",\"https:\\\/\\\/www.pinterest.pt\\\/geral0939\\\/_created\\\/\"]},{\"@type\":\"Person\",\"@id\":\"https:\\\/\\\/algarve7.pt\\\/#\\\/schema\\\/person\\\/23fa70681308e7b319a3204bcea45e0c\",\"name\":\"Algarve 7\",\"sameAs\":[\"https:\\\/\\\/algarve7.pt\",\"https:\\\/\\\/www.facebook.com\\\/algarve7\"],\"url\":\"https:\\\/\\\/algarve7.pt\\\/index.php\\\/author\\\/geralalgarve7-pt\\\/\"}]}<\/script>\n<!-- \/ Yoast SEO plugin. -->","yoast_head_json":{"title":"Fundos europeus geridos pelo CRESC Algarve 2020 apoiaram a qualifica\u00e7\u00e3o do patrim\u00f3nio cultural na regi\u00e3o - Algarve 7","description":"Fundos europeus geridos pelo CRESC Algarve 2020 apoiaram a qualifica\u00e7\u00e3o do patrim\u00f3nio cultural na regi\u00e3o Cultura","robots":{"index":"index","follow":"follow","max-snippet":"max-snippet:-1","max-image-preview":"max-image-preview:large","max-video-preview":"max-video-preview:-1"},"canonical":"https:\/\/algarve7.pt\/index.php\/2024\/03\/fundos-europeus-geridos-pelo-cresc-algarve-2020-apoiaram-a-qualificacao-do-patrimonio-cultural-na-regiao\/cultura\/16\/17\/","og_locale":"pt_PT","og_type":"article","og_title":"Fundos europeus geridos pelo CRESC Algarve 2020 apoiaram a qualifica\u00e7\u00e3o do patrim\u00f3nio cultural na regi\u00e3o - Algarve 7","og_description":"Fundos europeus geridos pelo CRESC Algarve 2020 apoiaram a qualifica\u00e7\u00e3o do patrim\u00f3nio cultural na regi\u00e3o Cultura","og_url":"https:\/\/algarve7.pt\/index.php\/2024\/03\/fundos-europeus-geridos-pelo-cresc-algarve-2020-apoiaram-a-qualificacao-do-patrimonio-cultural-na-regiao\/cultura\/16\/17\/","og_site_name":"Algarve 7","article_publisher":"https:\/\/www.facebook.com\/algarve7","article_author":"https:\/\/www.facebook.com\/algarve7","article_published_time":"2024-03-04T16:17:09+00:00","article_modified_time":"2024-03-04T16:17:12+00:00","og_image":[{"width":900,"height":560,"url":"https:\/\/algarve7.pt\/wp-content\/uploads\/2024\/03\/Captura-de-ecra-2024-03-04-as-16.14.10.png","type":"image\/png"}],"author":"Algarve 7","twitter_card":"summary_large_image","twitter_creator":"@Algarvesete","twitter_site":"@Algarvesete","twitter_misc":{"Escrito por":"Algarve 7","Tempo estimado de leitura":"4 minutos"},"schema":{"@context":"https:\/\/schema.org","@graph":[{"@type":"Article","@id":"https:\/\/algarve7.pt\/index.php\/2024\/03\/fundos-europeus-geridos-pelo-cresc-algarve-2020-apoiaram-a-qualificacao-do-patrimonio-cultural-na-regiao\/cultura\/16\/17\/#article","isPartOf":{"@id":"https:\/\/algarve7.pt\/index.php\/2024\/03\/fundos-europeus-geridos-pelo-cresc-algarve-2020-apoiaram-a-qualificacao-do-patrimonio-cultural-na-regiao\/cultura\/16\/17\/"},"author":{"name":"Algarve 7","@id":"https:\/\/algarve7.pt\/#\/schema\/person\/23fa70681308e7b319a3204bcea45e0c"},"headline":"Fundos europeus geridos pelo CRESC Algarve 2020 apoiaram a qualifica\u00e7\u00e3o do patrim\u00f3nio cultural na regi\u00e3o","datePublished":"2024-03-04T16:17:09+00:00","dateModified":"2024-03-04T16:17:12+00:00","mainEntityOfPage":{"@id":"https:\/\/algarve7.pt\/index.php\/2024\/03\/fundos-europeus-geridos-pelo-cresc-algarve-2020-apoiaram-a-qualificacao-do-patrimonio-cultural-na-regiao\/cultura\/16\/17\/"},"wordCount":636,"publisher":{"@id":"https:\/\/algarve7.pt\/#organization"},"image":{"@id":"https:\/\/algarve7.pt\/index.php\/2024\/03\/fundos-europeus-geridos-pelo-cresc-algarve-2020-apoiaram-a-qualificacao-do-patrimonio-cultural-na-regiao\/cultura\/16\/17\/#primaryimage"},"thumbnailUrl":"https:\/\/algarve7.pt\/wp-content\/uploads\/2024\/03\/Captura-de-ecra-2024-03-04-as-16.14.10.png","keywords":["Algarve","CCDR Algarve","CRESC ALGARVE 2020","Cultura"],"articleSection":["Cultura"],"inLanguage":"pt-PT"},{"@type":"WebPage","@id":"https:\/\/algarve7.pt\/index.php\/2024\/03\/fundos-europeus-geridos-pelo-cresc-algarve-2020-apoiaram-a-qualificacao-do-patrimonio-cultural-na-regiao\/cultura\/16\/17\/","url":"https:\/\/algarve7.pt\/index.php\/2024\/03\/fundos-europeus-geridos-pelo-cresc-algarve-2020-apoiaram-a-qualificacao-do-patrimonio-cultural-na-regiao\/cultura\/16\/17\/","name":"Fundos europeus geridos pelo CRESC Algarve 2020 apoiaram a qualifica\u00e7\u00e3o do patrim\u00f3nio cultural na regi\u00e3o - Algarve 7","isPartOf":{"@id":"https:\/\/algarve7.pt\/#website"},"primaryImageOfPage":{"@id":"https:\/\/algarve7.pt\/index.php\/2024\/03\/fundos-europeus-geridos-pelo-cresc-algarve-2020-apoiaram-a-qualificacao-do-patrimonio-cultural-na-regiao\/cultura\/16\/17\/#primaryimage"},"image":{"@id":"https:\/\/algarve7.pt\/index.php\/2024\/03\/fundos-europeus-geridos-pelo-cresc-algarve-2020-apoiaram-a-qualificacao-do-patrimonio-cultural-na-regiao\/cultura\/16\/17\/#primaryimage"},"thumbnailUrl":"https:\/\/algarve7.pt\/wp-content\/uploads\/2024\/03\/Captura-de-ecra-2024-03-04-as-16.14.10.png","datePublished":"2024-03-04T16:17:09+00:00","dateModified":"2024-03-04T16:17:12+00:00","description":"Fundos europeus geridos pelo CRESC Algarve 2020 apoiaram a qualifica\u00e7\u00e3o do patrim\u00f3nio cultural na regi\u00e3o Cultura","breadcrumb":{"@id":"https:\/\/algarve7.pt\/index.php\/2024\/03\/fundos-europeus-geridos-pelo-cresc-algarve-2020-apoiaram-a-qualificacao-do-patrimonio-cultural-na-regiao\/cultura\/16\/17\/#breadcrumb"},"inLanguage":"pt-PT","potentialAction":[{"@type":"ReadAction","target":["https:\/\/algarve7.pt\/index.php\/2024\/03\/fundos-europeus-geridos-pelo-cresc-algarve-2020-apoiaram-a-qualificacao-do-patrimonio-cultural-na-regiao\/cultura\/16\/17\/"]}]},{"@type":"ImageObject","inLanguage":"pt-PT","@id":"https:\/\/algarve7.pt\/index.php\/2024\/03\/fundos-europeus-geridos-pelo-cresc-algarve-2020-apoiaram-a-qualificacao-do-patrimonio-cultural-na-regiao\/cultura\/16\/17\/#primaryimage","url":"https:\/\/algarve7.pt\/wp-content\/uploads\/2024\/03\/Captura-de-ecra-2024-03-04-as-16.14.10.png","contentUrl":"https:\/\/algarve7.pt\/wp-content\/uploads\/2024\/03\/Captura-de-ecra-2024-03-04-as-16.14.10.png","width":900,"height":560},{"@type":"BreadcrumbList","@id":"https:\/\/algarve7.pt\/index.php\/2024\/03\/fundos-europeus-geridos-pelo-cresc-algarve-2020-apoiaram-a-qualificacao-do-patrimonio-cultural-na-regiao\/cultura\/16\/17\/#breadcrumb","itemListElement":[{"@type":"ListItem","position":1,"name":"In\u00edcio","item":"https:\/\/algarve7.pt\/"},{"@type":"ListItem","position":2,"name":"Fundos europeus geridos pelo CRESC Algarve 2020 apoiaram a qualifica\u00e7\u00e3o do patrim\u00f3nio cultural na regi\u00e3o"}]},{"@type":"WebSite","@id":"https:\/\/algarve7.pt\/#website","url":"https:\/\/algarve7.pt\/","name":"Algarve 7","description":"Informa\u00e7\u00e3o sobre o Algarve","publisher":{"@id":"https:\/\/algarve7.pt\/#organization"},"potentialAction":[{"@type":"SearchAction","target":{"@type":"EntryPoint","urlTemplate":"https:\/\/algarve7.pt\/?s={search_term_string}"},"query-input":{"@type":"PropertyValueSpecification","valueRequired":true,"valueName":"search_term_string"}}],"inLanguage":"pt-PT"},{"@type":"Organization","@id":"https:\/\/algarve7.pt\/#organization","name":"Algarve 7","url":"https:\/\/algarve7.pt\/","logo":{"@type":"ImageObject","inLanguage":"pt-PT","@id":"https:\/\/algarve7.pt\/#\/schema\/logo\/image\/","url":"https:\/\/algarve7.pt\/wp-content\/uploads\/2020\/10\/Logo-8.jpg","contentUrl":"https:\/\/algarve7.pt\/wp-content\/uploads\/2020\/10\/Logo-8.jpg","width":1680,"height":1186,"caption":"Algarve 7"},"image":{"@id":"https:\/\/algarve7.pt\/#\/schema\/logo\/image\/"},"sameAs":["https:\/\/www.facebook.com\/algarve7","https:\/\/x.com\/Algarvesete","https:\/\/www.instagram.com\/jornalalgarve7\/","https:\/\/www.linkedin.com\/company\/algarve7","https:\/\/www.pinterest.pt\/geral0939\/_created\/"]},{"@type":"Person","@id":"https:\/\/algarve7.pt\/#\/schema\/person\/23fa70681308e7b319a3204bcea45e0c","name":"Algarve 7","sameAs":["https:\/\/algarve7.pt","https:\/\/www.facebook.com\/algarve7"],"url":"https:\/\/algarve7.pt\/index.php\/author\/geralalgarve7-pt\/"}]}},"jetpack_publicize_connections":[],"jetpack_featured_media_url":"https:\/\/algarve7.pt\/wp-content\/uploads\/2024\/03\/Captura-de-ecra-2024-03-04-as-16.14.10.png","jetpack_shortlink":"https:\/\/wp.me\/pcezmW-9po","jetpack_sharing_enabled":true,"_links":{"self":[{"href":"https:\/\/algarve7.pt\/index.php\/wp-json\/wp\/v2\/posts\/36170","targetHints":{"allow":["GET"]}}],"collection":[{"href":"https:\/\/algarve7.pt\/index.php\/wp-json\/wp\/v2\/posts"}],"about":[{"href":"https:\/\/algarve7.pt\/index.php\/wp-json\/wp\/v2\/types\/post"}],"author":[{"embeddable":true,"href":"https:\/\/algarve7.pt\/index.php\/wp-json\/wp\/v2\/users\/1"}],"replies":[{"embeddable":true,"href":"https:\/\/algarve7.pt\/index.php\/wp-json\/wp\/v2\/comments?post=36170"}],"version-history":[{"count":0,"href":"https:\/\/algarve7.pt\/index.php\/wp-json\/wp\/v2\/posts\/36170\/revisions"}],"wp:featuredmedia":[{"embeddable":true,"href":"https:\/\/algarve7.pt\/index.php\/wp-json\/wp\/v2\/media\/36171"}],"wp:attachment":[{"href":"https:\/\/algarve7.pt\/index.php\/wp-json\/wp\/v2\/media?parent=36170"}],"wp:term":[{"taxonomy":"category","embeddable":true,"href":"https:\/\/algarve7.pt\/index.php\/wp-json\/wp\/v2\/categories?post=36170"},{"taxonomy":"post_tag","embeddable":true,"href":"https:\/\/algarve7.pt\/index.php\/wp-json\/wp\/v2\/tags?post=36170"}],"curies":[{"name":"wp","href":"https:\/\/api.w.org\/{rel}","templated":true}]}}