{"id":36165,"date":"2024-03-04T13:50:00","date_gmt":"2024-03-04T13:50:00","guid":{"rendered":"https:\/\/algarve7.pt\/?p=36165"},"modified":"2024-03-04T13:03:41","modified_gmt":"2024-03-04T13:03:41","slug":"algarve-biomedical-center-da-ualg-organiza-marcha-pelas-ataxias","status":"publish","type":"post","link":"https:\/\/algarve7.pt\/index.php\/2024\/03\/algarve-biomedical-center-da-ualg-organiza-marcha-pelas-ataxias\/saude\/13\/50\/","title":{"rendered":"Algarve Biomedical Center da UAlg organiza \u201cMarcha pelas Ataxias\u201d"},"content":{"rendered":"\n<p><strong>O Algarve Biomedical Center (ABC-RI), centro de investiga\u00e7\u00e3o da Universidade do Algarve organiza, no pr\u00f3ximo dia 17 de mar\u00e7o, uma marcha solid\u00e1ria pelas doen\u00e7as do movimento \u2013 a \u201cMarcha pelas Ataxias\u201d.<\/strong><\/p>\n\n\n\n<p>O evento, organizado pelo grupo de investiga\u00e7\u00e3o de Cl\u00e9vio N\u00f3brega, l\u00edder do laborat\u00f3rio de Neuroci\u00eancia Molecular e Terapia G\u00e9nica, \u00e9 aberto a toda a comunidade e conta com um percurso de 6 km, tendo in\u00edcio no&nbsp;<em>Campus&nbsp;<\/em>de Gambelas da Universidade do Algarve pelas 09h30.<\/p>\n\n\n\n<p>Com esta iniciativa de cariz solid\u00e1rio, pretende-se a sensibiliza\u00e7\u00e3o para doen\u00e7as raras, incur\u00e1veis e neurodegenerativas que afetam o movimento, nomeadamente a SCA2 e a SCA3 ou a Doen\u00e7a de Machado-Joseph. Um dos sintomas que estas doen\u00e7as t\u00eam em comum \u00e9 a ataxia. Este sintoma refere-se \u00e0 falta de coordena\u00e7\u00e3o de movimento em diferentes partes do corpo, que conduz a consequ\u00eancias como falta de equil\u00edbrio, dificuldade em pegar objetos, engolir e falar, entre outros.<\/p>\n\n\n\n<p>Os fundos angariados com a \u201cMarcha pelas Ataxias\u201d ir\u00e3o reverter na sua totalidade para o apoio a duas associa\u00e7\u00f5es sem fins lucrativos: a Associa\u00e7\u00e3o Portuguesa de Ataxias Heredit\u00e1rias (APAHE) e a Associa\u00e7\u00e3o Atl\u00e2ntica de Apoio aos Doentes de Machado Joseph.<\/p>\n\n\n\n<p>As inscri\u00e7\u00f5es nesta caminhada t\u00eam um custo de 5\u20ac para crian\u00e7as (dos 5 anos aos 18 anos) e estudantes (incluindo estudantes do ensino superior) e de 10\u20ac para a restante comunidade e estar\u00e3o abertas at\u00e9 ao pr\u00f3ximo dia 8 de mar\u00e7o, sendo de carater obrigat\u00f3rio.&nbsp;<\/p>\n\n\n\n<p>Cada participante estar\u00e1 coberto por um seguro de acidentes pessoais e de responsabilidade civil ter\u00e1 direito a um kit de participante na caminhada que incluir\u00e1 uma t-shirt alusiva ao evento.<\/p>\n\n\n\n<p><strong>Inscri\u00e7\u00f5es em:&nbsp;<\/strong><a href=\"https:\/\/acorrer.pt\/eventos\/info\/3432\" target=\"_blank\" rel=\"noreferrer noopener\">https:\/\/acorrer.pt\/eventos\/info\/3432<\/a><\/p>\n","protected":false},"excerpt":{"rendered":"<p>O Algarve Biomedical Center (ABC-RI), centro de investiga\u00e7\u00e3o da Universidade do Algarve organiza, no pr\u00f3ximo dia 17 de mar\u00e7o, uma<\/p>\n","protected":false},"author":1,"featured_media":36166,"comment_status":"closed","ping_status":"open","sticky":false,"template":"","format":"standard","meta":{"colormag_page_container_layout":"default_layout","colormag_page_sidebar_layout":"default_layout","_monsterinsights_skip_tracking":false,"_monsterinsights_sitenote_active":false,"_monsterinsights_sitenote_note":"","_monsterinsights_sitenote_category":0,"jetpack_post_was_ever_published":false,"_jetpack_newsletter_access":"","_jetpack_dont_email_post_to_subs":false,"_jetpack_newsletter_tier_id":0,"_jetpack_memberships_contains_paywalled_content":false,"_jetpack_memberships_contains_paid_content":false,"footnotes":"","jetpack_publicize_message":"","jetpack_publicize_feature_enabled":true,"jetpack_social_post_already_shared":true,"jetpack_social_options":{"image_generator_settings":{"template":"highway","default_image_id":0,"font":"","enabled":false},"version":2}},"categories":[59],"tags":[132,36,58,182],"class_list":["post-36165","post","type-post","status-publish","format-standard","has-post-thumbnail","hentry","category-saude","tag-abc","tag-algarve","tag-saude","tag-ualg"],"yoast_head":"<!-- This site is optimized with the Yoast SEO plugin v27.5 - https:\/\/yoast.com\/product\/yoast-seo-wordpress\/ -->\n<title>Algarve Biomedical Center da UAlg organiza \u201cMarcha pelas Ataxias\u201d - Algarve 7<\/title>\n<meta name=\"description\" content=\"Algarve Biomedical Center da UAlg organiza \u201cMarcha pelas Ataxias\u201d Sa\u00fade\" \/>\n<meta name=\"robots\" content=\"index, follow, max-snippet:-1, max-image-preview:large, max-video-preview:-1\" \/>\n<link rel=\"canonical\" href=\"https:\/\/algarve7.pt\/index.php\/2024\/03\/algarve-biomedical-center-da-ualg-organiza-marcha-pelas-ataxias\/saude\/13\/50\/\" \/>\n<meta property=\"og:locale\" content=\"pt_PT\" \/>\n<meta property=\"og:type\" content=\"article\" \/>\n<meta property=\"og:title\" content=\"Algarve Biomedical Center da UAlg organiza \u201cMarcha pelas Ataxias\u201d - Algarve 7\" \/>\n<meta property=\"og:description\" content=\"Algarve Biomedical Center da UAlg organiza \u201cMarcha pelas Ataxias\u201d Sa\u00fade\" \/>\n<meta property=\"og:url\" content=\"https:\/\/algarve7.pt\/index.php\/2024\/03\/algarve-biomedical-center-da-ualg-organiza-marcha-pelas-ataxias\/saude\/13\/50\/\" \/>\n<meta property=\"og:site_name\" content=\"Algarve 7\" \/>\n<meta property=\"article:publisher\" content=\"https:\/\/www.facebook.com\/algarve7\" \/>\n<meta property=\"article:author\" content=\"https:\/\/www.facebook.com\/algarve7\" \/>\n<meta property=\"article:published_time\" content=\"2024-03-04T13:50:00+00:00\" \/>\n<meta property=\"og:image\" content=\"https:\/\/algarve7.pt\/wp-content\/uploads\/2024\/03\/primage_72650.png\" \/>\n\t<meta property=\"og:image:width\" content=\"900\" \/>\n\t<meta property=\"og:image:height\" content=\"600\" \/>\n\t<meta property=\"og:image:type\" content=\"image\/png\" \/>\n<meta name=\"author\" content=\"Algarve 7\" \/>\n<meta name=\"twitter:card\" content=\"summary_large_image\" \/>\n<meta name=\"twitter:creator\" content=\"@Algarvesete\" \/>\n<meta name=\"twitter:site\" content=\"@Algarvesete\" \/>\n<meta name=\"twitter:label1\" content=\"Escrito por\" \/>\n\t<meta name=\"twitter:data1\" content=\"Algarve 7\" \/>\n\t<meta name=\"twitter:label2\" content=\"Tempo estimado de leitura\" \/>\n\t<meta name=\"twitter:data2\" content=\"2 minutos\" \/>\n<script type=\"application\/ld+json\" class=\"yoast-schema-graph\">{\"@context\":\"https:\\\/\\\/schema.org\",\"@graph\":[{\"@type\":\"Article\",\"@id\":\"https:\\\/\\\/algarve7.pt\\\/index.php\\\/2024\\\/03\\\/algarve-biomedical-center-da-ualg-organiza-marcha-pelas-ataxias\\\/saude\\\/13\\\/50\\\/#article\",\"isPartOf\":{\"@id\":\"https:\\\/\\\/algarve7.pt\\\/index.php\\\/2024\\\/03\\\/algarve-biomedical-center-da-ualg-organiza-marcha-pelas-ataxias\\\/saude\\\/13\\\/50\\\/\"},\"author\":{\"name\":\"Algarve 7\",\"@id\":\"https:\\\/\\\/algarve7.pt\\\/#\\\/schema\\\/person\\\/23fa70681308e7b319a3204bcea45e0c\"},\"headline\":\"Algarve Biomedical Center da UAlg organiza \u201cMarcha pelas Ataxias\u201d\",\"datePublished\":\"2024-03-04T13:50:00+00:00\",\"mainEntityOfPage\":{\"@id\":\"https:\\\/\\\/algarve7.pt\\\/index.php\\\/2024\\\/03\\\/algarve-biomedical-center-da-ualg-organiza-marcha-pelas-ataxias\\\/saude\\\/13\\\/50\\\/\"},\"wordCount\":310,\"publisher\":{\"@id\":\"https:\\\/\\\/algarve7.pt\\\/#organization\"},\"image\":{\"@id\":\"https:\\\/\\\/algarve7.pt\\\/index.php\\\/2024\\\/03\\\/algarve-biomedical-center-da-ualg-organiza-marcha-pelas-ataxias\\\/saude\\\/13\\\/50\\\/#primaryimage\"},\"thumbnailUrl\":\"https:\\\/\\\/algarve7.pt\\\/wp-content\\\/uploads\\\/2024\\\/03\\\/primage_72650.png\",\"keywords\":[\"ABC\",\"Algarve\",\"Sa\u00fade\",\"UALG\"],\"articleSection\":[\"Sa\u00fade\"],\"inLanguage\":\"pt-PT\"},{\"@type\":\"WebPage\",\"@id\":\"https:\\\/\\\/algarve7.pt\\\/index.php\\\/2024\\\/03\\\/algarve-biomedical-center-da-ualg-organiza-marcha-pelas-ataxias\\\/saude\\\/13\\\/50\\\/\",\"url\":\"https:\\\/\\\/algarve7.pt\\\/index.php\\\/2024\\\/03\\\/algarve-biomedical-center-da-ualg-organiza-marcha-pelas-ataxias\\\/saude\\\/13\\\/50\\\/\",\"name\":\"Algarve Biomedical Center da UAlg organiza \u201cMarcha pelas Ataxias\u201d - Algarve 7\",\"isPartOf\":{\"@id\":\"https:\\\/\\\/algarve7.pt\\\/#website\"},\"primaryImageOfPage\":{\"@id\":\"https:\\\/\\\/algarve7.pt\\\/index.php\\\/2024\\\/03\\\/algarve-biomedical-center-da-ualg-organiza-marcha-pelas-ataxias\\\/saude\\\/13\\\/50\\\/#primaryimage\"},\"image\":{\"@id\":\"https:\\\/\\\/algarve7.pt\\\/index.php\\\/2024\\\/03\\\/algarve-biomedical-center-da-ualg-organiza-marcha-pelas-ataxias\\\/saude\\\/13\\\/50\\\/#primaryimage\"},\"thumbnailUrl\":\"https:\\\/\\\/algarve7.pt\\\/wp-content\\\/uploads\\\/2024\\\/03\\\/primage_72650.png\",\"datePublished\":\"2024-03-04T13:50:00+00:00\",\"description\":\"Algarve Biomedical Center da UAlg organiza \u201cMarcha pelas Ataxias\u201d Sa\u00fade\",\"breadcrumb\":{\"@id\":\"https:\\\/\\\/algarve7.pt\\\/index.php\\\/2024\\\/03\\\/algarve-biomedical-center-da-ualg-organiza-marcha-pelas-ataxias\\\/saude\\\/13\\\/50\\\/#breadcrumb\"},\"inLanguage\":\"pt-PT\",\"potentialAction\":[{\"@type\":\"ReadAction\",\"target\":[\"https:\\\/\\\/algarve7.pt\\\/index.php\\\/2024\\\/03\\\/algarve-biomedical-center-da-ualg-organiza-marcha-pelas-ataxias\\\/saude\\\/13\\\/50\\\/\"]}]},{\"@type\":\"ImageObject\",\"inLanguage\":\"pt-PT\",\"@id\":\"https:\\\/\\\/algarve7.pt\\\/index.php\\\/2024\\\/03\\\/algarve-biomedical-center-da-ualg-organiza-marcha-pelas-ataxias\\\/saude\\\/13\\\/50\\\/#primaryimage\",\"url\":\"https:\\\/\\\/algarve7.pt\\\/wp-content\\\/uploads\\\/2024\\\/03\\\/primage_72650.png\",\"contentUrl\":\"https:\\\/\\\/algarve7.pt\\\/wp-content\\\/uploads\\\/2024\\\/03\\\/primage_72650.png\",\"width\":900,\"height\":600},{\"@type\":\"BreadcrumbList\",\"@id\":\"https:\\\/\\\/algarve7.pt\\\/index.php\\\/2024\\\/03\\\/algarve-biomedical-center-da-ualg-organiza-marcha-pelas-ataxias\\\/saude\\\/13\\\/50\\\/#breadcrumb\",\"itemListElement\":[{\"@type\":\"ListItem\",\"position\":1,\"name\":\"In\u00edcio\",\"item\":\"https:\\\/\\\/algarve7.pt\\\/\"},{\"@type\":\"ListItem\",\"position\":2,\"name\":\"Algarve Biomedical Center da UAlg organiza \u201cMarcha pelas Ataxias\u201d\"}]},{\"@type\":\"WebSite\",\"@id\":\"https:\\\/\\\/algarve7.pt\\\/#website\",\"url\":\"https:\\\/\\\/algarve7.pt\\\/\",\"name\":\"Algarve 7\",\"description\":\"Informa\u00e7\u00e3o sobre o Algarve\",\"publisher\":{\"@id\":\"https:\\\/\\\/algarve7.pt\\\/#organization\"},\"potentialAction\":[{\"@type\":\"SearchAction\",\"target\":{\"@type\":\"EntryPoint\",\"urlTemplate\":\"https:\\\/\\\/algarve7.pt\\\/?s={search_term_string}\"},\"query-input\":{\"@type\":\"PropertyValueSpecification\",\"valueRequired\":true,\"valueName\":\"search_term_string\"}}],\"inLanguage\":\"pt-PT\"},{\"@type\":\"Organization\",\"@id\":\"https:\\\/\\\/algarve7.pt\\\/#organization\",\"name\":\"Algarve 7\",\"url\":\"https:\\\/\\\/algarve7.pt\\\/\",\"logo\":{\"@type\":\"ImageObject\",\"inLanguage\":\"pt-PT\",\"@id\":\"https:\\\/\\\/algarve7.pt\\\/#\\\/schema\\\/logo\\\/image\\\/\",\"url\":\"https:\\\/\\\/algarve7.pt\\\/wp-content\\\/uploads\\\/2020\\\/10\\\/Logo-8.jpg\",\"contentUrl\":\"https:\\\/\\\/algarve7.pt\\\/wp-content\\\/uploads\\\/2020\\\/10\\\/Logo-8.jpg\",\"width\":1680,\"height\":1186,\"caption\":\"Algarve 7\"},\"image\":{\"@id\":\"https:\\\/\\\/algarve7.pt\\\/#\\\/schema\\\/logo\\\/image\\\/\"},\"sameAs\":[\"https:\\\/\\\/www.facebook.com\\\/algarve7\",\"https:\\\/\\\/x.com\\\/Algarvesete\",\"https:\\\/\\\/www.instagram.com\\\/jornalalgarve7\\\/\",\"https:\\\/\\\/www.linkedin.com\\\/company\\\/algarve7\",\"https:\\\/\\\/www.pinterest.pt\\\/geral0939\\\/_created\\\/\"]},{\"@type\":\"Person\",\"@id\":\"https:\\\/\\\/algarve7.pt\\\/#\\\/schema\\\/person\\\/23fa70681308e7b319a3204bcea45e0c\",\"name\":\"Algarve 7\",\"sameAs\":[\"https:\\\/\\\/algarve7.pt\",\"https:\\\/\\\/www.facebook.com\\\/algarve7\"],\"url\":\"https:\\\/\\\/algarve7.pt\\\/index.php\\\/author\\\/geralalgarve7-pt\\\/\"}]}<\/script>\n<!-- \/ Yoast SEO plugin. -->","yoast_head_json":{"title":"Algarve Biomedical Center da UAlg organiza \u201cMarcha pelas Ataxias\u201d - Algarve 7","description":"Algarve Biomedical Center da UAlg organiza \u201cMarcha pelas Ataxias\u201d Sa\u00fade","robots":{"index":"index","follow":"follow","max-snippet":"max-snippet:-1","max-image-preview":"max-image-preview:large","max-video-preview":"max-video-preview:-1"},"canonical":"https:\/\/algarve7.pt\/index.php\/2024\/03\/algarve-biomedical-center-da-ualg-organiza-marcha-pelas-ataxias\/saude\/13\/50\/","og_locale":"pt_PT","og_type":"article","og_title":"Algarve Biomedical Center da UAlg organiza \u201cMarcha pelas Ataxias\u201d - Algarve 7","og_description":"Algarve Biomedical Center da UAlg organiza \u201cMarcha pelas Ataxias\u201d Sa\u00fade","og_url":"https:\/\/algarve7.pt\/index.php\/2024\/03\/algarve-biomedical-center-da-ualg-organiza-marcha-pelas-ataxias\/saude\/13\/50\/","og_site_name":"Algarve 7","article_publisher":"https:\/\/www.facebook.com\/algarve7","article_author":"https:\/\/www.facebook.com\/algarve7","article_published_time":"2024-03-04T13:50:00+00:00","og_image":[{"width":900,"height":600,"url":"https:\/\/algarve7.pt\/wp-content\/uploads\/2024\/03\/primage_72650.png","type":"image\/png"}],"author":"Algarve 7","twitter_card":"summary_large_image","twitter_creator":"@Algarvesete","twitter_site":"@Algarvesete","twitter_misc":{"Escrito por":"Algarve 7","Tempo estimado de leitura":"2 minutos"},"schema":{"@context":"https:\/\/schema.org","@graph":[{"@type":"Article","@id":"https:\/\/algarve7.pt\/index.php\/2024\/03\/algarve-biomedical-center-da-ualg-organiza-marcha-pelas-ataxias\/saude\/13\/50\/#article","isPartOf":{"@id":"https:\/\/algarve7.pt\/index.php\/2024\/03\/algarve-biomedical-center-da-ualg-organiza-marcha-pelas-ataxias\/saude\/13\/50\/"},"author":{"name":"Algarve 7","@id":"https:\/\/algarve7.pt\/#\/schema\/person\/23fa70681308e7b319a3204bcea45e0c"},"headline":"Algarve Biomedical Center da UAlg organiza \u201cMarcha pelas Ataxias\u201d","datePublished":"2024-03-04T13:50:00+00:00","mainEntityOfPage":{"@id":"https:\/\/algarve7.pt\/index.php\/2024\/03\/algarve-biomedical-center-da-ualg-organiza-marcha-pelas-ataxias\/saude\/13\/50\/"},"wordCount":310,"publisher":{"@id":"https:\/\/algarve7.pt\/#organization"},"image":{"@id":"https:\/\/algarve7.pt\/index.php\/2024\/03\/algarve-biomedical-center-da-ualg-organiza-marcha-pelas-ataxias\/saude\/13\/50\/#primaryimage"},"thumbnailUrl":"https:\/\/algarve7.pt\/wp-content\/uploads\/2024\/03\/primage_72650.png","keywords":["ABC","Algarve","Sa\u00fade","UALG"],"articleSection":["Sa\u00fade"],"inLanguage":"pt-PT"},{"@type":"WebPage","@id":"https:\/\/algarve7.pt\/index.php\/2024\/03\/algarve-biomedical-center-da-ualg-organiza-marcha-pelas-ataxias\/saude\/13\/50\/","url":"https:\/\/algarve7.pt\/index.php\/2024\/03\/algarve-biomedical-center-da-ualg-organiza-marcha-pelas-ataxias\/saude\/13\/50\/","name":"Algarve Biomedical Center da UAlg organiza \u201cMarcha pelas Ataxias\u201d - Algarve 7","isPartOf":{"@id":"https:\/\/algarve7.pt\/#website"},"primaryImageOfPage":{"@id":"https:\/\/algarve7.pt\/index.php\/2024\/03\/algarve-biomedical-center-da-ualg-organiza-marcha-pelas-ataxias\/saude\/13\/50\/#primaryimage"},"image":{"@id":"https:\/\/algarve7.pt\/index.php\/2024\/03\/algarve-biomedical-center-da-ualg-organiza-marcha-pelas-ataxias\/saude\/13\/50\/#primaryimage"},"thumbnailUrl":"https:\/\/algarve7.pt\/wp-content\/uploads\/2024\/03\/primage_72650.png","datePublished":"2024-03-04T13:50:00+00:00","description":"Algarve Biomedical Center da UAlg organiza \u201cMarcha pelas Ataxias\u201d Sa\u00fade","breadcrumb":{"@id":"https:\/\/algarve7.pt\/index.php\/2024\/03\/algarve-biomedical-center-da-ualg-organiza-marcha-pelas-ataxias\/saude\/13\/50\/#breadcrumb"},"inLanguage":"pt-PT","potentialAction":[{"@type":"ReadAction","target":["https:\/\/algarve7.pt\/index.php\/2024\/03\/algarve-biomedical-center-da-ualg-organiza-marcha-pelas-ataxias\/saude\/13\/50\/"]}]},{"@type":"ImageObject","inLanguage":"pt-PT","@id":"https:\/\/algarve7.pt\/index.php\/2024\/03\/algarve-biomedical-center-da-ualg-organiza-marcha-pelas-ataxias\/saude\/13\/50\/#primaryimage","url":"https:\/\/algarve7.pt\/wp-content\/uploads\/2024\/03\/primage_72650.png","contentUrl":"https:\/\/algarve7.pt\/wp-content\/uploads\/2024\/03\/primage_72650.png","width":900,"height":600},{"@type":"BreadcrumbList","@id":"https:\/\/algarve7.pt\/index.php\/2024\/03\/algarve-biomedical-center-da-ualg-organiza-marcha-pelas-ataxias\/saude\/13\/50\/#breadcrumb","itemListElement":[{"@type":"ListItem","position":1,"name":"In\u00edcio","item":"https:\/\/algarve7.pt\/"},{"@type":"ListItem","position":2,"name":"Algarve Biomedical Center da UAlg organiza \u201cMarcha pelas Ataxias\u201d"}]},{"@type":"WebSite","@id":"https:\/\/algarve7.pt\/#website","url":"https:\/\/algarve7.pt\/","name":"Algarve 7","description":"Informa\u00e7\u00e3o sobre o Algarve","publisher":{"@id":"https:\/\/algarve7.pt\/#organization"},"potentialAction":[{"@type":"SearchAction","target":{"@type":"EntryPoint","urlTemplate":"https:\/\/algarve7.pt\/?s={search_term_string}"},"query-input":{"@type":"PropertyValueSpecification","valueRequired":true,"valueName":"search_term_string"}}],"inLanguage":"pt-PT"},{"@type":"Organization","@id":"https:\/\/algarve7.pt\/#organization","name":"Algarve 7","url":"https:\/\/algarve7.pt\/","logo":{"@type":"ImageObject","inLanguage":"pt-PT","@id":"https:\/\/algarve7.pt\/#\/schema\/logo\/image\/","url":"https:\/\/algarve7.pt\/wp-content\/uploads\/2020\/10\/Logo-8.jpg","contentUrl":"https:\/\/algarve7.pt\/wp-content\/uploads\/2020\/10\/Logo-8.jpg","width":1680,"height":1186,"caption":"Algarve 7"},"image":{"@id":"https:\/\/algarve7.pt\/#\/schema\/logo\/image\/"},"sameAs":["https:\/\/www.facebook.com\/algarve7","https:\/\/x.com\/Algarvesete","https:\/\/www.instagram.com\/jornalalgarve7\/","https:\/\/www.linkedin.com\/company\/algarve7","https:\/\/www.pinterest.pt\/geral0939\/_created\/"]},{"@type":"Person","@id":"https:\/\/algarve7.pt\/#\/schema\/person\/23fa70681308e7b319a3204bcea45e0c","name":"Algarve 7","sameAs":["https:\/\/algarve7.pt","https:\/\/www.facebook.com\/algarve7"],"url":"https:\/\/algarve7.pt\/index.php\/author\/geralalgarve7-pt\/"}]}},"jetpack_publicize_connections":[],"jetpack_featured_media_url":"https:\/\/algarve7.pt\/wp-content\/uploads\/2024\/03\/primage_72650.png","jetpack_shortlink":"https:\/\/wp.me\/pcezmW-9pj","jetpack_sharing_enabled":true,"_links":{"self":[{"href":"https:\/\/algarve7.pt\/index.php\/wp-json\/wp\/v2\/posts\/36165","targetHints":{"allow":["GET"]}}],"collection":[{"href":"https:\/\/algarve7.pt\/index.php\/wp-json\/wp\/v2\/posts"}],"about":[{"href":"https:\/\/algarve7.pt\/index.php\/wp-json\/wp\/v2\/types\/post"}],"author":[{"embeddable":true,"href":"https:\/\/algarve7.pt\/index.php\/wp-json\/wp\/v2\/users\/1"}],"replies":[{"embeddable":true,"href":"https:\/\/algarve7.pt\/index.php\/wp-json\/wp\/v2\/comments?post=36165"}],"version-history":[{"count":0,"href":"https:\/\/algarve7.pt\/index.php\/wp-json\/wp\/v2\/posts\/36165\/revisions"}],"wp:featuredmedia":[{"embeddable":true,"href":"https:\/\/algarve7.pt\/index.php\/wp-json\/wp\/v2\/media\/36166"}],"wp:attachment":[{"href":"https:\/\/algarve7.pt\/index.php\/wp-json\/wp\/v2\/media?parent=36165"}],"wp:term":[{"taxonomy":"category","embeddable":true,"href":"https:\/\/algarve7.pt\/index.php\/wp-json\/wp\/v2\/categories?post=36165"},{"taxonomy":"post_tag","embeddable":true,"href":"https:\/\/algarve7.pt\/index.php\/wp-json\/wp\/v2\/tags?post=36165"}],"curies":[{"name":"wp","href":"https:\/\/api.w.org\/{rel}","templated":true}]}}