{"id":36159,"date":"2024-03-04T12:55:00","date_gmt":"2024-03-04T12:55:00","guid":{"rendered":"https:\/\/algarve7.pt\/?p=36159"},"modified":"2024-03-04T12:47:36","modified_gmt":"2024-03-04T12:47:36","slug":"cerca-de-700-participantes-no-cross-memorial-jose-menino-e-prova-regional-de-corta-mato-em-castro-marim","status":"publish","type":"post","link":"https:\/\/algarve7.pt\/index.php\/2024\/03\/cerca-de-700-participantes-no-cross-memorial-jose-menino-e-prova-regional-de-corta-mato-em-castro-marim\/desporto\/12\/55\/","title":{"rendered":"Cerca de 700 participantes no Cross \u201cMemorial Jos\u00e9 Menino\u201d e Prova Regional de Corta-mato em Castro Marim"},"content":{"rendered":"\n<p>A quarta edi\u00e7\u00e3o do Cross \u201cMemorial Jos\u00e9 Menino\u201d regressou a Castro Marim no domingo, dia 3 de mar\u00e7o, decorrendo ao mesmo tempo uma Prova Regional de Corta-mato, atingindo o recorde de cerca de 700 participantes.<\/p>\n\n\n\n<p>Na competi\u00e7\u00e3o participaram atletas federados e n\u00e3o federados, de v\u00e1rios escal\u00f5es femininos e masculinos, num percurso localizado no terreno anexo ao Pavilh\u00e3o Municipal de Castro Marim.<\/p>\n\n\n\n<p>Leonor Silva (sub 14) e Henrique Barros (sub 14) venceram a prova de corta-mato de 1500 metros, enquanto Luana Valente (sub 16) e Tiago Brito (sub 16) ficaram colocados em primeiro lugar nos 2050 metros.<\/p>\n\n\n\n<p>J\u00falia Allende (sub 18) e Bernardo Arvelos (sub 18) ganharam o corta-mato de 3000 metros, ao mesmo tempo que Genilza Trindade (sub 20), Roberta Mazioli (seniores femininos), Sofia Dias (veteranos II), Ana Parreira (veteranos IV), Deolinda Lopes (veteranos V) e Mar\u00edlia Cavaco (veretanos VI) alcan\u00e7avam o primeiro lugar nos 4500 metros.<\/p>\n\n\n\n<p>Nos 550 metros os vencedores foram Maria Ana Neves (sub 10), Laura Ventura (sub 12), Vicente Xavier (sub 10) e Miguel Tom\u00e9 (sub 12).<\/p>\n\n\n\n<p>J\u00e1 no corta-mato de 6000 metros ganharam os atletas Duarte Jacinto (sub 20), Jo\u00e3o Fernandes (seniores), Ruben Macedo (veteranos I), S\u00e9rgio Cipriano (veteranos II), Nuno Miguel Correia (veteranos III), Bertrand Palma (veteranos IV), Jo\u00e3o Pisco (veteranos V) e Jos\u00e9 Reis (veteranos VI).<\/p>\n\n\n\n<p>Todas as classifica\u00e7\u00f5es podem ser consultadas em <a href=\"https:\/\/www.aaalgarve.org\/images\/RESULTADOS2024\/CROSS_CRAL_2024.pdf?fbclid=IwAR23OIG3TH3kbdQuTzLYveJkPz9CVBbYWBGF-tBc1Q5qvkWVTLrIuss1bE0\" target=\"_blank\" rel=\"noreferrer noopener\">https:\/\/www.aaalgarve.org\/images\/RESULTADOS2024\/CROSS_CRAL_2024.pdf?fbclid=IwAR23OIG3TH3kbdQuTzLYveJkPz9CVBbYWBGF-tBc1Q5qvkWVTLrIuss1bE0<\/a>.<\/p>\n\n\n\n<p>Esta iniciativa foi organizada pelo Clube Recreativo Alturense e teve o apoio do Munic\u00edpio de Castro Marim, Juntas de Freguesia de Altura e Castro Marim e Associa\u00e7\u00e3o de Atletismo do Algarve.<\/p>\n","protected":false},"excerpt":{"rendered":"<p>A quarta edi\u00e7\u00e3o do Cross \u201cMemorial Jos\u00e9 Menino\u201d regressou a Castro Marim no domingo, dia 3 de mar\u00e7o, decorrendo ao<\/p>\n","protected":false},"author":1,"featured_media":36160,"comment_status":"closed","ping_status":"open","sticky":false,"template":"","format":"standard","meta":{"colormag_page_container_layout":"default_layout","colormag_page_sidebar_layout":"default_layout","_monsterinsights_skip_tracking":false,"_monsterinsights_sitenote_active":false,"_monsterinsights_sitenote_note":"","_monsterinsights_sitenote_category":0,"jetpack_post_was_ever_published":false,"_jetpack_newsletter_access":"","_jetpack_dont_email_post_to_subs":false,"_jetpack_newsletter_tier_id":0,"_jetpack_memberships_contains_paywalled_content":false,"_jetpack_memberships_contains_paid_content":false,"footnotes":"","jetpack_publicize_message":"","jetpack_publicize_feature_enabled":true,"jetpack_social_post_already_shared":true,"jetpack_social_options":{"image_generator_settings":{"template":"highway","default_image_id":0,"font":"","enabled":false},"version":2}},"categories":[15],"tags":[36,136,40],"class_list":["post-36159","post","type-post","status-publish","format-standard","has-post-thumbnail","hentry","category-desporto","tag-algarve","tag-castro-marim","tag-desporto"],"yoast_head":"<!-- This site is optimized with the Yoast SEO plugin v27.5 - https:\/\/yoast.com\/product\/yoast-seo-wordpress\/ -->\n<title>Cerca de 700 participantes no Cross \u201cMemorial Jos\u00e9 Menino\u201d e Prova Regional de Corta-mato em Castro Marim - Algarve 7<\/title>\n<meta name=\"description\" content=\"Cerca de 700 participantes no Cross \u201cMemorial Jos\u00e9 Menino\u201d e Prova Regional de Corta-mato em Castro Marim Desporto\" \/>\n<meta name=\"robots\" content=\"index, follow, max-snippet:-1, max-image-preview:large, max-video-preview:-1\" \/>\n<link rel=\"canonical\" href=\"https:\/\/algarve7.pt\/index.php\/2024\/03\/cerca-de-700-participantes-no-cross-memorial-jose-menino-e-prova-regional-de-corta-mato-em-castro-marim\/desporto\/12\/55\/\" \/>\n<meta property=\"og:locale\" content=\"pt_PT\" \/>\n<meta property=\"og:type\" content=\"article\" \/>\n<meta property=\"og:title\" content=\"Cerca de 700 participantes no Cross \u201cMemorial Jos\u00e9 Menino\u201d e Prova Regional de Corta-mato em Castro Marim - Algarve 7\" \/>\n<meta property=\"og:description\" content=\"Cerca de 700 participantes no Cross \u201cMemorial Jos\u00e9 Menino\u201d e Prova Regional de Corta-mato em Castro Marim Desporto\" \/>\n<meta property=\"og:url\" content=\"https:\/\/algarve7.pt\/index.php\/2024\/03\/cerca-de-700-participantes-no-cross-memorial-jose-menino-e-prova-regional-de-corta-mato-em-castro-marim\/desporto\/12\/55\/\" \/>\n<meta property=\"og:site_name\" content=\"Algarve 7\" \/>\n<meta property=\"article:publisher\" content=\"https:\/\/www.facebook.com\/algarve7\" \/>\n<meta property=\"article:author\" content=\"https:\/\/www.facebook.com\/algarve7\" \/>\n<meta property=\"article:published_time\" content=\"2024-03-04T12:55:00+00:00\" \/>\n<meta property=\"og:image\" content=\"https:\/\/algarve7.pt\/wp-content\/uploads\/2024\/03\/Participaram-cerca-de-700-pessoas-nesta-prova.jpg\" \/>\n\t<meta property=\"og:image:width\" content=\"900\" \/>\n\t<meta property=\"og:image:height\" content=\"600\" \/>\n\t<meta property=\"og:image:type\" content=\"image\/jpeg\" \/>\n<meta name=\"author\" content=\"Algarve 7\" \/>\n<meta name=\"twitter:card\" content=\"summary_large_image\" \/>\n<meta name=\"twitter:creator\" content=\"@Algarvesete\" \/>\n<meta name=\"twitter:site\" content=\"@Algarvesete\" \/>\n<meta name=\"twitter:label1\" content=\"Escrito por\" \/>\n\t<meta name=\"twitter:data1\" content=\"Algarve 7\" \/>\n\t<meta name=\"twitter:label2\" content=\"Tempo estimado de leitura\" \/>\n\t<meta name=\"twitter:data2\" content=\"2 minutos\" \/>\n<script type=\"application\/ld+json\" class=\"yoast-schema-graph\">{\"@context\":\"https:\\\/\\\/schema.org\",\"@graph\":[{\"@type\":\"Article\",\"@id\":\"https:\\\/\\\/algarve7.pt\\\/index.php\\\/2024\\\/03\\\/cerca-de-700-participantes-no-cross-memorial-jose-menino-e-prova-regional-de-corta-mato-em-castro-marim\\\/desporto\\\/12\\\/55\\\/#article\",\"isPartOf\":{\"@id\":\"https:\\\/\\\/algarve7.pt\\\/index.php\\\/2024\\\/03\\\/cerca-de-700-participantes-no-cross-memorial-jose-menino-e-prova-regional-de-corta-mato-em-castro-marim\\\/desporto\\\/12\\\/55\\\/\"},\"author\":{\"name\":\"Algarve 7\",\"@id\":\"https:\\\/\\\/algarve7.pt\\\/#\\\/schema\\\/person\\\/23fa70681308e7b319a3204bcea45e0c\"},\"headline\":\"Cerca de 700 participantes no Cross \u201cMemorial Jos\u00e9 Menino\u201d e Prova Regional de Corta-mato em Castro Marim\",\"datePublished\":\"2024-03-04T12:55:00+00:00\",\"mainEntityOfPage\":{\"@id\":\"https:\\\/\\\/algarve7.pt\\\/index.php\\\/2024\\\/03\\\/cerca-de-700-participantes-no-cross-memorial-jose-menino-e-prova-regional-de-corta-mato-em-castro-marim\\\/desporto\\\/12\\\/55\\\/\"},\"wordCount\":281,\"publisher\":{\"@id\":\"https:\\\/\\\/algarve7.pt\\\/#organization\"},\"image\":{\"@id\":\"https:\\\/\\\/algarve7.pt\\\/index.php\\\/2024\\\/03\\\/cerca-de-700-participantes-no-cross-memorial-jose-menino-e-prova-regional-de-corta-mato-em-castro-marim\\\/desporto\\\/12\\\/55\\\/#primaryimage\"},\"thumbnailUrl\":\"https:\\\/\\\/algarve7.pt\\\/wp-content\\\/uploads\\\/2024\\\/03\\\/Participaram-cerca-de-700-pessoas-nesta-prova.jpg\",\"keywords\":[\"Algarve\",\"Castro Marim\",\"Desporto\"],\"articleSection\":[\"Desporto\"],\"inLanguage\":\"pt-PT\"},{\"@type\":\"WebPage\",\"@id\":\"https:\\\/\\\/algarve7.pt\\\/index.php\\\/2024\\\/03\\\/cerca-de-700-participantes-no-cross-memorial-jose-menino-e-prova-regional-de-corta-mato-em-castro-marim\\\/desporto\\\/12\\\/55\\\/\",\"url\":\"https:\\\/\\\/algarve7.pt\\\/index.php\\\/2024\\\/03\\\/cerca-de-700-participantes-no-cross-memorial-jose-menino-e-prova-regional-de-corta-mato-em-castro-marim\\\/desporto\\\/12\\\/55\\\/\",\"name\":\"Cerca de 700 participantes no Cross \u201cMemorial Jos\u00e9 Menino\u201d e Prova Regional de Corta-mato em Castro Marim - Algarve 7\",\"isPartOf\":{\"@id\":\"https:\\\/\\\/algarve7.pt\\\/#website\"},\"primaryImageOfPage\":{\"@id\":\"https:\\\/\\\/algarve7.pt\\\/index.php\\\/2024\\\/03\\\/cerca-de-700-participantes-no-cross-memorial-jose-menino-e-prova-regional-de-corta-mato-em-castro-marim\\\/desporto\\\/12\\\/55\\\/#primaryimage\"},\"image\":{\"@id\":\"https:\\\/\\\/algarve7.pt\\\/index.php\\\/2024\\\/03\\\/cerca-de-700-participantes-no-cross-memorial-jose-menino-e-prova-regional-de-corta-mato-em-castro-marim\\\/desporto\\\/12\\\/55\\\/#primaryimage\"},\"thumbnailUrl\":\"https:\\\/\\\/algarve7.pt\\\/wp-content\\\/uploads\\\/2024\\\/03\\\/Participaram-cerca-de-700-pessoas-nesta-prova.jpg\",\"datePublished\":\"2024-03-04T12:55:00+00:00\",\"description\":\"Cerca de 700 participantes no Cross \u201cMemorial Jos\u00e9 Menino\u201d e Prova Regional de Corta-mato em Castro Marim Desporto\",\"breadcrumb\":{\"@id\":\"https:\\\/\\\/algarve7.pt\\\/index.php\\\/2024\\\/03\\\/cerca-de-700-participantes-no-cross-memorial-jose-menino-e-prova-regional-de-corta-mato-em-castro-marim\\\/desporto\\\/12\\\/55\\\/#breadcrumb\"},\"inLanguage\":\"pt-PT\",\"potentialAction\":[{\"@type\":\"ReadAction\",\"target\":[\"https:\\\/\\\/algarve7.pt\\\/index.php\\\/2024\\\/03\\\/cerca-de-700-participantes-no-cross-memorial-jose-menino-e-prova-regional-de-corta-mato-em-castro-marim\\\/desporto\\\/12\\\/55\\\/\"]}]},{\"@type\":\"ImageObject\",\"inLanguage\":\"pt-PT\",\"@id\":\"https:\\\/\\\/algarve7.pt\\\/index.php\\\/2024\\\/03\\\/cerca-de-700-participantes-no-cross-memorial-jose-menino-e-prova-regional-de-corta-mato-em-castro-marim\\\/desporto\\\/12\\\/55\\\/#primaryimage\",\"url\":\"https:\\\/\\\/algarve7.pt\\\/wp-content\\\/uploads\\\/2024\\\/03\\\/Participaram-cerca-de-700-pessoas-nesta-prova.jpg\",\"contentUrl\":\"https:\\\/\\\/algarve7.pt\\\/wp-content\\\/uploads\\\/2024\\\/03\\\/Participaram-cerca-de-700-pessoas-nesta-prova.jpg\",\"width\":900,\"height\":600},{\"@type\":\"BreadcrumbList\",\"@id\":\"https:\\\/\\\/algarve7.pt\\\/index.php\\\/2024\\\/03\\\/cerca-de-700-participantes-no-cross-memorial-jose-menino-e-prova-regional-de-corta-mato-em-castro-marim\\\/desporto\\\/12\\\/55\\\/#breadcrumb\",\"itemListElement\":[{\"@type\":\"ListItem\",\"position\":1,\"name\":\"In\u00edcio\",\"item\":\"https:\\\/\\\/algarve7.pt\\\/\"},{\"@type\":\"ListItem\",\"position\":2,\"name\":\"Cerca de 700 participantes no Cross \u201cMemorial Jos\u00e9 Menino\u201d e Prova Regional de Corta-mato em Castro Marim\"}]},{\"@type\":\"WebSite\",\"@id\":\"https:\\\/\\\/algarve7.pt\\\/#website\",\"url\":\"https:\\\/\\\/algarve7.pt\\\/\",\"name\":\"Algarve 7\",\"description\":\"Informa\u00e7\u00e3o sobre o Algarve\",\"publisher\":{\"@id\":\"https:\\\/\\\/algarve7.pt\\\/#organization\"},\"potentialAction\":[{\"@type\":\"SearchAction\",\"target\":{\"@type\":\"EntryPoint\",\"urlTemplate\":\"https:\\\/\\\/algarve7.pt\\\/?s={search_term_string}\"},\"query-input\":{\"@type\":\"PropertyValueSpecification\",\"valueRequired\":true,\"valueName\":\"search_term_string\"}}],\"inLanguage\":\"pt-PT\"},{\"@type\":\"Organization\",\"@id\":\"https:\\\/\\\/algarve7.pt\\\/#organization\",\"name\":\"Algarve 7\",\"url\":\"https:\\\/\\\/algarve7.pt\\\/\",\"logo\":{\"@type\":\"ImageObject\",\"inLanguage\":\"pt-PT\",\"@id\":\"https:\\\/\\\/algarve7.pt\\\/#\\\/schema\\\/logo\\\/image\\\/\",\"url\":\"https:\\\/\\\/algarve7.pt\\\/wp-content\\\/uploads\\\/2020\\\/10\\\/Logo-8.jpg\",\"contentUrl\":\"https:\\\/\\\/algarve7.pt\\\/wp-content\\\/uploads\\\/2020\\\/10\\\/Logo-8.jpg\",\"width\":1680,\"height\":1186,\"caption\":\"Algarve 7\"},\"image\":{\"@id\":\"https:\\\/\\\/algarve7.pt\\\/#\\\/schema\\\/logo\\\/image\\\/\"},\"sameAs\":[\"https:\\\/\\\/www.facebook.com\\\/algarve7\",\"https:\\\/\\\/x.com\\\/Algarvesete\",\"https:\\\/\\\/www.instagram.com\\\/jornalalgarve7\\\/\",\"https:\\\/\\\/www.linkedin.com\\\/company\\\/algarve7\",\"https:\\\/\\\/www.pinterest.pt\\\/geral0939\\\/_created\\\/\"]},{\"@type\":\"Person\",\"@id\":\"https:\\\/\\\/algarve7.pt\\\/#\\\/schema\\\/person\\\/23fa70681308e7b319a3204bcea45e0c\",\"name\":\"Algarve 7\",\"sameAs\":[\"https:\\\/\\\/algarve7.pt\",\"https:\\\/\\\/www.facebook.com\\\/algarve7\"],\"url\":\"https:\\\/\\\/algarve7.pt\\\/index.php\\\/author\\\/geralalgarve7-pt\\\/\"}]}<\/script>\n<!-- \/ Yoast SEO plugin. -->","yoast_head_json":{"title":"Cerca de 700 participantes no Cross \u201cMemorial Jos\u00e9 Menino\u201d e Prova Regional de Corta-mato em Castro Marim - Algarve 7","description":"Cerca de 700 participantes no Cross \u201cMemorial Jos\u00e9 Menino\u201d e Prova Regional de Corta-mato em Castro Marim Desporto","robots":{"index":"index","follow":"follow","max-snippet":"max-snippet:-1","max-image-preview":"max-image-preview:large","max-video-preview":"max-video-preview:-1"},"canonical":"https:\/\/algarve7.pt\/index.php\/2024\/03\/cerca-de-700-participantes-no-cross-memorial-jose-menino-e-prova-regional-de-corta-mato-em-castro-marim\/desporto\/12\/55\/","og_locale":"pt_PT","og_type":"article","og_title":"Cerca de 700 participantes no Cross \u201cMemorial Jos\u00e9 Menino\u201d e Prova Regional de Corta-mato em Castro Marim - Algarve 7","og_description":"Cerca de 700 participantes no Cross \u201cMemorial Jos\u00e9 Menino\u201d e Prova Regional de Corta-mato em Castro Marim Desporto","og_url":"https:\/\/algarve7.pt\/index.php\/2024\/03\/cerca-de-700-participantes-no-cross-memorial-jose-menino-e-prova-regional-de-corta-mato-em-castro-marim\/desporto\/12\/55\/","og_site_name":"Algarve 7","article_publisher":"https:\/\/www.facebook.com\/algarve7","article_author":"https:\/\/www.facebook.com\/algarve7","article_published_time":"2024-03-04T12:55:00+00:00","og_image":[{"width":900,"height":600,"url":"https:\/\/algarve7.pt\/wp-content\/uploads\/2024\/03\/Participaram-cerca-de-700-pessoas-nesta-prova.jpg","type":"image\/jpeg"}],"author":"Algarve 7","twitter_card":"summary_large_image","twitter_creator":"@Algarvesete","twitter_site":"@Algarvesete","twitter_misc":{"Escrito por":"Algarve 7","Tempo estimado de leitura":"2 minutos"},"schema":{"@context":"https:\/\/schema.org","@graph":[{"@type":"Article","@id":"https:\/\/algarve7.pt\/index.php\/2024\/03\/cerca-de-700-participantes-no-cross-memorial-jose-menino-e-prova-regional-de-corta-mato-em-castro-marim\/desporto\/12\/55\/#article","isPartOf":{"@id":"https:\/\/algarve7.pt\/index.php\/2024\/03\/cerca-de-700-participantes-no-cross-memorial-jose-menino-e-prova-regional-de-corta-mato-em-castro-marim\/desporto\/12\/55\/"},"author":{"name":"Algarve 7","@id":"https:\/\/algarve7.pt\/#\/schema\/person\/23fa70681308e7b319a3204bcea45e0c"},"headline":"Cerca de 700 participantes no Cross \u201cMemorial Jos\u00e9 Menino\u201d e Prova Regional de Corta-mato em Castro Marim","datePublished":"2024-03-04T12:55:00+00:00","mainEntityOfPage":{"@id":"https:\/\/algarve7.pt\/index.php\/2024\/03\/cerca-de-700-participantes-no-cross-memorial-jose-menino-e-prova-regional-de-corta-mato-em-castro-marim\/desporto\/12\/55\/"},"wordCount":281,"publisher":{"@id":"https:\/\/algarve7.pt\/#organization"},"image":{"@id":"https:\/\/algarve7.pt\/index.php\/2024\/03\/cerca-de-700-participantes-no-cross-memorial-jose-menino-e-prova-regional-de-corta-mato-em-castro-marim\/desporto\/12\/55\/#primaryimage"},"thumbnailUrl":"https:\/\/algarve7.pt\/wp-content\/uploads\/2024\/03\/Participaram-cerca-de-700-pessoas-nesta-prova.jpg","keywords":["Algarve","Castro Marim","Desporto"],"articleSection":["Desporto"],"inLanguage":"pt-PT"},{"@type":"WebPage","@id":"https:\/\/algarve7.pt\/index.php\/2024\/03\/cerca-de-700-participantes-no-cross-memorial-jose-menino-e-prova-regional-de-corta-mato-em-castro-marim\/desporto\/12\/55\/","url":"https:\/\/algarve7.pt\/index.php\/2024\/03\/cerca-de-700-participantes-no-cross-memorial-jose-menino-e-prova-regional-de-corta-mato-em-castro-marim\/desporto\/12\/55\/","name":"Cerca de 700 participantes no Cross \u201cMemorial Jos\u00e9 Menino\u201d e Prova Regional de Corta-mato em Castro Marim - Algarve 7","isPartOf":{"@id":"https:\/\/algarve7.pt\/#website"},"primaryImageOfPage":{"@id":"https:\/\/algarve7.pt\/index.php\/2024\/03\/cerca-de-700-participantes-no-cross-memorial-jose-menino-e-prova-regional-de-corta-mato-em-castro-marim\/desporto\/12\/55\/#primaryimage"},"image":{"@id":"https:\/\/algarve7.pt\/index.php\/2024\/03\/cerca-de-700-participantes-no-cross-memorial-jose-menino-e-prova-regional-de-corta-mato-em-castro-marim\/desporto\/12\/55\/#primaryimage"},"thumbnailUrl":"https:\/\/algarve7.pt\/wp-content\/uploads\/2024\/03\/Participaram-cerca-de-700-pessoas-nesta-prova.jpg","datePublished":"2024-03-04T12:55:00+00:00","description":"Cerca de 700 participantes no Cross \u201cMemorial Jos\u00e9 Menino\u201d e Prova Regional de Corta-mato em Castro Marim Desporto","breadcrumb":{"@id":"https:\/\/algarve7.pt\/index.php\/2024\/03\/cerca-de-700-participantes-no-cross-memorial-jose-menino-e-prova-regional-de-corta-mato-em-castro-marim\/desporto\/12\/55\/#breadcrumb"},"inLanguage":"pt-PT","potentialAction":[{"@type":"ReadAction","target":["https:\/\/algarve7.pt\/index.php\/2024\/03\/cerca-de-700-participantes-no-cross-memorial-jose-menino-e-prova-regional-de-corta-mato-em-castro-marim\/desporto\/12\/55\/"]}]},{"@type":"ImageObject","inLanguage":"pt-PT","@id":"https:\/\/algarve7.pt\/index.php\/2024\/03\/cerca-de-700-participantes-no-cross-memorial-jose-menino-e-prova-regional-de-corta-mato-em-castro-marim\/desporto\/12\/55\/#primaryimage","url":"https:\/\/algarve7.pt\/wp-content\/uploads\/2024\/03\/Participaram-cerca-de-700-pessoas-nesta-prova.jpg","contentUrl":"https:\/\/algarve7.pt\/wp-content\/uploads\/2024\/03\/Participaram-cerca-de-700-pessoas-nesta-prova.jpg","width":900,"height":600},{"@type":"BreadcrumbList","@id":"https:\/\/algarve7.pt\/index.php\/2024\/03\/cerca-de-700-participantes-no-cross-memorial-jose-menino-e-prova-regional-de-corta-mato-em-castro-marim\/desporto\/12\/55\/#breadcrumb","itemListElement":[{"@type":"ListItem","position":1,"name":"In\u00edcio","item":"https:\/\/algarve7.pt\/"},{"@type":"ListItem","position":2,"name":"Cerca de 700 participantes no Cross \u201cMemorial Jos\u00e9 Menino\u201d e Prova Regional de Corta-mato em Castro Marim"}]},{"@type":"WebSite","@id":"https:\/\/algarve7.pt\/#website","url":"https:\/\/algarve7.pt\/","name":"Algarve 7","description":"Informa\u00e7\u00e3o sobre o Algarve","publisher":{"@id":"https:\/\/algarve7.pt\/#organization"},"potentialAction":[{"@type":"SearchAction","target":{"@type":"EntryPoint","urlTemplate":"https:\/\/algarve7.pt\/?s={search_term_string}"},"query-input":{"@type":"PropertyValueSpecification","valueRequired":true,"valueName":"search_term_string"}}],"inLanguage":"pt-PT"},{"@type":"Organization","@id":"https:\/\/algarve7.pt\/#organization","name":"Algarve 7","url":"https:\/\/algarve7.pt\/","logo":{"@type":"ImageObject","inLanguage":"pt-PT","@id":"https:\/\/algarve7.pt\/#\/schema\/logo\/image\/","url":"https:\/\/algarve7.pt\/wp-content\/uploads\/2020\/10\/Logo-8.jpg","contentUrl":"https:\/\/algarve7.pt\/wp-content\/uploads\/2020\/10\/Logo-8.jpg","width":1680,"height":1186,"caption":"Algarve 7"},"image":{"@id":"https:\/\/algarve7.pt\/#\/schema\/logo\/image\/"},"sameAs":["https:\/\/www.facebook.com\/algarve7","https:\/\/x.com\/Algarvesete","https:\/\/www.instagram.com\/jornalalgarve7\/","https:\/\/www.linkedin.com\/company\/algarve7","https:\/\/www.pinterest.pt\/geral0939\/_created\/"]},{"@type":"Person","@id":"https:\/\/algarve7.pt\/#\/schema\/person\/23fa70681308e7b319a3204bcea45e0c","name":"Algarve 7","sameAs":["https:\/\/algarve7.pt","https:\/\/www.facebook.com\/algarve7"],"url":"https:\/\/algarve7.pt\/index.php\/author\/geralalgarve7-pt\/"}]}},"jetpack_publicize_connections":[],"jetpack_featured_media_url":"https:\/\/algarve7.pt\/wp-content\/uploads\/2024\/03\/Participaram-cerca-de-700-pessoas-nesta-prova.jpg","jetpack_shortlink":"https:\/\/wp.me\/pcezmW-9pd","jetpack_sharing_enabled":true,"_links":{"self":[{"href":"https:\/\/algarve7.pt\/index.php\/wp-json\/wp\/v2\/posts\/36159","targetHints":{"allow":["GET"]}}],"collection":[{"href":"https:\/\/algarve7.pt\/index.php\/wp-json\/wp\/v2\/posts"}],"about":[{"href":"https:\/\/algarve7.pt\/index.php\/wp-json\/wp\/v2\/types\/post"}],"author":[{"embeddable":true,"href":"https:\/\/algarve7.pt\/index.php\/wp-json\/wp\/v2\/users\/1"}],"replies":[{"embeddable":true,"href":"https:\/\/algarve7.pt\/index.php\/wp-json\/wp\/v2\/comments?post=36159"}],"version-history":[{"count":0,"href":"https:\/\/algarve7.pt\/index.php\/wp-json\/wp\/v2\/posts\/36159\/revisions"}],"wp:featuredmedia":[{"embeddable":true,"href":"https:\/\/algarve7.pt\/index.php\/wp-json\/wp\/v2\/media\/36160"}],"wp:attachment":[{"href":"https:\/\/algarve7.pt\/index.php\/wp-json\/wp\/v2\/media?parent=36159"}],"wp:term":[{"taxonomy":"category","embeddable":true,"href":"https:\/\/algarve7.pt\/index.php\/wp-json\/wp\/v2\/categories?post=36159"},{"taxonomy":"post_tag","embeddable":true,"href":"https:\/\/algarve7.pt\/index.php\/wp-json\/wp\/v2\/tags?post=36159"}],"curies":[{"name":"wp","href":"https:\/\/api.w.org\/{rel}","templated":true}]}}