{"id":35983,"date":"2024-02-27T15:58:53","date_gmt":"2024-02-27T15:58:53","guid":{"rendered":"https:\/\/algarve7.pt\/?p=35983"},"modified":"2024-02-27T15:58:55","modified_gmt":"2024-02-27T15:58:55","slug":"sofia-figueiredo-e-a-premiada-da-oitava-edicao-do-premio-carreira-alumni-da-ualg","status":"publish","type":"post","link":"https:\/\/algarve7.pt\/index.php\/2024\/02\/sofia-figueiredo-e-a-premiada-da-oitava-edicao-do-premio-carreira-alumni-da-ualg\/atualidade\/15\/58\/","title":{"rendered":"Sofia Figueiredo \u00e9 a premiada da oitava edi\u00e7\u00e3o do Pr\u00e9mio Carreira Alumni da UAlg"},"content":{"rendered":"\n<p><strong>Sofia Figueiredo, licenciada em Engenharia de Sistemas e Computa\u00e7\u00e3o (1999), foi distinguida com o Pr\u00e9mio Carreira Alumni da UAlg, numa cerim\u00f3nia p\u00fablica, que decorreu no dia 26 de fevereiro, \u00e0s 11h45, na sala de semin\u00e1rios da biblioteca Ant\u00f3nio Rosa Mendes, do&nbsp;<em>Campus<\/em>&nbsp;de Gambelas.<\/strong><\/p>\n\n\n\n<p>Foi com &#8220;grande honra&#8221; que a homenageada recebeu o Pr\u00e9mio Carreira&nbsp;<em>Alumni<\/em>, referindo durante o seu discurso de agradecimento que &#8220;esta iniciativa \u00e9 de enorme import\u00e2ncia, pois permite reconectar a comunidade&nbsp;<em>alumni&nbsp;<\/em>com Universidade&#8221;. Sofia Figueiredo salientou, ainda, que: \u201ccom esta distin\u00e7\u00e3o espero poder influenciar mulheres e raparigas cientistas, acreditando que este pr\u00e9mio \u00e9, tamb\u00e9m, &#8220;sobre representatividade&#8221;.<\/p>\n\n\n\n<p>A terminar, a<em>&nbsp;alumni<\/em>&nbsp;refere que \u00e9 agora &#8220;embaixadora da UAlg&#8221; e que espera &#8220;honrar essa responsabilidade&#8221;.<\/p>\n\n\n\n<p><strong>Sobre Sofia Figueiredo:<\/strong><\/p>\n\n\n\n<p>Natural de Lisboa.&nbsp;Concluiu a licenciatura em Engenharia de Sistemas e Computa\u00e7\u00e3o em 1999 na Universidade do Algarve.<\/p>\n\n\n\n<p>\u00c9 mestre em Bioinform\u00e1tica pela Universidade de Lisboa e doutora em Biof\u00edsica Te\u00f3rica pela Humbolt-Universit\u00e4t zu Berlin.<\/p>\n\n\n\n<p>\u00c9 investigadora na \u00e1rea de biologia computacional na ind\u00fastria farmac\u00eautica e conta com mais de 18 anos de experi\u00eancia no desenvolvimento de modelos matem\u00e1ticos de processos biol\u00f3gicos e an\u00e1lise de dados.<\/p>\n\n\n\n<p>Apaixonada pela aplica\u00e7\u00e3o de m\u00e9todos matem\u00e1ticos para resolver problemas complexos em medicina ou biologia.<\/p>\n\n\n\n<p>Mais de dez publica\u00e7\u00f5es cient\u00edficas, com +650 cita\u00e7\u00f5es no total (\u00edndice h 9) e mais de 30 comunica\u00e7\u00f5es orais, tamb\u00e9m como oradora principal (convidada) em confer\u00eancias internacionais (por exemplo, FELASA) e no Parlamento Europeu.<\/p>\n\n\n\n<p>Estabelece com sucesso colabora\u00e7\u00f5es internacionais na academia e na ind\u00fastria. Orienta jovens cientistas. Ativa em trabalho volunt\u00e1rio como presidente executiva da ASPPA, e.V. (Associa\u00e7\u00e3o Portuguesa de Investigadores na Alemanha) em 2019-2020.<\/p>\n\n\n\n<p>Vencedora do Concurso Nature 2015, \u201cPublishing Better Science Through Better Data\u201d.<\/p>\n\n\n\n<p>Tem tr\u00eas filhos e vive na Alemanha com a sua fam\u00edlia.<\/p>\n","protected":false},"excerpt":{"rendered":"<p>Sofia Figueiredo, licenciada em Engenharia de Sistemas e Computa\u00e7\u00e3o (1999), foi distinguida com o Pr\u00e9mio Carreira Alumni da UAlg, numa<\/p>\n","protected":false},"author":1,"featured_media":35984,"comment_status":"closed","ping_status":"open","sticky":false,"template":"","format":"standard","meta":{"colormag_page_container_layout":"default_layout","colormag_page_sidebar_layout":"default_layout","_monsterinsights_skip_tracking":false,"_monsterinsights_sitenote_active":false,"_monsterinsights_sitenote_note":"","_monsterinsights_sitenote_category":0,"jetpack_post_was_ever_published":false,"_jetpack_newsletter_access":"","_jetpack_dont_email_post_to_subs":false,"_jetpack_newsletter_tier_id":0,"_jetpack_memberships_contains_paywalled_content":false,"_jetpack_memberships_contains_paid_content":false,"footnotes":"","jetpack_publicize_message":"","jetpack_publicize_feature_enabled":true,"jetpack_social_post_already_shared":true,"jetpack_social_options":{"image_generator_settings":{"template":"highway","default_image_id":0,"font":"","enabled":false},"version":2}},"categories":[11],"tags":[36,62,182],"class_list":["post-35983","post","type-post","status-publish","format-standard","has-post-thumbnail","hentry","category-atualidade","tag-algarve","tag-atualidade","tag-ualg"],"yoast_head":"<!-- This site is optimized with the Yoast SEO plugin v27.5 - https:\/\/yoast.com\/product\/yoast-seo-wordpress\/ -->\n<title>Sofia Figueiredo \u00e9 a premiada da oitava edi\u00e7\u00e3o do Pr\u00e9mio Carreira Alumni da UAlg - Algarve 7<\/title>\n<meta name=\"description\" content=\"Sofia Figueiredo \u00e9 a premiada da oitava edi\u00e7\u00e3o do Pr\u00e9mio Carreira Alumni da UAlg Atualidade\" \/>\n<meta name=\"robots\" content=\"index, follow, max-snippet:-1, max-image-preview:large, max-video-preview:-1\" \/>\n<link rel=\"canonical\" href=\"https:\/\/algarve7.pt\/index.php\/2024\/02\/sofia-figueiredo-e-a-premiada-da-oitava-edicao-do-premio-carreira-alumni-da-ualg\/atualidade\/15\/58\/\" \/>\n<meta property=\"og:locale\" content=\"pt_PT\" \/>\n<meta property=\"og:type\" content=\"article\" \/>\n<meta property=\"og:title\" content=\"Sofia Figueiredo \u00e9 a premiada da oitava edi\u00e7\u00e3o do Pr\u00e9mio Carreira Alumni da UAlg - Algarve 7\" \/>\n<meta property=\"og:description\" content=\"Sofia Figueiredo \u00e9 a premiada da oitava edi\u00e7\u00e3o do Pr\u00e9mio Carreira Alumni da UAlg Atualidade\" \/>\n<meta property=\"og:url\" content=\"https:\/\/algarve7.pt\/index.php\/2024\/02\/sofia-figueiredo-e-a-premiada-da-oitava-edicao-do-premio-carreira-alumni-da-ualg\/atualidade\/15\/58\/\" \/>\n<meta property=\"og:site_name\" content=\"Algarve 7\" \/>\n<meta property=\"article:publisher\" content=\"https:\/\/www.facebook.com\/algarve7\" \/>\n<meta property=\"article:author\" content=\"https:\/\/www.facebook.com\/algarve7\" \/>\n<meta property=\"article:published_time\" content=\"2024-02-27T15:58:53+00:00\" \/>\n<meta property=\"article:modified_time\" content=\"2024-02-27T15:58:55+00:00\" \/>\n<meta property=\"og:image\" content=\"https:\/\/algarve7.pt\/wp-content\/uploads\/2024\/02\/PCA_L_19.jpg\" \/>\n\t<meta property=\"og:image:width\" content=\"1000\" \/>\n\t<meta property=\"og:image:height\" content=\"666\" \/>\n\t<meta property=\"og:image:type\" content=\"image\/jpeg\" \/>\n<meta name=\"author\" content=\"Algarve 7\" \/>\n<meta name=\"twitter:card\" content=\"summary_large_image\" \/>\n<meta name=\"twitter:creator\" content=\"@Algarvesete\" \/>\n<meta name=\"twitter:site\" content=\"@Algarvesete\" \/>\n<meta name=\"twitter:label1\" content=\"Escrito por\" \/>\n\t<meta name=\"twitter:data1\" content=\"Algarve 7\" \/>\n\t<meta name=\"twitter:label2\" content=\"Tempo estimado de leitura\" \/>\n\t<meta name=\"twitter:data2\" content=\"2 minutos\" \/>\n<script type=\"application\/ld+json\" class=\"yoast-schema-graph\">{\"@context\":\"https:\\\/\\\/schema.org\",\"@graph\":[{\"@type\":\"Article\",\"@id\":\"https:\\\/\\\/algarve7.pt\\\/index.php\\\/2024\\\/02\\\/sofia-figueiredo-e-a-premiada-da-oitava-edicao-do-premio-carreira-alumni-da-ualg\\\/atualidade\\\/15\\\/58\\\/#article\",\"isPartOf\":{\"@id\":\"https:\\\/\\\/algarve7.pt\\\/index.php\\\/2024\\\/02\\\/sofia-figueiredo-e-a-premiada-da-oitava-edicao-do-premio-carreira-alumni-da-ualg\\\/atualidade\\\/15\\\/58\\\/\"},\"author\":{\"name\":\"Algarve 7\",\"@id\":\"https:\\\/\\\/algarve7.pt\\\/#\\\/schema\\\/person\\\/23fa70681308e7b319a3204bcea45e0c\"},\"headline\":\"Sofia Figueiredo \u00e9 a premiada da oitava edi\u00e7\u00e3o do Pr\u00e9mio Carreira Alumni da UAlg\",\"datePublished\":\"2024-02-27T15:58:53+00:00\",\"dateModified\":\"2024-02-27T15:58:55+00:00\",\"mainEntityOfPage\":{\"@id\":\"https:\\\/\\\/algarve7.pt\\\/index.php\\\/2024\\\/02\\\/sofia-figueiredo-e-a-premiada-da-oitava-edicao-do-premio-carreira-alumni-da-ualg\\\/atualidade\\\/15\\\/58\\\/\"},\"wordCount\":336,\"publisher\":{\"@id\":\"https:\\\/\\\/algarve7.pt\\\/#organization\"},\"image\":{\"@id\":\"https:\\\/\\\/algarve7.pt\\\/index.php\\\/2024\\\/02\\\/sofia-figueiredo-e-a-premiada-da-oitava-edicao-do-premio-carreira-alumni-da-ualg\\\/atualidade\\\/15\\\/58\\\/#primaryimage\"},\"thumbnailUrl\":\"https:\\\/\\\/algarve7.pt\\\/wp-content\\\/uploads\\\/2024\\\/02\\\/PCA_L_19.jpg\",\"keywords\":[\"Algarve\",\"Atualidade\",\"UALG\"],\"articleSection\":[\"Atualidade\"],\"inLanguage\":\"pt-PT\"},{\"@type\":\"WebPage\",\"@id\":\"https:\\\/\\\/algarve7.pt\\\/index.php\\\/2024\\\/02\\\/sofia-figueiredo-e-a-premiada-da-oitava-edicao-do-premio-carreira-alumni-da-ualg\\\/atualidade\\\/15\\\/58\\\/\",\"url\":\"https:\\\/\\\/algarve7.pt\\\/index.php\\\/2024\\\/02\\\/sofia-figueiredo-e-a-premiada-da-oitava-edicao-do-premio-carreira-alumni-da-ualg\\\/atualidade\\\/15\\\/58\\\/\",\"name\":\"Sofia Figueiredo \u00e9 a premiada da oitava edi\u00e7\u00e3o do Pr\u00e9mio Carreira Alumni da UAlg - Algarve 7\",\"isPartOf\":{\"@id\":\"https:\\\/\\\/algarve7.pt\\\/#website\"},\"primaryImageOfPage\":{\"@id\":\"https:\\\/\\\/algarve7.pt\\\/index.php\\\/2024\\\/02\\\/sofia-figueiredo-e-a-premiada-da-oitava-edicao-do-premio-carreira-alumni-da-ualg\\\/atualidade\\\/15\\\/58\\\/#primaryimage\"},\"image\":{\"@id\":\"https:\\\/\\\/algarve7.pt\\\/index.php\\\/2024\\\/02\\\/sofia-figueiredo-e-a-premiada-da-oitava-edicao-do-premio-carreira-alumni-da-ualg\\\/atualidade\\\/15\\\/58\\\/#primaryimage\"},\"thumbnailUrl\":\"https:\\\/\\\/algarve7.pt\\\/wp-content\\\/uploads\\\/2024\\\/02\\\/PCA_L_19.jpg\",\"datePublished\":\"2024-02-27T15:58:53+00:00\",\"dateModified\":\"2024-02-27T15:58:55+00:00\",\"description\":\"Sofia Figueiredo \u00e9 a premiada da oitava edi\u00e7\u00e3o do Pr\u00e9mio Carreira Alumni da UAlg Atualidade\",\"breadcrumb\":{\"@id\":\"https:\\\/\\\/algarve7.pt\\\/index.php\\\/2024\\\/02\\\/sofia-figueiredo-e-a-premiada-da-oitava-edicao-do-premio-carreira-alumni-da-ualg\\\/atualidade\\\/15\\\/58\\\/#breadcrumb\"},\"inLanguage\":\"pt-PT\",\"potentialAction\":[{\"@type\":\"ReadAction\",\"target\":[\"https:\\\/\\\/algarve7.pt\\\/index.php\\\/2024\\\/02\\\/sofia-figueiredo-e-a-premiada-da-oitava-edicao-do-premio-carreira-alumni-da-ualg\\\/atualidade\\\/15\\\/58\\\/\"]}]},{\"@type\":\"ImageObject\",\"inLanguage\":\"pt-PT\",\"@id\":\"https:\\\/\\\/algarve7.pt\\\/index.php\\\/2024\\\/02\\\/sofia-figueiredo-e-a-premiada-da-oitava-edicao-do-premio-carreira-alumni-da-ualg\\\/atualidade\\\/15\\\/58\\\/#primaryimage\",\"url\":\"https:\\\/\\\/algarve7.pt\\\/wp-content\\\/uploads\\\/2024\\\/02\\\/PCA_L_19.jpg\",\"contentUrl\":\"https:\\\/\\\/algarve7.pt\\\/wp-content\\\/uploads\\\/2024\\\/02\\\/PCA_L_19.jpg\",\"width\":1000,\"height\":666},{\"@type\":\"BreadcrumbList\",\"@id\":\"https:\\\/\\\/algarve7.pt\\\/index.php\\\/2024\\\/02\\\/sofia-figueiredo-e-a-premiada-da-oitava-edicao-do-premio-carreira-alumni-da-ualg\\\/atualidade\\\/15\\\/58\\\/#breadcrumb\",\"itemListElement\":[{\"@type\":\"ListItem\",\"position\":1,\"name\":\"In\u00edcio\",\"item\":\"https:\\\/\\\/algarve7.pt\\\/\"},{\"@type\":\"ListItem\",\"position\":2,\"name\":\"Sofia Figueiredo \u00e9 a premiada da oitava edi\u00e7\u00e3o do Pr\u00e9mio Carreira Alumni da UAlg\"}]},{\"@type\":\"WebSite\",\"@id\":\"https:\\\/\\\/algarve7.pt\\\/#website\",\"url\":\"https:\\\/\\\/algarve7.pt\\\/\",\"name\":\"Algarve 7\",\"description\":\"Informa\u00e7\u00e3o sobre o Algarve\",\"publisher\":{\"@id\":\"https:\\\/\\\/algarve7.pt\\\/#organization\"},\"potentialAction\":[{\"@type\":\"SearchAction\",\"target\":{\"@type\":\"EntryPoint\",\"urlTemplate\":\"https:\\\/\\\/algarve7.pt\\\/?s={search_term_string}\"},\"query-input\":{\"@type\":\"PropertyValueSpecification\",\"valueRequired\":true,\"valueName\":\"search_term_string\"}}],\"inLanguage\":\"pt-PT\"},{\"@type\":\"Organization\",\"@id\":\"https:\\\/\\\/algarve7.pt\\\/#organization\",\"name\":\"Algarve 7\",\"url\":\"https:\\\/\\\/algarve7.pt\\\/\",\"logo\":{\"@type\":\"ImageObject\",\"inLanguage\":\"pt-PT\",\"@id\":\"https:\\\/\\\/algarve7.pt\\\/#\\\/schema\\\/logo\\\/image\\\/\",\"url\":\"https:\\\/\\\/algarve7.pt\\\/wp-content\\\/uploads\\\/2020\\\/10\\\/Logo-8.jpg\",\"contentUrl\":\"https:\\\/\\\/algarve7.pt\\\/wp-content\\\/uploads\\\/2020\\\/10\\\/Logo-8.jpg\",\"width\":1680,\"height\":1186,\"caption\":\"Algarve 7\"},\"image\":{\"@id\":\"https:\\\/\\\/algarve7.pt\\\/#\\\/schema\\\/logo\\\/image\\\/\"},\"sameAs\":[\"https:\\\/\\\/www.facebook.com\\\/algarve7\",\"https:\\\/\\\/x.com\\\/Algarvesete\",\"https:\\\/\\\/www.instagram.com\\\/jornalalgarve7\\\/\",\"https:\\\/\\\/www.linkedin.com\\\/company\\\/algarve7\",\"https:\\\/\\\/www.pinterest.pt\\\/geral0939\\\/_created\\\/\"]},{\"@type\":\"Person\",\"@id\":\"https:\\\/\\\/algarve7.pt\\\/#\\\/schema\\\/person\\\/23fa70681308e7b319a3204bcea45e0c\",\"name\":\"Algarve 7\",\"sameAs\":[\"https:\\\/\\\/algarve7.pt\",\"https:\\\/\\\/www.facebook.com\\\/algarve7\"],\"url\":\"https:\\\/\\\/algarve7.pt\\\/index.php\\\/author\\\/geralalgarve7-pt\\\/\"}]}<\/script>\n<!-- \/ Yoast SEO plugin. -->","yoast_head_json":{"title":"Sofia Figueiredo \u00e9 a premiada da oitava edi\u00e7\u00e3o do Pr\u00e9mio Carreira Alumni da UAlg - Algarve 7","description":"Sofia Figueiredo \u00e9 a premiada da oitava edi\u00e7\u00e3o do Pr\u00e9mio Carreira Alumni da UAlg Atualidade","robots":{"index":"index","follow":"follow","max-snippet":"max-snippet:-1","max-image-preview":"max-image-preview:large","max-video-preview":"max-video-preview:-1"},"canonical":"https:\/\/algarve7.pt\/index.php\/2024\/02\/sofia-figueiredo-e-a-premiada-da-oitava-edicao-do-premio-carreira-alumni-da-ualg\/atualidade\/15\/58\/","og_locale":"pt_PT","og_type":"article","og_title":"Sofia Figueiredo \u00e9 a premiada da oitava edi\u00e7\u00e3o do Pr\u00e9mio Carreira Alumni da UAlg - Algarve 7","og_description":"Sofia Figueiredo \u00e9 a premiada da oitava edi\u00e7\u00e3o do Pr\u00e9mio Carreira Alumni da UAlg Atualidade","og_url":"https:\/\/algarve7.pt\/index.php\/2024\/02\/sofia-figueiredo-e-a-premiada-da-oitava-edicao-do-premio-carreira-alumni-da-ualg\/atualidade\/15\/58\/","og_site_name":"Algarve 7","article_publisher":"https:\/\/www.facebook.com\/algarve7","article_author":"https:\/\/www.facebook.com\/algarve7","article_published_time":"2024-02-27T15:58:53+00:00","article_modified_time":"2024-02-27T15:58:55+00:00","og_image":[{"width":1000,"height":666,"url":"https:\/\/algarve7.pt\/wp-content\/uploads\/2024\/02\/PCA_L_19.jpg","type":"image\/jpeg"}],"author":"Algarve 7","twitter_card":"summary_large_image","twitter_creator":"@Algarvesete","twitter_site":"@Algarvesete","twitter_misc":{"Escrito por":"Algarve 7","Tempo estimado de leitura":"2 minutos"},"schema":{"@context":"https:\/\/schema.org","@graph":[{"@type":"Article","@id":"https:\/\/algarve7.pt\/index.php\/2024\/02\/sofia-figueiredo-e-a-premiada-da-oitava-edicao-do-premio-carreira-alumni-da-ualg\/atualidade\/15\/58\/#article","isPartOf":{"@id":"https:\/\/algarve7.pt\/index.php\/2024\/02\/sofia-figueiredo-e-a-premiada-da-oitava-edicao-do-premio-carreira-alumni-da-ualg\/atualidade\/15\/58\/"},"author":{"name":"Algarve 7","@id":"https:\/\/algarve7.pt\/#\/schema\/person\/23fa70681308e7b319a3204bcea45e0c"},"headline":"Sofia Figueiredo \u00e9 a premiada da oitava edi\u00e7\u00e3o do Pr\u00e9mio Carreira Alumni da UAlg","datePublished":"2024-02-27T15:58:53+00:00","dateModified":"2024-02-27T15:58:55+00:00","mainEntityOfPage":{"@id":"https:\/\/algarve7.pt\/index.php\/2024\/02\/sofia-figueiredo-e-a-premiada-da-oitava-edicao-do-premio-carreira-alumni-da-ualg\/atualidade\/15\/58\/"},"wordCount":336,"publisher":{"@id":"https:\/\/algarve7.pt\/#organization"},"image":{"@id":"https:\/\/algarve7.pt\/index.php\/2024\/02\/sofia-figueiredo-e-a-premiada-da-oitava-edicao-do-premio-carreira-alumni-da-ualg\/atualidade\/15\/58\/#primaryimage"},"thumbnailUrl":"https:\/\/algarve7.pt\/wp-content\/uploads\/2024\/02\/PCA_L_19.jpg","keywords":["Algarve","Atualidade","UALG"],"articleSection":["Atualidade"],"inLanguage":"pt-PT"},{"@type":"WebPage","@id":"https:\/\/algarve7.pt\/index.php\/2024\/02\/sofia-figueiredo-e-a-premiada-da-oitava-edicao-do-premio-carreira-alumni-da-ualg\/atualidade\/15\/58\/","url":"https:\/\/algarve7.pt\/index.php\/2024\/02\/sofia-figueiredo-e-a-premiada-da-oitava-edicao-do-premio-carreira-alumni-da-ualg\/atualidade\/15\/58\/","name":"Sofia Figueiredo \u00e9 a premiada da oitava edi\u00e7\u00e3o do Pr\u00e9mio Carreira Alumni da UAlg - Algarve 7","isPartOf":{"@id":"https:\/\/algarve7.pt\/#website"},"primaryImageOfPage":{"@id":"https:\/\/algarve7.pt\/index.php\/2024\/02\/sofia-figueiredo-e-a-premiada-da-oitava-edicao-do-premio-carreira-alumni-da-ualg\/atualidade\/15\/58\/#primaryimage"},"image":{"@id":"https:\/\/algarve7.pt\/index.php\/2024\/02\/sofia-figueiredo-e-a-premiada-da-oitava-edicao-do-premio-carreira-alumni-da-ualg\/atualidade\/15\/58\/#primaryimage"},"thumbnailUrl":"https:\/\/algarve7.pt\/wp-content\/uploads\/2024\/02\/PCA_L_19.jpg","datePublished":"2024-02-27T15:58:53+00:00","dateModified":"2024-02-27T15:58:55+00:00","description":"Sofia Figueiredo \u00e9 a premiada da oitava edi\u00e7\u00e3o do Pr\u00e9mio Carreira Alumni da UAlg Atualidade","breadcrumb":{"@id":"https:\/\/algarve7.pt\/index.php\/2024\/02\/sofia-figueiredo-e-a-premiada-da-oitava-edicao-do-premio-carreira-alumni-da-ualg\/atualidade\/15\/58\/#breadcrumb"},"inLanguage":"pt-PT","potentialAction":[{"@type":"ReadAction","target":["https:\/\/algarve7.pt\/index.php\/2024\/02\/sofia-figueiredo-e-a-premiada-da-oitava-edicao-do-premio-carreira-alumni-da-ualg\/atualidade\/15\/58\/"]}]},{"@type":"ImageObject","inLanguage":"pt-PT","@id":"https:\/\/algarve7.pt\/index.php\/2024\/02\/sofia-figueiredo-e-a-premiada-da-oitava-edicao-do-premio-carreira-alumni-da-ualg\/atualidade\/15\/58\/#primaryimage","url":"https:\/\/algarve7.pt\/wp-content\/uploads\/2024\/02\/PCA_L_19.jpg","contentUrl":"https:\/\/algarve7.pt\/wp-content\/uploads\/2024\/02\/PCA_L_19.jpg","width":1000,"height":666},{"@type":"BreadcrumbList","@id":"https:\/\/algarve7.pt\/index.php\/2024\/02\/sofia-figueiredo-e-a-premiada-da-oitava-edicao-do-premio-carreira-alumni-da-ualg\/atualidade\/15\/58\/#breadcrumb","itemListElement":[{"@type":"ListItem","position":1,"name":"In\u00edcio","item":"https:\/\/algarve7.pt\/"},{"@type":"ListItem","position":2,"name":"Sofia Figueiredo \u00e9 a premiada da oitava edi\u00e7\u00e3o do Pr\u00e9mio Carreira Alumni da UAlg"}]},{"@type":"WebSite","@id":"https:\/\/algarve7.pt\/#website","url":"https:\/\/algarve7.pt\/","name":"Algarve 7","description":"Informa\u00e7\u00e3o sobre o Algarve","publisher":{"@id":"https:\/\/algarve7.pt\/#organization"},"potentialAction":[{"@type":"SearchAction","target":{"@type":"EntryPoint","urlTemplate":"https:\/\/algarve7.pt\/?s={search_term_string}"},"query-input":{"@type":"PropertyValueSpecification","valueRequired":true,"valueName":"search_term_string"}}],"inLanguage":"pt-PT"},{"@type":"Organization","@id":"https:\/\/algarve7.pt\/#organization","name":"Algarve 7","url":"https:\/\/algarve7.pt\/","logo":{"@type":"ImageObject","inLanguage":"pt-PT","@id":"https:\/\/algarve7.pt\/#\/schema\/logo\/image\/","url":"https:\/\/algarve7.pt\/wp-content\/uploads\/2020\/10\/Logo-8.jpg","contentUrl":"https:\/\/algarve7.pt\/wp-content\/uploads\/2020\/10\/Logo-8.jpg","width":1680,"height":1186,"caption":"Algarve 7"},"image":{"@id":"https:\/\/algarve7.pt\/#\/schema\/logo\/image\/"},"sameAs":["https:\/\/www.facebook.com\/algarve7","https:\/\/x.com\/Algarvesete","https:\/\/www.instagram.com\/jornalalgarve7\/","https:\/\/www.linkedin.com\/company\/algarve7","https:\/\/www.pinterest.pt\/geral0939\/_created\/"]},{"@type":"Person","@id":"https:\/\/algarve7.pt\/#\/schema\/person\/23fa70681308e7b319a3204bcea45e0c","name":"Algarve 7","sameAs":["https:\/\/algarve7.pt","https:\/\/www.facebook.com\/algarve7"],"url":"https:\/\/algarve7.pt\/index.php\/author\/geralalgarve7-pt\/"}]}},"jetpack_publicize_connections":[],"jetpack_featured_media_url":"https:\/\/algarve7.pt\/wp-content\/uploads\/2024\/02\/PCA_L_19.jpg","jetpack_shortlink":"https:\/\/wp.me\/pcezmW-9mn","jetpack_sharing_enabled":true,"_links":{"self":[{"href":"https:\/\/algarve7.pt\/index.php\/wp-json\/wp\/v2\/posts\/35983","targetHints":{"allow":["GET"]}}],"collection":[{"href":"https:\/\/algarve7.pt\/index.php\/wp-json\/wp\/v2\/posts"}],"about":[{"href":"https:\/\/algarve7.pt\/index.php\/wp-json\/wp\/v2\/types\/post"}],"author":[{"embeddable":true,"href":"https:\/\/algarve7.pt\/index.php\/wp-json\/wp\/v2\/users\/1"}],"replies":[{"embeddable":true,"href":"https:\/\/algarve7.pt\/index.php\/wp-json\/wp\/v2\/comments?post=35983"}],"version-history":[{"count":0,"href":"https:\/\/algarve7.pt\/index.php\/wp-json\/wp\/v2\/posts\/35983\/revisions"}],"wp:featuredmedia":[{"embeddable":true,"href":"https:\/\/algarve7.pt\/index.php\/wp-json\/wp\/v2\/media\/35984"}],"wp:attachment":[{"href":"https:\/\/algarve7.pt\/index.php\/wp-json\/wp\/v2\/media?parent=35983"}],"wp:term":[{"taxonomy":"category","embeddable":true,"href":"https:\/\/algarve7.pt\/index.php\/wp-json\/wp\/v2\/categories?post=35983"},{"taxonomy":"post_tag","embeddable":true,"href":"https:\/\/algarve7.pt\/index.php\/wp-json\/wp\/v2\/tags?post=35983"}],"curies":[{"name":"wp","href":"https:\/\/api.w.org\/{rel}","templated":true}]}}