{"id":35955,"date":"2024-02-27T12:00:00","date_gmt":"2024-02-27T12:00:00","guid":{"rendered":"https:\/\/algarve7.pt\/?p=35955"},"modified":"2024-02-27T10:45:09","modified_gmt":"2024-02-27T10:45:09","slug":"mais-de-quatrocentos-judocas-disputam-o-campeonato-nacional-de-judo-2024-em-albufeira","status":"publish","type":"post","link":"https:\/\/algarve7.pt\/index.php\/2024\/02\/mais-de-quatrocentos-judocas-disputam-o-campeonato-nacional-de-judo-2024-em-albufeira\/desporto\/12\/00\/","title":{"rendered":"Mais de quatrocentos judocas disputam o campeonato nacional de judo 2024 em Albufeira\u00a0 \u00a0\u00a0"},"content":{"rendered":"\n<p>S\u00e3o cerca de 450, os atletas que, nos pr\u00f3ximos dias 2 e 3 de mar\u00e7o, marcam presen\u00e7a no Campeonato Nacional Juniores e Nacional Equipas Juniores de Judo. A competi\u00e7\u00e3o, organizada pela Federa\u00e7\u00e3o Portuguesa de Judo com o apoio do Munic\u00edpio de Albufeira, Associa\u00e7\u00e3o Distrital de Judo do Algarve e Instituto Portugu\u00eas do Desporto e Juventude, realiza-se no Pavilh\u00e3o Municipal de Albufeira, a partir das 10h00.<\/p>\n\n\n\n<p>Em competi\u00e7\u00e3o v\u00e3o estar 700 clubes de Portugal Continental e Ilhas, distribu\u00eddos pelas v\u00e1rias categorias de peso, nomeadamente, -60 kg, -66 kg, -73 kg, -81kg, -90 kg, -100 kg, +100 kg (masculino) e -48 kg, -52 kg, -57 kg, -63 kg, -70 kg, -78 kg e +78 kg (feminino).<\/p>\n\n\n\n<p>Por Albufeira concorrem a um lugar no p\u00f3dio Luan Abib, Rodrigo Neto, Daniel Kulish e B\u00e1rbara Soledade, na prova individual e, na prova por equipas, Danilo Storozhuk, Luan Abib e Rodrigo Neto, atletas do Clube Desportivo Areias de S\u00e3o Jo\u00e3o.<\/p>\n\n\n\n<p>Jos\u00e9 Carlos Rolo, presidente da C\u00e2mara Municipal de Albufeira, afirma que esta \u201c\u00e9 mais uma demonstra\u00e7\u00e3o clara do apoio e investimento do Munic\u00edpio no Desporto\u201d. O autarca sublinha a import\u00e2ncia do desporto a n\u00edvel competitivo, com as equipas a esfor\u00e7arem-se para alcan\u00e7arem bons resultados e, com isso, a contribu\u00edrem para levar o nome de Albufeira mais longe, mas tamb\u00e9m ao n\u00edvel das camadas de forma\u00e7\u00e3o e da atividade desportiva informal \u201ccomo forma de promo\u00e7\u00e3o da cidadania, do espirito de equipa e da disciplina, contribuindo para a forma\u00e7\u00e3o de uma sociedade mais equilibrada e inclusiva\u201d.<\/p>\n\n\n\n<p>Cristiano Cabrita, vice-presidente da autarquia e respons\u00e1vel pelos pelouros do Desporto e Juventude, acrescenta que \u201cAlbufeira continua a demonstrar ter condi\u00e7\u00f5es para receber grandes eventos desportivos a n\u00edvel nacional e internacional, o que nos posiciona numa situa\u00e7\u00e3o confort\u00e1vel para sermos Cidade Europeia do Desporto em 2026\u201d. O autarca faz ainda quest\u00e3o de frisar a import\u00e2ncia de acolher este tipo de eventos durante a \u00e9poca baixa, o que ajuda a dinamizar a economia local e, simultaneamente, \u00e9 uma aposta forte no Turismo Desportivo, uma vez que os atletas para al\u00e9m das equipas t\u00e9cnicas, v\u00eam normalmente acompanhados de familiares e amigos que aproveitam para conhecer o concelho. &nbsp;<\/p>\n","protected":false},"excerpt":{"rendered":"<p>S\u00e3o cerca de 450, os atletas que, nos pr\u00f3ximos dias 2 e 3 de mar\u00e7o, marcam presen\u00e7a no Campeonato Nacional<\/p>\n","protected":false},"author":1,"featured_media":35956,"comment_status":"closed","ping_status":"open","sticky":false,"template":"","format":"standard","meta":{"colormag_page_container_layout":"default_layout","colormag_page_sidebar_layout":"default_layout","_monsterinsights_skip_tracking":false,"_monsterinsights_sitenote_active":false,"_monsterinsights_sitenote_note":"","_monsterinsights_sitenote_category":0,"jetpack_post_was_ever_published":false,"_jetpack_newsletter_access":"","_jetpack_dont_email_post_to_subs":false,"_jetpack_newsletter_tier_id":0,"_jetpack_memberships_contains_paywalled_content":false,"_jetpack_memberships_contains_paid_content":false,"footnotes":"","jetpack_publicize_message":"","jetpack_publicize_feature_enabled":true,"jetpack_social_post_already_shared":true,"jetpack_social_options":{"image_generator_settings":{"template":"highway","default_image_id":0,"font":"","enabled":false},"version":2}},"categories":[15],"tags":[155,36,40,252],"class_list":["post-35955","post","type-post","status-publish","format-standard","has-post-thumbnail","hentry","category-desporto","tag-albufeira","tag-algarve","tag-desporto","tag-judo"],"yoast_head":"<!-- This site is optimized with the Yoast SEO plugin v27.5 - https:\/\/yoast.com\/product\/yoast-seo-wordpress\/ -->\n<title>Mais de quatrocentos judocas disputam o campeonato nacional de judo 2024 em Albufeira\u00a0 \u00a0\u00a0 - Algarve 7<\/title>\n<meta name=\"description\" content=\"Mais de quatrocentos judocas disputam o campeonato nacional de judo 2024 em Albufeira\u00a0 \u00a0\u00a0 Desporto\" \/>\n<meta name=\"robots\" content=\"index, follow, max-snippet:-1, max-image-preview:large, max-video-preview:-1\" \/>\n<link rel=\"canonical\" href=\"https:\/\/algarve7.pt\/index.php\/2024\/02\/mais-de-quatrocentos-judocas-disputam-o-campeonato-nacional-de-judo-2024-em-albufeira\/desporto\/12\/00\/\" \/>\n<meta property=\"og:locale\" content=\"pt_PT\" \/>\n<meta property=\"og:type\" content=\"article\" \/>\n<meta property=\"og:title\" content=\"Mais de quatrocentos judocas disputam o campeonato nacional de judo 2024 em Albufeira\u00a0 \u00a0\u00a0 - Algarve 7\" \/>\n<meta property=\"og:description\" content=\"Mais de quatrocentos judocas disputam o campeonato nacional de judo 2024 em Albufeira\u00a0 \u00a0\u00a0 Desporto\" \/>\n<meta property=\"og:url\" content=\"https:\/\/algarve7.pt\/index.php\/2024\/02\/mais-de-quatrocentos-judocas-disputam-o-campeonato-nacional-de-judo-2024-em-albufeira\/desporto\/12\/00\/\" \/>\n<meta property=\"og:site_name\" content=\"Algarve 7\" \/>\n<meta property=\"article:publisher\" content=\"https:\/\/www.facebook.com\/algarve7\" \/>\n<meta property=\"article:author\" content=\"https:\/\/www.facebook.com\/algarve7\" \/>\n<meta property=\"article:published_time\" content=\"2024-02-27T12:00:00+00:00\" \/>\n<meta property=\"og:image\" content=\"https:\/\/algarve7.pt\/wp-content\/uploads\/2024\/02\/Cartaz_CN_Juniores_2024-_4_-JUDO-jpg-e1709030676390.jpg\" \/>\n\t<meta property=\"og:image:width\" content=\"669\" \/>\n\t<meta property=\"og:image:height\" content=\"831\" \/>\n\t<meta property=\"og:image:type\" content=\"image\/jpeg\" \/>\n<meta name=\"author\" content=\"Algarve 7\" \/>\n<meta name=\"twitter:card\" content=\"summary_large_image\" \/>\n<meta name=\"twitter:creator\" content=\"@Algarvesete\" \/>\n<meta name=\"twitter:site\" content=\"@Algarvesete\" \/>\n<meta name=\"twitter:label1\" content=\"Escrito por\" \/>\n\t<meta name=\"twitter:data1\" content=\"Algarve 7\" \/>\n\t<meta name=\"twitter:label2\" content=\"Tempo estimado de leitura\" \/>\n\t<meta name=\"twitter:data2\" content=\"3 minutos\" \/>\n<script type=\"application\/ld+json\" class=\"yoast-schema-graph\">{\"@context\":\"https:\\\/\\\/schema.org\",\"@graph\":[{\"@type\":\"Article\",\"@id\":\"https:\\\/\\\/algarve7.pt\\\/index.php\\\/2024\\\/02\\\/mais-de-quatrocentos-judocas-disputam-o-campeonato-nacional-de-judo-2024-em-albufeira\\\/desporto\\\/12\\\/00\\\/#article\",\"isPartOf\":{\"@id\":\"https:\\\/\\\/algarve7.pt\\\/index.php\\\/2024\\\/02\\\/mais-de-quatrocentos-judocas-disputam-o-campeonato-nacional-de-judo-2024-em-albufeira\\\/desporto\\\/12\\\/00\\\/\"},\"author\":{\"name\":\"Algarve 7\",\"@id\":\"https:\\\/\\\/algarve7.pt\\\/#\\\/schema\\\/person\\\/23fa70681308e7b319a3204bcea45e0c\"},\"headline\":\"Mais de quatrocentos judocas disputam o campeonato nacional de judo 2024 em Albufeira\u00a0 \u00a0\u00a0\",\"datePublished\":\"2024-02-27T12:00:00+00:00\",\"mainEntityOfPage\":{\"@id\":\"https:\\\/\\\/algarve7.pt\\\/index.php\\\/2024\\\/02\\\/mais-de-quatrocentos-judocas-disputam-o-campeonato-nacional-de-judo-2024-em-albufeira\\\/desporto\\\/12\\\/00\\\/\"},\"wordCount\":399,\"publisher\":{\"@id\":\"https:\\\/\\\/algarve7.pt\\\/#organization\"},\"image\":{\"@id\":\"https:\\\/\\\/algarve7.pt\\\/index.php\\\/2024\\\/02\\\/mais-de-quatrocentos-judocas-disputam-o-campeonato-nacional-de-judo-2024-em-albufeira\\\/desporto\\\/12\\\/00\\\/#primaryimage\"},\"thumbnailUrl\":\"https:\\\/\\\/algarve7.pt\\\/wp-content\\\/uploads\\\/2024\\\/02\\\/Cartaz_CN_Juniores_2024-_4_-JUDO-jpg-e1709030676390.jpg\",\"keywords\":[\"Albufeira\",\"Algarve\",\"Desporto\",\"Judo\"],\"articleSection\":[\"Desporto\"],\"inLanguage\":\"pt-PT\"},{\"@type\":\"WebPage\",\"@id\":\"https:\\\/\\\/algarve7.pt\\\/index.php\\\/2024\\\/02\\\/mais-de-quatrocentos-judocas-disputam-o-campeonato-nacional-de-judo-2024-em-albufeira\\\/desporto\\\/12\\\/00\\\/\",\"url\":\"https:\\\/\\\/algarve7.pt\\\/index.php\\\/2024\\\/02\\\/mais-de-quatrocentos-judocas-disputam-o-campeonato-nacional-de-judo-2024-em-albufeira\\\/desporto\\\/12\\\/00\\\/\",\"name\":\"Mais de quatrocentos judocas disputam o campeonato nacional de judo 2024 em Albufeira\u00a0 \u00a0\u00a0 - Algarve 7\",\"isPartOf\":{\"@id\":\"https:\\\/\\\/algarve7.pt\\\/#website\"},\"primaryImageOfPage\":{\"@id\":\"https:\\\/\\\/algarve7.pt\\\/index.php\\\/2024\\\/02\\\/mais-de-quatrocentos-judocas-disputam-o-campeonato-nacional-de-judo-2024-em-albufeira\\\/desporto\\\/12\\\/00\\\/#primaryimage\"},\"image\":{\"@id\":\"https:\\\/\\\/algarve7.pt\\\/index.php\\\/2024\\\/02\\\/mais-de-quatrocentos-judocas-disputam-o-campeonato-nacional-de-judo-2024-em-albufeira\\\/desporto\\\/12\\\/00\\\/#primaryimage\"},\"thumbnailUrl\":\"https:\\\/\\\/algarve7.pt\\\/wp-content\\\/uploads\\\/2024\\\/02\\\/Cartaz_CN_Juniores_2024-_4_-JUDO-jpg-e1709030676390.jpg\",\"datePublished\":\"2024-02-27T12:00:00+00:00\",\"description\":\"Mais de quatrocentos judocas disputam o campeonato nacional de judo 2024 em Albufeira\u00a0 \u00a0\u00a0 Desporto\",\"breadcrumb\":{\"@id\":\"https:\\\/\\\/algarve7.pt\\\/index.php\\\/2024\\\/02\\\/mais-de-quatrocentos-judocas-disputam-o-campeonato-nacional-de-judo-2024-em-albufeira\\\/desporto\\\/12\\\/00\\\/#breadcrumb\"},\"inLanguage\":\"pt-PT\",\"potentialAction\":[{\"@type\":\"ReadAction\",\"target\":[\"https:\\\/\\\/algarve7.pt\\\/index.php\\\/2024\\\/02\\\/mais-de-quatrocentos-judocas-disputam-o-campeonato-nacional-de-judo-2024-em-albufeira\\\/desporto\\\/12\\\/00\\\/\"]}]},{\"@type\":\"ImageObject\",\"inLanguage\":\"pt-PT\",\"@id\":\"https:\\\/\\\/algarve7.pt\\\/index.php\\\/2024\\\/02\\\/mais-de-quatrocentos-judocas-disputam-o-campeonato-nacional-de-judo-2024-em-albufeira\\\/desporto\\\/12\\\/00\\\/#primaryimage\",\"url\":\"https:\\\/\\\/algarve7.pt\\\/wp-content\\\/uploads\\\/2024\\\/02\\\/Cartaz_CN_Juniores_2024-_4_-JUDO-jpg-e1709030676390.jpg\",\"contentUrl\":\"https:\\\/\\\/algarve7.pt\\\/wp-content\\\/uploads\\\/2024\\\/02\\\/Cartaz_CN_Juniores_2024-_4_-JUDO-jpg-e1709030676390.jpg\",\"width\":669,\"height\":831},{\"@type\":\"BreadcrumbList\",\"@id\":\"https:\\\/\\\/algarve7.pt\\\/index.php\\\/2024\\\/02\\\/mais-de-quatrocentos-judocas-disputam-o-campeonato-nacional-de-judo-2024-em-albufeira\\\/desporto\\\/12\\\/00\\\/#breadcrumb\",\"itemListElement\":[{\"@type\":\"ListItem\",\"position\":1,\"name\":\"In\u00edcio\",\"item\":\"https:\\\/\\\/algarve7.pt\\\/\"},{\"@type\":\"ListItem\",\"position\":2,\"name\":\"Mais de quatrocentos judocas disputam o campeonato nacional de judo 2024 em Albufeira\u00a0 \u00a0\u00a0\"}]},{\"@type\":\"WebSite\",\"@id\":\"https:\\\/\\\/algarve7.pt\\\/#website\",\"url\":\"https:\\\/\\\/algarve7.pt\\\/\",\"name\":\"Algarve 7\",\"description\":\"Informa\u00e7\u00e3o sobre o Algarve\",\"publisher\":{\"@id\":\"https:\\\/\\\/algarve7.pt\\\/#organization\"},\"potentialAction\":[{\"@type\":\"SearchAction\",\"target\":{\"@type\":\"EntryPoint\",\"urlTemplate\":\"https:\\\/\\\/algarve7.pt\\\/?s={search_term_string}\"},\"query-input\":{\"@type\":\"PropertyValueSpecification\",\"valueRequired\":true,\"valueName\":\"search_term_string\"}}],\"inLanguage\":\"pt-PT\"},{\"@type\":\"Organization\",\"@id\":\"https:\\\/\\\/algarve7.pt\\\/#organization\",\"name\":\"Algarve 7\",\"url\":\"https:\\\/\\\/algarve7.pt\\\/\",\"logo\":{\"@type\":\"ImageObject\",\"inLanguage\":\"pt-PT\",\"@id\":\"https:\\\/\\\/algarve7.pt\\\/#\\\/schema\\\/logo\\\/image\\\/\",\"url\":\"https:\\\/\\\/algarve7.pt\\\/wp-content\\\/uploads\\\/2020\\\/10\\\/Logo-8.jpg\",\"contentUrl\":\"https:\\\/\\\/algarve7.pt\\\/wp-content\\\/uploads\\\/2020\\\/10\\\/Logo-8.jpg\",\"width\":1680,\"height\":1186,\"caption\":\"Algarve 7\"},\"image\":{\"@id\":\"https:\\\/\\\/algarve7.pt\\\/#\\\/schema\\\/logo\\\/image\\\/\"},\"sameAs\":[\"https:\\\/\\\/www.facebook.com\\\/algarve7\",\"https:\\\/\\\/x.com\\\/Algarvesete\",\"https:\\\/\\\/www.instagram.com\\\/jornalalgarve7\\\/\",\"https:\\\/\\\/www.linkedin.com\\\/company\\\/algarve7\",\"https:\\\/\\\/www.pinterest.pt\\\/geral0939\\\/_created\\\/\"]},{\"@type\":\"Person\",\"@id\":\"https:\\\/\\\/algarve7.pt\\\/#\\\/schema\\\/person\\\/23fa70681308e7b319a3204bcea45e0c\",\"name\":\"Algarve 7\",\"sameAs\":[\"https:\\\/\\\/algarve7.pt\",\"https:\\\/\\\/www.facebook.com\\\/algarve7\"],\"url\":\"https:\\\/\\\/algarve7.pt\\\/index.php\\\/author\\\/geralalgarve7-pt\\\/\"}]}<\/script>\n<!-- \/ Yoast SEO plugin. -->","yoast_head_json":{"title":"Mais de quatrocentos judocas disputam o campeonato nacional de judo 2024 em Albufeira\u00a0 \u00a0\u00a0 - Algarve 7","description":"Mais de quatrocentos judocas disputam o campeonato nacional de judo 2024 em Albufeira\u00a0 \u00a0\u00a0 Desporto","robots":{"index":"index","follow":"follow","max-snippet":"max-snippet:-1","max-image-preview":"max-image-preview:large","max-video-preview":"max-video-preview:-1"},"canonical":"https:\/\/algarve7.pt\/index.php\/2024\/02\/mais-de-quatrocentos-judocas-disputam-o-campeonato-nacional-de-judo-2024-em-albufeira\/desporto\/12\/00\/","og_locale":"pt_PT","og_type":"article","og_title":"Mais de quatrocentos judocas disputam o campeonato nacional de judo 2024 em Albufeira\u00a0 \u00a0\u00a0 - Algarve 7","og_description":"Mais de quatrocentos judocas disputam o campeonato nacional de judo 2024 em Albufeira\u00a0 \u00a0\u00a0 Desporto","og_url":"https:\/\/algarve7.pt\/index.php\/2024\/02\/mais-de-quatrocentos-judocas-disputam-o-campeonato-nacional-de-judo-2024-em-albufeira\/desporto\/12\/00\/","og_site_name":"Algarve 7","article_publisher":"https:\/\/www.facebook.com\/algarve7","article_author":"https:\/\/www.facebook.com\/algarve7","article_published_time":"2024-02-27T12:00:00+00:00","og_image":[{"width":669,"height":831,"url":"https:\/\/algarve7.pt\/wp-content\/uploads\/2024\/02\/Cartaz_CN_Juniores_2024-_4_-JUDO-jpg-e1709030676390.jpg","type":"image\/jpeg"}],"author":"Algarve 7","twitter_card":"summary_large_image","twitter_creator":"@Algarvesete","twitter_site":"@Algarvesete","twitter_misc":{"Escrito por":"Algarve 7","Tempo estimado de leitura":"3 minutos"},"schema":{"@context":"https:\/\/schema.org","@graph":[{"@type":"Article","@id":"https:\/\/algarve7.pt\/index.php\/2024\/02\/mais-de-quatrocentos-judocas-disputam-o-campeonato-nacional-de-judo-2024-em-albufeira\/desporto\/12\/00\/#article","isPartOf":{"@id":"https:\/\/algarve7.pt\/index.php\/2024\/02\/mais-de-quatrocentos-judocas-disputam-o-campeonato-nacional-de-judo-2024-em-albufeira\/desporto\/12\/00\/"},"author":{"name":"Algarve 7","@id":"https:\/\/algarve7.pt\/#\/schema\/person\/23fa70681308e7b319a3204bcea45e0c"},"headline":"Mais de quatrocentos judocas disputam o campeonato nacional de judo 2024 em Albufeira\u00a0 \u00a0\u00a0","datePublished":"2024-02-27T12:00:00+00:00","mainEntityOfPage":{"@id":"https:\/\/algarve7.pt\/index.php\/2024\/02\/mais-de-quatrocentos-judocas-disputam-o-campeonato-nacional-de-judo-2024-em-albufeira\/desporto\/12\/00\/"},"wordCount":399,"publisher":{"@id":"https:\/\/algarve7.pt\/#organization"},"image":{"@id":"https:\/\/algarve7.pt\/index.php\/2024\/02\/mais-de-quatrocentos-judocas-disputam-o-campeonato-nacional-de-judo-2024-em-albufeira\/desporto\/12\/00\/#primaryimage"},"thumbnailUrl":"https:\/\/algarve7.pt\/wp-content\/uploads\/2024\/02\/Cartaz_CN_Juniores_2024-_4_-JUDO-jpg-e1709030676390.jpg","keywords":["Albufeira","Algarve","Desporto","Judo"],"articleSection":["Desporto"],"inLanguage":"pt-PT"},{"@type":"WebPage","@id":"https:\/\/algarve7.pt\/index.php\/2024\/02\/mais-de-quatrocentos-judocas-disputam-o-campeonato-nacional-de-judo-2024-em-albufeira\/desporto\/12\/00\/","url":"https:\/\/algarve7.pt\/index.php\/2024\/02\/mais-de-quatrocentos-judocas-disputam-o-campeonato-nacional-de-judo-2024-em-albufeira\/desporto\/12\/00\/","name":"Mais de quatrocentos judocas disputam o campeonato nacional de judo 2024 em Albufeira\u00a0 \u00a0\u00a0 - Algarve 7","isPartOf":{"@id":"https:\/\/algarve7.pt\/#website"},"primaryImageOfPage":{"@id":"https:\/\/algarve7.pt\/index.php\/2024\/02\/mais-de-quatrocentos-judocas-disputam-o-campeonato-nacional-de-judo-2024-em-albufeira\/desporto\/12\/00\/#primaryimage"},"image":{"@id":"https:\/\/algarve7.pt\/index.php\/2024\/02\/mais-de-quatrocentos-judocas-disputam-o-campeonato-nacional-de-judo-2024-em-albufeira\/desporto\/12\/00\/#primaryimage"},"thumbnailUrl":"https:\/\/algarve7.pt\/wp-content\/uploads\/2024\/02\/Cartaz_CN_Juniores_2024-_4_-JUDO-jpg-e1709030676390.jpg","datePublished":"2024-02-27T12:00:00+00:00","description":"Mais de quatrocentos judocas disputam o campeonato nacional de judo 2024 em Albufeira\u00a0 \u00a0\u00a0 Desporto","breadcrumb":{"@id":"https:\/\/algarve7.pt\/index.php\/2024\/02\/mais-de-quatrocentos-judocas-disputam-o-campeonato-nacional-de-judo-2024-em-albufeira\/desporto\/12\/00\/#breadcrumb"},"inLanguage":"pt-PT","potentialAction":[{"@type":"ReadAction","target":["https:\/\/algarve7.pt\/index.php\/2024\/02\/mais-de-quatrocentos-judocas-disputam-o-campeonato-nacional-de-judo-2024-em-albufeira\/desporto\/12\/00\/"]}]},{"@type":"ImageObject","inLanguage":"pt-PT","@id":"https:\/\/algarve7.pt\/index.php\/2024\/02\/mais-de-quatrocentos-judocas-disputam-o-campeonato-nacional-de-judo-2024-em-albufeira\/desporto\/12\/00\/#primaryimage","url":"https:\/\/algarve7.pt\/wp-content\/uploads\/2024\/02\/Cartaz_CN_Juniores_2024-_4_-JUDO-jpg-e1709030676390.jpg","contentUrl":"https:\/\/algarve7.pt\/wp-content\/uploads\/2024\/02\/Cartaz_CN_Juniores_2024-_4_-JUDO-jpg-e1709030676390.jpg","width":669,"height":831},{"@type":"BreadcrumbList","@id":"https:\/\/algarve7.pt\/index.php\/2024\/02\/mais-de-quatrocentos-judocas-disputam-o-campeonato-nacional-de-judo-2024-em-albufeira\/desporto\/12\/00\/#breadcrumb","itemListElement":[{"@type":"ListItem","position":1,"name":"In\u00edcio","item":"https:\/\/algarve7.pt\/"},{"@type":"ListItem","position":2,"name":"Mais de quatrocentos judocas disputam o campeonato nacional de judo 2024 em Albufeira\u00a0 \u00a0\u00a0"}]},{"@type":"WebSite","@id":"https:\/\/algarve7.pt\/#website","url":"https:\/\/algarve7.pt\/","name":"Algarve 7","description":"Informa\u00e7\u00e3o sobre o Algarve","publisher":{"@id":"https:\/\/algarve7.pt\/#organization"},"potentialAction":[{"@type":"SearchAction","target":{"@type":"EntryPoint","urlTemplate":"https:\/\/algarve7.pt\/?s={search_term_string}"},"query-input":{"@type":"PropertyValueSpecification","valueRequired":true,"valueName":"search_term_string"}}],"inLanguage":"pt-PT"},{"@type":"Organization","@id":"https:\/\/algarve7.pt\/#organization","name":"Algarve 7","url":"https:\/\/algarve7.pt\/","logo":{"@type":"ImageObject","inLanguage":"pt-PT","@id":"https:\/\/algarve7.pt\/#\/schema\/logo\/image\/","url":"https:\/\/algarve7.pt\/wp-content\/uploads\/2020\/10\/Logo-8.jpg","contentUrl":"https:\/\/algarve7.pt\/wp-content\/uploads\/2020\/10\/Logo-8.jpg","width":1680,"height":1186,"caption":"Algarve 7"},"image":{"@id":"https:\/\/algarve7.pt\/#\/schema\/logo\/image\/"},"sameAs":["https:\/\/www.facebook.com\/algarve7","https:\/\/x.com\/Algarvesete","https:\/\/www.instagram.com\/jornalalgarve7\/","https:\/\/www.linkedin.com\/company\/algarve7","https:\/\/www.pinterest.pt\/geral0939\/_created\/"]},{"@type":"Person","@id":"https:\/\/algarve7.pt\/#\/schema\/person\/23fa70681308e7b319a3204bcea45e0c","name":"Algarve 7","sameAs":["https:\/\/algarve7.pt","https:\/\/www.facebook.com\/algarve7"],"url":"https:\/\/algarve7.pt\/index.php\/author\/geralalgarve7-pt\/"}]}},"jetpack_publicize_connections":[],"jetpack_featured_media_url":"https:\/\/algarve7.pt\/wp-content\/uploads\/2024\/02\/Cartaz_CN_Juniores_2024-_4_-JUDO-jpg-e1709030676390.jpg","jetpack_shortlink":"https:\/\/wp.me\/pcezmW-9lV","jetpack_sharing_enabled":true,"_links":{"self":[{"href":"https:\/\/algarve7.pt\/index.php\/wp-json\/wp\/v2\/posts\/35955","targetHints":{"allow":["GET"]}}],"collection":[{"href":"https:\/\/algarve7.pt\/index.php\/wp-json\/wp\/v2\/posts"}],"about":[{"href":"https:\/\/algarve7.pt\/index.php\/wp-json\/wp\/v2\/types\/post"}],"author":[{"embeddable":true,"href":"https:\/\/algarve7.pt\/index.php\/wp-json\/wp\/v2\/users\/1"}],"replies":[{"embeddable":true,"href":"https:\/\/algarve7.pt\/index.php\/wp-json\/wp\/v2\/comments?post=35955"}],"version-history":[{"count":0,"href":"https:\/\/algarve7.pt\/index.php\/wp-json\/wp\/v2\/posts\/35955\/revisions"}],"wp:featuredmedia":[{"embeddable":true,"href":"https:\/\/algarve7.pt\/index.php\/wp-json\/wp\/v2\/media\/35956"}],"wp:attachment":[{"href":"https:\/\/algarve7.pt\/index.php\/wp-json\/wp\/v2\/media?parent=35955"}],"wp:term":[{"taxonomy":"category","embeddable":true,"href":"https:\/\/algarve7.pt\/index.php\/wp-json\/wp\/v2\/categories?post=35955"},{"taxonomy":"post_tag","embeddable":true,"href":"https:\/\/algarve7.pt\/index.php\/wp-json\/wp\/v2\/tags?post=35955"}],"curies":[{"name":"wp","href":"https:\/\/api.w.org\/{rel}","templated":true}]}}