{"id":35946,"date":"2024-02-27T08:56:25","date_gmt":"2024-02-27T08:56:25","guid":{"rendered":"https:\/\/algarve7.pt\/?p=35946"},"modified":"2024-02-27T08:56:27","modified_gmt":"2024-02-27T08:56:27","slug":"rodrigo-fernandes-e-goncalo-falcao-apuram-se-para-o-quadro-principal-do-faro-open","status":"publish","type":"post","link":"https:\/\/algarve7.pt\/index.php\/2024\/02\/rodrigo-fernandes-e-goncalo-falcao-apuram-se-para-o-quadro-principal-do-faro-open\/desporto\/08\/56\/","title":{"rendered":"Rodrigo Fernandes e Gon\u00e7alo Falc\u00e3o apuram-se para o quadro principal do Faro Open"},"content":{"rendered":"\n<p>Os portugueses&nbsp;<strong>Rodrigo Fernandes<\/strong>&nbsp;e&nbsp;<strong>Gon\u00e7alo Falc\u00e3o<\/strong>&nbsp;apuraram-se esta segunda-feira para o quadro principal de singulares do Faro Open, torneio internacional de 25.000 d\u00f3lares que o Centro de T\u00e9nis e Padel de Faro organiza com os apoios da C\u00e2mara Municipal de Faro e da Federa\u00e7\u00e3o Portuguesa de T\u00e9nis entre os dias 25 de fevereiro e 3 de mar\u00e7o.<\/p>\n\n\n\n<p>Tal como j\u00e1 tinha acontecido nas \u00faltimas duas semanas em Vila Real de Santo Ant\u00f3nio, Rodrigo Fernandes voltou a reagir bem \u00e0 fase de qualifica\u00e7\u00e3o. O campe\u00e3o nacional de sub 18 (n\u00famero 1192 do&nbsp;<em>ranking<\/em>&nbsp;ATP) come\u00e7ara por vencer o compatriota&nbsp;<strong>Afonso Portugal<\/strong>&nbsp;na v\u00e9spera, por 6-3 e 6-1, e esta segunda-feira selou o apuramento com um triunfo ainda mais autorit\u00e1rio (6-2 e 6-0) contra o brasileiro&nbsp;<strong>Jo\u00e3o<\/strong>&nbsp;<strong>Eduardo Schiessl<\/strong>&nbsp;(879.\u00ba).<\/p>\n\n\n\n<p>Depois foi a vez de Gon\u00e7alo Falc\u00e3o. Ao contr\u00e1rio do compatriota, o cascalense (1663.\u00ba) n\u00e3o tinha conhecido um desfecho positivo nas duas passagens por Vila Real de Santo Ant\u00f3nio, mas inverteu essa tend\u00eancia com vit\u00f3rias por 6-3 e 6-1 sobre&nbsp;<strong>Francisco Oliveira<\/strong>, na jornada inaugural, e por 1-6, 7-5 e 10-6 contra o checo&nbsp;<strong>Matej Vocel<\/strong>&nbsp;(1191.\u00ba).<\/p>\n\n\n\n<p>Em sentido contr\u00e1rio,&nbsp;<strong>Diogo Marques<\/strong>,&nbsp;<strong>Tom\u00e1s Cortez<\/strong>,&nbsp;<strong>Daniel Marincas<\/strong>&nbsp;e&nbsp;<strong>Tom\u00e1s Tenil<\/strong>&nbsp;foram derrotados na ronda de apuramento.<\/p>\n\n\n\n<p>Rodrigues e Falc\u00e3o, que eram respetivamente o nono e o 13.\u00ba cabe\u00e7as de s\u00e9rie do&nbsp;<em>qualifying<\/em>, juntaram-se a cinco compatriotas no quadro principal de singulares:&nbsp;<strong>Jaime Faria<\/strong>&nbsp;(391.\u00ba e sexto cabe\u00e7a de s\u00e9rie), que este domingo triunfou em Vila Real de Santo Ant\u00f3nio,&nbsp;<strong>Duarte Vale<\/strong>&nbsp;(603.\u00ba),&nbsp;<strong>Tiago Pereira<\/strong>&nbsp;(735.\u00ba),&nbsp;<strong>Jo\u00e3o Domingues<\/strong>&nbsp;(809.\u00ba) e&nbsp;<strong>Pedro Ara\u00fajo<\/strong>&nbsp;(865.\u00ba), o \u00fanico que ir\u00e1 a jogo j\u00e1 na segunda-feira.<\/p>\n","protected":false},"excerpt":{"rendered":"<p>Os portugueses&nbsp;Rodrigo Fernandes&nbsp;e&nbsp;Gon\u00e7alo Falc\u00e3o&nbsp;apuraram-se esta segunda-feira para o quadro principal de singulares do Faro Open, torneio internacional de 25.000 d\u00f3lares<\/p>\n","protected":false},"author":1,"featured_media":35947,"comment_status":"closed","ping_status":"open","sticky":false,"template":"","format":"standard","meta":{"colormag_page_container_layout":"default_layout","colormag_page_sidebar_layout":"default_layout","_monsterinsights_skip_tracking":false,"_monsterinsights_sitenote_active":false,"_monsterinsights_sitenote_note":"","_monsterinsights_sitenote_category":0,"jetpack_post_was_ever_published":false,"_jetpack_newsletter_access":"","_jetpack_dont_email_post_to_subs":false,"_jetpack_newsletter_tier_id":0,"_jetpack_memberships_contains_paywalled_content":false,"_jetpack_memberships_contains_paid_content":false,"footnotes":"","jetpack_publicize_message":"","jetpack_publicize_feature_enabled":true,"jetpack_social_post_already_shared":true,"jetpack_social_options":{"image_generator_settings":{"template":"highway","default_image_id":0,"font":"","enabled":false},"version":2}},"categories":[15],"tags":[36,40,57,458],"class_list":["post-35946","post","type-post","status-publish","format-standard","has-post-thumbnail","hentry","category-desporto","tag-algarve","tag-desporto","tag-faro","tag-tenis-2"],"yoast_head":"<!-- This site is optimized with the Yoast SEO plugin v27.5 - https:\/\/yoast.com\/product\/yoast-seo-wordpress\/ -->\n<title>Rodrigo Fernandes e Gon\u00e7alo Falc\u00e3o apuram-se para o quadro principal do Faro Open - Algarve 7<\/title>\n<meta name=\"description\" content=\"Rodrigo Fernandes e Gon\u00e7alo Falc\u00e3o apuram-se para o quadro principal do Faro Open Desporto\" \/>\n<meta name=\"robots\" content=\"index, follow, max-snippet:-1, max-image-preview:large, max-video-preview:-1\" \/>\n<link rel=\"canonical\" href=\"https:\/\/algarve7.pt\/index.php\/2024\/02\/rodrigo-fernandes-e-goncalo-falcao-apuram-se-para-o-quadro-principal-do-faro-open\/desporto\/08\/56\/\" \/>\n<meta property=\"og:locale\" content=\"pt_PT\" \/>\n<meta property=\"og:type\" content=\"article\" \/>\n<meta property=\"og:title\" content=\"Rodrigo Fernandes e Gon\u00e7alo Falc\u00e3o apuram-se para o quadro principal do Faro Open - Algarve 7\" \/>\n<meta property=\"og:description\" content=\"Rodrigo Fernandes e Gon\u00e7alo Falc\u00e3o apuram-se para o quadro principal do Faro Open Desporto\" \/>\n<meta property=\"og:url\" content=\"https:\/\/algarve7.pt\/index.php\/2024\/02\/rodrigo-fernandes-e-goncalo-falcao-apuram-se-para-o-quadro-principal-do-faro-open\/desporto\/08\/56\/\" \/>\n<meta property=\"og:site_name\" content=\"Algarve 7\" \/>\n<meta property=\"article:publisher\" content=\"https:\/\/www.facebook.com\/algarve7\" \/>\n<meta property=\"article:author\" content=\"https:\/\/www.facebook.com\/algarve7\" \/>\n<meta property=\"article:published_time\" content=\"2024-02-27T08:56:25+00:00\" \/>\n<meta property=\"article:modified_time\" content=\"2024-02-27T08:56:27+00:00\" \/>\n<meta property=\"og:image\" content=\"https:\/\/algarve7.pt\/wp-content\/uploads\/2024\/02\/Rodrigo-Fernandes.jpeg\" \/>\n\t<meta property=\"og:image:width\" content=\"1000\" \/>\n\t<meta property=\"og:image:height\" content=\"667\" \/>\n\t<meta property=\"og:image:type\" content=\"image\/jpeg\" \/>\n<meta name=\"author\" content=\"Algarve 7\" \/>\n<meta name=\"twitter:card\" content=\"summary_large_image\" \/>\n<meta name=\"twitter:creator\" content=\"@Algarvesete\" \/>\n<meta name=\"twitter:site\" content=\"@Algarvesete\" \/>\n<meta name=\"twitter:label1\" content=\"Escrito por\" \/>\n\t<meta name=\"twitter:data1\" content=\"Algarve 7\" \/>\n\t<meta name=\"twitter:label2\" content=\"Tempo estimado de leitura\" \/>\n\t<meta name=\"twitter:data2\" content=\"2 minutos\" \/>\n<script type=\"application\/ld+json\" class=\"yoast-schema-graph\">{\"@context\":\"https:\\\/\\\/schema.org\",\"@graph\":[{\"@type\":\"Article\",\"@id\":\"https:\\\/\\\/algarve7.pt\\\/index.php\\\/2024\\\/02\\\/rodrigo-fernandes-e-goncalo-falcao-apuram-se-para-o-quadro-principal-do-faro-open\\\/desporto\\\/08\\\/56\\\/#article\",\"isPartOf\":{\"@id\":\"https:\\\/\\\/algarve7.pt\\\/index.php\\\/2024\\\/02\\\/rodrigo-fernandes-e-goncalo-falcao-apuram-se-para-o-quadro-principal-do-faro-open\\\/desporto\\\/08\\\/56\\\/\"},\"author\":{\"name\":\"Algarve 7\",\"@id\":\"https:\\\/\\\/algarve7.pt\\\/#\\\/schema\\\/person\\\/23fa70681308e7b319a3204bcea45e0c\"},\"headline\":\"Rodrigo Fernandes e Gon\u00e7alo Falc\u00e3o apuram-se para o quadro principal do Faro Open\",\"datePublished\":\"2024-02-27T08:56:25+00:00\",\"dateModified\":\"2024-02-27T08:56:27+00:00\",\"mainEntityOfPage\":{\"@id\":\"https:\\\/\\\/algarve7.pt\\\/index.php\\\/2024\\\/02\\\/rodrigo-fernandes-e-goncalo-falcao-apuram-se-para-o-quadro-principal-do-faro-open\\\/desporto\\\/08\\\/56\\\/\"},\"wordCount\":334,\"publisher\":{\"@id\":\"https:\\\/\\\/algarve7.pt\\\/#organization\"},\"image\":{\"@id\":\"https:\\\/\\\/algarve7.pt\\\/index.php\\\/2024\\\/02\\\/rodrigo-fernandes-e-goncalo-falcao-apuram-se-para-o-quadro-principal-do-faro-open\\\/desporto\\\/08\\\/56\\\/#primaryimage\"},\"thumbnailUrl\":\"https:\\\/\\\/algarve7.pt\\\/wp-content\\\/uploads\\\/2024\\\/02\\\/Rodrigo-Fernandes.jpeg\",\"keywords\":[\"Algarve\",\"Desporto\",\"Faro\",\"Tenis\"],\"articleSection\":[\"Desporto\"],\"inLanguage\":\"pt-PT\"},{\"@type\":\"WebPage\",\"@id\":\"https:\\\/\\\/algarve7.pt\\\/index.php\\\/2024\\\/02\\\/rodrigo-fernandes-e-goncalo-falcao-apuram-se-para-o-quadro-principal-do-faro-open\\\/desporto\\\/08\\\/56\\\/\",\"url\":\"https:\\\/\\\/algarve7.pt\\\/index.php\\\/2024\\\/02\\\/rodrigo-fernandes-e-goncalo-falcao-apuram-se-para-o-quadro-principal-do-faro-open\\\/desporto\\\/08\\\/56\\\/\",\"name\":\"Rodrigo Fernandes e Gon\u00e7alo Falc\u00e3o apuram-se para o quadro principal do Faro Open - Algarve 7\",\"isPartOf\":{\"@id\":\"https:\\\/\\\/algarve7.pt\\\/#website\"},\"primaryImageOfPage\":{\"@id\":\"https:\\\/\\\/algarve7.pt\\\/index.php\\\/2024\\\/02\\\/rodrigo-fernandes-e-goncalo-falcao-apuram-se-para-o-quadro-principal-do-faro-open\\\/desporto\\\/08\\\/56\\\/#primaryimage\"},\"image\":{\"@id\":\"https:\\\/\\\/algarve7.pt\\\/index.php\\\/2024\\\/02\\\/rodrigo-fernandes-e-goncalo-falcao-apuram-se-para-o-quadro-principal-do-faro-open\\\/desporto\\\/08\\\/56\\\/#primaryimage\"},\"thumbnailUrl\":\"https:\\\/\\\/algarve7.pt\\\/wp-content\\\/uploads\\\/2024\\\/02\\\/Rodrigo-Fernandes.jpeg\",\"datePublished\":\"2024-02-27T08:56:25+00:00\",\"dateModified\":\"2024-02-27T08:56:27+00:00\",\"description\":\"Rodrigo Fernandes e Gon\u00e7alo Falc\u00e3o apuram-se para o quadro principal do Faro Open Desporto\",\"breadcrumb\":{\"@id\":\"https:\\\/\\\/algarve7.pt\\\/index.php\\\/2024\\\/02\\\/rodrigo-fernandes-e-goncalo-falcao-apuram-se-para-o-quadro-principal-do-faro-open\\\/desporto\\\/08\\\/56\\\/#breadcrumb\"},\"inLanguage\":\"pt-PT\",\"potentialAction\":[{\"@type\":\"ReadAction\",\"target\":[\"https:\\\/\\\/algarve7.pt\\\/index.php\\\/2024\\\/02\\\/rodrigo-fernandes-e-goncalo-falcao-apuram-se-para-o-quadro-principal-do-faro-open\\\/desporto\\\/08\\\/56\\\/\"]}]},{\"@type\":\"ImageObject\",\"inLanguage\":\"pt-PT\",\"@id\":\"https:\\\/\\\/algarve7.pt\\\/index.php\\\/2024\\\/02\\\/rodrigo-fernandes-e-goncalo-falcao-apuram-se-para-o-quadro-principal-do-faro-open\\\/desporto\\\/08\\\/56\\\/#primaryimage\",\"url\":\"https:\\\/\\\/algarve7.pt\\\/wp-content\\\/uploads\\\/2024\\\/02\\\/Rodrigo-Fernandes.jpeg\",\"contentUrl\":\"https:\\\/\\\/algarve7.pt\\\/wp-content\\\/uploads\\\/2024\\\/02\\\/Rodrigo-Fernandes.jpeg\",\"width\":1000,\"height\":667},{\"@type\":\"BreadcrumbList\",\"@id\":\"https:\\\/\\\/algarve7.pt\\\/index.php\\\/2024\\\/02\\\/rodrigo-fernandes-e-goncalo-falcao-apuram-se-para-o-quadro-principal-do-faro-open\\\/desporto\\\/08\\\/56\\\/#breadcrumb\",\"itemListElement\":[{\"@type\":\"ListItem\",\"position\":1,\"name\":\"In\u00edcio\",\"item\":\"https:\\\/\\\/algarve7.pt\\\/\"},{\"@type\":\"ListItem\",\"position\":2,\"name\":\"Rodrigo Fernandes e Gon\u00e7alo Falc\u00e3o apuram-se para o quadro principal do Faro Open\"}]},{\"@type\":\"WebSite\",\"@id\":\"https:\\\/\\\/algarve7.pt\\\/#website\",\"url\":\"https:\\\/\\\/algarve7.pt\\\/\",\"name\":\"Algarve 7\",\"description\":\"Informa\u00e7\u00e3o sobre o Algarve\",\"publisher\":{\"@id\":\"https:\\\/\\\/algarve7.pt\\\/#organization\"},\"potentialAction\":[{\"@type\":\"SearchAction\",\"target\":{\"@type\":\"EntryPoint\",\"urlTemplate\":\"https:\\\/\\\/algarve7.pt\\\/?s={search_term_string}\"},\"query-input\":{\"@type\":\"PropertyValueSpecification\",\"valueRequired\":true,\"valueName\":\"search_term_string\"}}],\"inLanguage\":\"pt-PT\"},{\"@type\":\"Organization\",\"@id\":\"https:\\\/\\\/algarve7.pt\\\/#organization\",\"name\":\"Algarve 7\",\"url\":\"https:\\\/\\\/algarve7.pt\\\/\",\"logo\":{\"@type\":\"ImageObject\",\"inLanguage\":\"pt-PT\",\"@id\":\"https:\\\/\\\/algarve7.pt\\\/#\\\/schema\\\/logo\\\/image\\\/\",\"url\":\"https:\\\/\\\/algarve7.pt\\\/wp-content\\\/uploads\\\/2020\\\/10\\\/Logo-8.jpg\",\"contentUrl\":\"https:\\\/\\\/algarve7.pt\\\/wp-content\\\/uploads\\\/2020\\\/10\\\/Logo-8.jpg\",\"width\":1680,\"height\":1186,\"caption\":\"Algarve 7\"},\"image\":{\"@id\":\"https:\\\/\\\/algarve7.pt\\\/#\\\/schema\\\/logo\\\/image\\\/\"},\"sameAs\":[\"https:\\\/\\\/www.facebook.com\\\/algarve7\",\"https:\\\/\\\/x.com\\\/Algarvesete\",\"https:\\\/\\\/www.instagram.com\\\/jornalalgarve7\\\/\",\"https:\\\/\\\/www.linkedin.com\\\/company\\\/algarve7\",\"https:\\\/\\\/www.pinterest.pt\\\/geral0939\\\/_created\\\/\"]},{\"@type\":\"Person\",\"@id\":\"https:\\\/\\\/algarve7.pt\\\/#\\\/schema\\\/person\\\/23fa70681308e7b319a3204bcea45e0c\",\"name\":\"Algarve 7\",\"sameAs\":[\"https:\\\/\\\/algarve7.pt\",\"https:\\\/\\\/www.facebook.com\\\/algarve7\"],\"url\":\"https:\\\/\\\/algarve7.pt\\\/index.php\\\/author\\\/geralalgarve7-pt\\\/\"}]}<\/script>\n<!-- \/ Yoast SEO plugin. -->","yoast_head_json":{"title":"Rodrigo Fernandes e Gon\u00e7alo Falc\u00e3o apuram-se para o quadro principal do Faro Open - Algarve 7","description":"Rodrigo Fernandes e Gon\u00e7alo Falc\u00e3o apuram-se para o quadro principal do Faro Open Desporto","robots":{"index":"index","follow":"follow","max-snippet":"max-snippet:-1","max-image-preview":"max-image-preview:large","max-video-preview":"max-video-preview:-1"},"canonical":"https:\/\/algarve7.pt\/index.php\/2024\/02\/rodrigo-fernandes-e-goncalo-falcao-apuram-se-para-o-quadro-principal-do-faro-open\/desporto\/08\/56\/","og_locale":"pt_PT","og_type":"article","og_title":"Rodrigo Fernandes e Gon\u00e7alo Falc\u00e3o apuram-se para o quadro principal do Faro Open - Algarve 7","og_description":"Rodrigo Fernandes e Gon\u00e7alo Falc\u00e3o apuram-se para o quadro principal do Faro Open Desporto","og_url":"https:\/\/algarve7.pt\/index.php\/2024\/02\/rodrigo-fernandes-e-goncalo-falcao-apuram-se-para-o-quadro-principal-do-faro-open\/desporto\/08\/56\/","og_site_name":"Algarve 7","article_publisher":"https:\/\/www.facebook.com\/algarve7","article_author":"https:\/\/www.facebook.com\/algarve7","article_published_time":"2024-02-27T08:56:25+00:00","article_modified_time":"2024-02-27T08:56:27+00:00","og_image":[{"width":1000,"height":667,"url":"https:\/\/algarve7.pt\/wp-content\/uploads\/2024\/02\/Rodrigo-Fernandes.jpeg","type":"image\/jpeg"}],"author":"Algarve 7","twitter_card":"summary_large_image","twitter_creator":"@Algarvesete","twitter_site":"@Algarvesete","twitter_misc":{"Escrito por":"Algarve 7","Tempo estimado de leitura":"2 minutos"},"schema":{"@context":"https:\/\/schema.org","@graph":[{"@type":"Article","@id":"https:\/\/algarve7.pt\/index.php\/2024\/02\/rodrigo-fernandes-e-goncalo-falcao-apuram-se-para-o-quadro-principal-do-faro-open\/desporto\/08\/56\/#article","isPartOf":{"@id":"https:\/\/algarve7.pt\/index.php\/2024\/02\/rodrigo-fernandes-e-goncalo-falcao-apuram-se-para-o-quadro-principal-do-faro-open\/desporto\/08\/56\/"},"author":{"name":"Algarve 7","@id":"https:\/\/algarve7.pt\/#\/schema\/person\/23fa70681308e7b319a3204bcea45e0c"},"headline":"Rodrigo Fernandes e Gon\u00e7alo Falc\u00e3o apuram-se para o quadro principal do Faro Open","datePublished":"2024-02-27T08:56:25+00:00","dateModified":"2024-02-27T08:56:27+00:00","mainEntityOfPage":{"@id":"https:\/\/algarve7.pt\/index.php\/2024\/02\/rodrigo-fernandes-e-goncalo-falcao-apuram-se-para-o-quadro-principal-do-faro-open\/desporto\/08\/56\/"},"wordCount":334,"publisher":{"@id":"https:\/\/algarve7.pt\/#organization"},"image":{"@id":"https:\/\/algarve7.pt\/index.php\/2024\/02\/rodrigo-fernandes-e-goncalo-falcao-apuram-se-para-o-quadro-principal-do-faro-open\/desporto\/08\/56\/#primaryimage"},"thumbnailUrl":"https:\/\/algarve7.pt\/wp-content\/uploads\/2024\/02\/Rodrigo-Fernandes.jpeg","keywords":["Algarve","Desporto","Faro","Tenis"],"articleSection":["Desporto"],"inLanguage":"pt-PT"},{"@type":"WebPage","@id":"https:\/\/algarve7.pt\/index.php\/2024\/02\/rodrigo-fernandes-e-goncalo-falcao-apuram-se-para-o-quadro-principal-do-faro-open\/desporto\/08\/56\/","url":"https:\/\/algarve7.pt\/index.php\/2024\/02\/rodrigo-fernandes-e-goncalo-falcao-apuram-se-para-o-quadro-principal-do-faro-open\/desporto\/08\/56\/","name":"Rodrigo Fernandes e Gon\u00e7alo Falc\u00e3o apuram-se para o quadro principal do Faro Open - Algarve 7","isPartOf":{"@id":"https:\/\/algarve7.pt\/#website"},"primaryImageOfPage":{"@id":"https:\/\/algarve7.pt\/index.php\/2024\/02\/rodrigo-fernandes-e-goncalo-falcao-apuram-se-para-o-quadro-principal-do-faro-open\/desporto\/08\/56\/#primaryimage"},"image":{"@id":"https:\/\/algarve7.pt\/index.php\/2024\/02\/rodrigo-fernandes-e-goncalo-falcao-apuram-se-para-o-quadro-principal-do-faro-open\/desporto\/08\/56\/#primaryimage"},"thumbnailUrl":"https:\/\/algarve7.pt\/wp-content\/uploads\/2024\/02\/Rodrigo-Fernandes.jpeg","datePublished":"2024-02-27T08:56:25+00:00","dateModified":"2024-02-27T08:56:27+00:00","description":"Rodrigo Fernandes e Gon\u00e7alo Falc\u00e3o apuram-se para o quadro principal do Faro Open Desporto","breadcrumb":{"@id":"https:\/\/algarve7.pt\/index.php\/2024\/02\/rodrigo-fernandes-e-goncalo-falcao-apuram-se-para-o-quadro-principal-do-faro-open\/desporto\/08\/56\/#breadcrumb"},"inLanguage":"pt-PT","potentialAction":[{"@type":"ReadAction","target":["https:\/\/algarve7.pt\/index.php\/2024\/02\/rodrigo-fernandes-e-goncalo-falcao-apuram-se-para-o-quadro-principal-do-faro-open\/desporto\/08\/56\/"]}]},{"@type":"ImageObject","inLanguage":"pt-PT","@id":"https:\/\/algarve7.pt\/index.php\/2024\/02\/rodrigo-fernandes-e-goncalo-falcao-apuram-se-para-o-quadro-principal-do-faro-open\/desporto\/08\/56\/#primaryimage","url":"https:\/\/algarve7.pt\/wp-content\/uploads\/2024\/02\/Rodrigo-Fernandes.jpeg","contentUrl":"https:\/\/algarve7.pt\/wp-content\/uploads\/2024\/02\/Rodrigo-Fernandes.jpeg","width":1000,"height":667},{"@type":"BreadcrumbList","@id":"https:\/\/algarve7.pt\/index.php\/2024\/02\/rodrigo-fernandes-e-goncalo-falcao-apuram-se-para-o-quadro-principal-do-faro-open\/desporto\/08\/56\/#breadcrumb","itemListElement":[{"@type":"ListItem","position":1,"name":"In\u00edcio","item":"https:\/\/algarve7.pt\/"},{"@type":"ListItem","position":2,"name":"Rodrigo Fernandes e Gon\u00e7alo Falc\u00e3o apuram-se para o quadro principal do Faro Open"}]},{"@type":"WebSite","@id":"https:\/\/algarve7.pt\/#website","url":"https:\/\/algarve7.pt\/","name":"Algarve 7","description":"Informa\u00e7\u00e3o sobre o Algarve","publisher":{"@id":"https:\/\/algarve7.pt\/#organization"},"potentialAction":[{"@type":"SearchAction","target":{"@type":"EntryPoint","urlTemplate":"https:\/\/algarve7.pt\/?s={search_term_string}"},"query-input":{"@type":"PropertyValueSpecification","valueRequired":true,"valueName":"search_term_string"}}],"inLanguage":"pt-PT"},{"@type":"Organization","@id":"https:\/\/algarve7.pt\/#organization","name":"Algarve 7","url":"https:\/\/algarve7.pt\/","logo":{"@type":"ImageObject","inLanguage":"pt-PT","@id":"https:\/\/algarve7.pt\/#\/schema\/logo\/image\/","url":"https:\/\/algarve7.pt\/wp-content\/uploads\/2020\/10\/Logo-8.jpg","contentUrl":"https:\/\/algarve7.pt\/wp-content\/uploads\/2020\/10\/Logo-8.jpg","width":1680,"height":1186,"caption":"Algarve 7"},"image":{"@id":"https:\/\/algarve7.pt\/#\/schema\/logo\/image\/"},"sameAs":["https:\/\/www.facebook.com\/algarve7","https:\/\/x.com\/Algarvesete","https:\/\/www.instagram.com\/jornalalgarve7\/","https:\/\/www.linkedin.com\/company\/algarve7","https:\/\/www.pinterest.pt\/geral0939\/_created\/"]},{"@type":"Person","@id":"https:\/\/algarve7.pt\/#\/schema\/person\/23fa70681308e7b319a3204bcea45e0c","name":"Algarve 7","sameAs":["https:\/\/algarve7.pt","https:\/\/www.facebook.com\/algarve7"],"url":"https:\/\/algarve7.pt\/index.php\/author\/geralalgarve7-pt\/"}]}},"jetpack_publicize_connections":[],"jetpack_featured_media_url":"https:\/\/algarve7.pt\/wp-content\/uploads\/2024\/02\/Rodrigo-Fernandes.jpeg","jetpack_shortlink":"https:\/\/wp.me\/pcezmW-9lM","jetpack_sharing_enabled":true,"_links":{"self":[{"href":"https:\/\/algarve7.pt\/index.php\/wp-json\/wp\/v2\/posts\/35946","targetHints":{"allow":["GET"]}}],"collection":[{"href":"https:\/\/algarve7.pt\/index.php\/wp-json\/wp\/v2\/posts"}],"about":[{"href":"https:\/\/algarve7.pt\/index.php\/wp-json\/wp\/v2\/types\/post"}],"author":[{"embeddable":true,"href":"https:\/\/algarve7.pt\/index.php\/wp-json\/wp\/v2\/users\/1"}],"replies":[{"embeddable":true,"href":"https:\/\/algarve7.pt\/index.php\/wp-json\/wp\/v2\/comments?post=35946"}],"version-history":[{"count":0,"href":"https:\/\/algarve7.pt\/index.php\/wp-json\/wp\/v2\/posts\/35946\/revisions"}],"wp:featuredmedia":[{"embeddable":true,"href":"https:\/\/algarve7.pt\/index.php\/wp-json\/wp\/v2\/media\/35947"}],"wp:attachment":[{"href":"https:\/\/algarve7.pt\/index.php\/wp-json\/wp\/v2\/media?parent=35946"}],"wp:term":[{"taxonomy":"category","embeddable":true,"href":"https:\/\/algarve7.pt\/index.php\/wp-json\/wp\/v2\/categories?post=35946"},{"taxonomy":"post_tag","embeddable":true,"href":"https:\/\/algarve7.pt\/index.php\/wp-json\/wp\/v2\/tags?post=35946"}],"curies":[{"name":"wp","href":"https:\/\/api.w.org\/{rel}","templated":true}]}}