{"id":3586,"date":"2020-11-11T07:39:28","date_gmt":"2020-11-11T07:39:28","guid":{"rendered":"https:\/\/algarve7.pt\/?p=3586"},"modified":"2020-11-11T07:39:29","modified_gmt":"2020-11-11T07:39:29","slug":"joao-negrao-eleito-presidente-das-camaras-de-recurso-do-instituto-da-propriedade-intelectual-da-uniao-europeia-euipo","status":"publish","type":"post","link":"https:\/\/algarve7.pt\/index.php\/2020\/11\/joao-negrao-eleito-presidente-das-camaras-de-recurso-do-instituto-da-propriedade-intelectual-da-uniao-europeia-euipo\/nacional\/07\/39\/","title":{"rendered":"Jo\u00e3o Negr\u00e3o eleito Presidente das C\u00e2maras de Recurso do Instituto da Propriedade Intelectual da Uni\u00e3o Europeia (EUIPO)"},"content":{"rendered":"\n<p>O portugu\u00eas Jo\u00e3o Negr\u00e3o foi ontem nomeado para o cargo Presidente das C\u00e2maras de Recurso do Instituto da Propriedade Intelectual da Uni\u00e3o Europeia (EUIPO). O processo de sele\u00e7\u00e3o, em que concorreram 17 candidatos de 8 Estados-membros, decorria desde 2019 e mereceu o forte apoio e empenho do Governo portugu\u00eas, numa campanha diplom\u00e1tica coordenada pelo Minist\u00e9rio dos Neg\u00f3cios Estrangeiros, envolvendo tamb\u00e9m o Minist\u00e9rio da Justi\u00e7a e o Instituto Nacional de Propriedade Industrial (INPI).<\/p>\n\n\n\n<p>Ao longo do processo, o m\u00e9rito incontest\u00e1vel e a larga experi\u00eancia do candidato refletiram-se na vota\u00e7\u00e3o muito expressiva pelos Estados-membros, representados no Conselho de Administra\u00e7\u00e3o do EUIPO, na qual Jo\u00e3o Negr\u00e3o obteve 27 em 30 votos. A sua nomea\u00e7\u00e3o foi hoje adotada pelo Conselho da Uni\u00e3o Europeia por unanimidade.<\/p>\n\n\n\n<p>O jurista Jo\u00e3o Negr\u00e3o tem mais de 20 anos de experi\u00eancia na \u00e1rea da propriedade industrial, tanto ao n\u00edvel nacional como europeu, tendo desempenhado fun\u00e7\u00f5es como Diretor de Rela\u00e7\u00f5es Internacionais, Assuntos Jur\u00eddicos e Promo\u00e7\u00e3o da Inova\u00e7\u00e3o no INPI entre 2008 e 2010. Era, desde 2011, Diretor de Coopera\u00e7\u00e3o Internacional e Assuntos Jur\u00eddicos do EUIPO.<\/p>\n\n\n\n<p>Com esta nomea\u00e7\u00e3o, Portugal consolida o elevado perfil que assumiu nos \u00faltimos dez anos na \u00e1rea da propriedade intelectual e das patentes, que se traduz na elei\u00e7\u00e3o de portugueses para os mais altos cargos nas ag\u00eancias europeias de Alicante (EUIPO) e Munique (Instituto Europeu de Patentes).<\/p>\n","protected":false},"excerpt":{"rendered":"<p>O portugu\u00eas Jo\u00e3o Negr\u00e3o foi ontem nomeado para o cargo Presidente das C\u00e2maras de Recurso do Instituto da Propriedade Intelectual<\/p>\n","protected":false},"author":1,"featured_media":3432,"comment_status":"closed","ping_status":"open","sticky":false,"template":"","format":"standard","meta":{"colormag_page_container_layout":"default_layout","colormag_page_sidebar_layout":"default_layout","_monsterinsights_skip_tracking":false,"_monsterinsights_sitenote_active":false,"_monsterinsights_sitenote_note":"","_monsterinsights_sitenote_category":0,"jetpack_post_was_ever_published":false,"_jetpack_newsletter_access":"","_jetpack_dont_email_post_to_subs":false,"_jetpack_newsletter_tier_id":0,"_jetpack_memberships_contains_paywalled_content":false,"_jetpack_memberships_contains_paid_content":false,"footnotes":"","jetpack_publicize_message":"","jetpack_publicize_feature_enabled":true,"jetpack_social_post_already_shared":true,"jetpack_social_options":{"image_generator_settings":{"template":"highway","default_image_id":0,"font":"","enabled":false},"version":2}},"categories":[189],"tags":[98],"class_list":["post-3586","post","type-post","status-publish","format-standard","has-post-thumbnail","hentry","category-nacional","tag-nacional"],"yoast_head":"<!-- This site is optimized with the Yoast SEO plugin v27.5 - https:\/\/yoast.com\/product\/yoast-seo-wordpress\/ -->\n<title>Jo\u00e3o Negr\u00e3o eleito Presidente das C\u00e2maras de Recurso do Instituto da Propriedade Intelectual da Uni\u00e3o Europeia (EUIPO) - Algarve 7<\/title>\n<meta name=\"description\" content=\"Jo\u00e3o Negr\u00e3o eleito Presidente das C\u00e2maras de Recurso do Instituto da Propriedade Intelectual da Uni\u00e3o Europeia (EUIPO) Nacional\" \/>\n<meta name=\"robots\" content=\"index, follow, max-snippet:-1, max-image-preview:large, max-video-preview:-1\" \/>\n<link rel=\"canonical\" href=\"https:\/\/algarve7.pt\/index.php\/2020\/11\/joao-negrao-eleito-presidente-das-camaras-de-recurso-do-instituto-da-propriedade-intelectual-da-uniao-europeia-euipo\/nacional\/07\/39\/\" \/>\n<meta property=\"og:locale\" content=\"pt_PT\" \/>\n<meta property=\"og:type\" content=\"article\" \/>\n<meta property=\"og:title\" content=\"Jo\u00e3o Negr\u00e3o eleito Presidente das C\u00e2maras de Recurso do Instituto da Propriedade Intelectual da Uni\u00e3o Europeia (EUIPO) - Algarve 7\" \/>\n<meta property=\"og:description\" content=\"Jo\u00e3o Negr\u00e3o eleito Presidente das C\u00e2maras de Recurso do Instituto da Propriedade Intelectual da Uni\u00e3o Europeia (EUIPO) Nacional\" \/>\n<meta property=\"og:url\" content=\"https:\/\/algarve7.pt\/index.php\/2020\/11\/joao-negrao-eleito-presidente-das-camaras-de-recurso-do-instituto-da-propriedade-intelectual-da-uniao-europeia-euipo\/nacional\/07\/39\/\" \/>\n<meta property=\"og:site_name\" content=\"Algarve 7\" \/>\n<meta property=\"article:publisher\" content=\"https:\/\/www.facebook.com\/algarve7\" \/>\n<meta property=\"article:author\" content=\"https:\/\/www.facebook.com\/algarve7\" \/>\n<meta property=\"article:published_time\" content=\"2020-11-11T07:39:28+00:00\" \/>\n<meta property=\"article:modified_time\" content=\"2020-11-11T07:39:29+00:00\" \/>\n<meta property=\"og:image\" content=\"https:\/\/algarve7.pt\/wp-content\/uploads\/2020\/11\/governo-de-portugal-cor2.png\" \/>\n\t<meta property=\"og:image:width\" content=\"2412\" \/>\n\t<meta property=\"og:image:height\" content=\"1165\" \/>\n\t<meta property=\"og:image:type\" content=\"image\/png\" \/>\n<meta name=\"author\" content=\"Algarve 7\" \/>\n<meta name=\"twitter:card\" content=\"summary_large_image\" \/>\n<meta name=\"twitter:creator\" content=\"@Algarvesete\" \/>\n<meta name=\"twitter:site\" content=\"@Algarvesete\" \/>\n<meta name=\"twitter:label1\" content=\"Escrito por\" \/>\n\t<meta name=\"twitter:data1\" content=\"Algarve 7\" \/>\n\t<meta name=\"twitter:label2\" content=\"Tempo estimado de leitura\" \/>\n\t<meta name=\"twitter:data2\" content=\"1 minuto\" \/>\n<script type=\"application\/ld+json\" class=\"yoast-schema-graph\">{\"@context\":\"https:\\\/\\\/schema.org\",\"@graph\":[{\"@type\":\"Article\",\"@id\":\"https:\\\/\\\/algarve7.pt\\\/index.php\\\/2020\\\/11\\\/joao-negrao-eleito-presidente-das-camaras-de-recurso-do-instituto-da-propriedade-intelectual-da-uniao-europeia-euipo\\\/nacional\\\/07\\\/39\\\/#article\",\"isPartOf\":{\"@id\":\"https:\\\/\\\/algarve7.pt\\\/index.php\\\/2020\\\/11\\\/joao-negrao-eleito-presidente-das-camaras-de-recurso-do-instituto-da-propriedade-intelectual-da-uniao-europeia-euipo\\\/nacional\\\/07\\\/39\\\/\"},\"author\":{\"name\":\"Algarve 7\",\"@id\":\"https:\\\/\\\/algarve7.pt\\\/#\\\/schema\\\/person\\\/23fa70681308e7b319a3204bcea45e0c\"},\"headline\":\"Jo\u00e3o Negr\u00e3o eleito Presidente das C\u00e2maras de Recurso do Instituto da Propriedade Intelectual da Uni\u00e3o Europeia (EUIPO)\",\"datePublished\":\"2020-11-11T07:39:28+00:00\",\"dateModified\":\"2020-11-11T07:39:29+00:00\",\"mainEntityOfPage\":{\"@id\":\"https:\\\/\\\/algarve7.pt\\\/index.php\\\/2020\\\/11\\\/joao-negrao-eleito-presidente-das-camaras-de-recurso-do-instituto-da-propriedade-intelectual-da-uniao-europeia-euipo\\\/nacional\\\/07\\\/39\\\/\"},\"wordCount\":269,\"publisher\":{\"@id\":\"https:\\\/\\\/algarve7.pt\\\/#organization\"},\"image\":{\"@id\":\"https:\\\/\\\/algarve7.pt\\\/index.php\\\/2020\\\/11\\\/joao-negrao-eleito-presidente-das-camaras-de-recurso-do-instituto-da-propriedade-intelectual-da-uniao-europeia-euipo\\\/nacional\\\/07\\\/39\\\/#primaryimage\"},\"thumbnailUrl\":\"https:\\\/\\\/algarve7.pt\\\/wp-content\\\/uploads\\\/2020\\\/11\\\/governo-de-portugal-cor2.png\",\"keywords\":[\"Nacional\"],\"articleSection\":[\"Nacional\"],\"inLanguage\":\"pt-PT\"},{\"@type\":\"WebPage\",\"@id\":\"https:\\\/\\\/algarve7.pt\\\/index.php\\\/2020\\\/11\\\/joao-negrao-eleito-presidente-das-camaras-de-recurso-do-instituto-da-propriedade-intelectual-da-uniao-europeia-euipo\\\/nacional\\\/07\\\/39\\\/\",\"url\":\"https:\\\/\\\/algarve7.pt\\\/index.php\\\/2020\\\/11\\\/joao-negrao-eleito-presidente-das-camaras-de-recurso-do-instituto-da-propriedade-intelectual-da-uniao-europeia-euipo\\\/nacional\\\/07\\\/39\\\/\",\"name\":\"Jo\u00e3o Negr\u00e3o eleito Presidente das C\u00e2maras de Recurso do Instituto da Propriedade Intelectual da Uni\u00e3o Europeia (EUIPO) - Algarve 7\",\"isPartOf\":{\"@id\":\"https:\\\/\\\/algarve7.pt\\\/#website\"},\"primaryImageOfPage\":{\"@id\":\"https:\\\/\\\/algarve7.pt\\\/index.php\\\/2020\\\/11\\\/joao-negrao-eleito-presidente-das-camaras-de-recurso-do-instituto-da-propriedade-intelectual-da-uniao-europeia-euipo\\\/nacional\\\/07\\\/39\\\/#primaryimage\"},\"image\":{\"@id\":\"https:\\\/\\\/algarve7.pt\\\/index.php\\\/2020\\\/11\\\/joao-negrao-eleito-presidente-das-camaras-de-recurso-do-instituto-da-propriedade-intelectual-da-uniao-europeia-euipo\\\/nacional\\\/07\\\/39\\\/#primaryimage\"},\"thumbnailUrl\":\"https:\\\/\\\/algarve7.pt\\\/wp-content\\\/uploads\\\/2020\\\/11\\\/governo-de-portugal-cor2.png\",\"datePublished\":\"2020-11-11T07:39:28+00:00\",\"dateModified\":\"2020-11-11T07:39:29+00:00\",\"description\":\"Jo\u00e3o Negr\u00e3o eleito Presidente das C\u00e2maras de Recurso do Instituto da Propriedade Intelectual da Uni\u00e3o Europeia (EUIPO) Nacional\",\"breadcrumb\":{\"@id\":\"https:\\\/\\\/algarve7.pt\\\/index.php\\\/2020\\\/11\\\/joao-negrao-eleito-presidente-das-camaras-de-recurso-do-instituto-da-propriedade-intelectual-da-uniao-europeia-euipo\\\/nacional\\\/07\\\/39\\\/#breadcrumb\"},\"inLanguage\":\"pt-PT\",\"potentialAction\":[{\"@type\":\"ReadAction\",\"target\":[\"https:\\\/\\\/algarve7.pt\\\/index.php\\\/2020\\\/11\\\/joao-negrao-eleito-presidente-das-camaras-de-recurso-do-instituto-da-propriedade-intelectual-da-uniao-europeia-euipo\\\/nacional\\\/07\\\/39\\\/\"]}]},{\"@type\":\"ImageObject\",\"inLanguage\":\"pt-PT\",\"@id\":\"https:\\\/\\\/algarve7.pt\\\/index.php\\\/2020\\\/11\\\/joao-negrao-eleito-presidente-das-camaras-de-recurso-do-instituto-da-propriedade-intelectual-da-uniao-europeia-euipo\\\/nacional\\\/07\\\/39\\\/#primaryimage\",\"url\":\"https:\\\/\\\/algarve7.pt\\\/wp-content\\\/uploads\\\/2020\\\/11\\\/governo-de-portugal-cor2.png\",\"contentUrl\":\"https:\\\/\\\/algarve7.pt\\\/wp-content\\\/uploads\\\/2020\\\/11\\\/governo-de-portugal-cor2.png\",\"width\":2412,\"height\":1165},{\"@type\":\"BreadcrumbList\",\"@id\":\"https:\\\/\\\/algarve7.pt\\\/index.php\\\/2020\\\/11\\\/joao-negrao-eleito-presidente-das-camaras-de-recurso-do-instituto-da-propriedade-intelectual-da-uniao-europeia-euipo\\\/nacional\\\/07\\\/39\\\/#breadcrumb\",\"itemListElement\":[{\"@type\":\"ListItem\",\"position\":1,\"name\":\"In\u00edcio\",\"item\":\"https:\\\/\\\/algarve7.pt\\\/\"},{\"@type\":\"ListItem\",\"position\":2,\"name\":\"Jo\u00e3o Negr\u00e3o eleito Presidente das C\u00e2maras de Recurso do Instituto da Propriedade Intelectual da Uni\u00e3o Europeia (EUIPO)\"}]},{\"@type\":\"WebSite\",\"@id\":\"https:\\\/\\\/algarve7.pt\\\/#website\",\"url\":\"https:\\\/\\\/algarve7.pt\\\/\",\"name\":\"Algarve 7\",\"description\":\"Informa\u00e7\u00e3o sobre o Algarve\",\"publisher\":{\"@id\":\"https:\\\/\\\/algarve7.pt\\\/#organization\"},\"potentialAction\":[{\"@type\":\"SearchAction\",\"target\":{\"@type\":\"EntryPoint\",\"urlTemplate\":\"https:\\\/\\\/algarve7.pt\\\/?s={search_term_string}\"},\"query-input\":{\"@type\":\"PropertyValueSpecification\",\"valueRequired\":true,\"valueName\":\"search_term_string\"}}],\"inLanguage\":\"pt-PT\"},{\"@type\":\"Organization\",\"@id\":\"https:\\\/\\\/algarve7.pt\\\/#organization\",\"name\":\"Algarve 7\",\"url\":\"https:\\\/\\\/algarve7.pt\\\/\",\"logo\":{\"@type\":\"ImageObject\",\"inLanguage\":\"pt-PT\",\"@id\":\"https:\\\/\\\/algarve7.pt\\\/#\\\/schema\\\/logo\\\/image\\\/\",\"url\":\"https:\\\/\\\/algarve7.pt\\\/wp-content\\\/uploads\\\/2020\\\/10\\\/Logo-8.jpg\",\"contentUrl\":\"https:\\\/\\\/algarve7.pt\\\/wp-content\\\/uploads\\\/2020\\\/10\\\/Logo-8.jpg\",\"width\":1680,\"height\":1186,\"caption\":\"Algarve 7\"},\"image\":{\"@id\":\"https:\\\/\\\/algarve7.pt\\\/#\\\/schema\\\/logo\\\/image\\\/\"},\"sameAs\":[\"https:\\\/\\\/www.facebook.com\\\/algarve7\",\"https:\\\/\\\/x.com\\\/Algarvesete\",\"https:\\\/\\\/www.instagram.com\\\/jornalalgarve7\\\/\",\"https:\\\/\\\/www.linkedin.com\\\/company\\\/algarve7\",\"https:\\\/\\\/www.pinterest.pt\\\/geral0939\\\/_created\\\/\"]},{\"@type\":\"Person\",\"@id\":\"https:\\\/\\\/algarve7.pt\\\/#\\\/schema\\\/person\\\/23fa70681308e7b319a3204bcea45e0c\",\"name\":\"Algarve 7\",\"sameAs\":[\"https:\\\/\\\/algarve7.pt\",\"https:\\\/\\\/www.facebook.com\\\/algarve7\"],\"url\":\"https:\\\/\\\/algarve7.pt\\\/index.php\\\/author\\\/geralalgarve7-pt\\\/\"}]}<\/script>\n<!-- \/ Yoast SEO plugin. -->","yoast_head_json":{"title":"Jo\u00e3o Negr\u00e3o eleito Presidente das C\u00e2maras de Recurso do Instituto da Propriedade Intelectual da Uni\u00e3o Europeia (EUIPO) - Algarve 7","description":"Jo\u00e3o Negr\u00e3o eleito Presidente das C\u00e2maras de Recurso do Instituto da Propriedade Intelectual da Uni\u00e3o Europeia (EUIPO) Nacional","robots":{"index":"index","follow":"follow","max-snippet":"max-snippet:-1","max-image-preview":"max-image-preview:large","max-video-preview":"max-video-preview:-1"},"canonical":"https:\/\/algarve7.pt\/index.php\/2020\/11\/joao-negrao-eleito-presidente-das-camaras-de-recurso-do-instituto-da-propriedade-intelectual-da-uniao-europeia-euipo\/nacional\/07\/39\/","og_locale":"pt_PT","og_type":"article","og_title":"Jo\u00e3o Negr\u00e3o eleito Presidente das C\u00e2maras de Recurso do Instituto da Propriedade Intelectual da Uni\u00e3o Europeia (EUIPO) - Algarve 7","og_description":"Jo\u00e3o Negr\u00e3o eleito Presidente das C\u00e2maras de Recurso do Instituto da Propriedade Intelectual da Uni\u00e3o Europeia (EUIPO) Nacional","og_url":"https:\/\/algarve7.pt\/index.php\/2020\/11\/joao-negrao-eleito-presidente-das-camaras-de-recurso-do-instituto-da-propriedade-intelectual-da-uniao-europeia-euipo\/nacional\/07\/39\/","og_site_name":"Algarve 7","article_publisher":"https:\/\/www.facebook.com\/algarve7","article_author":"https:\/\/www.facebook.com\/algarve7","article_published_time":"2020-11-11T07:39:28+00:00","article_modified_time":"2020-11-11T07:39:29+00:00","og_image":[{"width":2412,"height":1165,"url":"https:\/\/algarve7.pt\/wp-content\/uploads\/2020\/11\/governo-de-portugal-cor2.png","type":"image\/png"}],"author":"Algarve 7","twitter_card":"summary_large_image","twitter_creator":"@Algarvesete","twitter_site":"@Algarvesete","twitter_misc":{"Escrito por":"Algarve 7","Tempo estimado de leitura":"1 minuto"},"schema":{"@context":"https:\/\/schema.org","@graph":[{"@type":"Article","@id":"https:\/\/algarve7.pt\/index.php\/2020\/11\/joao-negrao-eleito-presidente-das-camaras-de-recurso-do-instituto-da-propriedade-intelectual-da-uniao-europeia-euipo\/nacional\/07\/39\/#article","isPartOf":{"@id":"https:\/\/algarve7.pt\/index.php\/2020\/11\/joao-negrao-eleito-presidente-das-camaras-de-recurso-do-instituto-da-propriedade-intelectual-da-uniao-europeia-euipo\/nacional\/07\/39\/"},"author":{"name":"Algarve 7","@id":"https:\/\/algarve7.pt\/#\/schema\/person\/23fa70681308e7b319a3204bcea45e0c"},"headline":"Jo\u00e3o Negr\u00e3o eleito Presidente das C\u00e2maras de Recurso do Instituto da Propriedade Intelectual da Uni\u00e3o Europeia (EUIPO)","datePublished":"2020-11-11T07:39:28+00:00","dateModified":"2020-11-11T07:39:29+00:00","mainEntityOfPage":{"@id":"https:\/\/algarve7.pt\/index.php\/2020\/11\/joao-negrao-eleito-presidente-das-camaras-de-recurso-do-instituto-da-propriedade-intelectual-da-uniao-europeia-euipo\/nacional\/07\/39\/"},"wordCount":269,"publisher":{"@id":"https:\/\/algarve7.pt\/#organization"},"image":{"@id":"https:\/\/algarve7.pt\/index.php\/2020\/11\/joao-negrao-eleito-presidente-das-camaras-de-recurso-do-instituto-da-propriedade-intelectual-da-uniao-europeia-euipo\/nacional\/07\/39\/#primaryimage"},"thumbnailUrl":"https:\/\/algarve7.pt\/wp-content\/uploads\/2020\/11\/governo-de-portugal-cor2.png","keywords":["Nacional"],"articleSection":["Nacional"],"inLanguage":"pt-PT"},{"@type":"WebPage","@id":"https:\/\/algarve7.pt\/index.php\/2020\/11\/joao-negrao-eleito-presidente-das-camaras-de-recurso-do-instituto-da-propriedade-intelectual-da-uniao-europeia-euipo\/nacional\/07\/39\/","url":"https:\/\/algarve7.pt\/index.php\/2020\/11\/joao-negrao-eleito-presidente-das-camaras-de-recurso-do-instituto-da-propriedade-intelectual-da-uniao-europeia-euipo\/nacional\/07\/39\/","name":"Jo\u00e3o Negr\u00e3o eleito Presidente das C\u00e2maras de Recurso do Instituto da Propriedade Intelectual da Uni\u00e3o Europeia (EUIPO) - Algarve 7","isPartOf":{"@id":"https:\/\/algarve7.pt\/#website"},"primaryImageOfPage":{"@id":"https:\/\/algarve7.pt\/index.php\/2020\/11\/joao-negrao-eleito-presidente-das-camaras-de-recurso-do-instituto-da-propriedade-intelectual-da-uniao-europeia-euipo\/nacional\/07\/39\/#primaryimage"},"image":{"@id":"https:\/\/algarve7.pt\/index.php\/2020\/11\/joao-negrao-eleito-presidente-das-camaras-de-recurso-do-instituto-da-propriedade-intelectual-da-uniao-europeia-euipo\/nacional\/07\/39\/#primaryimage"},"thumbnailUrl":"https:\/\/algarve7.pt\/wp-content\/uploads\/2020\/11\/governo-de-portugal-cor2.png","datePublished":"2020-11-11T07:39:28+00:00","dateModified":"2020-11-11T07:39:29+00:00","description":"Jo\u00e3o Negr\u00e3o eleito Presidente das C\u00e2maras de Recurso do Instituto da Propriedade Intelectual da Uni\u00e3o Europeia (EUIPO) Nacional","breadcrumb":{"@id":"https:\/\/algarve7.pt\/index.php\/2020\/11\/joao-negrao-eleito-presidente-das-camaras-de-recurso-do-instituto-da-propriedade-intelectual-da-uniao-europeia-euipo\/nacional\/07\/39\/#breadcrumb"},"inLanguage":"pt-PT","potentialAction":[{"@type":"ReadAction","target":["https:\/\/algarve7.pt\/index.php\/2020\/11\/joao-negrao-eleito-presidente-das-camaras-de-recurso-do-instituto-da-propriedade-intelectual-da-uniao-europeia-euipo\/nacional\/07\/39\/"]}]},{"@type":"ImageObject","inLanguage":"pt-PT","@id":"https:\/\/algarve7.pt\/index.php\/2020\/11\/joao-negrao-eleito-presidente-das-camaras-de-recurso-do-instituto-da-propriedade-intelectual-da-uniao-europeia-euipo\/nacional\/07\/39\/#primaryimage","url":"https:\/\/algarve7.pt\/wp-content\/uploads\/2020\/11\/governo-de-portugal-cor2.png","contentUrl":"https:\/\/algarve7.pt\/wp-content\/uploads\/2020\/11\/governo-de-portugal-cor2.png","width":2412,"height":1165},{"@type":"BreadcrumbList","@id":"https:\/\/algarve7.pt\/index.php\/2020\/11\/joao-negrao-eleito-presidente-das-camaras-de-recurso-do-instituto-da-propriedade-intelectual-da-uniao-europeia-euipo\/nacional\/07\/39\/#breadcrumb","itemListElement":[{"@type":"ListItem","position":1,"name":"In\u00edcio","item":"https:\/\/algarve7.pt\/"},{"@type":"ListItem","position":2,"name":"Jo\u00e3o Negr\u00e3o eleito Presidente das C\u00e2maras de Recurso do Instituto da Propriedade Intelectual da Uni\u00e3o Europeia (EUIPO)"}]},{"@type":"WebSite","@id":"https:\/\/algarve7.pt\/#website","url":"https:\/\/algarve7.pt\/","name":"Algarve 7","description":"Informa\u00e7\u00e3o sobre o Algarve","publisher":{"@id":"https:\/\/algarve7.pt\/#organization"},"potentialAction":[{"@type":"SearchAction","target":{"@type":"EntryPoint","urlTemplate":"https:\/\/algarve7.pt\/?s={search_term_string}"},"query-input":{"@type":"PropertyValueSpecification","valueRequired":true,"valueName":"search_term_string"}}],"inLanguage":"pt-PT"},{"@type":"Organization","@id":"https:\/\/algarve7.pt\/#organization","name":"Algarve 7","url":"https:\/\/algarve7.pt\/","logo":{"@type":"ImageObject","inLanguage":"pt-PT","@id":"https:\/\/algarve7.pt\/#\/schema\/logo\/image\/","url":"https:\/\/algarve7.pt\/wp-content\/uploads\/2020\/10\/Logo-8.jpg","contentUrl":"https:\/\/algarve7.pt\/wp-content\/uploads\/2020\/10\/Logo-8.jpg","width":1680,"height":1186,"caption":"Algarve 7"},"image":{"@id":"https:\/\/algarve7.pt\/#\/schema\/logo\/image\/"},"sameAs":["https:\/\/www.facebook.com\/algarve7","https:\/\/x.com\/Algarvesete","https:\/\/www.instagram.com\/jornalalgarve7\/","https:\/\/www.linkedin.com\/company\/algarve7","https:\/\/www.pinterest.pt\/geral0939\/_created\/"]},{"@type":"Person","@id":"https:\/\/algarve7.pt\/#\/schema\/person\/23fa70681308e7b319a3204bcea45e0c","name":"Algarve 7","sameAs":["https:\/\/algarve7.pt","https:\/\/www.facebook.com\/algarve7"],"url":"https:\/\/algarve7.pt\/index.php\/author\/geralalgarve7-pt\/"}]}},"jetpack_publicize_connections":[],"jetpack_featured_media_url":"https:\/\/algarve7.pt\/wp-content\/uploads\/2020\/11\/governo-de-portugal-cor2.png","jetpack_shortlink":"https:\/\/wp.me\/pcezmW-VQ","jetpack_sharing_enabled":true,"_links":{"self":[{"href":"https:\/\/algarve7.pt\/index.php\/wp-json\/wp\/v2\/posts\/3586","targetHints":{"allow":["GET"]}}],"collection":[{"href":"https:\/\/algarve7.pt\/index.php\/wp-json\/wp\/v2\/posts"}],"about":[{"href":"https:\/\/algarve7.pt\/index.php\/wp-json\/wp\/v2\/types\/post"}],"author":[{"embeddable":true,"href":"https:\/\/algarve7.pt\/index.php\/wp-json\/wp\/v2\/users\/1"}],"replies":[{"embeddable":true,"href":"https:\/\/algarve7.pt\/index.php\/wp-json\/wp\/v2\/comments?post=3586"}],"version-history":[{"count":0,"href":"https:\/\/algarve7.pt\/index.php\/wp-json\/wp\/v2\/posts\/3586\/revisions"}],"wp:featuredmedia":[{"embeddable":true,"href":"https:\/\/algarve7.pt\/index.php\/wp-json\/wp\/v2\/media\/3432"}],"wp:attachment":[{"href":"https:\/\/algarve7.pt\/index.php\/wp-json\/wp\/v2\/media?parent=3586"}],"wp:term":[{"taxonomy":"category","embeddable":true,"href":"https:\/\/algarve7.pt\/index.php\/wp-json\/wp\/v2\/categories?post=3586"},{"taxonomy":"post_tag","embeddable":true,"href":"https:\/\/algarve7.pt\/index.php\/wp-json\/wp\/v2\/tags?post=3586"}],"curies":[{"name":"wp","href":"https:\/\/api.w.org\/{rel}","templated":true}]}}