{"id":3581,"date":"2020-11-11T07:26:22","date_gmt":"2020-11-11T07:26:22","guid":{"rendered":"https:\/\/algarve7.pt\/?p=3581"},"modified":"2020-11-11T07:26:24","modified_gmt":"2020-11-11T07:26:24","slug":"desporto-comunicado-conjunto-das-5-federacoes","status":"publish","type":"post","link":"https:\/\/algarve7.pt\/index.php\/2020\/11\/desporto-comunicado-conjunto-das-5-federacoes\/desporto\/07\/26\/","title":{"rendered":"Desporto comunicado Conjunto das 5 Federa\u00e7\u00f5es"},"content":{"rendered":"\n<p><em>A situa\u00e7\u00e3o pand\u00e9mica em Portugal tem sofrido um preocupante agravamento que levou \u00e0 publica\u00e7\u00e3o do Decreto n.\u00ba 8\/2020, de 8 de novembro, que regulamenta a aplica\u00e7\u00e3o do estado de emerg\u00eancia decretado pelo Presidente da Rep\u00fablica no per\u00edodo entre as 00.00 horas do dia 9 de novembro de 2020 e as 23.59 horas do dia 23 de novembro de 2020.<\/em><\/p>\n\n\n\n<p><em>Este diploma, relativamente aos 121 concelhos referidos no anexo II da Resolu\u00e7\u00e3o de Conselho de Ministros (RCM) n.\u00ba 92-A\/2020, de 2 de novembro, prev\u00ea restri\u00e7\u00f5es di\u00e1rias de circula\u00e7\u00e3o no per\u00edodo compreendido entre as 23.00 e as 05.00 horas, bem como aos s\u00e1bados e aos domingos no per\u00edodo compreendido entre as 13.00 e as 05.00 horas.<\/em><\/p>\n\n\n\n<p><em>Na sequ\u00eancia da publica\u00e7\u00e3o deste diploma, tem havido por parte das autoridades uma sensibiliza\u00e7\u00e3o para que, durante o per\u00edodo do estado de emerg\u00eancia, a atividade desportiva possa respeitar as restri\u00e7\u00f5es de circula\u00e7\u00e3o, como forma de o Desporto contribuir para o esfor\u00e7o da salvaguarda da sa\u00fade p\u00fablica atrav\u00e9s da diminui\u00e7\u00e3o da circula\u00e7\u00e3o, particularmente evitando situa\u00e7\u00f5es de atravessamento de concelhos nestas condi\u00e7\u00f5es.&nbsp;<\/em><\/p>\n\n\n\n<p><em>Neste contexto, as Federa\u00e7\u00f5es e os seus Clubes, cientes das suas responsabilidades, est\u00e3o a fazer todos os esfor\u00e7os para alterar a calendariza\u00e7\u00e3o da sua atividade desportiva agendada para os 121 concelhos, no sentido de acomodar a realiza\u00e7\u00e3o dos jogos e recalendarizar os restantes para que todos se disputem nos per\u00edodos em que n\u00e3o se verifiquem restri\u00e7\u00f5es legais \u00e0 circula\u00e7\u00e3o, seguindo assim as orienta\u00e7\u00f5es das autoridades.<\/em><\/p>\n\n\n\n<p><em>Lisboa e Porto, 10 de novembro de 2020<\/em><\/p>\n\n\n\n<p><em>Federa\u00e7\u00e3o de Andebol de Portugal<br>Federa\u00e7\u00e3o Portuguesa de Basquetebol<br>Federa\u00e7\u00e3o Portuguesa de Futebol<br>Federa\u00e7\u00e3o de Patinagem de Portugal<br>Federa\u00e7\u00e3o Portuguesa de Voleibol<\/em><\/p>\n","protected":false},"excerpt":{"rendered":"<p>A situa\u00e7\u00e3o pand\u00e9mica em Portugal tem sofrido um preocupante agravamento que levou \u00e0 publica\u00e7\u00e3o do Decreto n.\u00ba 8\/2020, de 8<\/p>\n","protected":false},"author":1,"featured_media":3583,"comment_status":"closed","ping_status":"open","sticky":false,"template":"","format":"standard","meta":{"colormag_page_container_layout":"default_layout","colormag_page_sidebar_layout":"default_layout","_monsterinsights_skip_tracking":false,"_monsterinsights_sitenote_active":false,"_monsterinsights_sitenote_note":"","_monsterinsights_sitenote_category":0,"jetpack_post_was_ever_published":false,"_jetpack_newsletter_access":"","_jetpack_dont_email_post_to_subs":false,"_jetpack_newsletter_tier_id":0,"_jetpack_memberships_contains_paywalled_content":false,"_jetpack_memberships_contains_paid_content":false,"footnotes":"","jetpack_publicize_message":"","jetpack_publicize_feature_enabled":true,"jetpack_social_post_already_shared":true,"jetpack_social_options":{"image_generator_settings":{"template":"highway","default_image_id":0,"font":"","enabled":false},"version":2}},"categories":[15],"tags":[40,98],"class_list":["post-3581","post","type-post","status-publish","format-standard","has-post-thumbnail","hentry","category-desporto","tag-desporto","tag-nacional"],"yoast_head":"<!-- This site is optimized with the Yoast SEO plugin v27.5 - https:\/\/yoast.com\/product\/yoast-seo-wordpress\/ -->\n<title>Desporto comunicado Conjunto das 5 Federa\u00e7\u00f5es - Algarve 7<\/title>\n<meta name=\"description\" content=\"Comunicado Conjunto das 5 Federa\u00e7\u00f5es\" \/>\n<meta name=\"robots\" content=\"index, follow, max-snippet:-1, max-image-preview:large, max-video-preview:-1\" \/>\n<link rel=\"canonical\" href=\"https:\/\/algarve7.pt\/index.php\/2020\/11\/desporto-comunicado-conjunto-das-5-federacoes\/desporto\/07\/26\/\" \/>\n<meta property=\"og:locale\" content=\"pt_PT\" \/>\n<meta property=\"og:type\" content=\"article\" \/>\n<meta property=\"og:title\" content=\"Desporto comunicado Conjunto das 5 Federa\u00e7\u00f5es - Algarve 7\" \/>\n<meta property=\"og:description\" content=\"Comunicado Conjunto das 5 Federa\u00e7\u00f5es\" \/>\n<meta property=\"og:url\" content=\"https:\/\/algarve7.pt\/index.php\/2020\/11\/desporto-comunicado-conjunto-das-5-federacoes\/desporto\/07\/26\/\" \/>\n<meta property=\"og:site_name\" content=\"Algarve 7\" \/>\n<meta property=\"article:publisher\" content=\"https:\/\/www.facebook.com\/algarve7\" \/>\n<meta property=\"article:author\" content=\"https:\/\/www.facebook.com\/algarve7\" \/>\n<meta property=\"article:published_time\" content=\"2020-11-11T07:26:22+00:00\" \/>\n<meta property=\"article:modified_time\" content=\"2020-11-11T07:26:24+00:00\" \/>\n<meta property=\"og:image\" content=\"https:\/\/algarve7.pt\/wp-content\/uploads\/2020\/11\/08DE57E8-7495-4A3B-8D56-73AECD73C0DB.jpeg\" \/>\n\t<meta property=\"og:image:width\" content=\"960\" \/>\n\t<meta property=\"og:image:height\" content=\"423\" \/>\n\t<meta property=\"og:image:type\" content=\"image\/jpeg\" \/>\n<meta name=\"author\" content=\"Algarve 7\" \/>\n<meta name=\"twitter:card\" content=\"summary_large_image\" \/>\n<meta name=\"twitter:creator\" content=\"@Algarvesete\" \/>\n<meta name=\"twitter:site\" content=\"@Algarvesete\" \/>\n<meta name=\"twitter:label1\" content=\"Escrito por\" \/>\n\t<meta name=\"twitter:data1\" content=\"Algarve 7\" \/>\n\t<meta name=\"twitter:label2\" content=\"Tempo estimado de leitura\" \/>\n\t<meta name=\"twitter:data2\" content=\"1 minuto\" \/>\n<script type=\"application\/ld+json\" class=\"yoast-schema-graph\">{\"@context\":\"https:\\\/\\\/schema.org\",\"@graph\":[{\"@type\":\"Article\",\"@id\":\"https:\\\/\\\/algarve7.pt\\\/index.php\\\/2020\\\/11\\\/desporto-comunicado-conjunto-das-5-federacoes\\\/desporto\\\/07\\\/26\\\/#article\",\"isPartOf\":{\"@id\":\"https:\\\/\\\/algarve7.pt\\\/index.php\\\/2020\\\/11\\\/desporto-comunicado-conjunto-das-5-federacoes\\\/desporto\\\/07\\\/26\\\/\"},\"author\":{\"name\":\"Algarve 7\",\"@id\":\"https:\\\/\\\/algarve7.pt\\\/#\\\/schema\\\/person\\\/23fa70681308e7b319a3204bcea45e0c\"},\"headline\":\"Desporto comunicado Conjunto das 5 Federa\u00e7\u00f5es\",\"datePublished\":\"2020-11-11T07:26:22+00:00\",\"dateModified\":\"2020-11-11T07:26:24+00:00\",\"mainEntityOfPage\":{\"@id\":\"https:\\\/\\\/algarve7.pt\\\/index.php\\\/2020\\\/11\\\/desporto-comunicado-conjunto-das-5-federacoes\\\/desporto\\\/07\\\/26\\\/\"},\"wordCount\":297,\"publisher\":{\"@id\":\"https:\\\/\\\/algarve7.pt\\\/#organization\"},\"image\":{\"@id\":\"https:\\\/\\\/algarve7.pt\\\/index.php\\\/2020\\\/11\\\/desporto-comunicado-conjunto-das-5-federacoes\\\/desporto\\\/07\\\/26\\\/#primaryimage\"},\"thumbnailUrl\":\"https:\\\/\\\/algarve7.pt\\\/wp-content\\\/uploads\\\/2020\\\/11\\\/08DE57E8-7495-4A3B-8D56-73AECD73C0DB.jpeg\",\"keywords\":[\"Desporto\",\"Nacional\"],\"articleSection\":[\"Desporto\"],\"inLanguage\":\"pt-PT\"},{\"@type\":\"WebPage\",\"@id\":\"https:\\\/\\\/algarve7.pt\\\/index.php\\\/2020\\\/11\\\/desporto-comunicado-conjunto-das-5-federacoes\\\/desporto\\\/07\\\/26\\\/\",\"url\":\"https:\\\/\\\/algarve7.pt\\\/index.php\\\/2020\\\/11\\\/desporto-comunicado-conjunto-das-5-federacoes\\\/desporto\\\/07\\\/26\\\/\",\"name\":\"Desporto comunicado Conjunto das 5 Federa\u00e7\u00f5es - Algarve 7\",\"isPartOf\":{\"@id\":\"https:\\\/\\\/algarve7.pt\\\/#website\"},\"primaryImageOfPage\":{\"@id\":\"https:\\\/\\\/algarve7.pt\\\/index.php\\\/2020\\\/11\\\/desporto-comunicado-conjunto-das-5-federacoes\\\/desporto\\\/07\\\/26\\\/#primaryimage\"},\"image\":{\"@id\":\"https:\\\/\\\/algarve7.pt\\\/index.php\\\/2020\\\/11\\\/desporto-comunicado-conjunto-das-5-federacoes\\\/desporto\\\/07\\\/26\\\/#primaryimage\"},\"thumbnailUrl\":\"https:\\\/\\\/algarve7.pt\\\/wp-content\\\/uploads\\\/2020\\\/11\\\/08DE57E8-7495-4A3B-8D56-73AECD73C0DB.jpeg\",\"datePublished\":\"2020-11-11T07:26:22+00:00\",\"dateModified\":\"2020-11-11T07:26:24+00:00\",\"description\":\"Comunicado Conjunto das 5 Federa\u00e7\u00f5es\",\"breadcrumb\":{\"@id\":\"https:\\\/\\\/algarve7.pt\\\/index.php\\\/2020\\\/11\\\/desporto-comunicado-conjunto-das-5-federacoes\\\/desporto\\\/07\\\/26\\\/#breadcrumb\"},\"inLanguage\":\"pt-PT\",\"potentialAction\":[{\"@type\":\"ReadAction\",\"target\":[\"https:\\\/\\\/algarve7.pt\\\/index.php\\\/2020\\\/11\\\/desporto-comunicado-conjunto-das-5-federacoes\\\/desporto\\\/07\\\/26\\\/\"]}]},{\"@type\":\"ImageObject\",\"inLanguage\":\"pt-PT\",\"@id\":\"https:\\\/\\\/algarve7.pt\\\/index.php\\\/2020\\\/11\\\/desporto-comunicado-conjunto-das-5-federacoes\\\/desporto\\\/07\\\/26\\\/#primaryimage\",\"url\":\"https:\\\/\\\/algarve7.pt\\\/wp-content\\\/uploads\\\/2020\\\/11\\\/08DE57E8-7495-4A3B-8D56-73AECD73C0DB.jpeg\",\"contentUrl\":\"https:\\\/\\\/algarve7.pt\\\/wp-content\\\/uploads\\\/2020\\\/11\\\/08DE57E8-7495-4A3B-8D56-73AECD73C0DB.jpeg\",\"width\":960,\"height\":423},{\"@type\":\"BreadcrumbList\",\"@id\":\"https:\\\/\\\/algarve7.pt\\\/index.php\\\/2020\\\/11\\\/desporto-comunicado-conjunto-das-5-federacoes\\\/desporto\\\/07\\\/26\\\/#breadcrumb\",\"itemListElement\":[{\"@type\":\"ListItem\",\"position\":1,\"name\":\"In\u00edcio\",\"item\":\"https:\\\/\\\/algarve7.pt\\\/\"},{\"@type\":\"ListItem\",\"position\":2,\"name\":\"Desporto comunicado Conjunto das 5 Federa\u00e7\u00f5es\"}]},{\"@type\":\"WebSite\",\"@id\":\"https:\\\/\\\/algarve7.pt\\\/#website\",\"url\":\"https:\\\/\\\/algarve7.pt\\\/\",\"name\":\"Algarve 7\",\"description\":\"Informa\u00e7\u00e3o sobre o Algarve\",\"publisher\":{\"@id\":\"https:\\\/\\\/algarve7.pt\\\/#organization\"},\"potentialAction\":[{\"@type\":\"SearchAction\",\"target\":{\"@type\":\"EntryPoint\",\"urlTemplate\":\"https:\\\/\\\/algarve7.pt\\\/?s={search_term_string}\"},\"query-input\":{\"@type\":\"PropertyValueSpecification\",\"valueRequired\":true,\"valueName\":\"search_term_string\"}}],\"inLanguage\":\"pt-PT\"},{\"@type\":\"Organization\",\"@id\":\"https:\\\/\\\/algarve7.pt\\\/#organization\",\"name\":\"Algarve 7\",\"url\":\"https:\\\/\\\/algarve7.pt\\\/\",\"logo\":{\"@type\":\"ImageObject\",\"inLanguage\":\"pt-PT\",\"@id\":\"https:\\\/\\\/algarve7.pt\\\/#\\\/schema\\\/logo\\\/image\\\/\",\"url\":\"https:\\\/\\\/algarve7.pt\\\/wp-content\\\/uploads\\\/2020\\\/10\\\/Logo-8.jpg\",\"contentUrl\":\"https:\\\/\\\/algarve7.pt\\\/wp-content\\\/uploads\\\/2020\\\/10\\\/Logo-8.jpg\",\"width\":1680,\"height\":1186,\"caption\":\"Algarve 7\"},\"image\":{\"@id\":\"https:\\\/\\\/algarve7.pt\\\/#\\\/schema\\\/logo\\\/image\\\/\"},\"sameAs\":[\"https:\\\/\\\/www.facebook.com\\\/algarve7\",\"https:\\\/\\\/x.com\\\/Algarvesete\",\"https:\\\/\\\/www.instagram.com\\\/jornalalgarve7\\\/\",\"https:\\\/\\\/www.linkedin.com\\\/company\\\/algarve7\",\"https:\\\/\\\/www.pinterest.pt\\\/geral0939\\\/_created\\\/\"]},{\"@type\":\"Person\",\"@id\":\"https:\\\/\\\/algarve7.pt\\\/#\\\/schema\\\/person\\\/23fa70681308e7b319a3204bcea45e0c\",\"name\":\"Algarve 7\",\"sameAs\":[\"https:\\\/\\\/algarve7.pt\",\"https:\\\/\\\/www.facebook.com\\\/algarve7\"],\"url\":\"https:\\\/\\\/algarve7.pt\\\/index.php\\\/author\\\/geralalgarve7-pt\\\/\"}]}<\/script>\n<!-- \/ Yoast SEO plugin. -->","yoast_head_json":{"title":"Desporto comunicado Conjunto das 5 Federa\u00e7\u00f5es - Algarve 7","description":"Comunicado Conjunto das 5 Federa\u00e7\u00f5es","robots":{"index":"index","follow":"follow","max-snippet":"max-snippet:-1","max-image-preview":"max-image-preview:large","max-video-preview":"max-video-preview:-1"},"canonical":"https:\/\/algarve7.pt\/index.php\/2020\/11\/desporto-comunicado-conjunto-das-5-federacoes\/desporto\/07\/26\/","og_locale":"pt_PT","og_type":"article","og_title":"Desporto comunicado Conjunto das 5 Federa\u00e7\u00f5es - Algarve 7","og_description":"Comunicado Conjunto das 5 Federa\u00e7\u00f5es","og_url":"https:\/\/algarve7.pt\/index.php\/2020\/11\/desporto-comunicado-conjunto-das-5-federacoes\/desporto\/07\/26\/","og_site_name":"Algarve 7","article_publisher":"https:\/\/www.facebook.com\/algarve7","article_author":"https:\/\/www.facebook.com\/algarve7","article_published_time":"2020-11-11T07:26:22+00:00","article_modified_time":"2020-11-11T07:26:24+00:00","og_image":[{"width":960,"height":423,"url":"https:\/\/algarve7.pt\/wp-content\/uploads\/2020\/11\/08DE57E8-7495-4A3B-8D56-73AECD73C0DB.jpeg","type":"image\/jpeg"}],"author":"Algarve 7","twitter_card":"summary_large_image","twitter_creator":"@Algarvesete","twitter_site":"@Algarvesete","twitter_misc":{"Escrito por":"Algarve 7","Tempo estimado de leitura":"1 minuto"},"schema":{"@context":"https:\/\/schema.org","@graph":[{"@type":"Article","@id":"https:\/\/algarve7.pt\/index.php\/2020\/11\/desporto-comunicado-conjunto-das-5-federacoes\/desporto\/07\/26\/#article","isPartOf":{"@id":"https:\/\/algarve7.pt\/index.php\/2020\/11\/desporto-comunicado-conjunto-das-5-federacoes\/desporto\/07\/26\/"},"author":{"name":"Algarve 7","@id":"https:\/\/algarve7.pt\/#\/schema\/person\/23fa70681308e7b319a3204bcea45e0c"},"headline":"Desporto comunicado Conjunto das 5 Federa\u00e7\u00f5es","datePublished":"2020-11-11T07:26:22+00:00","dateModified":"2020-11-11T07:26:24+00:00","mainEntityOfPage":{"@id":"https:\/\/algarve7.pt\/index.php\/2020\/11\/desporto-comunicado-conjunto-das-5-federacoes\/desporto\/07\/26\/"},"wordCount":297,"publisher":{"@id":"https:\/\/algarve7.pt\/#organization"},"image":{"@id":"https:\/\/algarve7.pt\/index.php\/2020\/11\/desporto-comunicado-conjunto-das-5-federacoes\/desporto\/07\/26\/#primaryimage"},"thumbnailUrl":"https:\/\/algarve7.pt\/wp-content\/uploads\/2020\/11\/08DE57E8-7495-4A3B-8D56-73AECD73C0DB.jpeg","keywords":["Desporto","Nacional"],"articleSection":["Desporto"],"inLanguage":"pt-PT"},{"@type":"WebPage","@id":"https:\/\/algarve7.pt\/index.php\/2020\/11\/desporto-comunicado-conjunto-das-5-federacoes\/desporto\/07\/26\/","url":"https:\/\/algarve7.pt\/index.php\/2020\/11\/desporto-comunicado-conjunto-das-5-federacoes\/desporto\/07\/26\/","name":"Desporto comunicado Conjunto das 5 Federa\u00e7\u00f5es - Algarve 7","isPartOf":{"@id":"https:\/\/algarve7.pt\/#website"},"primaryImageOfPage":{"@id":"https:\/\/algarve7.pt\/index.php\/2020\/11\/desporto-comunicado-conjunto-das-5-federacoes\/desporto\/07\/26\/#primaryimage"},"image":{"@id":"https:\/\/algarve7.pt\/index.php\/2020\/11\/desporto-comunicado-conjunto-das-5-federacoes\/desporto\/07\/26\/#primaryimage"},"thumbnailUrl":"https:\/\/algarve7.pt\/wp-content\/uploads\/2020\/11\/08DE57E8-7495-4A3B-8D56-73AECD73C0DB.jpeg","datePublished":"2020-11-11T07:26:22+00:00","dateModified":"2020-11-11T07:26:24+00:00","description":"Comunicado Conjunto das 5 Federa\u00e7\u00f5es","breadcrumb":{"@id":"https:\/\/algarve7.pt\/index.php\/2020\/11\/desporto-comunicado-conjunto-das-5-federacoes\/desporto\/07\/26\/#breadcrumb"},"inLanguage":"pt-PT","potentialAction":[{"@type":"ReadAction","target":["https:\/\/algarve7.pt\/index.php\/2020\/11\/desporto-comunicado-conjunto-das-5-federacoes\/desporto\/07\/26\/"]}]},{"@type":"ImageObject","inLanguage":"pt-PT","@id":"https:\/\/algarve7.pt\/index.php\/2020\/11\/desporto-comunicado-conjunto-das-5-federacoes\/desporto\/07\/26\/#primaryimage","url":"https:\/\/algarve7.pt\/wp-content\/uploads\/2020\/11\/08DE57E8-7495-4A3B-8D56-73AECD73C0DB.jpeg","contentUrl":"https:\/\/algarve7.pt\/wp-content\/uploads\/2020\/11\/08DE57E8-7495-4A3B-8D56-73AECD73C0DB.jpeg","width":960,"height":423},{"@type":"BreadcrumbList","@id":"https:\/\/algarve7.pt\/index.php\/2020\/11\/desporto-comunicado-conjunto-das-5-federacoes\/desporto\/07\/26\/#breadcrumb","itemListElement":[{"@type":"ListItem","position":1,"name":"In\u00edcio","item":"https:\/\/algarve7.pt\/"},{"@type":"ListItem","position":2,"name":"Desporto comunicado Conjunto das 5 Federa\u00e7\u00f5es"}]},{"@type":"WebSite","@id":"https:\/\/algarve7.pt\/#website","url":"https:\/\/algarve7.pt\/","name":"Algarve 7","description":"Informa\u00e7\u00e3o sobre o Algarve","publisher":{"@id":"https:\/\/algarve7.pt\/#organization"},"potentialAction":[{"@type":"SearchAction","target":{"@type":"EntryPoint","urlTemplate":"https:\/\/algarve7.pt\/?s={search_term_string}"},"query-input":{"@type":"PropertyValueSpecification","valueRequired":true,"valueName":"search_term_string"}}],"inLanguage":"pt-PT"},{"@type":"Organization","@id":"https:\/\/algarve7.pt\/#organization","name":"Algarve 7","url":"https:\/\/algarve7.pt\/","logo":{"@type":"ImageObject","inLanguage":"pt-PT","@id":"https:\/\/algarve7.pt\/#\/schema\/logo\/image\/","url":"https:\/\/algarve7.pt\/wp-content\/uploads\/2020\/10\/Logo-8.jpg","contentUrl":"https:\/\/algarve7.pt\/wp-content\/uploads\/2020\/10\/Logo-8.jpg","width":1680,"height":1186,"caption":"Algarve 7"},"image":{"@id":"https:\/\/algarve7.pt\/#\/schema\/logo\/image\/"},"sameAs":["https:\/\/www.facebook.com\/algarve7","https:\/\/x.com\/Algarvesete","https:\/\/www.instagram.com\/jornalalgarve7\/","https:\/\/www.linkedin.com\/company\/algarve7","https:\/\/www.pinterest.pt\/geral0939\/_created\/"]},{"@type":"Person","@id":"https:\/\/algarve7.pt\/#\/schema\/person\/23fa70681308e7b319a3204bcea45e0c","name":"Algarve 7","sameAs":["https:\/\/algarve7.pt","https:\/\/www.facebook.com\/algarve7"],"url":"https:\/\/algarve7.pt\/index.php\/author\/geralalgarve7-pt\/"}]}},"jetpack_publicize_connections":[],"jetpack_featured_media_url":"https:\/\/algarve7.pt\/wp-content\/uploads\/2020\/11\/08DE57E8-7495-4A3B-8D56-73AECD73C0DB.jpeg","jetpack_shortlink":"https:\/\/wp.me\/pcezmW-VL","jetpack_sharing_enabled":true,"_links":{"self":[{"href":"https:\/\/algarve7.pt\/index.php\/wp-json\/wp\/v2\/posts\/3581","targetHints":{"allow":["GET"]}}],"collection":[{"href":"https:\/\/algarve7.pt\/index.php\/wp-json\/wp\/v2\/posts"}],"about":[{"href":"https:\/\/algarve7.pt\/index.php\/wp-json\/wp\/v2\/types\/post"}],"author":[{"embeddable":true,"href":"https:\/\/algarve7.pt\/index.php\/wp-json\/wp\/v2\/users\/1"}],"replies":[{"embeddable":true,"href":"https:\/\/algarve7.pt\/index.php\/wp-json\/wp\/v2\/comments?post=3581"}],"version-history":[{"count":0,"href":"https:\/\/algarve7.pt\/index.php\/wp-json\/wp\/v2\/posts\/3581\/revisions"}],"wp:featuredmedia":[{"embeddable":true,"href":"https:\/\/algarve7.pt\/index.php\/wp-json\/wp\/v2\/media\/3583"}],"wp:attachment":[{"href":"https:\/\/algarve7.pt\/index.php\/wp-json\/wp\/v2\/media?parent=3581"}],"wp:term":[{"taxonomy":"category","embeddable":true,"href":"https:\/\/algarve7.pt\/index.php\/wp-json\/wp\/v2\/categories?post=3581"},{"taxonomy":"post_tag","embeddable":true,"href":"https:\/\/algarve7.pt\/index.php\/wp-json\/wp\/v2\/tags?post=3581"}],"curies":[{"name":"wp","href":"https:\/\/api.w.org\/{rel}","templated":true}]}}