{"id":35768,"date":"2024-02-20T13:57:39","date_gmt":"2024-02-20T13:57:39","guid":{"rendered":"https:\/\/algarve7.pt\/?p=35768"},"modified":"2024-02-20T13:57:40","modified_gmt":"2024-02-20T13:57:40","slug":"noites-de-lua-nova-revelam-mais-um-espaco-da-cidade-de-faro","status":"publish","type":"post","link":"https:\/\/algarve7.pt\/index.php\/2024\/02\/noites-de-lua-nova-revelam-mais-um-espaco-da-cidade-de-faro\/atualidade\/13\/57\/","title":{"rendered":"\u201cNoites de lua nova\u201d revelam mais um espa\u00e7o da cidade de Faro"},"content":{"rendered":"\n<p>A \u201cNoites de Lua Nova\u201d est\u00e3o de volta no pr\u00f3ximo s\u00e1bado, dia 24 de fevereiro (21h00), desta feita na Tipografia Uni\u00e3o.<\/p>\n\n\n\n<p>Esta atividade, dinamizada pela Associa\u00e7\u00e3o Cultural M\u00fasica XXI, com o apoio do Museu Municipal de Faro (MMF), dar\u00e1 a conhecer os segredos deste espa\u00e7o, em tempos, fundamental para a regi\u00e3o. A Tipografia Uni\u00e3o, que funcionou entre 1909 e 2013 e est\u00e1 prestes a tornar-se num n\u00facleo museol\u00f3gico da imprensa escrita no Algarve.<\/p>\n\n\n\n<p>Nesta visita, o p\u00fablico poder\u00e1 ter acesso, n\u00e3o s\u00f3 \u00e0s salas de reda\u00e7\u00e3o, onde as ideias se tornavam not\u00edcia, mas tamb\u00e9m \u00e0quele espa\u00e7o onde os trabalhadores transformavam as not\u00edcias em mat\u00e9ria palp\u00e1vel: a oficina.<\/p>\n\n\n\n<p>A visita contar\u00e1 com a presen\u00e7a de Alexandra Gon\u00e7alves (UALG), respons\u00e1vel pela equipa que realizou o estudo para a cria\u00e7\u00e3o do n\u00facleo museol\u00f3gico. Mostrar\u00e1 que a hist\u00f3ria daquele espa\u00e7o n\u00e3o se confina a Faro, mas abarca uma regi\u00e3o culturalmente relevante, bem como dar\u00e1 a conhecer o projeto de futuro que ali ser\u00e1 implementado. Presente estar\u00e1, tamb\u00e9m, a investigadora Patr\u00edcia Palma, que revelar\u00e1 pormenores de um mundo invis\u00edvel, mas que marcou a vida desta tipografia.<\/p>\n\n\n\n<p>Haver\u00e1, ainda, um momento cultural, com C\u00e9sar Matoso, Joana Coelho e V\u00edtor Pereira e a cria\u00e7\u00e3o dramat\u00fargica ter\u00e1 a assinatura de Ana Oliveira e Ant\u00f3nio Gamb\u00f3ias.<\/p>\n\n\n\n<p>A entrada \u00e9 livre, mas poder\u00e3o participar um m\u00e1ximo de 30 pessoas, pelo que os interessados dever\u00e3o fazer a sua inscri\u00e7\u00e3o atrav\u00e9s do email Reservas: <a href=\"mailto:musicaxxi@gmail.com\" target=\"_blank\" rel=\"noreferrer noopener\">musicaxxi@gmail.com<\/a>.<\/p>\n","protected":false},"excerpt":{"rendered":"<p>A \u201cNoites de Lua Nova\u201d est\u00e3o de volta no pr\u00f3ximo s\u00e1bado, dia 24 de fevereiro (21h00), desta feita na Tipografia<\/p>\n","protected":false},"author":1,"featured_media":35769,"comment_status":"closed","ping_status":"open","sticky":false,"template":"","format":"standard","meta":{"colormag_page_container_layout":"default_layout","colormag_page_sidebar_layout":"default_layout","_monsterinsights_skip_tracking":false,"_monsterinsights_sitenote_active":false,"_monsterinsights_sitenote_note":"","_monsterinsights_sitenote_category":0,"jetpack_post_was_ever_published":false,"_jetpack_newsletter_access":"","_jetpack_dont_email_post_to_subs":false,"_jetpack_newsletter_tier_id":0,"_jetpack_memberships_contains_paywalled_content":false,"_jetpack_memberships_contains_paid_content":false,"footnotes":"","jetpack_publicize_message":"","jetpack_publicize_feature_enabled":true,"jetpack_social_post_already_shared":true,"jetpack_social_options":{"image_generator_settings":{"template":"highway","default_image_id":0,"font":"","enabled":false},"version":2}},"categories":[11],"tags":[36,62,57],"class_list":["post-35768","post","type-post","status-publish","format-standard","has-post-thumbnail","hentry","category-atualidade","tag-algarve","tag-atualidade","tag-faro"],"yoast_head":"<!-- This site is optimized with the Yoast SEO plugin v27.4 - https:\/\/yoast.com\/product\/yoast-seo-wordpress\/ -->\n<title>\u201cNoites de lua nova\u201d revelam mais um espa\u00e7o da cidade de Faro - Algarve 7<\/title>\n<meta name=\"description\" content=\"\u201cNoites de lua nova\u201d revelam mais um espa\u00e7o da cidade de Faro Atualidade\" \/>\n<meta name=\"robots\" content=\"index, follow, max-snippet:-1, max-image-preview:large, max-video-preview:-1\" \/>\n<link rel=\"canonical\" href=\"https:\/\/algarve7.pt\/index.php\/2024\/02\/noites-de-lua-nova-revelam-mais-um-espaco-da-cidade-de-faro\/atualidade\/13\/57\/\" \/>\n<meta property=\"og:locale\" content=\"pt_PT\" \/>\n<meta property=\"og:type\" content=\"article\" \/>\n<meta property=\"og:title\" content=\"\u201cNoites de lua nova\u201d revelam mais um espa\u00e7o da cidade de Faro - Algarve 7\" \/>\n<meta property=\"og:description\" content=\"\u201cNoites de lua nova\u201d revelam mais um espa\u00e7o da cidade de Faro Atualidade\" \/>\n<meta property=\"og:url\" content=\"https:\/\/algarve7.pt\/index.php\/2024\/02\/noites-de-lua-nova-revelam-mais-um-espaco-da-cidade-de-faro\/atualidade\/13\/57\/\" \/>\n<meta property=\"og:site_name\" content=\"Algarve 7\" \/>\n<meta property=\"article:publisher\" content=\"https:\/\/www.facebook.com\/algarve7\" \/>\n<meta property=\"article:author\" content=\"https:\/\/www.facebook.com\/algarve7\" \/>\n<meta property=\"article:published_time\" content=\"2024-02-20T13:57:39+00:00\" \/>\n<meta property=\"article:modified_time\" content=\"2024-02-20T13:57:40+00:00\" \/>\n<meta property=\"og:image\" content=\"https:\/\/algarve7.pt\/wp-content\/uploads\/2024\/02\/Captura-de-ecra-2024-02-20-as-13.54.51.png\" \/>\n\t<meta property=\"og:image:width\" content=\"900\" \/>\n\t<meta property=\"og:image:height\" content=\"657\" \/>\n\t<meta property=\"og:image:type\" content=\"image\/png\" \/>\n<meta name=\"author\" content=\"Algarve 7\" \/>\n<meta name=\"twitter:card\" content=\"summary_large_image\" \/>\n<meta name=\"twitter:creator\" content=\"@Algarvesete\" \/>\n<meta name=\"twitter:site\" content=\"@Algarvesete\" \/>\n<meta name=\"twitter:label1\" content=\"Escrito por\" \/>\n\t<meta name=\"twitter:data1\" content=\"Algarve 7\" \/>\n\t<meta name=\"twitter:label2\" content=\"Tempo estimado de leitura\" \/>\n\t<meta name=\"twitter:data2\" content=\"2 minutos\" \/>\n<script type=\"application\/ld+json\" class=\"yoast-schema-graph\">{\"@context\":\"https:\\\/\\\/schema.org\",\"@graph\":[{\"@type\":\"Article\",\"@id\":\"https:\\\/\\\/algarve7.pt\\\/index.php\\\/2024\\\/02\\\/noites-de-lua-nova-revelam-mais-um-espaco-da-cidade-de-faro\\\/atualidade\\\/13\\\/57\\\/#article\",\"isPartOf\":{\"@id\":\"https:\\\/\\\/algarve7.pt\\\/index.php\\\/2024\\\/02\\\/noites-de-lua-nova-revelam-mais-um-espaco-da-cidade-de-faro\\\/atualidade\\\/13\\\/57\\\/\"},\"author\":{\"name\":\"Algarve 7\",\"@id\":\"https:\\\/\\\/algarve7.pt\\\/#\\\/schema\\\/person\\\/23fa70681308e7b319a3204bcea45e0c\"},\"headline\":\"\u201cNoites de lua nova\u201d revelam mais um espa\u00e7o da cidade de Faro\",\"datePublished\":\"2024-02-20T13:57:39+00:00\",\"dateModified\":\"2024-02-20T13:57:40+00:00\",\"mainEntityOfPage\":{\"@id\":\"https:\\\/\\\/algarve7.pt\\\/index.php\\\/2024\\\/02\\\/noites-de-lua-nova-revelam-mais-um-espaco-da-cidade-de-faro\\\/atualidade\\\/13\\\/57\\\/\"},\"wordCount\":287,\"publisher\":{\"@id\":\"https:\\\/\\\/algarve7.pt\\\/#organization\"},\"image\":{\"@id\":\"https:\\\/\\\/algarve7.pt\\\/index.php\\\/2024\\\/02\\\/noites-de-lua-nova-revelam-mais-um-espaco-da-cidade-de-faro\\\/atualidade\\\/13\\\/57\\\/#primaryimage\"},\"thumbnailUrl\":\"https:\\\/\\\/algarve7.pt\\\/wp-content\\\/uploads\\\/2024\\\/02\\\/Captura-de-ecra-2024-02-20-as-13.54.51.png\",\"keywords\":[\"Algarve\",\"Atualidade\",\"Faro\"],\"articleSection\":[\"Atualidade\"],\"inLanguage\":\"pt-PT\"},{\"@type\":\"WebPage\",\"@id\":\"https:\\\/\\\/algarve7.pt\\\/index.php\\\/2024\\\/02\\\/noites-de-lua-nova-revelam-mais-um-espaco-da-cidade-de-faro\\\/atualidade\\\/13\\\/57\\\/\",\"url\":\"https:\\\/\\\/algarve7.pt\\\/index.php\\\/2024\\\/02\\\/noites-de-lua-nova-revelam-mais-um-espaco-da-cidade-de-faro\\\/atualidade\\\/13\\\/57\\\/\",\"name\":\"\u201cNoites de lua nova\u201d revelam mais um espa\u00e7o da cidade de Faro - Algarve 7\",\"isPartOf\":{\"@id\":\"https:\\\/\\\/algarve7.pt\\\/#website\"},\"primaryImageOfPage\":{\"@id\":\"https:\\\/\\\/algarve7.pt\\\/index.php\\\/2024\\\/02\\\/noites-de-lua-nova-revelam-mais-um-espaco-da-cidade-de-faro\\\/atualidade\\\/13\\\/57\\\/#primaryimage\"},\"image\":{\"@id\":\"https:\\\/\\\/algarve7.pt\\\/index.php\\\/2024\\\/02\\\/noites-de-lua-nova-revelam-mais-um-espaco-da-cidade-de-faro\\\/atualidade\\\/13\\\/57\\\/#primaryimage\"},\"thumbnailUrl\":\"https:\\\/\\\/algarve7.pt\\\/wp-content\\\/uploads\\\/2024\\\/02\\\/Captura-de-ecra-2024-02-20-as-13.54.51.png\",\"datePublished\":\"2024-02-20T13:57:39+00:00\",\"dateModified\":\"2024-02-20T13:57:40+00:00\",\"description\":\"\u201cNoites de lua nova\u201d revelam mais um espa\u00e7o da cidade de Faro Atualidade\",\"breadcrumb\":{\"@id\":\"https:\\\/\\\/algarve7.pt\\\/index.php\\\/2024\\\/02\\\/noites-de-lua-nova-revelam-mais-um-espaco-da-cidade-de-faro\\\/atualidade\\\/13\\\/57\\\/#breadcrumb\"},\"inLanguage\":\"pt-PT\",\"potentialAction\":[{\"@type\":\"ReadAction\",\"target\":[\"https:\\\/\\\/algarve7.pt\\\/index.php\\\/2024\\\/02\\\/noites-de-lua-nova-revelam-mais-um-espaco-da-cidade-de-faro\\\/atualidade\\\/13\\\/57\\\/\"]}]},{\"@type\":\"ImageObject\",\"inLanguage\":\"pt-PT\",\"@id\":\"https:\\\/\\\/algarve7.pt\\\/index.php\\\/2024\\\/02\\\/noites-de-lua-nova-revelam-mais-um-espaco-da-cidade-de-faro\\\/atualidade\\\/13\\\/57\\\/#primaryimage\",\"url\":\"https:\\\/\\\/algarve7.pt\\\/wp-content\\\/uploads\\\/2024\\\/02\\\/Captura-de-ecra-2024-02-20-as-13.54.51.png\",\"contentUrl\":\"https:\\\/\\\/algarve7.pt\\\/wp-content\\\/uploads\\\/2024\\\/02\\\/Captura-de-ecra-2024-02-20-as-13.54.51.png\",\"width\":900,\"height\":657},{\"@type\":\"BreadcrumbList\",\"@id\":\"https:\\\/\\\/algarve7.pt\\\/index.php\\\/2024\\\/02\\\/noites-de-lua-nova-revelam-mais-um-espaco-da-cidade-de-faro\\\/atualidade\\\/13\\\/57\\\/#breadcrumb\",\"itemListElement\":[{\"@type\":\"ListItem\",\"position\":1,\"name\":\"In\u00edcio\",\"item\":\"https:\\\/\\\/algarve7.pt\\\/\"},{\"@type\":\"ListItem\",\"position\":2,\"name\":\"\u201cNoites de lua nova\u201d revelam mais um espa\u00e7o da cidade de Faro\"}]},{\"@type\":\"WebSite\",\"@id\":\"https:\\\/\\\/algarve7.pt\\\/#website\",\"url\":\"https:\\\/\\\/algarve7.pt\\\/\",\"name\":\"Algarve 7\",\"description\":\"Informa\u00e7\u00e3o sobre o Algarve\",\"publisher\":{\"@id\":\"https:\\\/\\\/algarve7.pt\\\/#organization\"},\"potentialAction\":[{\"@type\":\"SearchAction\",\"target\":{\"@type\":\"EntryPoint\",\"urlTemplate\":\"https:\\\/\\\/algarve7.pt\\\/?s={search_term_string}\"},\"query-input\":{\"@type\":\"PropertyValueSpecification\",\"valueRequired\":true,\"valueName\":\"search_term_string\"}}],\"inLanguage\":\"pt-PT\"},{\"@type\":\"Organization\",\"@id\":\"https:\\\/\\\/algarve7.pt\\\/#organization\",\"name\":\"Algarve 7\",\"url\":\"https:\\\/\\\/algarve7.pt\\\/\",\"logo\":{\"@type\":\"ImageObject\",\"inLanguage\":\"pt-PT\",\"@id\":\"https:\\\/\\\/algarve7.pt\\\/#\\\/schema\\\/logo\\\/image\\\/\",\"url\":\"https:\\\/\\\/algarve7.pt\\\/wp-content\\\/uploads\\\/2020\\\/10\\\/Logo-8.jpg\",\"contentUrl\":\"https:\\\/\\\/algarve7.pt\\\/wp-content\\\/uploads\\\/2020\\\/10\\\/Logo-8.jpg\",\"width\":1680,\"height\":1186,\"caption\":\"Algarve 7\"},\"image\":{\"@id\":\"https:\\\/\\\/algarve7.pt\\\/#\\\/schema\\\/logo\\\/image\\\/\"},\"sameAs\":[\"https:\\\/\\\/www.facebook.com\\\/algarve7\",\"https:\\\/\\\/x.com\\\/Algarvesete\",\"https:\\\/\\\/www.instagram.com\\\/jornalalgarve7\\\/\",\"https:\\\/\\\/www.linkedin.com\\\/company\\\/algarve7\",\"https:\\\/\\\/www.pinterest.pt\\\/geral0939\\\/_created\\\/\"]},{\"@type\":\"Person\",\"@id\":\"https:\\\/\\\/algarve7.pt\\\/#\\\/schema\\\/person\\\/23fa70681308e7b319a3204bcea45e0c\",\"name\":\"Algarve 7\",\"sameAs\":[\"https:\\\/\\\/algarve7.pt\",\"https:\\\/\\\/www.facebook.com\\\/algarve7\"],\"url\":\"https:\\\/\\\/algarve7.pt\\\/index.php\\\/author\\\/geralalgarve7-pt\\\/\"}]}<\/script>\n<!-- \/ Yoast SEO plugin. -->","yoast_head_json":{"title":"\u201cNoites de lua nova\u201d revelam mais um espa\u00e7o da cidade de Faro - Algarve 7","description":"\u201cNoites de lua nova\u201d revelam mais um espa\u00e7o da cidade de Faro Atualidade","robots":{"index":"index","follow":"follow","max-snippet":"max-snippet:-1","max-image-preview":"max-image-preview:large","max-video-preview":"max-video-preview:-1"},"canonical":"https:\/\/algarve7.pt\/index.php\/2024\/02\/noites-de-lua-nova-revelam-mais-um-espaco-da-cidade-de-faro\/atualidade\/13\/57\/","og_locale":"pt_PT","og_type":"article","og_title":"\u201cNoites de lua nova\u201d revelam mais um espa\u00e7o da cidade de Faro - Algarve 7","og_description":"\u201cNoites de lua nova\u201d revelam mais um espa\u00e7o da cidade de Faro Atualidade","og_url":"https:\/\/algarve7.pt\/index.php\/2024\/02\/noites-de-lua-nova-revelam-mais-um-espaco-da-cidade-de-faro\/atualidade\/13\/57\/","og_site_name":"Algarve 7","article_publisher":"https:\/\/www.facebook.com\/algarve7","article_author":"https:\/\/www.facebook.com\/algarve7","article_published_time":"2024-02-20T13:57:39+00:00","article_modified_time":"2024-02-20T13:57:40+00:00","og_image":[{"width":900,"height":657,"url":"https:\/\/algarve7.pt\/wp-content\/uploads\/2024\/02\/Captura-de-ecra-2024-02-20-as-13.54.51.png","type":"image\/png"}],"author":"Algarve 7","twitter_card":"summary_large_image","twitter_creator":"@Algarvesete","twitter_site":"@Algarvesete","twitter_misc":{"Escrito por":"Algarve 7","Tempo estimado de leitura":"2 minutos"},"schema":{"@context":"https:\/\/schema.org","@graph":[{"@type":"Article","@id":"https:\/\/algarve7.pt\/index.php\/2024\/02\/noites-de-lua-nova-revelam-mais-um-espaco-da-cidade-de-faro\/atualidade\/13\/57\/#article","isPartOf":{"@id":"https:\/\/algarve7.pt\/index.php\/2024\/02\/noites-de-lua-nova-revelam-mais-um-espaco-da-cidade-de-faro\/atualidade\/13\/57\/"},"author":{"name":"Algarve 7","@id":"https:\/\/algarve7.pt\/#\/schema\/person\/23fa70681308e7b319a3204bcea45e0c"},"headline":"\u201cNoites de lua nova\u201d revelam mais um espa\u00e7o da cidade de Faro","datePublished":"2024-02-20T13:57:39+00:00","dateModified":"2024-02-20T13:57:40+00:00","mainEntityOfPage":{"@id":"https:\/\/algarve7.pt\/index.php\/2024\/02\/noites-de-lua-nova-revelam-mais-um-espaco-da-cidade-de-faro\/atualidade\/13\/57\/"},"wordCount":287,"publisher":{"@id":"https:\/\/algarve7.pt\/#organization"},"image":{"@id":"https:\/\/algarve7.pt\/index.php\/2024\/02\/noites-de-lua-nova-revelam-mais-um-espaco-da-cidade-de-faro\/atualidade\/13\/57\/#primaryimage"},"thumbnailUrl":"https:\/\/algarve7.pt\/wp-content\/uploads\/2024\/02\/Captura-de-ecra-2024-02-20-as-13.54.51.png","keywords":["Algarve","Atualidade","Faro"],"articleSection":["Atualidade"],"inLanguage":"pt-PT"},{"@type":"WebPage","@id":"https:\/\/algarve7.pt\/index.php\/2024\/02\/noites-de-lua-nova-revelam-mais-um-espaco-da-cidade-de-faro\/atualidade\/13\/57\/","url":"https:\/\/algarve7.pt\/index.php\/2024\/02\/noites-de-lua-nova-revelam-mais-um-espaco-da-cidade-de-faro\/atualidade\/13\/57\/","name":"\u201cNoites de lua nova\u201d revelam mais um espa\u00e7o da cidade de Faro - Algarve 7","isPartOf":{"@id":"https:\/\/algarve7.pt\/#website"},"primaryImageOfPage":{"@id":"https:\/\/algarve7.pt\/index.php\/2024\/02\/noites-de-lua-nova-revelam-mais-um-espaco-da-cidade-de-faro\/atualidade\/13\/57\/#primaryimage"},"image":{"@id":"https:\/\/algarve7.pt\/index.php\/2024\/02\/noites-de-lua-nova-revelam-mais-um-espaco-da-cidade-de-faro\/atualidade\/13\/57\/#primaryimage"},"thumbnailUrl":"https:\/\/algarve7.pt\/wp-content\/uploads\/2024\/02\/Captura-de-ecra-2024-02-20-as-13.54.51.png","datePublished":"2024-02-20T13:57:39+00:00","dateModified":"2024-02-20T13:57:40+00:00","description":"\u201cNoites de lua nova\u201d revelam mais um espa\u00e7o da cidade de Faro Atualidade","breadcrumb":{"@id":"https:\/\/algarve7.pt\/index.php\/2024\/02\/noites-de-lua-nova-revelam-mais-um-espaco-da-cidade-de-faro\/atualidade\/13\/57\/#breadcrumb"},"inLanguage":"pt-PT","potentialAction":[{"@type":"ReadAction","target":["https:\/\/algarve7.pt\/index.php\/2024\/02\/noites-de-lua-nova-revelam-mais-um-espaco-da-cidade-de-faro\/atualidade\/13\/57\/"]}]},{"@type":"ImageObject","inLanguage":"pt-PT","@id":"https:\/\/algarve7.pt\/index.php\/2024\/02\/noites-de-lua-nova-revelam-mais-um-espaco-da-cidade-de-faro\/atualidade\/13\/57\/#primaryimage","url":"https:\/\/algarve7.pt\/wp-content\/uploads\/2024\/02\/Captura-de-ecra-2024-02-20-as-13.54.51.png","contentUrl":"https:\/\/algarve7.pt\/wp-content\/uploads\/2024\/02\/Captura-de-ecra-2024-02-20-as-13.54.51.png","width":900,"height":657},{"@type":"BreadcrumbList","@id":"https:\/\/algarve7.pt\/index.php\/2024\/02\/noites-de-lua-nova-revelam-mais-um-espaco-da-cidade-de-faro\/atualidade\/13\/57\/#breadcrumb","itemListElement":[{"@type":"ListItem","position":1,"name":"In\u00edcio","item":"https:\/\/algarve7.pt\/"},{"@type":"ListItem","position":2,"name":"\u201cNoites de lua nova\u201d revelam mais um espa\u00e7o da cidade de Faro"}]},{"@type":"WebSite","@id":"https:\/\/algarve7.pt\/#website","url":"https:\/\/algarve7.pt\/","name":"Algarve 7","description":"Informa\u00e7\u00e3o sobre o Algarve","publisher":{"@id":"https:\/\/algarve7.pt\/#organization"},"potentialAction":[{"@type":"SearchAction","target":{"@type":"EntryPoint","urlTemplate":"https:\/\/algarve7.pt\/?s={search_term_string}"},"query-input":{"@type":"PropertyValueSpecification","valueRequired":true,"valueName":"search_term_string"}}],"inLanguage":"pt-PT"},{"@type":"Organization","@id":"https:\/\/algarve7.pt\/#organization","name":"Algarve 7","url":"https:\/\/algarve7.pt\/","logo":{"@type":"ImageObject","inLanguage":"pt-PT","@id":"https:\/\/algarve7.pt\/#\/schema\/logo\/image\/","url":"https:\/\/algarve7.pt\/wp-content\/uploads\/2020\/10\/Logo-8.jpg","contentUrl":"https:\/\/algarve7.pt\/wp-content\/uploads\/2020\/10\/Logo-8.jpg","width":1680,"height":1186,"caption":"Algarve 7"},"image":{"@id":"https:\/\/algarve7.pt\/#\/schema\/logo\/image\/"},"sameAs":["https:\/\/www.facebook.com\/algarve7","https:\/\/x.com\/Algarvesete","https:\/\/www.instagram.com\/jornalalgarve7\/","https:\/\/www.linkedin.com\/company\/algarve7","https:\/\/www.pinterest.pt\/geral0939\/_created\/"]},{"@type":"Person","@id":"https:\/\/algarve7.pt\/#\/schema\/person\/23fa70681308e7b319a3204bcea45e0c","name":"Algarve 7","sameAs":["https:\/\/algarve7.pt","https:\/\/www.facebook.com\/algarve7"],"url":"https:\/\/algarve7.pt\/index.php\/author\/geralalgarve7-pt\/"}]}},"jetpack_publicize_connections":[],"jetpack_featured_media_url":"https:\/\/algarve7.pt\/wp-content\/uploads\/2024\/02\/Captura-de-ecra-2024-02-20-as-13.54.51.png","jetpack_shortlink":"https:\/\/wp.me\/pcezmW-9iU","jetpack_sharing_enabled":true,"_links":{"self":[{"href":"https:\/\/algarve7.pt\/index.php\/wp-json\/wp\/v2\/posts\/35768","targetHints":{"allow":["GET"]}}],"collection":[{"href":"https:\/\/algarve7.pt\/index.php\/wp-json\/wp\/v2\/posts"}],"about":[{"href":"https:\/\/algarve7.pt\/index.php\/wp-json\/wp\/v2\/types\/post"}],"author":[{"embeddable":true,"href":"https:\/\/algarve7.pt\/index.php\/wp-json\/wp\/v2\/users\/1"}],"replies":[{"embeddable":true,"href":"https:\/\/algarve7.pt\/index.php\/wp-json\/wp\/v2\/comments?post=35768"}],"version-history":[{"count":0,"href":"https:\/\/algarve7.pt\/index.php\/wp-json\/wp\/v2\/posts\/35768\/revisions"}],"wp:featuredmedia":[{"embeddable":true,"href":"https:\/\/algarve7.pt\/index.php\/wp-json\/wp\/v2\/media\/35769"}],"wp:attachment":[{"href":"https:\/\/algarve7.pt\/index.php\/wp-json\/wp\/v2\/media?parent=35768"}],"wp:term":[{"taxonomy":"category","embeddable":true,"href":"https:\/\/algarve7.pt\/index.php\/wp-json\/wp\/v2\/categories?post=35768"},{"taxonomy":"post_tag","embeddable":true,"href":"https:\/\/algarve7.pt\/index.php\/wp-json\/wp\/v2\/tags?post=35768"}],"curies":[{"name":"wp","href":"https:\/\/api.w.org\/{rel}","templated":true}]}}