{"id":3575,"date":"2020-11-10T18:32:53","date_gmt":"2020-11-10T18:32:53","guid":{"rendered":"https:\/\/algarve7.pt\/?p=3575"},"modified":"2020-11-10T18:32:54","modified_gmt":"2020-11-10T18:32:54","slug":"cushman-wakefield-vende-empreendimento-the-keys-na-quinta-do-lago-por-mais-de-e95-milhoes","status":"publish","type":"post","link":"https:\/\/algarve7.pt\/index.php\/2020\/11\/cushman-wakefield-vende-empreendimento-the-keys-na-quinta-do-lago-por-mais-de-e95-milhoes\/economia\/18\/32\/","title":{"rendered":"Cushman &#038; Wakefield vende empreendimento The Keys, na Quinta do Lago, por mais de \u20ac95 milh\u00f5es"},"content":{"rendered":"\n<figure class=\"wp-block-table\"><table><tbody><tr><td>O empreendimento tur\u00edstico-residencial The Keys, localizado na Quinta do Lago, foi&nbsp; colocado \u00e0 venda em Junho deste ano atrav\u00e9s de um processo de venda judicial em regime de carta fechada. O processo ficou conclu\u00eddo a 3 de novembro com a venda \u00e0 SPX \u2013 International Asset Management, por um valor superior a \u20ac95 milh\u00f5es.<br><br>O projeto, localizado junto ao Quinta Shopping, no cora\u00e7\u00e3o da Quinta do Lago, conta com cerca de 32.600m\u00b2 de constru\u00e7\u00e3o acima do solo distribu\u00eddos por 48 villas e 24 apartamentos num terreno com 88.000m\u00b2. Neste neg\u00f3cio, a Cushman &amp; Wakefield atuou na venda do empreendimento, em representa\u00e7\u00e3o da massa insolvente da Birchview \u2013 Imobili\u00e1ria S.A., tendo estruturado todo o processo de venda e coordenado a realiza\u00e7\u00e3o das&nbsp;<em>due diligences<\/em>&nbsp;legal e t\u00e9cnica especificamente preparadas para suporte ao processo de comercializa\u00e7\u00e3o.<br><br>Segundo Ana Gomes, Partner e Diretora de Promo\u00e7\u00e3o e Reabilita\u00e7\u00e3o Urbana da Cushman &amp; Wakefield, \u201cConcluiu-se, num prazo relativamente curto, uma transa\u00e7\u00e3o muito relevante para o Algarve e para o nosso pa\u00eds. Num ano muit\u00edssimo at\u00edpico, este ser\u00e1, certamente, um dos maiores neg\u00f3cios imobili\u00e1rios em Portugal confirmando a import\u00e2ncia do Algarve como principal destino tur\u00edstico da Europa e a Quinta do Lago como localiza\u00e7\u00e3o excecional e de refer\u00eancia para investimento em projetos diferenciadores e de qualidade.\u201d&nbsp;<\/td><\/tr><tr><\/tr><\/tbody><\/table><\/figure>\n","protected":false},"excerpt":{"rendered":"<p>O empreendimento tur\u00edstico-residencial The Keys, localizado na Quinta do Lago, foi&nbsp; colocado \u00e0 venda em Junho deste ano atrav\u00e9s de<\/p>\n","protected":false},"author":1,"featured_media":3576,"comment_status":"closed","ping_status":"open","sticky":false,"template":"","format":"standard","meta":{"colormag_page_container_layout":"default_layout","colormag_page_sidebar_layout":"default_layout","_monsterinsights_skip_tracking":false,"_monsterinsights_sitenote_active":false,"_monsterinsights_sitenote_note":"","_monsterinsights_sitenote_category":0,"jetpack_post_was_ever_published":false,"_jetpack_newsletter_access":"","_jetpack_dont_email_post_to_subs":false,"_jetpack_newsletter_tier_id":0,"_jetpack_memberships_contains_paywalled_content":false,"_jetpack_memberships_contains_paid_content":false,"footnotes":"","jetpack_publicize_message":"","jetpack_publicize_feature_enabled":true,"jetpack_social_post_already_shared":true,"jetpack_social_options":{"image_generator_settings":{"template":"highway","default_image_id":0,"font":"","enabled":false},"version":2}},"categories":[151],"tags":[36,153,162,45],"class_list":["post-3575","post","type-post","status-publish","format-standard","has-post-thumbnail","hentry","category-economia","tag-algarve","tag-economia","tag-quinta-do-lago","tag-turismo"],"yoast_head":"<!-- This site is optimized with the Yoast SEO plugin v27.5 - https:\/\/yoast.com\/product\/yoast-seo-wordpress\/ -->\n<title>Cushman &amp; Wakefield vende empreendimento The Keys, na Quinta do Lago, por mais de \u20ac95 milh\u00f5es - Algarve 7<\/title>\n<meta name=\"description\" content=\"Cushman &amp; Wakefield vende empreendimento The Keys, na Quinta do Lago, por mais de \u20ac95 milh\u00f5es Economia\" \/>\n<meta name=\"robots\" content=\"index, follow, max-snippet:-1, max-image-preview:large, max-video-preview:-1\" \/>\n<link rel=\"canonical\" href=\"https:\/\/algarve7.pt\/index.php\/2020\/11\/cushman-wakefield-vende-empreendimento-the-keys-na-quinta-do-lago-por-mais-de-e95-milhoes\/economia\/18\/32\/\" \/>\n<meta property=\"og:locale\" content=\"pt_PT\" \/>\n<meta property=\"og:type\" content=\"article\" \/>\n<meta property=\"og:title\" content=\"Cushman &amp; Wakefield vende empreendimento The Keys, na Quinta do Lago, por mais de \u20ac95 milh\u00f5es - Algarve 7\" \/>\n<meta property=\"og:description\" content=\"Cushman &amp; Wakefield vende empreendimento The Keys, na Quinta do Lago, por mais de \u20ac95 milh\u00f5es Economia\" \/>\n<meta property=\"og:url\" content=\"https:\/\/algarve7.pt\/index.php\/2020\/11\/cushman-wakefield-vende-empreendimento-the-keys-na-quinta-do-lago-por-mais-de-e95-milhoes\/economia\/18\/32\/\" \/>\n<meta property=\"og:site_name\" content=\"Algarve 7\" \/>\n<meta property=\"article:publisher\" content=\"https:\/\/www.facebook.com\/algarve7\" \/>\n<meta property=\"article:author\" content=\"https:\/\/www.facebook.com\/algarve7\" \/>\n<meta property=\"article:published_time\" content=\"2020-11-10T18:32:53+00:00\" \/>\n<meta property=\"article:modified_time\" content=\"2020-11-10T18:32:54+00:00\" \/>\n<meta property=\"og:image\" content=\"https:\/\/algarve7.pt\/wp-content\/uploads\/2020\/11\/The-Keys_QDL.jpg\" \/>\n\t<meta property=\"og:image:width\" content=\"1622\" \/>\n\t<meta property=\"og:image:height\" content=\"1080\" \/>\n\t<meta property=\"og:image:type\" content=\"image\/jpeg\" \/>\n<meta name=\"author\" content=\"Algarve 7\" \/>\n<meta name=\"twitter:card\" content=\"summary_large_image\" \/>\n<meta name=\"twitter:creator\" content=\"@Algarvesete\" \/>\n<meta name=\"twitter:site\" content=\"@Algarvesete\" \/>\n<meta name=\"twitter:label1\" content=\"Escrito por\" \/>\n\t<meta name=\"twitter:data1\" content=\"Algarve 7\" \/>\n\t<meta name=\"twitter:label2\" content=\"Tempo estimado de leitura\" \/>\n\t<meta name=\"twitter:data2\" content=\"1 minuto\" \/>\n<script type=\"application\/ld+json\" class=\"yoast-schema-graph\">{\"@context\":\"https:\\\/\\\/schema.org\",\"@graph\":[{\"@type\":\"Article\",\"@id\":\"https:\\\/\\\/algarve7.pt\\\/index.php\\\/2020\\\/11\\\/cushman-wakefield-vende-empreendimento-the-keys-na-quinta-do-lago-por-mais-de-e95-milhoes\\\/economia\\\/18\\\/32\\\/#article\",\"isPartOf\":{\"@id\":\"https:\\\/\\\/algarve7.pt\\\/index.php\\\/2020\\\/11\\\/cushman-wakefield-vende-empreendimento-the-keys-na-quinta-do-lago-por-mais-de-e95-milhoes\\\/economia\\\/18\\\/32\\\/\"},\"author\":{\"name\":\"Algarve 7\",\"@id\":\"https:\\\/\\\/algarve7.pt\\\/#\\\/schema\\\/person\\\/23fa70681308e7b319a3204bcea45e0c\"},\"headline\":\"Cushman &#038; Wakefield vende empreendimento The Keys, na Quinta do Lago, por mais de \u20ac95 milh\u00f5es\",\"datePublished\":\"2020-11-10T18:32:53+00:00\",\"dateModified\":\"2020-11-10T18:32:54+00:00\",\"mainEntityOfPage\":{\"@id\":\"https:\\\/\\\/algarve7.pt\\\/index.php\\\/2020\\\/11\\\/cushman-wakefield-vende-empreendimento-the-keys-na-quinta-do-lago-por-mais-de-e95-milhoes\\\/economia\\\/18\\\/32\\\/\"},\"wordCount\":247,\"publisher\":{\"@id\":\"https:\\\/\\\/algarve7.pt\\\/#organization\"},\"image\":{\"@id\":\"https:\\\/\\\/algarve7.pt\\\/index.php\\\/2020\\\/11\\\/cushman-wakefield-vende-empreendimento-the-keys-na-quinta-do-lago-por-mais-de-e95-milhoes\\\/economia\\\/18\\\/32\\\/#primaryimage\"},\"thumbnailUrl\":\"https:\\\/\\\/algarve7.pt\\\/wp-content\\\/uploads\\\/2020\\\/11\\\/The-Keys_QDL.jpg\",\"keywords\":[\"Algarve\",\"Economia\",\"Quinta do Lago\",\"Turismo\"],\"articleSection\":[\"Economia\"],\"inLanguage\":\"pt-PT\"},{\"@type\":\"WebPage\",\"@id\":\"https:\\\/\\\/algarve7.pt\\\/index.php\\\/2020\\\/11\\\/cushman-wakefield-vende-empreendimento-the-keys-na-quinta-do-lago-por-mais-de-e95-milhoes\\\/economia\\\/18\\\/32\\\/\",\"url\":\"https:\\\/\\\/algarve7.pt\\\/index.php\\\/2020\\\/11\\\/cushman-wakefield-vende-empreendimento-the-keys-na-quinta-do-lago-por-mais-de-e95-milhoes\\\/economia\\\/18\\\/32\\\/\",\"name\":\"Cushman & Wakefield vende empreendimento The Keys, na Quinta do Lago, por mais de \u20ac95 milh\u00f5es - Algarve 7\",\"isPartOf\":{\"@id\":\"https:\\\/\\\/algarve7.pt\\\/#website\"},\"primaryImageOfPage\":{\"@id\":\"https:\\\/\\\/algarve7.pt\\\/index.php\\\/2020\\\/11\\\/cushman-wakefield-vende-empreendimento-the-keys-na-quinta-do-lago-por-mais-de-e95-milhoes\\\/economia\\\/18\\\/32\\\/#primaryimage\"},\"image\":{\"@id\":\"https:\\\/\\\/algarve7.pt\\\/index.php\\\/2020\\\/11\\\/cushman-wakefield-vende-empreendimento-the-keys-na-quinta-do-lago-por-mais-de-e95-milhoes\\\/economia\\\/18\\\/32\\\/#primaryimage\"},\"thumbnailUrl\":\"https:\\\/\\\/algarve7.pt\\\/wp-content\\\/uploads\\\/2020\\\/11\\\/The-Keys_QDL.jpg\",\"datePublished\":\"2020-11-10T18:32:53+00:00\",\"dateModified\":\"2020-11-10T18:32:54+00:00\",\"description\":\"Cushman & Wakefield vende empreendimento The Keys, na Quinta do Lago, por mais de \u20ac95 milh\u00f5es Economia\",\"breadcrumb\":{\"@id\":\"https:\\\/\\\/algarve7.pt\\\/index.php\\\/2020\\\/11\\\/cushman-wakefield-vende-empreendimento-the-keys-na-quinta-do-lago-por-mais-de-e95-milhoes\\\/economia\\\/18\\\/32\\\/#breadcrumb\"},\"inLanguage\":\"pt-PT\",\"potentialAction\":[{\"@type\":\"ReadAction\",\"target\":[\"https:\\\/\\\/algarve7.pt\\\/index.php\\\/2020\\\/11\\\/cushman-wakefield-vende-empreendimento-the-keys-na-quinta-do-lago-por-mais-de-e95-milhoes\\\/economia\\\/18\\\/32\\\/\"]}]},{\"@type\":\"ImageObject\",\"inLanguage\":\"pt-PT\",\"@id\":\"https:\\\/\\\/algarve7.pt\\\/index.php\\\/2020\\\/11\\\/cushman-wakefield-vende-empreendimento-the-keys-na-quinta-do-lago-por-mais-de-e95-milhoes\\\/economia\\\/18\\\/32\\\/#primaryimage\",\"url\":\"https:\\\/\\\/algarve7.pt\\\/wp-content\\\/uploads\\\/2020\\\/11\\\/The-Keys_QDL.jpg\",\"contentUrl\":\"https:\\\/\\\/algarve7.pt\\\/wp-content\\\/uploads\\\/2020\\\/11\\\/The-Keys_QDL.jpg\",\"width\":1622,\"height\":1080},{\"@type\":\"BreadcrumbList\",\"@id\":\"https:\\\/\\\/algarve7.pt\\\/index.php\\\/2020\\\/11\\\/cushman-wakefield-vende-empreendimento-the-keys-na-quinta-do-lago-por-mais-de-e95-milhoes\\\/economia\\\/18\\\/32\\\/#breadcrumb\",\"itemListElement\":[{\"@type\":\"ListItem\",\"position\":1,\"name\":\"In\u00edcio\",\"item\":\"https:\\\/\\\/algarve7.pt\\\/\"},{\"@type\":\"ListItem\",\"position\":2,\"name\":\"Cushman &#038; Wakefield vende empreendimento The Keys, na Quinta do Lago, por mais de \u20ac95 milh\u00f5es\"}]},{\"@type\":\"WebSite\",\"@id\":\"https:\\\/\\\/algarve7.pt\\\/#website\",\"url\":\"https:\\\/\\\/algarve7.pt\\\/\",\"name\":\"Algarve 7\",\"description\":\"Informa\u00e7\u00e3o sobre o Algarve\",\"publisher\":{\"@id\":\"https:\\\/\\\/algarve7.pt\\\/#organization\"},\"potentialAction\":[{\"@type\":\"SearchAction\",\"target\":{\"@type\":\"EntryPoint\",\"urlTemplate\":\"https:\\\/\\\/algarve7.pt\\\/?s={search_term_string}\"},\"query-input\":{\"@type\":\"PropertyValueSpecification\",\"valueRequired\":true,\"valueName\":\"search_term_string\"}}],\"inLanguage\":\"pt-PT\"},{\"@type\":\"Organization\",\"@id\":\"https:\\\/\\\/algarve7.pt\\\/#organization\",\"name\":\"Algarve 7\",\"url\":\"https:\\\/\\\/algarve7.pt\\\/\",\"logo\":{\"@type\":\"ImageObject\",\"inLanguage\":\"pt-PT\",\"@id\":\"https:\\\/\\\/algarve7.pt\\\/#\\\/schema\\\/logo\\\/image\\\/\",\"url\":\"https:\\\/\\\/algarve7.pt\\\/wp-content\\\/uploads\\\/2020\\\/10\\\/Logo-8.jpg\",\"contentUrl\":\"https:\\\/\\\/algarve7.pt\\\/wp-content\\\/uploads\\\/2020\\\/10\\\/Logo-8.jpg\",\"width\":1680,\"height\":1186,\"caption\":\"Algarve 7\"},\"image\":{\"@id\":\"https:\\\/\\\/algarve7.pt\\\/#\\\/schema\\\/logo\\\/image\\\/\"},\"sameAs\":[\"https:\\\/\\\/www.facebook.com\\\/algarve7\",\"https:\\\/\\\/x.com\\\/Algarvesete\",\"https:\\\/\\\/www.instagram.com\\\/jornalalgarve7\\\/\",\"https:\\\/\\\/www.linkedin.com\\\/company\\\/algarve7\",\"https:\\\/\\\/www.pinterest.pt\\\/geral0939\\\/_created\\\/\"]},{\"@type\":\"Person\",\"@id\":\"https:\\\/\\\/algarve7.pt\\\/#\\\/schema\\\/person\\\/23fa70681308e7b319a3204bcea45e0c\",\"name\":\"Algarve 7\",\"sameAs\":[\"https:\\\/\\\/algarve7.pt\",\"https:\\\/\\\/www.facebook.com\\\/algarve7\"],\"url\":\"https:\\\/\\\/algarve7.pt\\\/index.php\\\/author\\\/geralalgarve7-pt\\\/\"}]}<\/script>\n<!-- \/ Yoast SEO plugin. -->","yoast_head_json":{"title":"Cushman & Wakefield vende empreendimento The Keys, na Quinta do Lago, por mais de \u20ac95 milh\u00f5es - Algarve 7","description":"Cushman & Wakefield vende empreendimento The Keys, na Quinta do Lago, por mais de \u20ac95 milh\u00f5es Economia","robots":{"index":"index","follow":"follow","max-snippet":"max-snippet:-1","max-image-preview":"max-image-preview:large","max-video-preview":"max-video-preview:-1"},"canonical":"https:\/\/algarve7.pt\/index.php\/2020\/11\/cushman-wakefield-vende-empreendimento-the-keys-na-quinta-do-lago-por-mais-de-e95-milhoes\/economia\/18\/32\/","og_locale":"pt_PT","og_type":"article","og_title":"Cushman & Wakefield vende empreendimento The Keys, na Quinta do Lago, por mais de \u20ac95 milh\u00f5es - Algarve 7","og_description":"Cushman & Wakefield vende empreendimento The Keys, na Quinta do Lago, por mais de \u20ac95 milh\u00f5es Economia","og_url":"https:\/\/algarve7.pt\/index.php\/2020\/11\/cushman-wakefield-vende-empreendimento-the-keys-na-quinta-do-lago-por-mais-de-e95-milhoes\/economia\/18\/32\/","og_site_name":"Algarve 7","article_publisher":"https:\/\/www.facebook.com\/algarve7","article_author":"https:\/\/www.facebook.com\/algarve7","article_published_time":"2020-11-10T18:32:53+00:00","article_modified_time":"2020-11-10T18:32:54+00:00","og_image":[{"width":1622,"height":1080,"url":"https:\/\/algarve7.pt\/wp-content\/uploads\/2020\/11\/The-Keys_QDL.jpg","type":"image\/jpeg"}],"author":"Algarve 7","twitter_card":"summary_large_image","twitter_creator":"@Algarvesete","twitter_site":"@Algarvesete","twitter_misc":{"Escrito por":"Algarve 7","Tempo estimado de leitura":"1 minuto"},"schema":{"@context":"https:\/\/schema.org","@graph":[{"@type":"Article","@id":"https:\/\/algarve7.pt\/index.php\/2020\/11\/cushman-wakefield-vende-empreendimento-the-keys-na-quinta-do-lago-por-mais-de-e95-milhoes\/economia\/18\/32\/#article","isPartOf":{"@id":"https:\/\/algarve7.pt\/index.php\/2020\/11\/cushman-wakefield-vende-empreendimento-the-keys-na-quinta-do-lago-por-mais-de-e95-milhoes\/economia\/18\/32\/"},"author":{"name":"Algarve 7","@id":"https:\/\/algarve7.pt\/#\/schema\/person\/23fa70681308e7b319a3204bcea45e0c"},"headline":"Cushman &#038; Wakefield vende empreendimento The Keys, na Quinta do Lago, por mais de \u20ac95 milh\u00f5es","datePublished":"2020-11-10T18:32:53+00:00","dateModified":"2020-11-10T18:32:54+00:00","mainEntityOfPage":{"@id":"https:\/\/algarve7.pt\/index.php\/2020\/11\/cushman-wakefield-vende-empreendimento-the-keys-na-quinta-do-lago-por-mais-de-e95-milhoes\/economia\/18\/32\/"},"wordCount":247,"publisher":{"@id":"https:\/\/algarve7.pt\/#organization"},"image":{"@id":"https:\/\/algarve7.pt\/index.php\/2020\/11\/cushman-wakefield-vende-empreendimento-the-keys-na-quinta-do-lago-por-mais-de-e95-milhoes\/economia\/18\/32\/#primaryimage"},"thumbnailUrl":"https:\/\/algarve7.pt\/wp-content\/uploads\/2020\/11\/The-Keys_QDL.jpg","keywords":["Algarve","Economia","Quinta do Lago","Turismo"],"articleSection":["Economia"],"inLanguage":"pt-PT"},{"@type":"WebPage","@id":"https:\/\/algarve7.pt\/index.php\/2020\/11\/cushman-wakefield-vende-empreendimento-the-keys-na-quinta-do-lago-por-mais-de-e95-milhoes\/economia\/18\/32\/","url":"https:\/\/algarve7.pt\/index.php\/2020\/11\/cushman-wakefield-vende-empreendimento-the-keys-na-quinta-do-lago-por-mais-de-e95-milhoes\/economia\/18\/32\/","name":"Cushman & Wakefield vende empreendimento The Keys, na Quinta do Lago, por mais de \u20ac95 milh\u00f5es - Algarve 7","isPartOf":{"@id":"https:\/\/algarve7.pt\/#website"},"primaryImageOfPage":{"@id":"https:\/\/algarve7.pt\/index.php\/2020\/11\/cushman-wakefield-vende-empreendimento-the-keys-na-quinta-do-lago-por-mais-de-e95-milhoes\/economia\/18\/32\/#primaryimage"},"image":{"@id":"https:\/\/algarve7.pt\/index.php\/2020\/11\/cushman-wakefield-vende-empreendimento-the-keys-na-quinta-do-lago-por-mais-de-e95-milhoes\/economia\/18\/32\/#primaryimage"},"thumbnailUrl":"https:\/\/algarve7.pt\/wp-content\/uploads\/2020\/11\/The-Keys_QDL.jpg","datePublished":"2020-11-10T18:32:53+00:00","dateModified":"2020-11-10T18:32:54+00:00","description":"Cushman & Wakefield vende empreendimento The Keys, na Quinta do Lago, por mais de \u20ac95 milh\u00f5es Economia","breadcrumb":{"@id":"https:\/\/algarve7.pt\/index.php\/2020\/11\/cushman-wakefield-vende-empreendimento-the-keys-na-quinta-do-lago-por-mais-de-e95-milhoes\/economia\/18\/32\/#breadcrumb"},"inLanguage":"pt-PT","potentialAction":[{"@type":"ReadAction","target":["https:\/\/algarve7.pt\/index.php\/2020\/11\/cushman-wakefield-vende-empreendimento-the-keys-na-quinta-do-lago-por-mais-de-e95-milhoes\/economia\/18\/32\/"]}]},{"@type":"ImageObject","inLanguage":"pt-PT","@id":"https:\/\/algarve7.pt\/index.php\/2020\/11\/cushman-wakefield-vende-empreendimento-the-keys-na-quinta-do-lago-por-mais-de-e95-milhoes\/economia\/18\/32\/#primaryimage","url":"https:\/\/algarve7.pt\/wp-content\/uploads\/2020\/11\/The-Keys_QDL.jpg","contentUrl":"https:\/\/algarve7.pt\/wp-content\/uploads\/2020\/11\/The-Keys_QDL.jpg","width":1622,"height":1080},{"@type":"BreadcrumbList","@id":"https:\/\/algarve7.pt\/index.php\/2020\/11\/cushman-wakefield-vende-empreendimento-the-keys-na-quinta-do-lago-por-mais-de-e95-milhoes\/economia\/18\/32\/#breadcrumb","itemListElement":[{"@type":"ListItem","position":1,"name":"In\u00edcio","item":"https:\/\/algarve7.pt\/"},{"@type":"ListItem","position":2,"name":"Cushman &#038; Wakefield vende empreendimento The Keys, na Quinta do Lago, por mais de \u20ac95 milh\u00f5es"}]},{"@type":"WebSite","@id":"https:\/\/algarve7.pt\/#website","url":"https:\/\/algarve7.pt\/","name":"Algarve 7","description":"Informa\u00e7\u00e3o sobre o Algarve","publisher":{"@id":"https:\/\/algarve7.pt\/#organization"},"potentialAction":[{"@type":"SearchAction","target":{"@type":"EntryPoint","urlTemplate":"https:\/\/algarve7.pt\/?s={search_term_string}"},"query-input":{"@type":"PropertyValueSpecification","valueRequired":true,"valueName":"search_term_string"}}],"inLanguage":"pt-PT"},{"@type":"Organization","@id":"https:\/\/algarve7.pt\/#organization","name":"Algarve 7","url":"https:\/\/algarve7.pt\/","logo":{"@type":"ImageObject","inLanguage":"pt-PT","@id":"https:\/\/algarve7.pt\/#\/schema\/logo\/image\/","url":"https:\/\/algarve7.pt\/wp-content\/uploads\/2020\/10\/Logo-8.jpg","contentUrl":"https:\/\/algarve7.pt\/wp-content\/uploads\/2020\/10\/Logo-8.jpg","width":1680,"height":1186,"caption":"Algarve 7"},"image":{"@id":"https:\/\/algarve7.pt\/#\/schema\/logo\/image\/"},"sameAs":["https:\/\/www.facebook.com\/algarve7","https:\/\/x.com\/Algarvesete","https:\/\/www.instagram.com\/jornalalgarve7\/","https:\/\/www.linkedin.com\/company\/algarve7","https:\/\/www.pinterest.pt\/geral0939\/_created\/"]},{"@type":"Person","@id":"https:\/\/algarve7.pt\/#\/schema\/person\/23fa70681308e7b319a3204bcea45e0c","name":"Algarve 7","sameAs":["https:\/\/algarve7.pt","https:\/\/www.facebook.com\/algarve7"],"url":"https:\/\/algarve7.pt\/index.php\/author\/geralalgarve7-pt\/"}]}},"jetpack_publicize_connections":[],"jetpack_featured_media_url":"https:\/\/algarve7.pt\/wp-content\/uploads\/2020\/11\/The-Keys_QDL.jpg","jetpack_shortlink":"https:\/\/wp.me\/pcezmW-VF","jetpack_sharing_enabled":true,"_links":{"self":[{"href":"https:\/\/algarve7.pt\/index.php\/wp-json\/wp\/v2\/posts\/3575","targetHints":{"allow":["GET"]}}],"collection":[{"href":"https:\/\/algarve7.pt\/index.php\/wp-json\/wp\/v2\/posts"}],"about":[{"href":"https:\/\/algarve7.pt\/index.php\/wp-json\/wp\/v2\/types\/post"}],"author":[{"embeddable":true,"href":"https:\/\/algarve7.pt\/index.php\/wp-json\/wp\/v2\/users\/1"}],"replies":[{"embeddable":true,"href":"https:\/\/algarve7.pt\/index.php\/wp-json\/wp\/v2\/comments?post=3575"}],"version-history":[{"count":0,"href":"https:\/\/algarve7.pt\/index.php\/wp-json\/wp\/v2\/posts\/3575\/revisions"}],"wp:featuredmedia":[{"embeddable":true,"href":"https:\/\/algarve7.pt\/index.php\/wp-json\/wp\/v2\/media\/3576"}],"wp:attachment":[{"href":"https:\/\/algarve7.pt\/index.php\/wp-json\/wp\/v2\/media?parent=3575"}],"wp:term":[{"taxonomy":"category","embeddable":true,"href":"https:\/\/algarve7.pt\/index.php\/wp-json\/wp\/v2\/categories?post=3575"},{"taxonomy":"post_tag","embeddable":true,"href":"https:\/\/algarve7.pt\/index.php\/wp-json\/wp\/v2\/tags?post=3575"}],"curies":[{"name":"wp","href":"https:\/\/api.w.org\/{rel}","templated":true}]}}