{"id":35724,"date":"2024-02-17T17:57:18","date_gmt":"2024-02-17T17:57:18","guid":{"rendered":"https:\/\/algarve7.pt\/?p=35724"},"modified":"2024-02-17T17:57:21","modified_gmt":"2024-02-17T17:57:21","slug":"remco-evenepoel-transforma-arco-iris-em-amarelo-vivo","status":"publish","type":"post","link":"https:\/\/algarve7.pt\/index.php\/2024\/02\/remco-evenepoel-transforma-arco-iris-em-amarelo-vivo\/desporto\/17\/57\/","title":{"rendered":"Remco Evenepoel transforma arco-\u00edris em amarelo-vivo"},"content":{"rendered":"\n<p><strong>O campe\u00e3o mundial de contrarrel\u00f3gio, Remco Evenepoel (Soudal Quick-Step), venceu hoje a quarta etapa da Volta ao Algarve, um contrarrel\u00f3gio de 22 quil\u00f3metros, em Albufeira, que tamb\u00e9m deu ao belga a Camisola Amarela Turismo do Algarve. Ant\u00f3nio Morgado (UAE Team Emirates) foi o melhor portugu\u00eas, subiu ao nono lugar da geral.<\/strong><\/p>\n\n\n\n<p>Competindo com a camisola arco-\u00edris, que identifica os campe\u00f5es do mundo, Remco Evenepoel confirmou por completo o favoritismo. Estabeleceu o melhor registo em todos os pontos interm\u00e9dios e pulverizou a concorr\u00eancia na meta.<\/p>\n\n\n\n<p>Num percurso variado, com zonas para desenvolvimento de pot\u00eancia, outras mais t\u00e9cnicas e subidas exigentes, Remco Evenepoel n\u00e3o teve quebras. Foi sempre em crescendo na compara\u00e7\u00e3o com os outros homens da geral, impondo-se com 27m09s (m\u00e9dia de 48,619 km\/h).<\/p>\n\n\n\n<p>O segundo classificado foi Magnus Sheffield (INEOS Grenadiers), a 16 segundos. O vencedor do contrarrel\u00f3gio do ano passado, Stefan K\u00fcng (Groupama-FDJ) foi, desta vez, o terceiro classificado, a 29 segundos.<\/p>\n\n\n\n<p><strong><em>\u201cTive um acompanhamento perfeito do carro, fizemos uma prepara\u00e7\u00e3o perfeita esta manh\u00e3, por isso acho que podemos dizer que foi uma corrida quase perfeita. Talvez tenha cometido alguns excessos em determinado momento, mas acho que foi uma descida muito bonita para a marina. Foi muito bonito, por isso desfrutei de cada metro deste percurso e terminar com uma vit\u00f3ria \u00e9 ainda melhor\u201d<\/em><\/strong>, comentou Remco Evenepoel.<\/p>\n\n\n\n<p>O colombiano Daniel Mart\u00ednez (BORA-hansgrohe), que partiu na frente da geral, n\u00e3o foi al\u00e9m da oitava posi\u00e7\u00e3o no contrarrel\u00f3gio, a 51 segundos do vencedor. Com este resultado, Remco Evenepoel passou a vestir a Camisola Amarela Turismo do Algarve. O belga tem uma margem de 47 segundos sobre Mart\u00ednez. O terceiro \u00e9, agora, o esloveno, Jan Tratnik (Team Visma | Lease a Bike), a 1m12s.<\/p>\n\n\n\n<p><strong><em>\u201cAmanh\u00e3 vai ser tudo uma quest\u00e3o de defender e ser inteligente. Defender em primeiro lugar e depois tentar ganhar a etapa. Ter a camisolas amarela \u00e9 o mais importante, por isso vamos tentar defend\u00ea-la e veremos, no final do dia, se h\u00e1 outra vit\u00f3ria na etapa ou n\u00e3o\u201d<\/em><\/strong>, adianta Remco Evenepoel.<\/p>\n\n\n\n<p>Nota para o portugu\u00eas Ant\u00f3nio Morgado (UAE Team Emirates). O caldense cedeu a Camisola Branca IPDJ, de melhor jovem, ao estadunidense Magnus Sheffield, por apenas 5 segundos, mas continua na luta pelo estatuto de melhor jovem e subiu tr\u00eas posi\u00e7\u00f5es na geral absoluta, sendo agora o nono classificado.<\/p>\n\n\n\n<p>Nas restantes classifica\u00e7\u00f5es, Gerben Thijssen (Intermarch\u00e9-Wanty) conserva a Camisola Verde Cr\u00e9dito Agr\u00edcola, dos pontos, e Daniel Mart\u00ednez (BORA-hansgrohe) continua a ser dono da Camisola Azul \u00c1gua \u00e9 Vida, da montanha. Por equipas manda a INEOS Grenadiers.<\/p>\n\n\n\n<p>Est\u00e1 tudo em aberto para a etapa final, os 165,8 quil\u00f3metros que, neste domingo, v\u00e3o levar os corredores de Faro at\u00e9 ao ic\u00f3nico Alto do Malh\u00e3o, no concelho de Loul\u00e9.<\/p>\n","protected":false},"excerpt":{"rendered":"<p>O campe\u00e3o mundial de contrarrel\u00f3gio, Remco Evenepoel (Soudal Quick-Step), venceu hoje a quarta etapa da Volta ao Algarve, um contrarrel\u00f3gio<\/p>\n","protected":false},"author":1,"featured_media":35725,"comment_status":"closed","ping_status":"open","sticky":false,"template":"","format":"standard","meta":{"colormag_page_container_layout":"default_layout","colormag_page_sidebar_layout":"default_layout","_monsterinsights_skip_tracking":false,"_monsterinsights_sitenote_active":false,"_monsterinsights_sitenote_note":"","_monsterinsights_sitenote_category":0,"jetpack_post_was_ever_published":false,"_jetpack_newsletter_access":"","_jetpack_dont_email_post_to_subs":false,"_jetpack_newsletter_tier_id":0,"_jetpack_memberships_contains_paywalled_content":false,"_jetpack_memberships_contains_paid_content":false,"footnotes":"","jetpack_publicize_message":"","jetpack_publicize_feature_enabled":true,"jetpack_social_post_already_shared":true,"jetpack_social_options":{"image_generator_settings":{"template":"highway","default_image_id":0,"font":"","enabled":false},"version":2}},"categories":[15],"tags":[155,36,210,40],"class_list":["post-35724","post","type-post","status-publish","format-standard","has-post-thumbnail","hentry","category-desporto","tag-albufeira","tag-algarve","tag-ciclismo","tag-desporto"],"yoast_head":"<!-- This site is optimized with the Yoast SEO plugin v27.4 - https:\/\/yoast.com\/product\/yoast-seo-wordpress\/ -->\n<title>Remco Evenepoel transforma arco-\u00edris em amarelo-vivo - Algarve 7<\/title>\n<meta name=\"description\" content=\"Remco Evenepoel transforma arco-\u00edris em amarelo-vivo Desporto\" \/>\n<meta name=\"robots\" content=\"index, follow, max-snippet:-1, max-image-preview:large, max-video-preview:-1\" \/>\n<link rel=\"canonical\" href=\"https:\/\/algarve7.pt\/index.php\/2024\/02\/remco-evenepoel-transforma-arco-iris-em-amarelo-vivo\/desporto\/17\/57\/\" \/>\n<meta property=\"og:locale\" content=\"pt_PT\" \/>\n<meta property=\"og:type\" content=\"article\" \/>\n<meta property=\"og:title\" content=\"Remco Evenepoel transforma arco-\u00edris em amarelo-vivo - Algarve 7\" \/>\n<meta property=\"og:description\" content=\"Remco Evenepoel transforma arco-\u00edris em amarelo-vivo Desporto\" \/>\n<meta property=\"og:url\" content=\"https:\/\/algarve7.pt\/index.php\/2024\/02\/remco-evenepoel-transforma-arco-iris-em-amarelo-vivo\/desporto\/17\/57\/\" \/>\n<meta property=\"og:site_name\" content=\"Algarve 7\" \/>\n<meta property=\"article:publisher\" content=\"https:\/\/www.facebook.com\/algarve7\" \/>\n<meta property=\"article:author\" content=\"https:\/\/www.facebook.com\/algarve7\" \/>\n<meta property=\"article:published_time\" content=\"2024-02-17T17:57:18+00:00\" \/>\n<meta property=\"article:modified_time\" content=\"2024-02-17T17:57:21+00:00\" \/>\n<meta property=\"og:image\" content=\"https:\/\/algarve7.pt\/wp-content\/uploads\/2024\/02\/Remco2.jpg\" \/>\n\t<meta property=\"og:image:width\" content=\"1000\" \/>\n\t<meta property=\"og:image:height\" content=\"667\" \/>\n\t<meta property=\"og:image:type\" content=\"image\/jpeg\" \/>\n<meta name=\"author\" content=\"Algarve 7\" \/>\n<meta name=\"twitter:card\" content=\"summary_large_image\" \/>\n<meta name=\"twitter:creator\" content=\"@Algarvesete\" \/>\n<meta name=\"twitter:site\" content=\"@Algarvesete\" \/>\n<meta name=\"twitter:label1\" content=\"Escrito por\" \/>\n\t<meta name=\"twitter:data1\" content=\"Algarve 7\" \/>\n\t<meta name=\"twitter:label2\" content=\"Tempo estimado de leitura\" \/>\n\t<meta name=\"twitter:data2\" content=\"3 minutos\" \/>\n<script type=\"application\/ld+json\" class=\"yoast-schema-graph\">{\"@context\":\"https:\\\/\\\/schema.org\",\"@graph\":[{\"@type\":\"Article\",\"@id\":\"https:\\\/\\\/algarve7.pt\\\/index.php\\\/2024\\\/02\\\/remco-evenepoel-transforma-arco-iris-em-amarelo-vivo\\\/desporto\\\/17\\\/57\\\/#article\",\"isPartOf\":{\"@id\":\"https:\\\/\\\/algarve7.pt\\\/index.php\\\/2024\\\/02\\\/remco-evenepoel-transforma-arco-iris-em-amarelo-vivo\\\/desporto\\\/17\\\/57\\\/\"},\"author\":{\"name\":\"Algarve 7\",\"@id\":\"https:\\\/\\\/algarve7.pt\\\/#\\\/schema\\\/person\\\/23fa70681308e7b319a3204bcea45e0c\"},\"headline\":\"Remco Evenepoel transforma arco-\u00edris em amarelo-vivo\",\"datePublished\":\"2024-02-17T17:57:18+00:00\",\"dateModified\":\"2024-02-17T17:57:21+00:00\",\"mainEntityOfPage\":{\"@id\":\"https:\\\/\\\/algarve7.pt\\\/index.php\\\/2024\\\/02\\\/remco-evenepoel-transforma-arco-iris-em-amarelo-vivo\\\/desporto\\\/17\\\/57\\\/\"},\"wordCount\":487,\"publisher\":{\"@id\":\"https:\\\/\\\/algarve7.pt\\\/#organization\"},\"image\":{\"@id\":\"https:\\\/\\\/algarve7.pt\\\/index.php\\\/2024\\\/02\\\/remco-evenepoel-transforma-arco-iris-em-amarelo-vivo\\\/desporto\\\/17\\\/57\\\/#primaryimage\"},\"thumbnailUrl\":\"https:\\\/\\\/algarve7.pt\\\/wp-content\\\/uploads\\\/2024\\\/02\\\/Remco2.jpg\",\"keywords\":[\"Albufeira\",\"Algarve\",\"Ciclismo\",\"Desporto\"],\"articleSection\":[\"Desporto\"],\"inLanguage\":\"pt-PT\"},{\"@type\":\"WebPage\",\"@id\":\"https:\\\/\\\/algarve7.pt\\\/index.php\\\/2024\\\/02\\\/remco-evenepoel-transforma-arco-iris-em-amarelo-vivo\\\/desporto\\\/17\\\/57\\\/\",\"url\":\"https:\\\/\\\/algarve7.pt\\\/index.php\\\/2024\\\/02\\\/remco-evenepoel-transforma-arco-iris-em-amarelo-vivo\\\/desporto\\\/17\\\/57\\\/\",\"name\":\"Remco Evenepoel transforma arco-\u00edris em amarelo-vivo - Algarve 7\",\"isPartOf\":{\"@id\":\"https:\\\/\\\/algarve7.pt\\\/#website\"},\"primaryImageOfPage\":{\"@id\":\"https:\\\/\\\/algarve7.pt\\\/index.php\\\/2024\\\/02\\\/remco-evenepoel-transforma-arco-iris-em-amarelo-vivo\\\/desporto\\\/17\\\/57\\\/#primaryimage\"},\"image\":{\"@id\":\"https:\\\/\\\/algarve7.pt\\\/index.php\\\/2024\\\/02\\\/remco-evenepoel-transforma-arco-iris-em-amarelo-vivo\\\/desporto\\\/17\\\/57\\\/#primaryimage\"},\"thumbnailUrl\":\"https:\\\/\\\/algarve7.pt\\\/wp-content\\\/uploads\\\/2024\\\/02\\\/Remco2.jpg\",\"datePublished\":\"2024-02-17T17:57:18+00:00\",\"dateModified\":\"2024-02-17T17:57:21+00:00\",\"description\":\"Remco Evenepoel transforma arco-\u00edris em amarelo-vivo Desporto\",\"breadcrumb\":{\"@id\":\"https:\\\/\\\/algarve7.pt\\\/index.php\\\/2024\\\/02\\\/remco-evenepoel-transforma-arco-iris-em-amarelo-vivo\\\/desporto\\\/17\\\/57\\\/#breadcrumb\"},\"inLanguage\":\"pt-PT\",\"potentialAction\":[{\"@type\":\"ReadAction\",\"target\":[\"https:\\\/\\\/algarve7.pt\\\/index.php\\\/2024\\\/02\\\/remco-evenepoel-transforma-arco-iris-em-amarelo-vivo\\\/desporto\\\/17\\\/57\\\/\"]}]},{\"@type\":\"ImageObject\",\"inLanguage\":\"pt-PT\",\"@id\":\"https:\\\/\\\/algarve7.pt\\\/index.php\\\/2024\\\/02\\\/remco-evenepoel-transforma-arco-iris-em-amarelo-vivo\\\/desporto\\\/17\\\/57\\\/#primaryimage\",\"url\":\"https:\\\/\\\/algarve7.pt\\\/wp-content\\\/uploads\\\/2024\\\/02\\\/Remco2.jpg\",\"contentUrl\":\"https:\\\/\\\/algarve7.pt\\\/wp-content\\\/uploads\\\/2024\\\/02\\\/Remco2.jpg\",\"width\":1000,\"height\":667},{\"@type\":\"BreadcrumbList\",\"@id\":\"https:\\\/\\\/algarve7.pt\\\/index.php\\\/2024\\\/02\\\/remco-evenepoel-transforma-arco-iris-em-amarelo-vivo\\\/desporto\\\/17\\\/57\\\/#breadcrumb\",\"itemListElement\":[{\"@type\":\"ListItem\",\"position\":1,\"name\":\"In\u00edcio\",\"item\":\"https:\\\/\\\/algarve7.pt\\\/\"},{\"@type\":\"ListItem\",\"position\":2,\"name\":\"Remco Evenepoel transforma arco-\u00edris em amarelo-vivo\"}]},{\"@type\":\"WebSite\",\"@id\":\"https:\\\/\\\/algarve7.pt\\\/#website\",\"url\":\"https:\\\/\\\/algarve7.pt\\\/\",\"name\":\"Algarve 7\",\"description\":\"Informa\u00e7\u00e3o sobre o Algarve\",\"publisher\":{\"@id\":\"https:\\\/\\\/algarve7.pt\\\/#organization\"},\"potentialAction\":[{\"@type\":\"SearchAction\",\"target\":{\"@type\":\"EntryPoint\",\"urlTemplate\":\"https:\\\/\\\/algarve7.pt\\\/?s={search_term_string}\"},\"query-input\":{\"@type\":\"PropertyValueSpecification\",\"valueRequired\":true,\"valueName\":\"search_term_string\"}}],\"inLanguage\":\"pt-PT\"},{\"@type\":\"Organization\",\"@id\":\"https:\\\/\\\/algarve7.pt\\\/#organization\",\"name\":\"Algarve 7\",\"url\":\"https:\\\/\\\/algarve7.pt\\\/\",\"logo\":{\"@type\":\"ImageObject\",\"inLanguage\":\"pt-PT\",\"@id\":\"https:\\\/\\\/algarve7.pt\\\/#\\\/schema\\\/logo\\\/image\\\/\",\"url\":\"https:\\\/\\\/algarve7.pt\\\/wp-content\\\/uploads\\\/2020\\\/10\\\/Logo-8.jpg\",\"contentUrl\":\"https:\\\/\\\/algarve7.pt\\\/wp-content\\\/uploads\\\/2020\\\/10\\\/Logo-8.jpg\",\"width\":1680,\"height\":1186,\"caption\":\"Algarve 7\"},\"image\":{\"@id\":\"https:\\\/\\\/algarve7.pt\\\/#\\\/schema\\\/logo\\\/image\\\/\"},\"sameAs\":[\"https:\\\/\\\/www.facebook.com\\\/algarve7\",\"https:\\\/\\\/x.com\\\/Algarvesete\",\"https:\\\/\\\/www.instagram.com\\\/jornalalgarve7\\\/\",\"https:\\\/\\\/www.linkedin.com\\\/company\\\/algarve7\",\"https:\\\/\\\/www.pinterest.pt\\\/geral0939\\\/_created\\\/\"]},{\"@type\":\"Person\",\"@id\":\"https:\\\/\\\/algarve7.pt\\\/#\\\/schema\\\/person\\\/23fa70681308e7b319a3204bcea45e0c\",\"name\":\"Algarve 7\",\"sameAs\":[\"https:\\\/\\\/algarve7.pt\",\"https:\\\/\\\/www.facebook.com\\\/algarve7\"],\"url\":\"https:\\\/\\\/algarve7.pt\\\/index.php\\\/author\\\/geralalgarve7-pt\\\/\"}]}<\/script>\n<!-- \/ Yoast SEO plugin. -->","yoast_head_json":{"title":"Remco Evenepoel transforma arco-\u00edris em amarelo-vivo - Algarve 7","description":"Remco Evenepoel transforma arco-\u00edris em amarelo-vivo Desporto","robots":{"index":"index","follow":"follow","max-snippet":"max-snippet:-1","max-image-preview":"max-image-preview:large","max-video-preview":"max-video-preview:-1"},"canonical":"https:\/\/algarve7.pt\/index.php\/2024\/02\/remco-evenepoel-transforma-arco-iris-em-amarelo-vivo\/desporto\/17\/57\/","og_locale":"pt_PT","og_type":"article","og_title":"Remco Evenepoel transforma arco-\u00edris em amarelo-vivo - Algarve 7","og_description":"Remco Evenepoel transforma arco-\u00edris em amarelo-vivo Desporto","og_url":"https:\/\/algarve7.pt\/index.php\/2024\/02\/remco-evenepoel-transforma-arco-iris-em-amarelo-vivo\/desporto\/17\/57\/","og_site_name":"Algarve 7","article_publisher":"https:\/\/www.facebook.com\/algarve7","article_author":"https:\/\/www.facebook.com\/algarve7","article_published_time":"2024-02-17T17:57:18+00:00","article_modified_time":"2024-02-17T17:57:21+00:00","og_image":[{"width":1000,"height":667,"url":"https:\/\/algarve7.pt\/wp-content\/uploads\/2024\/02\/Remco2.jpg","type":"image\/jpeg"}],"author":"Algarve 7","twitter_card":"summary_large_image","twitter_creator":"@Algarvesete","twitter_site":"@Algarvesete","twitter_misc":{"Escrito por":"Algarve 7","Tempo estimado de leitura":"3 minutos"},"schema":{"@context":"https:\/\/schema.org","@graph":[{"@type":"Article","@id":"https:\/\/algarve7.pt\/index.php\/2024\/02\/remco-evenepoel-transforma-arco-iris-em-amarelo-vivo\/desporto\/17\/57\/#article","isPartOf":{"@id":"https:\/\/algarve7.pt\/index.php\/2024\/02\/remco-evenepoel-transforma-arco-iris-em-amarelo-vivo\/desporto\/17\/57\/"},"author":{"name":"Algarve 7","@id":"https:\/\/algarve7.pt\/#\/schema\/person\/23fa70681308e7b319a3204bcea45e0c"},"headline":"Remco Evenepoel transforma arco-\u00edris em amarelo-vivo","datePublished":"2024-02-17T17:57:18+00:00","dateModified":"2024-02-17T17:57:21+00:00","mainEntityOfPage":{"@id":"https:\/\/algarve7.pt\/index.php\/2024\/02\/remco-evenepoel-transforma-arco-iris-em-amarelo-vivo\/desporto\/17\/57\/"},"wordCount":487,"publisher":{"@id":"https:\/\/algarve7.pt\/#organization"},"image":{"@id":"https:\/\/algarve7.pt\/index.php\/2024\/02\/remco-evenepoel-transforma-arco-iris-em-amarelo-vivo\/desporto\/17\/57\/#primaryimage"},"thumbnailUrl":"https:\/\/algarve7.pt\/wp-content\/uploads\/2024\/02\/Remco2.jpg","keywords":["Albufeira","Algarve","Ciclismo","Desporto"],"articleSection":["Desporto"],"inLanguage":"pt-PT"},{"@type":"WebPage","@id":"https:\/\/algarve7.pt\/index.php\/2024\/02\/remco-evenepoel-transforma-arco-iris-em-amarelo-vivo\/desporto\/17\/57\/","url":"https:\/\/algarve7.pt\/index.php\/2024\/02\/remco-evenepoel-transforma-arco-iris-em-amarelo-vivo\/desporto\/17\/57\/","name":"Remco Evenepoel transforma arco-\u00edris em amarelo-vivo - Algarve 7","isPartOf":{"@id":"https:\/\/algarve7.pt\/#website"},"primaryImageOfPage":{"@id":"https:\/\/algarve7.pt\/index.php\/2024\/02\/remco-evenepoel-transforma-arco-iris-em-amarelo-vivo\/desporto\/17\/57\/#primaryimage"},"image":{"@id":"https:\/\/algarve7.pt\/index.php\/2024\/02\/remco-evenepoel-transforma-arco-iris-em-amarelo-vivo\/desporto\/17\/57\/#primaryimage"},"thumbnailUrl":"https:\/\/algarve7.pt\/wp-content\/uploads\/2024\/02\/Remco2.jpg","datePublished":"2024-02-17T17:57:18+00:00","dateModified":"2024-02-17T17:57:21+00:00","description":"Remco Evenepoel transforma arco-\u00edris em amarelo-vivo Desporto","breadcrumb":{"@id":"https:\/\/algarve7.pt\/index.php\/2024\/02\/remco-evenepoel-transforma-arco-iris-em-amarelo-vivo\/desporto\/17\/57\/#breadcrumb"},"inLanguage":"pt-PT","potentialAction":[{"@type":"ReadAction","target":["https:\/\/algarve7.pt\/index.php\/2024\/02\/remco-evenepoel-transforma-arco-iris-em-amarelo-vivo\/desporto\/17\/57\/"]}]},{"@type":"ImageObject","inLanguage":"pt-PT","@id":"https:\/\/algarve7.pt\/index.php\/2024\/02\/remco-evenepoel-transforma-arco-iris-em-amarelo-vivo\/desporto\/17\/57\/#primaryimage","url":"https:\/\/algarve7.pt\/wp-content\/uploads\/2024\/02\/Remco2.jpg","contentUrl":"https:\/\/algarve7.pt\/wp-content\/uploads\/2024\/02\/Remco2.jpg","width":1000,"height":667},{"@type":"BreadcrumbList","@id":"https:\/\/algarve7.pt\/index.php\/2024\/02\/remco-evenepoel-transforma-arco-iris-em-amarelo-vivo\/desporto\/17\/57\/#breadcrumb","itemListElement":[{"@type":"ListItem","position":1,"name":"In\u00edcio","item":"https:\/\/algarve7.pt\/"},{"@type":"ListItem","position":2,"name":"Remco Evenepoel transforma arco-\u00edris em amarelo-vivo"}]},{"@type":"WebSite","@id":"https:\/\/algarve7.pt\/#website","url":"https:\/\/algarve7.pt\/","name":"Algarve 7","description":"Informa\u00e7\u00e3o sobre o Algarve","publisher":{"@id":"https:\/\/algarve7.pt\/#organization"},"potentialAction":[{"@type":"SearchAction","target":{"@type":"EntryPoint","urlTemplate":"https:\/\/algarve7.pt\/?s={search_term_string}"},"query-input":{"@type":"PropertyValueSpecification","valueRequired":true,"valueName":"search_term_string"}}],"inLanguage":"pt-PT"},{"@type":"Organization","@id":"https:\/\/algarve7.pt\/#organization","name":"Algarve 7","url":"https:\/\/algarve7.pt\/","logo":{"@type":"ImageObject","inLanguage":"pt-PT","@id":"https:\/\/algarve7.pt\/#\/schema\/logo\/image\/","url":"https:\/\/algarve7.pt\/wp-content\/uploads\/2020\/10\/Logo-8.jpg","contentUrl":"https:\/\/algarve7.pt\/wp-content\/uploads\/2020\/10\/Logo-8.jpg","width":1680,"height":1186,"caption":"Algarve 7"},"image":{"@id":"https:\/\/algarve7.pt\/#\/schema\/logo\/image\/"},"sameAs":["https:\/\/www.facebook.com\/algarve7","https:\/\/x.com\/Algarvesete","https:\/\/www.instagram.com\/jornalalgarve7\/","https:\/\/www.linkedin.com\/company\/algarve7","https:\/\/www.pinterest.pt\/geral0939\/_created\/"]},{"@type":"Person","@id":"https:\/\/algarve7.pt\/#\/schema\/person\/23fa70681308e7b319a3204bcea45e0c","name":"Algarve 7","sameAs":["https:\/\/algarve7.pt","https:\/\/www.facebook.com\/algarve7"],"url":"https:\/\/algarve7.pt\/index.php\/author\/geralalgarve7-pt\/"}]}},"jetpack_publicize_connections":[],"jetpack_featured_media_url":"https:\/\/algarve7.pt\/wp-content\/uploads\/2024\/02\/Remco2.jpg","jetpack_shortlink":"https:\/\/wp.me\/pcezmW-9ic","jetpack_sharing_enabled":true,"_links":{"self":[{"href":"https:\/\/algarve7.pt\/index.php\/wp-json\/wp\/v2\/posts\/35724","targetHints":{"allow":["GET"]}}],"collection":[{"href":"https:\/\/algarve7.pt\/index.php\/wp-json\/wp\/v2\/posts"}],"about":[{"href":"https:\/\/algarve7.pt\/index.php\/wp-json\/wp\/v2\/types\/post"}],"author":[{"embeddable":true,"href":"https:\/\/algarve7.pt\/index.php\/wp-json\/wp\/v2\/users\/1"}],"replies":[{"embeddable":true,"href":"https:\/\/algarve7.pt\/index.php\/wp-json\/wp\/v2\/comments?post=35724"}],"version-history":[{"count":0,"href":"https:\/\/algarve7.pt\/index.php\/wp-json\/wp\/v2\/posts\/35724\/revisions"}],"wp:featuredmedia":[{"embeddable":true,"href":"https:\/\/algarve7.pt\/index.php\/wp-json\/wp\/v2\/media\/35725"}],"wp:attachment":[{"href":"https:\/\/algarve7.pt\/index.php\/wp-json\/wp\/v2\/media?parent=35724"}],"wp:term":[{"taxonomy":"category","embeddable":true,"href":"https:\/\/algarve7.pt\/index.php\/wp-json\/wp\/v2\/categories?post=35724"},{"taxonomy":"post_tag","embeddable":true,"href":"https:\/\/algarve7.pt\/index.php\/wp-json\/wp\/v2\/tags?post=35724"}],"curies":[{"name":"wp","href":"https:\/\/api.w.org\/{rel}","templated":true}]}}