{"id":35611,"date":"2024-02-15T15:00:00","date_gmt":"2024-02-15T15:00:00","guid":{"rendered":"https:\/\/algarve7.pt\/?p=35611"},"modified":"2024-02-14T22:03:05","modified_gmt":"2024-02-14T22:03:05","slug":"olimpiadas-jovens-2023-2024-2afase-em-lagoa","status":"publish","type":"post","link":"https:\/\/algarve7.pt\/index.php\/2024\/02\/olimpiadas-jovens-2023-2024-2afase-em-lagoa\/desporto\/15\/00\/","title":{"rendered":"\u00a0Olimp\u00edadas Jovens 2023\/2024 (2\u00aafase) em Lagoa"},"content":{"rendered":"\n<p>A&nbsp;segunda fase das \u201cOlimp\u00edadas Jovens\u201d, referentes ao ano letivo em vigor, prosseguem em mar\u00e7o e j\u00e1 te podes inscrever na tua escola! Esta segunda fase contempla as atividades desportivas de Gin\u00e1stica R\u00edtmica, Capoeira e Atletismo.<\/p>\n\n\n\n<p>Sinopse: O Munic\u00edpio de Lagoa, atento \u00e0 necessidade de estimular e promover h\u00e1bitos de vida saud\u00e1veis, assim como apoiar o desporto no concelho, e entendendo que a oferta desportiva municipal ainda pode crescer, organiza as \u201cOlimp\u00edadas Jovens\u201d.<\/p>\n\n\n\n<p>Destinadas a todos os alunos do 1\u00ba ciclo, este projeto \u00e9 desenvolvido por etapas, ao longo do ano letivo, onde poder\u00e3o experimentar as modalidades desportivas existentes no concelho de Lagoa, de uma forma l\u00fadica, mas orientada para o conhecimento das compet\u00eancias e regras do desporto, numa estreita rela\u00e7\u00e3o com os clubes.<\/p>\n\n\n\n<p>Realizam se aos s\u00e1bados de manh\u00e3, entre as 09:00h e as 12:30h, nas instala\u00e7\u00f5es desportivas municipais, e s\u00e3o dirigidas pelos Treinadores dos clubes concelhios, com o apoio dos T\u00e9cnicos dos Servi\u00e7os Desportivos do Munic\u00edpio de Lagoa. O Munic\u00edpio garante o seguro desportivo e um lanche (\u00e1gua, sumo, 1 sandes e 1 pe\u00e7a de fruta).<\/p>\n\n\n\n<p>No final do ano letivo ser\u00e3o aferidos os \u201cCampe\u00f5es de Lagoa\u201de premiados os 10 participantes (5 femininos e 5 masculinos) que obtiverem maior pontua\u00e7\u00e3o final (mais participa\u00e7\u00f5es e melhores notas nas disciplinas escolares) e a Escola com maior representa\u00e7\u00e3o relativa.<\/p>\n","protected":false},"excerpt":{"rendered":"<p>A&nbsp;segunda fase das \u201cOlimp\u00edadas Jovens\u201d, referentes ao ano letivo em vigor, prosseguem em mar\u00e7o e j\u00e1 te podes inscrever na<\/p>\n","protected":false},"author":1,"featured_media":35612,"comment_status":"closed","ping_status":"open","sticky":false,"template":"","format":"standard","meta":{"colormag_page_container_layout":"default_layout","colormag_page_sidebar_layout":"default_layout","_monsterinsights_skip_tracking":false,"_monsterinsights_sitenote_active":false,"_monsterinsights_sitenote_note":"","_monsterinsights_sitenote_category":0,"jetpack_post_was_ever_published":false,"_jetpack_newsletter_access":"","_jetpack_dont_email_post_to_subs":false,"_jetpack_newsletter_tier_id":0,"_jetpack_memberships_contains_paywalled_content":false,"_jetpack_memberships_contains_paid_content":false,"footnotes":"","jetpack_publicize_message":"","jetpack_publicize_feature_enabled":true,"jetpack_social_post_already_shared":true,"jetpack_social_options":{"image_generator_settings":{"template":"highway","default_image_id":0,"font":"","enabled":false},"version":2}},"categories":[15],"tags":[36,40,48],"class_list":["post-35611","post","type-post","status-publish","format-standard","has-post-thumbnail","hentry","category-desporto","tag-algarve","tag-desporto","tag-lagoa"],"yoast_head":"<!-- This site is optimized with the Yoast SEO plugin v27.5 - https:\/\/yoast.com\/product\/yoast-seo-wordpress\/ -->\n<title>\u00a0Olimp\u00edadas Jovens 2023\/2024 (2\u00aafase) em Lagoa - Algarve 7<\/title>\n<meta name=\"description\" content=\"\u00a0Olimp\u00edadas Jovens 2023\/2024 (2\u00aafase) em Lagoa Desporto\" \/>\n<meta name=\"robots\" content=\"index, follow, max-snippet:-1, max-image-preview:large, max-video-preview:-1\" \/>\n<link rel=\"canonical\" href=\"https:\/\/algarve7.pt\/index.php\/2024\/02\/olimpiadas-jovens-2023-2024-2afase-em-lagoa\/desporto\/15\/00\/\" \/>\n<meta property=\"og:locale\" content=\"pt_PT\" \/>\n<meta property=\"og:type\" content=\"article\" \/>\n<meta property=\"og:title\" content=\"\u00a0Olimp\u00edadas Jovens 2023\/2024 (2\u00aafase) em Lagoa - Algarve 7\" \/>\n<meta property=\"og:description\" content=\"\u00a0Olimp\u00edadas Jovens 2023\/2024 (2\u00aafase) em Lagoa Desporto\" \/>\n<meta property=\"og:url\" content=\"https:\/\/algarve7.pt\/index.php\/2024\/02\/olimpiadas-jovens-2023-2024-2afase-em-lagoa\/desporto\/15\/00\/\" \/>\n<meta property=\"og:site_name\" content=\"Algarve 7\" \/>\n<meta property=\"article:publisher\" content=\"https:\/\/www.facebook.com\/algarve7\" \/>\n<meta property=\"article:author\" content=\"https:\/\/www.facebook.com\/algarve7\" \/>\n<meta property=\"article:published_time\" content=\"2024-02-15T15:00:00+00:00\" \/>\n<meta property=\"og:image\" content=\"https:\/\/algarve7.pt\/wp-content\/uploads\/2024\/02\/image003.jpg\" \/>\n\t<meta property=\"og:image:width\" content=\"1000\" \/>\n\t<meta property=\"og:image:height\" content=\"900\" \/>\n\t<meta property=\"og:image:type\" content=\"image\/jpeg\" \/>\n<meta name=\"author\" content=\"Algarve 7\" \/>\n<meta name=\"twitter:card\" content=\"summary_large_image\" \/>\n<meta name=\"twitter:creator\" content=\"@Algarvesete\" \/>\n<meta name=\"twitter:site\" content=\"@Algarvesete\" \/>\n<meta name=\"twitter:label1\" content=\"Escrito por\" \/>\n\t<meta name=\"twitter:data1\" content=\"Algarve 7\" \/>\n\t<meta name=\"twitter:label2\" content=\"Tempo estimado de leitura\" \/>\n\t<meta name=\"twitter:data2\" content=\"2 minutos\" \/>\n<script type=\"application\/ld+json\" class=\"yoast-schema-graph\">{\"@context\":\"https:\\\/\\\/schema.org\",\"@graph\":[{\"@type\":\"Article\",\"@id\":\"https:\\\/\\\/algarve7.pt\\\/index.php\\\/2024\\\/02\\\/olimpiadas-jovens-2023-2024-2afase-em-lagoa\\\/desporto\\\/15\\\/00\\\/#article\",\"isPartOf\":{\"@id\":\"https:\\\/\\\/algarve7.pt\\\/index.php\\\/2024\\\/02\\\/olimpiadas-jovens-2023-2024-2afase-em-lagoa\\\/desporto\\\/15\\\/00\\\/\"},\"author\":{\"name\":\"Algarve 7\",\"@id\":\"https:\\\/\\\/algarve7.pt\\\/#\\\/schema\\\/person\\\/23fa70681308e7b319a3204bcea45e0c\"},\"headline\":\"\u00a0Olimp\u00edadas Jovens 2023\\\/2024 (2\u00aafase) em Lagoa\",\"datePublished\":\"2024-02-15T15:00:00+00:00\",\"mainEntityOfPage\":{\"@id\":\"https:\\\/\\\/algarve7.pt\\\/index.php\\\/2024\\\/02\\\/olimpiadas-jovens-2023-2024-2afase-em-lagoa\\\/desporto\\\/15\\\/00\\\/\"},\"wordCount\":243,\"publisher\":{\"@id\":\"https:\\\/\\\/algarve7.pt\\\/#organization\"},\"image\":{\"@id\":\"https:\\\/\\\/algarve7.pt\\\/index.php\\\/2024\\\/02\\\/olimpiadas-jovens-2023-2024-2afase-em-lagoa\\\/desporto\\\/15\\\/00\\\/#primaryimage\"},\"thumbnailUrl\":\"https:\\\/\\\/algarve7.pt\\\/wp-content\\\/uploads\\\/2024\\\/02\\\/image003.jpg\",\"keywords\":[\"Algarve\",\"Desporto\",\"Lagoa\"],\"articleSection\":[\"Desporto\"],\"inLanguage\":\"pt-PT\"},{\"@type\":\"WebPage\",\"@id\":\"https:\\\/\\\/algarve7.pt\\\/index.php\\\/2024\\\/02\\\/olimpiadas-jovens-2023-2024-2afase-em-lagoa\\\/desporto\\\/15\\\/00\\\/\",\"url\":\"https:\\\/\\\/algarve7.pt\\\/index.php\\\/2024\\\/02\\\/olimpiadas-jovens-2023-2024-2afase-em-lagoa\\\/desporto\\\/15\\\/00\\\/\",\"name\":\"\u00a0Olimp\u00edadas Jovens 2023\\\/2024 (2\u00aafase) em Lagoa - Algarve 7\",\"isPartOf\":{\"@id\":\"https:\\\/\\\/algarve7.pt\\\/#website\"},\"primaryImageOfPage\":{\"@id\":\"https:\\\/\\\/algarve7.pt\\\/index.php\\\/2024\\\/02\\\/olimpiadas-jovens-2023-2024-2afase-em-lagoa\\\/desporto\\\/15\\\/00\\\/#primaryimage\"},\"image\":{\"@id\":\"https:\\\/\\\/algarve7.pt\\\/index.php\\\/2024\\\/02\\\/olimpiadas-jovens-2023-2024-2afase-em-lagoa\\\/desporto\\\/15\\\/00\\\/#primaryimage\"},\"thumbnailUrl\":\"https:\\\/\\\/algarve7.pt\\\/wp-content\\\/uploads\\\/2024\\\/02\\\/image003.jpg\",\"datePublished\":\"2024-02-15T15:00:00+00:00\",\"description\":\"\u00a0Olimp\u00edadas Jovens 2023\\\/2024 (2\u00aafase) em Lagoa Desporto\",\"breadcrumb\":{\"@id\":\"https:\\\/\\\/algarve7.pt\\\/index.php\\\/2024\\\/02\\\/olimpiadas-jovens-2023-2024-2afase-em-lagoa\\\/desporto\\\/15\\\/00\\\/#breadcrumb\"},\"inLanguage\":\"pt-PT\",\"potentialAction\":[{\"@type\":\"ReadAction\",\"target\":[\"https:\\\/\\\/algarve7.pt\\\/index.php\\\/2024\\\/02\\\/olimpiadas-jovens-2023-2024-2afase-em-lagoa\\\/desporto\\\/15\\\/00\\\/\"]}]},{\"@type\":\"ImageObject\",\"inLanguage\":\"pt-PT\",\"@id\":\"https:\\\/\\\/algarve7.pt\\\/index.php\\\/2024\\\/02\\\/olimpiadas-jovens-2023-2024-2afase-em-lagoa\\\/desporto\\\/15\\\/00\\\/#primaryimage\",\"url\":\"https:\\\/\\\/algarve7.pt\\\/wp-content\\\/uploads\\\/2024\\\/02\\\/image003.jpg\",\"contentUrl\":\"https:\\\/\\\/algarve7.pt\\\/wp-content\\\/uploads\\\/2024\\\/02\\\/image003.jpg\",\"width\":1000,\"height\":900},{\"@type\":\"BreadcrumbList\",\"@id\":\"https:\\\/\\\/algarve7.pt\\\/index.php\\\/2024\\\/02\\\/olimpiadas-jovens-2023-2024-2afase-em-lagoa\\\/desporto\\\/15\\\/00\\\/#breadcrumb\",\"itemListElement\":[{\"@type\":\"ListItem\",\"position\":1,\"name\":\"In\u00edcio\",\"item\":\"https:\\\/\\\/algarve7.pt\\\/\"},{\"@type\":\"ListItem\",\"position\":2,\"name\":\"\u00a0Olimp\u00edadas Jovens 2023\\\/2024 (2\u00aafase) em Lagoa\"}]},{\"@type\":\"WebSite\",\"@id\":\"https:\\\/\\\/algarve7.pt\\\/#website\",\"url\":\"https:\\\/\\\/algarve7.pt\\\/\",\"name\":\"Algarve 7\",\"description\":\"Informa\u00e7\u00e3o sobre o Algarve\",\"publisher\":{\"@id\":\"https:\\\/\\\/algarve7.pt\\\/#organization\"},\"potentialAction\":[{\"@type\":\"SearchAction\",\"target\":{\"@type\":\"EntryPoint\",\"urlTemplate\":\"https:\\\/\\\/algarve7.pt\\\/?s={search_term_string}\"},\"query-input\":{\"@type\":\"PropertyValueSpecification\",\"valueRequired\":true,\"valueName\":\"search_term_string\"}}],\"inLanguage\":\"pt-PT\"},{\"@type\":\"Organization\",\"@id\":\"https:\\\/\\\/algarve7.pt\\\/#organization\",\"name\":\"Algarve 7\",\"url\":\"https:\\\/\\\/algarve7.pt\\\/\",\"logo\":{\"@type\":\"ImageObject\",\"inLanguage\":\"pt-PT\",\"@id\":\"https:\\\/\\\/algarve7.pt\\\/#\\\/schema\\\/logo\\\/image\\\/\",\"url\":\"https:\\\/\\\/algarve7.pt\\\/wp-content\\\/uploads\\\/2020\\\/10\\\/Logo-8.jpg\",\"contentUrl\":\"https:\\\/\\\/algarve7.pt\\\/wp-content\\\/uploads\\\/2020\\\/10\\\/Logo-8.jpg\",\"width\":1680,\"height\":1186,\"caption\":\"Algarve 7\"},\"image\":{\"@id\":\"https:\\\/\\\/algarve7.pt\\\/#\\\/schema\\\/logo\\\/image\\\/\"},\"sameAs\":[\"https:\\\/\\\/www.facebook.com\\\/algarve7\",\"https:\\\/\\\/x.com\\\/Algarvesete\",\"https:\\\/\\\/www.instagram.com\\\/jornalalgarve7\\\/\",\"https:\\\/\\\/www.linkedin.com\\\/company\\\/algarve7\",\"https:\\\/\\\/www.pinterest.pt\\\/geral0939\\\/_created\\\/\"]},{\"@type\":\"Person\",\"@id\":\"https:\\\/\\\/algarve7.pt\\\/#\\\/schema\\\/person\\\/23fa70681308e7b319a3204bcea45e0c\",\"name\":\"Algarve 7\",\"sameAs\":[\"https:\\\/\\\/algarve7.pt\",\"https:\\\/\\\/www.facebook.com\\\/algarve7\"],\"url\":\"https:\\\/\\\/algarve7.pt\\\/index.php\\\/author\\\/geralalgarve7-pt\\\/\"}]}<\/script>\n<!-- \/ Yoast SEO plugin. -->","yoast_head_json":{"title":"\u00a0Olimp\u00edadas Jovens 2023\/2024 (2\u00aafase) em Lagoa - Algarve 7","description":"\u00a0Olimp\u00edadas Jovens 2023\/2024 (2\u00aafase) em Lagoa Desporto","robots":{"index":"index","follow":"follow","max-snippet":"max-snippet:-1","max-image-preview":"max-image-preview:large","max-video-preview":"max-video-preview:-1"},"canonical":"https:\/\/algarve7.pt\/index.php\/2024\/02\/olimpiadas-jovens-2023-2024-2afase-em-lagoa\/desporto\/15\/00\/","og_locale":"pt_PT","og_type":"article","og_title":"\u00a0Olimp\u00edadas Jovens 2023\/2024 (2\u00aafase) em Lagoa - Algarve 7","og_description":"\u00a0Olimp\u00edadas Jovens 2023\/2024 (2\u00aafase) em Lagoa Desporto","og_url":"https:\/\/algarve7.pt\/index.php\/2024\/02\/olimpiadas-jovens-2023-2024-2afase-em-lagoa\/desporto\/15\/00\/","og_site_name":"Algarve 7","article_publisher":"https:\/\/www.facebook.com\/algarve7","article_author":"https:\/\/www.facebook.com\/algarve7","article_published_time":"2024-02-15T15:00:00+00:00","og_image":[{"width":1000,"height":900,"url":"https:\/\/algarve7.pt\/wp-content\/uploads\/2024\/02\/image003.jpg","type":"image\/jpeg"}],"author":"Algarve 7","twitter_card":"summary_large_image","twitter_creator":"@Algarvesete","twitter_site":"@Algarvesete","twitter_misc":{"Escrito por":"Algarve 7","Tempo estimado de leitura":"2 minutos"},"schema":{"@context":"https:\/\/schema.org","@graph":[{"@type":"Article","@id":"https:\/\/algarve7.pt\/index.php\/2024\/02\/olimpiadas-jovens-2023-2024-2afase-em-lagoa\/desporto\/15\/00\/#article","isPartOf":{"@id":"https:\/\/algarve7.pt\/index.php\/2024\/02\/olimpiadas-jovens-2023-2024-2afase-em-lagoa\/desporto\/15\/00\/"},"author":{"name":"Algarve 7","@id":"https:\/\/algarve7.pt\/#\/schema\/person\/23fa70681308e7b319a3204bcea45e0c"},"headline":"\u00a0Olimp\u00edadas Jovens 2023\/2024 (2\u00aafase) em Lagoa","datePublished":"2024-02-15T15:00:00+00:00","mainEntityOfPage":{"@id":"https:\/\/algarve7.pt\/index.php\/2024\/02\/olimpiadas-jovens-2023-2024-2afase-em-lagoa\/desporto\/15\/00\/"},"wordCount":243,"publisher":{"@id":"https:\/\/algarve7.pt\/#organization"},"image":{"@id":"https:\/\/algarve7.pt\/index.php\/2024\/02\/olimpiadas-jovens-2023-2024-2afase-em-lagoa\/desporto\/15\/00\/#primaryimage"},"thumbnailUrl":"https:\/\/algarve7.pt\/wp-content\/uploads\/2024\/02\/image003.jpg","keywords":["Algarve","Desporto","Lagoa"],"articleSection":["Desporto"],"inLanguage":"pt-PT"},{"@type":"WebPage","@id":"https:\/\/algarve7.pt\/index.php\/2024\/02\/olimpiadas-jovens-2023-2024-2afase-em-lagoa\/desporto\/15\/00\/","url":"https:\/\/algarve7.pt\/index.php\/2024\/02\/olimpiadas-jovens-2023-2024-2afase-em-lagoa\/desporto\/15\/00\/","name":"\u00a0Olimp\u00edadas Jovens 2023\/2024 (2\u00aafase) em Lagoa - Algarve 7","isPartOf":{"@id":"https:\/\/algarve7.pt\/#website"},"primaryImageOfPage":{"@id":"https:\/\/algarve7.pt\/index.php\/2024\/02\/olimpiadas-jovens-2023-2024-2afase-em-lagoa\/desporto\/15\/00\/#primaryimage"},"image":{"@id":"https:\/\/algarve7.pt\/index.php\/2024\/02\/olimpiadas-jovens-2023-2024-2afase-em-lagoa\/desporto\/15\/00\/#primaryimage"},"thumbnailUrl":"https:\/\/algarve7.pt\/wp-content\/uploads\/2024\/02\/image003.jpg","datePublished":"2024-02-15T15:00:00+00:00","description":"\u00a0Olimp\u00edadas Jovens 2023\/2024 (2\u00aafase) em Lagoa Desporto","breadcrumb":{"@id":"https:\/\/algarve7.pt\/index.php\/2024\/02\/olimpiadas-jovens-2023-2024-2afase-em-lagoa\/desporto\/15\/00\/#breadcrumb"},"inLanguage":"pt-PT","potentialAction":[{"@type":"ReadAction","target":["https:\/\/algarve7.pt\/index.php\/2024\/02\/olimpiadas-jovens-2023-2024-2afase-em-lagoa\/desporto\/15\/00\/"]}]},{"@type":"ImageObject","inLanguage":"pt-PT","@id":"https:\/\/algarve7.pt\/index.php\/2024\/02\/olimpiadas-jovens-2023-2024-2afase-em-lagoa\/desporto\/15\/00\/#primaryimage","url":"https:\/\/algarve7.pt\/wp-content\/uploads\/2024\/02\/image003.jpg","contentUrl":"https:\/\/algarve7.pt\/wp-content\/uploads\/2024\/02\/image003.jpg","width":1000,"height":900},{"@type":"BreadcrumbList","@id":"https:\/\/algarve7.pt\/index.php\/2024\/02\/olimpiadas-jovens-2023-2024-2afase-em-lagoa\/desporto\/15\/00\/#breadcrumb","itemListElement":[{"@type":"ListItem","position":1,"name":"In\u00edcio","item":"https:\/\/algarve7.pt\/"},{"@type":"ListItem","position":2,"name":"\u00a0Olimp\u00edadas Jovens 2023\/2024 (2\u00aafase) em Lagoa"}]},{"@type":"WebSite","@id":"https:\/\/algarve7.pt\/#website","url":"https:\/\/algarve7.pt\/","name":"Algarve 7","description":"Informa\u00e7\u00e3o sobre o Algarve","publisher":{"@id":"https:\/\/algarve7.pt\/#organization"},"potentialAction":[{"@type":"SearchAction","target":{"@type":"EntryPoint","urlTemplate":"https:\/\/algarve7.pt\/?s={search_term_string}"},"query-input":{"@type":"PropertyValueSpecification","valueRequired":true,"valueName":"search_term_string"}}],"inLanguage":"pt-PT"},{"@type":"Organization","@id":"https:\/\/algarve7.pt\/#organization","name":"Algarve 7","url":"https:\/\/algarve7.pt\/","logo":{"@type":"ImageObject","inLanguage":"pt-PT","@id":"https:\/\/algarve7.pt\/#\/schema\/logo\/image\/","url":"https:\/\/algarve7.pt\/wp-content\/uploads\/2020\/10\/Logo-8.jpg","contentUrl":"https:\/\/algarve7.pt\/wp-content\/uploads\/2020\/10\/Logo-8.jpg","width":1680,"height":1186,"caption":"Algarve 7"},"image":{"@id":"https:\/\/algarve7.pt\/#\/schema\/logo\/image\/"},"sameAs":["https:\/\/www.facebook.com\/algarve7","https:\/\/x.com\/Algarvesete","https:\/\/www.instagram.com\/jornalalgarve7\/","https:\/\/www.linkedin.com\/company\/algarve7","https:\/\/www.pinterest.pt\/geral0939\/_created\/"]},{"@type":"Person","@id":"https:\/\/algarve7.pt\/#\/schema\/person\/23fa70681308e7b319a3204bcea45e0c","name":"Algarve 7","sameAs":["https:\/\/algarve7.pt","https:\/\/www.facebook.com\/algarve7"],"url":"https:\/\/algarve7.pt\/index.php\/author\/geralalgarve7-pt\/"}]}},"jetpack_publicize_connections":[],"jetpack_featured_media_url":"https:\/\/algarve7.pt\/wp-content\/uploads\/2024\/02\/image003.jpg","jetpack_shortlink":"https:\/\/wp.me\/pcezmW-9gn","jetpack_sharing_enabled":true,"_links":{"self":[{"href":"https:\/\/algarve7.pt\/index.php\/wp-json\/wp\/v2\/posts\/35611","targetHints":{"allow":["GET"]}}],"collection":[{"href":"https:\/\/algarve7.pt\/index.php\/wp-json\/wp\/v2\/posts"}],"about":[{"href":"https:\/\/algarve7.pt\/index.php\/wp-json\/wp\/v2\/types\/post"}],"author":[{"embeddable":true,"href":"https:\/\/algarve7.pt\/index.php\/wp-json\/wp\/v2\/users\/1"}],"replies":[{"embeddable":true,"href":"https:\/\/algarve7.pt\/index.php\/wp-json\/wp\/v2\/comments?post=35611"}],"version-history":[{"count":0,"href":"https:\/\/algarve7.pt\/index.php\/wp-json\/wp\/v2\/posts\/35611\/revisions"}],"wp:featuredmedia":[{"embeddable":true,"href":"https:\/\/algarve7.pt\/index.php\/wp-json\/wp\/v2\/media\/35612"}],"wp:attachment":[{"href":"https:\/\/algarve7.pt\/index.php\/wp-json\/wp\/v2\/media?parent=35611"}],"wp:term":[{"taxonomy":"category","embeddable":true,"href":"https:\/\/algarve7.pt\/index.php\/wp-json\/wp\/v2\/categories?post=35611"},{"taxonomy":"post_tag","embeddable":true,"href":"https:\/\/algarve7.pt\/index.php\/wp-json\/wp\/v2\/tags?post=35611"}],"curies":[{"name":"wp","href":"https:\/\/api.w.org\/{rel}","templated":true}]}}