{"id":35550,"date":"2024-02-13T12:11:00","date_gmt":"2024-02-13T12:11:00","guid":{"rendered":"https:\/\/algarve7.pt\/?p=35550"},"modified":"2024-02-12T21:13:14","modified_gmt":"2024-02-12T21:13:14","slug":"mostra-de-cinema-universitario-sophia-estudante-esta-de-regresso-a-albufeira-para-a-sua-10-a-edicao","status":"publish","type":"post","link":"https:\/\/algarve7.pt\/index.php\/2024\/02\/mostra-de-cinema-universitario-sophia-estudante-esta-de-regresso-a-albufeira-para-a-sua-10-a-edicao\/cultura\/12\/11\/","title":{"rendered":"Mostra de cinema universit\u00e1rio \u201csophia estudante\u201d est\u00e1 de regresso a albufeira para a sua 10.\u00aa edi\u00e7\u00e3o"},"content":{"rendered":"\n<p>De 22 a 25 de fevereiro, Albufeira acolhe, pelo terceiro ano consecutivo, a j\u00e1 t\u00e3o conhecida Mostra de Cinema Universit\u00e1rio \u201cSophia Estudante 2024\u201d. O evento, que j\u00e1 vai na sua 10.\u00aa edi\u00e7\u00e3o, \u00e9 uma iniciativa da Academia Portuguesa de Cinema \u2013 Associa\u00e7\u00e3o Portuguesa de Artes e Ci\u00eancias Cinematogr\u00e1ficas, em colabora\u00e7\u00e3o com o Munic\u00edpio de Albufeira, que visa primordialmente incutir o gosto pelo cinema e promover a s\u00e9tima arte nas camadas mais jovens da sociedade. Atrav\u00e9s da presen\u00e7a de diversos especialistas nacionais e internacionais, da realiza\u00e7\u00e3o de <em>workshops<\/em>, <em>masterclasses, <\/em>exposi\u00e7\u00e3o de cartazes, sess\u00f5es de cinema, competi\u00e7\u00e3o de curtas-metragens, entre outras atividades que ir\u00e3o ser reveladas em breve, refor\u00e7a-se que, a premissa do evento prende-se com o objetivo de motivar os jovens cineastas e estimular os institutos de ensino.<\/p>\n\n\n\n<p>O Audit\u00f3rio Municipal de Albufeira e a Galeria Municipal Jo\u00e3o Bailote v\u00e3o ser, \u00e0 semelhan\u00e7a do ano anterior, os locais de encontro para estudantes de cinema e audiovisuais provenientes de todo o pa\u00eds proporcionando uma oportunidade \u00fanica de divulga\u00e7\u00e3o dos novos talentos emergentes nesta \u00e1rea.<\/p>\n\n\n\n<p>Note-se que, durante os quatro dias, vai haver sess\u00f5es de visionamento dos filmes nomeados nas v\u00e1rias categorias do Sophia Estudante, sendo que a atribui\u00e7\u00e3o dos pr\u00e9mios vai lugar no dia 25 de fevereiro, pelas 14h30. A primeira sess\u00e3o acontece no dia 23 de fevereiro, sexta-feira, \u00e0s 11h00; e \u00e0s 18h30 decorre a segunda sess\u00e3o. Dia 24, s\u00e1bado, a terceira sess\u00e3o d\u00e1-se \u00e0s 11h00 e a \u00faltima e quarta sess\u00e3o, \u00e0s 18h30.<\/p>\n\n\n\n<p>\u201cA Mostra de Cinema Universit\u00e1rio <em>Sophia Estudante<\/em> \u00e9 uma excelente oportunidade para os nossos jovens assistirem em primeira m\u00e3o ao melhor da 7.\u00aa Arte\u201d, refere o presidente da C\u00e2mara Municipal de Albufeira. Jos\u00e9 Carlos Rolo revela que \u201c\u00e9 uma honra, enquanto autarquia, acolhermos este tipo de eventos que permitem a promo\u00e7\u00e3o da cidade de Albufeira durante todo o ano a n\u00edvel nacional e internacional, e ainda, o desenvolvimento cultural do concelho\u201d. O edil acrescenta ainda que, \u201cespera que esta edi\u00e7\u00e3o volte a ser um sucesso, \u00e0 semelhan\u00e7a dos \u00faltimos anos\u201d.<\/p>\n","protected":false},"excerpt":{"rendered":"<p>De 22 a 25 de fevereiro, Albufeira acolhe, pelo terceiro ano consecutivo, a j\u00e1 t\u00e3o conhecida Mostra de Cinema Universit\u00e1rio<\/p>\n","protected":false},"author":1,"featured_media":35551,"comment_status":"closed","ping_status":"open","sticky":false,"template":"","format":"standard","meta":{"colormag_page_container_layout":"default_layout","colormag_page_sidebar_layout":"default_layout","_monsterinsights_skip_tracking":false,"_monsterinsights_sitenote_active":false,"_monsterinsights_sitenote_note":"","_monsterinsights_sitenote_category":0,"jetpack_post_was_ever_published":false,"_jetpack_newsletter_access":"","_jetpack_dont_email_post_to_subs":false,"_jetpack_newsletter_tier_id":0,"_jetpack_memberships_contains_paywalled_content":false,"_jetpack_memberships_contains_paid_content":false,"footnotes":"","jetpack_publicize_message":"","jetpack_publicize_feature_enabled":true,"jetpack_social_post_already_shared":true,"jetpack_social_options":{"image_generator_settings":{"template":"highway","default_image_id":0,"font":"","enabled":false},"version":2}},"categories":[14],"tags":[155,36,35],"class_list":["post-35550","post","type-post","status-publish","format-standard","has-post-thumbnail","hentry","category-cultura","tag-albufeira","tag-algarve","tag-cultura"],"yoast_head":"<!-- This site is optimized with the Yoast SEO plugin v27.5 - https:\/\/yoast.com\/product\/yoast-seo-wordpress\/ -->\n<title>Mostra de cinema universit\u00e1rio \u201csophia estudante\u201d est\u00e1 de regresso a albufeira para a sua 10.\u00aa edi\u00e7\u00e3o - Algarve 7<\/title>\n<meta name=\"description\" content=\"Mostra de cinema universit\u00e1rio \u201csophia estudante\u201d est\u00e1 de regresso a albufeira para a sua 10.\u00aa edi\u00e7\u00e3o Cultura\" \/>\n<meta name=\"robots\" content=\"index, follow, max-snippet:-1, max-image-preview:large, max-video-preview:-1\" \/>\n<link rel=\"canonical\" href=\"https:\/\/algarve7.pt\/index.php\/2024\/02\/mostra-de-cinema-universitario-sophia-estudante-esta-de-regresso-a-albufeira-para-a-sua-10-a-edicao\/cultura\/12\/11\/\" \/>\n<meta property=\"og:locale\" content=\"pt_PT\" \/>\n<meta property=\"og:type\" content=\"article\" \/>\n<meta property=\"og:title\" content=\"Mostra de cinema universit\u00e1rio \u201csophia estudante\u201d est\u00e1 de regresso a albufeira para a sua 10.\u00aa edi\u00e7\u00e3o - Algarve 7\" \/>\n<meta property=\"og:description\" content=\"Mostra de cinema universit\u00e1rio \u201csophia estudante\u201d est\u00e1 de regresso a albufeira para a sua 10.\u00aa edi\u00e7\u00e3o Cultura\" \/>\n<meta property=\"og:url\" content=\"https:\/\/algarve7.pt\/index.php\/2024\/02\/mostra-de-cinema-universitario-sophia-estudante-esta-de-regresso-a-albufeira-para-a-sua-10-a-edicao\/cultura\/12\/11\/\" \/>\n<meta property=\"og:site_name\" content=\"Algarve 7\" \/>\n<meta property=\"article:publisher\" content=\"https:\/\/www.facebook.com\/algarve7\" \/>\n<meta property=\"article:author\" content=\"https:\/\/www.facebook.com\/algarve7\" \/>\n<meta property=\"article:published_time\" content=\"2024-02-13T12:11:00+00:00\" \/>\n<meta property=\"og:image\" content=\"https:\/\/algarve7.pt\/wp-content\/uploads\/2024\/02\/Final_Sophia-estudante_cartaz_Palavras.jpg\" \/>\n\t<meta property=\"og:image:width\" content=\"690\" \/>\n\t<meta property=\"og:image:height\" content=\"900\" \/>\n\t<meta property=\"og:image:type\" content=\"image\/jpeg\" \/>\n<meta name=\"author\" content=\"Algarve 7\" \/>\n<meta name=\"twitter:card\" content=\"summary_large_image\" \/>\n<meta name=\"twitter:creator\" content=\"@Algarvesete\" \/>\n<meta name=\"twitter:site\" content=\"@Algarvesete\" \/>\n<meta name=\"twitter:label1\" content=\"Escrito por\" \/>\n\t<meta name=\"twitter:data1\" content=\"Algarve 7\" \/>\n\t<meta name=\"twitter:label2\" content=\"Tempo estimado de leitura\" \/>\n\t<meta name=\"twitter:data2\" content=\"3 minutos\" \/>\n<script type=\"application\/ld+json\" class=\"yoast-schema-graph\">{\"@context\":\"https:\\\/\\\/schema.org\",\"@graph\":[{\"@type\":\"Article\",\"@id\":\"https:\\\/\\\/algarve7.pt\\\/index.php\\\/2024\\\/02\\\/mostra-de-cinema-universitario-sophia-estudante-esta-de-regresso-a-albufeira-para-a-sua-10-a-edicao\\\/cultura\\\/12\\\/11\\\/#article\",\"isPartOf\":{\"@id\":\"https:\\\/\\\/algarve7.pt\\\/index.php\\\/2024\\\/02\\\/mostra-de-cinema-universitario-sophia-estudante-esta-de-regresso-a-albufeira-para-a-sua-10-a-edicao\\\/cultura\\\/12\\\/11\\\/\"},\"author\":{\"name\":\"Algarve 7\",\"@id\":\"https:\\\/\\\/algarve7.pt\\\/#\\\/schema\\\/person\\\/23fa70681308e7b319a3204bcea45e0c\"},\"headline\":\"Mostra de cinema universit\u00e1rio \u201csophia estudante\u201d est\u00e1 de regresso a albufeira para a sua 10.\u00aa edi\u00e7\u00e3o\",\"datePublished\":\"2024-02-13T12:11:00+00:00\",\"mainEntityOfPage\":{\"@id\":\"https:\\\/\\\/algarve7.pt\\\/index.php\\\/2024\\\/02\\\/mostra-de-cinema-universitario-sophia-estudante-esta-de-regresso-a-albufeira-para-a-sua-10-a-edicao\\\/cultura\\\/12\\\/11\\\/\"},\"wordCount\":376,\"publisher\":{\"@id\":\"https:\\\/\\\/algarve7.pt\\\/#organization\"},\"image\":{\"@id\":\"https:\\\/\\\/algarve7.pt\\\/index.php\\\/2024\\\/02\\\/mostra-de-cinema-universitario-sophia-estudante-esta-de-regresso-a-albufeira-para-a-sua-10-a-edicao\\\/cultura\\\/12\\\/11\\\/#primaryimage\"},\"thumbnailUrl\":\"https:\\\/\\\/algarve7.pt\\\/wp-content\\\/uploads\\\/2024\\\/02\\\/Final_Sophia-estudante_cartaz_Palavras.jpg\",\"keywords\":[\"Albufeira\",\"Algarve\",\"Cultura\"],\"articleSection\":[\"Cultura\"],\"inLanguage\":\"pt-PT\"},{\"@type\":\"WebPage\",\"@id\":\"https:\\\/\\\/algarve7.pt\\\/index.php\\\/2024\\\/02\\\/mostra-de-cinema-universitario-sophia-estudante-esta-de-regresso-a-albufeira-para-a-sua-10-a-edicao\\\/cultura\\\/12\\\/11\\\/\",\"url\":\"https:\\\/\\\/algarve7.pt\\\/index.php\\\/2024\\\/02\\\/mostra-de-cinema-universitario-sophia-estudante-esta-de-regresso-a-albufeira-para-a-sua-10-a-edicao\\\/cultura\\\/12\\\/11\\\/\",\"name\":\"Mostra de cinema universit\u00e1rio \u201csophia estudante\u201d est\u00e1 de regresso a albufeira para a sua 10.\u00aa edi\u00e7\u00e3o - Algarve 7\",\"isPartOf\":{\"@id\":\"https:\\\/\\\/algarve7.pt\\\/#website\"},\"primaryImageOfPage\":{\"@id\":\"https:\\\/\\\/algarve7.pt\\\/index.php\\\/2024\\\/02\\\/mostra-de-cinema-universitario-sophia-estudante-esta-de-regresso-a-albufeira-para-a-sua-10-a-edicao\\\/cultura\\\/12\\\/11\\\/#primaryimage\"},\"image\":{\"@id\":\"https:\\\/\\\/algarve7.pt\\\/index.php\\\/2024\\\/02\\\/mostra-de-cinema-universitario-sophia-estudante-esta-de-regresso-a-albufeira-para-a-sua-10-a-edicao\\\/cultura\\\/12\\\/11\\\/#primaryimage\"},\"thumbnailUrl\":\"https:\\\/\\\/algarve7.pt\\\/wp-content\\\/uploads\\\/2024\\\/02\\\/Final_Sophia-estudante_cartaz_Palavras.jpg\",\"datePublished\":\"2024-02-13T12:11:00+00:00\",\"description\":\"Mostra de cinema universit\u00e1rio \u201csophia estudante\u201d est\u00e1 de regresso a albufeira para a sua 10.\u00aa edi\u00e7\u00e3o Cultura\",\"breadcrumb\":{\"@id\":\"https:\\\/\\\/algarve7.pt\\\/index.php\\\/2024\\\/02\\\/mostra-de-cinema-universitario-sophia-estudante-esta-de-regresso-a-albufeira-para-a-sua-10-a-edicao\\\/cultura\\\/12\\\/11\\\/#breadcrumb\"},\"inLanguage\":\"pt-PT\",\"potentialAction\":[{\"@type\":\"ReadAction\",\"target\":[\"https:\\\/\\\/algarve7.pt\\\/index.php\\\/2024\\\/02\\\/mostra-de-cinema-universitario-sophia-estudante-esta-de-regresso-a-albufeira-para-a-sua-10-a-edicao\\\/cultura\\\/12\\\/11\\\/\"]}]},{\"@type\":\"ImageObject\",\"inLanguage\":\"pt-PT\",\"@id\":\"https:\\\/\\\/algarve7.pt\\\/index.php\\\/2024\\\/02\\\/mostra-de-cinema-universitario-sophia-estudante-esta-de-regresso-a-albufeira-para-a-sua-10-a-edicao\\\/cultura\\\/12\\\/11\\\/#primaryimage\",\"url\":\"https:\\\/\\\/algarve7.pt\\\/wp-content\\\/uploads\\\/2024\\\/02\\\/Final_Sophia-estudante_cartaz_Palavras.jpg\",\"contentUrl\":\"https:\\\/\\\/algarve7.pt\\\/wp-content\\\/uploads\\\/2024\\\/02\\\/Final_Sophia-estudante_cartaz_Palavras.jpg\",\"width\":690,\"height\":900},{\"@type\":\"BreadcrumbList\",\"@id\":\"https:\\\/\\\/algarve7.pt\\\/index.php\\\/2024\\\/02\\\/mostra-de-cinema-universitario-sophia-estudante-esta-de-regresso-a-albufeira-para-a-sua-10-a-edicao\\\/cultura\\\/12\\\/11\\\/#breadcrumb\",\"itemListElement\":[{\"@type\":\"ListItem\",\"position\":1,\"name\":\"In\u00edcio\",\"item\":\"https:\\\/\\\/algarve7.pt\\\/\"},{\"@type\":\"ListItem\",\"position\":2,\"name\":\"Mostra de cinema universit\u00e1rio \u201csophia estudante\u201d est\u00e1 de regresso a albufeira para a sua 10.\u00aa edi\u00e7\u00e3o\"}]},{\"@type\":\"WebSite\",\"@id\":\"https:\\\/\\\/algarve7.pt\\\/#website\",\"url\":\"https:\\\/\\\/algarve7.pt\\\/\",\"name\":\"Algarve 7\",\"description\":\"Informa\u00e7\u00e3o sobre o Algarve\",\"publisher\":{\"@id\":\"https:\\\/\\\/algarve7.pt\\\/#organization\"},\"potentialAction\":[{\"@type\":\"SearchAction\",\"target\":{\"@type\":\"EntryPoint\",\"urlTemplate\":\"https:\\\/\\\/algarve7.pt\\\/?s={search_term_string}\"},\"query-input\":{\"@type\":\"PropertyValueSpecification\",\"valueRequired\":true,\"valueName\":\"search_term_string\"}}],\"inLanguage\":\"pt-PT\"},{\"@type\":\"Organization\",\"@id\":\"https:\\\/\\\/algarve7.pt\\\/#organization\",\"name\":\"Algarve 7\",\"url\":\"https:\\\/\\\/algarve7.pt\\\/\",\"logo\":{\"@type\":\"ImageObject\",\"inLanguage\":\"pt-PT\",\"@id\":\"https:\\\/\\\/algarve7.pt\\\/#\\\/schema\\\/logo\\\/image\\\/\",\"url\":\"https:\\\/\\\/algarve7.pt\\\/wp-content\\\/uploads\\\/2020\\\/10\\\/Logo-8.jpg\",\"contentUrl\":\"https:\\\/\\\/algarve7.pt\\\/wp-content\\\/uploads\\\/2020\\\/10\\\/Logo-8.jpg\",\"width\":1680,\"height\":1186,\"caption\":\"Algarve 7\"},\"image\":{\"@id\":\"https:\\\/\\\/algarve7.pt\\\/#\\\/schema\\\/logo\\\/image\\\/\"},\"sameAs\":[\"https:\\\/\\\/www.facebook.com\\\/algarve7\",\"https:\\\/\\\/x.com\\\/Algarvesete\",\"https:\\\/\\\/www.instagram.com\\\/jornalalgarve7\\\/\",\"https:\\\/\\\/www.linkedin.com\\\/company\\\/algarve7\",\"https:\\\/\\\/www.pinterest.pt\\\/geral0939\\\/_created\\\/\"]},{\"@type\":\"Person\",\"@id\":\"https:\\\/\\\/algarve7.pt\\\/#\\\/schema\\\/person\\\/23fa70681308e7b319a3204bcea45e0c\",\"name\":\"Algarve 7\",\"sameAs\":[\"https:\\\/\\\/algarve7.pt\",\"https:\\\/\\\/www.facebook.com\\\/algarve7\"],\"url\":\"https:\\\/\\\/algarve7.pt\\\/index.php\\\/author\\\/geralalgarve7-pt\\\/\"}]}<\/script>\n<!-- \/ Yoast SEO plugin. -->","yoast_head_json":{"title":"Mostra de cinema universit\u00e1rio \u201csophia estudante\u201d est\u00e1 de regresso a albufeira para a sua 10.\u00aa edi\u00e7\u00e3o - Algarve 7","description":"Mostra de cinema universit\u00e1rio \u201csophia estudante\u201d est\u00e1 de regresso a albufeira para a sua 10.\u00aa edi\u00e7\u00e3o Cultura","robots":{"index":"index","follow":"follow","max-snippet":"max-snippet:-1","max-image-preview":"max-image-preview:large","max-video-preview":"max-video-preview:-1"},"canonical":"https:\/\/algarve7.pt\/index.php\/2024\/02\/mostra-de-cinema-universitario-sophia-estudante-esta-de-regresso-a-albufeira-para-a-sua-10-a-edicao\/cultura\/12\/11\/","og_locale":"pt_PT","og_type":"article","og_title":"Mostra de cinema universit\u00e1rio \u201csophia estudante\u201d est\u00e1 de regresso a albufeira para a sua 10.\u00aa edi\u00e7\u00e3o - Algarve 7","og_description":"Mostra de cinema universit\u00e1rio \u201csophia estudante\u201d est\u00e1 de regresso a albufeira para a sua 10.\u00aa edi\u00e7\u00e3o Cultura","og_url":"https:\/\/algarve7.pt\/index.php\/2024\/02\/mostra-de-cinema-universitario-sophia-estudante-esta-de-regresso-a-albufeira-para-a-sua-10-a-edicao\/cultura\/12\/11\/","og_site_name":"Algarve 7","article_publisher":"https:\/\/www.facebook.com\/algarve7","article_author":"https:\/\/www.facebook.com\/algarve7","article_published_time":"2024-02-13T12:11:00+00:00","og_image":[{"width":690,"height":900,"url":"https:\/\/algarve7.pt\/wp-content\/uploads\/2024\/02\/Final_Sophia-estudante_cartaz_Palavras.jpg","type":"image\/jpeg"}],"author":"Algarve 7","twitter_card":"summary_large_image","twitter_creator":"@Algarvesete","twitter_site":"@Algarvesete","twitter_misc":{"Escrito por":"Algarve 7","Tempo estimado de leitura":"3 minutos"},"schema":{"@context":"https:\/\/schema.org","@graph":[{"@type":"Article","@id":"https:\/\/algarve7.pt\/index.php\/2024\/02\/mostra-de-cinema-universitario-sophia-estudante-esta-de-regresso-a-albufeira-para-a-sua-10-a-edicao\/cultura\/12\/11\/#article","isPartOf":{"@id":"https:\/\/algarve7.pt\/index.php\/2024\/02\/mostra-de-cinema-universitario-sophia-estudante-esta-de-regresso-a-albufeira-para-a-sua-10-a-edicao\/cultura\/12\/11\/"},"author":{"name":"Algarve 7","@id":"https:\/\/algarve7.pt\/#\/schema\/person\/23fa70681308e7b319a3204bcea45e0c"},"headline":"Mostra de cinema universit\u00e1rio \u201csophia estudante\u201d est\u00e1 de regresso a albufeira para a sua 10.\u00aa edi\u00e7\u00e3o","datePublished":"2024-02-13T12:11:00+00:00","mainEntityOfPage":{"@id":"https:\/\/algarve7.pt\/index.php\/2024\/02\/mostra-de-cinema-universitario-sophia-estudante-esta-de-regresso-a-albufeira-para-a-sua-10-a-edicao\/cultura\/12\/11\/"},"wordCount":376,"publisher":{"@id":"https:\/\/algarve7.pt\/#organization"},"image":{"@id":"https:\/\/algarve7.pt\/index.php\/2024\/02\/mostra-de-cinema-universitario-sophia-estudante-esta-de-regresso-a-albufeira-para-a-sua-10-a-edicao\/cultura\/12\/11\/#primaryimage"},"thumbnailUrl":"https:\/\/algarve7.pt\/wp-content\/uploads\/2024\/02\/Final_Sophia-estudante_cartaz_Palavras.jpg","keywords":["Albufeira","Algarve","Cultura"],"articleSection":["Cultura"],"inLanguage":"pt-PT"},{"@type":"WebPage","@id":"https:\/\/algarve7.pt\/index.php\/2024\/02\/mostra-de-cinema-universitario-sophia-estudante-esta-de-regresso-a-albufeira-para-a-sua-10-a-edicao\/cultura\/12\/11\/","url":"https:\/\/algarve7.pt\/index.php\/2024\/02\/mostra-de-cinema-universitario-sophia-estudante-esta-de-regresso-a-albufeira-para-a-sua-10-a-edicao\/cultura\/12\/11\/","name":"Mostra de cinema universit\u00e1rio \u201csophia estudante\u201d est\u00e1 de regresso a albufeira para a sua 10.\u00aa edi\u00e7\u00e3o - Algarve 7","isPartOf":{"@id":"https:\/\/algarve7.pt\/#website"},"primaryImageOfPage":{"@id":"https:\/\/algarve7.pt\/index.php\/2024\/02\/mostra-de-cinema-universitario-sophia-estudante-esta-de-regresso-a-albufeira-para-a-sua-10-a-edicao\/cultura\/12\/11\/#primaryimage"},"image":{"@id":"https:\/\/algarve7.pt\/index.php\/2024\/02\/mostra-de-cinema-universitario-sophia-estudante-esta-de-regresso-a-albufeira-para-a-sua-10-a-edicao\/cultura\/12\/11\/#primaryimage"},"thumbnailUrl":"https:\/\/algarve7.pt\/wp-content\/uploads\/2024\/02\/Final_Sophia-estudante_cartaz_Palavras.jpg","datePublished":"2024-02-13T12:11:00+00:00","description":"Mostra de cinema universit\u00e1rio \u201csophia estudante\u201d est\u00e1 de regresso a albufeira para a sua 10.\u00aa edi\u00e7\u00e3o Cultura","breadcrumb":{"@id":"https:\/\/algarve7.pt\/index.php\/2024\/02\/mostra-de-cinema-universitario-sophia-estudante-esta-de-regresso-a-albufeira-para-a-sua-10-a-edicao\/cultura\/12\/11\/#breadcrumb"},"inLanguage":"pt-PT","potentialAction":[{"@type":"ReadAction","target":["https:\/\/algarve7.pt\/index.php\/2024\/02\/mostra-de-cinema-universitario-sophia-estudante-esta-de-regresso-a-albufeira-para-a-sua-10-a-edicao\/cultura\/12\/11\/"]}]},{"@type":"ImageObject","inLanguage":"pt-PT","@id":"https:\/\/algarve7.pt\/index.php\/2024\/02\/mostra-de-cinema-universitario-sophia-estudante-esta-de-regresso-a-albufeira-para-a-sua-10-a-edicao\/cultura\/12\/11\/#primaryimage","url":"https:\/\/algarve7.pt\/wp-content\/uploads\/2024\/02\/Final_Sophia-estudante_cartaz_Palavras.jpg","contentUrl":"https:\/\/algarve7.pt\/wp-content\/uploads\/2024\/02\/Final_Sophia-estudante_cartaz_Palavras.jpg","width":690,"height":900},{"@type":"BreadcrumbList","@id":"https:\/\/algarve7.pt\/index.php\/2024\/02\/mostra-de-cinema-universitario-sophia-estudante-esta-de-regresso-a-albufeira-para-a-sua-10-a-edicao\/cultura\/12\/11\/#breadcrumb","itemListElement":[{"@type":"ListItem","position":1,"name":"In\u00edcio","item":"https:\/\/algarve7.pt\/"},{"@type":"ListItem","position":2,"name":"Mostra de cinema universit\u00e1rio \u201csophia estudante\u201d est\u00e1 de regresso a albufeira para a sua 10.\u00aa edi\u00e7\u00e3o"}]},{"@type":"WebSite","@id":"https:\/\/algarve7.pt\/#website","url":"https:\/\/algarve7.pt\/","name":"Algarve 7","description":"Informa\u00e7\u00e3o sobre o Algarve","publisher":{"@id":"https:\/\/algarve7.pt\/#organization"},"potentialAction":[{"@type":"SearchAction","target":{"@type":"EntryPoint","urlTemplate":"https:\/\/algarve7.pt\/?s={search_term_string}"},"query-input":{"@type":"PropertyValueSpecification","valueRequired":true,"valueName":"search_term_string"}}],"inLanguage":"pt-PT"},{"@type":"Organization","@id":"https:\/\/algarve7.pt\/#organization","name":"Algarve 7","url":"https:\/\/algarve7.pt\/","logo":{"@type":"ImageObject","inLanguage":"pt-PT","@id":"https:\/\/algarve7.pt\/#\/schema\/logo\/image\/","url":"https:\/\/algarve7.pt\/wp-content\/uploads\/2020\/10\/Logo-8.jpg","contentUrl":"https:\/\/algarve7.pt\/wp-content\/uploads\/2020\/10\/Logo-8.jpg","width":1680,"height":1186,"caption":"Algarve 7"},"image":{"@id":"https:\/\/algarve7.pt\/#\/schema\/logo\/image\/"},"sameAs":["https:\/\/www.facebook.com\/algarve7","https:\/\/x.com\/Algarvesete","https:\/\/www.instagram.com\/jornalalgarve7\/","https:\/\/www.linkedin.com\/company\/algarve7","https:\/\/www.pinterest.pt\/geral0939\/_created\/"]},{"@type":"Person","@id":"https:\/\/algarve7.pt\/#\/schema\/person\/23fa70681308e7b319a3204bcea45e0c","name":"Algarve 7","sameAs":["https:\/\/algarve7.pt","https:\/\/www.facebook.com\/algarve7"],"url":"https:\/\/algarve7.pt\/index.php\/author\/geralalgarve7-pt\/"}]}},"jetpack_publicize_connections":[],"jetpack_featured_media_url":"https:\/\/algarve7.pt\/wp-content\/uploads\/2024\/02\/Final_Sophia-estudante_cartaz_Palavras.jpg","jetpack_shortlink":"https:\/\/wp.me\/pcezmW-9fo","jetpack_sharing_enabled":true,"_links":{"self":[{"href":"https:\/\/algarve7.pt\/index.php\/wp-json\/wp\/v2\/posts\/35550","targetHints":{"allow":["GET"]}}],"collection":[{"href":"https:\/\/algarve7.pt\/index.php\/wp-json\/wp\/v2\/posts"}],"about":[{"href":"https:\/\/algarve7.pt\/index.php\/wp-json\/wp\/v2\/types\/post"}],"author":[{"embeddable":true,"href":"https:\/\/algarve7.pt\/index.php\/wp-json\/wp\/v2\/users\/1"}],"replies":[{"embeddable":true,"href":"https:\/\/algarve7.pt\/index.php\/wp-json\/wp\/v2\/comments?post=35550"}],"version-history":[{"count":0,"href":"https:\/\/algarve7.pt\/index.php\/wp-json\/wp\/v2\/posts\/35550\/revisions"}],"wp:featuredmedia":[{"embeddable":true,"href":"https:\/\/algarve7.pt\/index.php\/wp-json\/wp\/v2\/media\/35551"}],"wp:attachment":[{"href":"https:\/\/algarve7.pt\/index.php\/wp-json\/wp\/v2\/media?parent=35550"}],"wp:term":[{"taxonomy":"category","embeddable":true,"href":"https:\/\/algarve7.pt\/index.php\/wp-json\/wp\/v2\/categories?post=35550"},{"taxonomy":"post_tag","embeddable":true,"href":"https:\/\/algarve7.pt\/index.php\/wp-json\/wp\/v2\/tags?post=35550"}],"curies":[{"name":"wp","href":"https:\/\/api.w.org\/{rel}","templated":true}]}}