{"id":35517,"date":"2024-02-10T20:16:25","date_gmt":"2024-02-10T20:16:25","guid":{"rendered":"https:\/\/algarve7.pt\/index.php\/2024\/02\/10\/desfile-do-carnaval-de-loule-no-domingo-gordo-cancelado\/20\/16\/atualidade"},"modified":"2024-02-10T20:16:25","modified_gmt":"2024-02-10T20:16:25","slug":"desfile-do-carnaval-de-loule-no-domingo-gordo-cancelado","status":"publish","type":"post","link":"https:\/\/algarve7.pt\/index.php\/2024\/02\/desfile-do-carnaval-de-loule-no-domingo-gordo-cancelado\/atualidade\/20\/16\/","title":{"rendered":"Desfile do Carnaval de Loul\u00e9 no domingo gordo  cancelado"},"content":{"rendered":"\n<p>Ap\u00f3s consulta a v\u00e1rias entidades ligadas \u00e0 previs\u00e3o meteorol\u00f3gica, a C\u00e2mara Municipal de Loul\u00e9 decidiu cancelar o primeiro dia do desfile do Carnaval de Loul\u00e9 2024, marcado para este domingo, 11 de fevereiro, a partir das 15h00, na Avenida Jos\u00e9 da Costa Mealha.<\/p>\n\n\n\n<p>Segundo a organiza\u00e7\u00e3o do evento, mesmo que durante a tarde o tempo melhore, a chuva prevista para os momentos que antecedem o arranque do desfile poderia p\u00f4r em causa toda a log\u00edstica do corso, em particular os trajes e decora\u00e7\u00f5es. Isto porque os carros aleg\u00f3ricos precisam de estar a postos algum tempo antes do in\u00edcio da festa e,sendo estes decorados com flores de papel, poderiam ficar danificados com a chuva, estragando o trabalho realizado nas \u00faltimas semanas e comprometendo os dois outros dias de desfile.&nbsp;<\/p>\n\n\n\n<p>\u00c9 para evitar que a festa fique estragada nos tr\u00eas dias, que os 14 carros aleg\u00f3ricos e 600 figurantes que este ano trazem o tema \u201c\u00c0 descoberta dos ODS\u201d saem \u00e0 rua apenas na segunda-feira e ter\u00e7a-feira de Carnaval, este \u00faltimo dia o ponto alto dos&nbsp;festejos.<\/p>\n\n\n\n<p>De referir que quem adquiriu bilhete para domingo poder\u00e1 us\u00e1-lo nos dois dias subsequentes.<\/p>\n\n\n\n<p>A Autarquia apela \u00e0 compreens\u00e3o de todos e aguarda a presen\u00e7a de muitos foli\u00f5es nos dias 12 e 13 de fevereiro para um Carnaval repleto de momentos de alegria e de divers\u00e3o.<\/p>\n","protected":false},"excerpt":{"rendered":"<p>Ap\u00f3s consulta a v\u00e1rias entidades ligadas \u00e0 previs\u00e3o meteorol\u00f3gica, a C\u00e2mara Municipal de Loul\u00e9 decidiu cancelar o primeiro dia do<\/p>\n","protected":false},"author":1,"featured_media":35516,"comment_status":"open","ping_status":"open","sticky":false,"template":"","format":"standard","meta":{"colormag_page_container_layout":"default_layout","colormag_page_sidebar_layout":"default_layout","_monsterinsights_skip_tracking":false,"_monsterinsights_sitenote_active":false,"_monsterinsights_sitenote_note":"","_monsterinsights_sitenote_category":0,"jetpack_post_was_ever_published":false,"_jetpack_newsletter_access":"","_jetpack_dont_email_post_to_subs":false,"_jetpack_newsletter_tier_id":0,"_jetpack_memberships_contains_paywalled_content":false,"_jetpack_memberships_contains_paid_content":false,"footnotes":"","jetpack_publicize_message":"","jetpack_publicize_feature_enabled":true,"jetpack_social_post_already_shared":true,"jetpack_social_options":{"image_generator_settings":{"template":"highway","default_image_id":0,"font":"","enabled":false},"version":2}},"categories":[11],"tags":[36,187,35,31],"class_list":["post-35517","post","type-post","status-publish","format-standard","has-post-thumbnail","hentry","category-atualidade","tag-algarve","tag-carnaval","tag-cultura","tag-loule"],"yoast_head":"<!-- This site is optimized with the Yoast SEO plugin v27.5 - https:\/\/yoast.com\/product\/yoast-seo-wordpress\/ -->\n<title>Desfile do Carnaval de Loul\u00e9 no domingo gordo cancelado - Algarve 7<\/title>\n<meta name=\"description\" content=\"Desfile do Carnaval de Loul\u00e9 no domingo gordo cancelado\" \/>\n<meta name=\"robots\" content=\"index, follow, max-snippet:-1, max-image-preview:large, max-video-preview:-1\" \/>\n<link rel=\"canonical\" href=\"https:\/\/algarve7.pt\/index.php\/2024\/02\/desfile-do-carnaval-de-loule-no-domingo-gordo-cancelado\/atualidade\/20\/16\/\" \/>\n<meta property=\"og:locale\" content=\"pt_PT\" \/>\n<meta property=\"og:type\" content=\"article\" \/>\n<meta property=\"og:title\" content=\"Desfile do Carnaval de Loul\u00e9 no domingo gordo cancelado - Algarve 7\" \/>\n<meta property=\"og:description\" content=\"Desfile do Carnaval de Loul\u00e9 no domingo gordo cancelado\" \/>\n<meta property=\"og:url\" content=\"https:\/\/algarve7.pt\/index.php\/2024\/02\/desfile-do-carnaval-de-loule-no-domingo-gordo-cancelado\/atualidade\/20\/16\/\" \/>\n<meta property=\"og:site_name\" content=\"Algarve 7\" \/>\n<meta property=\"article:publisher\" content=\"https:\/\/www.facebook.com\/algarve7\" \/>\n<meta property=\"article:author\" content=\"https:\/\/www.facebook.com\/algarve7\" \/>\n<meta property=\"article:published_time\" content=\"2024-02-10T20:16:25+00:00\" \/>\n<meta property=\"og:image\" content=\"https:\/\/algarve7.pt\/wp-content\/uploads\/2024\/02\/carnaval_2019-5-1.jpg\" \/>\n\t<meta property=\"og:image:width\" content=\"1200\" \/>\n\t<meta property=\"og:image:height\" content=\"800\" \/>\n\t<meta property=\"og:image:type\" content=\"image\/jpeg\" \/>\n<meta name=\"author\" content=\"Algarve 7\" \/>\n<meta name=\"twitter:card\" content=\"summary_large_image\" \/>\n<meta name=\"twitter:creator\" content=\"@Algarvesete\" \/>\n<meta name=\"twitter:site\" content=\"@Algarvesete\" \/>\n<meta name=\"twitter:label1\" content=\"Escrito por\" \/>\n\t<meta name=\"twitter:data1\" content=\"Algarve 7\" \/>\n\t<meta name=\"twitter:label2\" content=\"Tempo estimado de leitura\" \/>\n\t<meta name=\"twitter:data2\" content=\"1 minuto\" \/>\n<script type=\"application\/ld+json\" class=\"yoast-schema-graph\">{\"@context\":\"https:\\\/\\\/schema.org\",\"@graph\":[{\"@type\":\"Article\",\"@id\":\"https:\\\/\\\/algarve7.pt\\\/index.php\\\/2024\\\/02\\\/desfile-do-carnaval-de-loule-no-domingo-gordo-cancelado\\\/atualidade\\\/20\\\/16\\\/#article\",\"isPartOf\":{\"@id\":\"https:\\\/\\\/algarve7.pt\\\/index.php\\\/2024\\\/02\\\/desfile-do-carnaval-de-loule-no-domingo-gordo-cancelado\\\/atualidade\\\/20\\\/16\\\/\"},\"author\":{\"name\":\"Algarve 7\",\"@id\":\"https:\\\/\\\/algarve7.pt\\\/#\\\/schema\\\/person\\\/23fa70681308e7b319a3204bcea45e0c\"},\"headline\":\"Desfile do Carnaval de Loul\u00e9 no domingo gordo cancelado\",\"datePublished\":\"2024-02-10T20:16:25+00:00\",\"mainEntityOfPage\":{\"@id\":\"https:\\\/\\\/algarve7.pt\\\/index.php\\\/2024\\\/02\\\/desfile-do-carnaval-de-loule-no-domingo-gordo-cancelado\\\/atualidade\\\/20\\\/16\\\/\"},\"wordCount\":241,\"commentCount\":0,\"publisher\":{\"@id\":\"https:\\\/\\\/algarve7.pt\\\/#organization\"},\"image\":{\"@id\":\"https:\\\/\\\/algarve7.pt\\\/index.php\\\/2024\\\/02\\\/desfile-do-carnaval-de-loule-no-domingo-gordo-cancelado\\\/atualidade\\\/20\\\/16\\\/#primaryimage\"},\"thumbnailUrl\":\"https:\\\/\\\/algarve7.pt\\\/wp-content\\\/uploads\\\/2024\\\/02\\\/carnaval_2019-5-1.jpg\",\"keywords\":[\"Algarve\",\"Carnaval\",\"Cultura\",\"Loul\u00e9\"],\"articleSection\":[\"Atualidade\"],\"inLanguage\":\"pt-PT\",\"potentialAction\":[{\"@type\":\"CommentAction\",\"name\":\"Comment\",\"target\":[\"https:\\\/\\\/algarve7.pt\\\/index.php\\\/2024\\\/02\\\/desfile-do-carnaval-de-loule-no-domingo-gordo-cancelado\\\/atualidade\\\/20\\\/16\\\/#respond\"]}]},{\"@type\":\"WebPage\",\"@id\":\"https:\\\/\\\/algarve7.pt\\\/index.php\\\/2024\\\/02\\\/desfile-do-carnaval-de-loule-no-domingo-gordo-cancelado\\\/atualidade\\\/20\\\/16\\\/\",\"url\":\"https:\\\/\\\/algarve7.pt\\\/index.php\\\/2024\\\/02\\\/desfile-do-carnaval-de-loule-no-domingo-gordo-cancelado\\\/atualidade\\\/20\\\/16\\\/\",\"name\":\"Desfile do Carnaval de Loul\u00e9 no domingo gordo cancelado - Algarve 7\",\"isPartOf\":{\"@id\":\"https:\\\/\\\/algarve7.pt\\\/#website\"},\"primaryImageOfPage\":{\"@id\":\"https:\\\/\\\/algarve7.pt\\\/index.php\\\/2024\\\/02\\\/desfile-do-carnaval-de-loule-no-domingo-gordo-cancelado\\\/atualidade\\\/20\\\/16\\\/#primaryimage\"},\"image\":{\"@id\":\"https:\\\/\\\/algarve7.pt\\\/index.php\\\/2024\\\/02\\\/desfile-do-carnaval-de-loule-no-domingo-gordo-cancelado\\\/atualidade\\\/20\\\/16\\\/#primaryimage\"},\"thumbnailUrl\":\"https:\\\/\\\/algarve7.pt\\\/wp-content\\\/uploads\\\/2024\\\/02\\\/carnaval_2019-5-1.jpg\",\"datePublished\":\"2024-02-10T20:16:25+00:00\",\"description\":\"Desfile do Carnaval de Loul\u00e9 no domingo gordo cancelado\",\"breadcrumb\":{\"@id\":\"https:\\\/\\\/algarve7.pt\\\/index.php\\\/2024\\\/02\\\/desfile-do-carnaval-de-loule-no-domingo-gordo-cancelado\\\/atualidade\\\/20\\\/16\\\/#breadcrumb\"},\"inLanguage\":\"pt-PT\",\"potentialAction\":[{\"@type\":\"ReadAction\",\"target\":[\"https:\\\/\\\/algarve7.pt\\\/index.php\\\/2024\\\/02\\\/desfile-do-carnaval-de-loule-no-domingo-gordo-cancelado\\\/atualidade\\\/20\\\/16\\\/\"]}]},{\"@type\":\"ImageObject\",\"inLanguage\":\"pt-PT\",\"@id\":\"https:\\\/\\\/algarve7.pt\\\/index.php\\\/2024\\\/02\\\/desfile-do-carnaval-de-loule-no-domingo-gordo-cancelado\\\/atualidade\\\/20\\\/16\\\/#primaryimage\",\"url\":\"https:\\\/\\\/algarve7.pt\\\/wp-content\\\/uploads\\\/2024\\\/02\\\/carnaval_2019-5-1.jpg\",\"contentUrl\":\"https:\\\/\\\/algarve7.pt\\\/wp-content\\\/uploads\\\/2024\\\/02\\\/carnaval_2019-5-1.jpg\",\"width\":1200,\"height\":800},{\"@type\":\"BreadcrumbList\",\"@id\":\"https:\\\/\\\/algarve7.pt\\\/index.php\\\/2024\\\/02\\\/desfile-do-carnaval-de-loule-no-domingo-gordo-cancelado\\\/atualidade\\\/20\\\/16\\\/#breadcrumb\",\"itemListElement\":[{\"@type\":\"ListItem\",\"position\":1,\"name\":\"In\u00edcio\",\"item\":\"https:\\\/\\\/algarve7.pt\\\/\"},{\"@type\":\"ListItem\",\"position\":2,\"name\":\"Desfile do Carnaval de Loul\u00e9 no domingo gordo cancelado\"}]},{\"@type\":\"WebSite\",\"@id\":\"https:\\\/\\\/algarve7.pt\\\/#website\",\"url\":\"https:\\\/\\\/algarve7.pt\\\/\",\"name\":\"Algarve 7\",\"description\":\"Informa\u00e7\u00e3o sobre o Algarve\",\"publisher\":{\"@id\":\"https:\\\/\\\/algarve7.pt\\\/#organization\"},\"potentialAction\":[{\"@type\":\"SearchAction\",\"target\":{\"@type\":\"EntryPoint\",\"urlTemplate\":\"https:\\\/\\\/algarve7.pt\\\/?s={search_term_string}\"},\"query-input\":{\"@type\":\"PropertyValueSpecification\",\"valueRequired\":true,\"valueName\":\"search_term_string\"}}],\"inLanguage\":\"pt-PT\"},{\"@type\":\"Organization\",\"@id\":\"https:\\\/\\\/algarve7.pt\\\/#organization\",\"name\":\"Algarve 7\",\"url\":\"https:\\\/\\\/algarve7.pt\\\/\",\"logo\":{\"@type\":\"ImageObject\",\"inLanguage\":\"pt-PT\",\"@id\":\"https:\\\/\\\/algarve7.pt\\\/#\\\/schema\\\/logo\\\/image\\\/\",\"url\":\"https:\\\/\\\/algarve7.pt\\\/wp-content\\\/uploads\\\/2020\\\/10\\\/Logo-8.jpg\",\"contentUrl\":\"https:\\\/\\\/algarve7.pt\\\/wp-content\\\/uploads\\\/2020\\\/10\\\/Logo-8.jpg\",\"width\":1680,\"height\":1186,\"caption\":\"Algarve 7\"},\"image\":{\"@id\":\"https:\\\/\\\/algarve7.pt\\\/#\\\/schema\\\/logo\\\/image\\\/\"},\"sameAs\":[\"https:\\\/\\\/www.facebook.com\\\/algarve7\",\"https:\\\/\\\/x.com\\\/Algarvesete\",\"https:\\\/\\\/www.instagram.com\\\/jornalalgarve7\\\/\",\"https:\\\/\\\/www.linkedin.com\\\/company\\\/algarve7\",\"https:\\\/\\\/www.pinterest.pt\\\/geral0939\\\/_created\\\/\"]},{\"@type\":\"Person\",\"@id\":\"https:\\\/\\\/algarve7.pt\\\/#\\\/schema\\\/person\\\/23fa70681308e7b319a3204bcea45e0c\",\"name\":\"Algarve 7\",\"sameAs\":[\"https:\\\/\\\/algarve7.pt\",\"https:\\\/\\\/www.facebook.com\\\/algarve7\"],\"url\":\"https:\\\/\\\/algarve7.pt\\\/index.php\\\/author\\\/geralalgarve7-pt\\\/\"}]}<\/script>\n<!-- \/ Yoast SEO plugin. -->","yoast_head_json":{"title":"Desfile do Carnaval de Loul\u00e9 no domingo gordo cancelado - Algarve 7","description":"Desfile do Carnaval de Loul\u00e9 no domingo gordo cancelado","robots":{"index":"index","follow":"follow","max-snippet":"max-snippet:-1","max-image-preview":"max-image-preview:large","max-video-preview":"max-video-preview:-1"},"canonical":"https:\/\/algarve7.pt\/index.php\/2024\/02\/desfile-do-carnaval-de-loule-no-domingo-gordo-cancelado\/atualidade\/20\/16\/","og_locale":"pt_PT","og_type":"article","og_title":"Desfile do Carnaval de Loul\u00e9 no domingo gordo cancelado - Algarve 7","og_description":"Desfile do Carnaval de Loul\u00e9 no domingo gordo cancelado","og_url":"https:\/\/algarve7.pt\/index.php\/2024\/02\/desfile-do-carnaval-de-loule-no-domingo-gordo-cancelado\/atualidade\/20\/16\/","og_site_name":"Algarve 7","article_publisher":"https:\/\/www.facebook.com\/algarve7","article_author":"https:\/\/www.facebook.com\/algarve7","article_published_time":"2024-02-10T20:16:25+00:00","og_image":[{"width":1200,"height":800,"url":"https:\/\/algarve7.pt\/wp-content\/uploads\/2024\/02\/carnaval_2019-5-1.jpg","type":"image\/jpeg"}],"author":"Algarve 7","twitter_card":"summary_large_image","twitter_creator":"@Algarvesete","twitter_site":"@Algarvesete","twitter_misc":{"Escrito por":"Algarve 7","Tempo estimado de leitura":"1 minuto"},"schema":{"@context":"https:\/\/schema.org","@graph":[{"@type":"Article","@id":"https:\/\/algarve7.pt\/index.php\/2024\/02\/desfile-do-carnaval-de-loule-no-domingo-gordo-cancelado\/atualidade\/20\/16\/#article","isPartOf":{"@id":"https:\/\/algarve7.pt\/index.php\/2024\/02\/desfile-do-carnaval-de-loule-no-domingo-gordo-cancelado\/atualidade\/20\/16\/"},"author":{"name":"Algarve 7","@id":"https:\/\/algarve7.pt\/#\/schema\/person\/23fa70681308e7b319a3204bcea45e0c"},"headline":"Desfile do Carnaval de Loul\u00e9 no domingo gordo cancelado","datePublished":"2024-02-10T20:16:25+00:00","mainEntityOfPage":{"@id":"https:\/\/algarve7.pt\/index.php\/2024\/02\/desfile-do-carnaval-de-loule-no-domingo-gordo-cancelado\/atualidade\/20\/16\/"},"wordCount":241,"commentCount":0,"publisher":{"@id":"https:\/\/algarve7.pt\/#organization"},"image":{"@id":"https:\/\/algarve7.pt\/index.php\/2024\/02\/desfile-do-carnaval-de-loule-no-domingo-gordo-cancelado\/atualidade\/20\/16\/#primaryimage"},"thumbnailUrl":"https:\/\/algarve7.pt\/wp-content\/uploads\/2024\/02\/carnaval_2019-5-1.jpg","keywords":["Algarve","Carnaval","Cultura","Loul\u00e9"],"articleSection":["Atualidade"],"inLanguage":"pt-PT","potentialAction":[{"@type":"CommentAction","name":"Comment","target":["https:\/\/algarve7.pt\/index.php\/2024\/02\/desfile-do-carnaval-de-loule-no-domingo-gordo-cancelado\/atualidade\/20\/16\/#respond"]}]},{"@type":"WebPage","@id":"https:\/\/algarve7.pt\/index.php\/2024\/02\/desfile-do-carnaval-de-loule-no-domingo-gordo-cancelado\/atualidade\/20\/16\/","url":"https:\/\/algarve7.pt\/index.php\/2024\/02\/desfile-do-carnaval-de-loule-no-domingo-gordo-cancelado\/atualidade\/20\/16\/","name":"Desfile do Carnaval de Loul\u00e9 no domingo gordo cancelado - Algarve 7","isPartOf":{"@id":"https:\/\/algarve7.pt\/#website"},"primaryImageOfPage":{"@id":"https:\/\/algarve7.pt\/index.php\/2024\/02\/desfile-do-carnaval-de-loule-no-domingo-gordo-cancelado\/atualidade\/20\/16\/#primaryimage"},"image":{"@id":"https:\/\/algarve7.pt\/index.php\/2024\/02\/desfile-do-carnaval-de-loule-no-domingo-gordo-cancelado\/atualidade\/20\/16\/#primaryimage"},"thumbnailUrl":"https:\/\/algarve7.pt\/wp-content\/uploads\/2024\/02\/carnaval_2019-5-1.jpg","datePublished":"2024-02-10T20:16:25+00:00","description":"Desfile do Carnaval de Loul\u00e9 no domingo gordo cancelado","breadcrumb":{"@id":"https:\/\/algarve7.pt\/index.php\/2024\/02\/desfile-do-carnaval-de-loule-no-domingo-gordo-cancelado\/atualidade\/20\/16\/#breadcrumb"},"inLanguage":"pt-PT","potentialAction":[{"@type":"ReadAction","target":["https:\/\/algarve7.pt\/index.php\/2024\/02\/desfile-do-carnaval-de-loule-no-domingo-gordo-cancelado\/atualidade\/20\/16\/"]}]},{"@type":"ImageObject","inLanguage":"pt-PT","@id":"https:\/\/algarve7.pt\/index.php\/2024\/02\/desfile-do-carnaval-de-loule-no-domingo-gordo-cancelado\/atualidade\/20\/16\/#primaryimage","url":"https:\/\/algarve7.pt\/wp-content\/uploads\/2024\/02\/carnaval_2019-5-1.jpg","contentUrl":"https:\/\/algarve7.pt\/wp-content\/uploads\/2024\/02\/carnaval_2019-5-1.jpg","width":1200,"height":800},{"@type":"BreadcrumbList","@id":"https:\/\/algarve7.pt\/index.php\/2024\/02\/desfile-do-carnaval-de-loule-no-domingo-gordo-cancelado\/atualidade\/20\/16\/#breadcrumb","itemListElement":[{"@type":"ListItem","position":1,"name":"In\u00edcio","item":"https:\/\/algarve7.pt\/"},{"@type":"ListItem","position":2,"name":"Desfile do Carnaval de Loul\u00e9 no domingo gordo cancelado"}]},{"@type":"WebSite","@id":"https:\/\/algarve7.pt\/#website","url":"https:\/\/algarve7.pt\/","name":"Algarve 7","description":"Informa\u00e7\u00e3o sobre o Algarve","publisher":{"@id":"https:\/\/algarve7.pt\/#organization"},"potentialAction":[{"@type":"SearchAction","target":{"@type":"EntryPoint","urlTemplate":"https:\/\/algarve7.pt\/?s={search_term_string}"},"query-input":{"@type":"PropertyValueSpecification","valueRequired":true,"valueName":"search_term_string"}}],"inLanguage":"pt-PT"},{"@type":"Organization","@id":"https:\/\/algarve7.pt\/#organization","name":"Algarve 7","url":"https:\/\/algarve7.pt\/","logo":{"@type":"ImageObject","inLanguage":"pt-PT","@id":"https:\/\/algarve7.pt\/#\/schema\/logo\/image\/","url":"https:\/\/algarve7.pt\/wp-content\/uploads\/2020\/10\/Logo-8.jpg","contentUrl":"https:\/\/algarve7.pt\/wp-content\/uploads\/2020\/10\/Logo-8.jpg","width":1680,"height":1186,"caption":"Algarve 7"},"image":{"@id":"https:\/\/algarve7.pt\/#\/schema\/logo\/image\/"},"sameAs":["https:\/\/www.facebook.com\/algarve7","https:\/\/x.com\/Algarvesete","https:\/\/www.instagram.com\/jornalalgarve7\/","https:\/\/www.linkedin.com\/company\/algarve7","https:\/\/www.pinterest.pt\/geral0939\/_created\/"]},{"@type":"Person","@id":"https:\/\/algarve7.pt\/#\/schema\/person\/23fa70681308e7b319a3204bcea45e0c","name":"Algarve 7","sameAs":["https:\/\/algarve7.pt","https:\/\/www.facebook.com\/algarve7"],"url":"https:\/\/algarve7.pt\/index.php\/author\/geralalgarve7-pt\/"}]}},"jetpack_publicize_connections":[],"jetpack_featured_media_url":"https:\/\/algarve7.pt\/wp-content\/uploads\/2024\/02\/carnaval_2019-5-1.jpg","jetpack_shortlink":"https:\/\/wp.me\/pcezmW-9eR","jetpack_sharing_enabled":true,"_links":{"self":[{"href":"https:\/\/algarve7.pt\/index.php\/wp-json\/wp\/v2\/posts\/35517","targetHints":{"allow":["GET"]}}],"collection":[{"href":"https:\/\/algarve7.pt\/index.php\/wp-json\/wp\/v2\/posts"}],"about":[{"href":"https:\/\/algarve7.pt\/index.php\/wp-json\/wp\/v2\/types\/post"}],"author":[{"embeddable":true,"href":"https:\/\/algarve7.pt\/index.php\/wp-json\/wp\/v2\/users\/1"}],"replies":[{"embeddable":true,"href":"https:\/\/algarve7.pt\/index.php\/wp-json\/wp\/v2\/comments?post=35517"}],"version-history":[{"count":0,"href":"https:\/\/algarve7.pt\/index.php\/wp-json\/wp\/v2\/posts\/35517\/revisions"}],"wp:featuredmedia":[{"embeddable":true,"href":"https:\/\/algarve7.pt\/index.php\/wp-json\/wp\/v2\/media\/35516"}],"wp:attachment":[{"href":"https:\/\/algarve7.pt\/index.php\/wp-json\/wp\/v2\/media?parent=35517"}],"wp:term":[{"taxonomy":"category","embeddable":true,"href":"https:\/\/algarve7.pt\/index.php\/wp-json\/wp\/v2\/categories?post=35517"},{"taxonomy":"post_tag","embeddable":true,"href":"https:\/\/algarve7.pt\/index.php\/wp-json\/wp\/v2\/tags?post=35517"}],"curies":[{"name":"wp","href":"https:\/\/api.w.org\/{rel}","templated":true}]}}