{"id":35501,"date":"2024-02-10T13:29:00","date_gmt":"2024-02-10T13:29:00","guid":{"rendered":"https:\/\/algarve7.pt\/?p=35501"},"modified":"2024-02-09T16:33:03","modified_gmt":"2024-02-09T16:33:03","slug":"subsidios-de-desemprego-parental-e-doenca-lideram-queixas-dos-contribuintes-a-seguranca-social","status":"publish","type":"post","link":"https:\/\/algarve7.pt\/index.php\/2024\/02\/subsidios-de-desemprego-parental-e-doenca-lideram-queixas-dos-contribuintes-a-seguranca-social\/nacional\/13\/29\/","title":{"rendered":"Subs\u00eddios de desemprego, parental e doen\u00e7a lideram queixas dos contribuintes \u00e0 Seguran\u00e7a Social"},"content":{"rendered":"\n<p><strong>Os subs\u00eddios de desemprego, parental, doen\u00e7a e reforma s\u00e3o os que&nbsp;geram mais reclama\u00e7\u00f5es dos cidad\u00e3os contra a Seguran\u00e7a Social. Falta\/demora na resposta, atraso no pagamento, solicita\u00e7\u00e3o indeferida e erro nos valores s\u00e3o os principais motivos apontados pelos contribuintes. Contudo, no ano passado, o n\u00famero de casos reportados no Portal da Queixa registou uma descida de 9%, face a 2022.&nbsp;<\/strong><\/p>\n\n\n\n<p>A Seguran\u00e7a Social \u00e9 uma das entidades p\u00fablicas que mais reclama\u00e7\u00f5es recebe dos portugueses no Portal da Queixa. Contudo, em 2023, o organismo registou&nbsp;<strong>uma descida no n\u00famero que ocorr\u00eancias<\/strong>&nbsp;publicadas pelos contribuintes na plataforma. No&nbsp;ano passado, foi registado um total de 1.136 reclama\u00e7\u00f5es, o que indica&nbsp;uma&nbsp;<strong>redu\u00e7\u00e3o na ordem dos 9%<\/strong>&nbsp;em compara\u00e7\u00e3o com o ano de 2022, onde se observaram 1.248 queixas.&nbsp;<\/p>\n\n\n\n<p>Segundo aferiu a an\u00e1lise, a tend\u00eancia decrescente parece manter-se em 2024. De janeiro a 7 de fevereiro deste ano, o Portal da Queixa contabilizou j\u00e1 118 reclama\u00e7\u00f5es dirigidas \u00e0 Seguran\u00e7a Social, sendo que, no mesmo per\u00edodo hom\u00f3logo de 2023, verificaram-se&nbsp;158 participa\u00e7\u00f5es e, em 2022, foram registadas 170.&nbsp;<\/p>\n\n\n\n<p>Este ano, entre os apoios\/subs\u00eddios mais reclamados pelos contribuintes, est\u00e3o no topo da tabela:&nbsp;o subs\u00eddio de desemprego, a&nbsp;ocupar&nbsp;uma fatia de 22.2% das queixas, seguindo-se o subs\u00eddio parental, a recolher 12.7% das reclama\u00e7\u00f5es e o subs\u00eddio de doen\u00e7a, a gerar 12,3%.&nbsp;<\/p>\n\n\n\n<p>A reforma \u00e9 o quarto apoio da Seguran\u00e7a Social mais visado pelos portugueses, a absorver 11,1% das reclama\u00e7\u00f5es. J\u00e1 o complemento solid\u00e1rio para idosos, acolhe 7,9% das participa\u00e7\u00f5es registadas. A&nbsp;pens\u00e3o de sobreviv\u00eancia e a presta\u00e7\u00e3o social para a inclus\u00e3o, pesam, cada uma,&nbsp;4.8% das queixas.<\/p>\n\n\n\n<p>De acordo com os dados do Portal da Queixa, entre os principais motivos de reclama\u00e7\u00e3o, em 2024, est\u00e3o:&nbsp;<strong>Falta\/Demora para responder (43.6%); Atraso no pagamento (19.8%); Solicita\u00e7\u00e3o indeferida (14.9%)<\/strong>; Erro nos valores (11.9%); Mau atendimento (5%) e Problemas na obten\u00e7\u00e3o do NISS (4%).&nbsp;<\/p>\n\n\n\n<p><strong>Seguran\u00e7a Social com baixos indicadores de performance&nbsp;<\/strong><\/p>\n\n\n\n<p>Apesar da redu\u00e7\u00e3o do n\u00famero de reclama\u00e7\u00f5es dirigidas \u00e0\u00a0Seguran\u00e7a Social, a entidade continua a registar no Portal da Queixa baixos indicadores de performance no que se refere \u00e0 resposta dada aos problemas que lhe s\u00e3o reportados pelos cidad\u00e3os. A entidade tem um \u00cdndice de Satisfa\u00e7\u00e3o (IS) avaliado pelos consumidores em 14.8 (em 100), uma Taxa de Resposta de 13.3% e uma Taxa de Solu\u00e7\u00e3o de 13.8%. A reputa\u00e7\u00e3o da entidade \u00e9 \u201cInsatisfat\u00f3ria\u201d.\u00a0<\/p>\n\n\n\n<p>Fonte: Portal da queixa<\/p>\n","protected":false},"excerpt":{"rendered":"<p>Os subs\u00eddios de desemprego, parental, doen\u00e7a e reforma s\u00e3o os que&nbsp;geram mais reclama\u00e7\u00f5es dos cidad\u00e3os contra a Seguran\u00e7a Social. Falta\/demora<\/p>\n","protected":false},"author":1,"featured_media":35502,"comment_status":"closed","ping_status":"open","sticky":false,"template":"","format":"standard","meta":{"colormag_page_container_layout":"default_layout","colormag_page_sidebar_layout":"default_layout","_monsterinsights_skip_tracking":false,"_monsterinsights_sitenote_active":false,"_monsterinsights_sitenote_note":"","_monsterinsights_sitenote_category":0,"jetpack_post_was_ever_published":false,"_jetpack_newsletter_access":"","_jetpack_dont_email_post_to_subs":false,"_jetpack_newsletter_tier_id":0,"_jetpack_memberships_contains_paywalled_content":false,"_jetpack_memberships_contains_paid_content":false,"footnotes":"","jetpack_publicize_message":"","jetpack_publicize_feature_enabled":true,"jetpack_social_post_already_shared":true,"jetpack_social_options":{"image_generator_settings":{"template":"highway","default_image_id":0,"font":"","enabled":false},"version":2}},"categories":[189],"tags":[98],"class_list":["post-35501","post","type-post","status-publish","format-standard","has-post-thumbnail","hentry","category-nacional","tag-nacional"],"yoast_head":"<!-- This site is optimized with the Yoast SEO plugin v27.5 - https:\/\/yoast.com\/product\/yoast-seo-wordpress\/ -->\n<title>Subs\u00eddios de desemprego, parental e doen\u00e7a lideram queixas dos contribuintes \u00e0 Seguran\u00e7a Social - Algarve 7<\/title>\n<meta name=\"description\" content=\"Subs\u00eddios de desemprego, parental e doen\u00e7a lideram queixas dos contribuintes \u00e0 Seguran\u00e7a Social Nacional\" \/>\n<meta name=\"robots\" content=\"index, follow, max-snippet:-1, max-image-preview:large, max-video-preview:-1\" \/>\n<link rel=\"canonical\" href=\"https:\/\/algarve7.pt\/index.php\/2024\/02\/subsidios-de-desemprego-parental-e-doenca-lideram-queixas-dos-contribuintes-a-seguranca-social\/nacional\/13\/29\/\" \/>\n<meta property=\"og:locale\" content=\"pt_PT\" \/>\n<meta property=\"og:type\" content=\"article\" \/>\n<meta property=\"og:title\" content=\"Subs\u00eddios de desemprego, parental e doen\u00e7a lideram queixas dos contribuintes \u00e0 Seguran\u00e7a Social - Algarve 7\" \/>\n<meta property=\"og:description\" content=\"Subs\u00eddios de desemprego, parental e doen\u00e7a lideram queixas dos contribuintes \u00e0 Seguran\u00e7a Social Nacional\" \/>\n<meta property=\"og:url\" content=\"https:\/\/algarve7.pt\/index.php\/2024\/02\/subsidios-de-desemprego-parental-e-doenca-lideram-queixas-dos-contribuintes-a-seguranca-social\/nacional\/13\/29\/\" \/>\n<meta property=\"og:site_name\" content=\"Algarve 7\" \/>\n<meta property=\"article:publisher\" content=\"https:\/\/www.facebook.com\/algarve7\" \/>\n<meta property=\"article:author\" content=\"https:\/\/www.facebook.com\/algarve7\" \/>\n<meta property=\"article:published_time\" content=\"2024-02-10T13:29:00+00:00\" \/>\n<meta property=\"og:image\" content=\"https:\/\/algarve7.pt\/wp-content\/uploads\/2024\/02\/primage_72285-copia.jpg\" \/>\n\t<meta property=\"og:image:width\" content=\"1000\" \/>\n\t<meta property=\"og:image:height\" content=\"667\" \/>\n\t<meta property=\"og:image:type\" content=\"image\/jpeg\" \/>\n<meta name=\"author\" content=\"Algarve 7\" \/>\n<meta name=\"twitter:card\" content=\"summary_large_image\" \/>\n<meta name=\"twitter:creator\" content=\"@Algarvesete\" \/>\n<meta name=\"twitter:site\" content=\"@Algarvesete\" \/>\n<meta name=\"twitter:label1\" content=\"Escrito por\" \/>\n\t<meta name=\"twitter:data1\" content=\"Algarve 7\" \/>\n\t<meta name=\"twitter:label2\" content=\"Tempo estimado de leitura\" \/>\n\t<meta name=\"twitter:data2\" content=\"3 minutos\" \/>\n<script type=\"application\/ld+json\" class=\"yoast-schema-graph\">{\"@context\":\"https:\\\/\\\/schema.org\",\"@graph\":[{\"@type\":\"Article\",\"@id\":\"https:\\\/\\\/algarve7.pt\\\/index.php\\\/2024\\\/02\\\/subsidios-de-desemprego-parental-e-doenca-lideram-queixas-dos-contribuintes-a-seguranca-social\\\/nacional\\\/13\\\/29\\\/#article\",\"isPartOf\":{\"@id\":\"https:\\\/\\\/algarve7.pt\\\/index.php\\\/2024\\\/02\\\/subsidios-de-desemprego-parental-e-doenca-lideram-queixas-dos-contribuintes-a-seguranca-social\\\/nacional\\\/13\\\/29\\\/\"},\"author\":{\"name\":\"Algarve 7\",\"@id\":\"https:\\\/\\\/algarve7.pt\\\/#\\\/schema\\\/person\\\/23fa70681308e7b319a3204bcea45e0c\"},\"headline\":\"Subs\u00eddios de desemprego, parental e doen\u00e7a lideram queixas dos contribuintes \u00e0 Seguran\u00e7a Social\",\"datePublished\":\"2024-02-10T13:29:00+00:00\",\"mainEntityOfPage\":{\"@id\":\"https:\\\/\\\/algarve7.pt\\\/index.php\\\/2024\\\/02\\\/subsidios-de-desemprego-parental-e-doenca-lideram-queixas-dos-contribuintes-a-seguranca-social\\\/nacional\\\/13\\\/29\\\/\"},\"wordCount\":445,\"publisher\":{\"@id\":\"https:\\\/\\\/algarve7.pt\\\/#organization\"},\"image\":{\"@id\":\"https:\\\/\\\/algarve7.pt\\\/index.php\\\/2024\\\/02\\\/subsidios-de-desemprego-parental-e-doenca-lideram-queixas-dos-contribuintes-a-seguranca-social\\\/nacional\\\/13\\\/29\\\/#primaryimage\"},\"thumbnailUrl\":\"https:\\\/\\\/algarve7.pt\\\/wp-content\\\/uploads\\\/2024\\\/02\\\/primage_72285-copia.jpg\",\"keywords\":[\"Nacional\"],\"articleSection\":[\"Nacional\"],\"inLanguage\":\"pt-PT\"},{\"@type\":\"WebPage\",\"@id\":\"https:\\\/\\\/algarve7.pt\\\/index.php\\\/2024\\\/02\\\/subsidios-de-desemprego-parental-e-doenca-lideram-queixas-dos-contribuintes-a-seguranca-social\\\/nacional\\\/13\\\/29\\\/\",\"url\":\"https:\\\/\\\/algarve7.pt\\\/index.php\\\/2024\\\/02\\\/subsidios-de-desemprego-parental-e-doenca-lideram-queixas-dos-contribuintes-a-seguranca-social\\\/nacional\\\/13\\\/29\\\/\",\"name\":\"Subs\u00eddios de desemprego, parental e doen\u00e7a lideram queixas dos contribuintes \u00e0 Seguran\u00e7a Social - Algarve 7\",\"isPartOf\":{\"@id\":\"https:\\\/\\\/algarve7.pt\\\/#website\"},\"primaryImageOfPage\":{\"@id\":\"https:\\\/\\\/algarve7.pt\\\/index.php\\\/2024\\\/02\\\/subsidios-de-desemprego-parental-e-doenca-lideram-queixas-dos-contribuintes-a-seguranca-social\\\/nacional\\\/13\\\/29\\\/#primaryimage\"},\"image\":{\"@id\":\"https:\\\/\\\/algarve7.pt\\\/index.php\\\/2024\\\/02\\\/subsidios-de-desemprego-parental-e-doenca-lideram-queixas-dos-contribuintes-a-seguranca-social\\\/nacional\\\/13\\\/29\\\/#primaryimage\"},\"thumbnailUrl\":\"https:\\\/\\\/algarve7.pt\\\/wp-content\\\/uploads\\\/2024\\\/02\\\/primage_72285-copia.jpg\",\"datePublished\":\"2024-02-10T13:29:00+00:00\",\"description\":\"Subs\u00eddios de desemprego, parental e doen\u00e7a lideram queixas dos contribuintes \u00e0 Seguran\u00e7a Social Nacional\",\"breadcrumb\":{\"@id\":\"https:\\\/\\\/algarve7.pt\\\/index.php\\\/2024\\\/02\\\/subsidios-de-desemprego-parental-e-doenca-lideram-queixas-dos-contribuintes-a-seguranca-social\\\/nacional\\\/13\\\/29\\\/#breadcrumb\"},\"inLanguage\":\"pt-PT\",\"potentialAction\":[{\"@type\":\"ReadAction\",\"target\":[\"https:\\\/\\\/algarve7.pt\\\/index.php\\\/2024\\\/02\\\/subsidios-de-desemprego-parental-e-doenca-lideram-queixas-dos-contribuintes-a-seguranca-social\\\/nacional\\\/13\\\/29\\\/\"]}]},{\"@type\":\"ImageObject\",\"inLanguage\":\"pt-PT\",\"@id\":\"https:\\\/\\\/algarve7.pt\\\/index.php\\\/2024\\\/02\\\/subsidios-de-desemprego-parental-e-doenca-lideram-queixas-dos-contribuintes-a-seguranca-social\\\/nacional\\\/13\\\/29\\\/#primaryimage\",\"url\":\"https:\\\/\\\/algarve7.pt\\\/wp-content\\\/uploads\\\/2024\\\/02\\\/primage_72285-copia.jpg\",\"contentUrl\":\"https:\\\/\\\/algarve7.pt\\\/wp-content\\\/uploads\\\/2024\\\/02\\\/primage_72285-copia.jpg\",\"width\":1000,\"height\":667},{\"@type\":\"BreadcrumbList\",\"@id\":\"https:\\\/\\\/algarve7.pt\\\/index.php\\\/2024\\\/02\\\/subsidios-de-desemprego-parental-e-doenca-lideram-queixas-dos-contribuintes-a-seguranca-social\\\/nacional\\\/13\\\/29\\\/#breadcrumb\",\"itemListElement\":[{\"@type\":\"ListItem\",\"position\":1,\"name\":\"In\u00edcio\",\"item\":\"https:\\\/\\\/algarve7.pt\\\/\"},{\"@type\":\"ListItem\",\"position\":2,\"name\":\"Subs\u00eddios de desemprego, parental e doen\u00e7a lideram queixas dos contribuintes \u00e0 Seguran\u00e7a Social\"}]},{\"@type\":\"WebSite\",\"@id\":\"https:\\\/\\\/algarve7.pt\\\/#website\",\"url\":\"https:\\\/\\\/algarve7.pt\\\/\",\"name\":\"Algarve 7\",\"description\":\"Informa\u00e7\u00e3o sobre o Algarve\",\"publisher\":{\"@id\":\"https:\\\/\\\/algarve7.pt\\\/#organization\"},\"potentialAction\":[{\"@type\":\"SearchAction\",\"target\":{\"@type\":\"EntryPoint\",\"urlTemplate\":\"https:\\\/\\\/algarve7.pt\\\/?s={search_term_string}\"},\"query-input\":{\"@type\":\"PropertyValueSpecification\",\"valueRequired\":true,\"valueName\":\"search_term_string\"}}],\"inLanguage\":\"pt-PT\"},{\"@type\":\"Organization\",\"@id\":\"https:\\\/\\\/algarve7.pt\\\/#organization\",\"name\":\"Algarve 7\",\"url\":\"https:\\\/\\\/algarve7.pt\\\/\",\"logo\":{\"@type\":\"ImageObject\",\"inLanguage\":\"pt-PT\",\"@id\":\"https:\\\/\\\/algarve7.pt\\\/#\\\/schema\\\/logo\\\/image\\\/\",\"url\":\"https:\\\/\\\/algarve7.pt\\\/wp-content\\\/uploads\\\/2020\\\/10\\\/Logo-8.jpg\",\"contentUrl\":\"https:\\\/\\\/algarve7.pt\\\/wp-content\\\/uploads\\\/2020\\\/10\\\/Logo-8.jpg\",\"width\":1680,\"height\":1186,\"caption\":\"Algarve 7\"},\"image\":{\"@id\":\"https:\\\/\\\/algarve7.pt\\\/#\\\/schema\\\/logo\\\/image\\\/\"},\"sameAs\":[\"https:\\\/\\\/www.facebook.com\\\/algarve7\",\"https:\\\/\\\/x.com\\\/Algarvesete\",\"https:\\\/\\\/www.instagram.com\\\/jornalalgarve7\\\/\",\"https:\\\/\\\/www.linkedin.com\\\/company\\\/algarve7\",\"https:\\\/\\\/www.pinterest.pt\\\/geral0939\\\/_created\\\/\"]},{\"@type\":\"Person\",\"@id\":\"https:\\\/\\\/algarve7.pt\\\/#\\\/schema\\\/person\\\/23fa70681308e7b319a3204bcea45e0c\",\"name\":\"Algarve 7\",\"sameAs\":[\"https:\\\/\\\/algarve7.pt\",\"https:\\\/\\\/www.facebook.com\\\/algarve7\"],\"url\":\"https:\\\/\\\/algarve7.pt\\\/index.php\\\/author\\\/geralalgarve7-pt\\\/\"}]}<\/script>\n<!-- \/ Yoast SEO plugin. -->","yoast_head_json":{"title":"Subs\u00eddios de desemprego, parental e doen\u00e7a lideram queixas dos contribuintes \u00e0 Seguran\u00e7a Social - Algarve 7","description":"Subs\u00eddios de desemprego, parental e doen\u00e7a lideram queixas dos contribuintes \u00e0 Seguran\u00e7a Social Nacional","robots":{"index":"index","follow":"follow","max-snippet":"max-snippet:-1","max-image-preview":"max-image-preview:large","max-video-preview":"max-video-preview:-1"},"canonical":"https:\/\/algarve7.pt\/index.php\/2024\/02\/subsidios-de-desemprego-parental-e-doenca-lideram-queixas-dos-contribuintes-a-seguranca-social\/nacional\/13\/29\/","og_locale":"pt_PT","og_type":"article","og_title":"Subs\u00eddios de desemprego, parental e doen\u00e7a lideram queixas dos contribuintes \u00e0 Seguran\u00e7a Social - Algarve 7","og_description":"Subs\u00eddios de desemprego, parental e doen\u00e7a lideram queixas dos contribuintes \u00e0 Seguran\u00e7a Social Nacional","og_url":"https:\/\/algarve7.pt\/index.php\/2024\/02\/subsidios-de-desemprego-parental-e-doenca-lideram-queixas-dos-contribuintes-a-seguranca-social\/nacional\/13\/29\/","og_site_name":"Algarve 7","article_publisher":"https:\/\/www.facebook.com\/algarve7","article_author":"https:\/\/www.facebook.com\/algarve7","article_published_time":"2024-02-10T13:29:00+00:00","og_image":[{"width":1000,"height":667,"url":"https:\/\/algarve7.pt\/wp-content\/uploads\/2024\/02\/primage_72285-copia.jpg","type":"image\/jpeg"}],"author":"Algarve 7","twitter_card":"summary_large_image","twitter_creator":"@Algarvesete","twitter_site":"@Algarvesete","twitter_misc":{"Escrito por":"Algarve 7","Tempo estimado de leitura":"3 minutos"},"schema":{"@context":"https:\/\/schema.org","@graph":[{"@type":"Article","@id":"https:\/\/algarve7.pt\/index.php\/2024\/02\/subsidios-de-desemprego-parental-e-doenca-lideram-queixas-dos-contribuintes-a-seguranca-social\/nacional\/13\/29\/#article","isPartOf":{"@id":"https:\/\/algarve7.pt\/index.php\/2024\/02\/subsidios-de-desemprego-parental-e-doenca-lideram-queixas-dos-contribuintes-a-seguranca-social\/nacional\/13\/29\/"},"author":{"name":"Algarve 7","@id":"https:\/\/algarve7.pt\/#\/schema\/person\/23fa70681308e7b319a3204bcea45e0c"},"headline":"Subs\u00eddios de desemprego, parental e doen\u00e7a lideram queixas dos contribuintes \u00e0 Seguran\u00e7a Social","datePublished":"2024-02-10T13:29:00+00:00","mainEntityOfPage":{"@id":"https:\/\/algarve7.pt\/index.php\/2024\/02\/subsidios-de-desemprego-parental-e-doenca-lideram-queixas-dos-contribuintes-a-seguranca-social\/nacional\/13\/29\/"},"wordCount":445,"publisher":{"@id":"https:\/\/algarve7.pt\/#organization"},"image":{"@id":"https:\/\/algarve7.pt\/index.php\/2024\/02\/subsidios-de-desemprego-parental-e-doenca-lideram-queixas-dos-contribuintes-a-seguranca-social\/nacional\/13\/29\/#primaryimage"},"thumbnailUrl":"https:\/\/algarve7.pt\/wp-content\/uploads\/2024\/02\/primage_72285-copia.jpg","keywords":["Nacional"],"articleSection":["Nacional"],"inLanguage":"pt-PT"},{"@type":"WebPage","@id":"https:\/\/algarve7.pt\/index.php\/2024\/02\/subsidios-de-desemprego-parental-e-doenca-lideram-queixas-dos-contribuintes-a-seguranca-social\/nacional\/13\/29\/","url":"https:\/\/algarve7.pt\/index.php\/2024\/02\/subsidios-de-desemprego-parental-e-doenca-lideram-queixas-dos-contribuintes-a-seguranca-social\/nacional\/13\/29\/","name":"Subs\u00eddios de desemprego, parental e doen\u00e7a lideram queixas dos contribuintes \u00e0 Seguran\u00e7a Social - Algarve 7","isPartOf":{"@id":"https:\/\/algarve7.pt\/#website"},"primaryImageOfPage":{"@id":"https:\/\/algarve7.pt\/index.php\/2024\/02\/subsidios-de-desemprego-parental-e-doenca-lideram-queixas-dos-contribuintes-a-seguranca-social\/nacional\/13\/29\/#primaryimage"},"image":{"@id":"https:\/\/algarve7.pt\/index.php\/2024\/02\/subsidios-de-desemprego-parental-e-doenca-lideram-queixas-dos-contribuintes-a-seguranca-social\/nacional\/13\/29\/#primaryimage"},"thumbnailUrl":"https:\/\/algarve7.pt\/wp-content\/uploads\/2024\/02\/primage_72285-copia.jpg","datePublished":"2024-02-10T13:29:00+00:00","description":"Subs\u00eddios de desemprego, parental e doen\u00e7a lideram queixas dos contribuintes \u00e0 Seguran\u00e7a Social Nacional","breadcrumb":{"@id":"https:\/\/algarve7.pt\/index.php\/2024\/02\/subsidios-de-desemprego-parental-e-doenca-lideram-queixas-dos-contribuintes-a-seguranca-social\/nacional\/13\/29\/#breadcrumb"},"inLanguage":"pt-PT","potentialAction":[{"@type":"ReadAction","target":["https:\/\/algarve7.pt\/index.php\/2024\/02\/subsidios-de-desemprego-parental-e-doenca-lideram-queixas-dos-contribuintes-a-seguranca-social\/nacional\/13\/29\/"]}]},{"@type":"ImageObject","inLanguage":"pt-PT","@id":"https:\/\/algarve7.pt\/index.php\/2024\/02\/subsidios-de-desemprego-parental-e-doenca-lideram-queixas-dos-contribuintes-a-seguranca-social\/nacional\/13\/29\/#primaryimage","url":"https:\/\/algarve7.pt\/wp-content\/uploads\/2024\/02\/primage_72285-copia.jpg","contentUrl":"https:\/\/algarve7.pt\/wp-content\/uploads\/2024\/02\/primage_72285-copia.jpg","width":1000,"height":667},{"@type":"BreadcrumbList","@id":"https:\/\/algarve7.pt\/index.php\/2024\/02\/subsidios-de-desemprego-parental-e-doenca-lideram-queixas-dos-contribuintes-a-seguranca-social\/nacional\/13\/29\/#breadcrumb","itemListElement":[{"@type":"ListItem","position":1,"name":"In\u00edcio","item":"https:\/\/algarve7.pt\/"},{"@type":"ListItem","position":2,"name":"Subs\u00eddios de desemprego, parental e doen\u00e7a lideram queixas dos contribuintes \u00e0 Seguran\u00e7a Social"}]},{"@type":"WebSite","@id":"https:\/\/algarve7.pt\/#website","url":"https:\/\/algarve7.pt\/","name":"Algarve 7","description":"Informa\u00e7\u00e3o sobre o Algarve","publisher":{"@id":"https:\/\/algarve7.pt\/#organization"},"potentialAction":[{"@type":"SearchAction","target":{"@type":"EntryPoint","urlTemplate":"https:\/\/algarve7.pt\/?s={search_term_string}"},"query-input":{"@type":"PropertyValueSpecification","valueRequired":true,"valueName":"search_term_string"}}],"inLanguage":"pt-PT"},{"@type":"Organization","@id":"https:\/\/algarve7.pt\/#organization","name":"Algarve 7","url":"https:\/\/algarve7.pt\/","logo":{"@type":"ImageObject","inLanguage":"pt-PT","@id":"https:\/\/algarve7.pt\/#\/schema\/logo\/image\/","url":"https:\/\/algarve7.pt\/wp-content\/uploads\/2020\/10\/Logo-8.jpg","contentUrl":"https:\/\/algarve7.pt\/wp-content\/uploads\/2020\/10\/Logo-8.jpg","width":1680,"height":1186,"caption":"Algarve 7"},"image":{"@id":"https:\/\/algarve7.pt\/#\/schema\/logo\/image\/"},"sameAs":["https:\/\/www.facebook.com\/algarve7","https:\/\/x.com\/Algarvesete","https:\/\/www.instagram.com\/jornalalgarve7\/","https:\/\/www.linkedin.com\/company\/algarve7","https:\/\/www.pinterest.pt\/geral0939\/_created\/"]},{"@type":"Person","@id":"https:\/\/algarve7.pt\/#\/schema\/person\/23fa70681308e7b319a3204bcea45e0c","name":"Algarve 7","sameAs":["https:\/\/algarve7.pt","https:\/\/www.facebook.com\/algarve7"],"url":"https:\/\/algarve7.pt\/index.php\/author\/geralalgarve7-pt\/"}]}},"jetpack_publicize_connections":[],"jetpack_featured_media_url":"https:\/\/algarve7.pt\/wp-content\/uploads\/2024\/02\/primage_72285-copia.jpg","jetpack_shortlink":"https:\/\/wp.me\/pcezmW-9eB","jetpack_sharing_enabled":true,"_links":{"self":[{"href":"https:\/\/algarve7.pt\/index.php\/wp-json\/wp\/v2\/posts\/35501","targetHints":{"allow":["GET"]}}],"collection":[{"href":"https:\/\/algarve7.pt\/index.php\/wp-json\/wp\/v2\/posts"}],"about":[{"href":"https:\/\/algarve7.pt\/index.php\/wp-json\/wp\/v2\/types\/post"}],"author":[{"embeddable":true,"href":"https:\/\/algarve7.pt\/index.php\/wp-json\/wp\/v2\/users\/1"}],"replies":[{"embeddable":true,"href":"https:\/\/algarve7.pt\/index.php\/wp-json\/wp\/v2\/comments?post=35501"}],"version-history":[{"count":0,"href":"https:\/\/algarve7.pt\/index.php\/wp-json\/wp\/v2\/posts\/35501\/revisions"}],"wp:featuredmedia":[{"embeddable":true,"href":"https:\/\/algarve7.pt\/index.php\/wp-json\/wp\/v2\/media\/35502"}],"wp:attachment":[{"href":"https:\/\/algarve7.pt\/index.php\/wp-json\/wp\/v2\/media?parent=35501"}],"wp:term":[{"taxonomy":"category","embeddable":true,"href":"https:\/\/algarve7.pt\/index.php\/wp-json\/wp\/v2\/categories?post=35501"},{"taxonomy":"post_tag","embeddable":true,"href":"https:\/\/algarve7.pt\/index.php\/wp-json\/wp\/v2\/tags?post=35501"}],"curies":[{"name":"wp","href":"https:\/\/api.w.org\/{rel}","templated":true}]}}