{"id":35401,"date":"2024-02-07T16:15:27","date_gmt":"2024-02-07T16:15:27","guid":{"rendered":"https:\/\/algarve7.pt\/?p=35401"},"modified":"2024-02-07T16:15:29","modified_gmt":"2024-02-07T16:15:29","slug":"sao-bras-de-alportel-celebra-carnaval-com-cinco-dias-de-animacao","status":"publish","type":"post","link":"https:\/\/algarve7.pt\/index.php\/2024\/02\/sao-bras-de-alportel-celebra-carnaval-com-cinco-dias-de-animacao\/cultura\/16\/15\/","title":{"rendered":"S\u00e3o Br\u00e1s de Alportel celebra Carnaval com cinco dias de anima\u00e7\u00e3o"},"content":{"rendered":"\n<p><strong>A folia carnavalesca volta a invadir S\u00e3o Br\u00e1s de Alportel com os tradicionais desfiles das crian\u00e7as e para todos os foli\u00f5es, bailes e at\u00e9 a mais divertida Marcha Corrida do ano!<\/strong><\/p>\n\n\n\n<p>A festa est\u00e1 agendada na pr\u00f3xima sexta-feira de manh\u00e3, quando os alunos, professores e auxiliares das escolas do concelho desfilarem os seus divertidos e originais disfarces de Carnaval pela Avenida da Liberdade, numa parceria entre o Munic\u00edpio e as escolas e infant\u00e1rios do concelho. Mediante as condi\u00e7\u00f5es meteorol\u00f3gicas assim o justifiquem, o desfile poder\u00e1 ser adiado sendo a decis\u00e3o divulgada oportunamente pelo Munic\u00edpio.<\/p>\n\n\n\n<p>Para a EB n.\u00ba 1 de S\u00e3o Br\u00e1s de Alportel est\u00e1 marcado um Baile de Carnaval e concurso de m\u00e1scaras promovido pela turma do 4\u00baB da EB\/JI n.\u00ba3 de S\u00e3o Br\u00e1s de Alportel que tem in\u00edcio pelas 19h30.<\/p>\n\n\n\n<p>No s\u00e1bado, os grupos e foli\u00f5es s\u00e3o-brasenses \u201caquecem os motores\u201d em Gorj\u00f5es, a partir das 15h00.&nbsp; Uma iniciativa in\u00e9dita nascida de uma parceria entre o Munic\u00edpio de S\u00e3o Br\u00e1s de Alportel e o Clube Recreativo e Cultural Gorjonense.<\/p>\n\n\n\n<p>A noite de s\u00e1bado \u00e9 mais animada na sede do Futebol Clube da Cabe\u00e7a do Velho com o j\u00e1 tradicional baile que vai ser animado por Lu\u00eds Jos\u00e9, a partir das 21h00. A organiza\u00e7\u00e3o vai ainda dinamizar um concurso de m\u00e1scaras. No ZD Disco Club os bailes e concursos de m\u00e1scaras t\u00eam in\u00edcio pelas 23h00, do s\u00e1bado (10 fev) e da segunda-feira (12 fev).<\/p>\n\n\n\n<p>O domingo de manh\u00e3 est\u00e1 reservado para a mais divertida Marcha Corrida do calend\u00e1rio do ano desta iniciativa promovida pela dire\u00e7\u00e3o regional do Instituto do Desporto, que conta localmente com o apoio do munic\u00edpio e onde os participantes s\u00e3o desafiados a apresentar-se disfar\u00e7ados e bom humor! A marcha tem in\u00edcio pelas 10h00, junto ao Pavilh\u00e3o Municipal Dr. Jos\u00e9 Pires.<\/p>\n\n\n\n<p>A tarde est\u00e1 reservada para o tradicional Desfile de Foli\u00f5es e de Carros Aleg\u00f3ricos que sai \u00e0 rua, pelas 15h00, na Avenida da Liberdade, transformada neste dia em \u201cAvenida da Alegria e Boa disposi\u00e7\u00e3o\u201d s\u00e3o-brasense, onde todos podem participar, com entrada e participa\u00e7\u00e3o gratuitas.&nbsp; Este ano, \u00e0 festa s\u00e3o-brasense juntam-se os foli\u00f5es gorjonenses!<\/p>\n\n\n\n<p>A defesa das tradi\u00e7\u00f5es do Entrudo renasce todos os anos neste carnaval tipicamente portugu\u00eas, num apelo \u00e0 folia e \u00e0 criatividade! Anima\u00e7\u00e3o popular, com uma pitada de brejeirice e recheio de s\u00e1tira pol\u00edtica e social s\u00e3o os ingredientes que agu\u00e7am a imagina\u00e7\u00e3o dos participantes que se apresentam com disfarces, adere\u00e7os, coreografias e carros aleg\u00f3ricos que brilham e convidam \u00e0 brincadeira.<\/p>\n\n\n\n<p>Uma iniciativa promovida pelo Munic\u00edpio, com o apoio das associa\u00e7\u00f5es locais e grupos informais. Com este objetivo, e para estimular a participa\u00e7\u00e3o da comunidade, a C\u00e2mara Municipal atribui um apoio monet\u00e1rio \u00e0s associa\u00e7\u00f5es participantes que pretende ajudar a custear as despesas com a concretiza\u00e7\u00e3o dos carros e dos trajes.<\/p>\n\n\n\n<p>O Museu do Traje comemora esta \u00e9poca com uma Matin\u00e9 de Carnaval que tem in\u00edcio \u00e0s 15h00 da pr\u00f3xima ter\u00e7a-feira, 13 de fevereiro.<\/p>\n","protected":false},"excerpt":{"rendered":"<p>A folia carnavalesca volta a invadir S\u00e3o Br\u00e1s de Alportel com os tradicionais desfiles das crian\u00e7as e para todos os<\/p>\n","protected":false},"author":1,"featured_media":35402,"comment_status":"closed","ping_status":"open","sticky":false,"template":"","format":"standard","meta":{"colormag_page_container_layout":"default_layout","colormag_page_sidebar_layout":"default_layout","_monsterinsights_skip_tracking":false,"_monsterinsights_sitenote_active":false,"_monsterinsights_sitenote_note":"","_monsterinsights_sitenote_category":0,"jetpack_post_was_ever_published":false,"_jetpack_newsletter_access":"","_jetpack_dont_email_post_to_subs":false,"_jetpack_newsletter_tier_id":0,"_jetpack_memberships_contains_paywalled_content":false,"_jetpack_memberships_contains_paid_content":false,"footnotes":"","jetpack_publicize_message":"","jetpack_publicize_feature_enabled":true,"jetpack_social_post_already_shared":true,"jetpack_social_options":{"image_generator_settings":{"template":"highway","default_image_id":0,"font":"","enabled":false},"version":2}},"categories":[14],"tags":[36,187,35,63],"class_list":["post-35401","post","type-post","status-publish","format-standard","has-post-thumbnail","hentry","category-cultura","tag-algarve","tag-carnaval","tag-cultura","tag-sao-bras-de-alportel"],"yoast_head":"<!-- This site is optimized with the Yoast SEO plugin v27.5 - https:\/\/yoast.com\/product\/yoast-seo-wordpress\/ -->\n<title>S\u00e3o Br\u00e1s de Alportel celebra Carnaval com cinco dias de anima\u00e7\u00e3o - Algarve 7<\/title>\n<meta name=\"description\" content=\"S\u00e3o Br\u00e1s de Alportel celebra Carnaval com cinco dias de anima\u00e7\u00e3o Cultura\" \/>\n<meta name=\"robots\" content=\"index, follow, max-snippet:-1, max-image-preview:large, max-video-preview:-1\" \/>\n<link rel=\"canonical\" href=\"https:\/\/algarve7.pt\/index.php\/2024\/02\/sao-bras-de-alportel-celebra-carnaval-com-cinco-dias-de-animacao\/cultura\/16\/15\/\" \/>\n<meta property=\"og:locale\" content=\"pt_PT\" \/>\n<meta property=\"og:type\" content=\"article\" \/>\n<meta property=\"og:title\" content=\"S\u00e3o Br\u00e1s de Alportel celebra Carnaval com cinco dias de anima\u00e7\u00e3o - Algarve 7\" \/>\n<meta property=\"og:description\" content=\"S\u00e3o Br\u00e1s de Alportel celebra Carnaval com cinco dias de anima\u00e7\u00e3o Cultura\" \/>\n<meta property=\"og:url\" content=\"https:\/\/algarve7.pt\/index.php\/2024\/02\/sao-bras-de-alportel-celebra-carnaval-com-cinco-dias-de-animacao\/cultura\/16\/15\/\" \/>\n<meta property=\"og:site_name\" content=\"Algarve 7\" \/>\n<meta property=\"article:publisher\" content=\"https:\/\/www.facebook.com\/algarve7\" \/>\n<meta property=\"article:author\" content=\"https:\/\/www.facebook.com\/algarve7\" \/>\n<meta property=\"article:published_time\" content=\"2024-02-07T16:15:27+00:00\" \/>\n<meta property=\"article:modified_time\" content=\"2024-02-07T16:15:29+00:00\" \/>\n<meta property=\"og:image\" content=\"https:\/\/algarve7.pt\/wp-content\/uploads\/2024\/02\/Carnaval_SBA-2.jpg\" \/>\n\t<meta property=\"og:image:width\" content=\"1000\" \/>\n\t<meta property=\"og:image:height\" content=\"667\" \/>\n\t<meta property=\"og:image:type\" content=\"image\/jpeg\" \/>\n<meta name=\"author\" content=\"Algarve 7\" \/>\n<meta name=\"twitter:card\" content=\"summary_large_image\" \/>\n<meta name=\"twitter:creator\" content=\"@Algarvesete\" \/>\n<meta name=\"twitter:site\" content=\"@Algarvesete\" \/>\n<meta name=\"twitter:label1\" content=\"Escrito por\" \/>\n\t<meta name=\"twitter:data1\" content=\"Algarve 7\" \/>\n\t<meta name=\"twitter:label2\" content=\"Tempo estimado de leitura\" \/>\n\t<meta name=\"twitter:data2\" content=\"3 minutos\" \/>\n<script type=\"application\/ld+json\" class=\"yoast-schema-graph\">{\"@context\":\"https:\\\/\\\/schema.org\",\"@graph\":[{\"@type\":\"Article\",\"@id\":\"https:\\\/\\\/algarve7.pt\\\/index.php\\\/2024\\\/02\\\/sao-bras-de-alportel-celebra-carnaval-com-cinco-dias-de-animacao\\\/cultura\\\/16\\\/15\\\/#article\",\"isPartOf\":{\"@id\":\"https:\\\/\\\/algarve7.pt\\\/index.php\\\/2024\\\/02\\\/sao-bras-de-alportel-celebra-carnaval-com-cinco-dias-de-animacao\\\/cultura\\\/16\\\/15\\\/\"},\"author\":{\"name\":\"Algarve 7\",\"@id\":\"https:\\\/\\\/algarve7.pt\\\/#\\\/schema\\\/person\\\/23fa70681308e7b319a3204bcea45e0c\"},\"headline\":\"S\u00e3o Br\u00e1s de Alportel celebra Carnaval com cinco dias de anima\u00e7\u00e3o\",\"datePublished\":\"2024-02-07T16:15:27+00:00\",\"dateModified\":\"2024-02-07T16:15:29+00:00\",\"mainEntityOfPage\":{\"@id\":\"https:\\\/\\\/algarve7.pt\\\/index.php\\\/2024\\\/02\\\/sao-bras-de-alportel-celebra-carnaval-com-cinco-dias-de-animacao\\\/cultura\\\/16\\\/15\\\/\"},\"wordCount\":553,\"publisher\":{\"@id\":\"https:\\\/\\\/algarve7.pt\\\/#organization\"},\"image\":{\"@id\":\"https:\\\/\\\/algarve7.pt\\\/index.php\\\/2024\\\/02\\\/sao-bras-de-alportel-celebra-carnaval-com-cinco-dias-de-animacao\\\/cultura\\\/16\\\/15\\\/#primaryimage\"},\"thumbnailUrl\":\"https:\\\/\\\/algarve7.pt\\\/wp-content\\\/uploads\\\/2024\\\/02\\\/Carnaval_SBA-2.jpg\",\"keywords\":[\"Algarve\",\"Carnaval\",\"Cultura\",\"S\u00e3o Br\u00e1s de Alportel\"],\"articleSection\":[\"Cultura\"],\"inLanguage\":\"pt-PT\"},{\"@type\":\"WebPage\",\"@id\":\"https:\\\/\\\/algarve7.pt\\\/index.php\\\/2024\\\/02\\\/sao-bras-de-alportel-celebra-carnaval-com-cinco-dias-de-animacao\\\/cultura\\\/16\\\/15\\\/\",\"url\":\"https:\\\/\\\/algarve7.pt\\\/index.php\\\/2024\\\/02\\\/sao-bras-de-alportel-celebra-carnaval-com-cinco-dias-de-animacao\\\/cultura\\\/16\\\/15\\\/\",\"name\":\"S\u00e3o Br\u00e1s de Alportel celebra Carnaval com cinco dias de anima\u00e7\u00e3o - Algarve 7\",\"isPartOf\":{\"@id\":\"https:\\\/\\\/algarve7.pt\\\/#website\"},\"primaryImageOfPage\":{\"@id\":\"https:\\\/\\\/algarve7.pt\\\/index.php\\\/2024\\\/02\\\/sao-bras-de-alportel-celebra-carnaval-com-cinco-dias-de-animacao\\\/cultura\\\/16\\\/15\\\/#primaryimage\"},\"image\":{\"@id\":\"https:\\\/\\\/algarve7.pt\\\/index.php\\\/2024\\\/02\\\/sao-bras-de-alportel-celebra-carnaval-com-cinco-dias-de-animacao\\\/cultura\\\/16\\\/15\\\/#primaryimage\"},\"thumbnailUrl\":\"https:\\\/\\\/algarve7.pt\\\/wp-content\\\/uploads\\\/2024\\\/02\\\/Carnaval_SBA-2.jpg\",\"datePublished\":\"2024-02-07T16:15:27+00:00\",\"dateModified\":\"2024-02-07T16:15:29+00:00\",\"description\":\"S\u00e3o Br\u00e1s de Alportel celebra Carnaval com cinco dias de anima\u00e7\u00e3o Cultura\",\"breadcrumb\":{\"@id\":\"https:\\\/\\\/algarve7.pt\\\/index.php\\\/2024\\\/02\\\/sao-bras-de-alportel-celebra-carnaval-com-cinco-dias-de-animacao\\\/cultura\\\/16\\\/15\\\/#breadcrumb\"},\"inLanguage\":\"pt-PT\",\"potentialAction\":[{\"@type\":\"ReadAction\",\"target\":[\"https:\\\/\\\/algarve7.pt\\\/index.php\\\/2024\\\/02\\\/sao-bras-de-alportel-celebra-carnaval-com-cinco-dias-de-animacao\\\/cultura\\\/16\\\/15\\\/\"]}]},{\"@type\":\"ImageObject\",\"inLanguage\":\"pt-PT\",\"@id\":\"https:\\\/\\\/algarve7.pt\\\/index.php\\\/2024\\\/02\\\/sao-bras-de-alportel-celebra-carnaval-com-cinco-dias-de-animacao\\\/cultura\\\/16\\\/15\\\/#primaryimage\",\"url\":\"https:\\\/\\\/algarve7.pt\\\/wp-content\\\/uploads\\\/2024\\\/02\\\/Carnaval_SBA-2.jpg\",\"contentUrl\":\"https:\\\/\\\/algarve7.pt\\\/wp-content\\\/uploads\\\/2024\\\/02\\\/Carnaval_SBA-2.jpg\",\"width\":1000,\"height\":667},{\"@type\":\"BreadcrumbList\",\"@id\":\"https:\\\/\\\/algarve7.pt\\\/index.php\\\/2024\\\/02\\\/sao-bras-de-alportel-celebra-carnaval-com-cinco-dias-de-animacao\\\/cultura\\\/16\\\/15\\\/#breadcrumb\",\"itemListElement\":[{\"@type\":\"ListItem\",\"position\":1,\"name\":\"In\u00edcio\",\"item\":\"https:\\\/\\\/algarve7.pt\\\/\"},{\"@type\":\"ListItem\",\"position\":2,\"name\":\"S\u00e3o Br\u00e1s de Alportel celebra Carnaval com cinco dias de anima\u00e7\u00e3o\"}]},{\"@type\":\"WebSite\",\"@id\":\"https:\\\/\\\/algarve7.pt\\\/#website\",\"url\":\"https:\\\/\\\/algarve7.pt\\\/\",\"name\":\"Algarve 7\",\"description\":\"Informa\u00e7\u00e3o sobre o Algarve\",\"publisher\":{\"@id\":\"https:\\\/\\\/algarve7.pt\\\/#organization\"},\"potentialAction\":[{\"@type\":\"SearchAction\",\"target\":{\"@type\":\"EntryPoint\",\"urlTemplate\":\"https:\\\/\\\/algarve7.pt\\\/?s={search_term_string}\"},\"query-input\":{\"@type\":\"PropertyValueSpecification\",\"valueRequired\":true,\"valueName\":\"search_term_string\"}}],\"inLanguage\":\"pt-PT\"},{\"@type\":\"Organization\",\"@id\":\"https:\\\/\\\/algarve7.pt\\\/#organization\",\"name\":\"Algarve 7\",\"url\":\"https:\\\/\\\/algarve7.pt\\\/\",\"logo\":{\"@type\":\"ImageObject\",\"inLanguage\":\"pt-PT\",\"@id\":\"https:\\\/\\\/algarve7.pt\\\/#\\\/schema\\\/logo\\\/image\\\/\",\"url\":\"https:\\\/\\\/algarve7.pt\\\/wp-content\\\/uploads\\\/2020\\\/10\\\/Logo-8.jpg\",\"contentUrl\":\"https:\\\/\\\/algarve7.pt\\\/wp-content\\\/uploads\\\/2020\\\/10\\\/Logo-8.jpg\",\"width\":1680,\"height\":1186,\"caption\":\"Algarve 7\"},\"image\":{\"@id\":\"https:\\\/\\\/algarve7.pt\\\/#\\\/schema\\\/logo\\\/image\\\/\"},\"sameAs\":[\"https:\\\/\\\/www.facebook.com\\\/algarve7\",\"https:\\\/\\\/x.com\\\/Algarvesete\",\"https:\\\/\\\/www.instagram.com\\\/jornalalgarve7\\\/\",\"https:\\\/\\\/www.linkedin.com\\\/company\\\/algarve7\",\"https:\\\/\\\/www.pinterest.pt\\\/geral0939\\\/_created\\\/\"]},{\"@type\":\"Person\",\"@id\":\"https:\\\/\\\/algarve7.pt\\\/#\\\/schema\\\/person\\\/23fa70681308e7b319a3204bcea45e0c\",\"name\":\"Algarve 7\",\"sameAs\":[\"https:\\\/\\\/algarve7.pt\",\"https:\\\/\\\/www.facebook.com\\\/algarve7\"],\"url\":\"https:\\\/\\\/algarve7.pt\\\/index.php\\\/author\\\/geralalgarve7-pt\\\/\"}]}<\/script>\n<!-- \/ Yoast SEO plugin. -->","yoast_head_json":{"title":"S\u00e3o Br\u00e1s de Alportel celebra Carnaval com cinco dias de anima\u00e7\u00e3o - Algarve 7","description":"S\u00e3o Br\u00e1s de Alportel celebra Carnaval com cinco dias de anima\u00e7\u00e3o Cultura","robots":{"index":"index","follow":"follow","max-snippet":"max-snippet:-1","max-image-preview":"max-image-preview:large","max-video-preview":"max-video-preview:-1"},"canonical":"https:\/\/algarve7.pt\/index.php\/2024\/02\/sao-bras-de-alportel-celebra-carnaval-com-cinco-dias-de-animacao\/cultura\/16\/15\/","og_locale":"pt_PT","og_type":"article","og_title":"S\u00e3o Br\u00e1s de Alportel celebra Carnaval com cinco dias de anima\u00e7\u00e3o - Algarve 7","og_description":"S\u00e3o Br\u00e1s de Alportel celebra Carnaval com cinco dias de anima\u00e7\u00e3o Cultura","og_url":"https:\/\/algarve7.pt\/index.php\/2024\/02\/sao-bras-de-alportel-celebra-carnaval-com-cinco-dias-de-animacao\/cultura\/16\/15\/","og_site_name":"Algarve 7","article_publisher":"https:\/\/www.facebook.com\/algarve7","article_author":"https:\/\/www.facebook.com\/algarve7","article_published_time":"2024-02-07T16:15:27+00:00","article_modified_time":"2024-02-07T16:15:29+00:00","og_image":[{"width":1000,"height":667,"url":"https:\/\/algarve7.pt\/wp-content\/uploads\/2024\/02\/Carnaval_SBA-2.jpg","type":"image\/jpeg"}],"author":"Algarve 7","twitter_card":"summary_large_image","twitter_creator":"@Algarvesete","twitter_site":"@Algarvesete","twitter_misc":{"Escrito por":"Algarve 7","Tempo estimado de leitura":"3 minutos"},"schema":{"@context":"https:\/\/schema.org","@graph":[{"@type":"Article","@id":"https:\/\/algarve7.pt\/index.php\/2024\/02\/sao-bras-de-alportel-celebra-carnaval-com-cinco-dias-de-animacao\/cultura\/16\/15\/#article","isPartOf":{"@id":"https:\/\/algarve7.pt\/index.php\/2024\/02\/sao-bras-de-alportel-celebra-carnaval-com-cinco-dias-de-animacao\/cultura\/16\/15\/"},"author":{"name":"Algarve 7","@id":"https:\/\/algarve7.pt\/#\/schema\/person\/23fa70681308e7b319a3204bcea45e0c"},"headline":"S\u00e3o Br\u00e1s de Alportel celebra Carnaval com cinco dias de anima\u00e7\u00e3o","datePublished":"2024-02-07T16:15:27+00:00","dateModified":"2024-02-07T16:15:29+00:00","mainEntityOfPage":{"@id":"https:\/\/algarve7.pt\/index.php\/2024\/02\/sao-bras-de-alportel-celebra-carnaval-com-cinco-dias-de-animacao\/cultura\/16\/15\/"},"wordCount":553,"publisher":{"@id":"https:\/\/algarve7.pt\/#organization"},"image":{"@id":"https:\/\/algarve7.pt\/index.php\/2024\/02\/sao-bras-de-alportel-celebra-carnaval-com-cinco-dias-de-animacao\/cultura\/16\/15\/#primaryimage"},"thumbnailUrl":"https:\/\/algarve7.pt\/wp-content\/uploads\/2024\/02\/Carnaval_SBA-2.jpg","keywords":["Algarve","Carnaval","Cultura","S\u00e3o Br\u00e1s de Alportel"],"articleSection":["Cultura"],"inLanguage":"pt-PT"},{"@type":"WebPage","@id":"https:\/\/algarve7.pt\/index.php\/2024\/02\/sao-bras-de-alportel-celebra-carnaval-com-cinco-dias-de-animacao\/cultura\/16\/15\/","url":"https:\/\/algarve7.pt\/index.php\/2024\/02\/sao-bras-de-alportel-celebra-carnaval-com-cinco-dias-de-animacao\/cultura\/16\/15\/","name":"S\u00e3o Br\u00e1s de Alportel celebra Carnaval com cinco dias de anima\u00e7\u00e3o - Algarve 7","isPartOf":{"@id":"https:\/\/algarve7.pt\/#website"},"primaryImageOfPage":{"@id":"https:\/\/algarve7.pt\/index.php\/2024\/02\/sao-bras-de-alportel-celebra-carnaval-com-cinco-dias-de-animacao\/cultura\/16\/15\/#primaryimage"},"image":{"@id":"https:\/\/algarve7.pt\/index.php\/2024\/02\/sao-bras-de-alportel-celebra-carnaval-com-cinco-dias-de-animacao\/cultura\/16\/15\/#primaryimage"},"thumbnailUrl":"https:\/\/algarve7.pt\/wp-content\/uploads\/2024\/02\/Carnaval_SBA-2.jpg","datePublished":"2024-02-07T16:15:27+00:00","dateModified":"2024-02-07T16:15:29+00:00","description":"S\u00e3o Br\u00e1s de Alportel celebra Carnaval com cinco dias de anima\u00e7\u00e3o Cultura","breadcrumb":{"@id":"https:\/\/algarve7.pt\/index.php\/2024\/02\/sao-bras-de-alportel-celebra-carnaval-com-cinco-dias-de-animacao\/cultura\/16\/15\/#breadcrumb"},"inLanguage":"pt-PT","potentialAction":[{"@type":"ReadAction","target":["https:\/\/algarve7.pt\/index.php\/2024\/02\/sao-bras-de-alportel-celebra-carnaval-com-cinco-dias-de-animacao\/cultura\/16\/15\/"]}]},{"@type":"ImageObject","inLanguage":"pt-PT","@id":"https:\/\/algarve7.pt\/index.php\/2024\/02\/sao-bras-de-alportel-celebra-carnaval-com-cinco-dias-de-animacao\/cultura\/16\/15\/#primaryimage","url":"https:\/\/algarve7.pt\/wp-content\/uploads\/2024\/02\/Carnaval_SBA-2.jpg","contentUrl":"https:\/\/algarve7.pt\/wp-content\/uploads\/2024\/02\/Carnaval_SBA-2.jpg","width":1000,"height":667},{"@type":"BreadcrumbList","@id":"https:\/\/algarve7.pt\/index.php\/2024\/02\/sao-bras-de-alportel-celebra-carnaval-com-cinco-dias-de-animacao\/cultura\/16\/15\/#breadcrumb","itemListElement":[{"@type":"ListItem","position":1,"name":"In\u00edcio","item":"https:\/\/algarve7.pt\/"},{"@type":"ListItem","position":2,"name":"S\u00e3o Br\u00e1s de Alportel celebra Carnaval com cinco dias de anima\u00e7\u00e3o"}]},{"@type":"WebSite","@id":"https:\/\/algarve7.pt\/#website","url":"https:\/\/algarve7.pt\/","name":"Algarve 7","description":"Informa\u00e7\u00e3o sobre o Algarve","publisher":{"@id":"https:\/\/algarve7.pt\/#organization"},"potentialAction":[{"@type":"SearchAction","target":{"@type":"EntryPoint","urlTemplate":"https:\/\/algarve7.pt\/?s={search_term_string}"},"query-input":{"@type":"PropertyValueSpecification","valueRequired":true,"valueName":"search_term_string"}}],"inLanguage":"pt-PT"},{"@type":"Organization","@id":"https:\/\/algarve7.pt\/#organization","name":"Algarve 7","url":"https:\/\/algarve7.pt\/","logo":{"@type":"ImageObject","inLanguage":"pt-PT","@id":"https:\/\/algarve7.pt\/#\/schema\/logo\/image\/","url":"https:\/\/algarve7.pt\/wp-content\/uploads\/2020\/10\/Logo-8.jpg","contentUrl":"https:\/\/algarve7.pt\/wp-content\/uploads\/2020\/10\/Logo-8.jpg","width":1680,"height":1186,"caption":"Algarve 7"},"image":{"@id":"https:\/\/algarve7.pt\/#\/schema\/logo\/image\/"},"sameAs":["https:\/\/www.facebook.com\/algarve7","https:\/\/x.com\/Algarvesete","https:\/\/www.instagram.com\/jornalalgarve7\/","https:\/\/www.linkedin.com\/company\/algarve7","https:\/\/www.pinterest.pt\/geral0939\/_created\/"]},{"@type":"Person","@id":"https:\/\/algarve7.pt\/#\/schema\/person\/23fa70681308e7b319a3204bcea45e0c","name":"Algarve 7","sameAs":["https:\/\/algarve7.pt","https:\/\/www.facebook.com\/algarve7"],"url":"https:\/\/algarve7.pt\/index.php\/author\/geralalgarve7-pt\/"}]}},"jetpack_publicize_connections":[],"jetpack_featured_media_url":"https:\/\/algarve7.pt\/wp-content\/uploads\/2024\/02\/Carnaval_SBA-2.jpg","jetpack_shortlink":"https:\/\/wp.me\/pcezmW-9cZ","jetpack_sharing_enabled":true,"_links":{"self":[{"href":"https:\/\/algarve7.pt\/index.php\/wp-json\/wp\/v2\/posts\/35401","targetHints":{"allow":["GET"]}}],"collection":[{"href":"https:\/\/algarve7.pt\/index.php\/wp-json\/wp\/v2\/posts"}],"about":[{"href":"https:\/\/algarve7.pt\/index.php\/wp-json\/wp\/v2\/types\/post"}],"author":[{"embeddable":true,"href":"https:\/\/algarve7.pt\/index.php\/wp-json\/wp\/v2\/users\/1"}],"replies":[{"embeddable":true,"href":"https:\/\/algarve7.pt\/index.php\/wp-json\/wp\/v2\/comments?post=35401"}],"version-history":[{"count":0,"href":"https:\/\/algarve7.pt\/index.php\/wp-json\/wp\/v2\/posts\/35401\/revisions"}],"wp:featuredmedia":[{"embeddable":true,"href":"https:\/\/algarve7.pt\/index.php\/wp-json\/wp\/v2\/media\/35402"}],"wp:attachment":[{"href":"https:\/\/algarve7.pt\/index.php\/wp-json\/wp\/v2\/media?parent=35401"}],"wp:term":[{"taxonomy":"category","embeddable":true,"href":"https:\/\/algarve7.pt\/index.php\/wp-json\/wp\/v2\/categories?post=35401"},{"taxonomy":"post_tag","embeddable":true,"href":"https:\/\/algarve7.pt\/index.php\/wp-json\/wp\/v2\/tags?post=35401"}],"curies":[{"name":"wp","href":"https:\/\/api.w.org\/{rel}","templated":true}]}}