{"id":35372,"date":"2024-02-07T13:30:00","date_gmt":"2024-02-07T13:30:00","guid":{"rendered":"https:\/\/algarve7.pt\/?p=35372"},"modified":"2024-02-06T18:04:19","modified_gmt":"2024-02-06T18:04:19","slug":"50-a-volta-ao-algarve-em-bicicleta-tem-contrarrelogio-em-albufeira-a-17-de-fevereiro","status":"publish","type":"post","link":"https:\/\/algarve7.pt\/index.php\/2024\/02\/50-a-volta-ao-algarve-em-bicicleta-tem-contrarrelogio-em-albufeira-a-17-de-fevereiro\/desporto\/13\/30\/","title":{"rendered":"50.\u00aa Volta ao Algarve em bicicleta tem contrarrel\u00f3gio em Albufeira a 17 de fevereiro"},"content":{"rendered":"\n<p>Eis o regresso da Volta ao Algarve em ciclismo com a 4.\u00aa etapa em contrarrel\u00f3gio em Albufeira (22 km) no dia 17 de fevereiro.<\/p>\n\n\n\n<p>Trata-se da \u00fanica corrida por etapas (entre 14 e 18 de fevereiro) portuguesa do circuito UCI ProSeries e nesta 50.\u00aa edi\u00e7\u00e3o, o pelot\u00e3o contar\u00e1 com 25 equipas, sendo 13 WorldTeams, o n\u00famero mais elevado de sempre, em igualdade com a cifra alcan\u00e7ada em 2018. Para al\u00e9m do facto da maioria do pelot\u00e3o ser formado por coletivos do WorldTour, estar\u00e3o presentes as cinco primeiras do ranking de 2023: UAE Team Emirates, Visma &#8211; Lease a Bike, Soudal Quick-Step, INEOS Grenadiers e Lidl -Trek. A Volta ao Algarve \u00e9 a melhor oportunidade para as equipas portuguesas competirem no mesmo pelot\u00e3o das principais equipas do pelot\u00e3o internacional, motivo pelo qual as nove forma\u00e7\u00f5es continentais registados em Portugal para 2024 estar\u00e3o na linha de partida para a 50.\u00aa edi\u00e7\u00e3o da corrida.<\/p>\n\n\n\n<p>Integrado no programa da Volta ao Algarve em Bicicleta, ter\u00e1 tamb\u00e9m lugar a 8<strong>.\u00aa Prova de Ciclismo Grafondo<\/strong>, a ter lugar na manh\u00e3 do dia 17 de fevereiro. O corte da fita \u00e9 \u00e0s 08h20 na Avenida dos Descobrimentos, onde passados 10 minutos ser\u00e1 dado o in\u00edcio da Prova. \u00c0s 14h30, no Espa\u00e7o Multiusos de Albufeira ter\u00e1 lugar a Cerim\u00f3nia de Entrega de Pr\u00e9mios.<\/p>\n\n\n\n<p>Organizada pela ACA \u2013 Associa\u00e7\u00e3o de Ciclismo do Algarve, a Granfondo \u00e9 direcionada para amadores e amantes da modalidade de ciclismo. Trata-se de um evento desportivo de massas com interesse tur\u00edstico e cultural e que atrai aproximadamente 1000 participantes oriundos de v\u00e1rios pontos do pa\u00eds e do estrangeiro. \u201cA Volta ao Algarve \u00e9 sempre um momento muito especial em Albufeira. \u00c9 meio s\u00e9culo de acolhimento de uma prova m\u00edtica, muito acarinhada pelos albufeirenses\u201d, refere o presidente da C\u00e2mara Municipal, Jos\u00e9 Carlos Rolo. O autarca \u00e9 igualmente um entusiasta da Granfondo, que \u201catrai cerca de um milhar de entusiastas do ciclismo, vindos de v\u00e1rias partes do pa\u00eds e do estrangeiro e que se reflete de modo muito positivo na economia local\u201d, esclarece ainda o edil, acentuando a \u201cexcelente exposi\u00e7\u00e3o medi\u00e1tica em meios de comunica\u00e7\u00e3o e redes socias, fazendo deste evento uma oportunidade de promo\u00e7\u00e3o da hotelaria, restaura\u00e7\u00e3o e outros servi\u00e7os nesta altura do ano\u201d. O autarca salienta ainda a compreens\u00e3o dos cidad\u00e3os para o encerramento e condicionamento de vias decorrentes destas provas. As montagens come\u00e7am no dia 16 e no dia 17 haver\u00e1 cortes de estrada entre as 10h00 e as 16h30, com algumas zonas totalmente interditas \u00e0 circula\u00e7\u00e3o autom\u00f3vel. Esta situa\u00e7\u00e3o vai implicar um dispositivo de uma centena de militares da Guarda Nacional Republicana, bem como os elementos do Servi\u00e7o Municipal da Prote\u00e7\u00e3o Civil, Bombeiros Volunt\u00e1rios de Albufeira e demais entidades de Seguran\u00e7a. As montagens para estas provas come\u00e7am no dia 16 e no dia 17 haver\u00e1 cortes de estrada entre as 10h00 e as 16h30, com algumas zonas totalmente interditas \u00e0 circula\u00e7\u00e3o autom\u00f3vel. Esta situa\u00e7\u00e3o vai implicar um dispositivo de uma centena de militares da Guarda Nacional Republicana. Est\u00e3o estabelecidas as vias alternativas para este dia, quer para a circula\u00e7\u00e3o de viaturas, quer para a circula\u00e7\u00e3o dos transportes p\u00fablicos GIRO<\/p>\n","protected":false},"excerpt":{"rendered":"<p>Eis o regresso da Volta ao Algarve em ciclismo com a 4.\u00aa etapa em contrarrel\u00f3gio em Albufeira (22 km) no<\/p>\n","protected":false},"author":1,"featured_media":35373,"comment_status":"closed","ping_status":"open","sticky":false,"template":"","format":"standard","meta":{"colormag_page_container_layout":"default_layout","colormag_page_sidebar_layout":"default_layout","_monsterinsights_skip_tracking":false,"_monsterinsights_sitenote_active":false,"_monsterinsights_sitenote_note":"","_monsterinsights_sitenote_category":0,"jetpack_post_was_ever_published":false,"_jetpack_newsletter_access":"","_jetpack_dont_email_post_to_subs":false,"_jetpack_newsletter_tier_id":0,"_jetpack_memberships_contains_paywalled_content":false,"_jetpack_memberships_contains_paid_content":false,"footnotes":"","jetpack_publicize_message":"","jetpack_publicize_feature_enabled":true,"jetpack_social_post_already_shared":true,"jetpack_social_options":{"image_generator_settings":{"template":"highway","default_image_id":0,"font":"","enabled":false},"version":2}},"categories":[15],"tags":[155,36,210,40],"class_list":["post-35372","post","type-post","status-publish","format-standard","has-post-thumbnail","hentry","category-desporto","tag-albufeira","tag-algarve","tag-ciclismo","tag-desporto"],"yoast_head":"<!-- This site is optimized with the Yoast SEO plugin v27.5 - https:\/\/yoast.com\/product\/yoast-seo-wordpress\/ -->\n<title>50.\u00aa Volta ao Algarve em bicicleta tem contrarrel\u00f3gio em Albufeira a 17 de fevereiro - Algarve 7<\/title>\n<meta name=\"description\" content=\"50.\u00aa Volta ao Algarve em bicicleta tem contrarrel\u00f3gio em Albufeira a 17 de fevereiro Desporto\" \/>\n<meta name=\"robots\" content=\"index, follow, max-snippet:-1, max-image-preview:large, max-video-preview:-1\" \/>\n<link rel=\"canonical\" href=\"https:\/\/algarve7.pt\/index.php\/2024\/02\/50-a-volta-ao-algarve-em-bicicleta-tem-contrarrelogio-em-albufeira-a-17-de-fevereiro\/desporto\/13\/30\/\" \/>\n<meta property=\"og:locale\" content=\"pt_PT\" \/>\n<meta property=\"og:type\" content=\"article\" \/>\n<meta property=\"og:title\" content=\"50.\u00aa Volta ao Algarve em bicicleta tem contrarrel\u00f3gio em Albufeira a 17 de fevereiro - Algarve 7\" \/>\n<meta property=\"og:description\" content=\"50.\u00aa Volta ao Algarve em bicicleta tem contrarrel\u00f3gio em Albufeira a 17 de fevereiro Desporto\" \/>\n<meta property=\"og:url\" content=\"https:\/\/algarve7.pt\/index.php\/2024\/02\/50-a-volta-ao-algarve-em-bicicleta-tem-contrarrelogio-em-albufeira-a-17-de-fevereiro\/desporto\/13\/30\/\" \/>\n<meta property=\"og:site_name\" content=\"Algarve 7\" \/>\n<meta property=\"article:publisher\" content=\"https:\/\/www.facebook.com\/algarve7\" \/>\n<meta property=\"article:author\" content=\"https:\/\/www.facebook.com\/algarve7\" \/>\n<meta property=\"article:published_time\" content=\"2024-02-07T13:30:00+00:00\" \/>\n<meta property=\"og:image\" content=\"https:\/\/algarve7.pt\/wp-content\/uploads\/2024\/02\/04-etapa.jpg\" \/>\n\t<meta property=\"og:image:width\" content=\"650\" \/>\n\t<meta property=\"og:image:height\" content=\"607\" \/>\n\t<meta property=\"og:image:type\" content=\"image\/jpeg\" \/>\n<meta name=\"author\" content=\"Algarve 7\" \/>\n<meta name=\"twitter:card\" content=\"summary_large_image\" \/>\n<meta name=\"twitter:creator\" content=\"@Algarvesete\" \/>\n<meta name=\"twitter:site\" content=\"@Algarvesete\" \/>\n<meta name=\"twitter:label1\" content=\"Escrito por\" \/>\n\t<meta name=\"twitter:data1\" content=\"Algarve 7\" \/>\n\t<meta name=\"twitter:label2\" content=\"Tempo estimado de leitura\" \/>\n\t<meta name=\"twitter:data2\" content=\"4 minutos\" \/>\n<script type=\"application\/ld+json\" class=\"yoast-schema-graph\">{\"@context\":\"https:\\\/\\\/schema.org\",\"@graph\":[{\"@type\":\"Article\",\"@id\":\"https:\\\/\\\/algarve7.pt\\\/index.php\\\/2024\\\/02\\\/50-a-volta-ao-algarve-em-bicicleta-tem-contrarrelogio-em-albufeira-a-17-de-fevereiro\\\/desporto\\\/13\\\/30\\\/#article\",\"isPartOf\":{\"@id\":\"https:\\\/\\\/algarve7.pt\\\/index.php\\\/2024\\\/02\\\/50-a-volta-ao-algarve-em-bicicleta-tem-contrarrelogio-em-albufeira-a-17-de-fevereiro\\\/desporto\\\/13\\\/30\\\/\"},\"author\":{\"name\":\"Algarve 7\",\"@id\":\"https:\\\/\\\/algarve7.pt\\\/#\\\/schema\\\/person\\\/23fa70681308e7b319a3204bcea45e0c\"},\"headline\":\"50.\u00aa Volta ao Algarve em bicicleta tem contrarrel\u00f3gio em Albufeira a 17 de fevereiro\",\"datePublished\":\"2024-02-07T13:30:00+00:00\",\"mainEntityOfPage\":{\"@id\":\"https:\\\/\\\/algarve7.pt\\\/index.php\\\/2024\\\/02\\\/50-a-volta-ao-algarve-em-bicicleta-tem-contrarrelogio-em-albufeira-a-17-de-fevereiro\\\/desporto\\\/13\\\/30\\\/\"},\"wordCount\":551,\"publisher\":{\"@id\":\"https:\\\/\\\/algarve7.pt\\\/#organization\"},\"image\":{\"@id\":\"https:\\\/\\\/algarve7.pt\\\/index.php\\\/2024\\\/02\\\/50-a-volta-ao-algarve-em-bicicleta-tem-contrarrelogio-em-albufeira-a-17-de-fevereiro\\\/desporto\\\/13\\\/30\\\/#primaryimage\"},\"thumbnailUrl\":\"https:\\\/\\\/algarve7.pt\\\/wp-content\\\/uploads\\\/2024\\\/02\\\/04-etapa.jpg\",\"keywords\":[\"Albufeira\",\"Algarve\",\"Ciclismo\",\"Desporto\"],\"articleSection\":[\"Desporto\"],\"inLanguage\":\"pt-PT\"},{\"@type\":\"WebPage\",\"@id\":\"https:\\\/\\\/algarve7.pt\\\/index.php\\\/2024\\\/02\\\/50-a-volta-ao-algarve-em-bicicleta-tem-contrarrelogio-em-albufeira-a-17-de-fevereiro\\\/desporto\\\/13\\\/30\\\/\",\"url\":\"https:\\\/\\\/algarve7.pt\\\/index.php\\\/2024\\\/02\\\/50-a-volta-ao-algarve-em-bicicleta-tem-contrarrelogio-em-albufeira-a-17-de-fevereiro\\\/desporto\\\/13\\\/30\\\/\",\"name\":\"50.\u00aa Volta ao Algarve em bicicleta tem contrarrel\u00f3gio em Albufeira a 17 de fevereiro - Algarve 7\",\"isPartOf\":{\"@id\":\"https:\\\/\\\/algarve7.pt\\\/#website\"},\"primaryImageOfPage\":{\"@id\":\"https:\\\/\\\/algarve7.pt\\\/index.php\\\/2024\\\/02\\\/50-a-volta-ao-algarve-em-bicicleta-tem-contrarrelogio-em-albufeira-a-17-de-fevereiro\\\/desporto\\\/13\\\/30\\\/#primaryimage\"},\"image\":{\"@id\":\"https:\\\/\\\/algarve7.pt\\\/index.php\\\/2024\\\/02\\\/50-a-volta-ao-algarve-em-bicicleta-tem-contrarrelogio-em-albufeira-a-17-de-fevereiro\\\/desporto\\\/13\\\/30\\\/#primaryimage\"},\"thumbnailUrl\":\"https:\\\/\\\/algarve7.pt\\\/wp-content\\\/uploads\\\/2024\\\/02\\\/04-etapa.jpg\",\"datePublished\":\"2024-02-07T13:30:00+00:00\",\"description\":\"50.\u00aa Volta ao Algarve em bicicleta tem contrarrel\u00f3gio em Albufeira a 17 de fevereiro Desporto\",\"breadcrumb\":{\"@id\":\"https:\\\/\\\/algarve7.pt\\\/index.php\\\/2024\\\/02\\\/50-a-volta-ao-algarve-em-bicicleta-tem-contrarrelogio-em-albufeira-a-17-de-fevereiro\\\/desporto\\\/13\\\/30\\\/#breadcrumb\"},\"inLanguage\":\"pt-PT\",\"potentialAction\":[{\"@type\":\"ReadAction\",\"target\":[\"https:\\\/\\\/algarve7.pt\\\/index.php\\\/2024\\\/02\\\/50-a-volta-ao-algarve-em-bicicleta-tem-contrarrelogio-em-albufeira-a-17-de-fevereiro\\\/desporto\\\/13\\\/30\\\/\"]}]},{\"@type\":\"ImageObject\",\"inLanguage\":\"pt-PT\",\"@id\":\"https:\\\/\\\/algarve7.pt\\\/index.php\\\/2024\\\/02\\\/50-a-volta-ao-algarve-em-bicicleta-tem-contrarrelogio-em-albufeira-a-17-de-fevereiro\\\/desporto\\\/13\\\/30\\\/#primaryimage\",\"url\":\"https:\\\/\\\/algarve7.pt\\\/wp-content\\\/uploads\\\/2024\\\/02\\\/04-etapa.jpg\",\"contentUrl\":\"https:\\\/\\\/algarve7.pt\\\/wp-content\\\/uploads\\\/2024\\\/02\\\/04-etapa.jpg\",\"width\":650,\"height\":607},{\"@type\":\"BreadcrumbList\",\"@id\":\"https:\\\/\\\/algarve7.pt\\\/index.php\\\/2024\\\/02\\\/50-a-volta-ao-algarve-em-bicicleta-tem-contrarrelogio-em-albufeira-a-17-de-fevereiro\\\/desporto\\\/13\\\/30\\\/#breadcrumb\",\"itemListElement\":[{\"@type\":\"ListItem\",\"position\":1,\"name\":\"In\u00edcio\",\"item\":\"https:\\\/\\\/algarve7.pt\\\/\"},{\"@type\":\"ListItem\",\"position\":2,\"name\":\"50.\u00aa Volta ao Algarve em bicicleta tem contrarrel\u00f3gio em Albufeira a 17 de fevereiro\"}]},{\"@type\":\"WebSite\",\"@id\":\"https:\\\/\\\/algarve7.pt\\\/#website\",\"url\":\"https:\\\/\\\/algarve7.pt\\\/\",\"name\":\"Algarve 7\",\"description\":\"Informa\u00e7\u00e3o sobre o Algarve\",\"publisher\":{\"@id\":\"https:\\\/\\\/algarve7.pt\\\/#organization\"},\"potentialAction\":[{\"@type\":\"SearchAction\",\"target\":{\"@type\":\"EntryPoint\",\"urlTemplate\":\"https:\\\/\\\/algarve7.pt\\\/?s={search_term_string}\"},\"query-input\":{\"@type\":\"PropertyValueSpecification\",\"valueRequired\":true,\"valueName\":\"search_term_string\"}}],\"inLanguage\":\"pt-PT\"},{\"@type\":\"Organization\",\"@id\":\"https:\\\/\\\/algarve7.pt\\\/#organization\",\"name\":\"Algarve 7\",\"url\":\"https:\\\/\\\/algarve7.pt\\\/\",\"logo\":{\"@type\":\"ImageObject\",\"inLanguage\":\"pt-PT\",\"@id\":\"https:\\\/\\\/algarve7.pt\\\/#\\\/schema\\\/logo\\\/image\\\/\",\"url\":\"https:\\\/\\\/algarve7.pt\\\/wp-content\\\/uploads\\\/2020\\\/10\\\/Logo-8.jpg\",\"contentUrl\":\"https:\\\/\\\/algarve7.pt\\\/wp-content\\\/uploads\\\/2020\\\/10\\\/Logo-8.jpg\",\"width\":1680,\"height\":1186,\"caption\":\"Algarve 7\"},\"image\":{\"@id\":\"https:\\\/\\\/algarve7.pt\\\/#\\\/schema\\\/logo\\\/image\\\/\"},\"sameAs\":[\"https:\\\/\\\/www.facebook.com\\\/algarve7\",\"https:\\\/\\\/x.com\\\/Algarvesete\",\"https:\\\/\\\/www.instagram.com\\\/jornalalgarve7\\\/\",\"https:\\\/\\\/www.linkedin.com\\\/company\\\/algarve7\",\"https:\\\/\\\/www.pinterest.pt\\\/geral0939\\\/_created\\\/\"]},{\"@type\":\"Person\",\"@id\":\"https:\\\/\\\/algarve7.pt\\\/#\\\/schema\\\/person\\\/23fa70681308e7b319a3204bcea45e0c\",\"name\":\"Algarve 7\",\"sameAs\":[\"https:\\\/\\\/algarve7.pt\",\"https:\\\/\\\/www.facebook.com\\\/algarve7\"],\"url\":\"https:\\\/\\\/algarve7.pt\\\/index.php\\\/author\\\/geralalgarve7-pt\\\/\"}]}<\/script>\n<!-- \/ Yoast SEO plugin. -->","yoast_head_json":{"title":"50.\u00aa Volta ao Algarve em bicicleta tem contrarrel\u00f3gio em Albufeira a 17 de fevereiro - Algarve 7","description":"50.\u00aa Volta ao Algarve em bicicleta tem contrarrel\u00f3gio em Albufeira a 17 de fevereiro Desporto","robots":{"index":"index","follow":"follow","max-snippet":"max-snippet:-1","max-image-preview":"max-image-preview:large","max-video-preview":"max-video-preview:-1"},"canonical":"https:\/\/algarve7.pt\/index.php\/2024\/02\/50-a-volta-ao-algarve-em-bicicleta-tem-contrarrelogio-em-albufeira-a-17-de-fevereiro\/desporto\/13\/30\/","og_locale":"pt_PT","og_type":"article","og_title":"50.\u00aa Volta ao Algarve em bicicleta tem contrarrel\u00f3gio em Albufeira a 17 de fevereiro - Algarve 7","og_description":"50.\u00aa Volta ao Algarve em bicicleta tem contrarrel\u00f3gio em Albufeira a 17 de fevereiro Desporto","og_url":"https:\/\/algarve7.pt\/index.php\/2024\/02\/50-a-volta-ao-algarve-em-bicicleta-tem-contrarrelogio-em-albufeira-a-17-de-fevereiro\/desporto\/13\/30\/","og_site_name":"Algarve 7","article_publisher":"https:\/\/www.facebook.com\/algarve7","article_author":"https:\/\/www.facebook.com\/algarve7","article_published_time":"2024-02-07T13:30:00+00:00","og_image":[{"width":650,"height":607,"url":"https:\/\/algarve7.pt\/wp-content\/uploads\/2024\/02\/04-etapa.jpg","type":"image\/jpeg"}],"author":"Algarve 7","twitter_card":"summary_large_image","twitter_creator":"@Algarvesete","twitter_site":"@Algarvesete","twitter_misc":{"Escrito por":"Algarve 7","Tempo estimado de leitura":"4 minutos"},"schema":{"@context":"https:\/\/schema.org","@graph":[{"@type":"Article","@id":"https:\/\/algarve7.pt\/index.php\/2024\/02\/50-a-volta-ao-algarve-em-bicicleta-tem-contrarrelogio-em-albufeira-a-17-de-fevereiro\/desporto\/13\/30\/#article","isPartOf":{"@id":"https:\/\/algarve7.pt\/index.php\/2024\/02\/50-a-volta-ao-algarve-em-bicicleta-tem-contrarrelogio-em-albufeira-a-17-de-fevereiro\/desporto\/13\/30\/"},"author":{"name":"Algarve 7","@id":"https:\/\/algarve7.pt\/#\/schema\/person\/23fa70681308e7b319a3204bcea45e0c"},"headline":"50.\u00aa Volta ao Algarve em bicicleta tem contrarrel\u00f3gio em Albufeira a 17 de fevereiro","datePublished":"2024-02-07T13:30:00+00:00","mainEntityOfPage":{"@id":"https:\/\/algarve7.pt\/index.php\/2024\/02\/50-a-volta-ao-algarve-em-bicicleta-tem-contrarrelogio-em-albufeira-a-17-de-fevereiro\/desporto\/13\/30\/"},"wordCount":551,"publisher":{"@id":"https:\/\/algarve7.pt\/#organization"},"image":{"@id":"https:\/\/algarve7.pt\/index.php\/2024\/02\/50-a-volta-ao-algarve-em-bicicleta-tem-contrarrelogio-em-albufeira-a-17-de-fevereiro\/desporto\/13\/30\/#primaryimage"},"thumbnailUrl":"https:\/\/algarve7.pt\/wp-content\/uploads\/2024\/02\/04-etapa.jpg","keywords":["Albufeira","Algarve","Ciclismo","Desporto"],"articleSection":["Desporto"],"inLanguage":"pt-PT"},{"@type":"WebPage","@id":"https:\/\/algarve7.pt\/index.php\/2024\/02\/50-a-volta-ao-algarve-em-bicicleta-tem-contrarrelogio-em-albufeira-a-17-de-fevereiro\/desporto\/13\/30\/","url":"https:\/\/algarve7.pt\/index.php\/2024\/02\/50-a-volta-ao-algarve-em-bicicleta-tem-contrarrelogio-em-albufeira-a-17-de-fevereiro\/desporto\/13\/30\/","name":"50.\u00aa Volta ao Algarve em bicicleta tem contrarrel\u00f3gio em Albufeira a 17 de fevereiro - Algarve 7","isPartOf":{"@id":"https:\/\/algarve7.pt\/#website"},"primaryImageOfPage":{"@id":"https:\/\/algarve7.pt\/index.php\/2024\/02\/50-a-volta-ao-algarve-em-bicicleta-tem-contrarrelogio-em-albufeira-a-17-de-fevereiro\/desporto\/13\/30\/#primaryimage"},"image":{"@id":"https:\/\/algarve7.pt\/index.php\/2024\/02\/50-a-volta-ao-algarve-em-bicicleta-tem-contrarrelogio-em-albufeira-a-17-de-fevereiro\/desporto\/13\/30\/#primaryimage"},"thumbnailUrl":"https:\/\/algarve7.pt\/wp-content\/uploads\/2024\/02\/04-etapa.jpg","datePublished":"2024-02-07T13:30:00+00:00","description":"50.\u00aa Volta ao Algarve em bicicleta tem contrarrel\u00f3gio em Albufeira a 17 de fevereiro Desporto","breadcrumb":{"@id":"https:\/\/algarve7.pt\/index.php\/2024\/02\/50-a-volta-ao-algarve-em-bicicleta-tem-contrarrelogio-em-albufeira-a-17-de-fevereiro\/desporto\/13\/30\/#breadcrumb"},"inLanguage":"pt-PT","potentialAction":[{"@type":"ReadAction","target":["https:\/\/algarve7.pt\/index.php\/2024\/02\/50-a-volta-ao-algarve-em-bicicleta-tem-contrarrelogio-em-albufeira-a-17-de-fevereiro\/desporto\/13\/30\/"]}]},{"@type":"ImageObject","inLanguage":"pt-PT","@id":"https:\/\/algarve7.pt\/index.php\/2024\/02\/50-a-volta-ao-algarve-em-bicicleta-tem-contrarrelogio-em-albufeira-a-17-de-fevereiro\/desporto\/13\/30\/#primaryimage","url":"https:\/\/algarve7.pt\/wp-content\/uploads\/2024\/02\/04-etapa.jpg","contentUrl":"https:\/\/algarve7.pt\/wp-content\/uploads\/2024\/02\/04-etapa.jpg","width":650,"height":607},{"@type":"BreadcrumbList","@id":"https:\/\/algarve7.pt\/index.php\/2024\/02\/50-a-volta-ao-algarve-em-bicicleta-tem-contrarrelogio-em-albufeira-a-17-de-fevereiro\/desporto\/13\/30\/#breadcrumb","itemListElement":[{"@type":"ListItem","position":1,"name":"In\u00edcio","item":"https:\/\/algarve7.pt\/"},{"@type":"ListItem","position":2,"name":"50.\u00aa Volta ao Algarve em bicicleta tem contrarrel\u00f3gio em Albufeira a 17 de fevereiro"}]},{"@type":"WebSite","@id":"https:\/\/algarve7.pt\/#website","url":"https:\/\/algarve7.pt\/","name":"Algarve 7","description":"Informa\u00e7\u00e3o sobre o Algarve","publisher":{"@id":"https:\/\/algarve7.pt\/#organization"},"potentialAction":[{"@type":"SearchAction","target":{"@type":"EntryPoint","urlTemplate":"https:\/\/algarve7.pt\/?s={search_term_string}"},"query-input":{"@type":"PropertyValueSpecification","valueRequired":true,"valueName":"search_term_string"}}],"inLanguage":"pt-PT"},{"@type":"Organization","@id":"https:\/\/algarve7.pt\/#organization","name":"Algarve 7","url":"https:\/\/algarve7.pt\/","logo":{"@type":"ImageObject","inLanguage":"pt-PT","@id":"https:\/\/algarve7.pt\/#\/schema\/logo\/image\/","url":"https:\/\/algarve7.pt\/wp-content\/uploads\/2020\/10\/Logo-8.jpg","contentUrl":"https:\/\/algarve7.pt\/wp-content\/uploads\/2020\/10\/Logo-8.jpg","width":1680,"height":1186,"caption":"Algarve 7"},"image":{"@id":"https:\/\/algarve7.pt\/#\/schema\/logo\/image\/"},"sameAs":["https:\/\/www.facebook.com\/algarve7","https:\/\/x.com\/Algarvesete","https:\/\/www.instagram.com\/jornalalgarve7\/","https:\/\/www.linkedin.com\/company\/algarve7","https:\/\/www.pinterest.pt\/geral0939\/_created\/"]},{"@type":"Person","@id":"https:\/\/algarve7.pt\/#\/schema\/person\/23fa70681308e7b319a3204bcea45e0c","name":"Algarve 7","sameAs":["https:\/\/algarve7.pt","https:\/\/www.facebook.com\/algarve7"],"url":"https:\/\/algarve7.pt\/index.php\/author\/geralalgarve7-pt\/"}]}},"jetpack_publicize_connections":[],"jetpack_featured_media_url":"https:\/\/algarve7.pt\/wp-content\/uploads\/2024\/02\/04-etapa.jpg","jetpack_shortlink":"https:\/\/wp.me\/pcezmW-9cw","jetpack_sharing_enabled":true,"_links":{"self":[{"href":"https:\/\/algarve7.pt\/index.php\/wp-json\/wp\/v2\/posts\/35372","targetHints":{"allow":["GET"]}}],"collection":[{"href":"https:\/\/algarve7.pt\/index.php\/wp-json\/wp\/v2\/posts"}],"about":[{"href":"https:\/\/algarve7.pt\/index.php\/wp-json\/wp\/v2\/types\/post"}],"author":[{"embeddable":true,"href":"https:\/\/algarve7.pt\/index.php\/wp-json\/wp\/v2\/users\/1"}],"replies":[{"embeddable":true,"href":"https:\/\/algarve7.pt\/index.php\/wp-json\/wp\/v2\/comments?post=35372"}],"version-history":[{"count":0,"href":"https:\/\/algarve7.pt\/index.php\/wp-json\/wp\/v2\/posts\/35372\/revisions"}],"wp:featuredmedia":[{"embeddable":true,"href":"https:\/\/algarve7.pt\/index.php\/wp-json\/wp\/v2\/media\/35373"}],"wp:attachment":[{"href":"https:\/\/algarve7.pt\/index.php\/wp-json\/wp\/v2\/media?parent=35372"}],"wp:term":[{"taxonomy":"category","embeddable":true,"href":"https:\/\/algarve7.pt\/index.php\/wp-json\/wp\/v2\/categories?post=35372"},{"taxonomy":"post_tag","embeddable":true,"href":"https:\/\/algarve7.pt\/index.php\/wp-json\/wp\/v2\/tags?post=35372"}],"curies":[{"name":"wp","href":"https:\/\/api.w.org\/{rel}","templated":true}]}}