{"id":35361,"date":"2024-02-07T12:55:00","date_gmt":"2024-02-07T12:55:00","guid":{"rendered":"https:\/\/algarve7.pt\/?p=35361"},"modified":"2024-02-06T15:44:20","modified_gmt":"2024-02-06T15:44:20","slug":"esec-da-universidade-do-algarve-renova-estudios-de-audiovisual-possibilitando-melhor-formacao-aos-estudantes","status":"publish","type":"post","link":"https:\/\/algarve7.pt\/index.php\/2024\/02\/esec-da-universidade-do-algarve-renova-estudios-de-audiovisual-possibilitando-melhor-formacao-aos-estudantes\/educacao\/12\/55\/","title":{"rendered":"ESEC da Universidade do Algarve renova est\u00fadios de audiovisual possibilitando melhor forma\u00e7\u00e3o aos estudantes"},"content":{"rendered":"\n<p>A Escola Superior de Educa\u00e7\u00e3o e Comunica\u00e7\u00e3o (ESEC) da Universidade do Algarve (UAlg), em resposta \u00e0 crescente necessidade de forma\u00e7\u00e3o e produ\u00e7\u00e3o audiovisual de alta qualidade, modernizou o seu est\u00fadio e r\u00e9gie de v\u00eddeo e \u00e1udio com tecnologias de ponta Ultra HD 4K, com o objetivo de acompanhar as r\u00e1pidas mudan\u00e7as tecnol\u00f3gicas e proporcionar aos estudantes uma experi\u00eancia educacional enriquecedora.<\/p>\n\n\n\n<p>A renova\u00e7\u00e3o dos est\u00fadios surgiu da necessidade de oferecer um ambiente mais prop\u00edcio \u00e0s necessidades pedag\u00f3gicas, preparando os alunos para os desafios do mercado audiovisual atual. A sele\u00e7\u00e3o e instala\u00e7\u00e3o dos novos equipamentos foram conduzidas com o m\u00e1ximo rigor, garantindo a integra\u00e7\u00e3o perfeita dos sistemas de v\u00eddeo, \u00e1udio e ilumina\u00e7\u00e3o. Foi dada especial aten\u00e7\u00e3o \u00e0 ergonomia e usabilidade, garantindo que professores e estudantes possam aproveitar ao m\u00e1ximo as novas tecnologias sem complica\u00e7\u00f5es.<\/p>\n\n\n\n<p>O sucesso deste projeto foi evidenciado pela transforma\u00e7\u00e3o dos est\u00fadios em espa\u00e7os vers\u00e1teis e de alto desempenho. As capacidades avan\u00e7adas dos equipamentos permitirem agora a realiza\u00e7\u00e3o de produ\u00e7\u00f5es audiovisuais mais sofisticadas, enriquecendo a experi\u00eancia educacional dos estudantes e elevando a reputa\u00e7\u00e3o da Universidade do Algarve no campo da forma\u00e7\u00e3o e produ\u00e7\u00e3o audiovisual.&nbsp;<\/p>\n\n\n\n<p>Para o diretor da ESEC, Ant\u00f3nio Lacerda, \u201cesta Escola tem sido uma refer\u00eancia para a regi\u00e3o, e para a pr\u00f3pria Universidade do Algarve como um todo, nos dom\u00ednios da Comunica\u00e7\u00e3o, Artes e Design, a v\u00e1rios n\u00edveis, dada a forte liga\u00e7\u00e3o dos cursos \u00e0 comunidade\u201d. Este investimento, explica, \u201cinserido na constru\u00e7\u00e3o do projeto FAB-LAB ESEC, assume uma contribui\u00e7\u00e3o para o desenvolvimento da qualidade da forma\u00e7\u00e3o do ensino superior, possibilitando o avan\u00e7o nas \u00e1reas das novas tecnologias e transfer\u00eancia de conhecimento junto dos p\u00fablicos externos, empresas ou institui\u00e7\u00f5es\u201d.<\/p>\n\n\n\n<p>A renova\u00e7\u00e3o do est\u00fadio foi financiada atrav\u00e9s do&nbsp;Plano de Recupera\u00e7\u00e3o e Resili\u00eancia (PRR) e rondou os 94 mil euros.<\/p>\n","protected":false},"excerpt":{"rendered":"<p>A Escola Superior de Educa\u00e7\u00e3o e Comunica\u00e7\u00e3o (ESEC) da Universidade do Algarve (UAlg), em resposta \u00e0 crescente necessidade de forma\u00e7\u00e3o<\/p>\n","protected":false},"author":1,"featured_media":35362,"comment_status":"closed","ping_status":"open","sticky":false,"template":"","format":"standard","meta":{"colormag_page_container_layout":"default_layout","colormag_page_sidebar_layout":"default_layout","_monsterinsights_skip_tracking":false,"_monsterinsights_sitenote_active":false,"_monsterinsights_sitenote_note":"","_monsterinsights_sitenote_category":0,"jetpack_post_was_ever_published":false,"_jetpack_newsletter_access":"","_jetpack_dont_email_post_to_subs":false,"_jetpack_newsletter_tier_id":0,"_jetpack_memberships_contains_paywalled_content":false,"_jetpack_memberships_contains_paid_content":false,"footnotes":"","jetpack_publicize_message":"","jetpack_publicize_feature_enabled":true,"jetpack_social_post_already_shared":true,"jetpack_social_options":{"image_generator_settings":{"template":"highway","default_image_id":0,"font":"","enabled":false},"version":2}},"categories":[93],"tags":[36,74,182],"class_list":["post-35361","post","type-post","status-publish","format-standard","has-post-thumbnail","hentry","category-educacao","tag-algarve","tag-educacao","tag-ualg"],"yoast_head":"<!-- This site is optimized with the Yoast SEO plugin v27.5 - https:\/\/yoast.com\/product\/yoast-seo-wordpress\/ -->\n<title>ESEC da Universidade do Algarve renova est\u00fadios de audiovisual possibilitando melhor forma\u00e7\u00e3o aos estudantes - Algarve 7<\/title>\n<meta name=\"description\" content=\"ESEC da Universidade do Algarve renova est\u00fadios de audiovisual possibilitando melhor forma\u00e7\u00e3o aos estudantes Educa\u00e7\u00e3o\" \/>\n<meta name=\"robots\" content=\"index, follow, max-snippet:-1, max-image-preview:large, max-video-preview:-1\" \/>\n<link rel=\"canonical\" href=\"https:\/\/algarve7.pt\/index.php\/2024\/02\/esec-da-universidade-do-algarve-renova-estudios-de-audiovisual-possibilitando-melhor-formacao-aos-estudantes\/educacao\/12\/55\/\" \/>\n<meta property=\"og:locale\" content=\"pt_PT\" \/>\n<meta property=\"og:type\" content=\"article\" \/>\n<meta property=\"og:title\" content=\"ESEC da Universidade do Algarve renova est\u00fadios de audiovisual possibilitando melhor forma\u00e7\u00e3o aos estudantes - Algarve 7\" \/>\n<meta property=\"og:description\" content=\"ESEC da Universidade do Algarve renova est\u00fadios de audiovisual possibilitando melhor forma\u00e7\u00e3o aos estudantes Educa\u00e7\u00e3o\" \/>\n<meta property=\"og:url\" content=\"https:\/\/algarve7.pt\/index.php\/2024\/02\/esec-da-universidade-do-algarve-renova-estudios-de-audiovisual-possibilitando-melhor-formacao-aos-estudantes\/educacao\/12\/55\/\" \/>\n<meta property=\"og:site_name\" content=\"Algarve 7\" \/>\n<meta property=\"article:publisher\" content=\"https:\/\/www.facebook.com\/algarve7\" \/>\n<meta property=\"article:author\" content=\"https:\/\/www.facebook.com\/algarve7\" \/>\n<meta property=\"article:published_time\" content=\"2024-02-07T12:55:00+00:00\" \/>\n<meta property=\"og:image\" content=\"https:\/\/algarve7.pt\/wp-content\/uploads\/2024\/02\/Captura-de-ecra-2024-02-06-as-15.41.28.png\" \/>\n\t<meta property=\"og:image:width\" content=\"1024\" \/>\n\t<meta property=\"og:image:height\" content=\"676\" \/>\n\t<meta property=\"og:image:type\" content=\"image\/png\" \/>\n<meta name=\"author\" content=\"Algarve 7\" \/>\n<meta name=\"twitter:card\" content=\"summary_large_image\" \/>\n<meta name=\"twitter:creator\" content=\"@Algarvesete\" \/>\n<meta name=\"twitter:site\" content=\"@Algarvesete\" \/>\n<meta name=\"twitter:label1\" content=\"Escrito por\" \/>\n\t<meta name=\"twitter:data1\" content=\"Algarve 7\" \/>\n\t<meta name=\"twitter:label2\" content=\"Tempo estimado de leitura\" \/>\n\t<meta name=\"twitter:data2\" content=\"2 minutos\" \/>\n<script type=\"application\/ld+json\" class=\"yoast-schema-graph\">{\"@context\":\"https:\\\/\\\/schema.org\",\"@graph\":[{\"@type\":\"Article\",\"@id\":\"https:\\\/\\\/algarve7.pt\\\/index.php\\\/2024\\\/02\\\/esec-da-universidade-do-algarve-renova-estudios-de-audiovisual-possibilitando-melhor-formacao-aos-estudantes\\\/educacao\\\/12\\\/55\\\/#article\",\"isPartOf\":{\"@id\":\"https:\\\/\\\/algarve7.pt\\\/index.php\\\/2024\\\/02\\\/esec-da-universidade-do-algarve-renova-estudios-de-audiovisual-possibilitando-melhor-formacao-aos-estudantes\\\/educacao\\\/12\\\/55\\\/\"},\"author\":{\"name\":\"Algarve 7\",\"@id\":\"https:\\\/\\\/algarve7.pt\\\/#\\\/schema\\\/person\\\/23fa70681308e7b319a3204bcea45e0c\"},\"headline\":\"ESEC da Universidade do Algarve renova est\u00fadios de audiovisual possibilitando melhor forma\u00e7\u00e3o aos estudantes\",\"datePublished\":\"2024-02-07T12:55:00+00:00\",\"mainEntityOfPage\":{\"@id\":\"https:\\\/\\\/algarve7.pt\\\/index.php\\\/2024\\\/02\\\/esec-da-universidade-do-algarve-renova-estudios-de-audiovisual-possibilitando-melhor-formacao-aos-estudantes\\\/educacao\\\/12\\\/55\\\/\"},\"wordCount\":360,\"publisher\":{\"@id\":\"https:\\\/\\\/algarve7.pt\\\/#organization\"},\"image\":{\"@id\":\"https:\\\/\\\/algarve7.pt\\\/index.php\\\/2024\\\/02\\\/esec-da-universidade-do-algarve-renova-estudios-de-audiovisual-possibilitando-melhor-formacao-aos-estudantes\\\/educacao\\\/12\\\/55\\\/#primaryimage\"},\"thumbnailUrl\":\"https:\\\/\\\/algarve7.pt\\\/wp-content\\\/uploads\\\/2024\\\/02\\\/Captura-de-ecra-2024-02-06-as-15.41.28.png\",\"keywords\":[\"Algarve\",\"Educa\u00e7\u00e3o\",\"UALG\"],\"articleSection\":[\"Educa\u00e7\u00e3o\"],\"inLanguage\":\"pt-PT\"},{\"@type\":\"WebPage\",\"@id\":\"https:\\\/\\\/algarve7.pt\\\/index.php\\\/2024\\\/02\\\/esec-da-universidade-do-algarve-renova-estudios-de-audiovisual-possibilitando-melhor-formacao-aos-estudantes\\\/educacao\\\/12\\\/55\\\/\",\"url\":\"https:\\\/\\\/algarve7.pt\\\/index.php\\\/2024\\\/02\\\/esec-da-universidade-do-algarve-renova-estudios-de-audiovisual-possibilitando-melhor-formacao-aos-estudantes\\\/educacao\\\/12\\\/55\\\/\",\"name\":\"ESEC da Universidade do Algarve renova est\u00fadios de audiovisual possibilitando melhor forma\u00e7\u00e3o aos estudantes - Algarve 7\",\"isPartOf\":{\"@id\":\"https:\\\/\\\/algarve7.pt\\\/#website\"},\"primaryImageOfPage\":{\"@id\":\"https:\\\/\\\/algarve7.pt\\\/index.php\\\/2024\\\/02\\\/esec-da-universidade-do-algarve-renova-estudios-de-audiovisual-possibilitando-melhor-formacao-aos-estudantes\\\/educacao\\\/12\\\/55\\\/#primaryimage\"},\"image\":{\"@id\":\"https:\\\/\\\/algarve7.pt\\\/index.php\\\/2024\\\/02\\\/esec-da-universidade-do-algarve-renova-estudios-de-audiovisual-possibilitando-melhor-formacao-aos-estudantes\\\/educacao\\\/12\\\/55\\\/#primaryimage\"},\"thumbnailUrl\":\"https:\\\/\\\/algarve7.pt\\\/wp-content\\\/uploads\\\/2024\\\/02\\\/Captura-de-ecra-2024-02-06-as-15.41.28.png\",\"datePublished\":\"2024-02-07T12:55:00+00:00\",\"description\":\"ESEC da Universidade do Algarve renova est\u00fadios de audiovisual possibilitando melhor forma\u00e7\u00e3o aos estudantes Educa\u00e7\u00e3o\",\"breadcrumb\":{\"@id\":\"https:\\\/\\\/algarve7.pt\\\/index.php\\\/2024\\\/02\\\/esec-da-universidade-do-algarve-renova-estudios-de-audiovisual-possibilitando-melhor-formacao-aos-estudantes\\\/educacao\\\/12\\\/55\\\/#breadcrumb\"},\"inLanguage\":\"pt-PT\",\"potentialAction\":[{\"@type\":\"ReadAction\",\"target\":[\"https:\\\/\\\/algarve7.pt\\\/index.php\\\/2024\\\/02\\\/esec-da-universidade-do-algarve-renova-estudios-de-audiovisual-possibilitando-melhor-formacao-aos-estudantes\\\/educacao\\\/12\\\/55\\\/\"]}]},{\"@type\":\"ImageObject\",\"inLanguage\":\"pt-PT\",\"@id\":\"https:\\\/\\\/algarve7.pt\\\/index.php\\\/2024\\\/02\\\/esec-da-universidade-do-algarve-renova-estudios-de-audiovisual-possibilitando-melhor-formacao-aos-estudantes\\\/educacao\\\/12\\\/55\\\/#primaryimage\",\"url\":\"https:\\\/\\\/algarve7.pt\\\/wp-content\\\/uploads\\\/2024\\\/02\\\/Captura-de-ecra-2024-02-06-as-15.41.28.png\",\"contentUrl\":\"https:\\\/\\\/algarve7.pt\\\/wp-content\\\/uploads\\\/2024\\\/02\\\/Captura-de-ecra-2024-02-06-as-15.41.28.png\",\"width\":1024,\"height\":676},{\"@type\":\"BreadcrumbList\",\"@id\":\"https:\\\/\\\/algarve7.pt\\\/index.php\\\/2024\\\/02\\\/esec-da-universidade-do-algarve-renova-estudios-de-audiovisual-possibilitando-melhor-formacao-aos-estudantes\\\/educacao\\\/12\\\/55\\\/#breadcrumb\",\"itemListElement\":[{\"@type\":\"ListItem\",\"position\":1,\"name\":\"In\u00edcio\",\"item\":\"https:\\\/\\\/algarve7.pt\\\/\"},{\"@type\":\"ListItem\",\"position\":2,\"name\":\"ESEC da Universidade do Algarve renova est\u00fadios de audiovisual possibilitando melhor forma\u00e7\u00e3o aos estudantes\"}]},{\"@type\":\"WebSite\",\"@id\":\"https:\\\/\\\/algarve7.pt\\\/#website\",\"url\":\"https:\\\/\\\/algarve7.pt\\\/\",\"name\":\"Algarve 7\",\"description\":\"Informa\u00e7\u00e3o sobre o Algarve\",\"publisher\":{\"@id\":\"https:\\\/\\\/algarve7.pt\\\/#organization\"},\"potentialAction\":[{\"@type\":\"SearchAction\",\"target\":{\"@type\":\"EntryPoint\",\"urlTemplate\":\"https:\\\/\\\/algarve7.pt\\\/?s={search_term_string}\"},\"query-input\":{\"@type\":\"PropertyValueSpecification\",\"valueRequired\":true,\"valueName\":\"search_term_string\"}}],\"inLanguage\":\"pt-PT\"},{\"@type\":\"Organization\",\"@id\":\"https:\\\/\\\/algarve7.pt\\\/#organization\",\"name\":\"Algarve 7\",\"url\":\"https:\\\/\\\/algarve7.pt\\\/\",\"logo\":{\"@type\":\"ImageObject\",\"inLanguage\":\"pt-PT\",\"@id\":\"https:\\\/\\\/algarve7.pt\\\/#\\\/schema\\\/logo\\\/image\\\/\",\"url\":\"https:\\\/\\\/algarve7.pt\\\/wp-content\\\/uploads\\\/2020\\\/10\\\/Logo-8.jpg\",\"contentUrl\":\"https:\\\/\\\/algarve7.pt\\\/wp-content\\\/uploads\\\/2020\\\/10\\\/Logo-8.jpg\",\"width\":1680,\"height\":1186,\"caption\":\"Algarve 7\"},\"image\":{\"@id\":\"https:\\\/\\\/algarve7.pt\\\/#\\\/schema\\\/logo\\\/image\\\/\"},\"sameAs\":[\"https:\\\/\\\/www.facebook.com\\\/algarve7\",\"https:\\\/\\\/x.com\\\/Algarvesete\",\"https:\\\/\\\/www.instagram.com\\\/jornalalgarve7\\\/\",\"https:\\\/\\\/www.linkedin.com\\\/company\\\/algarve7\",\"https:\\\/\\\/www.pinterest.pt\\\/geral0939\\\/_created\\\/\"]},{\"@type\":\"Person\",\"@id\":\"https:\\\/\\\/algarve7.pt\\\/#\\\/schema\\\/person\\\/23fa70681308e7b319a3204bcea45e0c\",\"name\":\"Algarve 7\",\"sameAs\":[\"https:\\\/\\\/algarve7.pt\",\"https:\\\/\\\/www.facebook.com\\\/algarve7\"],\"url\":\"https:\\\/\\\/algarve7.pt\\\/index.php\\\/author\\\/geralalgarve7-pt\\\/\"}]}<\/script>\n<!-- \/ Yoast SEO plugin. -->","yoast_head_json":{"title":"ESEC da Universidade do Algarve renova est\u00fadios de audiovisual possibilitando melhor forma\u00e7\u00e3o aos estudantes - Algarve 7","description":"ESEC da Universidade do Algarve renova est\u00fadios de audiovisual possibilitando melhor forma\u00e7\u00e3o aos estudantes Educa\u00e7\u00e3o","robots":{"index":"index","follow":"follow","max-snippet":"max-snippet:-1","max-image-preview":"max-image-preview:large","max-video-preview":"max-video-preview:-1"},"canonical":"https:\/\/algarve7.pt\/index.php\/2024\/02\/esec-da-universidade-do-algarve-renova-estudios-de-audiovisual-possibilitando-melhor-formacao-aos-estudantes\/educacao\/12\/55\/","og_locale":"pt_PT","og_type":"article","og_title":"ESEC da Universidade do Algarve renova est\u00fadios de audiovisual possibilitando melhor forma\u00e7\u00e3o aos estudantes - Algarve 7","og_description":"ESEC da Universidade do Algarve renova est\u00fadios de audiovisual possibilitando melhor forma\u00e7\u00e3o aos estudantes Educa\u00e7\u00e3o","og_url":"https:\/\/algarve7.pt\/index.php\/2024\/02\/esec-da-universidade-do-algarve-renova-estudios-de-audiovisual-possibilitando-melhor-formacao-aos-estudantes\/educacao\/12\/55\/","og_site_name":"Algarve 7","article_publisher":"https:\/\/www.facebook.com\/algarve7","article_author":"https:\/\/www.facebook.com\/algarve7","article_published_time":"2024-02-07T12:55:00+00:00","og_image":[{"width":1024,"height":676,"url":"https:\/\/algarve7.pt\/wp-content\/uploads\/2024\/02\/Captura-de-ecra-2024-02-06-as-15.41.28.png","type":"image\/png"}],"author":"Algarve 7","twitter_card":"summary_large_image","twitter_creator":"@Algarvesete","twitter_site":"@Algarvesete","twitter_misc":{"Escrito por":"Algarve 7","Tempo estimado de leitura":"2 minutos"},"schema":{"@context":"https:\/\/schema.org","@graph":[{"@type":"Article","@id":"https:\/\/algarve7.pt\/index.php\/2024\/02\/esec-da-universidade-do-algarve-renova-estudios-de-audiovisual-possibilitando-melhor-formacao-aos-estudantes\/educacao\/12\/55\/#article","isPartOf":{"@id":"https:\/\/algarve7.pt\/index.php\/2024\/02\/esec-da-universidade-do-algarve-renova-estudios-de-audiovisual-possibilitando-melhor-formacao-aos-estudantes\/educacao\/12\/55\/"},"author":{"name":"Algarve 7","@id":"https:\/\/algarve7.pt\/#\/schema\/person\/23fa70681308e7b319a3204bcea45e0c"},"headline":"ESEC da Universidade do Algarve renova est\u00fadios de audiovisual possibilitando melhor forma\u00e7\u00e3o aos estudantes","datePublished":"2024-02-07T12:55:00+00:00","mainEntityOfPage":{"@id":"https:\/\/algarve7.pt\/index.php\/2024\/02\/esec-da-universidade-do-algarve-renova-estudios-de-audiovisual-possibilitando-melhor-formacao-aos-estudantes\/educacao\/12\/55\/"},"wordCount":360,"publisher":{"@id":"https:\/\/algarve7.pt\/#organization"},"image":{"@id":"https:\/\/algarve7.pt\/index.php\/2024\/02\/esec-da-universidade-do-algarve-renova-estudios-de-audiovisual-possibilitando-melhor-formacao-aos-estudantes\/educacao\/12\/55\/#primaryimage"},"thumbnailUrl":"https:\/\/algarve7.pt\/wp-content\/uploads\/2024\/02\/Captura-de-ecra-2024-02-06-as-15.41.28.png","keywords":["Algarve","Educa\u00e7\u00e3o","UALG"],"articleSection":["Educa\u00e7\u00e3o"],"inLanguage":"pt-PT"},{"@type":"WebPage","@id":"https:\/\/algarve7.pt\/index.php\/2024\/02\/esec-da-universidade-do-algarve-renova-estudios-de-audiovisual-possibilitando-melhor-formacao-aos-estudantes\/educacao\/12\/55\/","url":"https:\/\/algarve7.pt\/index.php\/2024\/02\/esec-da-universidade-do-algarve-renova-estudios-de-audiovisual-possibilitando-melhor-formacao-aos-estudantes\/educacao\/12\/55\/","name":"ESEC da Universidade do Algarve renova est\u00fadios de audiovisual possibilitando melhor forma\u00e7\u00e3o aos estudantes - Algarve 7","isPartOf":{"@id":"https:\/\/algarve7.pt\/#website"},"primaryImageOfPage":{"@id":"https:\/\/algarve7.pt\/index.php\/2024\/02\/esec-da-universidade-do-algarve-renova-estudios-de-audiovisual-possibilitando-melhor-formacao-aos-estudantes\/educacao\/12\/55\/#primaryimage"},"image":{"@id":"https:\/\/algarve7.pt\/index.php\/2024\/02\/esec-da-universidade-do-algarve-renova-estudios-de-audiovisual-possibilitando-melhor-formacao-aos-estudantes\/educacao\/12\/55\/#primaryimage"},"thumbnailUrl":"https:\/\/algarve7.pt\/wp-content\/uploads\/2024\/02\/Captura-de-ecra-2024-02-06-as-15.41.28.png","datePublished":"2024-02-07T12:55:00+00:00","description":"ESEC da Universidade do Algarve renova est\u00fadios de audiovisual possibilitando melhor forma\u00e7\u00e3o aos estudantes Educa\u00e7\u00e3o","breadcrumb":{"@id":"https:\/\/algarve7.pt\/index.php\/2024\/02\/esec-da-universidade-do-algarve-renova-estudios-de-audiovisual-possibilitando-melhor-formacao-aos-estudantes\/educacao\/12\/55\/#breadcrumb"},"inLanguage":"pt-PT","potentialAction":[{"@type":"ReadAction","target":["https:\/\/algarve7.pt\/index.php\/2024\/02\/esec-da-universidade-do-algarve-renova-estudios-de-audiovisual-possibilitando-melhor-formacao-aos-estudantes\/educacao\/12\/55\/"]}]},{"@type":"ImageObject","inLanguage":"pt-PT","@id":"https:\/\/algarve7.pt\/index.php\/2024\/02\/esec-da-universidade-do-algarve-renova-estudios-de-audiovisual-possibilitando-melhor-formacao-aos-estudantes\/educacao\/12\/55\/#primaryimage","url":"https:\/\/algarve7.pt\/wp-content\/uploads\/2024\/02\/Captura-de-ecra-2024-02-06-as-15.41.28.png","contentUrl":"https:\/\/algarve7.pt\/wp-content\/uploads\/2024\/02\/Captura-de-ecra-2024-02-06-as-15.41.28.png","width":1024,"height":676},{"@type":"BreadcrumbList","@id":"https:\/\/algarve7.pt\/index.php\/2024\/02\/esec-da-universidade-do-algarve-renova-estudios-de-audiovisual-possibilitando-melhor-formacao-aos-estudantes\/educacao\/12\/55\/#breadcrumb","itemListElement":[{"@type":"ListItem","position":1,"name":"In\u00edcio","item":"https:\/\/algarve7.pt\/"},{"@type":"ListItem","position":2,"name":"ESEC da Universidade do Algarve renova est\u00fadios de audiovisual possibilitando melhor forma\u00e7\u00e3o aos estudantes"}]},{"@type":"WebSite","@id":"https:\/\/algarve7.pt\/#website","url":"https:\/\/algarve7.pt\/","name":"Algarve 7","description":"Informa\u00e7\u00e3o sobre o Algarve","publisher":{"@id":"https:\/\/algarve7.pt\/#organization"},"potentialAction":[{"@type":"SearchAction","target":{"@type":"EntryPoint","urlTemplate":"https:\/\/algarve7.pt\/?s={search_term_string}"},"query-input":{"@type":"PropertyValueSpecification","valueRequired":true,"valueName":"search_term_string"}}],"inLanguage":"pt-PT"},{"@type":"Organization","@id":"https:\/\/algarve7.pt\/#organization","name":"Algarve 7","url":"https:\/\/algarve7.pt\/","logo":{"@type":"ImageObject","inLanguage":"pt-PT","@id":"https:\/\/algarve7.pt\/#\/schema\/logo\/image\/","url":"https:\/\/algarve7.pt\/wp-content\/uploads\/2020\/10\/Logo-8.jpg","contentUrl":"https:\/\/algarve7.pt\/wp-content\/uploads\/2020\/10\/Logo-8.jpg","width":1680,"height":1186,"caption":"Algarve 7"},"image":{"@id":"https:\/\/algarve7.pt\/#\/schema\/logo\/image\/"},"sameAs":["https:\/\/www.facebook.com\/algarve7","https:\/\/x.com\/Algarvesete","https:\/\/www.instagram.com\/jornalalgarve7\/","https:\/\/www.linkedin.com\/company\/algarve7","https:\/\/www.pinterest.pt\/geral0939\/_created\/"]},{"@type":"Person","@id":"https:\/\/algarve7.pt\/#\/schema\/person\/23fa70681308e7b319a3204bcea45e0c","name":"Algarve 7","sameAs":["https:\/\/algarve7.pt","https:\/\/www.facebook.com\/algarve7"],"url":"https:\/\/algarve7.pt\/index.php\/author\/geralalgarve7-pt\/"}]}},"jetpack_publicize_connections":[],"jetpack_featured_media_url":"https:\/\/algarve7.pt\/wp-content\/uploads\/2024\/02\/Captura-de-ecra-2024-02-06-as-15.41.28.png","jetpack_shortlink":"https:\/\/wp.me\/pcezmW-9cl","jetpack_sharing_enabled":true,"_links":{"self":[{"href":"https:\/\/algarve7.pt\/index.php\/wp-json\/wp\/v2\/posts\/35361","targetHints":{"allow":["GET"]}}],"collection":[{"href":"https:\/\/algarve7.pt\/index.php\/wp-json\/wp\/v2\/posts"}],"about":[{"href":"https:\/\/algarve7.pt\/index.php\/wp-json\/wp\/v2\/types\/post"}],"author":[{"embeddable":true,"href":"https:\/\/algarve7.pt\/index.php\/wp-json\/wp\/v2\/users\/1"}],"replies":[{"embeddable":true,"href":"https:\/\/algarve7.pt\/index.php\/wp-json\/wp\/v2\/comments?post=35361"}],"version-history":[{"count":0,"href":"https:\/\/algarve7.pt\/index.php\/wp-json\/wp\/v2\/posts\/35361\/revisions"}],"wp:featuredmedia":[{"embeddable":true,"href":"https:\/\/algarve7.pt\/index.php\/wp-json\/wp\/v2\/media\/35362"}],"wp:attachment":[{"href":"https:\/\/algarve7.pt\/index.php\/wp-json\/wp\/v2\/media?parent=35361"}],"wp:term":[{"taxonomy":"category","embeddable":true,"href":"https:\/\/algarve7.pt\/index.php\/wp-json\/wp\/v2\/categories?post=35361"},{"taxonomy":"post_tag","embeddable":true,"href":"https:\/\/algarve7.pt\/index.php\/wp-json\/wp\/v2\/tags?post=35361"}],"curies":[{"name":"wp","href":"https:\/\/api.w.org\/{rel}","templated":true}]}}